{"id":3297,"date":"2025-10-21T18:30:09","date_gmt":"2025-10-21T16:30:09","guid":{"rendered":"https:\/\/www.cercledecultura.org\/?p=3297"},"modified":"2025-11-27T16:27:44","modified_gmt":"2025-11-27T14:27:44","slug":"3297","status":"publish","type":"post","link":"https:\/\/www.cercledecultura.org\/es\/3297\/","title":{"rendered":"La Cultura vista desde la Econom\u00eda, y la Econom\u00eda vista desde la Cultura"},"content":{"rendered":"<p>El <strong>jueves 20 de noviembre a las 19:30<\/strong>, tuvo lugar la conversaci\u00f3n con la <strong>consellera de Economia i Finances, H. Sra. Al\u00edcia Romero Llano <\/strong>y la <strong>consellera de Cultura, H. Sra. S\u00f2nia Hern\u00e1ndez Almod\u00f3var.<\/strong><\/p>\n<p>En este di\u00e1logo con la consellera de Cultura y la consellera de Economia i Finances, conducido por Guillem L\u00f3pez Casasnovas, Catedr\u00e0tic Em\u00e8rit d\u2019Economia de la UPF, y por Jordi Pardo, gestor cultural y presidente del Cercle de Cultura, se compartieron visiones sobre el potencial de la cultura por el desarrollo econ\u00f3mico, y sobre el papel de la econom\u00eda en el fortalecimiento del sistema cultural como un \u00e1mbito fundamental para la calidad de vida, la cohesi\u00f3n social y el desarrollo econ\u00f3mico sostenible.<\/p>\n<p>Catalu\u00f1a tiene un enorme potencial en el \u00e1mbito de la cultura que ha jugado un papel clave en el posicionamiento de la actividad econ\u00f3mica del pa\u00eds, especialmente en la captaci\u00f3n de talento, inversiones y actividades econ\u00f3micas relacionadas con la innovaci\u00f3n, el turismo y el \u00e1mbito de la econom\u00eda creativa. Pero se a\u00f1ade tambi\u00e9n el enorme potencial de la cultura como factor clave para el impulso de la calidad de vida y la cohesi\u00f3n social, y la competitividad.<\/p>\n<p>El proceso de mejora del presupuesto de cultura, despu\u00e9s de muchos a\u00f1os de constricci\u00f3n comparativa, ha permitido encarar con mayor optimismo los retos de estos tiempos de grandes cambios, contando con la cultura como un elemento clave.<\/p>\n<p>Desde una perspectiva proactiva, y poniendo el \u00e9nfasis en las grandes oportunidades y potenciales de una buena relaci\u00f3n entre el \u00e1mbito de la cultura y la econom\u00eda, este acto tiene como objetivo establecer un di\u00e1logo enriquecedor sobre dos miradas estrat\u00e9gicas: la econom\u00eda vista desde la cultura, y la cultura vista desde la econom\u00eda.<\/p>\n<p>Despu\u00e9s del coloquio, el acto continu\u00f3 con una conversaci\u00f3n informal tomando una copa de cava.<\/p>\n<p>El encuentro organizado por el Cercle de Cultura, dirigido a todo el ecosistema cultural, ocurri\u00f3 el <strong>jueves 20 de noviembre a las 19:30 en el auditorio del Cercle d&#8217;Econom\u00eda (Proven\u00e7a, 298)<\/strong>.\u00a0\u00a0Pod\u00e9is recuperar el v\u00eddeo completo de la sesi\u00f3n a trav\u00e9s del <a href=\"https:\/\/youtu.be\/poqSmVblnlI\">siguiente enlace<\/a>.<\/p>\n","protected":false},"excerpt":{"rendered":"<p>El jueves 20 de noviembre a las 19:30, tuvo lugar la conversaci\u00f3n con la consellera de Economia i Finances, H. Sra. Al\u00edcia Romero Llano y la consellera de Cultura, H. Sra. S\u00f2nia Hern\u00e1ndez Almod\u00f3var. En este di\u00e1logo con la consellera de Cultura y la consellera de Economia i Finances, conducido por Guillem L\u00f3pez Casasnovas, Catedr\u00e0tic [&hellip;]<\/p>\n","protected":false},"author":2,"featured_media":3295,"comment_status":"closed","ping_status":"closed","sticky":false,"template":"","format":"standard","meta":{"footnotes":""},"categories":[538,542],"tags":[],"class_list":["post-3297","post","type-post","status-publish","format-standard","has-post-thumbnail","hentry","category-actividades","category-noticias"],"yoast_head":"<!-- This site is optimized with the Yoast SEO plugin v27.4 - https:\/\/yoast.com\/product\/yoast-seo-wordpress\/ -->\n<title>La Cultura vista desde la Econom\u00eda, y la Econom\u00eda vista desde la Cultura - Cercle de Cultura<\/title>\n<meta name=\"robots\" content=\"index, follow, max-snippet:-1, max-image-preview:large, max-video-preview:-1\" \/>\n<link rel=\"canonical\" href=\"https:\/\/www.cercledecultura.org\/es\/3297\/\" \/>\n<meta property=\"og:locale\" content=\"es_ES\" \/>\n<meta property=\"og:type\" content=\"article\" \/>\n<meta property=\"og:title\" content=\"La Cultura vista desde la Econom\u00eda, y la Econom\u00eda vista desde la Cultura - Cercle de Cultura\" \/>\n<meta property=\"og:description\" content=\"El jueves 20 de noviembre a las 19:30, tuvo lugar la conversaci\u00f3n con la consellera de Economia i Finances, H. Sra. Al\u00edcia Romero Llano y la consellera de Cultura, H. Sra. S\u00f2nia Hern\u00e1ndez Almod\u00f3var. En este di\u00e1logo con la consellera de Cultura y la consellera de Economia i Finances, conducido por Guillem L\u00f3pez Casasnovas, Catedr\u00e0tic [&hellip;]\" \/>\n<meta property=\"og:url\" content=\"https:\/\/www.cercledecultura.org\/es\/3297\/\" \/>\n<meta property=\"og:site_name\" content=\"Cercle de Cultura\" \/>\n<meta property=\"article:published_time\" content=\"2025-10-21T16:30:09+00:00\" \/>\n<meta property=\"article:modified_time\" content=\"2025-11-27T14:27:44+00:00\" \/>\n<meta property=\"og:image\" content=\"https:\/\/www.cercledecultura.org\/wp-content\/uploads\/2025\/10\/Collage-xarxes-acte-20-novembre-CC-v2-2.jpg\" \/>\n\t<meta property=\"og:image:width\" content=\"1600\" \/>\n\t<meta property=\"og:image:height\" content=\"900\" \/>\n\t<meta property=\"og:image:type\" content=\"image\/jpeg\" \/>\n<meta name=\"author\" content=\"Comunicaci\u00f3 Cercle de Cultura\" \/>\n<meta name=\"twitter:card\" content=\"summary_large_image\" \/>\n<meta name=\"twitter:label1\" content=\"Escrito por\" \/>\n\t<meta name=\"twitter:data1\" content=\"Comunicaci\u00f3 Cercle de Cultura\" \/>\n\t<meta name=\"twitter:label2\" content=\"Tiempo de lectura\" \/>\n\t<meta name=\"twitter:data2\" content=\"3 minutos\" \/>\n<script type=\"application\/ld+json\" class=\"yoast-schema-graph\">{\"@context\":\"https:\\\/\\\/schema.org\",\"@graph\":[{\"@type\":\"Article\",\"@id\":\"https:\\\/\\\/www.cercledecultura.org\\\/es\\\/3297\\\/#article\",\"isPartOf\":{\"@id\":\"https:\\\/\\\/www.cercledecultura.org\\\/es\\\/3297\\\/\"},\"author\":{\"name\":\"Comunicaci\u00f3 Cercle de Cultura\",\"@id\":\"https:\\\/\\\/www.cercledecultura.org\\\/es\\\/#\\\/schema\\\/person\\\/931e40c1179ecf352012690d06c032f4\"},\"headline\":\"La Cultura vista desde la Econom\u00eda, y la Econom\u00eda vista desde la Cultura\",\"datePublished\":\"2025-10-21T16:30:09+00:00\",\"dateModified\":\"2025-11-27T14:27:44+00:00\",\"mainEntityOfPage\":{\"@id\":\"https:\\\/\\\/www.cercledecultura.org\\\/es\\\/3297\\\/\"},\"wordCount\":393,\"publisher\":{\"@id\":\"https:\\\/\\\/www.cercledecultura.org\\\/es\\\/#organization\"},\"image\":{\"@id\":\"https:\\\/\\\/www.cercledecultura.org\\\/es\\\/3297\\\/#primaryimage\"},\"thumbnailUrl\":\"https:\\\/\\\/www.cercledecultura.org\\\/wp-content\\\/uploads\\\/2025\\\/10\\\/Collage-xarxes-acte-20-novembre-CC-v2-2.jpg\",\"articleSection\":[\"Actividades\",\"Noticias\"],\"inLanguage\":\"es\"},{\"@type\":\"WebPage\",\"@id\":\"https:\\\/\\\/www.cercledecultura.org\\\/es\\\/3297\\\/\",\"url\":\"https:\\\/\\\/www.cercledecultura.org\\\/es\\\/3297\\\/\",\"name\":\"La Cultura vista desde la Econom\u00eda, y la Econom\u00eda vista desde la Cultura - Cercle de Cultura\",\"isPartOf\":{\"@id\":\"https:\\\/\\\/www.cercledecultura.org\\\/es\\\/#website\"},\"primaryImageOfPage\":{\"@id\":\"https:\\\/\\\/www.cercledecultura.org\\\/es\\\/3297\\\/#primaryimage\"},\"image\":{\"@id\":\"https:\\\/\\\/www.cercledecultura.org\\\/es\\\/3297\\\/#primaryimage\"},\"thumbnailUrl\":\"https:\\\/\\\/www.cercledecultura.org\\\/wp-content\\\/uploads\\\/2025\\\/10\\\/Collage-xarxes-acte-20-novembre-CC-v2-2.jpg\",\"datePublished\":\"2025-10-21T16:30:09+00:00\",\"dateModified\":\"2025-11-27T14:27:44+00:00\",\"breadcrumb\":{\"@id\":\"https:\\\/\\\/www.cercledecultura.org\\\/es\\\/3297\\\/#breadcrumb\"},\"inLanguage\":\"es\",\"potentialAction\":[{\"@type\":\"ReadAction\",\"target\":[\"https:\\\/\\\/www.cercledecultura.org\\\/es\\\/3297\\\/\"]}]},{\"@type\":\"ImageObject\",\"inLanguage\":\"es\",\"@id\":\"https:\\\/\\\/www.cercledecultura.org\\\/es\\\/3297\\\/#primaryimage\",\"url\":\"https:\\\/\\\/www.cercledecultura.org\\\/wp-content\\\/uploads\\\/2025\\\/10\\\/Collage-xarxes-acte-20-novembre-CC-v2-2.jpg\",\"contentUrl\":\"https:\\\/\\\/www.cercledecultura.org\\\/wp-content\\\/uploads\\\/2025\\\/10\\\/Collage-xarxes-acte-20-novembre-CC-v2-2.jpg\",\"width\":1600,\"height\":900},{\"@type\":\"BreadcrumbList\",\"@id\":\"https:\\\/\\\/www.cercledecultura.org\\\/es\\\/3297\\\/#breadcrumb\",\"itemListElement\":[{\"@type\":\"ListItem\",\"position\":1,\"name\":\"Portada\",\"item\":\"https:\\\/\\\/www.cercledecultura.org\\\/es\\\/\"},{\"@type\":\"ListItem\",\"position\":2,\"name\":\"La Cultura vista desde la Econom\u00eda, y la Econom\u00eda vista desde la Cultura\"}]},{\"@type\":\"WebSite\",\"@id\":\"https:\\\/\\\/www.cercledecultura.org\\\/es\\\/#website\",\"url\":\"https:\\\/\\\/www.cercledecultura.org\\\/es\\\/\",\"name\":\"Cercle de Cultura\",\"description\":\"Entitat de car\u00e0cter privat i associatiu, independent, amb voluntat de participar en la vida p\u00fablica des de la pluralitat ideol\u00f2gica dels seus membres fundadors i futurs associats\",\"publisher\":{\"@id\":\"https:\\\/\\\/www.cercledecultura.org\\\/es\\\/#organization\"},\"potentialAction\":[{\"@type\":\"SearchAction\",\"target\":{\"@type\":\"EntryPoint\",\"urlTemplate\":\"https:\\\/\\\/www.cercledecultura.org\\\/es\\\/?s={search_term_string}\"},\"query-input\":{\"@type\":\"PropertyValueSpecification\",\"valueRequired\":true,\"valueName\":\"search_term_string\"}}],\"inLanguage\":\"es\"},{\"@type\":\"Organization\",\"@id\":\"https:\\\/\\\/www.cercledecultura.org\\\/es\\\/#organization\",\"name\":\"Cercle de Cultura\",\"url\":\"https:\\\/\\\/www.cercledecultura.org\\\/es\\\/\",\"logo\":{\"@type\":\"ImageObject\",\"inLanguage\":\"es\",\"@id\":\"https:\\\/\\\/www.cercledecultura.org\\\/es\\\/#\\\/schema\\\/logo\\\/image\\\/\",\"url\":\"https:\\\/\\\/www.cercledecultura.org\\\/wp-content\\\/uploads\\\/2020\\\/01\\\/logo-cercle-de-cultura.png\",\"contentUrl\":\"https:\\\/\\\/www.cercledecultura.org\\\/wp-content\\\/uploads\\\/2020\\\/01\\\/logo-cercle-de-cultura.png\",\"width\":350,\"height\":195,\"caption\":\"Cercle de Cultura\"},\"image\":{\"@id\":\"https:\\\/\\\/www.cercledecultura.org\\\/es\\\/#\\\/schema\\\/logo\\\/image\\\/\"}},{\"@type\":\"Person\",\"@id\":\"https:\\\/\\\/www.cercledecultura.org\\\/es\\\/#\\\/schema\\\/person\\\/931e40c1179ecf352012690d06c032f4\",\"name\":\"Comunicaci\u00f3 Cercle de Cultura\",\"image\":{\"@type\":\"ImageObject\",\"inLanguage\":\"es\",\"@id\":\"https:\\\/\\\/secure.gravatar.com\\\/avatar\\\/46c76410f5e9186d043ead05387a12bf4af192b9a85fac81aaa84c02b822a715?s=96&d=mm&r=g\",\"url\":\"https:\\\/\\\/secure.gravatar.com\\\/avatar\\\/46c76410f5e9186d043ead05387a12bf4af192b9a85fac81aaa84c02b822a715?s=96&d=mm&r=g\",\"contentUrl\":\"https:\\\/\\\/secure.gravatar.com\\\/avatar\\\/46c76410f5e9186d043ead05387a12bf4af192b9a85fac81aaa84c02b822a715?s=96&d=mm&r=g\",\"caption\":\"Comunicaci\u00f3 Cercle de Cultura\"},\"sameAs\":[\"https:\\\/\\\/www.cercledecultura.org\"],\"url\":\"https:\\\/\\\/www.cercledecultura.org\\\/es\\\/author\\\/secretaria\\\/\"}]}<\/script>\n<!-- \/ Yoast SEO plugin. -->","yoast_head_json":{"title":"La Cultura vista desde la Econom\u00eda, y la Econom\u00eda vista desde la Cultura - Cercle de Cultura","robots":{"index":"index","follow":"follow","max-snippet":"max-snippet:-1","max-image-preview":"max-image-preview:large","max-video-preview":"max-video-preview:-1"},"canonical":"https:\/\/www.cercledecultura.org\/es\/3297\/","og_locale":"es_ES","og_type":"article","og_title":"La Cultura vista desde la Econom\u00eda, y la Econom\u00eda vista desde la Cultura - Cercle de Cultura","og_description":"El jueves 20 de noviembre a las 19:30, tuvo lugar la conversaci\u00f3n con la consellera de Economia i Finances, H. Sra. Al\u00edcia Romero Llano y la consellera de Cultura, H. Sra. S\u00f2nia Hern\u00e1ndez Almod\u00f3var. En este di\u00e1logo con la consellera de Cultura y la consellera de Economia i Finances, conducido por Guillem L\u00f3pez Casasnovas, Catedr\u00e0tic [&hellip;]","og_url":"https:\/\/www.cercledecultura.org\/es\/3297\/","og_site_name":"Cercle de Cultura","article_published_time":"2025-10-21T16:30:09+00:00","article_modified_time":"2025-11-27T14:27:44+00:00","og_image":[{"width":1600,"height":900,"url":"https:\/\/www.cercledecultura.org\/wp-content\/uploads\/2025\/10\/Collage-xarxes-acte-20-novembre-CC-v2-2.jpg","type":"image\/jpeg"}],"author":"Comunicaci\u00f3 Cercle de Cultura","twitter_card":"summary_large_image","twitter_misc":{"Escrito por":"Comunicaci\u00f3 Cercle de Cultura","Tiempo de lectura":"3 minutos"},"schema":{"@context":"https:\/\/schema.org","@graph":[{"@type":"Article","@id":"https:\/\/www.cercledecultura.org\/es\/3297\/#article","isPartOf":{"@id":"https:\/\/www.cercledecultura.org\/es\/3297\/"},"author":{"name":"Comunicaci\u00f3 Cercle de Cultura","@id":"https:\/\/www.cercledecultura.org\/es\/#\/schema\/person\/931e40c1179ecf352012690d06c032f4"},"headline":"La Cultura vista desde la Econom\u00eda, y la Econom\u00eda vista desde la Cultura","datePublished":"2025-10-21T16:30:09+00:00","dateModified":"2025-11-27T14:27:44+00:00","mainEntityOfPage":{"@id":"https:\/\/www.cercledecultura.org\/es\/3297\/"},"wordCount":393,"publisher":{"@id":"https:\/\/www.cercledecultura.org\/es\/#organization"},"image":{"@id":"https:\/\/www.cercledecultura.org\/es\/3297\/#primaryimage"},"thumbnailUrl":"https:\/\/www.cercledecultura.org\/wp-content\/uploads\/2025\/10\/Collage-xarxes-acte-20-novembre-CC-v2-2.jpg","articleSection":["Actividades","Noticias"],"inLanguage":"es"},{"@type":"WebPage","@id":"https:\/\/www.cercledecultura.org\/es\/3297\/","url":"https:\/\/www.cercledecultura.org\/es\/3297\/","name":"La Cultura vista desde la Econom\u00eda, y la Econom\u00eda vista desde la Cultura - Cercle de Cultura","isPartOf":{"@id":"https:\/\/www.cercledecultura.org\/es\/#website"},"primaryImageOfPage":{"@id":"https:\/\/www.cercledecultura.org\/es\/3297\/#primaryimage"},"image":{"@id":"https:\/\/www.cercledecultura.org\/es\/3297\/#primaryimage"},"thumbnailUrl":"https:\/\/www.cercledecultura.org\/wp-content\/uploads\/2025\/10\/Collage-xarxes-acte-20-novembre-CC-v2-2.jpg","datePublished":"2025-10-21T16:30:09+00:00","dateModified":"2025-11-27T14:27:44+00:00","breadcrumb":{"@id":"https:\/\/www.cercledecultura.org\/es\/3297\/#breadcrumb"},"inLanguage":"es","potentialAction":[{"@type":"ReadAction","target":["https:\/\/www.cercledecultura.org\/es\/3297\/"]}]},{"@type":"ImageObject","inLanguage":"es","@id":"https:\/\/www.cercledecultura.org\/es\/3297\/#primaryimage","url":"https:\/\/www.cercledecultura.org\/wp-content\/uploads\/2025\/10\/Collage-xarxes-acte-20-novembre-CC-v2-2.jpg","contentUrl":"https:\/\/www.cercledecultura.org\/wp-content\/uploads\/2025\/10\/Collage-xarxes-acte-20-novembre-CC-v2-2.jpg","width":1600,"height":900},{"@type":"BreadcrumbList","@id":"https:\/\/www.cercledecultura.org\/es\/3297\/#breadcrumb","itemListElement":[{"@type":"ListItem","position":1,"name":"Portada","item":"https:\/\/www.cercledecultura.org\/es\/"},{"@type":"ListItem","position":2,"name":"La Cultura vista desde la Econom\u00eda, y la Econom\u00eda vista desde la Cultura"}]},{"@type":"WebSite","@id":"https:\/\/www.cercledecultura.org\/es\/#website","url":"https:\/\/www.cercledecultura.org\/es\/","name":"Cercle de Cultura","description":"Entitat de car\u00e0cter privat i associatiu, independent, amb voluntat de participar en la vida p\u00fablica des de la pluralitat ideol\u00f2gica dels seus membres fundadors i futurs associats","publisher":{"@id":"https:\/\/www.cercledecultura.org\/es\/#organization"},"potentialAction":[{"@type":"SearchAction","target":{"@type":"EntryPoint","urlTemplate":"https:\/\/www.cercledecultura.org\/es\/?s={search_term_string}"},"query-input":{"@type":"PropertyValueSpecification","valueRequired":true,"valueName":"search_term_string"}}],"inLanguage":"es"},{"@type":"Organization","@id":"https:\/\/www.cercledecultura.org\/es\/#organization","name":"Cercle de Cultura","url":"https:\/\/www.cercledecultura.org\/es\/","logo":{"@type":"ImageObject","inLanguage":"es","@id":"https:\/\/www.cercledecultura.org\/es\/#\/schema\/logo\/image\/","url":"https:\/\/www.cercledecultura.org\/wp-content\/uploads\/2020\/01\/logo-cercle-de-cultura.png","contentUrl":"https:\/\/www.cercledecultura.org\/wp-content\/uploads\/2020\/01\/logo-cercle-de-cultura.png","width":350,"height":195,"caption":"Cercle de Cultura"},"image":{"@id":"https:\/\/www.cercledecultura.org\/es\/#\/schema\/logo\/image\/"}},{"@type":"Person","@id":"https:\/\/www.cercledecultura.org\/es\/#\/schema\/person\/931e40c1179ecf352012690d06c032f4","name":"Comunicaci\u00f3 Cercle de Cultura","image":{"@type":"ImageObject","inLanguage":"es","@id":"https:\/\/secure.gravatar.com\/avatar\/46c76410f5e9186d043ead05387a12bf4af192b9a85fac81aaa84c02b822a715?s=96&d=mm&r=g","url":"https:\/\/secure.gravatar.com\/avatar\/46c76410f5e9186d043ead05387a12bf4af192b9a85fac81aaa84c02b822a715?s=96&d=mm&r=g","contentUrl":"https:\/\/secure.gravatar.com\/avatar\/46c76410f5e9186d043ead05387a12bf4af192b9a85fac81aaa84c02b822a715?s=96&d=mm&r=g","caption":"Comunicaci\u00f3 Cercle de Cultura"},"sameAs":["https:\/\/www.cercledecultura.org"],"url":"https:\/\/www.cercledecultura.org\/es\/author\/secretaria\/"}]}},"_links":{"self":[{"href":"https:\/\/www.cercledecultura.org\/es\/wp-json\/wp\/v2\/posts\/3297","targetHints":{"allow":["GET"]}}],"collection":[{"href":"https:\/\/www.cercledecultura.org\/es\/wp-json\/wp\/v2\/posts"}],"about":[{"href":"https:\/\/www.cercledecultura.org\/es\/wp-json\/wp\/v2\/types\/post"}],"author":[{"embeddable":true,"href":"https:\/\/www.cercledecultura.org\/es\/wp-json\/wp\/v2\/users\/2"}],"replies":[{"embeddable":true,"href":"https:\/\/www.cercledecultura.org\/es\/wp-json\/wp\/v2\/comments?post=3297"}],"version-history":[{"count":5,"href":"https:\/\/www.cercledecultura.org\/es\/wp-json\/wp\/v2\/posts\/3297\/revisions"}],"predecessor-version":[{"id":3311,"href":"https:\/\/www.cercledecultura.org\/es\/wp-json\/wp\/v2\/posts\/3297\/revisions\/3311"}],"wp:featuredmedia":[{"embeddable":true,"href":"https:\/\/www.cercledecultura.org\/es\/wp-json\/wp\/v2\/media\/3295"}],"wp:attachment":[{"href":"https:\/\/www.cercledecultura.org\/es\/wp-json\/wp\/v2\/media?parent=3297"}],"wp:term":[{"taxonomy":"category","embeddable":true,"href":"https:\/\/www.cercledecultura.org\/es\/wp-json\/wp\/v2\/categories?post=3297"},{"taxonomy":"post_tag","embeddable":true,"href":"https:\/\/www.cercledecultura.org\/es\/wp-json\/wp\/v2\/tags?post=3297"}],"curies":[{"name":"wp","href":"https:\/\/api.w.org\/{rel}","templated":true}]}}