{"id":3165,"date":"2025-03-06T14:21:54","date_gmt":"2025-03-06T12:21:54","guid":{"rendered":"https:\/\/www.cercledecultura.org\/?p=3165"},"modified":"2025-03-27T12:26:20","modified_gmt":"2025-03-27T10:26:20","slug":"estatuto-del-artista-mejoras-conseguidas-y-deficiencias-por-resolver","status":"publish","type":"post","link":"https:\/\/www.cercledecultura.org\/es\/estatuto-del-artista-mejoras-conseguidas-y-deficiencias-por-resolver\/","title":{"rendered":"Estatuto del Artista: mejoras conseguidas y deficiencias por resolver"},"content":{"rendered":"<p>El mi\u00e9rcoles 26 de marzo, desde el Cercle de Cultura os invitamos a la sesi\u00f3n informativa <em><strong>\u201cEstatuto del Artista: mejoras conseguidas y deficiencias por resolver\u201d<\/strong><\/em>. La sesi\u00f3n pretende, de manera \u00e1gil a trav\u00e9s de dos abogados especialistas en el sector de la cultura, radiografiar las mejoras conseguidas a ra\u00edz del Estatuto del Artista, teniendo en cuenta la situaci\u00f3n de la cual se part\u00eda, tambi\u00e9n mostrar las deficiencias que todav\u00eda no est\u00e1n resueltas teniendo en cuenta todos los sectores art\u00edsticos y culturales existentes y, finalmente, sugerir posibles propuestas que podr\u00edan plantearse y que las entidades del sector podr\u00edan incorporar, si procede, en sus propuestas de mejora.<\/p>\n<p>&nbsp;<\/p>\n<p>A diferencia otras posibles sesiones entorno esta tem\u00e1tica, a trav\u00e9s de la experiencia y conocimiento de Antoni Dur\u00e1n-Sindreu y de Cristina Calvet, expertos jur\u00eddicos que conviven diariamente con los agentes de este sector, se hablar\u00e1 desde el conocimiento legal, pero con vocabulario informal de la realidad, presente y futuro de este sector.<\/p>\n<p>&nbsp;<\/p>\n<p><strong>Antonio Dur\u00e1n-Sindreu Buxad\u00e9<\/strong> es socio director del despacho de abogados Dur\u00e1n-Sindreu. Su \u00e1rea principal de pr\u00e1ctica es la fiscalidad, materia en la cual asesora. Participa activamente en la sociedad civil con art\u00edculos en prensa, publicaci\u00f3n de libros y una significativa presencia en varias asociaciones de car\u00e1cter t\u00e9cnico. Como docente es profesor de la Universidad Pompeu Fabra. Hay que destacar su vinculaci\u00f3n, entre otros, con el sector de la Cultura por la defensa de las equipaciones culturales, a los cuales hacienda reclamaba el IVA por unas ayudas que hasta el momento, este impuesto, no era de aplicaci\u00f3n; tambi\u00e9n por su participaci\u00f3n y asistencia a las reuniones convocadas por el Cuenca en 2014 ante la necesidad de detectar la situaci\u00f3n de los creadores y artistas a nivel fiscal; reuniones donde tambi\u00e9n particip\u00f3 y coincidi\u00f3 con la abogada Cristina Calvet.<\/p>\n<p>&nbsp;<\/p>\n<p><strong>Cristina Calvet G\u00f3mez<\/strong> dispone de un perfil como abogada genuino; puesto que durando aproximadamente veinte a\u00f1os ha estado al frente de las asesor\u00edas jur\u00eddicas de sindicatos art\u00edsticos de Catalu\u00f1a y, por lo tanto, conoce perfectamente y ha participado y participa en tablas de debate de sector en defensa de los derechos laborales y de propiedad intelectual de los artistas; a la vez tambi\u00e9n se erige en defensa de los autores y creadores desde la vertiente contractual y de cesi\u00f3n de derechos de la propiedad intelectual, as\u00ed como trabaja por las productoras (teatrales y del audiovisual) a quien facilita soluciones ante la problem\u00e1tica con la cual tienen que lidiar con terceros. Es considerada como una abogada comprometida con el sector de la Cultura. Tambi\u00e9n es profesora asociada en la Universidad de Derecho de Barcelona, ESADE, la UIC y la Universidad Abad Oliva, UAO, adem\u00e1s de impartir formaci\u00f3n para asociaciones culturales y del \u00e1mbito de la producci\u00f3n y de la gesti\u00f3n cultural.<\/p>\n<p>&nbsp;<\/p>\n<p>El acto tendr\u00e1 lugar el <strong>mi\u00e9rcoles 26 de marzo a las 18:00 h en el auditorio del C\u00edrculo de Econom\u00eda (Calle de Proven\u00e7a, 298)<\/strong>. Acto abierto a socios del Cercle de Cultura y a artistas y profesionales del ecosistema cultural.<\/p>\n<p>&nbsp;<\/p>\n<p>Pod\u00e9is recuperar el v\u00eddeo entero de la sesi\u00f3n a trav\u00e9s del siguiente <a href=\"https:\/\/www.youtube.com\/watch?v=icwWK7gnkys\">enlace<\/a>.<\/p>\n","protected":false},"excerpt":{"rendered":"<p>El mi\u00e9rcoles 26 de marzo, desde el Cercle de Cultura os invitamos a la sesi\u00f3n informativa \u201cEstatuto del Artista: mejoras conseguidas y deficiencias por resolver\u201d. La sesi\u00f3n pretende, de manera \u00e1gil a trav\u00e9s de dos abogados especialistas en el sector de la cultura, radiografiar las mejoras conseguidas a ra\u00edz del Estatuto del Artista, teniendo en [&hellip;]<\/p>\n","protected":false},"author":2,"featured_media":3163,"comment_status":"closed","ping_status":"closed","sticky":false,"template":"","format":"standard","meta":{"footnotes":""},"categories":[538,542],"tags":[],"class_list":["post-3165","post","type-post","status-publish","format-standard","has-post-thumbnail","hentry","category-actividades","category-noticias"],"yoast_head":"<!-- This site is optimized with the Yoast SEO plugin v27.5 - https:\/\/yoast.com\/product\/yoast-seo-wordpress\/ -->\n<title>Estatuto del Artista: mejoras conseguidas y deficiencias por resolver - Cercle de Cultura<\/title>\n<meta name=\"robots\" content=\"index, follow, max-snippet:-1, max-image-preview:large, max-video-preview:-1\" \/>\n<link rel=\"canonical\" href=\"https:\/\/www.cercledecultura.org\/es\/estatuto-del-artista-mejoras-conseguidas-y-deficiencias-por-resolver\/\" \/>\n<meta property=\"og:locale\" content=\"es_ES\" \/>\n<meta property=\"og:type\" content=\"article\" \/>\n<meta property=\"og:title\" content=\"Estatuto del Artista: mejoras conseguidas y deficiencias por resolver - Cercle de Cultura\" \/>\n<meta property=\"og:description\" content=\"El mi\u00e9rcoles 26 de marzo, desde el Cercle de Cultura os invitamos a la sesi\u00f3n informativa \u201cEstatuto del Artista: mejoras conseguidas y deficiencias por resolver\u201d. La sesi\u00f3n pretende, de manera \u00e1gil a trav\u00e9s de dos abogados especialistas en el sector de la cultura, radiografiar las mejoras conseguidas a ra\u00edz del Estatuto del Artista, teniendo en [&hellip;]\" \/>\n<meta property=\"og:url\" content=\"https:\/\/www.cercledecultura.org\/es\/estatuto-del-artista-mejoras-conseguidas-y-deficiencias-por-resolver\/\" \/>\n<meta property=\"og:site_name\" content=\"Cercle de Cultura\" \/>\n<meta property=\"article:published_time\" content=\"2025-03-06T12:21:54+00:00\" \/>\n<meta property=\"article:modified_time\" content=\"2025-03-27T10:26:20+00:00\" \/>\n<meta property=\"og:image\" content=\"https:\/\/www.cercledecultura.org\/wp-content\/uploads\/2025\/03\/Estatut-de-lArtista-1.jpg\" \/>\n\t<meta property=\"og:image:width\" content=\"1748\" \/>\n\t<meta property=\"og:image:height\" content=\"1240\" \/>\n\t<meta property=\"og:image:type\" content=\"image\/jpeg\" \/>\n<meta name=\"author\" content=\"Comunicaci\u00f3 Cercle de Cultura\" \/>\n<meta name=\"twitter:card\" content=\"summary_large_image\" \/>\n<meta name=\"twitter:label1\" content=\"Escrito por\" \/>\n\t<meta name=\"twitter:data1\" content=\"Comunicaci\u00f3 Cercle de Cultura\" \/>\n\t<meta name=\"twitter:label2\" content=\"Tiempo de lectura\" \/>\n\t<meta name=\"twitter:data2\" content=\"3 minutos\" \/>\n<script type=\"application\/ld+json\" class=\"yoast-schema-graph\">{\"@context\":\"https:\\\/\\\/schema.org\",\"@graph\":[{\"@type\":\"Article\",\"@id\":\"https:\\\/\\\/www.cercledecultura.org\\\/es\\\/estatuto-del-artista-mejoras-conseguidas-y-deficiencias-por-resolver\\\/#article\",\"isPartOf\":{\"@id\":\"https:\\\/\\\/www.cercledecultura.org\\\/es\\\/estatuto-del-artista-mejoras-conseguidas-y-deficiencias-por-resolver\\\/\"},\"author\":{\"name\":\"Comunicaci\u00f3 Cercle de Cultura\",\"@id\":\"https:\\\/\\\/www.cercledecultura.org\\\/es\\\/#\\\/schema\\\/person\\\/931e40c1179ecf352012690d06c032f4\"},\"headline\":\"Estatuto del Artista: mejoras conseguidas y deficiencias por resolver\",\"datePublished\":\"2025-03-06T12:21:54+00:00\",\"dateModified\":\"2025-03-27T10:26:20+00:00\",\"mainEntityOfPage\":{\"@id\":\"https:\\\/\\\/www.cercledecultura.org\\\/es\\\/estatuto-del-artista-mejoras-conseguidas-y-deficiencias-por-resolver\\\/\"},\"wordCount\":568,\"publisher\":{\"@id\":\"https:\\\/\\\/www.cercledecultura.org\\\/es\\\/#organization\"},\"image\":{\"@id\":\"https:\\\/\\\/www.cercledecultura.org\\\/es\\\/estatuto-del-artista-mejoras-conseguidas-y-deficiencias-por-resolver\\\/#primaryimage\"},\"thumbnailUrl\":\"https:\\\/\\\/www.cercledecultura.org\\\/wp-content\\\/uploads\\\/2025\\\/03\\\/Estatut-de-lArtista-1.jpg\",\"articleSection\":[\"Actividades\",\"Noticias\"],\"inLanguage\":\"es\"},{\"@type\":\"WebPage\",\"@id\":\"https:\\\/\\\/www.cercledecultura.org\\\/es\\\/estatuto-del-artista-mejoras-conseguidas-y-deficiencias-por-resolver\\\/\",\"url\":\"https:\\\/\\\/www.cercledecultura.org\\\/es\\\/estatuto-del-artista-mejoras-conseguidas-y-deficiencias-por-resolver\\\/\",\"name\":\"Estatuto del Artista: mejoras conseguidas y deficiencias por resolver - Cercle de Cultura\",\"isPartOf\":{\"@id\":\"https:\\\/\\\/www.cercledecultura.org\\\/es\\\/#website\"},\"primaryImageOfPage\":{\"@id\":\"https:\\\/\\\/www.cercledecultura.org\\\/es\\\/estatuto-del-artista-mejoras-conseguidas-y-deficiencias-por-resolver\\\/#primaryimage\"},\"image\":{\"@id\":\"https:\\\/\\\/www.cercledecultura.org\\\/es\\\/estatuto-del-artista-mejoras-conseguidas-y-deficiencias-por-resolver\\\/#primaryimage\"},\"thumbnailUrl\":\"https:\\\/\\\/www.cercledecultura.org\\\/wp-content\\\/uploads\\\/2025\\\/03\\\/Estatut-de-lArtista-1.jpg\",\"datePublished\":\"2025-03-06T12:21:54+00:00\",\"dateModified\":\"2025-03-27T10:26:20+00:00\",\"breadcrumb\":{\"@id\":\"https:\\\/\\\/www.cercledecultura.org\\\/es\\\/estatuto-del-artista-mejoras-conseguidas-y-deficiencias-por-resolver\\\/#breadcrumb\"},\"inLanguage\":\"es\",\"potentialAction\":[{\"@type\":\"ReadAction\",\"target\":[\"https:\\\/\\\/www.cercledecultura.org\\\/es\\\/estatuto-del-artista-mejoras-conseguidas-y-deficiencias-por-resolver\\\/\"]}]},{\"@type\":\"ImageObject\",\"inLanguage\":\"es\",\"@id\":\"https:\\\/\\\/www.cercledecultura.org\\\/es\\\/estatuto-del-artista-mejoras-conseguidas-y-deficiencias-por-resolver\\\/#primaryimage\",\"url\":\"https:\\\/\\\/www.cercledecultura.org\\\/wp-content\\\/uploads\\\/2025\\\/03\\\/Estatut-de-lArtista-1.jpg\",\"contentUrl\":\"https:\\\/\\\/www.cercledecultura.org\\\/wp-content\\\/uploads\\\/2025\\\/03\\\/Estatut-de-lArtista-1.jpg\",\"width\":1748,\"height\":1240},{\"@type\":\"BreadcrumbList\",\"@id\":\"https:\\\/\\\/www.cercledecultura.org\\\/es\\\/estatuto-del-artista-mejoras-conseguidas-y-deficiencias-por-resolver\\\/#breadcrumb\",\"itemListElement\":[{\"@type\":\"ListItem\",\"position\":1,\"name\":\"Portada\",\"item\":\"https:\\\/\\\/www.cercledecultura.org\\\/es\\\/\"},{\"@type\":\"ListItem\",\"position\":2,\"name\":\"Estatuto del Artista: mejoras conseguidas y deficiencias por resolver\"}]},{\"@type\":\"WebSite\",\"@id\":\"https:\\\/\\\/www.cercledecultura.org\\\/es\\\/#website\",\"url\":\"https:\\\/\\\/www.cercledecultura.org\\\/es\\\/\",\"name\":\"Cercle de Cultura\",\"description\":\"Entitat de car\u00e0cter privat i associatiu, independent, amb voluntat de participar en la vida p\u00fablica des de la pluralitat ideol\u00f2gica dels seus membres fundadors i futurs associats\",\"publisher\":{\"@id\":\"https:\\\/\\\/www.cercledecultura.org\\\/es\\\/#organization\"},\"potentialAction\":[{\"@type\":\"SearchAction\",\"target\":{\"@type\":\"EntryPoint\",\"urlTemplate\":\"https:\\\/\\\/www.cercledecultura.org\\\/es\\\/?s={search_term_string}\"},\"query-input\":{\"@type\":\"PropertyValueSpecification\",\"valueRequired\":true,\"valueName\":\"search_term_string\"}}],\"inLanguage\":\"es\"},{\"@type\":\"Organization\",\"@id\":\"https:\\\/\\\/www.cercledecultura.org\\\/es\\\/#organization\",\"name\":\"Cercle de Cultura\",\"url\":\"https:\\\/\\\/www.cercledecultura.org\\\/es\\\/\",\"logo\":{\"@type\":\"ImageObject\",\"inLanguage\":\"es\",\"@id\":\"https:\\\/\\\/www.cercledecultura.org\\\/es\\\/#\\\/schema\\\/logo\\\/image\\\/\",\"url\":\"https:\\\/\\\/www.cercledecultura.org\\\/wp-content\\\/uploads\\\/2020\\\/01\\\/logo-cercle-de-cultura.png\",\"contentUrl\":\"https:\\\/\\\/www.cercledecultura.org\\\/wp-content\\\/uploads\\\/2020\\\/01\\\/logo-cercle-de-cultura.png\",\"width\":350,\"height\":195,\"caption\":\"Cercle de Cultura\"},\"image\":{\"@id\":\"https:\\\/\\\/www.cercledecultura.org\\\/es\\\/#\\\/schema\\\/logo\\\/image\\\/\"}},{\"@type\":\"Person\",\"@id\":\"https:\\\/\\\/www.cercledecultura.org\\\/es\\\/#\\\/schema\\\/person\\\/931e40c1179ecf352012690d06c032f4\",\"name\":\"Comunicaci\u00f3 Cercle de Cultura\",\"image\":{\"@type\":\"ImageObject\",\"inLanguage\":\"es\",\"@id\":\"https:\\\/\\\/secure.gravatar.com\\\/avatar\\\/46c76410f5e9186d043ead05387a12bf4af192b9a85fac81aaa84c02b822a715?s=96&d=mm&r=g\",\"url\":\"https:\\\/\\\/secure.gravatar.com\\\/avatar\\\/46c76410f5e9186d043ead05387a12bf4af192b9a85fac81aaa84c02b822a715?s=96&d=mm&r=g\",\"contentUrl\":\"https:\\\/\\\/secure.gravatar.com\\\/avatar\\\/46c76410f5e9186d043ead05387a12bf4af192b9a85fac81aaa84c02b822a715?s=96&d=mm&r=g\",\"caption\":\"Comunicaci\u00f3 Cercle de Cultura\"},\"sameAs\":[\"https:\\\/\\\/www.cercledecultura.org\"],\"url\":\"https:\\\/\\\/www.cercledecultura.org\\\/es\\\/author\\\/secretaria\\\/\"}]}<\/script>\n<!-- \/ Yoast SEO plugin. -->","yoast_head_json":{"title":"Estatuto del Artista: mejoras conseguidas y deficiencias por resolver - Cercle de Cultura","robots":{"index":"index","follow":"follow","max-snippet":"max-snippet:-1","max-image-preview":"max-image-preview:large","max-video-preview":"max-video-preview:-1"},"canonical":"https:\/\/www.cercledecultura.org\/es\/estatuto-del-artista-mejoras-conseguidas-y-deficiencias-por-resolver\/","og_locale":"es_ES","og_type":"article","og_title":"Estatuto del Artista: mejoras conseguidas y deficiencias por resolver - Cercle de Cultura","og_description":"El mi\u00e9rcoles 26 de marzo, desde el Cercle de Cultura os invitamos a la sesi\u00f3n informativa \u201cEstatuto del Artista: mejoras conseguidas y deficiencias por resolver\u201d. La sesi\u00f3n pretende, de manera \u00e1gil a trav\u00e9s de dos abogados especialistas en el sector de la cultura, radiografiar las mejoras conseguidas a ra\u00edz del Estatuto del Artista, teniendo en [&hellip;]","og_url":"https:\/\/www.cercledecultura.org\/es\/estatuto-del-artista-mejoras-conseguidas-y-deficiencias-por-resolver\/","og_site_name":"Cercle de Cultura","article_published_time":"2025-03-06T12:21:54+00:00","article_modified_time":"2025-03-27T10:26:20+00:00","og_image":[{"width":1748,"height":1240,"url":"https:\/\/www.cercledecultura.org\/wp-content\/uploads\/2025\/03\/Estatut-de-lArtista-1.jpg","type":"image\/jpeg"}],"author":"Comunicaci\u00f3 Cercle de Cultura","twitter_card":"summary_large_image","twitter_misc":{"Escrito por":"Comunicaci\u00f3 Cercle de Cultura","Tiempo de lectura":"3 minutos"},"schema":{"@context":"https:\/\/schema.org","@graph":[{"@type":"Article","@id":"https:\/\/www.cercledecultura.org\/es\/estatuto-del-artista-mejoras-conseguidas-y-deficiencias-por-resolver\/#article","isPartOf":{"@id":"https:\/\/www.cercledecultura.org\/es\/estatuto-del-artista-mejoras-conseguidas-y-deficiencias-por-resolver\/"},"author":{"name":"Comunicaci\u00f3 Cercle de Cultura","@id":"https:\/\/www.cercledecultura.org\/es\/#\/schema\/person\/931e40c1179ecf352012690d06c032f4"},"headline":"Estatuto del Artista: mejoras conseguidas y deficiencias por resolver","datePublished":"2025-03-06T12:21:54+00:00","dateModified":"2025-03-27T10:26:20+00:00","mainEntityOfPage":{"@id":"https:\/\/www.cercledecultura.org\/es\/estatuto-del-artista-mejoras-conseguidas-y-deficiencias-por-resolver\/"},"wordCount":568,"publisher":{"@id":"https:\/\/www.cercledecultura.org\/es\/#organization"},"image":{"@id":"https:\/\/www.cercledecultura.org\/es\/estatuto-del-artista-mejoras-conseguidas-y-deficiencias-por-resolver\/#primaryimage"},"thumbnailUrl":"https:\/\/www.cercledecultura.org\/wp-content\/uploads\/2025\/03\/Estatut-de-lArtista-1.jpg","articleSection":["Actividades","Noticias"],"inLanguage":"es"},{"@type":"WebPage","@id":"https:\/\/www.cercledecultura.org\/es\/estatuto-del-artista-mejoras-conseguidas-y-deficiencias-por-resolver\/","url":"https:\/\/www.cercledecultura.org\/es\/estatuto-del-artista-mejoras-conseguidas-y-deficiencias-por-resolver\/","name":"Estatuto del Artista: mejoras conseguidas y deficiencias por resolver - Cercle de Cultura","isPartOf":{"@id":"https:\/\/www.cercledecultura.org\/es\/#website"},"primaryImageOfPage":{"@id":"https:\/\/www.cercledecultura.org\/es\/estatuto-del-artista-mejoras-conseguidas-y-deficiencias-por-resolver\/#primaryimage"},"image":{"@id":"https:\/\/www.cercledecultura.org\/es\/estatuto-del-artista-mejoras-conseguidas-y-deficiencias-por-resolver\/#primaryimage"},"thumbnailUrl":"https:\/\/www.cercledecultura.org\/wp-content\/uploads\/2025\/03\/Estatut-de-lArtista-1.jpg","datePublished":"2025-03-06T12:21:54+00:00","dateModified":"2025-03-27T10:26:20+00:00","breadcrumb":{"@id":"https:\/\/www.cercledecultura.org\/es\/estatuto-del-artista-mejoras-conseguidas-y-deficiencias-por-resolver\/#breadcrumb"},"inLanguage":"es","potentialAction":[{"@type":"ReadAction","target":["https:\/\/www.cercledecultura.org\/es\/estatuto-del-artista-mejoras-conseguidas-y-deficiencias-por-resolver\/"]}]},{"@type":"ImageObject","inLanguage":"es","@id":"https:\/\/www.cercledecultura.org\/es\/estatuto-del-artista-mejoras-conseguidas-y-deficiencias-por-resolver\/#primaryimage","url":"https:\/\/www.cercledecultura.org\/wp-content\/uploads\/2025\/03\/Estatut-de-lArtista-1.jpg","contentUrl":"https:\/\/www.cercledecultura.org\/wp-content\/uploads\/2025\/03\/Estatut-de-lArtista-1.jpg","width":1748,"height":1240},{"@type":"BreadcrumbList","@id":"https:\/\/www.cercledecultura.org\/es\/estatuto-del-artista-mejoras-conseguidas-y-deficiencias-por-resolver\/#breadcrumb","itemListElement":[{"@type":"ListItem","position":1,"name":"Portada","item":"https:\/\/www.cercledecultura.org\/es\/"},{"@type":"ListItem","position":2,"name":"Estatuto del Artista: mejoras conseguidas y deficiencias por resolver"}]},{"@type":"WebSite","@id":"https:\/\/www.cercledecultura.org\/es\/#website","url":"https:\/\/www.cercledecultura.org\/es\/","name":"Cercle de Cultura","description":"Entitat de car\u00e0cter privat i associatiu, independent, amb voluntat de participar en la vida p\u00fablica des de la pluralitat ideol\u00f2gica dels seus membres fundadors i futurs associats","publisher":{"@id":"https:\/\/www.cercledecultura.org\/es\/#organization"},"potentialAction":[{"@type":"SearchAction","target":{"@type":"EntryPoint","urlTemplate":"https:\/\/www.cercledecultura.org\/es\/?s={search_term_string}"},"query-input":{"@type":"PropertyValueSpecification","valueRequired":true,"valueName":"search_term_string"}}],"inLanguage":"es"},{"@type":"Organization","@id":"https:\/\/www.cercledecultura.org\/es\/#organization","name":"Cercle de Cultura","url":"https:\/\/www.cercledecultura.org\/es\/","logo":{"@type":"ImageObject","inLanguage":"es","@id":"https:\/\/www.cercledecultura.org\/es\/#\/schema\/logo\/image\/","url":"https:\/\/www.cercledecultura.org\/wp-content\/uploads\/2020\/01\/logo-cercle-de-cultura.png","contentUrl":"https:\/\/www.cercledecultura.org\/wp-content\/uploads\/2020\/01\/logo-cercle-de-cultura.png","width":350,"height":195,"caption":"Cercle de Cultura"},"image":{"@id":"https:\/\/www.cercledecultura.org\/es\/#\/schema\/logo\/image\/"}},{"@type":"Person","@id":"https:\/\/www.cercledecultura.org\/es\/#\/schema\/person\/931e40c1179ecf352012690d06c032f4","name":"Comunicaci\u00f3 Cercle de Cultura","image":{"@type":"ImageObject","inLanguage":"es","@id":"https:\/\/secure.gravatar.com\/avatar\/46c76410f5e9186d043ead05387a12bf4af192b9a85fac81aaa84c02b822a715?s=96&d=mm&r=g","url":"https:\/\/secure.gravatar.com\/avatar\/46c76410f5e9186d043ead05387a12bf4af192b9a85fac81aaa84c02b822a715?s=96&d=mm&r=g","contentUrl":"https:\/\/secure.gravatar.com\/avatar\/46c76410f5e9186d043ead05387a12bf4af192b9a85fac81aaa84c02b822a715?s=96&d=mm&r=g","caption":"Comunicaci\u00f3 Cercle de Cultura"},"sameAs":["https:\/\/www.cercledecultura.org"],"url":"https:\/\/www.cercledecultura.org\/es\/author\/secretaria\/"}]}},"_links":{"self":[{"href":"https:\/\/www.cercledecultura.org\/es\/wp-json\/wp\/v2\/posts\/3165","targetHints":{"allow":["GET"]}}],"collection":[{"href":"https:\/\/www.cercledecultura.org\/es\/wp-json\/wp\/v2\/posts"}],"about":[{"href":"https:\/\/www.cercledecultura.org\/es\/wp-json\/wp\/v2\/types\/post"}],"author":[{"embeddable":true,"href":"https:\/\/www.cercledecultura.org\/es\/wp-json\/wp\/v2\/users\/2"}],"replies":[{"embeddable":true,"href":"https:\/\/www.cercledecultura.org\/es\/wp-json\/wp\/v2\/comments?post=3165"}],"version-history":[{"count":3,"href":"https:\/\/www.cercledecultura.org\/es\/wp-json\/wp\/v2\/posts\/3165\/revisions"}],"predecessor-version":[{"id":3176,"href":"https:\/\/www.cercledecultura.org\/es\/wp-json\/wp\/v2\/posts\/3165\/revisions\/3176"}],"wp:featuredmedia":[{"embeddable":true,"href":"https:\/\/www.cercledecultura.org\/es\/wp-json\/wp\/v2\/media\/3163"}],"wp:attachment":[{"href":"https:\/\/www.cercledecultura.org\/es\/wp-json\/wp\/v2\/media?parent=3165"}],"wp:term":[{"taxonomy":"category","embeddable":true,"href":"https:\/\/www.cercledecultura.org\/es\/wp-json\/wp\/v2\/categories?post=3165"},{"taxonomy":"post_tag","embeddable":true,"href":"https:\/\/www.cercledecultura.org\/es\/wp-json\/wp\/v2\/tags?post=3165"}],"curies":[{"name":"wp","href":"https:\/\/api.w.org\/{rel}","templated":true}]}}