{"id":3069,"date":"2024-09-19T12:37:56","date_gmt":"2024-09-19T10:37:56","guid":{"rendered":"https:\/\/www.cercledecultura.org\/?p=3069"},"modified":"2024-10-04T16:04:16","modified_gmt":"2024-10-04T14:04:16","slug":"cultura-e-industrias-creativas-en-barcelona-retos-y-prioridades","status":"publish","type":"post","link":"https:\/\/www.cercledecultura.org\/es\/cultura-e-industrias-creativas-en-barcelona-retos-y-prioridades\/","title":{"rendered":"Cultura e industrias creativas en Barcelona: retos y prioridades"},"content":{"rendered":"<p>El mi\u00e9rcoles, <strong>2 de octubre a las 19 h<\/strong>, tiene lugar el acto <strong><em>\u00abCultura e industrias creativas: retos y prioridades\u00bb<\/em><\/strong>, en el auditorio del Cercle d&#8217;Economia (Proven\u00e7a, 298).<\/p>\n<p>&nbsp;<\/p>\n<p>Se trata de una presentaci\u00f3n y di\u00e1logo con Xavier Marc\u00e9, regidor de Cultura e Industrias Creativas del Ayuntamiento de Barcelona. El encuentro, dirigido a profesionales, instituciones y operadores econ\u00f3micos de la cultura y las industrias creativas, versa sobre los principales retos y prioridades en materia de cultura del Ayuntamiento de Barcelona.<\/p>\n<p>&nbsp;<\/p>\n<p>Siguiendo el formato que ya se ha ido reproduciendo varias veces, la presentaci\u00f3n del regidor va seguida de un espacio de conversaci\u00f3n con dos profesionales de la cultura, socios del Cercle de Cultura. Finalmente, acaba el acto con un espacio de encuentro informal acompa\u00f1ado de una copa de cava.<\/p>\n<p>Pod\u00e9is consultar la grabaci\u00f3n entera del acto <a href=\"https:\/\/youtu.be\/lVwbwx1SPgc\">aqu\u00ed<\/a>.<\/p>\n<p>&nbsp;<\/p>\n<p><a href=\"https:\/\/youtu.be\/lVwbwx1SPgc\">https:\/\/youtu.be\/lVwbwx1SPgc<\/a><\/p>\n<p>&nbsp;<\/p>\n","protected":false},"excerpt":{"rendered":"<p>El mi\u00e9rcoles, 2 de octubre a las 19 h, tiene lugar el acto \u00abCultura e industrias creativas: retos y prioridades\u00bb, en el auditorio del Cercle d&#8217;Economia (Proven\u00e7a, 298). &nbsp; Se trata de una presentaci\u00f3n y di\u00e1logo con Xavier Marc\u00e9, regidor de Cultura e Industrias Creativas del Ayuntamiento de Barcelona. El encuentro, dirigido a profesionales, instituciones [&hellip;]<\/p>\n","protected":false},"author":2,"featured_media":3067,"comment_status":"closed","ping_status":"closed","sticky":false,"template":"","format":"standard","meta":{"footnotes":""},"categories":[538,542,544],"tags":[],"class_list":["post-3069","post","type-post","status-publish","format-standard","has-post-thumbnail","hentry","category-actividades","category-noticias","category-reciente"],"yoast_head":"<!-- This site is optimized with the Yoast SEO plugin v27.5 - https:\/\/yoast.com\/product\/yoast-seo-wordpress\/ -->\n<title>Cultura e industrias creativas en Barcelona: retos y prioridades - Cercle de Cultura<\/title>\n<meta name=\"description\" content=\"El pr\u00f3ximo mi\u00e9rcoles, 2 de octubre a las 19 h, tendr\u00e1 lugar el acto &quot;Cultura e industrias creativas: retos y prioridades&quot;, en el auditorio del C\u00edrculo de Econom\u00eda (Proven\u00e7a, 298).\" \/>\n<meta name=\"robots\" content=\"index, follow, max-snippet:-1, max-image-preview:large, max-video-preview:-1\" \/>\n<link rel=\"canonical\" href=\"https:\/\/www.cercledecultura.org\/es\/cultura-e-industrias-creativas-en-barcelona-retos-y-prioridades\/\" \/>\n<meta property=\"og:locale\" content=\"es_ES\" \/>\n<meta property=\"og:type\" content=\"article\" \/>\n<meta property=\"og:title\" content=\"Cultura e industrias creativas en Barcelona: retos y prioridades - Cercle de Cultura\" \/>\n<meta property=\"og:description\" content=\"El pr\u00f3ximo mi\u00e9rcoles, 2 de octubre a las 19 h, tendr\u00e1 lugar el acto &quot;Cultura e industrias creativas: retos y prioridades&quot;, en el auditorio del C\u00edrculo de Econom\u00eda (Proven\u00e7a, 298).\" \/>\n<meta property=\"og:url\" content=\"https:\/\/www.cercledecultura.org\/es\/cultura-e-industrias-creativas-en-barcelona-retos-y-prioridades\/\" \/>\n<meta property=\"og:site_name\" content=\"Cercle de Cultura\" \/>\n<meta property=\"article:published_time\" content=\"2024-09-19T10:37:56+00:00\" \/>\n<meta property=\"article:modified_time\" content=\"2024-10-04T14:04:16+00:00\" \/>\n<meta property=\"og:image\" content=\"https:\/\/www.cercledecultura.org\/wp-content\/uploads\/2024\/09\/xavier-marce.jpg\" \/>\n\t<meta property=\"og:image:width\" content=\"760\" \/>\n\t<meta property=\"og:image:height\" content=\"428\" \/>\n\t<meta property=\"og:image:type\" content=\"image\/jpeg\" \/>\n<meta name=\"author\" content=\"Comunicaci\u00f3 Cercle de Cultura\" \/>\n<meta name=\"twitter:card\" content=\"summary_large_image\" \/>\n<meta name=\"twitter:label1\" content=\"Escrito por\" \/>\n\t<meta name=\"twitter:data1\" content=\"Comunicaci\u00f3 Cercle de Cultura\" \/>\n\t<meta name=\"twitter:label2\" content=\"Tiempo de lectura\" \/>\n\t<meta name=\"twitter:data2\" content=\"1 minuto\" \/>\n<script type=\"application\/ld+json\" class=\"yoast-schema-graph\">{\"@context\":\"https:\\\/\\\/schema.org\",\"@graph\":[{\"@type\":\"Article\",\"@id\":\"https:\\\/\\\/www.cercledecultura.org\\\/es\\\/cultura-e-industrias-creativas-en-barcelona-retos-y-prioridades\\\/#article\",\"isPartOf\":{\"@id\":\"https:\\\/\\\/www.cercledecultura.org\\\/es\\\/cultura-e-industrias-creativas-en-barcelona-retos-y-prioridades\\\/\"},\"author\":{\"name\":\"Comunicaci\u00f3 Cercle de Cultura\",\"@id\":\"https:\\\/\\\/www.cercledecultura.org\\\/es\\\/#\\\/schema\\\/person\\\/931e40c1179ecf352012690d06c032f4\"},\"headline\":\"Cultura e industrias creativas en Barcelona: retos y prioridades\",\"datePublished\":\"2024-09-19T10:37:56+00:00\",\"dateModified\":\"2024-10-04T14:04:16+00:00\",\"mainEntityOfPage\":{\"@id\":\"https:\\\/\\\/www.cercledecultura.org\\\/es\\\/cultura-e-industrias-creativas-en-barcelona-retos-y-prioridades\\\/\"},\"wordCount\":162,\"publisher\":{\"@id\":\"https:\\\/\\\/www.cercledecultura.org\\\/es\\\/#organization\"},\"image\":{\"@id\":\"https:\\\/\\\/www.cercledecultura.org\\\/es\\\/cultura-e-industrias-creativas-en-barcelona-retos-y-prioridades\\\/#primaryimage\"},\"thumbnailUrl\":\"https:\\\/\\\/www.cercledecultura.org\\\/wp-content\\\/uploads\\\/2024\\\/09\\\/xavier-marce.jpg\",\"articleSection\":[\"Actividades\",\"Noticias\",\"Reciente\"],\"inLanguage\":\"es\"},{\"@type\":\"WebPage\",\"@id\":\"https:\\\/\\\/www.cercledecultura.org\\\/es\\\/cultura-e-industrias-creativas-en-barcelona-retos-y-prioridades\\\/\",\"url\":\"https:\\\/\\\/www.cercledecultura.org\\\/es\\\/cultura-e-industrias-creativas-en-barcelona-retos-y-prioridades\\\/\",\"name\":\"Cultura e industrias creativas en Barcelona: retos y prioridades - Cercle de Cultura\",\"isPartOf\":{\"@id\":\"https:\\\/\\\/www.cercledecultura.org\\\/es\\\/#website\"},\"primaryImageOfPage\":{\"@id\":\"https:\\\/\\\/www.cercledecultura.org\\\/es\\\/cultura-e-industrias-creativas-en-barcelona-retos-y-prioridades\\\/#primaryimage\"},\"image\":{\"@id\":\"https:\\\/\\\/www.cercledecultura.org\\\/es\\\/cultura-e-industrias-creativas-en-barcelona-retos-y-prioridades\\\/#primaryimage\"},\"thumbnailUrl\":\"https:\\\/\\\/www.cercledecultura.org\\\/wp-content\\\/uploads\\\/2024\\\/09\\\/xavier-marce.jpg\",\"datePublished\":\"2024-09-19T10:37:56+00:00\",\"dateModified\":\"2024-10-04T14:04:16+00:00\",\"description\":\"El pr\u00f3ximo mi\u00e9rcoles, 2 de octubre a las 19 h, tendr\u00e1 lugar el acto \\\"Cultura e industrias creativas: retos y prioridades\\\", en el auditorio del C\u00edrculo de Econom\u00eda (Proven\u00e7a, 298).\",\"breadcrumb\":{\"@id\":\"https:\\\/\\\/www.cercledecultura.org\\\/es\\\/cultura-e-industrias-creativas-en-barcelona-retos-y-prioridades\\\/#breadcrumb\"},\"inLanguage\":\"es\",\"potentialAction\":[{\"@type\":\"ReadAction\",\"target\":[\"https:\\\/\\\/www.cercledecultura.org\\\/es\\\/cultura-e-industrias-creativas-en-barcelona-retos-y-prioridades\\\/\"]}]},{\"@type\":\"ImageObject\",\"inLanguage\":\"es\",\"@id\":\"https:\\\/\\\/www.cercledecultura.org\\\/es\\\/cultura-e-industrias-creativas-en-barcelona-retos-y-prioridades\\\/#primaryimage\",\"url\":\"https:\\\/\\\/www.cercledecultura.org\\\/wp-content\\\/uploads\\\/2024\\\/09\\\/xavier-marce.jpg\",\"contentUrl\":\"https:\\\/\\\/www.cercledecultura.org\\\/wp-content\\\/uploads\\\/2024\\\/09\\\/xavier-marce.jpg\",\"width\":760,\"height\":428},{\"@type\":\"BreadcrumbList\",\"@id\":\"https:\\\/\\\/www.cercledecultura.org\\\/es\\\/cultura-e-industrias-creativas-en-barcelona-retos-y-prioridades\\\/#breadcrumb\",\"itemListElement\":[{\"@type\":\"ListItem\",\"position\":1,\"name\":\"Portada\",\"item\":\"https:\\\/\\\/www.cercledecultura.org\\\/es\\\/\"},{\"@type\":\"ListItem\",\"position\":2,\"name\":\"Cultura e industrias creativas en Barcelona: retos y prioridades\"}]},{\"@type\":\"WebSite\",\"@id\":\"https:\\\/\\\/www.cercledecultura.org\\\/es\\\/#website\",\"url\":\"https:\\\/\\\/www.cercledecultura.org\\\/es\\\/\",\"name\":\"Cercle de Cultura\",\"description\":\"Entitat de car\u00e0cter privat i associatiu, independent, amb voluntat de participar en la vida p\u00fablica des de la pluralitat ideol\u00f2gica dels seus membres fundadors i futurs associats\",\"publisher\":{\"@id\":\"https:\\\/\\\/www.cercledecultura.org\\\/es\\\/#organization\"},\"potentialAction\":[{\"@type\":\"SearchAction\",\"target\":{\"@type\":\"EntryPoint\",\"urlTemplate\":\"https:\\\/\\\/www.cercledecultura.org\\\/es\\\/?s={search_term_string}\"},\"query-input\":{\"@type\":\"PropertyValueSpecification\",\"valueRequired\":true,\"valueName\":\"search_term_string\"}}],\"inLanguage\":\"es\"},{\"@type\":\"Organization\",\"@id\":\"https:\\\/\\\/www.cercledecultura.org\\\/es\\\/#organization\",\"name\":\"Cercle de Cultura\",\"url\":\"https:\\\/\\\/www.cercledecultura.org\\\/es\\\/\",\"logo\":{\"@type\":\"ImageObject\",\"inLanguage\":\"es\",\"@id\":\"https:\\\/\\\/www.cercledecultura.org\\\/es\\\/#\\\/schema\\\/logo\\\/image\\\/\",\"url\":\"https:\\\/\\\/www.cercledecultura.org\\\/wp-content\\\/uploads\\\/2020\\\/01\\\/logo-cercle-de-cultura.png\",\"contentUrl\":\"https:\\\/\\\/www.cercledecultura.org\\\/wp-content\\\/uploads\\\/2020\\\/01\\\/logo-cercle-de-cultura.png\",\"width\":350,\"height\":195,\"caption\":\"Cercle de Cultura\"},\"image\":{\"@id\":\"https:\\\/\\\/www.cercledecultura.org\\\/es\\\/#\\\/schema\\\/logo\\\/image\\\/\"}},{\"@type\":\"Person\",\"@id\":\"https:\\\/\\\/www.cercledecultura.org\\\/es\\\/#\\\/schema\\\/person\\\/931e40c1179ecf352012690d06c032f4\",\"name\":\"Comunicaci\u00f3 Cercle de Cultura\",\"image\":{\"@type\":\"ImageObject\",\"inLanguage\":\"es\",\"@id\":\"https:\\\/\\\/secure.gravatar.com\\\/avatar\\\/46c76410f5e9186d043ead05387a12bf4af192b9a85fac81aaa84c02b822a715?s=96&d=mm&r=g\",\"url\":\"https:\\\/\\\/secure.gravatar.com\\\/avatar\\\/46c76410f5e9186d043ead05387a12bf4af192b9a85fac81aaa84c02b822a715?s=96&d=mm&r=g\",\"contentUrl\":\"https:\\\/\\\/secure.gravatar.com\\\/avatar\\\/46c76410f5e9186d043ead05387a12bf4af192b9a85fac81aaa84c02b822a715?s=96&d=mm&r=g\",\"caption\":\"Comunicaci\u00f3 Cercle de Cultura\"},\"sameAs\":[\"https:\\\/\\\/www.cercledecultura.org\"],\"url\":\"https:\\\/\\\/www.cercledecultura.org\\\/es\\\/author\\\/secretaria\\\/\"}]}<\/script>\n<!-- \/ Yoast SEO plugin. -->","yoast_head_json":{"title":"Cultura e industrias creativas en Barcelona: retos y prioridades - Cercle de Cultura","description":"El pr\u00f3ximo mi\u00e9rcoles, 2 de octubre a las 19 h, tendr\u00e1 lugar el acto \"Cultura e industrias creativas: retos y prioridades\", en el auditorio del C\u00edrculo de Econom\u00eda (Proven\u00e7a, 298).","robots":{"index":"index","follow":"follow","max-snippet":"max-snippet:-1","max-image-preview":"max-image-preview:large","max-video-preview":"max-video-preview:-1"},"canonical":"https:\/\/www.cercledecultura.org\/es\/cultura-e-industrias-creativas-en-barcelona-retos-y-prioridades\/","og_locale":"es_ES","og_type":"article","og_title":"Cultura e industrias creativas en Barcelona: retos y prioridades - Cercle de Cultura","og_description":"El pr\u00f3ximo mi\u00e9rcoles, 2 de octubre a las 19 h, tendr\u00e1 lugar el acto \"Cultura e industrias creativas: retos y prioridades\", en el auditorio del C\u00edrculo de Econom\u00eda (Proven\u00e7a, 298).","og_url":"https:\/\/www.cercledecultura.org\/es\/cultura-e-industrias-creativas-en-barcelona-retos-y-prioridades\/","og_site_name":"Cercle de Cultura","article_published_time":"2024-09-19T10:37:56+00:00","article_modified_time":"2024-10-04T14:04:16+00:00","og_image":[{"width":760,"height":428,"url":"https:\/\/www.cercledecultura.org\/wp-content\/uploads\/2024\/09\/xavier-marce.jpg","type":"image\/jpeg"}],"author":"Comunicaci\u00f3 Cercle de Cultura","twitter_card":"summary_large_image","twitter_misc":{"Escrito por":"Comunicaci\u00f3 Cercle de Cultura","Tiempo de lectura":"1 minuto"},"schema":{"@context":"https:\/\/schema.org","@graph":[{"@type":"Article","@id":"https:\/\/www.cercledecultura.org\/es\/cultura-e-industrias-creativas-en-barcelona-retos-y-prioridades\/#article","isPartOf":{"@id":"https:\/\/www.cercledecultura.org\/es\/cultura-e-industrias-creativas-en-barcelona-retos-y-prioridades\/"},"author":{"name":"Comunicaci\u00f3 Cercle de Cultura","@id":"https:\/\/www.cercledecultura.org\/es\/#\/schema\/person\/931e40c1179ecf352012690d06c032f4"},"headline":"Cultura e industrias creativas en Barcelona: retos y prioridades","datePublished":"2024-09-19T10:37:56+00:00","dateModified":"2024-10-04T14:04:16+00:00","mainEntityOfPage":{"@id":"https:\/\/www.cercledecultura.org\/es\/cultura-e-industrias-creativas-en-barcelona-retos-y-prioridades\/"},"wordCount":162,"publisher":{"@id":"https:\/\/www.cercledecultura.org\/es\/#organization"},"image":{"@id":"https:\/\/www.cercledecultura.org\/es\/cultura-e-industrias-creativas-en-barcelona-retos-y-prioridades\/#primaryimage"},"thumbnailUrl":"https:\/\/www.cercledecultura.org\/wp-content\/uploads\/2024\/09\/xavier-marce.jpg","articleSection":["Actividades","Noticias","Reciente"],"inLanguage":"es"},{"@type":"WebPage","@id":"https:\/\/www.cercledecultura.org\/es\/cultura-e-industrias-creativas-en-barcelona-retos-y-prioridades\/","url":"https:\/\/www.cercledecultura.org\/es\/cultura-e-industrias-creativas-en-barcelona-retos-y-prioridades\/","name":"Cultura e industrias creativas en Barcelona: retos y prioridades - Cercle de Cultura","isPartOf":{"@id":"https:\/\/www.cercledecultura.org\/es\/#website"},"primaryImageOfPage":{"@id":"https:\/\/www.cercledecultura.org\/es\/cultura-e-industrias-creativas-en-barcelona-retos-y-prioridades\/#primaryimage"},"image":{"@id":"https:\/\/www.cercledecultura.org\/es\/cultura-e-industrias-creativas-en-barcelona-retos-y-prioridades\/#primaryimage"},"thumbnailUrl":"https:\/\/www.cercledecultura.org\/wp-content\/uploads\/2024\/09\/xavier-marce.jpg","datePublished":"2024-09-19T10:37:56+00:00","dateModified":"2024-10-04T14:04:16+00:00","description":"El pr\u00f3ximo mi\u00e9rcoles, 2 de octubre a las 19 h, tendr\u00e1 lugar el acto \"Cultura e industrias creativas: retos y prioridades\", en el auditorio del C\u00edrculo de Econom\u00eda (Proven\u00e7a, 298).","breadcrumb":{"@id":"https:\/\/www.cercledecultura.org\/es\/cultura-e-industrias-creativas-en-barcelona-retos-y-prioridades\/#breadcrumb"},"inLanguage":"es","potentialAction":[{"@type":"ReadAction","target":["https:\/\/www.cercledecultura.org\/es\/cultura-e-industrias-creativas-en-barcelona-retos-y-prioridades\/"]}]},{"@type":"ImageObject","inLanguage":"es","@id":"https:\/\/www.cercledecultura.org\/es\/cultura-e-industrias-creativas-en-barcelona-retos-y-prioridades\/#primaryimage","url":"https:\/\/www.cercledecultura.org\/wp-content\/uploads\/2024\/09\/xavier-marce.jpg","contentUrl":"https:\/\/www.cercledecultura.org\/wp-content\/uploads\/2024\/09\/xavier-marce.jpg","width":760,"height":428},{"@type":"BreadcrumbList","@id":"https:\/\/www.cercledecultura.org\/es\/cultura-e-industrias-creativas-en-barcelona-retos-y-prioridades\/#breadcrumb","itemListElement":[{"@type":"ListItem","position":1,"name":"Portada","item":"https:\/\/www.cercledecultura.org\/es\/"},{"@type":"ListItem","position":2,"name":"Cultura e industrias creativas en Barcelona: retos y prioridades"}]},{"@type":"WebSite","@id":"https:\/\/www.cercledecultura.org\/es\/#website","url":"https:\/\/www.cercledecultura.org\/es\/","name":"Cercle de Cultura","description":"Entitat de car\u00e0cter privat i associatiu, independent, amb voluntat de participar en la vida p\u00fablica des de la pluralitat ideol\u00f2gica dels seus membres fundadors i futurs associats","publisher":{"@id":"https:\/\/www.cercledecultura.org\/es\/#organization"},"potentialAction":[{"@type":"SearchAction","target":{"@type":"EntryPoint","urlTemplate":"https:\/\/www.cercledecultura.org\/es\/?s={search_term_string}"},"query-input":{"@type":"PropertyValueSpecification","valueRequired":true,"valueName":"search_term_string"}}],"inLanguage":"es"},{"@type":"Organization","@id":"https:\/\/www.cercledecultura.org\/es\/#organization","name":"Cercle de Cultura","url":"https:\/\/www.cercledecultura.org\/es\/","logo":{"@type":"ImageObject","inLanguage":"es","@id":"https:\/\/www.cercledecultura.org\/es\/#\/schema\/logo\/image\/","url":"https:\/\/www.cercledecultura.org\/wp-content\/uploads\/2020\/01\/logo-cercle-de-cultura.png","contentUrl":"https:\/\/www.cercledecultura.org\/wp-content\/uploads\/2020\/01\/logo-cercle-de-cultura.png","width":350,"height":195,"caption":"Cercle de Cultura"},"image":{"@id":"https:\/\/www.cercledecultura.org\/es\/#\/schema\/logo\/image\/"}},{"@type":"Person","@id":"https:\/\/www.cercledecultura.org\/es\/#\/schema\/person\/931e40c1179ecf352012690d06c032f4","name":"Comunicaci\u00f3 Cercle de Cultura","image":{"@type":"ImageObject","inLanguage":"es","@id":"https:\/\/secure.gravatar.com\/avatar\/46c76410f5e9186d043ead05387a12bf4af192b9a85fac81aaa84c02b822a715?s=96&d=mm&r=g","url":"https:\/\/secure.gravatar.com\/avatar\/46c76410f5e9186d043ead05387a12bf4af192b9a85fac81aaa84c02b822a715?s=96&d=mm&r=g","contentUrl":"https:\/\/secure.gravatar.com\/avatar\/46c76410f5e9186d043ead05387a12bf4af192b9a85fac81aaa84c02b822a715?s=96&d=mm&r=g","caption":"Comunicaci\u00f3 Cercle de Cultura"},"sameAs":["https:\/\/www.cercledecultura.org"],"url":"https:\/\/www.cercledecultura.org\/es\/author\/secretaria\/"}]}},"_links":{"self":[{"href":"https:\/\/www.cercledecultura.org\/es\/wp-json\/wp\/v2\/posts\/3069","targetHints":{"allow":["GET"]}}],"collection":[{"href":"https:\/\/www.cercledecultura.org\/es\/wp-json\/wp\/v2\/posts"}],"about":[{"href":"https:\/\/www.cercledecultura.org\/es\/wp-json\/wp\/v2\/types\/post"}],"author":[{"embeddable":true,"href":"https:\/\/www.cercledecultura.org\/es\/wp-json\/wp\/v2\/users\/2"}],"replies":[{"embeddable":true,"href":"https:\/\/www.cercledecultura.org\/es\/wp-json\/wp\/v2\/comments?post=3069"}],"version-history":[{"count":4,"href":"https:\/\/www.cercledecultura.org\/es\/wp-json\/wp\/v2\/posts\/3069\/revisions"}],"predecessor-version":[{"id":3085,"href":"https:\/\/www.cercledecultura.org\/es\/wp-json\/wp\/v2\/posts\/3069\/revisions\/3085"}],"wp:featuredmedia":[{"embeddable":true,"href":"https:\/\/www.cercledecultura.org\/es\/wp-json\/wp\/v2\/media\/3067"}],"wp:attachment":[{"href":"https:\/\/www.cercledecultura.org\/es\/wp-json\/wp\/v2\/media?parent=3069"}],"wp:term":[{"taxonomy":"category","embeddable":true,"href":"https:\/\/www.cercledecultura.org\/es\/wp-json\/wp\/v2\/categories?post=3069"},{"taxonomy":"post_tag","embeddable":true,"href":"https:\/\/www.cercledecultura.org\/es\/wp-json\/wp\/v2\/tags?post=3069"}],"curies":[{"name":"wp","href":"https:\/\/api.w.org\/{rel}","templated":true}]}}