{"id":2894,"date":"2024-01-18T09:41:31","date_gmt":"2024-01-18T07:41:31","guid":{"rendered":"https:\/\/www.cercledecultura.org\/?p=2894"},"modified":"2024-09-19T12:45:33","modified_gmt":"2024-09-19T10:45:33","slug":"cultura-y-educacion-sintonias-y-distancias","status":"publish","type":"post","link":"https:\/\/www.cercledecultura.org\/es\/cultura-y-educacion-sintonias-y-distancias\/","title":{"rendered":"Cultura y educaci\u00f3n: sinton\u00edas y distancias"},"content":{"rendered":"<p>Desde el Cercle de Cultura os invitamos a asistir a la conversaci\u00f3n sobre sinton\u00edas y distancias entre cultura y educaci\u00f3n del pr\u00f3ximo mi\u00e9rcoles 24 de enero a las seis de la tarde, en el Auditorio del Cercle d&#8217;Economia. Contaremos con la presencia del Dr. Joan Manuel del Pozo (Profesor de Filosof\u00eda, experto en educaci\u00f3n y exconseller d&#8217;Educaci\u00f3 i Universitats de la Generalitat), en conversaci\u00f3n con la Dra. Gemma Carb\u00f3, especialista en las relaciones entre cultura y educaci\u00f3n y directora del Museu de la Vida Rural. El acto estar\u00e1 conducido por el Dr. Alfons Martinell, codirector de la C\u00e0tedra Pau Casals y miembro de la Junta del Cercle de Cultura.<\/p>\n<p>&nbsp;<\/p>\n<p>Para asistir, ser\u00e1 necesaria inscripci\u00f3n previa a trav\u00e9s de secretaria@cercledecultura.org.<\/p>\n<p>&nbsp;<\/p>\n<p>Pod\u00e9is consultar la grabaci\u00f3n completa del acto <a href=\"https:\/\/youtu.be\/W8gDRrwH5mM?si=N8MaPM0-Hdzezvpk\">aqu\u00ed<\/a>.<\/p>\n","protected":false},"excerpt":{"rendered":"<p>Desde el Cercle de Cultura os invitamos a asistir a la conversaci\u00f3n sobre sinton\u00edas y distancias entre cultura y educaci\u00f3n del pr\u00f3ximo mi\u00e9rcoles 24 de enero a las seis de la tarde, en el Auditorio del Cercle d&#8217;Economia. Contaremos con la presencia del Dr. Joan Manuel del Pozo (Profesor de Filosof\u00eda, experto en educaci\u00f3n y [&hellip;]<\/p>\n","protected":false},"author":2,"featured_media":2892,"comment_status":"closed","ping_status":"closed","sticky":false,"template":"","format":"standard","meta":{"footnotes":""},"categories":[538],"tags":[],"class_list":["post-2894","post","type-post","status-publish","format-standard","has-post-thumbnail","hentry","category-actividades"],"yoast_head":"<!-- This site is optimized with the Yoast SEO plugin v27.5 - https:\/\/yoast.com\/product\/yoast-seo-wordpress\/ -->\n<title>Cultura y educaci\u00f3n: sinton\u00edas y distancias - Cercle de Cultura<\/title>\n<meta name=\"robots\" content=\"index, follow, max-snippet:-1, max-image-preview:large, max-video-preview:-1\" \/>\n<link rel=\"canonical\" href=\"https:\/\/www.cercledecultura.org\/es\/cultura-y-educacion-sintonias-y-distancias\/\" \/>\n<meta property=\"og:locale\" content=\"es_ES\" \/>\n<meta property=\"og:type\" content=\"article\" \/>\n<meta property=\"og:title\" content=\"Cultura y educaci\u00f3n: sinton\u00edas y distancias - Cercle de Cultura\" \/>\n<meta property=\"og:description\" content=\"Desde el Cercle de Cultura os invitamos a asistir a la conversaci\u00f3n sobre sinton\u00edas y distancias entre cultura y educaci\u00f3n del pr\u00f3ximo mi\u00e9rcoles 24 de enero a las seis de la tarde, en el Auditorio del Cercle d&#8217;Economia. Contaremos con la presencia del Dr. Joan Manuel del Pozo (Profesor de Filosof\u00eda, experto en educaci\u00f3n y [&hellip;]\" \/>\n<meta property=\"og:url\" content=\"https:\/\/www.cercledecultura.org\/es\/cultura-y-educacion-sintonias-y-distancias\/\" \/>\n<meta property=\"og:site_name\" content=\"Cercle de Cultura\" \/>\n<meta property=\"article:published_time\" content=\"2024-01-18T07:41:31+00:00\" \/>\n<meta property=\"article:modified_time\" content=\"2024-09-19T10:45:33+00:00\" \/>\n<meta property=\"og:image\" content=\"https:\/\/www.cercledecultura.org\/wp-content\/uploads\/2024\/01\/Foto-cultura-i-educacio-24-gener.jpg\" \/>\n\t<meta property=\"og:image:width\" content=\"1748\" \/>\n\t<meta property=\"og:image:height\" content=\"1240\" \/>\n\t<meta property=\"og:image:type\" content=\"image\/jpeg\" \/>\n<meta name=\"author\" content=\"Comunicaci\u00f3 Cercle de Cultura\" \/>\n<meta name=\"twitter:card\" content=\"summary_large_image\" \/>\n<meta name=\"twitter:label1\" content=\"Escrito por\" \/>\n\t<meta name=\"twitter:data1\" content=\"Comunicaci\u00f3 Cercle de Cultura\" \/>\n\t<meta name=\"twitter:label2\" content=\"Tiempo de lectura\" \/>\n\t<meta name=\"twitter:data2\" content=\"1 minuto\" \/>\n<script type=\"application\/ld+json\" class=\"yoast-schema-graph\">{\"@context\":\"https:\\\/\\\/schema.org\",\"@graph\":[{\"@type\":\"Article\",\"@id\":\"https:\\\/\\\/www.cercledecultura.org\\\/es\\\/cultura-y-educacion-sintonias-y-distancias\\\/#article\",\"isPartOf\":{\"@id\":\"https:\\\/\\\/www.cercledecultura.org\\\/es\\\/cultura-y-educacion-sintonias-y-distancias\\\/\"},\"author\":{\"name\":\"Comunicaci\u00f3 Cercle de Cultura\",\"@id\":\"https:\\\/\\\/www.cercledecultura.org\\\/es\\\/#\\\/schema\\\/person\\\/931e40c1179ecf352012690d06c032f4\"},\"headline\":\"Cultura y educaci\u00f3n: sinton\u00edas y distancias\",\"datePublished\":\"2024-01-18T07:41:31+00:00\",\"dateModified\":\"2024-09-19T10:45:33+00:00\",\"mainEntityOfPage\":{\"@id\":\"https:\\\/\\\/www.cercledecultura.org\\\/es\\\/cultura-y-educacion-sintonias-y-distancias\\\/\"},\"wordCount\":154,\"publisher\":{\"@id\":\"https:\\\/\\\/www.cercledecultura.org\\\/es\\\/#organization\"},\"image\":{\"@id\":\"https:\\\/\\\/www.cercledecultura.org\\\/es\\\/cultura-y-educacion-sintonias-y-distancias\\\/#primaryimage\"},\"thumbnailUrl\":\"https:\\\/\\\/www.cercledecultura.org\\\/wp-content\\\/uploads\\\/2024\\\/01\\\/Foto-cultura-i-educacio-24-gener.jpg\",\"articleSection\":[\"Actividades\"],\"inLanguage\":\"es\"},{\"@type\":\"WebPage\",\"@id\":\"https:\\\/\\\/www.cercledecultura.org\\\/es\\\/cultura-y-educacion-sintonias-y-distancias\\\/\",\"url\":\"https:\\\/\\\/www.cercledecultura.org\\\/es\\\/cultura-y-educacion-sintonias-y-distancias\\\/\",\"name\":\"Cultura y educaci\u00f3n: sinton\u00edas y distancias - Cercle de Cultura\",\"isPartOf\":{\"@id\":\"https:\\\/\\\/www.cercledecultura.org\\\/es\\\/#website\"},\"primaryImageOfPage\":{\"@id\":\"https:\\\/\\\/www.cercledecultura.org\\\/es\\\/cultura-y-educacion-sintonias-y-distancias\\\/#primaryimage\"},\"image\":{\"@id\":\"https:\\\/\\\/www.cercledecultura.org\\\/es\\\/cultura-y-educacion-sintonias-y-distancias\\\/#primaryimage\"},\"thumbnailUrl\":\"https:\\\/\\\/www.cercledecultura.org\\\/wp-content\\\/uploads\\\/2024\\\/01\\\/Foto-cultura-i-educacio-24-gener.jpg\",\"datePublished\":\"2024-01-18T07:41:31+00:00\",\"dateModified\":\"2024-09-19T10:45:33+00:00\",\"breadcrumb\":{\"@id\":\"https:\\\/\\\/www.cercledecultura.org\\\/es\\\/cultura-y-educacion-sintonias-y-distancias\\\/#breadcrumb\"},\"inLanguage\":\"es\",\"potentialAction\":[{\"@type\":\"ReadAction\",\"target\":[\"https:\\\/\\\/www.cercledecultura.org\\\/es\\\/cultura-y-educacion-sintonias-y-distancias\\\/\"]}]},{\"@type\":\"ImageObject\",\"inLanguage\":\"es\",\"@id\":\"https:\\\/\\\/www.cercledecultura.org\\\/es\\\/cultura-y-educacion-sintonias-y-distancias\\\/#primaryimage\",\"url\":\"https:\\\/\\\/www.cercledecultura.org\\\/wp-content\\\/uploads\\\/2024\\\/01\\\/Foto-cultura-i-educacio-24-gener.jpg\",\"contentUrl\":\"https:\\\/\\\/www.cercledecultura.org\\\/wp-content\\\/uploads\\\/2024\\\/01\\\/Foto-cultura-i-educacio-24-gener.jpg\",\"width\":1748,\"height\":1240},{\"@type\":\"BreadcrumbList\",\"@id\":\"https:\\\/\\\/www.cercledecultura.org\\\/es\\\/cultura-y-educacion-sintonias-y-distancias\\\/#breadcrumb\",\"itemListElement\":[{\"@type\":\"ListItem\",\"position\":1,\"name\":\"Portada\",\"item\":\"https:\\\/\\\/www.cercledecultura.org\\\/es\\\/\"},{\"@type\":\"ListItem\",\"position\":2,\"name\":\"Cultura y educaci\u00f3n: sinton\u00edas y distancias\"}]},{\"@type\":\"WebSite\",\"@id\":\"https:\\\/\\\/www.cercledecultura.org\\\/es\\\/#website\",\"url\":\"https:\\\/\\\/www.cercledecultura.org\\\/es\\\/\",\"name\":\"Cercle de Cultura\",\"description\":\"Entitat de car\u00e0cter privat i associatiu, independent, amb voluntat de participar en la vida p\u00fablica des de la pluralitat ideol\u00f2gica dels seus membres fundadors i futurs associats\",\"publisher\":{\"@id\":\"https:\\\/\\\/www.cercledecultura.org\\\/es\\\/#organization\"},\"potentialAction\":[{\"@type\":\"SearchAction\",\"target\":{\"@type\":\"EntryPoint\",\"urlTemplate\":\"https:\\\/\\\/www.cercledecultura.org\\\/es\\\/?s={search_term_string}\"},\"query-input\":{\"@type\":\"PropertyValueSpecification\",\"valueRequired\":true,\"valueName\":\"search_term_string\"}}],\"inLanguage\":\"es\"},{\"@type\":\"Organization\",\"@id\":\"https:\\\/\\\/www.cercledecultura.org\\\/es\\\/#organization\",\"name\":\"Cercle de Cultura\",\"url\":\"https:\\\/\\\/www.cercledecultura.org\\\/es\\\/\",\"logo\":{\"@type\":\"ImageObject\",\"inLanguage\":\"es\",\"@id\":\"https:\\\/\\\/www.cercledecultura.org\\\/es\\\/#\\\/schema\\\/logo\\\/image\\\/\",\"url\":\"https:\\\/\\\/www.cercledecultura.org\\\/wp-content\\\/uploads\\\/2020\\\/01\\\/logo-cercle-de-cultura.png\",\"contentUrl\":\"https:\\\/\\\/www.cercledecultura.org\\\/wp-content\\\/uploads\\\/2020\\\/01\\\/logo-cercle-de-cultura.png\",\"width\":350,\"height\":195,\"caption\":\"Cercle de Cultura\"},\"image\":{\"@id\":\"https:\\\/\\\/www.cercledecultura.org\\\/es\\\/#\\\/schema\\\/logo\\\/image\\\/\"}},{\"@type\":\"Person\",\"@id\":\"https:\\\/\\\/www.cercledecultura.org\\\/es\\\/#\\\/schema\\\/person\\\/931e40c1179ecf352012690d06c032f4\",\"name\":\"Comunicaci\u00f3 Cercle de Cultura\",\"image\":{\"@type\":\"ImageObject\",\"inLanguage\":\"es\",\"@id\":\"https:\\\/\\\/secure.gravatar.com\\\/avatar\\\/46c76410f5e9186d043ead05387a12bf4af192b9a85fac81aaa84c02b822a715?s=96&d=mm&r=g\",\"url\":\"https:\\\/\\\/secure.gravatar.com\\\/avatar\\\/46c76410f5e9186d043ead05387a12bf4af192b9a85fac81aaa84c02b822a715?s=96&d=mm&r=g\",\"contentUrl\":\"https:\\\/\\\/secure.gravatar.com\\\/avatar\\\/46c76410f5e9186d043ead05387a12bf4af192b9a85fac81aaa84c02b822a715?s=96&d=mm&r=g\",\"caption\":\"Comunicaci\u00f3 Cercle de Cultura\"},\"sameAs\":[\"https:\\\/\\\/www.cercledecultura.org\"],\"url\":\"https:\\\/\\\/www.cercledecultura.org\\\/es\\\/author\\\/secretaria\\\/\"}]}<\/script>\n<!-- \/ Yoast SEO plugin. -->","yoast_head_json":{"title":"Cultura y educaci\u00f3n: sinton\u00edas y distancias - Cercle de Cultura","robots":{"index":"index","follow":"follow","max-snippet":"max-snippet:-1","max-image-preview":"max-image-preview:large","max-video-preview":"max-video-preview:-1"},"canonical":"https:\/\/www.cercledecultura.org\/es\/cultura-y-educacion-sintonias-y-distancias\/","og_locale":"es_ES","og_type":"article","og_title":"Cultura y educaci\u00f3n: sinton\u00edas y distancias - Cercle de Cultura","og_description":"Desde el Cercle de Cultura os invitamos a asistir a la conversaci\u00f3n sobre sinton\u00edas y distancias entre cultura y educaci\u00f3n del pr\u00f3ximo mi\u00e9rcoles 24 de enero a las seis de la tarde, en el Auditorio del Cercle d&#8217;Economia. Contaremos con la presencia del Dr. Joan Manuel del Pozo (Profesor de Filosof\u00eda, experto en educaci\u00f3n y [&hellip;]","og_url":"https:\/\/www.cercledecultura.org\/es\/cultura-y-educacion-sintonias-y-distancias\/","og_site_name":"Cercle de Cultura","article_published_time":"2024-01-18T07:41:31+00:00","article_modified_time":"2024-09-19T10:45:33+00:00","og_image":[{"width":1748,"height":1240,"url":"https:\/\/www.cercledecultura.org\/wp-content\/uploads\/2024\/01\/Foto-cultura-i-educacio-24-gener.jpg","type":"image\/jpeg"}],"author":"Comunicaci\u00f3 Cercle de Cultura","twitter_card":"summary_large_image","twitter_misc":{"Escrito por":"Comunicaci\u00f3 Cercle de Cultura","Tiempo de lectura":"1 minuto"},"schema":{"@context":"https:\/\/schema.org","@graph":[{"@type":"Article","@id":"https:\/\/www.cercledecultura.org\/es\/cultura-y-educacion-sintonias-y-distancias\/#article","isPartOf":{"@id":"https:\/\/www.cercledecultura.org\/es\/cultura-y-educacion-sintonias-y-distancias\/"},"author":{"name":"Comunicaci\u00f3 Cercle de Cultura","@id":"https:\/\/www.cercledecultura.org\/es\/#\/schema\/person\/931e40c1179ecf352012690d06c032f4"},"headline":"Cultura y educaci\u00f3n: sinton\u00edas y distancias","datePublished":"2024-01-18T07:41:31+00:00","dateModified":"2024-09-19T10:45:33+00:00","mainEntityOfPage":{"@id":"https:\/\/www.cercledecultura.org\/es\/cultura-y-educacion-sintonias-y-distancias\/"},"wordCount":154,"publisher":{"@id":"https:\/\/www.cercledecultura.org\/es\/#organization"},"image":{"@id":"https:\/\/www.cercledecultura.org\/es\/cultura-y-educacion-sintonias-y-distancias\/#primaryimage"},"thumbnailUrl":"https:\/\/www.cercledecultura.org\/wp-content\/uploads\/2024\/01\/Foto-cultura-i-educacio-24-gener.jpg","articleSection":["Actividades"],"inLanguage":"es"},{"@type":"WebPage","@id":"https:\/\/www.cercledecultura.org\/es\/cultura-y-educacion-sintonias-y-distancias\/","url":"https:\/\/www.cercledecultura.org\/es\/cultura-y-educacion-sintonias-y-distancias\/","name":"Cultura y educaci\u00f3n: sinton\u00edas y distancias - Cercle de Cultura","isPartOf":{"@id":"https:\/\/www.cercledecultura.org\/es\/#website"},"primaryImageOfPage":{"@id":"https:\/\/www.cercledecultura.org\/es\/cultura-y-educacion-sintonias-y-distancias\/#primaryimage"},"image":{"@id":"https:\/\/www.cercledecultura.org\/es\/cultura-y-educacion-sintonias-y-distancias\/#primaryimage"},"thumbnailUrl":"https:\/\/www.cercledecultura.org\/wp-content\/uploads\/2024\/01\/Foto-cultura-i-educacio-24-gener.jpg","datePublished":"2024-01-18T07:41:31+00:00","dateModified":"2024-09-19T10:45:33+00:00","breadcrumb":{"@id":"https:\/\/www.cercledecultura.org\/es\/cultura-y-educacion-sintonias-y-distancias\/#breadcrumb"},"inLanguage":"es","potentialAction":[{"@type":"ReadAction","target":["https:\/\/www.cercledecultura.org\/es\/cultura-y-educacion-sintonias-y-distancias\/"]}]},{"@type":"ImageObject","inLanguage":"es","@id":"https:\/\/www.cercledecultura.org\/es\/cultura-y-educacion-sintonias-y-distancias\/#primaryimage","url":"https:\/\/www.cercledecultura.org\/wp-content\/uploads\/2024\/01\/Foto-cultura-i-educacio-24-gener.jpg","contentUrl":"https:\/\/www.cercledecultura.org\/wp-content\/uploads\/2024\/01\/Foto-cultura-i-educacio-24-gener.jpg","width":1748,"height":1240},{"@type":"BreadcrumbList","@id":"https:\/\/www.cercledecultura.org\/es\/cultura-y-educacion-sintonias-y-distancias\/#breadcrumb","itemListElement":[{"@type":"ListItem","position":1,"name":"Portada","item":"https:\/\/www.cercledecultura.org\/es\/"},{"@type":"ListItem","position":2,"name":"Cultura y educaci\u00f3n: sinton\u00edas y distancias"}]},{"@type":"WebSite","@id":"https:\/\/www.cercledecultura.org\/es\/#website","url":"https:\/\/www.cercledecultura.org\/es\/","name":"Cercle de Cultura","description":"Entitat de car\u00e0cter privat i associatiu, independent, amb voluntat de participar en la vida p\u00fablica des de la pluralitat ideol\u00f2gica dels seus membres fundadors i futurs associats","publisher":{"@id":"https:\/\/www.cercledecultura.org\/es\/#organization"},"potentialAction":[{"@type":"SearchAction","target":{"@type":"EntryPoint","urlTemplate":"https:\/\/www.cercledecultura.org\/es\/?s={search_term_string}"},"query-input":{"@type":"PropertyValueSpecification","valueRequired":true,"valueName":"search_term_string"}}],"inLanguage":"es"},{"@type":"Organization","@id":"https:\/\/www.cercledecultura.org\/es\/#organization","name":"Cercle de Cultura","url":"https:\/\/www.cercledecultura.org\/es\/","logo":{"@type":"ImageObject","inLanguage":"es","@id":"https:\/\/www.cercledecultura.org\/es\/#\/schema\/logo\/image\/","url":"https:\/\/www.cercledecultura.org\/wp-content\/uploads\/2020\/01\/logo-cercle-de-cultura.png","contentUrl":"https:\/\/www.cercledecultura.org\/wp-content\/uploads\/2020\/01\/logo-cercle-de-cultura.png","width":350,"height":195,"caption":"Cercle de Cultura"},"image":{"@id":"https:\/\/www.cercledecultura.org\/es\/#\/schema\/logo\/image\/"}},{"@type":"Person","@id":"https:\/\/www.cercledecultura.org\/es\/#\/schema\/person\/931e40c1179ecf352012690d06c032f4","name":"Comunicaci\u00f3 Cercle de Cultura","image":{"@type":"ImageObject","inLanguage":"es","@id":"https:\/\/secure.gravatar.com\/avatar\/46c76410f5e9186d043ead05387a12bf4af192b9a85fac81aaa84c02b822a715?s=96&d=mm&r=g","url":"https:\/\/secure.gravatar.com\/avatar\/46c76410f5e9186d043ead05387a12bf4af192b9a85fac81aaa84c02b822a715?s=96&d=mm&r=g","contentUrl":"https:\/\/secure.gravatar.com\/avatar\/46c76410f5e9186d043ead05387a12bf4af192b9a85fac81aaa84c02b822a715?s=96&d=mm&r=g","caption":"Comunicaci\u00f3 Cercle de Cultura"},"sameAs":["https:\/\/www.cercledecultura.org"],"url":"https:\/\/www.cercledecultura.org\/es\/author\/secretaria\/"}]}},"_links":{"self":[{"href":"https:\/\/www.cercledecultura.org\/es\/wp-json\/wp\/v2\/posts\/2894","targetHints":{"allow":["GET"]}}],"collection":[{"href":"https:\/\/www.cercledecultura.org\/es\/wp-json\/wp\/v2\/posts"}],"about":[{"href":"https:\/\/www.cercledecultura.org\/es\/wp-json\/wp\/v2\/types\/post"}],"author":[{"embeddable":true,"href":"https:\/\/www.cercledecultura.org\/es\/wp-json\/wp\/v2\/users\/2"}],"replies":[{"embeddable":true,"href":"https:\/\/www.cercledecultura.org\/es\/wp-json\/wp\/v2\/comments?post=2894"}],"version-history":[{"count":2,"href":"https:\/\/www.cercledecultura.org\/es\/wp-json\/wp\/v2\/posts\/2894\/revisions"}],"predecessor-version":[{"id":3001,"href":"https:\/\/www.cercledecultura.org\/es\/wp-json\/wp\/v2\/posts\/2894\/revisions\/3001"}],"wp:featuredmedia":[{"embeddable":true,"href":"https:\/\/www.cercledecultura.org\/es\/wp-json\/wp\/v2\/media\/2892"}],"wp:attachment":[{"href":"https:\/\/www.cercledecultura.org\/es\/wp-json\/wp\/v2\/media?parent=2894"}],"wp:term":[{"taxonomy":"category","embeddable":true,"href":"https:\/\/www.cercledecultura.org\/es\/wp-json\/wp\/v2\/categories?post=2894"},{"taxonomy":"post_tag","embeddable":true,"href":"https:\/\/www.cercledecultura.org\/es\/wp-json\/wp\/v2\/tags?post=2894"}],"curies":[{"name":"wp","href":"https:\/\/api.w.org\/{rel}","templated":true}]}}