{"id":2802,"date":"2023-06-06T13:13:33","date_gmt":"2023-06-06T11:13:33","guid":{"rendered":"https:\/\/www.cercledecultura.org\/?p=2802"},"modified":"2023-06-06T18:14:27","modified_gmt":"2023-06-06T16:14:27","slug":"homenaje-a-daniel-martinez-en-el-encuentro-anual-de-socios-y-socias","status":"publish","type":"post","link":"https:\/\/www.cercledecultura.org\/es\/homenaje-a-daniel-martinez-en-el-encuentro-anual-de-socios-y-socias\/","title":{"rendered":"Homenaje a Daniel Mart\u00ednez en el encuentro anual de socios y socias"},"content":{"rendered":"<p>El d\u00eda 1 de junio el C\u00edrculo de Cultura rindi\u00f3 homenaje a uno de sus socios fundadores, Daniel Mart\u00ednez de Obreg\u00f3n, en honor a su dilatada carrera, siempre comprometida en generar espacios de encuentro, di\u00e1logo y colaboraci\u00f3n entre sectores, por el reconocimiento social, econ\u00f3mico e institucional de la cultura.<\/p>\n<p>El acto se celebr\u00f3 en la sede de la SGAE y cont\u00f3 tambi\u00e9n con un recital art\u00edstico a cargo de los reconocidos Josep Maria Pou y Emma Vilarasau, y un espacio de encuentro distendido entre socios y socias de la entidad. El mismo d\u00eda se celebr\u00f3 la Asamblea anual de Socios, donde se aprobaron la liquidaci\u00f3n del ejercicio 2022 y el presupuesto del a\u00f1o 2023.<\/p>\n","protected":false},"excerpt":{"rendered":"<p>El d\u00eda 1 de junio el C\u00edrculo de Cultura rindi\u00f3 homenaje a uno de sus socios fundadores, Daniel Mart\u00ednez de Obreg\u00f3n, en honor a su dilatada carrera, siempre comprometida en generar espacios de encuentro, di\u00e1logo y colaboraci\u00f3n entre sectores, por el reconocimiento social, econ\u00f3mico e institucional de la cultura. El acto se celebr\u00f3 en la [&hellip;]<\/p>\n","protected":false},"author":2,"featured_media":2796,"comment_status":"closed","ping_status":"closed","sticky":false,"template":"","format":"standard","meta":{"footnotes":""},"categories":[542,544],"tags":[],"class_list":["post-2802","post","type-post","status-publish","format-standard","has-post-thumbnail","hentry","category-noticias","category-reciente"],"yoast_head":"<!-- This site is optimized with the Yoast SEO plugin v27.5 - https:\/\/yoast.com\/product\/yoast-seo-wordpress\/ -->\n<title>Homenaje a Daniel Mart\u00ednez en el encuentro anual de socios y socias - Cercle de Cultura<\/title>\n<meta name=\"robots\" content=\"index, follow, max-snippet:-1, max-image-preview:large, max-video-preview:-1\" \/>\n<link rel=\"canonical\" href=\"https:\/\/www.cercledecultura.org\/es\/homenaje-a-daniel-martinez-en-el-encuentro-anual-de-socios-y-socias\/\" \/>\n<meta property=\"og:locale\" content=\"es_ES\" \/>\n<meta property=\"og:type\" content=\"article\" \/>\n<meta property=\"og:title\" content=\"Homenaje a Daniel Mart\u00ednez en el encuentro anual de socios y socias - Cercle de Cultura\" \/>\n<meta property=\"og:description\" content=\"El d\u00eda 1 de junio el C\u00edrculo de Cultura rindi\u00f3 homenaje a uno de sus socios fundadores, Daniel Mart\u00ednez de Obreg\u00f3n, en honor a su dilatada carrera, siempre comprometida en generar espacios de encuentro, di\u00e1logo y colaboraci\u00f3n entre sectores, por el reconocimiento social, econ\u00f3mico e institucional de la cultura. El acto se celebr\u00f3 en la [&hellip;]\" \/>\n<meta property=\"og:url\" content=\"https:\/\/www.cercledecultura.org\/es\/homenaje-a-daniel-martinez-en-el-encuentro-anual-de-socios-y-socias\/\" \/>\n<meta property=\"og:site_name\" content=\"Cercle de Cultura\" \/>\n<meta property=\"article:published_time\" content=\"2023-06-06T11:13:33+00:00\" \/>\n<meta property=\"article:modified_time\" content=\"2023-06-06T16:14:27+00:00\" \/>\n<meta property=\"og:image\" content=\"https:\/\/www.cercledecultura.org\/wp-content\/uploads\/2023\/06\/Daniel-Martinez_Cercle-de-Cultura_\u00a9Studio-Ruano_230601-4469_LOW.jpg\" \/>\n\t<meta property=\"og:image:width\" content=\"2123\" \/>\n\t<meta property=\"og:image:height\" content=\"1413\" \/>\n\t<meta property=\"og:image:type\" content=\"image\/jpeg\" \/>\n<meta name=\"author\" content=\"Comunicaci\u00f3 Cercle de Cultura\" \/>\n<meta name=\"twitter:card\" content=\"summary_large_image\" \/>\n<meta name=\"twitter:label1\" content=\"Escrito por\" \/>\n\t<meta name=\"twitter:data1\" content=\"Comunicaci\u00f3 Cercle de Cultura\" \/>\n\t<meta name=\"twitter:label2\" content=\"Tiempo de lectura\" \/>\n\t<meta name=\"twitter:data2\" content=\"1 minuto\" \/>\n<script type=\"application\/ld+json\" class=\"yoast-schema-graph\">{\"@context\":\"https:\\\/\\\/schema.org\",\"@graph\":[{\"@type\":\"Article\",\"@id\":\"https:\\\/\\\/www.cercledecultura.org\\\/es\\\/homenaje-a-daniel-martinez-en-el-encuentro-anual-de-socios-y-socias\\\/#article\",\"isPartOf\":{\"@id\":\"https:\\\/\\\/www.cercledecultura.org\\\/es\\\/homenaje-a-daniel-martinez-en-el-encuentro-anual-de-socios-y-socias\\\/\"},\"author\":{\"name\":\"Comunicaci\u00f3 Cercle de Cultura\",\"@id\":\"https:\\\/\\\/www.cercledecultura.org\\\/es\\\/#\\\/schema\\\/person\\\/931e40c1179ecf352012690d06c032f4\"},\"headline\":\"Homenaje a Daniel Mart\u00ednez en el encuentro anual de socios y socias\",\"datePublished\":\"2023-06-06T11:13:33+00:00\",\"dateModified\":\"2023-06-06T16:14:27+00:00\",\"mainEntityOfPage\":{\"@id\":\"https:\\\/\\\/www.cercledecultura.org\\\/es\\\/homenaje-a-daniel-martinez-en-el-encuentro-anual-de-socios-y-socias\\\/\"},\"wordCount\":136,\"publisher\":{\"@id\":\"https:\\\/\\\/www.cercledecultura.org\\\/es\\\/#organization\"},\"image\":{\"@id\":\"https:\\\/\\\/www.cercledecultura.org\\\/es\\\/homenaje-a-daniel-martinez-en-el-encuentro-anual-de-socios-y-socias\\\/#primaryimage\"},\"thumbnailUrl\":\"https:\\\/\\\/www.cercledecultura.org\\\/wp-content\\\/uploads\\\/2023\\\/06\\\/Daniel-Martinez_Cercle-de-Cultura_\u00a9Studio-Ruano_230601-4469_LOW.jpg\",\"articleSection\":[\"Noticias\",\"Reciente\"],\"inLanguage\":\"es\"},{\"@type\":\"WebPage\",\"@id\":\"https:\\\/\\\/www.cercledecultura.org\\\/es\\\/homenaje-a-daniel-martinez-en-el-encuentro-anual-de-socios-y-socias\\\/\",\"url\":\"https:\\\/\\\/www.cercledecultura.org\\\/es\\\/homenaje-a-daniel-martinez-en-el-encuentro-anual-de-socios-y-socias\\\/\",\"name\":\"Homenaje a Daniel Mart\u00ednez en el encuentro anual de socios y socias - Cercle de Cultura\",\"isPartOf\":{\"@id\":\"https:\\\/\\\/www.cercledecultura.org\\\/es\\\/#website\"},\"primaryImageOfPage\":{\"@id\":\"https:\\\/\\\/www.cercledecultura.org\\\/es\\\/homenaje-a-daniel-martinez-en-el-encuentro-anual-de-socios-y-socias\\\/#primaryimage\"},\"image\":{\"@id\":\"https:\\\/\\\/www.cercledecultura.org\\\/es\\\/homenaje-a-daniel-martinez-en-el-encuentro-anual-de-socios-y-socias\\\/#primaryimage\"},\"thumbnailUrl\":\"https:\\\/\\\/www.cercledecultura.org\\\/wp-content\\\/uploads\\\/2023\\\/06\\\/Daniel-Martinez_Cercle-de-Cultura_\u00a9Studio-Ruano_230601-4469_LOW.jpg\",\"datePublished\":\"2023-06-06T11:13:33+00:00\",\"dateModified\":\"2023-06-06T16:14:27+00:00\",\"breadcrumb\":{\"@id\":\"https:\\\/\\\/www.cercledecultura.org\\\/es\\\/homenaje-a-daniel-martinez-en-el-encuentro-anual-de-socios-y-socias\\\/#breadcrumb\"},\"inLanguage\":\"es\",\"potentialAction\":[{\"@type\":\"ReadAction\",\"target\":[\"https:\\\/\\\/www.cercledecultura.org\\\/es\\\/homenaje-a-daniel-martinez-en-el-encuentro-anual-de-socios-y-socias\\\/\"]}]},{\"@type\":\"ImageObject\",\"inLanguage\":\"es\",\"@id\":\"https:\\\/\\\/www.cercledecultura.org\\\/es\\\/homenaje-a-daniel-martinez-en-el-encuentro-anual-de-socios-y-socias\\\/#primaryimage\",\"url\":\"https:\\\/\\\/www.cercledecultura.org\\\/wp-content\\\/uploads\\\/2023\\\/06\\\/Daniel-Martinez_Cercle-de-Cultura_\u00a9Studio-Ruano_230601-4469_LOW.jpg\",\"contentUrl\":\"https:\\\/\\\/www.cercledecultura.org\\\/wp-content\\\/uploads\\\/2023\\\/06\\\/Daniel-Martinez_Cercle-de-Cultura_\u00a9Studio-Ruano_230601-4469_LOW.jpg\",\"width\":2123,\"height\":1413},{\"@type\":\"BreadcrumbList\",\"@id\":\"https:\\\/\\\/www.cercledecultura.org\\\/es\\\/homenaje-a-daniel-martinez-en-el-encuentro-anual-de-socios-y-socias\\\/#breadcrumb\",\"itemListElement\":[{\"@type\":\"ListItem\",\"position\":1,\"name\":\"Portada\",\"item\":\"https:\\\/\\\/www.cercledecultura.org\\\/es\\\/\"},{\"@type\":\"ListItem\",\"position\":2,\"name\":\"Homenaje a Daniel Mart\u00ednez en el encuentro anual de socios y socias\"}]},{\"@type\":\"WebSite\",\"@id\":\"https:\\\/\\\/www.cercledecultura.org\\\/es\\\/#website\",\"url\":\"https:\\\/\\\/www.cercledecultura.org\\\/es\\\/\",\"name\":\"Cercle de Cultura\",\"description\":\"Entitat de car\u00e0cter privat i associatiu, independent, amb voluntat de participar en la vida p\u00fablica des de la pluralitat ideol\u00f2gica dels seus membres fundadors i futurs associats\",\"publisher\":{\"@id\":\"https:\\\/\\\/www.cercledecultura.org\\\/es\\\/#organization\"},\"potentialAction\":[{\"@type\":\"SearchAction\",\"target\":{\"@type\":\"EntryPoint\",\"urlTemplate\":\"https:\\\/\\\/www.cercledecultura.org\\\/es\\\/?s={search_term_string}\"},\"query-input\":{\"@type\":\"PropertyValueSpecification\",\"valueRequired\":true,\"valueName\":\"search_term_string\"}}],\"inLanguage\":\"es\"},{\"@type\":\"Organization\",\"@id\":\"https:\\\/\\\/www.cercledecultura.org\\\/es\\\/#organization\",\"name\":\"Cercle de Cultura\",\"url\":\"https:\\\/\\\/www.cercledecultura.org\\\/es\\\/\",\"logo\":{\"@type\":\"ImageObject\",\"inLanguage\":\"es\",\"@id\":\"https:\\\/\\\/www.cercledecultura.org\\\/es\\\/#\\\/schema\\\/logo\\\/image\\\/\",\"url\":\"https:\\\/\\\/www.cercledecultura.org\\\/wp-content\\\/uploads\\\/2020\\\/01\\\/logo-cercle-de-cultura.png\",\"contentUrl\":\"https:\\\/\\\/www.cercledecultura.org\\\/wp-content\\\/uploads\\\/2020\\\/01\\\/logo-cercle-de-cultura.png\",\"width\":350,\"height\":195,\"caption\":\"Cercle de Cultura\"},\"image\":{\"@id\":\"https:\\\/\\\/www.cercledecultura.org\\\/es\\\/#\\\/schema\\\/logo\\\/image\\\/\"}},{\"@type\":\"Person\",\"@id\":\"https:\\\/\\\/www.cercledecultura.org\\\/es\\\/#\\\/schema\\\/person\\\/931e40c1179ecf352012690d06c032f4\",\"name\":\"Comunicaci\u00f3 Cercle de Cultura\",\"image\":{\"@type\":\"ImageObject\",\"inLanguage\":\"es\",\"@id\":\"https:\\\/\\\/secure.gravatar.com\\\/avatar\\\/46c76410f5e9186d043ead05387a12bf4af192b9a85fac81aaa84c02b822a715?s=96&d=mm&r=g\",\"url\":\"https:\\\/\\\/secure.gravatar.com\\\/avatar\\\/46c76410f5e9186d043ead05387a12bf4af192b9a85fac81aaa84c02b822a715?s=96&d=mm&r=g\",\"contentUrl\":\"https:\\\/\\\/secure.gravatar.com\\\/avatar\\\/46c76410f5e9186d043ead05387a12bf4af192b9a85fac81aaa84c02b822a715?s=96&d=mm&r=g\",\"caption\":\"Comunicaci\u00f3 Cercle de Cultura\"},\"sameAs\":[\"https:\\\/\\\/www.cercledecultura.org\"],\"url\":\"https:\\\/\\\/www.cercledecultura.org\\\/es\\\/author\\\/secretaria\\\/\"}]}<\/script>\n<!-- \/ Yoast SEO plugin. -->","yoast_head_json":{"title":"Homenaje a Daniel Mart\u00ednez en el encuentro anual de socios y socias - Cercle de Cultura","robots":{"index":"index","follow":"follow","max-snippet":"max-snippet:-1","max-image-preview":"max-image-preview:large","max-video-preview":"max-video-preview:-1"},"canonical":"https:\/\/www.cercledecultura.org\/es\/homenaje-a-daniel-martinez-en-el-encuentro-anual-de-socios-y-socias\/","og_locale":"es_ES","og_type":"article","og_title":"Homenaje a Daniel Mart\u00ednez en el encuentro anual de socios y socias - Cercle de Cultura","og_description":"El d\u00eda 1 de junio el C\u00edrculo de Cultura rindi\u00f3 homenaje a uno de sus socios fundadores, Daniel Mart\u00ednez de Obreg\u00f3n, en honor a su dilatada carrera, siempre comprometida en generar espacios de encuentro, di\u00e1logo y colaboraci\u00f3n entre sectores, por el reconocimiento social, econ\u00f3mico e institucional de la cultura. El acto se celebr\u00f3 en la [&hellip;]","og_url":"https:\/\/www.cercledecultura.org\/es\/homenaje-a-daniel-martinez-en-el-encuentro-anual-de-socios-y-socias\/","og_site_name":"Cercle de Cultura","article_published_time":"2023-06-06T11:13:33+00:00","article_modified_time":"2023-06-06T16:14:27+00:00","og_image":[{"width":2123,"height":1413,"url":"https:\/\/www.cercledecultura.org\/wp-content\/uploads\/2023\/06\/Daniel-Martinez_Cercle-de-Cultura_\u00a9Studio-Ruano_230601-4469_LOW.jpg","type":"image\/jpeg"}],"author":"Comunicaci\u00f3 Cercle de Cultura","twitter_card":"summary_large_image","twitter_misc":{"Escrito por":"Comunicaci\u00f3 Cercle de Cultura","Tiempo de lectura":"1 minuto"},"schema":{"@context":"https:\/\/schema.org","@graph":[{"@type":"Article","@id":"https:\/\/www.cercledecultura.org\/es\/homenaje-a-daniel-martinez-en-el-encuentro-anual-de-socios-y-socias\/#article","isPartOf":{"@id":"https:\/\/www.cercledecultura.org\/es\/homenaje-a-daniel-martinez-en-el-encuentro-anual-de-socios-y-socias\/"},"author":{"name":"Comunicaci\u00f3 Cercle de Cultura","@id":"https:\/\/www.cercledecultura.org\/es\/#\/schema\/person\/931e40c1179ecf352012690d06c032f4"},"headline":"Homenaje a Daniel Mart\u00ednez en el encuentro anual de socios y socias","datePublished":"2023-06-06T11:13:33+00:00","dateModified":"2023-06-06T16:14:27+00:00","mainEntityOfPage":{"@id":"https:\/\/www.cercledecultura.org\/es\/homenaje-a-daniel-martinez-en-el-encuentro-anual-de-socios-y-socias\/"},"wordCount":136,"publisher":{"@id":"https:\/\/www.cercledecultura.org\/es\/#organization"},"image":{"@id":"https:\/\/www.cercledecultura.org\/es\/homenaje-a-daniel-martinez-en-el-encuentro-anual-de-socios-y-socias\/#primaryimage"},"thumbnailUrl":"https:\/\/www.cercledecultura.org\/wp-content\/uploads\/2023\/06\/Daniel-Martinez_Cercle-de-Cultura_\u00a9Studio-Ruano_230601-4469_LOW.jpg","articleSection":["Noticias","Reciente"],"inLanguage":"es"},{"@type":"WebPage","@id":"https:\/\/www.cercledecultura.org\/es\/homenaje-a-daniel-martinez-en-el-encuentro-anual-de-socios-y-socias\/","url":"https:\/\/www.cercledecultura.org\/es\/homenaje-a-daniel-martinez-en-el-encuentro-anual-de-socios-y-socias\/","name":"Homenaje a Daniel Mart\u00ednez en el encuentro anual de socios y socias - Cercle de Cultura","isPartOf":{"@id":"https:\/\/www.cercledecultura.org\/es\/#website"},"primaryImageOfPage":{"@id":"https:\/\/www.cercledecultura.org\/es\/homenaje-a-daniel-martinez-en-el-encuentro-anual-de-socios-y-socias\/#primaryimage"},"image":{"@id":"https:\/\/www.cercledecultura.org\/es\/homenaje-a-daniel-martinez-en-el-encuentro-anual-de-socios-y-socias\/#primaryimage"},"thumbnailUrl":"https:\/\/www.cercledecultura.org\/wp-content\/uploads\/2023\/06\/Daniel-Martinez_Cercle-de-Cultura_\u00a9Studio-Ruano_230601-4469_LOW.jpg","datePublished":"2023-06-06T11:13:33+00:00","dateModified":"2023-06-06T16:14:27+00:00","breadcrumb":{"@id":"https:\/\/www.cercledecultura.org\/es\/homenaje-a-daniel-martinez-en-el-encuentro-anual-de-socios-y-socias\/#breadcrumb"},"inLanguage":"es","potentialAction":[{"@type":"ReadAction","target":["https:\/\/www.cercledecultura.org\/es\/homenaje-a-daniel-martinez-en-el-encuentro-anual-de-socios-y-socias\/"]}]},{"@type":"ImageObject","inLanguage":"es","@id":"https:\/\/www.cercledecultura.org\/es\/homenaje-a-daniel-martinez-en-el-encuentro-anual-de-socios-y-socias\/#primaryimage","url":"https:\/\/www.cercledecultura.org\/wp-content\/uploads\/2023\/06\/Daniel-Martinez_Cercle-de-Cultura_\u00a9Studio-Ruano_230601-4469_LOW.jpg","contentUrl":"https:\/\/www.cercledecultura.org\/wp-content\/uploads\/2023\/06\/Daniel-Martinez_Cercle-de-Cultura_\u00a9Studio-Ruano_230601-4469_LOW.jpg","width":2123,"height":1413},{"@type":"BreadcrumbList","@id":"https:\/\/www.cercledecultura.org\/es\/homenaje-a-daniel-martinez-en-el-encuentro-anual-de-socios-y-socias\/#breadcrumb","itemListElement":[{"@type":"ListItem","position":1,"name":"Portada","item":"https:\/\/www.cercledecultura.org\/es\/"},{"@type":"ListItem","position":2,"name":"Homenaje a Daniel Mart\u00ednez en el encuentro anual de socios y socias"}]},{"@type":"WebSite","@id":"https:\/\/www.cercledecultura.org\/es\/#website","url":"https:\/\/www.cercledecultura.org\/es\/","name":"Cercle de Cultura","description":"Entitat de car\u00e0cter privat i associatiu, independent, amb voluntat de participar en la vida p\u00fablica des de la pluralitat ideol\u00f2gica dels seus membres fundadors i futurs associats","publisher":{"@id":"https:\/\/www.cercledecultura.org\/es\/#organization"},"potentialAction":[{"@type":"SearchAction","target":{"@type":"EntryPoint","urlTemplate":"https:\/\/www.cercledecultura.org\/es\/?s={search_term_string}"},"query-input":{"@type":"PropertyValueSpecification","valueRequired":true,"valueName":"search_term_string"}}],"inLanguage":"es"},{"@type":"Organization","@id":"https:\/\/www.cercledecultura.org\/es\/#organization","name":"Cercle de Cultura","url":"https:\/\/www.cercledecultura.org\/es\/","logo":{"@type":"ImageObject","inLanguage":"es","@id":"https:\/\/www.cercledecultura.org\/es\/#\/schema\/logo\/image\/","url":"https:\/\/www.cercledecultura.org\/wp-content\/uploads\/2020\/01\/logo-cercle-de-cultura.png","contentUrl":"https:\/\/www.cercledecultura.org\/wp-content\/uploads\/2020\/01\/logo-cercle-de-cultura.png","width":350,"height":195,"caption":"Cercle de Cultura"},"image":{"@id":"https:\/\/www.cercledecultura.org\/es\/#\/schema\/logo\/image\/"}},{"@type":"Person","@id":"https:\/\/www.cercledecultura.org\/es\/#\/schema\/person\/931e40c1179ecf352012690d06c032f4","name":"Comunicaci\u00f3 Cercle de Cultura","image":{"@type":"ImageObject","inLanguage":"es","@id":"https:\/\/secure.gravatar.com\/avatar\/46c76410f5e9186d043ead05387a12bf4af192b9a85fac81aaa84c02b822a715?s=96&d=mm&r=g","url":"https:\/\/secure.gravatar.com\/avatar\/46c76410f5e9186d043ead05387a12bf4af192b9a85fac81aaa84c02b822a715?s=96&d=mm&r=g","contentUrl":"https:\/\/secure.gravatar.com\/avatar\/46c76410f5e9186d043ead05387a12bf4af192b9a85fac81aaa84c02b822a715?s=96&d=mm&r=g","caption":"Comunicaci\u00f3 Cercle de Cultura"},"sameAs":["https:\/\/www.cercledecultura.org"],"url":"https:\/\/www.cercledecultura.org\/es\/author\/secretaria\/"}]}},"_links":{"self":[{"href":"https:\/\/www.cercledecultura.org\/es\/wp-json\/wp\/v2\/posts\/2802","targetHints":{"allow":["GET"]}}],"collection":[{"href":"https:\/\/www.cercledecultura.org\/es\/wp-json\/wp\/v2\/posts"}],"about":[{"href":"https:\/\/www.cercledecultura.org\/es\/wp-json\/wp\/v2\/types\/post"}],"author":[{"embeddable":true,"href":"https:\/\/www.cercledecultura.org\/es\/wp-json\/wp\/v2\/users\/2"}],"replies":[{"embeddable":true,"href":"https:\/\/www.cercledecultura.org\/es\/wp-json\/wp\/v2\/comments?post=2802"}],"version-history":[{"count":2,"href":"https:\/\/www.cercledecultura.org\/es\/wp-json\/wp\/v2\/posts\/2802\/revisions"}],"predecessor-version":[{"id":2806,"href":"https:\/\/www.cercledecultura.org\/es\/wp-json\/wp\/v2\/posts\/2802\/revisions\/2806"}],"wp:featuredmedia":[{"embeddable":true,"href":"https:\/\/www.cercledecultura.org\/es\/wp-json\/wp\/v2\/media\/2796"}],"wp:attachment":[{"href":"https:\/\/www.cercledecultura.org\/es\/wp-json\/wp\/v2\/media?parent=2802"}],"wp:term":[{"taxonomy":"category","embeddable":true,"href":"https:\/\/www.cercledecultura.org\/es\/wp-json\/wp\/v2\/categories?post=2802"},{"taxonomy":"post_tag","embeddable":true,"href":"https:\/\/www.cercledecultura.org\/es\/wp-json\/wp\/v2\/tags?post=2802"}],"curies":[{"name":"wp","href":"https:\/\/api.w.org\/{rel}","templated":true}]}}