{"id":2571,"date":"2022-05-10T10:09:43","date_gmt":"2022-05-10T08:09:43","guid":{"rendered":"https:\/\/www.cercledecultura.org\/?p=2571"},"modified":"2022-05-21T10:11:23","modified_gmt":"2022-05-21T08:11:23","slug":"alfons-martinell-homenajeado-en-colombia","status":"publish","type":"post","link":"https:\/\/www.cercledecultura.org\/es\/alfons-martinell-homenajeado-en-colombia\/","title":{"rendered":"Alfons Martinell, homenajeado en Colombia"},"content":{"rendered":"<p>La Universidad Tecnol\u00f3gica de Bol\u00edvar (Colombia) ha homenajeado al miembro de la junta del Cercle de Cultura Alfons Martinell, concedi\u00e9ndole la distinci\u00f3n de profesor honorario de la instituci\u00f3n. Es la primera vez que se entrega ese t\u00edtulo.<\/p>\n<p>Un merecido reconocimiento a quien, desde la C\u00e1tedra UNESCO de Pol\u00edticas Culturales de la Universitat de Girona y desde la AECID ha significado un antes y un despu\u00e9s en la formaci\u00f3n en Gesti\u00f3n Cultural. \u00a1Enhorabuena!<\/p>\n<p>El acto de reconocimiento se celebr\u00f3 el pasado 9 de mayo en la Sala de Juntas del Rectorado de la UTB. Pod\u00e9is encontrar m\u00e1s informaci\u00f3n sobre el reconocimiento en la web de la <a href=\"https:\/\/noticiasvital.com\/2022\/04\/29\/el-profesor-alfons-martinell-sempere-sera-distinguido-por-la-utb\/\" target=\"_blank\" rel=\"noopener\">universidad<\/a>.<\/p>\n","protected":false},"excerpt":{"rendered":"<p>La Universidad Tecnol\u00f3gica de Bol\u00edvar (Colombia) ha homenajeado al miembro de la junta del Cercle de Cultura Alfons Martinell, concedi\u00e9ndole la distinci\u00f3n de profesor honorario de la instituci\u00f3n. Es la primera vez que se entrega ese t\u00edtulo. Un merecido reconocimiento a quien, desde la C\u00e1tedra UNESCO de Pol\u00edticas Culturales de la Universitat de Girona y [&hellip;]<\/p>\n","protected":false},"author":2,"featured_media":2569,"comment_status":"closed","ping_status":"closed","sticky":false,"template":"","format":"standard","meta":{"footnotes":""},"categories":[542],"tags":[],"class_list":["post-2571","post","type-post","status-publish","format-standard","has-post-thumbnail","hentry","category-noticias"],"yoast_head":"<!-- This site is optimized with the Yoast SEO plugin v27.5 - https:\/\/yoast.com\/product\/yoast-seo-wordpress\/ -->\n<title>Alfons Martinell, homenajeado en Colombia - Cercle de Cultura<\/title>\n<meta name=\"robots\" content=\"index, follow, max-snippet:-1, max-image-preview:large, max-video-preview:-1\" \/>\n<link rel=\"canonical\" href=\"https:\/\/www.cercledecultura.org\/es\/alfons-martinell-homenajeado-en-colombia\/\" \/>\n<meta property=\"og:locale\" content=\"es_ES\" \/>\n<meta property=\"og:type\" content=\"article\" \/>\n<meta property=\"og:title\" content=\"Alfons Martinell, homenajeado en Colombia - Cercle de Cultura\" \/>\n<meta property=\"og:description\" content=\"La Universidad Tecnol\u00f3gica de Bol\u00edvar (Colombia) ha homenajeado al miembro de la junta del Cercle de Cultura Alfons Martinell, concedi\u00e9ndole la distinci\u00f3n de profesor honorario de la instituci\u00f3n. Es la primera vez que se entrega ese t\u00edtulo. Un merecido reconocimiento a quien, desde la C\u00e1tedra UNESCO de Pol\u00edticas Culturales de la Universitat de Girona y [&hellip;]\" \/>\n<meta property=\"og:url\" content=\"https:\/\/www.cercledecultura.org\/es\/alfons-martinell-homenajeado-en-colombia\/\" \/>\n<meta property=\"og:site_name\" content=\"Cercle de Cultura\" \/>\n<meta property=\"article:published_time\" content=\"2022-05-10T08:09:43+00:00\" \/>\n<meta property=\"article:modified_time\" content=\"2022-05-21T08:11:23+00:00\" \/>\n<meta property=\"og:image\" content=\"https:\/\/www.cercledecultura.org\/wp-content\/uploads\/2022\/05\/unnamed.jpeg\" \/>\n\t<meta property=\"og:image:width\" content=\"1257\" \/>\n\t<meta property=\"og:image:height\" content=\"1280\" \/>\n\t<meta property=\"og:image:type\" content=\"image\/jpeg\" \/>\n<meta name=\"author\" content=\"Comunicaci\u00f3 Cercle de Cultura\" \/>\n<meta name=\"twitter:card\" content=\"summary_large_image\" \/>\n<meta name=\"twitter:label1\" content=\"Escrito por\" \/>\n\t<meta name=\"twitter:data1\" content=\"Comunicaci\u00f3 Cercle de Cultura\" \/>\n\t<meta name=\"twitter:label2\" content=\"Tiempo de lectura\" \/>\n\t<meta name=\"twitter:data2\" content=\"1 minuto\" \/>\n<script type=\"application\/ld+json\" class=\"yoast-schema-graph\">{\"@context\":\"https:\\\/\\\/schema.org\",\"@graph\":[{\"@type\":\"Article\",\"@id\":\"https:\\\/\\\/www.cercledecultura.org\\\/es\\\/alfons-martinell-homenajeado-en-colombia\\\/#article\",\"isPartOf\":{\"@id\":\"https:\\\/\\\/www.cercledecultura.org\\\/es\\\/alfons-martinell-homenajeado-en-colombia\\\/\"},\"author\":{\"name\":\"Comunicaci\u00f3 Cercle de Cultura\",\"@id\":\"https:\\\/\\\/www.cercledecultura.org\\\/es\\\/#\\\/schema\\\/person\\\/931e40c1179ecf352012690d06c032f4\"},\"headline\":\"Alfons Martinell, homenajeado en Colombia\",\"datePublished\":\"2022-05-10T08:09:43+00:00\",\"dateModified\":\"2022-05-21T08:11:23+00:00\",\"mainEntityOfPage\":{\"@id\":\"https:\\\/\\\/www.cercledecultura.org\\\/es\\\/alfons-martinell-homenajeado-en-colombia\\\/\"},\"wordCount\":124,\"publisher\":{\"@id\":\"https:\\\/\\\/www.cercledecultura.org\\\/es\\\/#organization\"},\"image\":{\"@id\":\"https:\\\/\\\/www.cercledecultura.org\\\/es\\\/alfons-martinell-homenajeado-en-colombia\\\/#primaryimage\"},\"thumbnailUrl\":\"https:\\\/\\\/www.cercledecultura.org\\\/wp-content\\\/uploads\\\/2022\\\/05\\\/unnamed.jpeg\",\"articleSection\":[\"Noticias\"],\"inLanguage\":\"es\"},{\"@type\":\"WebPage\",\"@id\":\"https:\\\/\\\/www.cercledecultura.org\\\/es\\\/alfons-martinell-homenajeado-en-colombia\\\/\",\"url\":\"https:\\\/\\\/www.cercledecultura.org\\\/es\\\/alfons-martinell-homenajeado-en-colombia\\\/\",\"name\":\"Alfons Martinell, homenajeado en Colombia - Cercle de Cultura\",\"isPartOf\":{\"@id\":\"https:\\\/\\\/www.cercledecultura.org\\\/es\\\/#website\"},\"primaryImageOfPage\":{\"@id\":\"https:\\\/\\\/www.cercledecultura.org\\\/es\\\/alfons-martinell-homenajeado-en-colombia\\\/#primaryimage\"},\"image\":{\"@id\":\"https:\\\/\\\/www.cercledecultura.org\\\/es\\\/alfons-martinell-homenajeado-en-colombia\\\/#primaryimage\"},\"thumbnailUrl\":\"https:\\\/\\\/www.cercledecultura.org\\\/wp-content\\\/uploads\\\/2022\\\/05\\\/unnamed.jpeg\",\"datePublished\":\"2022-05-10T08:09:43+00:00\",\"dateModified\":\"2022-05-21T08:11:23+00:00\",\"breadcrumb\":{\"@id\":\"https:\\\/\\\/www.cercledecultura.org\\\/es\\\/alfons-martinell-homenajeado-en-colombia\\\/#breadcrumb\"},\"inLanguage\":\"es\",\"potentialAction\":[{\"@type\":\"ReadAction\",\"target\":[\"https:\\\/\\\/www.cercledecultura.org\\\/es\\\/alfons-martinell-homenajeado-en-colombia\\\/\"]}]},{\"@type\":\"ImageObject\",\"inLanguage\":\"es\",\"@id\":\"https:\\\/\\\/www.cercledecultura.org\\\/es\\\/alfons-martinell-homenajeado-en-colombia\\\/#primaryimage\",\"url\":\"https:\\\/\\\/www.cercledecultura.org\\\/wp-content\\\/uploads\\\/2022\\\/05\\\/unnamed.jpeg\",\"contentUrl\":\"https:\\\/\\\/www.cercledecultura.org\\\/wp-content\\\/uploads\\\/2022\\\/05\\\/unnamed.jpeg\",\"width\":1257,\"height\":1280},{\"@type\":\"BreadcrumbList\",\"@id\":\"https:\\\/\\\/www.cercledecultura.org\\\/es\\\/alfons-martinell-homenajeado-en-colombia\\\/#breadcrumb\",\"itemListElement\":[{\"@type\":\"ListItem\",\"position\":1,\"name\":\"Portada\",\"item\":\"https:\\\/\\\/www.cercledecultura.org\\\/es\\\/\"},{\"@type\":\"ListItem\",\"position\":2,\"name\":\"Alfons Martinell, homenajeado en Colombia\"}]},{\"@type\":\"WebSite\",\"@id\":\"https:\\\/\\\/www.cercledecultura.org\\\/es\\\/#website\",\"url\":\"https:\\\/\\\/www.cercledecultura.org\\\/es\\\/\",\"name\":\"Cercle de Cultura\",\"description\":\"Entitat de car\u00e0cter privat i associatiu, independent, amb voluntat de participar en la vida p\u00fablica des de la pluralitat ideol\u00f2gica dels seus membres fundadors i futurs associats\",\"publisher\":{\"@id\":\"https:\\\/\\\/www.cercledecultura.org\\\/es\\\/#organization\"},\"potentialAction\":[{\"@type\":\"SearchAction\",\"target\":{\"@type\":\"EntryPoint\",\"urlTemplate\":\"https:\\\/\\\/www.cercledecultura.org\\\/es\\\/?s={search_term_string}\"},\"query-input\":{\"@type\":\"PropertyValueSpecification\",\"valueRequired\":true,\"valueName\":\"search_term_string\"}}],\"inLanguage\":\"es\"},{\"@type\":\"Organization\",\"@id\":\"https:\\\/\\\/www.cercledecultura.org\\\/es\\\/#organization\",\"name\":\"Cercle de Cultura\",\"url\":\"https:\\\/\\\/www.cercledecultura.org\\\/es\\\/\",\"logo\":{\"@type\":\"ImageObject\",\"inLanguage\":\"es\",\"@id\":\"https:\\\/\\\/www.cercledecultura.org\\\/es\\\/#\\\/schema\\\/logo\\\/image\\\/\",\"url\":\"https:\\\/\\\/www.cercledecultura.org\\\/wp-content\\\/uploads\\\/2020\\\/01\\\/logo-cercle-de-cultura.png\",\"contentUrl\":\"https:\\\/\\\/www.cercledecultura.org\\\/wp-content\\\/uploads\\\/2020\\\/01\\\/logo-cercle-de-cultura.png\",\"width\":350,\"height\":195,\"caption\":\"Cercle de Cultura\"},\"image\":{\"@id\":\"https:\\\/\\\/www.cercledecultura.org\\\/es\\\/#\\\/schema\\\/logo\\\/image\\\/\"}},{\"@type\":\"Person\",\"@id\":\"https:\\\/\\\/www.cercledecultura.org\\\/es\\\/#\\\/schema\\\/person\\\/931e40c1179ecf352012690d06c032f4\",\"name\":\"Comunicaci\u00f3 Cercle de Cultura\",\"image\":{\"@type\":\"ImageObject\",\"inLanguage\":\"es\",\"@id\":\"https:\\\/\\\/secure.gravatar.com\\\/avatar\\\/46c76410f5e9186d043ead05387a12bf4af192b9a85fac81aaa84c02b822a715?s=96&d=mm&r=g\",\"url\":\"https:\\\/\\\/secure.gravatar.com\\\/avatar\\\/46c76410f5e9186d043ead05387a12bf4af192b9a85fac81aaa84c02b822a715?s=96&d=mm&r=g\",\"contentUrl\":\"https:\\\/\\\/secure.gravatar.com\\\/avatar\\\/46c76410f5e9186d043ead05387a12bf4af192b9a85fac81aaa84c02b822a715?s=96&d=mm&r=g\",\"caption\":\"Comunicaci\u00f3 Cercle de Cultura\"},\"sameAs\":[\"https:\\\/\\\/www.cercledecultura.org\"],\"url\":\"https:\\\/\\\/www.cercledecultura.org\\\/es\\\/author\\\/secretaria\\\/\"}]}<\/script>\n<!-- \/ Yoast SEO plugin. -->","yoast_head_json":{"title":"Alfons Martinell, homenajeado en Colombia - Cercle de Cultura","robots":{"index":"index","follow":"follow","max-snippet":"max-snippet:-1","max-image-preview":"max-image-preview:large","max-video-preview":"max-video-preview:-1"},"canonical":"https:\/\/www.cercledecultura.org\/es\/alfons-martinell-homenajeado-en-colombia\/","og_locale":"es_ES","og_type":"article","og_title":"Alfons Martinell, homenajeado en Colombia - Cercle de Cultura","og_description":"La Universidad Tecnol\u00f3gica de Bol\u00edvar (Colombia) ha homenajeado al miembro de la junta del Cercle de Cultura Alfons Martinell, concedi\u00e9ndole la distinci\u00f3n de profesor honorario de la instituci\u00f3n. Es la primera vez que se entrega ese t\u00edtulo. Un merecido reconocimiento a quien, desde la C\u00e1tedra UNESCO de Pol\u00edticas Culturales de la Universitat de Girona y [&hellip;]","og_url":"https:\/\/www.cercledecultura.org\/es\/alfons-martinell-homenajeado-en-colombia\/","og_site_name":"Cercle de Cultura","article_published_time":"2022-05-10T08:09:43+00:00","article_modified_time":"2022-05-21T08:11:23+00:00","og_image":[{"width":1257,"height":1280,"url":"https:\/\/www.cercledecultura.org\/wp-content\/uploads\/2022\/05\/unnamed.jpeg","type":"image\/jpeg"}],"author":"Comunicaci\u00f3 Cercle de Cultura","twitter_card":"summary_large_image","twitter_misc":{"Escrito por":"Comunicaci\u00f3 Cercle de Cultura","Tiempo de lectura":"1 minuto"},"schema":{"@context":"https:\/\/schema.org","@graph":[{"@type":"Article","@id":"https:\/\/www.cercledecultura.org\/es\/alfons-martinell-homenajeado-en-colombia\/#article","isPartOf":{"@id":"https:\/\/www.cercledecultura.org\/es\/alfons-martinell-homenajeado-en-colombia\/"},"author":{"name":"Comunicaci\u00f3 Cercle de Cultura","@id":"https:\/\/www.cercledecultura.org\/es\/#\/schema\/person\/931e40c1179ecf352012690d06c032f4"},"headline":"Alfons Martinell, homenajeado en Colombia","datePublished":"2022-05-10T08:09:43+00:00","dateModified":"2022-05-21T08:11:23+00:00","mainEntityOfPage":{"@id":"https:\/\/www.cercledecultura.org\/es\/alfons-martinell-homenajeado-en-colombia\/"},"wordCount":124,"publisher":{"@id":"https:\/\/www.cercledecultura.org\/es\/#organization"},"image":{"@id":"https:\/\/www.cercledecultura.org\/es\/alfons-martinell-homenajeado-en-colombia\/#primaryimage"},"thumbnailUrl":"https:\/\/www.cercledecultura.org\/wp-content\/uploads\/2022\/05\/unnamed.jpeg","articleSection":["Noticias"],"inLanguage":"es"},{"@type":"WebPage","@id":"https:\/\/www.cercledecultura.org\/es\/alfons-martinell-homenajeado-en-colombia\/","url":"https:\/\/www.cercledecultura.org\/es\/alfons-martinell-homenajeado-en-colombia\/","name":"Alfons Martinell, homenajeado en Colombia - Cercle de Cultura","isPartOf":{"@id":"https:\/\/www.cercledecultura.org\/es\/#website"},"primaryImageOfPage":{"@id":"https:\/\/www.cercledecultura.org\/es\/alfons-martinell-homenajeado-en-colombia\/#primaryimage"},"image":{"@id":"https:\/\/www.cercledecultura.org\/es\/alfons-martinell-homenajeado-en-colombia\/#primaryimage"},"thumbnailUrl":"https:\/\/www.cercledecultura.org\/wp-content\/uploads\/2022\/05\/unnamed.jpeg","datePublished":"2022-05-10T08:09:43+00:00","dateModified":"2022-05-21T08:11:23+00:00","breadcrumb":{"@id":"https:\/\/www.cercledecultura.org\/es\/alfons-martinell-homenajeado-en-colombia\/#breadcrumb"},"inLanguage":"es","potentialAction":[{"@type":"ReadAction","target":["https:\/\/www.cercledecultura.org\/es\/alfons-martinell-homenajeado-en-colombia\/"]}]},{"@type":"ImageObject","inLanguage":"es","@id":"https:\/\/www.cercledecultura.org\/es\/alfons-martinell-homenajeado-en-colombia\/#primaryimage","url":"https:\/\/www.cercledecultura.org\/wp-content\/uploads\/2022\/05\/unnamed.jpeg","contentUrl":"https:\/\/www.cercledecultura.org\/wp-content\/uploads\/2022\/05\/unnamed.jpeg","width":1257,"height":1280},{"@type":"BreadcrumbList","@id":"https:\/\/www.cercledecultura.org\/es\/alfons-martinell-homenajeado-en-colombia\/#breadcrumb","itemListElement":[{"@type":"ListItem","position":1,"name":"Portada","item":"https:\/\/www.cercledecultura.org\/es\/"},{"@type":"ListItem","position":2,"name":"Alfons Martinell, homenajeado en Colombia"}]},{"@type":"WebSite","@id":"https:\/\/www.cercledecultura.org\/es\/#website","url":"https:\/\/www.cercledecultura.org\/es\/","name":"Cercle de Cultura","description":"Entitat de car\u00e0cter privat i associatiu, independent, amb voluntat de participar en la vida p\u00fablica des de la pluralitat ideol\u00f2gica dels seus membres fundadors i futurs associats","publisher":{"@id":"https:\/\/www.cercledecultura.org\/es\/#organization"},"potentialAction":[{"@type":"SearchAction","target":{"@type":"EntryPoint","urlTemplate":"https:\/\/www.cercledecultura.org\/es\/?s={search_term_string}"},"query-input":{"@type":"PropertyValueSpecification","valueRequired":true,"valueName":"search_term_string"}}],"inLanguage":"es"},{"@type":"Organization","@id":"https:\/\/www.cercledecultura.org\/es\/#organization","name":"Cercle de Cultura","url":"https:\/\/www.cercledecultura.org\/es\/","logo":{"@type":"ImageObject","inLanguage":"es","@id":"https:\/\/www.cercledecultura.org\/es\/#\/schema\/logo\/image\/","url":"https:\/\/www.cercledecultura.org\/wp-content\/uploads\/2020\/01\/logo-cercle-de-cultura.png","contentUrl":"https:\/\/www.cercledecultura.org\/wp-content\/uploads\/2020\/01\/logo-cercle-de-cultura.png","width":350,"height":195,"caption":"Cercle de Cultura"},"image":{"@id":"https:\/\/www.cercledecultura.org\/es\/#\/schema\/logo\/image\/"}},{"@type":"Person","@id":"https:\/\/www.cercledecultura.org\/es\/#\/schema\/person\/931e40c1179ecf352012690d06c032f4","name":"Comunicaci\u00f3 Cercle de Cultura","image":{"@type":"ImageObject","inLanguage":"es","@id":"https:\/\/secure.gravatar.com\/avatar\/46c76410f5e9186d043ead05387a12bf4af192b9a85fac81aaa84c02b822a715?s=96&d=mm&r=g","url":"https:\/\/secure.gravatar.com\/avatar\/46c76410f5e9186d043ead05387a12bf4af192b9a85fac81aaa84c02b822a715?s=96&d=mm&r=g","contentUrl":"https:\/\/secure.gravatar.com\/avatar\/46c76410f5e9186d043ead05387a12bf4af192b9a85fac81aaa84c02b822a715?s=96&d=mm&r=g","caption":"Comunicaci\u00f3 Cercle de Cultura"},"sameAs":["https:\/\/www.cercledecultura.org"],"url":"https:\/\/www.cercledecultura.org\/es\/author\/secretaria\/"}]}},"_links":{"self":[{"href":"https:\/\/www.cercledecultura.org\/es\/wp-json\/wp\/v2\/posts\/2571","targetHints":{"allow":["GET"]}}],"collection":[{"href":"https:\/\/www.cercledecultura.org\/es\/wp-json\/wp\/v2\/posts"}],"about":[{"href":"https:\/\/www.cercledecultura.org\/es\/wp-json\/wp\/v2\/types\/post"}],"author":[{"embeddable":true,"href":"https:\/\/www.cercledecultura.org\/es\/wp-json\/wp\/v2\/users\/2"}],"replies":[{"embeddable":true,"href":"https:\/\/www.cercledecultura.org\/es\/wp-json\/wp\/v2\/comments?post=2571"}],"version-history":[{"count":2,"href":"https:\/\/www.cercledecultura.org\/es\/wp-json\/wp\/v2\/posts\/2571\/revisions"}],"predecessor-version":[{"id":2573,"href":"https:\/\/www.cercledecultura.org\/es\/wp-json\/wp\/v2\/posts\/2571\/revisions\/2573"}],"wp:featuredmedia":[{"embeddable":true,"href":"https:\/\/www.cercledecultura.org\/es\/wp-json\/wp\/v2\/media\/2569"}],"wp:attachment":[{"href":"https:\/\/www.cercledecultura.org\/es\/wp-json\/wp\/v2\/media?parent=2571"}],"wp:term":[{"taxonomy":"category","embeddable":true,"href":"https:\/\/www.cercledecultura.org\/es\/wp-json\/wp\/v2\/categories?post=2571"},{"taxonomy":"post_tag","embeddable":true,"href":"https:\/\/www.cercledecultura.org\/es\/wp-json\/wp\/v2\/tags?post=2571"}],"curies":[{"name":"wp","href":"https:\/\/api.w.org\/{rel}","templated":true}]}}