{"id":2542,"date":"2022-03-02T20:00:43","date_gmt":"2022-03-02T18:00:43","guid":{"rendered":"https:\/\/www.cercledecultura.org\/?p=2542"},"modified":"2022-03-08T16:23:36","modified_gmt":"2022-03-08T14:23:36","slug":"presentacion-del-informe-los-derechos-culturales-hacia-una-nueva-generacion-de-politicas-publicas","status":"publish","type":"post","link":"https:\/\/www.cercledecultura.org\/es\/presentacion-del-informe-los-derechos-culturales-hacia-una-nueva-generacion-de-politicas-publicas\/","title":{"rendered":"Presentaci\u00f3n del informe \u00abLos derechos culturales: Hacia una nueva generaci\u00f3n de pol\u00edticas p\u00fablicas\u00bb"},"content":{"rendered":"<p>El Cercle de Cultura acoger\u00e1<strong>\u00a0<\/strong>la presentaci\u00f3n del informe de la <a href=\"https:\/\/www.fundacionalternativas.org\/\">Fundaci\u00f3n Alternativas<\/a> \u00abLos derechos culturales: Hacia una nueva generaci\u00f3n de pol\u00edticas p\u00fablicas\u00bb a cargo de sus dos autores: <strong>Alfons Martinell<\/strong> y <strong>Beatriz Barreiro. <\/strong>Ser\u00e1 el jueves <strong>10 de marzo a las 18 h. <\/strong>en el C\u00edrculo de Econom\u00eda (c\/Proven\u00e7a, 298. Barcelona).<\/p>\n<p>Despu\u00e9s de la presentaci\u00f3n del estudio, habr\u00e1 una conversaci\u00f3n con <strong>Laurence Cuny<\/strong>, <strong>Jordi Pascual<\/strong> y los <strong>autores del informe<\/strong>.<\/p>\n<p>El acto ser\u00e1 presentado por <strong>Pere Portabella,<\/strong> Presidente de la Fundaci\u00f3n Alternativas.<\/p>\n<p>&nbsp;<\/p>\n<p><strong>Sobre el informe<\/strong><\/p>\n<p>En las \u00faltimas d\u00e9cadas estamos asistiendo a un cierto tipo de agotamiento en los modelos de pol\u00edticas culturales p\u00fablicas que surgieron despu\u00e9s de la Segunda Guerra Mundial y que se han ido manteniendo hasta la actualidad con pocas alteraciones importantes. Estas pol\u00edticas culturales, que podr\u00edamos denominar cl\u00e1sicas, proceden de los planteamientos del Estado naci\u00f3n, donde desde una perspectiva ilustrada y edificante situaban en el centro la defensa de una cierta visi\u00f3n de la cultura como servicio institucional al lado de la instrucci\u00f3n p\u00fablica y el patrimonio, con una cierta concepci\u00f3n paternalista y protectora m\u00e1s que en el reconocimiento del ejercicio de derechos por parte de la ciudadan\u00eda. Este planteamiento no considera la cultura como un derecho fundamental de las personas, como se puede observar en la mayor\u00eda de tratamientos de la cultura en marcos legislativos a nivel general y m\u00e1s concretamente en todo el proceso de democratizaci\u00f3n espa\u00f1ol.<\/p>\n<p>El objeto de este Informe es proponer algunas reflexiones, orientaciones y recomendaciones para que las pol\u00edticas culturales espa\u00f1olas tengan en cuenta el respeto y la promoci\u00f3n de los principios establecidos en tales instrumentos y desarrollos internacionales. Se trata de aprovechar el potencial de los derechos culturales, y m\u00e1s en concreto del derecho a participar en la vida cultural (DPVC) para el desarrollo de pol\u00edticas culturales acordes con las necesidades de los tiempos que corren.<\/p>\n<p>&nbsp;<\/p>\n<p style=\"font-weight: 400;\"><strong>Alfons Martinell:<\/strong> Director Honor\u00edfico de la C\u00e1tedra UNESCO de Pol\u00edticas Culturales de la Universitat de Girona. Miembro del Consejo Asesor del Observatorio de Cultura y Comunicaci\u00f3n de la Fundaci\u00f3n Alternativas y codirector de la C\u00e1tedra Pau Casals de M\u00fasica y Defensa de la Paz y de los Derechos Humanos.<\/p>\n<p>&nbsp;<\/p>\n<p style=\"font-weight: 400;\"><strong>Beatriz Barreiro: <\/strong>Doctora en Derechos Humanos y profesora titular de Derecho Internacional P\u00fablico y Relaciones Internacionales de la URJC. Co-dirige el proyecto \u201cCulture and Human Rights\u201d (<a href=\"https:\/\/humanrightsandculture.wordpress.com\/\" data-saferedirecturl=\"https:\/\/www.google.com\/url?q=https:\/\/humanrightsandculture.wordpress.com\/&amp;source=gmail&amp;ust=1646325512989000&amp;usg=AOvVaw29U08jjLZfUPmjaupVCkGX\">https:\/\/humanrightsandculture.wordpress.com\/<\/a>)<\/p>\n<p>&nbsp;<\/p>\n<p style=\"font-weight: 400;\"><strong>Laurence Cuny:<\/strong>abogada especializada en derechos humanos, formada en el Instituto Universitario de Altos Estudios Internacionales de Ginebra. Trabaj\u00f3 en la Oficina del Alto Comisionado de Naciones Unidas para los Refugiados. Consultora experta ante la Relatora Especial de Naciones Unidas en la esfera de los derechos culturales para la elaboraci\u00f3n del informe de 2014 sobre \u201cEl impacto de la publicidad y el marketing sobre el disfrute de los derechos culturales\u201d. Es miembro del colectivo internacional Art Rights Advisors, del grupo de trabajo Arts Rights Justice por Europa y del Observatorio de la libertad de creaci\u00f3n de Francia.<\/p>\n<p>&nbsp;<\/p>\n<p style=\"font-weight: 400;\"><strong>Jordi Pascual:<\/strong>Coordinador de la Comisi\u00f3n de Cultura de Ciudades y Gobiernos Locales Unidos (CGLU). Profesor de Gesti\u00f3n y Pol\u00edticas Culturales de la Universitat de Girona y la UOC. Gestor cultural y activista en pol\u00edticas culturales y desarrollo local. Ha investigado sobre la cultura cuarto pilar del desarrollo y su relaci\u00f3n con los derechos culturales. Tiene gran experiencia en relaciones culturales internacionales.<\/p>\n<p>&nbsp;<\/p>\n<p><a href=\"https:\/\/www.fundacionalternativas.org\/cultura-y-comunicacion\/documentos\/documentos-de-trabajo\/los-derechos-culturales-hacia-una-nueva-generacion-de-politicas-publicas-situacion-y-compromisos-de-espana-con-la-comunidad-internacional\">Descargar el informe completo.<\/a><\/p>\n<p>&nbsp;<\/p>\n<p>Confirmaci\u00f3n de asistencia al correo <strong><a href=\"mailto:secretaria@cercledecultura.org\" target=\"_blank\" rel=\"noopener\">secretaria@cercledecultura.org<\/a><\/strong><wbr \/>.<\/p>\n","protected":false},"excerpt":{"rendered":"<p>El Cercle de Cultura acoger\u00e1\u00a0la presentaci\u00f3n del informe de la Fundaci\u00f3n Alternativas \u00abLos derechos culturales: Hacia una nueva generaci\u00f3n de pol\u00edticas p\u00fablicas\u00bb a cargo de sus dos autores: Alfons Martinell y Beatriz Barreiro. Ser\u00e1 el jueves 10 de marzo a las 18 h. en el C\u00edrculo de Econom\u00eda (c\/Proven\u00e7a, 298. Barcelona). Despu\u00e9s de la presentaci\u00f3n [&hellip;]<\/p>\n","protected":false},"author":2,"featured_media":2536,"comment_status":"closed","ping_status":"closed","sticky":false,"template":"","format":"standard","meta":{"footnotes":""},"categories":[538],"tags":[],"class_list":["post-2542","post","type-post","status-publish","format-standard","has-post-thumbnail","hentry","category-actividades"],"yoast_head":"<!-- This site is optimized with the Yoast SEO plugin v27.5 - https:\/\/yoast.com\/product\/yoast-seo-wordpress\/ -->\n<title>Presentaci\u00f3n del informe &quot;Los derechos culturales: Hacia una nueva generaci\u00f3n de pol\u00edticas p\u00fablicas&quot; - Cercle de Cultura<\/title>\n<meta name=\"description\" content=\"El Cercle de Cultura acoger\u00e1\u00a0la presentaci\u00f3n del informe de la Fundaci\u00f3n Alternativas &quot;Los derechos culturales: Hacia una nueva generaci\u00f3n de pol\u00edticas p\u00fablicas&quot; a cargo de sus dos autores: Alfons Martinell y Beatriz Barreiro.\" \/>\n<meta name=\"robots\" content=\"index, follow, max-snippet:-1, max-image-preview:large, max-video-preview:-1\" \/>\n<link rel=\"canonical\" href=\"https:\/\/www.cercledecultura.org\/es\/presentacion-del-informe-los-derechos-culturales-hacia-una-nueva-generacion-de-politicas-publicas\/\" \/>\n<meta property=\"og:locale\" content=\"es_ES\" \/>\n<meta property=\"og:type\" content=\"article\" \/>\n<meta property=\"og:title\" content=\"Presentaci\u00f3n del informe &quot;Los derechos culturales: Hacia una nueva generaci\u00f3n de pol\u00edticas p\u00fablicas&quot; - Cercle de Cultura\" \/>\n<meta property=\"og:description\" content=\"El Cercle de Cultura acoger\u00e1\u00a0la presentaci\u00f3n del informe de la Fundaci\u00f3n Alternativas &quot;Los derechos culturales: Hacia una nueva generaci\u00f3n de pol\u00edticas p\u00fablicas&quot; a cargo de sus dos autores: Alfons Martinell y Beatriz Barreiro.\" \/>\n<meta property=\"og:url\" content=\"https:\/\/www.cercledecultura.org\/es\/presentacion-del-informe-los-derechos-culturales-hacia-una-nueva-generacion-de-politicas-publicas\/\" \/>\n<meta property=\"og:site_name\" content=\"Cercle de Cultura\" \/>\n<meta property=\"article:published_time\" content=\"2022-03-02T18:00:43+00:00\" \/>\n<meta property=\"article:modified_time\" content=\"2022-03-08T14:23:36+00:00\" \/>\n<meta property=\"og:image\" content=\"https:\/\/www.cercledecultura.org\/wp-content\/uploads\/2022\/03\/jonas-jacobsson-0FRJ2SCuY4k-unsplash-scaled.jpg\" \/>\n\t<meta property=\"og:image:width\" content=\"2560\" \/>\n\t<meta property=\"og:image:height\" content=\"1707\" \/>\n\t<meta property=\"og:image:type\" content=\"image\/jpeg\" \/>\n<meta name=\"author\" content=\"Comunicaci\u00f3 Cercle de Cultura\" \/>\n<meta name=\"twitter:card\" content=\"summary_large_image\" \/>\n<meta name=\"twitter:label1\" content=\"Escrito por\" \/>\n\t<meta name=\"twitter:data1\" content=\"Comunicaci\u00f3 Cercle de Cultura\" \/>\n\t<meta name=\"twitter:label2\" content=\"Tiempo de lectura\" \/>\n\t<meta name=\"twitter:data2\" content=\"4 minutos\" \/>\n<script type=\"application\/ld+json\" class=\"yoast-schema-graph\">{\"@context\":\"https:\\\/\\\/schema.org\",\"@graph\":[{\"@type\":\"Article\",\"@id\":\"https:\\\/\\\/www.cercledecultura.org\\\/es\\\/presentacion-del-informe-los-derechos-culturales-hacia-una-nueva-generacion-de-politicas-publicas\\\/#article\",\"isPartOf\":{\"@id\":\"https:\\\/\\\/www.cercledecultura.org\\\/es\\\/presentacion-del-informe-los-derechos-culturales-hacia-una-nueva-generacion-de-politicas-publicas\\\/\"},\"author\":{\"name\":\"Comunicaci\u00f3 Cercle de Cultura\",\"@id\":\"https:\\\/\\\/www.cercledecultura.org\\\/es\\\/#\\\/schema\\\/person\\\/931e40c1179ecf352012690d06c032f4\"},\"headline\":\"Presentaci\u00f3n del informe \u00abLos derechos culturales: Hacia una nueva generaci\u00f3n de pol\u00edticas p\u00fablicas\u00bb\",\"datePublished\":\"2022-03-02T18:00:43+00:00\",\"dateModified\":\"2022-03-08T14:23:36+00:00\",\"mainEntityOfPage\":{\"@id\":\"https:\\\/\\\/www.cercledecultura.org\\\/es\\\/presentacion-del-informe-los-derechos-culturales-hacia-una-nueva-generacion-de-politicas-publicas\\\/\"},\"wordCount\":630,\"publisher\":{\"@id\":\"https:\\\/\\\/www.cercledecultura.org\\\/es\\\/#organization\"},\"image\":{\"@id\":\"https:\\\/\\\/www.cercledecultura.org\\\/es\\\/presentacion-del-informe-los-derechos-culturales-hacia-una-nueva-generacion-de-politicas-publicas\\\/#primaryimage\"},\"thumbnailUrl\":\"https:\\\/\\\/www.cercledecultura.org\\\/wp-content\\\/uploads\\\/2022\\\/03\\\/jonas-jacobsson-0FRJ2SCuY4k-unsplash-scaled.jpg\",\"articleSection\":[\"Actividades\"],\"inLanguage\":\"es\"},{\"@type\":\"WebPage\",\"@id\":\"https:\\\/\\\/www.cercledecultura.org\\\/es\\\/presentacion-del-informe-los-derechos-culturales-hacia-una-nueva-generacion-de-politicas-publicas\\\/\",\"url\":\"https:\\\/\\\/www.cercledecultura.org\\\/es\\\/presentacion-del-informe-los-derechos-culturales-hacia-una-nueva-generacion-de-politicas-publicas\\\/\",\"name\":\"Presentaci\u00f3n del informe \\\"Los derechos culturales: Hacia una nueva generaci\u00f3n de pol\u00edticas p\u00fablicas\\\" - Cercle de Cultura\",\"isPartOf\":{\"@id\":\"https:\\\/\\\/www.cercledecultura.org\\\/es\\\/#website\"},\"primaryImageOfPage\":{\"@id\":\"https:\\\/\\\/www.cercledecultura.org\\\/es\\\/presentacion-del-informe-los-derechos-culturales-hacia-una-nueva-generacion-de-politicas-publicas\\\/#primaryimage\"},\"image\":{\"@id\":\"https:\\\/\\\/www.cercledecultura.org\\\/es\\\/presentacion-del-informe-los-derechos-culturales-hacia-una-nueva-generacion-de-politicas-publicas\\\/#primaryimage\"},\"thumbnailUrl\":\"https:\\\/\\\/www.cercledecultura.org\\\/wp-content\\\/uploads\\\/2022\\\/03\\\/jonas-jacobsson-0FRJ2SCuY4k-unsplash-scaled.jpg\",\"datePublished\":\"2022-03-02T18:00:43+00:00\",\"dateModified\":\"2022-03-08T14:23:36+00:00\",\"description\":\"El Cercle de Cultura acoger\u00e1\u00a0la presentaci\u00f3n del informe de la Fundaci\u00f3n Alternativas \\\"Los derechos culturales: Hacia una nueva generaci\u00f3n de pol\u00edticas p\u00fablicas\\\" a cargo de sus dos autores: Alfons Martinell y Beatriz Barreiro.\",\"breadcrumb\":{\"@id\":\"https:\\\/\\\/www.cercledecultura.org\\\/es\\\/presentacion-del-informe-los-derechos-culturales-hacia-una-nueva-generacion-de-politicas-publicas\\\/#breadcrumb\"},\"inLanguage\":\"es\",\"potentialAction\":[{\"@type\":\"ReadAction\",\"target\":[\"https:\\\/\\\/www.cercledecultura.org\\\/es\\\/presentacion-del-informe-los-derechos-culturales-hacia-una-nueva-generacion-de-politicas-publicas\\\/\"]}]},{\"@type\":\"ImageObject\",\"inLanguage\":\"es\",\"@id\":\"https:\\\/\\\/www.cercledecultura.org\\\/es\\\/presentacion-del-informe-los-derechos-culturales-hacia-una-nueva-generacion-de-politicas-publicas\\\/#primaryimage\",\"url\":\"https:\\\/\\\/www.cercledecultura.org\\\/wp-content\\\/uploads\\\/2022\\\/03\\\/jonas-jacobsson-0FRJ2SCuY4k-unsplash-scaled.jpg\",\"contentUrl\":\"https:\\\/\\\/www.cercledecultura.org\\\/wp-content\\\/uploads\\\/2022\\\/03\\\/jonas-jacobsson-0FRJ2SCuY4k-unsplash-scaled.jpg\",\"width\":2560,\"height\":1707},{\"@type\":\"BreadcrumbList\",\"@id\":\"https:\\\/\\\/www.cercledecultura.org\\\/es\\\/presentacion-del-informe-los-derechos-culturales-hacia-una-nueva-generacion-de-politicas-publicas\\\/#breadcrumb\",\"itemListElement\":[{\"@type\":\"ListItem\",\"position\":1,\"name\":\"Portada\",\"item\":\"https:\\\/\\\/www.cercledecultura.org\\\/es\\\/\"},{\"@type\":\"ListItem\",\"position\":2,\"name\":\"Presentaci\u00f3n del informe \u00abLos derechos culturales: Hacia una nueva generaci\u00f3n de pol\u00edticas p\u00fablicas\u00bb\"}]},{\"@type\":\"WebSite\",\"@id\":\"https:\\\/\\\/www.cercledecultura.org\\\/es\\\/#website\",\"url\":\"https:\\\/\\\/www.cercledecultura.org\\\/es\\\/\",\"name\":\"Cercle de Cultura\",\"description\":\"Entitat de car\u00e0cter privat i associatiu, independent, amb voluntat de participar en la vida p\u00fablica des de la pluralitat ideol\u00f2gica dels seus membres fundadors i futurs associats\",\"publisher\":{\"@id\":\"https:\\\/\\\/www.cercledecultura.org\\\/es\\\/#organization\"},\"potentialAction\":[{\"@type\":\"SearchAction\",\"target\":{\"@type\":\"EntryPoint\",\"urlTemplate\":\"https:\\\/\\\/www.cercledecultura.org\\\/es\\\/?s={search_term_string}\"},\"query-input\":{\"@type\":\"PropertyValueSpecification\",\"valueRequired\":true,\"valueName\":\"search_term_string\"}}],\"inLanguage\":\"es\"},{\"@type\":\"Organization\",\"@id\":\"https:\\\/\\\/www.cercledecultura.org\\\/es\\\/#organization\",\"name\":\"Cercle de Cultura\",\"url\":\"https:\\\/\\\/www.cercledecultura.org\\\/es\\\/\",\"logo\":{\"@type\":\"ImageObject\",\"inLanguage\":\"es\",\"@id\":\"https:\\\/\\\/www.cercledecultura.org\\\/es\\\/#\\\/schema\\\/logo\\\/image\\\/\",\"url\":\"https:\\\/\\\/www.cercledecultura.org\\\/wp-content\\\/uploads\\\/2020\\\/01\\\/logo-cercle-de-cultura.png\",\"contentUrl\":\"https:\\\/\\\/www.cercledecultura.org\\\/wp-content\\\/uploads\\\/2020\\\/01\\\/logo-cercle-de-cultura.png\",\"width\":350,\"height\":195,\"caption\":\"Cercle de Cultura\"},\"image\":{\"@id\":\"https:\\\/\\\/www.cercledecultura.org\\\/es\\\/#\\\/schema\\\/logo\\\/image\\\/\"}},{\"@type\":\"Person\",\"@id\":\"https:\\\/\\\/www.cercledecultura.org\\\/es\\\/#\\\/schema\\\/person\\\/931e40c1179ecf352012690d06c032f4\",\"name\":\"Comunicaci\u00f3 Cercle de Cultura\",\"image\":{\"@type\":\"ImageObject\",\"inLanguage\":\"es\",\"@id\":\"https:\\\/\\\/secure.gravatar.com\\\/avatar\\\/46c76410f5e9186d043ead05387a12bf4af192b9a85fac81aaa84c02b822a715?s=96&d=mm&r=g\",\"url\":\"https:\\\/\\\/secure.gravatar.com\\\/avatar\\\/46c76410f5e9186d043ead05387a12bf4af192b9a85fac81aaa84c02b822a715?s=96&d=mm&r=g\",\"contentUrl\":\"https:\\\/\\\/secure.gravatar.com\\\/avatar\\\/46c76410f5e9186d043ead05387a12bf4af192b9a85fac81aaa84c02b822a715?s=96&d=mm&r=g\",\"caption\":\"Comunicaci\u00f3 Cercle de Cultura\"},\"sameAs\":[\"https:\\\/\\\/www.cercledecultura.org\"],\"url\":\"https:\\\/\\\/www.cercledecultura.org\\\/es\\\/author\\\/secretaria\\\/\"}]}<\/script>\n<!-- \/ Yoast SEO plugin. -->","yoast_head_json":{"title":"Presentaci\u00f3n del informe \"Los derechos culturales: Hacia una nueva generaci\u00f3n de pol\u00edticas p\u00fablicas\" - Cercle de Cultura","description":"El Cercle de Cultura acoger\u00e1\u00a0la presentaci\u00f3n del informe de la Fundaci\u00f3n Alternativas \"Los derechos culturales: Hacia una nueva generaci\u00f3n de pol\u00edticas p\u00fablicas\" a cargo de sus dos autores: Alfons Martinell y Beatriz Barreiro.","robots":{"index":"index","follow":"follow","max-snippet":"max-snippet:-1","max-image-preview":"max-image-preview:large","max-video-preview":"max-video-preview:-1"},"canonical":"https:\/\/www.cercledecultura.org\/es\/presentacion-del-informe-los-derechos-culturales-hacia-una-nueva-generacion-de-politicas-publicas\/","og_locale":"es_ES","og_type":"article","og_title":"Presentaci\u00f3n del informe \"Los derechos culturales: Hacia una nueva generaci\u00f3n de pol\u00edticas p\u00fablicas\" - Cercle de Cultura","og_description":"El Cercle de Cultura acoger\u00e1\u00a0la presentaci\u00f3n del informe de la Fundaci\u00f3n Alternativas \"Los derechos culturales: Hacia una nueva generaci\u00f3n de pol\u00edticas p\u00fablicas\" a cargo de sus dos autores: Alfons Martinell y Beatriz Barreiro.","og_url":"https:\/\/www.cercledecultura.org\/es\/presentacion-del-informe-los-derechos-culturales-hacia-una-nueva-generacion-de-politicas-publicas\/","og_site_name":"Cercle de Cultura","article_published_time":"2022-03-02T18:00:43+00:00","article_modified_time":"2022-03-08T14:23:36+00:00","og_image":[{"width":2560,"height":1707,"url":"https:\/\/www.cercledecultura.org\/wp-content\/uploads\/2022\/03\/jonas-jacobsson-0FRJ2SCuY4k-unsplash-scaled.jpg","type":"image\/jpeg"}],"author":"Comunicaci\u00f3 Cercle de Cultura","twitter_card":"summary_large_image","twitter_misc":{"Escrito por":"Comunicaci\u00f3 Cercle de Cultura","Tiempo de lectura":"4 minutos"},"schema":{"@context":"https:\/\/schema.org","@graph":[{"@type":"Article","@id":"https:\/\/www.cercledecultura.org\/es\/presentacion-del-informe-los-derechos-culturales-hacia-una-nueva-generacion-de-politicas-publicas\/#article","isPartOf":{"@id":"https:\/\/www.cercledecultura.org\/es\/presentacion-del-informe-los-derechos-culturales-hacia-una-nueva-generacion-de-politicas-publicas\/"},"author":{"name":"Comunicaci\u00f3 Cercle de Cultura","@id":"https:\/\/www.cercledecultura.org\/es\/#\/schema\/person\/931e40c1179ecf352012690d06c032f4"},"headline":"Presentaci\u00f3n del informe \u00abLos derechos culturales: Hacia una nueva generaci\u00f3n de pol\u00edticas p\u00fablicas\u00bb","datePublished":"2022-03-02T18:00:43+00:00","dateModified":"2022-03-08T14:23:36+00:00","mainEntityOfPage":{"@id":"https:\/\/www.cercledecultura.org\/es\/presentacion-del-informe-los-derechos-culturales-hacia-una-nueva-generacion-de-politicas-publicas\/"},"wordCount":630,"publisher":{"@id":"https:\/\/www.cercledecultura.org\/es\/#organization"},"image":{"@id":"https:\/\/www.cercledecultura.org\/es\/presentacion-del-informe-los-derechos-culturales-hacia-una-nueva-generacion-de-politicas-publicas\/#primaryimage"},"thumbnailUrl":"https:\/\/www.cercledecultura.org\/wp-content\/uploads\/2022\/03\/jonas-jacobsson-0FRJ2SCuY4k-unsplash-scaled.jpg","articleSection":["Actividades"],"inLanguage":"es"},{"@type":"WebPage","@id":"https:\/\/www.cercledecultura.org\/es\/presentacion-del-informe-los-derechos-culturales-hacia-una-nueva-generacion-de-politicas-publicas\/","url":"https:\/\/www.cercledecultura.org\/es\/presentacion-del-informe-los-derechos-culturales-hacia-una-nueva-generacion-de-politicas-publicas\/","name":"Presentaci\u00f3n del informe \"Los derechos culturales: Hacia una nueva generaci\u00f3n de pol\u00edticas p\u00fablicas\" - Cercle de Cultura","isPartOf":{"@id":"https:\/\/www.cercledecultura.org\/es\/#website"},"primaryImageOfPage":{"@id":"https:\/\/www.cercledecultura.org\/es\/presentacion-del-informe-los-derechos-culturales-hacia-una-nueva-generacion-de-politicas-publicas\/#primaryimage"},"image":{"@id":"https:\/\/www.cercledecultura.org\/es\/presentacion-del-informe-los-derechos-culturales-hacia-una-nueva-generacion-de-politicas-publicas\/#primaryimage"},"thumbnailUrl":"https:\/\/www.cercledecultura.org\/wp-content\/uploads\/2022\/03\/jonas-jacobsson-0FRJ2SCuY4k-unsplash-scaled.jpg","datePublished":"2022-03-02T18:00:43+00:00","dateModified":"2022-03-08T14:23:36+00:00","description":"El Cercle de Cultura acoger\u00e1\u00a0la presentaci\u00f3n del informe de la Fundaci\u00f3n Alternativas \"Los derechos culturales: Hacia una nueva generaci\u00f3n de pol\u00edticas p\u00fablicas\" a cargo de sus dos autores: Alfons Martinell y Beatriz Barreiro.","breadcrumb":{"@id":"https:\/\/www.cercledecultura.org\/es\/presentacion-del-informe-los-derechos-culturales-hacia-una-nueva-generacion-de-politicas-publicas\/#breadcrumb"},"inLanguage":"es","potentialAction":[{"@type":"ReadAction","target":["https:\/\/www.cercledecultura.org\/es\/presentacion-del-informe-los-derechos-culturales-hacia-una-nueva-generacion-de-politicas-publicas\/"]}]},{"@type":"ImageObject","inLanguage":"es","@id":"https:\/\/www.cercledecultura.org\/es\/presentacion-del-informe-los-derechos-culturales-hacia-una-nueva-generacion-de-politicas-publicas\/#primaryimage","url":"https:\/\/www.cercledecultura.org\/wp-content\/uploads\/2022\/03\/jonas-jacobsson-0FRJ2SCuY4k-unsplash-scaled.jpg","contentUrl":"https:\/\/www.cercledecultura.org\/wp-content\/uploads\/2022\/03\/jonas-jacobsson-0FRJ2SCuY4k-unsplash-scaled.jpg","width":2560,"height":1707},{"@type":"BreadcrumbList","@id":"https:\/\/www.cercledecultura.org\/es\/presentacion-del-informe-los-derechos-culturales-hacia-una-nueva-generacion-de-politicas-publicas\/#breadcrumb","itemListElement":[{"@type":"ListItem","position":1,"name":"Portada","item":"https:\/\/www.cercledecultura.org\/es\/"},{"@type":"ListItem","position":2,"name":"Presentaci\u00f3n del informe \u00abLos derechos culturales: Hacia una nueva generaci\u00f3n de pol\u00edticas p\u00fablicas\u00bb"}]},{"@type":"WebSite","@id":"https:\/\/www.cercledecultura.org\/es\/#website","url":"https:\/\/www.cercledecultura.org\/es\/","name":"Cercle de Cultura","description":"Entitat de car\u00e0cter privat i associatiu, independent, amb voluntat de participar en la vida p\u00fablica des de la pluralitat ideol\u00f2gica dels seus membres fundadors i futurs associats","publisher":{"@id":"https:\/\/www.cercledecultura.org\/es\/#organization"},"potentialAction":[{"@type":"SearchAction","target":{"@type":"EntryPoint","urlTemplate":"https:\/\/www.cercledecultura.org\/es\/?s={search_term_string}"},"query-input":{"@type":"PropertyValueSpecification","valueRequired":true,"valueName":"search_term_string"}}],"inLanguage":"es"},{"@type":"Organization","@id":"https:\/\/www.cercledecultura.org\/es\/#organization","name":"Cercle de Cultura","url":"https:\/\/www.cercledecultura.org\/es\/","logo":{"@type":"ImageObject","inLanguage":"es","@id":"https:\/\/www.cercledecultura.org\/es\/#\/schema\/logo\/image\/","url":"https:\/\/www.cercledecultura.org\/wp-content\/uploads\/2020\/01\/logo-cercle-de-cultura.png","contentUrl":"https:\/\/www.cercledecultura.org\/wp-content\/uploads\/2020\/01\/logo-cercle-de-cultura.png","width":350,"height":195,"caption":"Cercle de Cultura"},"image":{"@id":"https:\/\/www.cercledecultura.org\/es\/#\/schema\/logo\/image\/"}},{"@type":"Person","@id":"https:\/\/www.cercledecultura.org\/es\/#\/schema\/person\/931e40c1179ecf352012690d06c032f4","name":"Comunicaci\u00f3 Cercle de Cultura","image":{"@type":"ImageObject","inLanguage":"es","@id":"https:\/\/secure.gravatar.com\/avatar\/46c76410f5e9186d043ead05387a12bf4af192b9a85fac81aaa84c02b822a715?s=96&d=mm&r=g","url":"https:\/\/secure.gravatar.com\/avatar\/46c76410f5e9186d043ead05387a12bf4af192b9a85fac81aaa84c02b822a715?s=96&d=mm&r=g","contentUrl":"https:\/\/secure.gravatar.com\/avatar\/46c76410f5e9186d043ead05387a12bf4af192b9a85fac81aaa84c02b822a715?s=96&d=mm&r=g","caption":"Comunicaci\u00f3 Cercle de Cultura"},"sameAs":["https:\/\/www.cercledecultura.org"],"url":"https:\/\/www.cercledecultura.org\/es\/author\/secretaria\/"}]}},"_links":{"self":[{"href":"https:\/\/www.cercledecultura.org\/es\/wp-json\/wp\/v2\/posts\/2542","targetHints":{"allow":["GET"]}}],"collection":[{"href":"https:\/\/www.cercledecultura.org\/es\/wp-json\/wp\/v2\/posts"}],"about":[{"href":"https:\/\/www.cercledecultura.org\/es\/wp-json\/wp\/v2\/types\/post"}],"author":[{"embeddable":true,"href":"https:\/\/www.cercledecultura.org\/es\/wp-json\/wp\/v2\/users\/2"}],"replies":[{"embeddable":true,"href":"https:\/\/www.cercledecultura.org\/es\/wp-json\/wp\/v2\/comments?post=2542"}],"version-history":[{"count":5,"href":"https:\/\/www.cercledecultura.org\/es\/wp-json\/wp\/v2\/posts\/2542\/revisions"}],"predecessor-version":[{"id":2551,"href":"https:\/\/www.cercledecultura.org\/es\/wp-json\/wp\/v2\/posts\/2542\/revisions\/2551"}],"wp:featuredmedia":[{"embeddable":true,"href":"https:\/\/www.cercledecultura.org\/es\/wp-json\/wp\/v2\/media\/2536"}],"wp:attachment":[{"href":"https:\/\/www.cercledecultura.org\/es\/wp-json\/wp\/v2\/media?parent=2542"}],"wp:term":[{"taxonomy":"category","embeddable":true,"href":"https:\/\/www.cercledecultura.org\/es\/wp-json\/wp\/v2\/categories?post=2542"},{"taxonomy":"post_tag","embeddable":true,"href":"https:\/\/www.cercledecultura.org\/es\/wp-json\/wp\/v2\/tags?post=2542"}],"curies":[{"name":"wp","href":"https:\/\/api.w.org\/{rel}","templated":true}]}}