{"id":2451,"date":"2021-10-19T13:17:41","date_gmt":"2021-10-19T11:17:41","guid":{"rendered":"https:\/\/www.cercledecultura.org\/?p=2451"},"modified":"2022-10-27T21:11:14","modified_gmt":"2022-10-27T19:11:14","slug":"hablamos-con-el-socio-nuria-sempere","status":"publish","type":"post","link":"https:\/\/www.cercledecultura.org\/es\/hablamos-con-el-socio-nuria-sempere\/","title":{"rendered":"Hablamos con el socio: N\u00faria Sempere"},"content":{"rendered":"<p>Hablamos con N\u00faria Sempere, directora general de la ESMUC desde 2019. Sempere ha sido directora de la Escuela Municipal de M\u00fasica-Centro de las Artes (EMMC) del Hospitalet, profesora del Departamento de Producci\u00f3n y Gesti\u00f3n de la ESMUC y miembro de la Junta Directiva de la Asociaci\u00f3n Catalana de Escuelas de M\u00fasica (ACEM), de la que es la presidenta fundadora. Diploma de estudios avanzados por la Universidad de Barcelona, \u200b\u200bMaster en Direcci\u00f3n P\u00fablica por ESADE, la licenciada en historia del arte por la Universidad de Barcelona y profesora de guitarra por el Conservatorio Municipal de M\u00fasica de Barcelona.<\/p>\n<p>&nbsp;<\/p>\n<p><strong>I. \u00bfCu\u00e1l es tu v\u00ednculo con el sector cultural?<\/strong><\/p>\n<p>&nbsp;<\/p>\n<p>En este momento mi v\u00ednculo es dual. Por un lado una vinculaci\u00f3n profesional (soy la directora del centro p\u00fablico de educaci\u00f3n musical superior del pa\u00eds, la ESMUC) y de otra una vinculaci\u00f3n de afici\u00f3n (soy audiencia constante de m\u00fasica y teatro, tal vez menos de danza &#8211; aunque cuando voy me encanta- y visitante de exposiciones en museos y salas).<\/p>\n<p>&nbsp;<\/p>\n<p><strong>2. \u00bfPor qu\u00e9 te apuntaste al Cercle?<\/strong><\/p>\n<p>&nbsp;<\/p>\n<p>Para aprender de las personas que est\u00e1n repensando las estrategias, los dispositivos, los objetivos y la necesidad de articular un sector cultural que salga de su mirada a veces autoreferenciada y pueda poner su experiencia y su saber a disposici\u00f3n de la comunidad entera .<\/p>\n<p>&nbsp;<\/p>\n<p><strong>3. \u00bfQu\u00e9 puedes aportar?<\/strong><\/p>\n<p>&nbsp;<\/p>\n<p>Mi aportaci\u00f3n puede ser mi experiencia profesional que ha sido bien poli\u00e9drica sobre todo si hacemos una mirada cronol\u00f3gica: fui estudiante y profesora de instrumento, activista por los derechos culturales, profesional de la gesti\u00f3n de instituciones de educaci\u00f3n art\u00edstica y he estado en contacto con formas m\u00faltiples de relacionarse con la cultura (desde la creaci\u00f3n, la producci\u00f3n y distribuci\u00f3n de contenidos, la educaci\u00f3n art\u00edstica, las audiencias y la participaci\u00f3n comunitaria). Esta mirada, desde las experiencias concretas, es la que puedo aportar en debates de m\u00e1s amplio alcance.<\/p>\n<p>&nbsp;<\/p>\n<p><strong>4. \u00bfCu\u00e1l es el papel de la cultura en el contexto actual?<\/strong><\/p>\n<p>&nbsp;<\/p>\n<p>Seguramente respondemos diferente cuando hablamos de sector cultural o cuando hablamos de cultura. Porque cuando hablamos de sector solemos referirnos a las personas o las instituciones que se dedican profesionalmente (con sus derechos m\u00e1s o menos soportados o vulnerados) y cuando hablamos de cultura nos abre una dimensi\u00f3n comunitaria que anhelamos. Si hablamos de cultura (y no de sector cultural) la dimensi\u00f3n que toman palabras como patrimonio, creaci\u00f3n, interpretaci\u00f3n, debate o derechos culturales trasciende un peque\u00f1o c\u00edrculo y concierne a toda la ciudadan\u00eda con sus conocimientos, intereses o destrezas, ya continuaci\u00f3n, las preguntas sobre qu\u00e9 condicionantes tiene el hecho de profundizar en estas destrezas para ser incluida o incluido en el sector. La inclusi\u00f3n y la vulnerabilidad en materia cultural ilustran la inclusi\u00f3n y las vulnerabilidades en nuestra sociedad.<\/p>\n<p>&nbsp;<\/p>\n<p>&nbsp;<\/p>\n<p><strong>5. \u00bfQu\u00e9 puede hacer el Cercle, en tu opini\u00f3n, para favorecer el debate cultural?<\/strong><\/p>\n<p>&nbsp;<\/p>\n<p>Crear un espacio donde poder (re) pensar libremente. Un debate cuyos resultados han de poder influir sobre la toma p\u00fablica de decisiones.<\/p>\n","protected":false},"excerpt":{"rendered":"<p>Hablamos con N\u00faria Sempere, directora general de la ESMUC desde 2019. Sempere ha sido directora de la Escuela Municipal de M\u00fasica-Centro de las Artes (EMMC) del Hospitalet, profesora del Departamento de Producci\u00f3n y Gesti\u00f3n de la ESMUC y miembro de la Junta Directiva de la Asociaci\u00f3n Catalana de Escuelas de M\u00fasica (ACEM), de la que [&hellip;]<\/p>\n","protected":false},"author":2,"featured_media":2449,"comment_status":"closed","ping_status":"closed","sticky":false,"template":"","format":"standard","meta":{"footnotes":""},"categories":[604],"tags":[],"class_list":["post-2451","post","type-post","status-publish","format-standard","has-post-thumbnail","hentry","category-entrevistas"],"yoast_head":"<!-- This site is optimized with the Yoast SEO plugin v27.5 - https:\/\/yoast.com\/product\/yoast-seo-wordpress\/ -->\n<title>Hablamos con el socio: N\u00faria Sempere - Cercle de Cultura<\/title>\n<meta name=\"description\" content=\"Entrevista con N\u00faria Sempere, directora general de la Escuela Superior de M\u00fasica de Catalunya (ESMUC), y socia del Cercle\" \/>\n<meta name=\"robots\" content=\"index, follow, max-snippet:-1, max-image-preview:large, max-video-preview:-1\" \/>\n<link rel=\"canonical\" href=\"https:\/\/www.cercledecultura.org\/es\/hablamos-con-el-socio-nuria-sempere\/\" \/>\n<meta property=\"og:locale\" content=\"es_ES\" \/>\n<meta property=\"og:type\" content=\"article\" \/>\n<meta property=\"og:title\" content=\"Hablamos con el socio: N\u00faria Sempere - Cercle de Cultura\" \/>\n<meta property=\"og:description\" content=\"Entrevista con N\u00faria Sempere, directora general de la Escuela Superior de M\u00fasica de Catalunya (ESMUC), y socia del Cercle\" \/>\n<meta property=\"og:url\" content=\"https:\/\/www.cercledecultura.org\/es\/hablamos-con-el-socio-nuria-sempere\/\" \/>\n<meta property=\"og:site_name\" content=\"Cercle de Cultura\" \/>\n<meta property=\"article:published_time\" content=\"2021-10-19T11:17:41+00:00\" \/>\n<meta property=\"article:modified_time\" content=\"2022-10-27T19:11:14+00:00\" \/>\n<meta property=\"og:image\" content=\"https:\/\/www.cercledecultura.org\/wp-content\/uploads\/2021\/10\/DzMurzAX0AANPxt.jpg\" \/>\n\t<meta property=\"og:image:width\" content=\"1200\" \/>\n\t<meta property=\"og:image:height\" content=\"900\" \/>\n\t<meta property=\"og:image:type\" content=\"image\/jpeg\" \/>\n<meta name=\"author\" content=\"Comunicaci\u00f3 Cercle de Cultura\" \/>\n<meta name=\"twitter:card\" content=\"summary_large_image\" \/>\n<meta name=\"twitter:label1\" content=\"Escrito por\" \/>\n\t<meta name=\"twitter:data1\" content=\"Comunicaci\u00f3 Cercle de Cultura\" \/>\n\t<meta name=\"twitter:label2\" content=\"Tiempo de lectura\" \/>\n\t<meta name=\"twitter:data2\" content=\"3 minutos\" \/>\n<script type=\"application\/ld+json\" class=\"yoast-schema-graph\">{\"@context\":\"https:\\\/\\\/schema.org\",\"@graph\":[{\"@type\":\"Article\",\"@id\":\"https:\\\/\\\/www.cercledecultura.org\\\/es\\\/hablamos-con-el-socio-nuria-sempere\\\/#article\",\"isPartOf\":{\"@id\":\"https:\\\/\\\/www.cercledecultura.org\\\/es\\\/hablamos-con-el-socio-nuria-sempere\\\/\"},\"author\":{\"name\":\"Comunicaci\u00f3 Cercle de Cultura\",\"@id\":\"https:\\\/\\\/www.cercledecultura.org\\\/es\\\/#\\\/schema\\\/person\\\/931e40c1179ecf352012690d06c032f4\"},\"headline\":\"Hablamos con el socio: N\u00faria Sempere\",\"datePublished\":\"2021-10-19T11:17:41+00:00\",\"dateModified\":\"2022-10-27T19:11:14+00:00\",\"mainEntityOfPage\":{\"@id\":\"https:\\\/\\\/www.cercledecultura.org\\\/es\\\/hablamos-con-el-socio-nuria-sempere\\\/\"},\"wordCount\":547,\"publisher\":{\"@id\":\"https:\\\/\\\/www.cercledecultura.org\\\/es\\\/#organization\"},\"image\":{\"@id\":\"https:\\\/\\\/www.cercledecultura.org\\\/es\\\/hablamos-con-el-socio-nuria-sempere\\\/#primaryimage\"},\"thumbnailUrl\":\"https:\\\/\\\/www.cercledecultura.org\\\/wp-content\\\/uploads\\\/2021\\\/10\\\/DzMurzAX0AANPxt.jpg\",\"articleSection\":[\"Entrevistas\"],\"inLanguage\":\"es\"},{\"@type\":\"WebPage\",\"@id\":\"https:\\\/\\\/www.cercledecultura.org\\\/es\\\/hablamos-con-el-socio-nuria-sempere\\\/\",\"url\":\"https:\\\/\\\/www.cercledecultura.org\\\/es\\\/hablamos-con-el-socio-nuria-sempere\\\/\",\"name\":\"Hablamos con el socio: N\u00faria Sempere - Cercle de Cultura\",\"isPartOf\":{\"@id\":\"https:\\\/\\\/www.cercledecultura.org\\\/es\\\/#website\"},\"primaryImageOfPage\":{\"@id\":\"https:\\\/\\\/www.cercledecultura.org\\\/es\\\/hablamos-con-el-socio-nuria-sempere\\\/#primaryimage\"},\"image\":{\"@id\":\"https:\\\/\\\/www.cercledecultura.org\\\/es\\\/hablamos-con-el-socio-nuria-sempere\\\/#primaryimage\"},\"thumbnailUrl\":\"https:\\\/\\\/www.cercledecultura.org\\\/wp-content\\\/uploads\\\/2021\\\/10\\\/DzMurzAX0AANPxt.jpg\",\"datePublished\":\"2021-10-19T11:17:41+00:00\",\"dateModified\":\"2022-10-27T19:11:14+00:00\",\"description\":\"Entrevista con N\u00faria Sempere, directora general de la Escuela Superior de M\u00fasica de Catalunya (ESMUC), y socia del Cercle\",\"breadcrumb\":{\"@id\":\"https:\\\/\\\/www.cercledecultura.org\\\/es\\\/hablamos-con-el-socio-nuria-sempere\\\/#breadcrumb\"},\"inLanguage\":\"es\",\"potentialAction\":[{\"@type\":\"ReadAction\",\"target\":[\"https:\\\/\\\/www.cercledecultura.org\\\/es\\\/hablamos-con-el-socio-nuria-sempere\\\/\"]}]},{\"@type\":\"ImageObject\",\"inLanguage\":\"es\",\"@id\":\"https:\\\/\\\/www.cercledecultura.org\\\/es\\\/hablamos-con-el-socio-nuria-sempere\\\/#primaryimage\",\"url\":\"https:\\\/\\\/www.cercledecultura.org\\\/wp-content\\\/uploads\\\/2021\\\/10\\\/DzMurzAX0AANPxt.jpg\",\"contentUrl\":\"https:\\\/\\\/www.cercledecultura.org\\\/wp-content\\\/uploads\\\/2021\\\/10\\\/DzMurzAX0AANPxt.jpg\",\"width\":1200,\"height\":900,\"caption\":\"N\u00faria Sempere, directora general de l'ESMUC\"},{\"@type\":\"BreadcrumbList\",\"@id\":\"https:\\\/\\\/www.cercledecultura.org\\\/es\\\/hablamos-con-el-socio-nuria-sempere\\\/#breadcrumb\",\"itemListElement\":[{\"@type\":\"ListItem\",\"position\":1,\"name\":\"Portada\",\"item\":\"https:\\\/\\\/www.cercledecultura.org\\\/es\\\/\"},{\"@type\":\"ListItem\",\"position\":2,\"name\":\"Hablamos con el socio: N\u00faria Sempere\"}]},{\"@type\":\"WebSite\",\"@id\":\"https:\\\/\\\/www.cercledecultura.org\\\/es\\\/#website\",\"url\":\"https:\\\/\\\/www.cercledecultura.org\\\/es\\\/\",\"name\":\"Cercle de Cultura\",\"description\":\"Entitat de car\u00e0cter privat i associatiu, independent, amb voluntat de participar en la vida p\u00fablica des de la pluralitat ideol\u00f2gica dels seus membres fundadors i futurs associats\",\"publisher\":{\"@id\":\"https:\\\/\\\/www.cercledecultura.org\\\/es\\\/#organization\"},\"potentialAction\":[{\"@type\":\"SearchAction\",\"target\":{\"@type\":\"EntryPoint\",\"urlTemplate\":\"https:\\\/\\\/www.cercledecultura.org\\\/es\\\/?s={search_term_string}\"},\"query-input\":{\"@type\":\"PropertyValueSpecification\",\"valueRequired\":true,\"valueName\":\"search_term_string\"}}],\"inLanguage\":\"es\"},{\"@type\":\"Organization\",\"@id\":\"https:\\\/\\\/www.cercledecultura.org\\\/es\\\/#organization\",\"name\":\"Cercle de Cultura\",\"url\":\"https:\\\/\\\/www.cercledecultura.org\\\/es\\\/\",\"logo\":{\"@type\":\"ImageObject\",\"inLanguage\":\"es\",\"@id\":\"https:\\\/\\\/www.cercledecultura.org\\\/es\\\/#\\\/schema\\\/logo\\\/image\\\/\",\"url\":\"https:\\\/\\\/www.cercledecultura.org\\\/wp-content\\\/uploads\\\/2020\\\/01\\\/logo-cercle-de-cultura.png\",\"contentUrl\":\"https:\\\/\\\/www.cercledecultura.org\\\/wp-content\\\/uploads\\\/2020\\\/01\\\/logo-cercle-de-cultura.png\",\"width\":350,\"height\":195,\"caption\":\"Cercle de Cultura\"},\"image\":{\"@id\":\"https:\\\/\\\/www.cercledecultura.org\\\/es\\\/#\\\/schema\\\/logo\\\/image\\\/\"}},{\"@type\":\"Person\",\"@id\":\"https:\\\/\\\/www.cercledecultura.org\\\/es\\\/#\\\/schema\\\/person\\\/931e40c1179ecf352012690d06c032f4\",\"name\":\"Comunicaci\u00f3 Cercle de Cultura\",\"image\":{\"@type\":\"ImageObject\",\"inLanguage\":\"es\",\"@id\":\"https:\\\/\\\/secure.gravatar.com\\\/avatar\\\/46c76410f5e9186d043ead05387a12bf4af192b9a85fac81aaa84c02b822a715?s=96&d=mm&r=g\",\"url\":\"https:\\\/\\\/secure.gravatar.com\\\/avatar\\\/46c76410f5e9186d043ead05387a12bf4af192b9a85fac81aaa84c02b822a715?s=96&d=mm&r=g\",\"contentUrl\":\"https:\\\/\\\/secure.gravatar.com\\\/avatar\\\/46c76410f5e9186d043ead05387a12bf4af192b9a85fac81aaa84c02b822a715?s=96&d=mm&r=g\",\"caption\":\"Comunicaci\u00f3 Cercle de Cultura\"},\"sameAs\":[\"https:\\\/\\\/www.cercledecultura.org\"],\"url\":\"https:\\\/\\\/www.cercledecultura.org\\\/es\\\/author\\\/secretaria\\\/\"}]}<\/script>\n<!-- \/ Yoast SEO plugin. -->","yoast_head_json":{"title":"Hablamos con el socio: N\u00faria Sempere - Cercle de Cultura","description":"Entrevista con N\u00faria Sempere, directora general de la Escuela Superior de M\u00fasica de Catalunya (ESMUC), y socia del Cercle","robots":{"index":"index","follow":"follow","max-snippet":"max-snippet:-1","max-image-preview":"max-image-preview:large","max-video-preview":"max-video-preview:-1"},"canonical":"https:\/\/www.cercledecultura.org\/es\/hablamos-con-el-socio-nuria-sempere\/","og_locale":"es_ES","og_type":"article","og_title":"Hablamos con el socio: N\u00faria Sempere - Cercle de Cultura","og_description":"Entrevista con N\u00faria Sempere, directora general de la Escuela Superior de M\u00fasica de Catalunya (ESMUC), y socia del Cercle","og_url":"https:\/\/www.cercledecultura.org\/es\/hablamos-con-el-socio-nuria-sempere\/","og_site_name":"Cercle de Cultura","article_published_time":"2021-10-19T11:17:41+00:00","article_modified_time":"2022-10-27T19:11:14+00:00","og_image":[{"width":1200,"height":900,"url":"https:\/\/www.cercledecultura.org\/wp-content\/uploads\/2021\/10\/DzMurzAX0AANPxt.jpg","type":"image\/jpeg"}],"author":"Comunicaci\u00f3 Cercle de Cultura","twitter_card":"summary_large_image","twitter_misc":{"Escrito por":"Comunicaci\u00f3 Cercle de Cultura","Tiempo de lectura":"3 minutos"},"schema":{"@context":"https:\/\/schema.org","@graph":[{"@type":"Article","@id":"https:\/\/www.cercledecultura.org\/es\/hablamos-con-el-socio-nuria-sempere\/#article","isPartOf":{"@id":"https:\/\/www.cercledecultura.org\/es\/hablamos-con-el-socio-nuria-sempere\/"},"author":{"name":"Comunicaci\u00f3 Cercle de Cultura","@id":"https:\/\/www.cercledecultura.org\/es\/#\/schema\/person\/931e40c1179ecf352012690d06c032f4"},"headline":"Hablamos con el socio: N\u00faria Sempere","datePublished":"2021-10-19T11:17:41+00:00","dateModified":"2022-10-27T19:11:14+00:00","mainEntityOfPage":{"@id":"https:\/\/www.cercledecultura.org\/es\/hablamos-con-el-socio-nuria-sempere\/"},"wordCount":547,"publisher":{"@id":"https:\/\/www.cercledecultura.org\/es\/#organization"},"image":{"@id":"https:\/\/www.cercledecultura.org\/es\/hablamos-con-el-socio-nuria-sempere\/#primaryimage"},"thumbnailUrl":"https:\/\/www.cercledecultura.org\/wp-content\/uploads\/2021\/10\/DzMurzAX0AANPxt.jpg","articleSection":["Entrevistas"],"inLanguage":"es"},{"@type":"WebPage","@id":"https:\/\/www.cercledecultura.org\/es\/hablamos-con-el-socio-nuria-sempere\/","url":"https:\/\/www.cercledecultura.org\/es\/hablamos-con-el-socio-nuria-sempere\/","name":"Hablamos con el socio: N\u00faria Sempere - Cercle de Cultura","isPartOf":{"@id":"https:\/\/www.cercledecultura.org\/es\/#website"},"primaryImageOfPage":{"@id":"https:\/\/www.cercledecultura.org\/es\/hablamos-con-el-socio-nuria-sempere\/#primaryimage"},"image":{"@id":"https:\/\/www.cercledecultura.org\/es\/hablamos-con-el-socio-nuria-sempere\/#primaryimage"},"thumbnailUrl":"https:\/\/www.cercledecultura.org\/wp-content\/uploads\/2021\/10\/DzMurzAX0AANPxt.jpg","datePublished":"2021-10-19T11:17:41+00:00","dateModified":"2022-10-27T19:11:14+00:00","description":"Entrevista con N\u00faria Sempere, directora general de la Escuela Superior de M\u00fasica de Catalunya (ESMUC), y socia del Cercle","breadcrumb":{"@id":"https:\/\/www.cercledecultura.org\/es\/hablamos-con-el-socio-nuria-sempere\/#breadcrumb"},"inLanguage":"es","potentialAction":[{"@type":"ReadAction","target":["https:\/\/www.cercledecultura.org\/es\/hablamos-con-el-socio-nuria-sempere\/"]}]},{"@type":"ImageObject","inLanguage":"es","@id":"https:\/\/www.cercledecultura.org\/es\/hablamos-con-el-socio-nuria-sempere\/#primaryimage","url":"https:\/\/www.cercledecultura.org\/wp-content\/uploads\/2021\/10\/DzMurzAX0AANPxt.jpg","contentUrl":"https:\/\/www.cercledecultura.org\/wp-content\/uploads\/2021\/10\/DzMurzAX0AANPxt.jpg","width":1200,"height":900,"caption":"N\u00faria Sempere, directora general de l'ESMUC"},{"@type":"BreadcrumbList","@id":"https:\/\/www.cercledecultura.org\/es\/hablamos-con-el-socio-nuria-sempere\/#breadcrumb","itemListElement":[{"@type":"ListItem","position":1,"name":"Portada","item":"https:\/\/www.cercledecultura.org\/es\/"},{"@type":"ListItem","position":2,"name":"Hablamos con el socio: N\u00faria Sempere"}]},{"@type":"WebSite","@id":"https:\/\/www.cercledecultura.org\/es\/#website","url":"https:\/\/www.cercledecultura.org\/es\/","name":"Cercle de Cultura","description":"Entitat de car\u00e0cter privat i associatiu, independent, amb voluntat de participar en la vida p\u00fablica des de la pluralitat ideol\u00f2gica dels seus membres fundadors i futurs associats","publisher":{"@id":"https:\/\/www.cercledecultura.org\/es\/#organization"},"potentialAction":[{"@type":"SearchAction","target":{"@type":"EntryPoint","urlTemplate":"https:\/\/www.cercledecultura.org\/es\/?s={search_term_string}"},"query-input":{"@type":"PropertyValueSpecification","valueRequired":true,"valueName":"search_term_string"}}],"inLanguage":"es"},{"@type":"Organization","@id":"https:\/\/www.cercledecultura.org\/es\/#organization","name":"Cercle de Cultura","url":"https:\/\/www.cercledecultura.org\/es\/","logo":{"@type":"ImageObject","inLanguage":"es","@id":"https:\/\/www.cercledecultura.org\/es\/#\/schema\/logo\/image\/","url":"https:\/\/www.cercledecultura.org\/wp-content\/uploads\/2020\/01\/logo-cercle-de-cultura.png","contentUrl":"https:\/\/www.cercledecultura.org\/wp-content\/uploads\/2020\/01\/logo-cercle-de-cultura.png","width":350,"height":195,"caption":"Cercle de Cultura"},"image":{"@id":"https:\/\/www.cercledecultura.org\/es\/#\/schema\/logo\/image\/"}},{"@type":"Person","@id":"https:\/\/www.cercledecultura.org\/es\/#\/schema\/person\/931e40c1179ecf352012690d06c032f4","name":"Comunicaci\u00f3 Cercle de Cultura","image":{"@type":"ImageObject","inLanguage":"es","@id":"https:\/\/secure.gravatar.com\/avatar\/46c76410f5e9186d043ead05387a12bf4af192b9a85fac81aaa84c02b822a715?s=96&d=mm&r=g","url":"https:\/\/secure.gravatar.com\/avatar\/46c76410f5e9186d043ead05387a12bf4af192b9a85fac81aaa84c02b822a715?s=96&d=mm&r=g","contentUrl":"https:\/\/secure.gravatar.com\/avatar\/46c76410f5e9186d043ead05387a12bf4af192b9a85fac81aaa84c02b822a715?s=96&d=mm&r=g","caption":"Comunicaci\u00f3 Cercle de Cultura"},"sameAs":["https:\/\/www.cercledecultura.org"],"url":"https:\/\/www.cercledecultura.org\/es\/author\/secretaria\/"}]}},"_links":{"self":[{"href":"https:\/\/www.cercledecultura.org\/es\/wp-json\/wp\/v2\/posts\/2451","targetHints":{"allow":["GET"]}}],"collection":[{"href":"https:\/\/www.cercledecultura.org\/es\/wp-json\/wp\/v2\/posts"}],"about":[{"href":"https:\/\/www.cercledecultura.org\/es\/wp-json\/wp\/v2\/types\/post"}],"author":[{"embeddable":true,"href":"https:\/\/www.cercledecultura.org\/es\/wp-json\/wp\/v2\/users\/2"}],"replies":[{"embeddable":true,"href":"https:\/\/www.cercledecultura.org\/es\/wp-json\/wp\/v2\/comments?post=2451"}],"version-history":[{"count":1,"href":"https:\/\/www.cercledecultura.org\/es\/wp-json\/wp\/v2\/posts\/2451\/revisions"}],"predecessor-version":[{"id":2452,"href":"https:\/\/www.cercledecultura.org\/es\/wp-json\/wp\/v2\/posts\/2451\/revisions\/2452"}],"wp:featuredmedia":[{"embeddable":true,"href":"https:\/\/www.cercledecultura.org\/es\/wp-json\/wp\/v2\/media\/2449"}],"wp:attachment":[{"href":"https:\/\/www.cercledecultura.org\/es\/wp-json\/wp\/v2\/media?parent=2451"}],"wp:term":[{"taxonomy":"category","embeddable":true,"href":"https:\/\/www.cercledecultura.org\/es\/wp-json\/wp\/v2\/categories?post=2451"},{"taxonomy":"post_tag","embeddable":true,"href":"https:\/\/www.cercledecultura.org\/es\/wp-json\/wp\/v2\/tags?post=2451"}],"curies":[{"name":"wp","href":"https:\/\/api.w.org\/{rel}","templated":true}]}}