{"id":2400,"date":"2021-09-17T11:30:20","date_gmt":"2021-09-17T09:30:20","guid":{"rendered":"https:\/\/www.cercledecultura.org\/?p=2400"},"modified":"2021-09-28T18:30:27","modified_gmt":"2021-09-28T16:30:27","slug":"las-oportunidades-no-existen-se-construyen","status":"publish","type":"post","link":"https:\/\/www.cercledecultura.org\/es\/las-oportunidades-no-existen-se-construyen\/","title":{"rendered":"Las oportunidades no existen: se construyen"},"content":{"rendered":"<p>En buena parte, depende de nosotros. Saber aprovechar las oportunidades y nuestras fuerzas y superar las fragilidades de los sectores de la cultura. Como tambi\u00e9n saber hacer entender y convencer que la cultura no es un elemento decorativo de las pol\u00edticas p\u00fablicas y que tampoco es un conjunto de actividades marginales que tienen que ver s\u00f3lo con el disfrute, el tiempo libre y el entretenimiento. La cultura puede ser un elemento clave para la construcci\u00f3n de un futuro mejor.<\/p>\n<p>&nbsp;<\/p>\n<p>La cultura es un derecho. La cultura no es un gasto, es una inversi\u00f3n. La cultura nos hace dignos. Genera autoestima y cohesi\u00f3n social. Pero adem\u00e1s de esto, la cultura es un elemento fundamental para atraer talento y desarrollar la competitividad en ciudades, pueblos y zonas rurales, y es un elemento fundamental que deber\u00eda incorporarse en la innovaci\u00f3n de los modelos de actividad econ\u00f3mica para Con el fin de no repetir errores del pasado y avanzar hacia una econom\u00eda sostenible e integradora. M\u00e1s all\u00e1 de lo que se denomina \u00abeconom\u00eda creativa\u00bb y \u00ablas industrias culturales\u00bb, la cultura es un motor fundamental para potenciar el desarrollo rural, incorporar valor en las actividades del sector primario, innovar en el sector industrial, y desarrollar el mundo de los servicios de la era digital. Todo esto lo tenemos que saber comunicar a la sociedad, empezando por las instituciones y mundo empresarial.<\/p>\n<p>&nbsp;<\/p>\n<p>A pesar de la complejidad de la situaci\u00f3n de este final de verano pand\u00e9mico del 2021, encaramos el oto\u00f1o con dos noticias ilusionados. El anuncio del Departamento de Cultura de la Generalitat encabezado por la Consejera Natalia Garriga que se plantea incrementar progresivamente el presupuesto destinado a cultura en un 2%, lo que acortar\u00eda la distancia respecto a otros pa\u00edses cercanos. La otra buena noticia son las prioridades expresadas por el Ministro de Cultura, Miquel Iceta disponer del Estatuto del Artista, de una Ley de Patrocinio y Mecenazgo y de avanzar en la descentralizaci\u00f3n del Ministerio, equilibrando su apoyo en t\u00e9rminos territoriales.<\/p>\n<p>&nbsp;<\/p>\n<p>En nombre de la junta del Cercle de Cultura y de todas las personas de la entidad, queremos dar la bienvenida a todas las personas que se han hecho socias. Cuanto m\u00e1s seamos, m\u00e1s podremos hacer por situar la cultura en una posici\u00f3n de mayor centralidad en la agenda institucional, social y econ\u00f3mica. Cuando m\u00e1s seamos, mejor construir las oportunidades de futuro.<\/p>\n<p>&nbsp;<\/p>\n<p>Jordi Pardo<br \/>\nPresidente del Cercle de Cultura<\/p>\n","protected":false},"excerpt":{"rendered":"<p>En buena parte, depende de nosotros. Saber aprovechar las oportunidades y nuestras fuerzas y superar las fragilidades de los sectores de la cultura. Como tambi\u00e9n saber hacer entender y convencer que la cultura no es un elemento decorativo de las pol\u00edticas p\u00fablicas y que tampoco es un conjunto de actividades marginales que tienen que ver [&hellip;]<\/p>\n","protected":false},"author":2,"featured_media":2235,"comment_status":"closed","ping_status":"closed","sticky":false,"template":"","format":"standard","meta":{"footnotes":""},"categories":[543],"tags":[],"class_list":["post-2400","post","type-post","status-publish","format-standard","has-post-thumbnail","hentry","category-opinion"],"yoast_head":"<!-- This site is optimized with the Yoast SEO plugin v27.5 - https:\/\/yoast.com\/product\/yoast-seo-wordpress\/ -->\n<title>Las oportunidades no existen: se construyen - Cercle de Cultura<\/title>\n<meta name=\"description\" content=\"En buena parte, depende de nosotros. Saber aprovechar las oportunidades y nuestras fuerzas y superar las fragilidades de los sectores de la cultura\" \/>\n<meta name=\"robots\" content=\"index, follow, max-snippet:-1, max-image-preview:large, max-video-preview:-1\" \/>\n<link rel=\"canonical\" href=\"https:\/\/www.cercledecultura.org\/es\/las-oportunidades-no-existen-se-construyen\/\" \/>\n<meta property=\"og:locale\" content=\"es_ES\" \/>\n<meta property=\"og:type\" content=\"article\" \/>\n<meta property=\"og:title\" content=\"Las oportunidades no existen: se construyen - Cercle de Cultura\" \/>\n<meta property=\"og:description\" content=\"En buena parte, depende de nosotros. Saber aprovechar las oportunidades y nuestras fuerzas y superar las fragilidades de los sectores de la cultura\" \/>\n<meta property=\"og:url\" content=\"https:\/\/www.cercledecultura.org\/es\/las-oportunidades-no-existen-se-construyen\/\" \/>\n<meta property=\"og:site_name\" content=\"Cercle de Cultura\" \/>\n<meta property=\"article:published_time\" content=\"2021-09-17T09:30:20+00:00\" \/>\n<meta property=\"article:modified_time\" content=\"2021-09-28T16:30:27+00:00\" \/>\n<meta property=\"og:image\" content=\"https:\/\/www.cercledecultura.org\/wp-content\/uploads\/2021\/02\/MniXWysUu3CnW3hoPQQ.jpg\" \/>\n\t<meta property=\"og:image:width\" content=\"1617\" \/>\n\t<meta property=\"og:image:height\" content=\"1435\" \/>\n\t<meta property=\"og:image:type\" content=\"image\/jpeg\" \/>\n<meta name=\"author\" content=\"Comunicaci\u00f3 Cercle de Cultura\" \/>\n<meta name=\"twitter:card\" content=\"summary_large_image\" \/>\n<meta name=\"twitter:label1\" content=\"Escrito por\" \/>\n\t<meta name=\"twitter:data1\" content=\"Comunicaci\u00f3 Cercle de Cultura\" \/>\n\t<meta name=\"twitter:label2\" content=\"Tiempo de lectura\" \/>\n\t<meta name=\"twitter:data2\" content=\"2 minutos\" \/>\n<script type=\"application\/ld+json\" class=\"yoast-schema-graph\">{\"@context\":\"https:\\\/\\\/schema.org\",\"@graph\":[{\"@type\":\"Article\",\"@id\":\"https:\\\/\\\/www.cercledecultura.org\\\/es\\\/las-oportunidades-no-existen-se-construyen\\\/#article\",\"isPartOf\":{\"@id\":\"https:\\\/\\\/www.cercledecultura.org\\\/es\\\/las-oportunidades-no-existen-se-construyen\\\/\"},\"author\":{\"name\":\"Comunicaci\u00f3 Cercle de Cultura\",\"@id\":\"https:\\\/\\\/www.cercledecultura.org\\\/es\\\/#\\\/schema\\\/person\\\/931e40c1179ecf352012690d06c032f4\"},\"headline\":\"Las oportunidades no existen: se construyen\",\"datePublished\":\"2021-09-17T09:30:20+00:00\",\"dateModified\":\"2021-09-28T16:30:27+00:00\",\"mainEntityOfPage\":{\"@id\":\"https:\\\/\\\/www.cercledecultura.org\\\/es\\\/las-oportunidades-no-existen-se-construyen\\\/\"},\"wordCount\":431,\"publisher\":{\"@id\":\"https:\\\/\\\/www.cercledecultura.org\\\/es\\\/#organization\"},\"image\":{\"@id\":\"https:\\\/\\\/www.cercledecultura.org\\\/es\\\/las-oportunidades-no-existen-se-construyen\\\/#primaryimage\"},\"thumbnailUrl\":\"https:\\\/\\\/www.cercledecultura.org\\\/wp-content\\\/uploads\\\/2021\\\/02\\\/MniXWysUu3CnW3hoPQQ.jpg\",\"articleSection\":[\"Opini\u00f3n\"],\"inLanguage\":\"es\"},{\"@type\":\"WebPage\",\"@id\":\"https:\\\/\\\/www.cercledecultura.org\\\/es\\\/las-oportunidades-no-existen-se-construyen\\\/\",\"url\":\"https:\\\/\\\/www.cercledecultura.org\\\/es\\\/las-oportunidades-no-existen-se-construyen\\\/\",\"name\":\"Las oportunidades no existen: se construyen - Cercle de Cultura\",\"isPartOf\":{\"@id\":\"https:\\\/\\\/www.cercledecultura.org\\\/es\\\/#website\"},\"primaryImageOfPage\":{\"@id\":\"https:\\\/\\\/www.cercledecultura.org\\\/es\\\/las-oportunidades-no-existen-se-construyen\\\/#primaryimage\"},\"image\":{\"@id\":\"https:\\\/\\\/www.cercledecultura.org\\\/es\\\/las-oportunidades-no-existen-se-construyen\\\/#primaryimage\"},\"thumbnailUrl\":\"https:\\\/\\\/www.cercledecultura.org\\\/wp-content\\\/uploads\\\/2021\\\/02\\\/MniXWysUu3CnW3hoPQQ.jpg\",\"datePublished\":\"2021-09-17T09:30:20+00:00\",\"dateModified\":\"2021-09-28T16:30:27+00:00\",\"description\":\"En buena parte, depende de nosotros. Saber aprovechar las oportunidades y nuestras fuerzas y superar las fragilidades de los sectores de la cultura\",\"breadcrumb\":{\"@id\":\"https:\\\/\\\/www.cercledecultura.org\\\/es\\\/las-oportunidades-no-existen-se-construyen\\\/#breadcrumb\"},\"inLanguage\":\"es\",\"potentialAction\":[{\"@type\":\"ReadAction\",\"target\":[\"https:\\\/\\\/www.cercledecultura.org\\\/es\\\/las-oportunidades-no-existen-se-construyen\\\/\"]}]},{\"@type\":\"ImageObject\",\"inLanguage\":\"es\",\"@id\":\"https:\\\/\\\/www.cercledecultura.org\\\/es\\\/las-oportunidades-no-existen-se-construyen\\\/#primaryimage\",\"url\":\"https:\\\/\\\/www.cercledecultura.org\\\/wp-content\\\/uploads\\\/2021\\\/02\\\/MniXWysUu3CnW3hoPQQ.jpg\",\"contentUrl\":\"https:\\\/\\\/www.cercledecultura.org\\\/wp-content\\\/uploads\\\/2021\\\/02\\\/MniXWysUu3CnW3hoPQQ.jpg\",\"width\":1617,\"height\":1435},{\"@type\":\"BreadcrumbList\",\"@id\":\"https:\\\/\\\/www.cercledecultura.org\\\/es\\\/las-oportunidades-no-existen-se-construyen\\\/#breadcrumb\",\"itemListElement\":[{\"@type\":\"ListItem\",\"position\":1,\"name\":\"Portada\",\"item\":\"https:\\\/\\\/www.cercledecultura.org\\\/es\\\/\"},{\"@type\":\"ListItem\",\"position\":2,\"name\":\"Las oportunidades no existen: se construyen\"}]},{\"@type\":\"WebSite\",\"@id\":\"https:\\\/\\\/www.cercledecultura.org\\\/es\\\/#website\",\"url\":\"https:\\\/\\\/www.cercledecultura.org\\\/es\\\/\",\"name\":\"Cercle de Cultura\",\"description\":\"Entitat de car\u00e0cter privat i associatiu, independent, amb voluntat de participar en la vida p\u00fablica des de la pluralitat ideol\u00f2gica dels seus membres fundadors i futurs associats\",\"publisher\":{\"@id\":\"https:\\\/\\\/www.cercledecultura.org\\\/es\\\/#organization\"},\"potentialAction\":[{\"@type\":\"SearchAction\",\"target\":{\"@type\":\"EntryPoint\",\"urlTemplate\":\"https:\\\/\\\/www.cercledecultura.org\\\/es\\\/?s={search_term_string}\"},\"query-input\":{\"@type\":\"PropertyValueSpecification\",\"valueRequired\":true,\"valueName\":\"search_term_string\"}}],\"inLanguage\":\"es\"},{\"@type\":\"Organization\",\"@id\":\"https:\\\/\\\/www.cercledecultura.org\\\/es\\\/#organization\",\"name\":\"Cercle de Cultura\",\"url\":\"https:\\\/\\\/www.cercledecultura.org\\\/es\\\/\",\"logo\":{\"@type\":\"ImageObject\",\"inLanguage\":\"es\",\"@id\":\"https:\\\/\\\/www.cercledecultura.org\\\/es\\\/#\\\/schema\\\/logo\\\/image\\\/\",\"url\":\"https:\\\/\\\/www.cercledecultura.org\\\/wp-content\\\/uploads\\\/2020\\\/01\\\/logo-cercle-de-cultura.png\",\"contentUrl\":\"https:\\\/\\\/www.cercledecultura.org\\\/wp-content\\\/uploads\\\/2020\\\/01\\\/logo-cercle-de-cultura.png\",\"width\":350,\"height\":195,\"caption\":\"Cercle de Cultura\"},\"image\":{\"@id\":\"https:\\\/\\\/www.cercledecultura.org\\\/es\\\/#\\\/schema\\\/logo\\\/image\\\/\"}},{\"@type\":\"Person\",\"@id\":\"https:\\\/\\\/www.cercledecultura.org\\\/es\\\/#\\\/schema\\\/person\\\/931e40c1179ecf352012690d06c032f4\",\"name\":\"Comunicaci\u00f3 Cercle de Cultura\",\"image\":{\"@type\":\"ImageObject\",\"inLanguage\":\"es\",\"@id\":\"https:\\\/\\\/secure.gravatar.com\\\/avatar\\\/46c76410f5e9186d043ead05387a12bf4af192b9a85fac81aaa84c02b822a715?s=96&d=mm&r=g\",\"url\":\"https:\\\/\\\/secure.gravatar.com\\\/avatar\\\/46c76410f5e9186d043ead05387a12bf4af192b9a85fac81aaa84c02b822a715?s=96&d=mm&r=g\",\"contentUrl\":\"https:\\\/\\\/secure.gravatar.com\\\/avatar\\\/46c76410f5e9186d043ead05387a12bf4af192b9a85fac81aaa84c02b822a715?s=96&d=mm&r=g\",\"caption\":\"Comunicaci\u00f3 Cercle de Cultura\"},\"sameAs\":[\"https:\\\/\\\/www.cercledecultura.org\"],\"url\":\"https:\\\/\\\/www.cercledecultura.org\\\/es\\\/author\\\/secretaria\\\/\"}]}<\/script>\n<!-- \/ Yoast SEO plugin. -->","yoast_head_json":{"title":"Las oportunidades no existen: se construyen - Cercle de Cultura","description":"En buena parte, depende de nosotros. Saber aprovechar las oportunidades y nuestras fuerzas y superar las fragilidades de los sectores de la cultura","robots":{"index":"index","follow":"follow","max-snippet":"max-snippet:-1","max-image-preview":"max-image-preview:large","max-video-preview":"max-video-preview:-1"},"canonical":"https:\/\/www.cercledecultura.org\/es\/las-oportunidades-no-existen-se-construyen\/","og_locale":"es_ES","og_type":"article","og_title":"Las oportunidades no existen: se construyen - Cercle de Cultura","og_description":"En buena parte, depende de nosotros. Saber aprovechar las oportunidades y nuestras fuerzas y superar las fragilidades de los sectores de la cultura","og_url":"https:\/\/www.cercledecultura.org\/es\/las-oportunidades-no-existen-se-construyen\/","og_site_name":"Cercle de Cultura","article_published_time":"2021-09-17T09:30:20+00:00","article_modified_time":"2021-09-28T16:30:27+00:00","og_image":[{"width":1617,"height":1435,"url":"https:\/\/www.cercledecultura.org\/wp-content\/uploads\/2021\/02\/MniXWysUu3CnW3hoPQQ.jpg","type":"image\/jpeg"}],"author":"Comunicaci\u00f3 Cercle de Cultura","twitter_card":"summary_large_image","twitter_misc":{"Escrito por":"Comunicaci\u00f3 Cercle de Cultura","Tiempo de lectura":"2 minutos"},"schema":{"@context":"https:\/\/schema.org","@graph":[{"@type":"Article","@id":"https:\/\/www.cercledecultura.org\/es\/las-oportunidades-no-existen-se-construyen\/#article","isPartOf":{"@id":"https:\/\/www.cercledecultura.org\/es\/las-oportunidades-no-existen-se-construyen\/"},"author":{"name":"Comunicaci\u00f3 Cercle de Cultura","@id":"https:\/\/www.cercledecultura.org\/es\/#\/schema\/person\/931e40c1179ecf352012690d06c032f4"},"headline":"Las oportunidades no existen: se construyen","datePublished":"2021-09-17T09:30:20+00:00","dateModified":"2021-09-28T16:30:27+00:00","mainEntityOfPage":{"@id":"https:\/\/www.cercledecultura.org\/es\/las-oportunidades-no-existen-se-construyen\/"},"wordCount":431,"publisher":{"@id":"https:\/\/www.cercledecultura.org\/es\/#organization"},"image":{"@id":"https:\/\/www.cercledecultura.org\/es\/las-oportunidades-no-existen-se-construyen\/#primaryimage"},"thumbnailUrl":"https:\/\/www.cercledecultura.org\/wp-content\/uploads\/2021\/02\/MniXWysUu3CnW3hoPQQ.jpg","articleSection":["Opini\u00f3n"],"inLanguage":"es"},{"@type":"WebPage","@id":"https:\/\/www.cercledecultura.org\/es\/las-oportunidades-no-existen-se-construyen\/","url":"https:\/\/www.cercledecultura.org\/es\/las-oportunidades-no-existen-se-construyen\/","name":"Las oportunidades no existen: se construyen - Cercle de Cultura","isPartOf":{"@id":"https:\/\/www.cercledecultura.org\/es\/#website"},"primaryImageOfPage":{"@id":"https:\/\/www.cercledecultura.org\/es\/las-oportunidades-no-existen-se-construyen\/#primaryimage"},"image":{"@id":"https:\/\/www.cercledecultura.org\/es\/las-oportunidades-no-existen-se-construyen\/#primaryimage"},"thumbnailUrl":"https:\/\/www.cercledecultura.org\/wp-content\/uploads\/2021\/02\/MniXWysUu3CnW3hoPQQ.jpg","datePublished":"2021-09-17T09:30:20+00:00","dateModified":"2021-09-28T16:30:27+00:00","description":"En buena parte, depende de nosotros. Saber aprovechar las oportunidades y nuestras fuerzas y superar las fragilidades de los sectores de la cultura","breadcrumb":{"@id":"https:\/\/www.cercledecultura.org\/es\/las-oportunidades-no-existen-se-construyen\/#breadcrumb"},"inLanguage":"es","potentialAction":[{"@type":"ReadAction","target":["https:\/\/www.cercledecultura.org\/es\/las-oportunidades-no-existen-se-construyen\/"]}]},{"@type":"ImageObject","inLanguage":"es","@id":"https:\/\/www.cercledecultura.org\/es\/las-oportunidades-no-existen-se-construyen\/#primaryimage","url":"https:\/\/www.cercledecultura.org\/wp-content\/uploads\/2021\/02\/MniXWysUu3CnW3hoPQQ.jpg","contentUrl":"https:\/\/www.cercledecultura.org\/wp-content\/uploads\/2021\/02\/MniXWysUu3CnW3hoPQQ.jpg","width":1617,"height":1435},{"@type":"BreadcrumbList","@id":"https:\/\/www.cercledecultura.org\/es\/las-oportunidades-no-existen-se-construyen\/#breadcrumb","itemListElement":[{"@type":"ListItem","position":1,"name":"Portada","item":"https:\/\/www.cercledecultura.org\/es\/"},{"@type":"ListItem","position":2,"name":"Las oportunidades no existen: se construyen"}]},{"@type":"WebSite","@id":"https:\/\/www.cercledecultura.org\/es\/#website","url":"https:\/\/www.cercledecultura.org\/es\/","name":"Cercle de Cultura","description":"Entitat de car\u00e0cter privat i associatiu, independent, amb voluntat de participar en la vida p\u00fablica des de la pluralitat ideol\u00f2gica dels seus membres fundadors i futurs associats","publisher":{"@id":"https:\/\/www.cercledecultura.org\/es\/#organization"},"potentialAction":[{"@type":"SearchAction","target":{"@type":"EntryPoint","urlTemplate":"https:\/\/www.cercledecultura.org\/es\/?s={search_term_string}"},"query-input":{"@type":"PropertyValueSpecification","valueRequired":true,"valueName":"search_term_string"}}],"inLanguage":"es"},{"@type":"Organization","@id":"https:\/\/www.cercledecultura.org\/es\/#organization","name":"Cercle de Cultura","url":"https:\/\/www.cercledecultura.org\/es\/","logo":{"@type":"ImageObject","inLanguage":"es","@id":"https:\/\/www.cercledecultura.org\/es\/#\/schema\/logo\/image\/","url":"https:\/\/www.cercledecultura.org\/wp-content\/uploads\/2020\/01\/logo-cercle-de-cultura.png","contentUrl":"https:\/\/www.cercledecultura.org\/wp-content\/uploads\/2020\/01\/logo-cercle-de-cultura.png","width":350,"height":195,"caption":"Cercle de Cultura"},"image":{"@id":"https:\/\/www.cercledecultura.org\/es\/#\/schema\/logo\/image\/"}},{"@type":"Person","@id":"https:\/\/www.cercledecultura.org\/es\/#\/schema\/person\/931e40c1179ecf352012690d06c032f4","name":"Comunicaci\u00f3 Cercle de Cultura","image":{"@type":"ImageObject","inLanguage":"es","@id":"https:\/\/secure.gravatar.com\/avatar\/46c76410f5e9186d043ead05387a12bf4af192b9a85fac81aaa84c02b822a715?s=96&d=mm&r=g","url":"https:\/\/secure.gravatar.com\/avatar\/46c76410f5e9186d043ead05387a12bf4af192b9a85fac81aaa84c02b822a715?s=96&d=mm&r=g","contentUrl":"https:\/\/secure.gravatar.com\/avatar\/46c76410f5e9186d043ead05387a12bf4af192b9a85fac81aaa84c02b822a715?s=96&d=mm&r=g","caption":"Comunicaci\u00f3 Cercle de Cultura"},"sameAs":["https:\/\/www.cercledecultura.org"],"url":"https:\/\/www.cercledecultura.org\/es\/author\/secretaria\/"}]}},"_links":{"self":[{"href":"https:\/\/www.cercledecultura.org\/es\/wp-json\/wp\/v2\/posts\/2400","targetHints":{"allow":["GET"]}}],"collection":[{"href":"https:\/\/www.cercledecultura.org\/es\/wp-json\/wp\/v2\/posts"}],"about":[{"href":"https:\/\/www.cercledecultura.org\/es\/wp-json\/wp\/v2\/types\/post"}],"author":[{"embeddable":true,"href":"https:\/\/www.cercledecultura.org\/es\/wp-json\/wp\/v2\/users\/2"}],"replies":[{"embeddable":true,"href":"https:\/\/www.cercledecultura.org\/es\/wp-json\/wp\/v2\/comments?post=2400"}],"version-history":[{"count":2,"href":"https:\/\/www.cercledecultura.org\/es\/wp-json\/wp\/v2\/posts\/2400\/revisions"}],"predecessor-version":[{"id":2412,"href":"https:\/\/www.cercledecultura.org\/es\/wp-json\/wp\/v2\/posts\/2400\/revisions\/2412"}],"wp:featuredmedia":[{"embeddable":true,"href":"https:\/\/www.cercledecultura.org\/es\/wp-json\/wp\/v2\/media\/2235"}],"wp:attachment":[{"href":"https:\/\/www.cercledecultura.org\/es\/wp-json\/wp\/v2\/media?parent=2400"}],"wp:term":[{"taxonomy":"category","embeddable":true,"href":"https:\/\/www.cercledecultura.org\/es\/wp-json\/wp\/v2\/categories?post=2400"},{"taxonomy":"post_tag","embeddable":true,"href":"https:\/\/www.cercledecultura.org\/es\/wp-json\/wp\/v2\/tags?post=2400"}],"curies":[{"name":"wp","href":"https:\/\/api.w.org\/{rel}","templated":true}]}}