{"id":2257,"date":"2021-01-13T00:53:43","date_gmt":"2021-01-12T22:53:43","guid":{"rendered":"https:\/\/www.cercledecultura.org\/?p=2257"},"modified":"2021-05-18T08:54:54","modified_gmt":"2021-05-18T06:54:54","slug":"comunicado-del-cercle-de-cultura-sobre-los-sectores-de-la-cultura-y-los-fondos-de-recuperacion-europeos","status":"publish","type":"post","link":"https:\/\/www.cercledecultura.org\/es\/comunicado-del-cercle-de-cultura-sobre-los-sectores-de-la-cultura-y-los-fondos-de-recuperacion-europeos\/","title":{"rendered":"Comunicado del Cercle de Cultura sobre los sectores de la cultura y los Fondos de Recuperaci\u00f3n Europeos"},"content":{"rendered":"<p><strong> Valor estrat\u00e9gico de la cultura en la recuperaci\u00f3n y transici\u00f3n econ\u00f3mica post-Covidien-19<\/strong><\/p>\n<p>En la perspectiva de la gesti\u00f3n de los fondos de recuperaci\u00f3n europeos, el Cercle de Cultura plantea la necesidad de que estos fondos lleguen a los sectores de la cultura, para garantizar su capacidad de creaci\u00f3n de valor y competitividad, reconversi\u00f3n y diversificaci\u00f3n de actividades econ\u00f3micas tradicionales, e impulso de la innovaci\u00f3n en otros sectores. El gasto p\u00fablico de la cultura en Espa\u00f1a se sit\u00faa en torno al 1,2%, genera un impacto en el PIB superior al 3,4%, y ocupa cerca de un mill\u00f3n de personas de forma directa. \u00bb Impacto de la cultura y las industrias culturales en el PIB Europeo es de un 4,7%, y ocupa a m\u00e1s de 7,4 millones de personas. Pero m\u00e1s all\u00e1 del impacto directo en PIB y empleo, son un motor de cambio y transici\u00f3n hacia modelos sostenibles de actividades econ\u00f3micas, en \u00e1reas muy diversas que van desde el turismo, el sector agroalimentario, el mundo de los servicios, el dise\u00f1o y la actividad industrial, o el desarrollo digital. La Comisi\u00f3n Europea ha considerado a la cultura y las industrias culturales como uno de los 14 ecosistemas prioritarios para la recuperaci\u00f3n econ\u00f3mica post Covidien-19. Es imprescindible que las administraciones p\u00fablicas Estatal y Catalana, prioricen tambi\u00e9n los sectores de la cultura por su valor estrat\u00e9gico y de transformaci\u00f3n.<\/p>\n<p>Con el dolor por la p\u00e9rdida de muchas vidas y el impacto de los efectos sanitarios y sociales, los efectos econ\u00f3micos de la crisis pand\u00e9mica se han hecho notar en todos los sectores de actividad. Pero sin duda en los sectores de la cultura el efecto ha sido catastr\u00f3fico. Nunca en la historia de los \u00faltimos doscientos a\u00f1os, ni en el contexto de los conflictos b\u00e9licos de la primera y segunda Guerra Mundial, ni la Guerra Civil espa\u00f1ola, ni en ninguna otra momento hay constancia de la parada total de la actividad cultural, como la que se produjo cuando se declararon las medidas de confinamiento. Las restricciones posteriores y actuales han alargado la agon\u00eda de muchas empresas, instituciones, entidades, artistas y creadores y profesionales de la cultura, haciendo que los efectos de la crisis del Covidien-19 sean devastadores para las artes y la cultura.<\/p>\n<p>La cultura es un derecho y un elemento clave para la calidad de vida, pero adem\u00e1s es una inversi\u00f3n. El gasto p\u00fablico genera un impacto muy superior en el PIB, que se traslada tambi\u00e9n en t\u00e9rminos de empleo y de tres otros efectos positivos que tienen que ver con la actividad econ\u00f3mica general. La construcci\u00f3n de la oferta tur\u00edstica no ser\u00eda posible sin la cultura. Por otra parte, la cultura es fundamental para la atracci\u00f3n de talento y es un factor clave en el desarrollo de la econom\u00eda creativa y las industrias culturales que est\u00e1n relacionadas. Y en tercer lugar, la cultura tiene una capacidad muy importante para generar innovaci\u00f3n y competitividad, mejorando el posicionamiento de ciudades y territorios.<\/p>\n<p>Ni la industria tur\u00edstica, ni los grandes eventos y manifestaciones econ\u00f3micas como el Mobile World Congress de Barcelona, \u200b\u200bo la concentraci\u00f3n de empresas con gran capacidad de crear valor a\u00f1adido, no hubieran sido posibles sin la capacidad de crear atractivo y competitividad de la cultura. En este contexto pr\u00f3ximo y global hay que reclamar el rol de la cultura en el proceso de recuperaci\u00f3n que debemos emprender con urgencia en Catalu\u00f1a en el marco del consenso europeo.<\/p>\n<p>Consideraremos que el sector cultural en toda su amplitud y complejidad, es un valor a tener en cuenta por su contribuci\u00f3n al crecimiento econ\u00f3mico, generaci\u00f3n de un sector importante que contribuye al PIB y al mantenimiento de empleo con mucha tradici\u00f3n y resistencia. Aprovechar esta crisis para una transformaci\u00f3n de las pol\u00edticas p\u00fablicas culturales para adaptarse a las nuevas realidades presentes y en previsi\u00f3n de futuro. Plantear reformas profundas en la institucionalidad cultural que nos hemos dotado para situarlas en los escenarios de las necesidades de los planes de recuperaci\u00f3n y resiliencia.<\/p>\n<p>En este marco consideramos imprescindible profundizar en la cultura como derecho fundamental y mantener una tensi\u00f3n para fomentar el igualado al acceso a la cultura y compensar los desequilibrios estructurales para impulsar una verdadera ciudadan\u00eda cultural.<\/p>\n<p>De acuerdo con estas consideraciones consideramos imprescindible incorporar la cultura en la agenda del Plan de Recuperaci\u00f3n como un agente activo y con muchas potencialidades:<\/p>\n<p>\u2022 Para que la cultura y la diversidad de las expresiones culturales son un elemento fundamental del proyecto de la Uni\u00f3n Europea. Hay que fomentar el desarrollo cultural de todos los Estados miembros de la UE y garantizar que ninguna quede atr\u00e1s por falta de recursos y de inversiones en cultura.<\/p>\n<p>\u2022 Para que la relaci\u00f3n entre creatividad y procesos de innovaci\u00f3n social y econ\u00f3mica es una alianza demostrada por su eficacia.<\/p>\n<p>\u2022 Para que la cultura, las industrias culturales y creativas aportan valores a\u00f1adidos a otros sectores relacionados con la transformaci\u00f3n digital que tiene una dimensi\u00f3n cultural incuestionable.<\/p>\n<p>\u2022 Porque interacci\u00f3n entre la innovaci\u00f3n y transformaci\u00f3n digital y la cultura, las industrias culturales y creativas es estrat\u00e9gica para el fortalecimiento de la preservaci\u00f3n, difusi\u00f3n y desarrollo global de la oferta cultural Europea.<\/p>\n<p>\u2022 Para que no se pueden afrontar los retos que tenemos como sociedad sin considerar la importancia del ecosistema cultural como un factor imprescindible para definir nuevos modelos sociales y econ\u00f3micos sostenibles.<\/p>\n<p>\u2022 Para que el desarrollo econ\u00f3mico y de calidad de vida de Catalu\u00f1a est\u00e1 relacionada con el atractivo y oferta cultural de las ciudades y territorios. Porque la cultura es un factor de cohesi\u00f3n e inclusi\u00f3n social. Porque la cultura ha sido clave para el posicionamiento internacional de Catalu\u00f1a y para atraer talento.<\/p>\n<p>\u2022 Para que Europa es una idea compartida, y la cultura es esencial para construirla entre todos. Por todo ello, pedimos a las administraciones p\u00fablicas Estatal y Catalana que la cultura y las industrias culturales formen parte de las prioridades reales con las que se gestionen los fondos europeos de recuperaci\u00f3n, resiliencia y transformaci\u00f3n.<\/p>\n<p>Barcelona, \u200b\u200b13 de enero de 2021<\/p>\n","protected":false},"excerpt":{"rendered":"<p>Comunicado del Cercle de Cultura con relaci\u00f3n al valor estrat\u00e9gico de la cultura en la recuperaci\u00f3n y transici\u00f3n econ\u00f3mica post-Covidien-19. El Cercle de Cultura pide a las administraciones p\u00fablicas Estatal y Catalana que la cultura y las industrias culturales formen parte de las prioridades reales con las que se gestionen los fondos europeos de recuperaci\u00f3n, resiliencia y transformaci\u00f3n<\/p>\n","protected":false},"author":1,"featured_media":2231,"comment_status":"open","ping_status":"closed","sticky":false,"template":"","format":"standard","meta":{"footnotes":""},"categories":[540,541,542],"tags":[],"class_list":["post-2257","post","type-post","status-publish","format-standard","has-post-thumbnail","hentry","category-manifiesto","category-nota-de-prensa","category-noticias"],"yoast_head":"<!-- This site is optimized with the Yoast SEO plugin v27.5 - https:\/\/yoast.com\/product\/yoast-seo-wordpress\/ -->\n<title>Comunicado del Cercle de Cultura sobre los sectores de la cultura y los Fondos de Recuperaci\u00f3n Europeos - Cercle de Cultura<\/title>\n<meta name=\"robots\" content=\"index, follow, max-snippet:-1, max-image-preview:large, max-video-preview:-1\" \/>\n<link rel=\"canonical\" href=\"https:\/\/www.cercledecultura.org\/es\/comunicado-del-cercle-de-cultura-sobre-los-sectores-de-la-cultura-y-los-fondos-de-recuperacion-europeos\/\" \/>\n<meta property=\"og:locale\" content=\"es_ES\" \/>\n<meta property=\"og:type\" content=\"article\" \/>\n<meta property=\"og:title\" content=\"Comunicado del Cercle de Cultura sobre los sectores de la cultura y los Fondos de Recuperaci\u00f3n Europeos - Cercle de Cultura\" \/>\n<meta property=\"og:description\" content=\"Comunicado del Cercle de Cultura con relaci\u00f3n al valor estrat\u00e9gico de la cultura en la recuperaci\u00f3n y transici\u00f3n econ\u00f3mica post-Covidien-19. El Cercle de Cultura pide a las administraciones p\u00fablicas Estatal y Catalana que la cultura y las industrias culturales formen parte de las prioridades reales con las que se gestionen los fondos europeos de recuperaci\u00f3n, resiliencia y transformaci\u00f3n\" \/>\n<meta property=\"og:url\" content=\"https:\/\/www.cercledecultura.org\/es\/comunicado-del-cercle-de-cultura-sobre-los-sectores-de-la-cultura-y-los-fondos-de-recuperacion-europeos\/\" \/>\n<meta property=\"og:site_name\" content=\"Cercle de Cultura\" \/>\n<meta property=\"article:published_time\" content=\"2021-01-12T22:53:43+00:00\" \/>\n<meta property=\"article:modified_time\" content=\"2021-05-18T06:54:54+00:00\" \/>\n<meta property=\"og:image\" content=\"https:\/\/www.cercledecultura.org\/wp-content\/uploads\/2021\/02\/GDQyyq5JIEN8lwWH0dWQ.jpg\" \/>\n\t<meta property=\"og:image:width\" content=\"363\" \/>\n\t<meta property=\"og:image:height\" content=\"225\" \/>\n\t<meta property=\"og:image:type\" content=\"image\/jpeg\" \/>\n<meta name=\"author\" content=\"admin\" \/>\n<meta name=\"twitter:card\" content=\"summary_large_image\" \/>\n<meta name=\"twitter:label1\" content=\"Escrito por\" \/>\n\t<meta name=\"twitter:data1\" content=\"admin\" \/>\n\t<meta name=\"twitter:label2\" content=\"Tiempo de lectura\" \/>\n\t<meta name=\"twitter:data2\" content=\"5 minutos\" \/>\n<script type=\"application\/ld+json\" class=\"yoast-schema-graph\">{\"@context\":\"https:\\\/\\\/schema.org\",\"@graph\":[{\"@type\":\"Article\",\"@id\":\"https:\\\/\\\/www.cercledecultura.org\\\/es\\\/comunicado-del-cercle-de-cultura-sobre-los-sectores-de-la-cultura-y-los-fondos-de-recuperacion-europeos\\\/#article\",\"isPartOf\":{\"@id\":\"https:\\\/\\\/www.cercledecultura.org\\\/es\\\/comunicado-del-cercle-de-cultura-sobre-los-sectores-de-la-cultura-y-los-fondos-de-recuperacion-europeos\\\/\"},\"author\":{\"name\":\"admin\",\"@id\":\"https:\\\/\\\/www.cercledecultura.org\\\/es\\\/#\\\/schema\\\/person\\\/269db25cfadcb4bd2e41781c819942f9\"},\"headline\":\"Comunicado del Cercle de Cultura sobre los sectores de la cultura y los Fondos de Recuperaci\u00f3n Europeos\",\"datePublished\":\"2021-01-12T22:53:43+00:00\",\"dateModified\":\"2021-05-18T06:54:54+00:00\",\"mainEntityOfPage\":{\"@id\":\"https:\\\/\\\/www.cercledecultura.org\\\/es\\\/comunicado-del-cercle-de-cultura-sobre-los-sectores-de-la-cultura-y-los-fondos-de-recuperacion-europeos\\\/\"},\"wordCount\":1089,\"commentCount\":0,\"publisher\":{\"@id\":\"https:\\\/\\\/www.cercledecultura.org\\\/es\\\/#organization\"},\"image\":{\"@id\":\"https:\\\/\\\/www.cercledecultura.org\\\/es\\\/comunicado-del-cercle-de-cultura-sobre-los-sectores-de-la-cultura-y-los-fondos-de-recuperacion-europeos\\\/#primaryimage\"},\"thumbnailUrl\":\"https:\\\/\\\/www.cercledecultura.org\\\/wp-content\\\/uploads\\\/2021\\\/02\\\/GDQyyq5JIEN8lwWH0dWQ.jpg\",\"articleSection\":[\"Manifiesto\",\"Nota de prensa\",\"Noticias\"],\"inLanguage\":\"es\",\"potentialAction\":[{\"@type\":\"CommentAction\",\"name\":\"Comment\",\"target\":[\"https:\\\/\\\/www.cercledecultura.org\\\/es\\\/comunicado-del-cercle-de-cultura-sobre-los-sectores-de-la-cultura-y-los-fondos-de-recuperacion-europeos\\\/#respond\"]}]},{\"@type\":\"WebPage\",\"@id\":\"https:\\\/\\\/www.cercledecultura.org\\\/es\\\/comunicado-del-cercle-de-cultura-sobre-los-sectores-de-la-cultura-y-los-fondos-de-recuperacion-europeos\\\/\",\"url\":\"https:\\\/\\\/www.cercledecultura.org\\\/es\\\/comunicado-del-cercle-de-cultura-sobre-los-sectores-de-la-cultura-y-los-fondos-de-recuperacion-europeos\\\/\",\"name\":\"Comunicado del Cercle de Cultura sobre los sectores de la cultura y los Fondos de Recuperaci\u00f3n Europeos - Cercle de Cultura\",\"isPartOf\":{\"@id\":\"https:\\\/\\\/www.cercledecultura.org\\\/es\\\/#website\"},\"primaryImageOfPage\":{\"@id\":\"https:\\\/\\\/www.cercledecultura.org\\\/es\\\/comunicado-del-cercle-de-cultura-sobre-los-sectores-de-la-cultura-y-los-fondos-de-recuperacion-europeos\\\/#primaryimage\"},\"image\":{\"@id\":\"https:\\\/\\\/www.cercledecultura.org\\\/es\\\/comunicado-del-cercle-de-cultura-sobre-los-sectores-de-la-cultura-y-los-fondos-de-recuperacion-europeos\\\/#primaryimage\"},\"thumbnailUrl\":\"https:\\\/\\\/www.cercledecultura.org\\\/wp-content\\\/uploads\\\/2021\\\/02\\\/GDQyyq5JIEN8lwWH0dWQ.jpg\",\"datePublished\":\"2021-01-12T22:53:43+00:00\",\"dateModified\":\"2021-05-18T06:54:54+00:00\",\"breadcrumb\":{\"@id\":\"https:\\\/\\\/www.cercledecultura.org\\\/es\\\/comunicado-del-cercle-de-cultura-sobre-los-sectores-de-la-cultura-y-los-fondos-de-recuperacion-europeos\\\/#breadcrumb\"},\"inLanguage\":\"es\",\"potentialAction\":[{\"@type\":\"ReadAction\",\"target\":[\"https:\\\/\\\/www.cercledecultura.org\\\/es\\\/comunicado-del-cercle-de-cultura-sobre-los-sectores-de-la-cultura-y-los-fondos-de-recuperacion-europeos\\\/\"]}]},{\"@type\":\"ImageObject\",\"inLanguage\":\"es\",\"@id\":\"https:\\\/\\\/www.cercledecultura.org\\\/es\\\/comunicado-del-cercle-de-cultura-sobre-los-sectores-de-la-cultura-y-los-fondos-de-recuperacion-europeos\\\/#primaryimage\",\"url\":\"https:\\\/\\\/www.cercledecultura.org\\\/wp-content\\\/uploads\\\/2021\\\/02\\\/GDQyyq5JIEN8lwWH0dWQ.jpg\",\"contentUrl\":\"https:\\\/\\\/www.cercledecultura.org\\\/wp-content\\\/uploads\\\/2021\\\/02\\\/GDQyyq5JIEN8lwWH0dWQ.jpg\",\"width\":363,\"height\":225},{\"@type\":\"BreadcrumbList\",\"@id\":\"https:\\\/\\\/www.cercledecultura.org\\\/es\\\/comunicado-del-cercle-de-cultura-sobre-los-sectores-de-la-cultura-y-los-fondos-de-recuperacion-europeos\\\/#breadcrumb\",\"itemListElement\":[{\"@type\":\"ListItem\",\"position\":1,\"name\":\"Portada\",\"item\":\"https:\\\/\\\/www.cercledecultura.org\\\/es\\\/\"},{\"@type\":\"ListItem\",\"position\":2,\"name\":\"Comunicado del Cercle de Cultura sobre los sectores de la cultura y los Fondos de Recuperaci\u00f3n Europeos\"}]},{\"@type\":\"WebSite\",\"@id\":\"https:\\\/\\\/www.cercledecultura.org\\\/es\\\/#website\",\"url\":\"https:\\\/\\\/www.cercledecultura.org\\\/es\\\/\",\"name\":\"Cercle de Cultura\",\"description\":\"Entitat de car\u00e0cter privat i associatiu, independent, amb voluntat de participar en la vida p\u00fablica des de la pluralitat ideol\u00f2gica dels seus membres fundadors i futurs associats\",\"publisher\":{\"@id\":\"https:\\\/\\\/www.cercledecultura.org\\\/es\\\/#organization\"},\"potentialAction\":[{\"@type\":\"SearchAction\",\"target\":{\"@type\":\"EntryPoint\",\"urlTemplate\":\"https:\\\/\\\/www.cercledecultura.org\\\/es\\\/?s={search_term_string}\"},\"query-input\":{\"@type\":\"PropertyValueSpecification\",\"valueRequired\":true,\"valueName\":\"search_term_string\"}}],\"inLanguage\":\"es\"},{\"@type\":\"Organization\",\"@id\":\"https:\\\/\\\/www.cercledecultura.org\\\/es\\\/#organization\",\"name\":\"Cercle de Cultura\",\"url\":\"https:\\\/\\\/www.cercledecultura.org\\\/es\\\/\",\"logo\":{\"@type\":\"ImageObject\",\"inLanguage\":\"es\",\"@id\":\"https:\\\/\\\/www.cercledecultura.org\\\/es\\\/#\\\/schema\\\/logo\\\/image\\\/\",\"url\":\"https:\\\/\\\/www.cercledecultura.org\\\/wp-content\\\/uploads\\\/2020\\\/01\\\/logo-cercle-de-cultura.png\",\"contentUrl\":\"https:\\\/\\\/www.cercledecultura.org\\\/wp-content\\\/uploads\\\/2020\\\/01\\\/logo-cercle-de-cultura.png\",\"width\":350,\"height\":195,\"caption\":\"Cercle de Cultura\"},\"image\":{\"@id\":\"https:\\\/\\\/www.cercledecultura.org\\\/es\\\/#\\\/schema\\\/logo\\\/image\\\/\"}},{\"@type\":\"Person\",\"@id\":\"https:\\\/\\\/www.cercledecultura.org\\\/es\\\/#\\\/schema\\\/person\\\/269db25cfadcb4bd2e41781c819942f9\",\"name\":\"admin\",\"image\":{\"@type\":\"ImageObject\",\"inLanguage\":\"es\",\"@id\":\"https:\\\/\\\/secure.gravatar.com\\\/avatar\\\/e88a8bb50a361c6d45c4709770a3d765016be4b5d85313447b91d0d707434ad9?s=96&d=mm&r=g\",\"url\":\"https:\\\/\\\/secure.gravatar.com\\\/avatar\\\/e88a8bb50a361c6d45c4709770a3d765016be4b5d85313447b91d0d707434ad9?s=96&d=mm&r=g\",\"contentUrl\":\"https:\\\/\\\/secure.gravatar.com\\\/avatar\\\/e88a8bb50a361c6d45c4709770a3d765016be4b5d85313447b91d0d707434ad9?s=96&d=mm&r=g\",\"caption\":\"admin\"},\"url\":\"https:\\\/\\\/www.cercledecultura.org\\\/es\\\/author\\\/seic_trzh7tdr\\\/\"}]}<\/script>\n<!-- \/ Yoast SEO plugin. -->","yoast_head_json":{"title":"Comunicado del Cercle de Cultura sobre los sectores de la cultura y los Fondos de Recuperaci\u00f3n Europeos - Cercle de Cultura","robots":{"index":"index","follow":"follow","max-snippet":"max-snippet:-1","max-image-preview":"max-image-preview:large","max-video-preview":"max-video-preview:-1"},"canonical":"https:\/\/www.cercledecultura.org\/es\/comunicado-del-cercle-de-cultura-sobre-los-sectores-de-la-cultura-y-los-fondos-de-recuperacion-europeos\/","og_locale":"es_ES","og_type":"article","og_title":"Comunicado del Cercle de Cultura sobre los sectores de la cultura y los Fondos de Recuperaci\u00f3n Europeos - Cercle de Cultura","og_description":"Comunicado del Cercle de Cultura con relaci\u00f3n al valor estrat\u00e9gico de la cultura en la recuperaci\u00f3n y transici\u00f3n econ\u00f3mica post-Covidien-19. El Cercle de Cultura pide a las administraciones p\u00fablicas Estatal y Catalana que la cultura y las industrias culturales formen parte de las prioridades reales con las que se gestionen los fondos europeos de recuperaci\u00f3n, resiliencia y transformaci\u00f3n","og_url":"https:\/\/www.cercledecultura.org\/es\/comunicado-del-cercle-de-cultura-sobre-los-sectores-de-la-cultura-y-los-fondos-de-recuperacion-europeos\/","og_site_name":"Cercle de Cultura","article_published_time":"2021-01-12T22:53:43+00:00","article_modified_time":"2021-05-18T06:54:54+00:00","og_image":[{"width":363,"height":225,"url":"https:\/\/www.cercledecultura.org\/wp-content\/uploads\/2021\/02\/GDQyyq5JIEN8lwWH0dWQ.jpg","type":"image\/jpeg"}],"author":"admin","twitter_card":"summary_large_image","twitter_misc":{"Escrito por":"admin","Tiempo de lectura":"5 minutos"},"schema":{"@context":"https:\/\/schema.org","@graph":[{"@type":"Article","@id":"https:\/\/www.cercledecultura.org\/es\/comunicado-del-cercle-de-cultura-sobre-los-sectores-de-la-cultura-y-los-fondos-de-recuperacion-europeos\/#article","isPartOf":{"@id":"https:\/\/www.cercledecultura.org\/es\/comunicado-del-cercle-de-cultura-sobre-los-sectores-de-la-cultura-y-los-fondos-de-recuperacion-europeos\/"},"author":{"name":"admin","@id":"https:\/\/www.cercledecultura.org\/es\/#\/schema\/person\/269db25cfadcb4bd2e41781c819942f9"},"headline":"Comunicado del Cercle de Cultura sobre los sectores de la cultura y los Fondos de Recuperaci\u00f3n Europeos","datePublished":"2021-01-12T22:53:43+00:00","dateModified":"2021-05-18T06:54:54+00:00","mainEntityOfPage":{"@id":"https:\/\/www.cercledecultura.org\/es\/comunicado-del-cercle-de-cultura-sobre-los-sectores-de-la-cultura-y-los-fondos-de-recuperacion-europeos\/"},"wordCount":1089,"commentCount":0,"publisher":{"@id":"https:\/\/www.cercledecultura.org\/es\/#organization"},"image":{"@id":"https:\/\/www.cercledecultura.org\/es\/comunicado-del-cercle-de-cultura-sobre-los-sectores-de-la-cultura-y-los-fondos-de-recuperacion-europeos\/#primaryimage"},"thumbnailUrl":"https:\/\/www.cercledecultura.org\/wp-content\/uploads\/2021\/02\/GDQyyq5JIEN8lwWH0dWQ.jpg","articleSection":["Manifiesto","Nota de prensa","Noticias"],"inLanguage":"es","potentialAction":[{"@type":"CommentAction","name":"Comment","target":["https:\/\/www.cercledecultura.org\/es\/comunicado-del-cercle-de-cultura-sobre-los-sectores-de-la-cultura-y-los-fondos-de-recuperacion-europeos\/#respond"]}]},{"@type":"WebPage","@id":"https:\/\/www.cercledecultura.org\/es\/comunicado-del-cercle-de-cultura-sobre-los-sectores-de-la-cultura-y-los-fondos-de-recuperacion-europeos\/","url":"https:\/\/www.cercledecultura.org\/es\/comunicado-del-cercle-de-cultura-sobre-los-sectores-de-la-cultura-y-los-fondos-de-recuperacion-europeos\/","name":"Comunicado del Cercle de Cultura sobre los sectores de la cultura y los Fondos de Recuperaci\u00f3n Europeos - Cercle de Cultura","isPartOf":{"@id":"https:\/\/www.cercledecultura.org\/es\/#website"},"primaryImageOfPage":{"@id":"https:\/\/www.cercledecultura.org\/es\/comunicado-del-cercle-de-cultura-sobre-los-sectores-de-la-cultura-y-los-fondos-de-recuperacion-europeos\/#primaryimage"},"image":{"@id":"https:\/\/www.cercledecultura.org\/es\/comunicado-del-cercle-de-cultura-sobre-los-sectores-de-la-cultura-y-los-fondos-de-recuperacion-europeos\/#primaryimage"},"thumbnailUrl":"https:\/\/www.cercledecultura.org\/wp-content\/uploads\/2021\/02\/GDQyyq5JIEN8lwWH0dWQ.jpg","datePublished":"2021-01-12T22:53:43+00:00","dateModified":"2021-05-18T06:54:54+00:00","breadcrumb":{"@id":"https:\/\/www.cercledecultura.org\/es\/comunicado-del-cercle-de-cultura-sobre-los-sectores-de-la-cultura-y-los-fondos-de-recuperacion-europeos\/#breadcrumb"},"inLanguage":"es","potentialAction":[{"@type":"ReadAction","target":["https:\/\/www.cercledecultura.org\/es\/comunicado-del-cercle-de-cultura-sobre-los-sectores-de-la-cultura-y-los-fondos-de-recuperacion-europeos\/"]}]},{"@type":"ImageObject","inLanguage":"es","@id":"https:\/\/www.cercledecultura.org\/es\/comunicado-del-cercle-de-cultura-sobre-los-sectores-de-la-cultura-y-los-fondos-de-recuperacion-europeos\/#primaryimage","url":"https:\/\/www.cercledecultura.org\/wp-content\/uploads\/2021\/02\/GDQyyq5JIEN8lwWH0dWQ.jpg","contentUrl":"https:\/\/www.cercledecultura.org\/wp-content\/uploads\/2021\/02\/GDQyyq5JIEN8lwWH0dWQ.jpg","width":363,"height":225},{"@type":"BreadcrumbList","@id":"https:\/\/www.cercledecultura.org\/es\/comunicado-del-cercle-de-cultura-sobre-los-sectores-de-la-cultura-y-los-fondos-de-recuperacion-europeos\/#breadcrumb","itemListElement":[{"@type":"ListItem","position":1,"name":"Portada","item":"https:\/\/www.cercledecultura.org\/es\/"},{"@type":"ListItem","position":2,"name":"Comunicado del Cercle de Cultura sobre los sectores de la cultura y los Fondos de Recuperaci\u00f3n Europeos"}]},{"@type":"WebSite","@id":"https:\/\/www.cercledecultura.org\/es\/#website","url":"https:\/\/www.cercledecultura.org\/es\/","name":"Cercle de Cultura","description":"Entitat de car\u00e0cter privat i associatiu, independent, amb voluntat de participar en la vida p\u00fablica des de la pluralitat ideol\u00f2gica dels seus membres fundadors i futurs associats","publisher":{"@id":"https:\/\/www.cercledecultura.org\/es\/#organization"},"potentialAction":[{"@type":"SearchAction","target":{"@type":"EntryPoint","urlTemplate":"https:\/\/www.cercledecultura.org\/es\/?s={search_term_string}"},"query-input":{"@type":"PropertyValueSpecification","valueRequired":true,"valueName":"search_term_string"}}],"inLanguage":"es"},{"@type":"Organization","@id":"https:\/\/www.cercledecultura.org\/es\/#organization","name":"Cercle de Cultura","url":"https:\/\/www.cercledecultura.org\/es\/","logo":{"@type":"ImageObject","inLanguage":"es","@id":"https:\/\/www.cercledecultura.org\/es\/#\/schema\/logo\/image\/","url":"https:\/\/www.cercledecultura.org\/wp-content\/uploads\/2020\/01\/logo-cercle-de-cultura.png","contentUrl":"https:\/\/www.cercledecultura.org\/wp-content\/uploads\/2020\/01\/logo-cercle-de-cultura.png","width":350,"height":195,"caption":"Cercle de Cultura"},"image":{"@id":"https:\/\/www.cercledecultura.org\/es\/#\/schema\/logo\/image\/"}},{"@type":"Person","@id":"https:\/\/www.cercledecultura.org\/es\/#\/schema\/person\/269db25cfadcb4bd2e41781c819942f9","name":"admin","image":{"@type":"ImageObject","inLanguage":"es","@id":"https:\/\/secure.gravatar.com\/avatar\/e88a8bb50a361c6d45c4709770a3d765016be4b5d85313447b91d0d707434ad9?s=96&d=mm&r=g","url":"https:\/\/secure.gravatar.com\/avatar\/e88a8bb50a361c6d45c4709770a3d765016be4b5d85313447b91d0d707434ad9?s=96&d=mm&r=g","contentUrl":"https:\/\/secure.gravatar.com\/avatar\/e88a8bb50a361c6d45c4709770a3d765016be4b5d85313447b91d0d707434ad9?s=96&d=mm&r=g","caption":"admin"},"url":"https:\/\/www.cercledecultura.org\/es\/author\/seic_trzh7tdr\/"}]}},"_links":{"self":[{"href":"https:\/\/www.cercledecultura.org\/es\/wp-json\/wp\/v2\/posts\/2257","targetHints":{"allow":["GET"]}}],"collection":[{"href":"https:\/\/www.cercledecultura.org\/es\/wp-json\/wp\/v2\/posts"}],"about":[{"href":"https:\/\/www.cercledecultura.org\/es\/wp-json\/wp\/v2\/types\/post"}],"author":[{"embeddable":true,"href":"https:\/\/www.cercledecultura.org\/es\/wp-json\/wp\/v2\/users\/1"}],"replies":[{"embeddable":true,"href":"https:\/\/www.cercledecultura.org\/es\/wp-json\/wp\/v2\/comments?post=2257"}],"version-history":[{"count":5,"href":"https:\/\/www.cercledecultura.org\/es\/wp-json\/wp\/v2\/posts\/2257\/revisions"}],"predecessor-version":[{"id":2303,"href":"https:\/\/www.cercledecultura.org\/es\/wp-json\/wp\/v2\/posts\/2257\/revisions\/2303"}],"wp:featuredmedia":[{"embeddable":true,"href":"https:\/\/www.cercledecultura.org\/es\/wp-json\/wp\/v2\/media\/2231"}],"wp:attachment":[{"href":"https:\/\/www.cercledecultura.org\/es\/wp-json\/wp\/v2\/media?parent=2257"}],"wp:term":[{"taxonomy":"category","embeddable":true,"href":"https:\/\/www.cercledecultura.org\/es\/wp-json\/wp\/v2\/categories?post=2257"},{"taxonomy":"post_tag","embeddable":true,"href":"https:\/\/www.cercledecultura.org\/es\/wp-json\/wp\/v2\/tags?post=2257"}],"curies":[{"name":"wp","href":"https:\/\/api.w.org\/{rel}","templated":true}]}}