{"id":2463,"date":"2021-10-21T20:00:27","date_gmt":"2021-10-21T18:00:27","guid":{"rendered":"https:\/\/www.cercledecultura.org\/?p=2463"},"modified":"2021-11-26T12:23:37","modified_gmt":"2021-11-26T10:23:37","slug":"new-series-of-debates-entitled-museums-of-art-city-cultural-project-and-funding-needs","status":"publish","type":"post","link":"https:\/\/www.cercledecultura.org\/en\/new-series-of-debates-entitled-museums-of-art-city-cultural-project-and-funding-needs\/","title":{"rendered":"New series of debates entitled &#8220;Museums of art, city, cultural project and funding needs&#8221;"},"content":{"rendered":"<p><strong>Cercle de Cultura<\/strong> and <strong>Ateneu Barcelon\u00e8s<\/strong> are organizing a new series of debates entitled &#8220;Museums of art, city, cultural project and funding needs&#8221;.<\/p>\n<p>The first session will take place on October 28 at 6.30 pm at the Ateneu Barcelon\u00e8s, with the interventions of <strong>V\u00edctor Magrans<\/strong>, administrator of the <strong>MNAC<\/strong>, and <strong>Marko Daniel<\/strong>, director of the <strong>Fundaci\u00f3 Mir\u00f3<\/strong>, moderated by <strong>F\u00e8lix Riera<\/strong>, member of the Cercle board.<\/p>\n<p>The second session will take place on November 24 at 6.30 pm in the Cercle d&#8217;Economia, and will be attended by <strong>Anna Saur\u00ed<\/strong>, manager of the <strong>Fundaci\u00f3 Antoni T\u00e0pies<\/strong>, and <strong>Maria Vilas\u00f3<\/strong>, manager of the <strong>Museu Picasso<\/strong>, moderated by <strong>Jordi Monta\u00f1a<\/strong>, member of the board of the Circle.<\/p>\n<p>Finally, the third session will take place on December 2 at 6.30 pm at the Ateneu Barcelon\u00e8s, with the presence of Imma L\u00f3pez, manager of\u00a0<strong>MACBA<\/strong>, and<strong> Judit Carrera<\/strong>, director of <strong>CCCB<\/strong>, moderated by Jordi Pardo, president of the Cercle.<\/p>\n","protected":false},"excerpt":{"rendered":"<p>Cercle de Cultura and Ateneu Barcelon\u00e8s are organizing a new series of debates entitled &#8220;Museums of art, city, cultural project and funding needs&#8221;. The first session will take place on October 28 at 6.30 pm at the Ateneu Barcelon\u00e8s, with the interventions of V\u00edctor Magrans, administrator of the MNAC, and Marko Daniel, director of the [&hellip;]<\/p>\n","protected":false},"author":2,"featured_media":2459,"comment_status":"closed","ping_status":"closed","sticky":false,"template":"","format":"standard","meta":{"footnotes":""},"categories":[546,550],"tags":[],"class_list":["post-2463","post","type-post","status-publish","format-standard","has-post-thumbnail","hentry","category-activities","category-news"],"yoast_head":"<!-- This site is optimized with the Yoast SEO plugin v27.5 - https:\/\/yoast.com\/product\/yoast-seo-wordpress\/ -->\n<title>New series of debates entitled &quot;Museums of art, city, cultural project and funding needs&quot; - Cercle de Cultura<\/title>\n<meta name=\"description\" content=\"Cercle de Cultura and Ateneu Barcelon\u00e8s are organizing a new series of debates entitled &quot;Museums of art, city, cultural project and funding needs&quot;\" \/>\n<meta name=\"robots\" content=\"index, follow, max-snippet:-1, max-image-preview:large, max-video-preview:-1\" \/>\n<link rel=\"canonical\" href=\"https:\/\/www.cercledecultura.org\/en\/new-series-of-debates-entitled-museums-of-art-city-cultural-project-and-funding-needs\/\" \/>\n<meta property=\"og:locale\" content=\"en_US\" \/>\n<meta property=\"og:type\" content=\"article\" \/>\n<meta property=\"og:title\" content=\"New series of debates entitled &quot;Museums of art, city, cultural project and funding needs&quot; - Cercle de Cultura\" \/>\n<meta property=\"og:description\" content=\"Cercle de Cultura and Ateneu Barcelon\u00e8s are organizing a new series of debates entitled &quot;Museums of art, city, cultural project and funding needs&quot;\" \/>\n<meta property=\"og:url\" content=\"https:\/\/www.cercledecultura.org\/en\/new-series-of-debates-entitled-museums-of-art-city-cultural-project-and-funding-needs\/\" \/>\n<meta property=\"og:site_name\" content=\"Cercle de Cultura\" \/>\n<meta property=\"article:published_time\" content=\"2021-10-21T18:00:27+00:00\" \/>\n<meta property=\"article:modified_time\" content=\"2021-11-26T10:23:37+00:00\" \/>\n<meta property=\"og:image\" content=\"https:\/\/www.cercledecultura.org\/wp-content\/uploads\/2021\/10\/edifici.jpg\" \/>\n\t<meta property=\"og:image:width\" content=\"720\" \/>\n\t<meta property=\"og:image:height\" content=\"480\" \/>\n\t<meta property=\"og:image:type\" content=\"image\/jpeg\" \/>\n<meta name=\"author\" content=\"Comunicaci\u00f3 Cercle de Cultura\" \/>\n<meta name=\"twitter:card\" content=\"summary_large_image\" \/>\n<meta name=\"twitter:label1\" content=\"Written by\" \/>\n\t<meta name=\"twitter:data1\" content=\"Comunicaci\u00f3 Cercle de Cultura\" \/>\n\t<meta name=\"twitter:label2\" content=\"Est. reading time\" \/>\n\t<meta name=\"twitter:data2\" content=\"1 minute\" \/>\n<script type=\"application\/ld+json\" class=\"yoast-schema-graph\">{\"@context\":\"https:\\\/\\\/schema.org\",\"@graph\":[{\"@type\":\"Article\",\"@id\":\"https:\\\/\\\/www.cercledecultura.org\\\/en\\\/new-series-of-debates-entitled-museums-of-art-city-cultural-project-and-funding-needs\\\/#article\",\"isPartOf\":{\"@id\":\"https:\\\/\\\/www.cercledecultura.org\\\/en\\\/new-series-of-debates-entitled-museums-of-art-city-cultural-project-and-funding-needs\\\/\"},\"author\":{\"name\":\"Comunicaci\u00f3 Cercle de Cultura\",\"@id\":\"https:\\\/\\\/www.cercledecultura.org\\\/en\\\/#\\\/schema\\\/person\\\/931e40c1179ecf352012690d06c032f4\"},\"headline\":\"New series of debates entitled &#8220;Museums of art, city, cultural project and funding needs&#8221;\",\"datePublished\":\"2021-10-21T18:00:27+00:00\",\"dateModified\":\"2021-11-26T10:23:37+00:00\",\"mainEntityOfPage\":{\"@id\":\"https:\\\/\\\/www.cercledecultura.org\\\/en\\\/new-series-of-debates-entitled-museums-of-art-city-cultural-project-and-funding-needs\\\/\"},\"wordCount\":171,\"publisher\":{\"@id\":\"https:\\\/\\\/www.cercledecultura.org\\\/en\\\/#organization\"},\"image\":{\"@id\":\"https:\\\/\\\/www.cercledecultura.org\\\/en\\\/new-series-of-debates-entitled-museums-of-art-city-cultural-project-and-funding-needs\\\/#primaryimage\"},\"thumbnailUrl\":\"https:\\\/\\\/www.cercledecultura.org\\\/wp-content\\\/uploads\\\/2021\\\/10\\\/edifici.jpg\",\"articleSection\":[\"Activities\",\"News\"],\"inLanguage\":\"en-US\"},{\"@type\":\"WebPage\",\"@id\":\"https:\\\/\\\/www.cercledecultura.org\\\/en\\\/new-series-of-debates-entitled-museums-of-art-city-cultural-project-and-funding-needs\\\/\",\"url\":\"https:\\\/\\\/www.cercledecultura.org\\\/en\\\/new-series-of-debates-entitled-museums-of-art-city-cultural-project-and-funding-needs\\\/\",\"name\":\"New series of debates entitled \\\"Museums of art, city, cultural project and funding needs\\\" - Cercle de Cultura\",\"isPartOf\":{\"@id\":\"https:\\\/\\\/www.cercledecultura.org\\\/en\\\/#website\"},\"primaryImageOfPage\":{\"@id\":\"https:\\\/\\\/www.cercledecultura.org\\\/en\\\/new-series-of-debates-entitled-museums-of-art-city-cultural-project-and-funding-needs\\\/#primaryimage\"},\"image\":{\"@id\":\"https:\\\/\\\/www.cercledecultura.org\\\/en\\\/new-series-of-debates-entitled-museums-of-art-city-cultural-project-and-funding-needs\\\/#primaryimage\"},\"thumbnailUrl\":\"https:\\\/\\\/www.cercledecultura.org\\\/wp-content\\\/uploads\\\/2021\\\/10\\\/edifici.jpg\",\"datePublished\":\"2021-10-21T18:00:27+00:00\",\"dateModified\":\"2021-11-26T10:23:37+00:00\",\"description\":\"Cercle de Cultura and Ateneu Barcelon\u00e8s are organizing a new series of debates entitled \\\"Museums of art, city, cultural project and funding needs\\\"\",\"breadcrumb\":{\"@id\":\"https:\\\/\\\/www.cercledecultura.org\\\/en\\\/new-series-of-debates-entitled-museums-of-art-city-cultural-project-and-funding-needs\\\/#breadcrumb\"},\"inLanguage\":\"en-US\",\"potentialAction\":[{\"@type\":\"ReadAction\",\"target\":[\"https:\\\/\\\/www.cercledecultura.org\\\/en\\\/new-series-of-debates-entitled-museums-of-art-city-cultural-project-and-funding-needs\\\/\"]}]},{\"@type\":\"ImageObject\",\"inLanguage\":\"en-US\",\"@id\":\"https:\\\/\\\/www.cercledecultura.org\\\/en\\\/new-series-of-debates-entitled-museums-of-art-city-cultural-project-and-funding-needs\\\/#primaryimage\",\"url\":\"https:\\\/\\\/www.cercledecultura.org\\\/wp-content\\\/uploads\\\/2021\\\/10\\\/edifici.jpg\",\"contentUrl\":\"https:\\\/\\\/www.cercledecultura.org\\\/wp-content\\\/uploads\\\/2021\\\/10\\\/edifici.jpg\",\"width\":720,\"height\":480},{\"@type\":\"BreadcrumbList\",\"@id\":\"https:\\\/\\\/www.cercledecultura.org\\\/en\\\/new-series-of-debates-entitled-museums-of-art-city-cultural-project-and-funding-needs\\\/#breadcrumb\",\"itemListElement\":[{\"@type\":\"ListItem\",\"position\":1,\"name\":\"Portada\",\"item\":\"https:\\\/\\\/www.cercledecultura.org\\\/en\\\/\"},{\"@type\":\"ListItem\",\"position\":2,\"name\":\"New series of debates entitled &#8220;Museums of art, city, cultural project and funding needs&#8221;\"}]},{\"@type\":\"WebSite\",\"@id\":\"https:\\\/\\\/www.cercledecultura.org\\\/en\\\/#website\",\"url\":\"https:\\\/\\\/www.cercledecultura.org\\\/en\\\/\",\"name\":\"Cercle de Cultura\",\"description\":\"Entitat de car\u00e0cter privat i associatiu, independent, amb voluntat de participar en la vida p\u00fablica des de la pluralitat ideol\u00f2gica dels seus membres fundadors i futurs associats\",\"publisher\":{\"@id\":\"https:\\\/\\\/www.cercledecultura.org\\\/en\\\/#organization\"},\"potentialAction\":[{\"@type\":\"SearchAction\",\"target\":{\"@type\":\"EntryPoint\",\"urlTemplate\":\"https:\\\/\\\/www.cercledecultura.org\\\/en\\\/?s={search_term_string}\"},\"query-input\":{\"@type\":\"PropertyValueSpecification\",\"valueRequired\":true,\"valueName\":\"search_term_string\"}}],\"inLanguage\":\"en-US\"},{\"@type\":\"Organization\",\"@id\":\"https:\\\/\\\/www.cercledecultura.org\\\/en\\\/#organization\",\"name\":\"Cercle de Cultura\",\"url\":\"https:\\\/\\\/www.cercledecultura.org\\\/en\\\/\",\"logo\":{\"@type\":\"ImageObject\",\"inLanguage\":\"en-US\",\"@id\":\"https:\\\/\\\/www.cercledecultura.org\\\/en\\\/#\\\/schema\\\/logo\\\/image\\\/\",\"url\":\"https:\\\/\\\/www.cercledecultura.org\\\/wp-content\\\/uploads\\\/2020\\\/01\\\/logo-cercle-de-cultura.png\",\"contentUrl\":\"https:\\\/\\\/www.cercledecultura.org\\\/wp-content\\\/uploads\\\/2020\\\/01\\\/logo-cercle-de-cultura.png\",\"width\":350,\"height\":195,\"caption\":\"Cercle de Cultura\"},\"image\":{\"@id\":\"https:\\\/\\\/www.cercledecultura.org\\\/en\\\/#\\\/schema\\\/logo\\\/image\\\/\"}},{\"@type\":\"Person\",\"@id\":\"https:\\\/\\\/www.cercledecultura.org\\\/en\\\/#\\\/schema\\\/person\\\/931e40c1179ecf352012690d06c032f4\",\"name\":\"Comunicaci\u00f3 Cercle de Cultura\",\"image\":{\"@type\":\"ImageObject\",\"inLanguage\":\"en-US\",\"@id\":\"https:\\\/\\\/secure.gravatar.com\\\/avatar\\\/46c76410f5e9186d043ead05387a12bf4af192b9a85fac81aaa84c02b822a715?s=96&d=mm&r=g\",\"url\":\"https:\\\/\\\/secure.gravatar.com\\\/avatar\\\/46c76410f5e9186d043ead05387a12bf4af192b9a85fac81aaa84c02b822a715?s=96&d=mm&r=g\",\"contentUrl\":\"https:\\\/\\\/secure.gravatar.com\\\/avatar\\\/46c76410f5e9186d043ead05387a12bf4af192b9a85fac81aaa84c02b822a715?s=96&d=mm&r=g\",\"caption\":\"Comunicaci\u00f3 Cercle de Cultura\"},\"sameAs\":[\"https:\\\/\\\/www.cercledecultura.org\"],\"url\":\"https:\\\/\\\/www.cercledecultura.org\\\/en\\\/author\\\/secretaria\\\/\"}]}<\/script>\n<!-- \/ Yoast SEO plugin. -->","yoast_head_json":{"title":"New series of debates entitled \"Museums of art, city, cultural project and funding needs\" - Cercle de Cultura","description":"Cercle de Cultura and Ateneu Barcelon\u00e8s are organizing a new series of debates entitled \"Museums of art, city, cultural project and funding needs\"","robots":{"index":"index","follow":"follow","max-snippet":"max-snippet:-1","max-image-preview":"max-image-preview:large","max-video-preview":"max-video-preview:-1"},"canonical":"https:\/\/www.cercledecultura.org\/en\/new-series-of-debates-entitled-museums-of-art-city-cultural-project-and-funding-needs\/","og_locale":"en_US","og_type":"article","og_title":"New series of debates entitled \"Museums of art, city, cultural project and funding needs\" - Cercle de Cultura","og_description":"Cercle de Cultura and Ateneu Barcelon\u00e8s are organizing a new series of debates entitled \"Museums of art, city, cultural project and funding needs\"","og_url":"https:\/\/www.cercledecultura.org\/en\/new-series-of-debates-entitled-museums-of-art-city-cultural-project-and-funding-needs\/","og_site_name":"Cercle de Cultura","article_published_time":"2021-10-21T18:00:27+00:00","article_modified_time":"2021-11-26T10:23:37+00:00","og_image":[{"width":720,"height":480,"url":"https:\/\/www.cercledecultura.org\/wp-content\/uploads\/2021\/10\/edifici.jpg","type":"image\/jpeg"}],"author":"Comunicaci\u00f3 Cercle de Cultura","twitter_card":"summary_large_image","twitter_misc":{"Written by":"Comunicaci\u00f3 Cercle de Cultura","Est. reading time":"1 minute"},"schema":{"@context":"https:\/\/schema.org","@graph":[{"@type":"Article","@id":"https:\/\/www.cercledecultura.org\/en\/new-series-of-debates-entitled-museums-of-art-city-cultural-project-and-funding-needs\/#article","isPartOf":{"@id":"https:\/\/www.cercledecultura.org\/en\/new-series-of-debates-entitled-museums-of-art-city-cultural-project-and-funding-needs\/"},"author":{"name":"Comunicaci\u00f3 Cercle de Cultura","@id":"https:\/\/www.cercledecultura.org\/en\/#\/schema\/person\/931e40c1179ecf352012690d06c032f4"},"headline":"New series of debates entitled &#8220;Museums of art, city, cultural project and funding needs&#8221;","datePublished":"2021-10-21T18:00:27+00:00","dateModified":"2021-11-26T10:23:37+00:00","mainEntityOfPage":{"@id":"https:\/\/www.cercledecultura.org\/en\/new-series-of-debates-entitled-museums-of-art-city-cultural-project-and-funding-needs\/"},"wordCount":171,"publisher":{"@id":"https:\/\/www.cercledecultura.org\/en\/#organization"},"image":{"@id":"https:\/\/www.cercledecultura.org\/en\/new-series-of-debates-entitled-museums-of-art-city-cultural-project-and-funding-needs\/#primaryimage"},"thumbnailUrl":"https:\/\/www.cercledecultura.org\/wp-content\/uploads\/2021\/10\/edifici.jpg","articleSection":["Activities","News"],"inLanguage":"en-US"},{"@type":"WebPage","@id":"https:\/\/www.cercledecultura.org\/en\/new-series-of-debates-entitled-museums-of-art-city-cultural-project-and-funding-needs\/","url":"https:\/\/www.cercledecultura.org\/en\/new-series-of-debates-entitled-museums-of-art-city-cultural-project-and-funding-needs\/","name":"New series of debates entitled \"Museums of art, city, cultural project and funding needs\" - Cercle de Cultura","isPartOf":{"@id":"https:\/\/www.cercledecultura.org\/en\/#website"},"primaryImageOfPage":{"@id":"https:\/\/www.cercledecultura.org\/en\/new-series-of-debates-entitled-museums-of-art-city-cultural-project-and-funding-needs\/#primaryimage"},"image":{"@id":"https:\/\/www.cercledecultura.org\/en\/new-series-of-debates-entitled-museums-of-art-city-cultural-project-and-funding-needs\/#primaryimage"},"thumbnailUrl":"https:\/\/www.cercledecultura.org\/wp-content\/uploads\/2021\/10\/edifici.jpg","datePublished":"2021-10-21T18:00:27+00:00","dateModified":"2021-11-26T10:23:37+00:00","description":"Cercle de Cultura and Ateneu Barcelon\u00e8s are organizing a new series of debates entitled \"Museums of art, city, cultural project and funding needs\"","breadcrumb":{"@id":"https:\/\/www.cercledecultura.org\/en\/new-series-of-debates-entitled-museums-of-art-city-cultural-project-and-funding-needs\/#breadcrumb"},"inLanguage":"en-US","potentialAction":[{"@type":"ReadAction","target":["https:\/\/www.cercledecultura.org\/en\/new-series-of-debates-entitled-museums-of-art-city-cultural-project-and-funding-needs\/"]}]},{"@type":"ImageObject","inLanguage":"en-US","@id":"https:\/\/www.cercledecultura.org\/en\/new-series-of-debates-entitled-museums-of-art-city-cultural-project-and-funding-needs\/#primaryimage","url":"https:\/\/www.cercledecultura.org\/wp-content\/uploads\/2021\/10\/edifici.jpg","contentUrl":"https:\/\/www.cercledecultura.org\/wp-content\/uploads\/2021\/10\/edifici.jpg","width":720,"height":480},{"@type":"BreadcrumbList","@id":"https:\/\/www.cercledecultura.org\/en\/new-series-of-debates-entitled-museums-of-art-city-cultural-project-and-funding-needs\/#breadcrumb","itemListElement":[{"@type":"ListItem","position":1,"name":"Portada","item":"https:\/\/www.cercledecultura.org\/en\/"},{"@type":"ListItem","position":2,"name":"New series of debates entitled &#8220;Museums of art, city, cultural project and funding needs&#8221;"}]},{"@type":"WebSite","@id":"https:\/\/www.cercledecultura.org\/en\/#website","url":"https:\/\/www.cercledecultura.org\/en\/","name":"Cercle de Cultura","description":"Entitat de car\u00e0cter privat i associatiu, independent, amb voluntat de participar en la vida p\u00fablica des de la pluralitat ideol\u00f2gica dels seus membres fundadors i futurs associats","publisher":{"@id":"https:\/\/www.cercledecultura.org\/en\/#organization"},"potentialAction":[{"@type":"SearchAction","target":{"@type":"EntryPoint","urlTemplate":"https:\/\/www.cercledecultura.org\/en\/?s={search_term_string}"},"query-input":{"@type":"PropertyValueSpecification","valueRequired":true,"valueName":"search_term_string"}}],"inLanguage":"en-US"},{"@type":"Organization","@id":"https:\/\/www.cercledecultura.org\/en\/#organization","name":"Cercle de Cultura","url":"https:\/\/www.cercledecultura.org\/en\/","logo":{"@type":"ImageObject","inLanguage":"en-US","@id":"https:\/\/www.cercledecultura.org\/en\/#\/schema\/logo\/image\/","url":"https:\/\/www.cercledecultura.org\/wp-content\/uploads\/2020\/01\/logo-cercle-de-cultura.png","contentUrl":"https:\/\/www.cercledecultura.org\/wp-content\/uploads\/2020\/01\/logo-cercle-de-cultura.png","width":350,"height":195,"caption":"Cercle de Cultura"},"image":{"@id":"https:\/\/www.cercledecultura.org\/en\/#\/schema\/logo\/image\/"}},{"@type":"Person","@id":"https:\/\/www.cercledecultura.org\/en\/#\/schema\/person\/931e40c1179ecf352012690d06c032f4","name":"Comunicaci\u00f3 Cercle de Cultura","image":{"@type":"ImageObject","inLanguage":"en-US","@id":"https:\/\/secure.gravatar.com\/avatar\/46c76410f5e9186d043ead05387a12bf4af192b9a85fac81aaa84c02b822a715?s=96&d=mm&r=g","url":"https:\/\/secure.gravatar.com\/avatar\/46c76410f5e9186d043ead05387a12bf4af192b9a85fac81aaa84c02b822a715?s=96&d=mm&r=g","contentUrl":"https:\/\/secure.gravatar.com\/avatar\/46c76410f5e9186d043ead05387a12bf4af192b9a85fac81aaa84c02b822a715?s=96&d=mm&r=g","caption":"Comunicaci\u00f3 Cercle de Cultura"},"sameAs":["https:\/\/www.cercledecultura.org"],"url":"https:\/\/www.cercledecultura.org\/en\/author\/secretaria\/"}]}},"_links":{"self":[{"href":"https:\/\/www.cercledecultura.org\/en\/wp-json\/wp\/v2\/posts\/2463","targetHints":{"allow":["GET"]}}],"collection":[{"href":"https:\/\/www.cercledecultura.org\/en\/wp-json\/wp\/v2\/posts"}],"about":[{"href":"https:\/\/www.cercledecultura.org\/en\/wp-json\/wp\/v2\/types\/post"}],"author":[{"embeddable":true,"href":"https:\/\/www.cercledecultura.org\/en\/wp-json\/wp\/v2\/users\/2"}],"replies":[{"embeddable":true,"href":"https:\/\/www.cercledecultura.org\/en\/wp-json\/wp\/v2\/comments?post=2463"}],"version-history":[{"count":3,"href":"https:\/\/www.cercledecultura.org\/en\/wp-json\/wp\/v2\/posts\/2463\/revisions"}],"predecessor-version":[{"id":2473,"href":"https:\/\/www.cercledecultura.org\/en\/wp-json\/wp\/v2\/posts\/2463\/revisions\/2473"}],"wp:featuredmedia":[{"embeddable":true,"href":"https:\/\/www.cercledecultura.org\/en\/wp-json\/wp\/v2\/media\/2459"}],"wp:attachment":[{"href":"https:\/\/www.cercledecultura.org\/en\/wp-json\/wp\/v2\/media?parent=2463"}],"wp:term":[{"taxonomy":"category","embeddable":true,"href":"https:\/\/www.cercledecultura.org\/en\/wp-json\/wp\/v2\/categories?post=2463"},{"taxonomy":"post_tag","embeddable":true,"href":"https:\/\/www.cercledecultura.org\/en\/wp-json\/wp\/v2\/tags?post=2463"}],"curies":[{"name":"wp","href":"https:\/\/api.w.org\/{rel}","templated":true}]}}