{"id":2453,"date":"2021-10-19T13:17:49","date_gmt":"2021-10-19T11:17:49","guid":{"rendered":"https:\/\/www.cercledecultura.org\/?p=2453"},"modified":"2022-10-27T21:11:03","modified_gmt":"2022-10-27T19:11:03","slug":"interview-members-nuria-sempere","status":"publish","type":"post","link":"https:\/\/www.cercledecultura.org\/en\/interview-members-nuria-sempere\/","title":{"rendered":"Interview with members: N\u00faria Sempere"},"content":{"rendered":"<p>We spoke with N\u00faria Sempere, general director of the ESMUC since 2019. Sempere has been director of the Municipal School of Music-Arts Center (EMMCA) of L&#8217;Hospitalet de Llobregat, professor of the Department of Production and Management of the ESMUC and member of the Board of Directors of the Catalan Association of Music Schools (ACEM), of which she is the founding president. Diploma in advanced studies from the University of Barcelona, \u200b\u200bMaster\u2019s in Public Management from ESADE, a degree in art history from the University of Barcelona and a guitar teacher at the Barcelona Municipal Conservatory of Music.<\/p>\n<p>&nbsp;<\/p>\n<p><strong>I. What is your link with the cultural sector?<\/strong><\/p>\n<p>&nbsp;<\/p>\n<p>Right now my bond is dual. On the one hand a professional connection (I am the director of the public center of higher music education in the country, the ESMUC) and on the other a hobby connection (I am a constant audience of music and theater, perhaps less dance &#8211; although when I go there I love- and visiting exhibitions in museums and galleries).<\/p>\n<p>&nbsp;<\/p>\n<p><strong>2. Why did you sign up for the Cercle?<\/strong><\/p>\n<p>&nbsp;<\/p>\n<p>To learn from people who are rethinking strategies, devices, goals and the need to articulate a cultural sector that comes out of their sometimes self-referential gaze and can make their experience and knowledge available to the entire community .<\/p>\n<p>&nbsp;<\/p>\n<p><strong>3. What can you contribute?<\/strong><\/p>\n<p>&nbsp;<\/p>\n<p>My contribution can be my professional experience which has been very multifaceted especially if we take a chronological look: I was a student and teacher of instrument, activist for cultural rights, professional in the management of art education institutions and I have been in contact with multiple ways of relating to culture (from content creation, production and distribution, arts education, audiences, and community participation). This view, from concrete experiences, is what I can contribute in broader debates.<\/p>\n<p>&nbsp;<\/p>\n<p><strong>4. What is the role of culture in the current context?<\/strong><\/p>\n<p>&nbsp;<\/p>\n<p>Surely we respond differently when we talk about cultural sector or when we talk about culture. Because when we talk about the sector, we usually refer to the people or institutions that work professionally (with their rights more or less supported or violated) and when we talk about culture, a community dimension opens up that we long for. If we talk about culture (and not cultural sector) the dimension of words such as heritage, creation, interpretation, debate or cultural rights transcends a small circle and concerns all citizens with their background, interests or skills, and then the questions on what conditions has the fact of deepening in these skills to be included or included in the sector. Inclusion and vulnerability in cultural matters illustrate inclusion and vulnerabilities in our society.<\/p>\n<p>&nbsp;<\/p>\n<p>&nbsp;<\/p>\n<p><strong>5. What do you think the Cercle can do to encourage cultural debate?<\/strong><\/p>\n<p>&nbsp;<\/p>\n<p>Create a space where you can (re) think freely. A debate whose results must be able to influence public decision-making.<\/p>\n","protected":false},"excerpt":{"rendered":"<p>We spoke with N\u00faria Sempere, general director of the ESMUC since 2019. Sempere has been director of the Municipal School of Music-Arts Center (EMMCA) of L&#8217;Hospitalet de Llobregat, professor of the Department of Production and Management of the ESMUC and member of the Board of Directors of the Catalan Association of Music Schools (ACEM), of [&hellip;]<\/p>\n","protected":false},"author":2,"featured_media":2448,"comment_status":"closed","ping_status":"closed","sticky":false,"template":"","format":"standard","meta":{"footnotes":""},"categories":[603],"tags":[],"class_list":["post-2453","post","type-post","status-publish","format-standard","has-post-thumbnail","hentry","category-interviews"],"yoast_head":"<!-- This site is optimized with the Yoast SEO plugin v27.5 - https:\/\/yoast.com\/product\/yoast-seo-wordpress\/ -->\n<title>Interview with members: N\u00faria Sempere - Cercle de Cultura<\/title>\n<meta name=\"description\" content=\"N\u00faria Sempere is general director of the Escola Superior de M\u00fasica de Catalunya (ESMUC) since 2019, and Cercle&#039;s member\" \/>\n<meta name=\"robots\" content=\"index, follow, max-snippet:-1, max-image-preview:large, max-video-preview:-1\" \/>\n<link rel=\"canonical\" href=\"https:\/\/www.cercledecultura.org\/en\/interview-members-nuria-sempere\/\" \/>\n<meta property=\"og:locale\" content=\"en_US\" \/>\n<meta property=\"og:type\" content=\"article\" \/>\n<meta property=\"og:title\" content=\"Interview with members: N\u00faria Sempere - Cercle de Cultura\" \/>\n<meta property=\"og:description\" content=\"N\u00faria Sempere is general director of the Escola Superior de M\u00fasica de Catalunya (ESMUC) since 2019, and Cercle&#039;s member\" \/>\n<meta property=\"og:url\" content=\"https:\/\/www.cercledecultura.org\/en\/interview-members-nuria-sempere\/\" \/>\n<meta property=\"og:site_name\" content=\"Cercle de Cultura\" \/>\n<meta property=\"article:published_time\" content=\"2021-10-19T11:17:49+00:00\" \/>\n<meta property=\"article:modified_time\" content=\"2022-10-27T19:11:03+00:00\" \/>\n<meta property=\"og:image\" content=\"https:\/\/www.cercledecultura.org\/wp-content\/uploads\/2021\/10\/DzMurzAX0AANPxt.jpg\" \/>\n\t<meta property=\"og:image:width\" content=\"1200\" \/>\n\t<meta property=\"og:image:height\" content=\"900\" \/>\n\t<meta property=\"og:image:type\" content=\"image\/jpeg\" \/>\n<meta name=\"author\" content=\"Comunicaci\u00f3 Cercle de Cultura\" \/>\n<meta name=\"twitter:card\" content=\"summary_large_image\" \/>\n<meta name=\"twitter:label1\" content=\"Written by\" \/>\n\t<meta name=\"twitter:data1\" content=\"Comunicaci\u00f3 Cercle de Cultura\" \/>\n\t<meta name=\"twitter:label2\" content=\"Est. reading time\" \/>\n\t<meta name=\"twitter:data2\" content=\"3 minutes\" \/>\n<script type=\"application\/ld+json\" class=\"yoast-schema-graph\">{\"@context\":\"https:\\\/\\\/schema.org\",\"@graph\":[{\"@type\":\"Article\",\"@id\":\"https:\\\/\\\/www.cercledecultura.org\\\/en\\\/interview-members-nuria-sempere\\\/#article\",\"isPartOf\":{\"@id\":\"https:\\\/\\\/www.cercledecultura.org\\\/en\\\/interview-members-nuria-sempere\\\/\"},\"author\":{\"name\":\"Comunicaci\u00f3 Cercle de Cultura\",\"@id\":\"https:\\\/\\\/www.cercledecultura.org\\\/en\\\/#\\\/schema\\\/person\\\/931e40c1179ecf352012690d06c032f4\"},\"headline\":\"Interview with members: N\u00faria Sempere\",\"datePublished\":\"2021-10-19T11:17:49+00:00\",\"dateModified\":\"2022-10-27T19:11:03+00:00\",\"mainEntityOfPage\":{\"@id\":\"https:\\\/\\\/www.cercledecultura.org\\\/en\\\/interview-members-nuria-sempere\\\/\"},\"wordCount\":488,\"publisher\":{\"@id\":\"https:\\\/\\\/www.cercledecultura.org\\\/en\\\/#organization\"},\"image\":{\"@id\":\"https:\\\/\\\/www.cercledecultura.org\\\/en\\\/interview-members-nuria-sempere\\\/#primaryimage\"},\"thumbnailUrl\":\"https:\\\/\\\/www.cercledecultura.org\\\/wp-content\\\/uploads\\\/2021\\\/10\\\/DzMurzAX0AANPxt.jpg\",\"articleSection\":[\"Interviews\"],\"inLanguage\":\"en-US\"},{\"@type\":\"WebPage\",\"@id\":\"https:\\\/\\\/www.cercledecultura.org\\\/en\\\/interview-members-nuria-sempere\\\/\",\"url\":\"https:\\\/\\\/www.cercledecultura.org\\\/en\\\/interview-members-nuria-sempere\\\/\",\"name\":\"Interview with members: N\u00faria Sempere - Cercle de Cultura\",\"isPartOf\":{\"@id\":\"https:\\\/\\\/www.cercledecultura.org\\\/en\\\/#website\"},\"primaryImageOfPage\":{\"@id\":\"https:\\\/\\\/www.cercledecultura.org\\\/en\\\/interview-members-nuria-sempere\\\/#primaryimage\"},\"image\":{\"@id\":\"https:\\\/\\\/www.cercledecultura.org\\\/en\\\/interview-members-nuria-sempere\\\/#primaryimage\"},\"thumbnailUrl\":\"https:\\\/\\\/www.cercledecultura.org\\\/wp-content\\\/uploads\\\/2021\\\/10\\\/DzMurzAX0AANPxt.jpg\",\"datePublished\":\"2021-10-19T11:17:49+00:00\",\"dateModified\":\"2022-10-27T19:11:03+00:00\",\"description\":\"N\u00faria Sempere is general director of the Escola Superior de M\u00fasica de Catalunya (ESMUC) since 2019, and Cercle's member\",\"breadcrumb\":{\"@id\":\"https:\\\/\\\/www.cercledecultura.org\\\/en\\\/interview-members-nuria-sempere\\\/#breadcrumb\"},\"inLanguage\":\"en-US\",\"potentialAction\":[{\"@type\":\"ReadAction\",\"target\":[\"https:\\\/\\\/www.cercledecultura.org\\\/en\\\/interview-members-nuria-sempere\\\/\"]}]},{\"@type\":\"ImageObject\",\"inLanguage\":\"en-US\",\"@id\":\"https:\\\/\\\/www.cercledecultura.org\\\/en\\\/interview-members-nuria-sempere\\\/#primaryimage\",\"url\":\"https:\\\/\\\/www.cercledecultura.org\\\/wp-content\\\/uploads\\\/2021\\\/10\\\/DzMurzAX0AANPxt.jpg\",\"contentUrl\":\"https:\\\/\\\/www.cercledecultura.org\\\/wp-content\\\/uploads\\\/2021\\\/10\\\/DzMurzAX0AANPxt.jpg\",\"width\":1200,\"height\":900,\"caption\":\"N\u00faria Sempere, directora general de l'ESMUC\"},{\"@type\":\"BreadcrumbList\",\"@id\":\"https:\\\/\\\/www.cercledecultura.org\\\/en\\\/interview-members-nuria-sempere\\\/#breadcrumb\",\"itemListElement\":[{\"@type\":\"ListItem\",\"position\":1,\"name\":\"Portada\",\"item\":\"https:\\\/\\\/www.cercledecultura.org\\\/en\\\/\"},{\"@type\":\"ListItem\",\"position\":2,\"name\":\"Interview with members: N\u00faria Sempere\"}]},{\"@type\":\"WebSite\",\"@id\":\"https:\\\/\\\/www.cercledecultura.org\\\/en\\\/#website\",\"url\":\"https:\\\/\\\/www.cercledecultura.org\\\/en\\\/\",\"name\":\"Cercle de Cultura\",\"description\":\"Entitat de car\u00e0cter privat i associatiu, independent, amb voluntat de participar en la vida p\u00fablica des de la pluralitat ideol\u00f2gica dels seus membres fundadors i futurs associats\",\"publisher\":{\"@id\":\"https:\\\/\\\/www.cercledecultura.org\\\/en\\\/#organization\"},\"potentialAction\":[{\"@type\":\"SearchAction\",\"target\":{\"@type\":\"EntryPoint\",\"urlTemplate\":\"https:\\\/\\\/www.cercledecultura.org\\\/en\\\/?s={search_term_string}\"},\"query-input\":{\"@type\":\"PropertyValueSpecification\",\"valueRequired\":true,\"valueName\":\"search_term_string\"}}],\"inLanguage\":\"en-US\"},{\"@type\":\"Organization\",\"@id\":\"https:\\\/\\\/www.cercledecultura.org\\\/en\\\/#organization\",\"name\":\"Cercle de Cultura\",\"url\":\"https:\\\/\\\/www.cercledecultura.org\\\/en\\\/\",\"logo\":{\"@type\":\"ImageObject\",\"inLanguage\":\"en-US\",\"@id\":\"https:\\\/\\\/www.cercledecultura.org\\\/en\\\/#\\\/schema\\\/logo\\\/image\\\/\",\"url\":\"https:\\\/\\\/www.cercledecultura.org\\\/wp-content\\\/uploads\\\/2020\\\/01\\\/logo-cercle-de-cultura.png\",\"contentUrl\":\"https:\\\/\\\/www.cercledecultura.org\\\/wp-content\\\/uploads\\\/2020\\\/01\\\/logo-cercle-de-cultura.png\",\"width\":350,\"height\":195,\"caption\":\"Cercle de Cultura\"},\"image\":{\"@id\":\"https:\\\/\\\/www.cercledecultura.org\\\/en\\\/#\\\/schema\\\/logo\\\/image\\\/\"}},{\"@type\":\"Person\",\"@id\":\"https:\\\/\\\/www.cercledecultura.org\\\/en\\\/#\\\/schema\\\/person\\\/931e40c1179ecf352012690d06c032f4\",\"name\":\"Comunicaci\u00f3 Cercle de Cultura\",\"image\":{\"@type\":\"ImageObject\",\"inLanguage\":\"en-US\",\"@id\":\"https:\\\/\\\/secure.gravatar.com\\\/avatar\\\/46c76410f5e9186d043ead05387a12bf4af192b9a85fac81aaa84c02b822a715?s=96&d=mm&r=g\",\"url\":\"https:\\\/\\\/secure.gravatar.com\\\/avatar\\\/46c76410f5e9186d043ead05387a12bf4af192b9a85fac81aaa84c02b822a715?s=96&d=mm&r=g\",\"contentUrl\":\"https:\\\/\\\/secure.gravatar.com\\\/avatar\\\/46c76410f5e9186d043ead05387a12bf4af192b9a85fac81aaa84c02b822a715?s=96&d=mm&r=g\",\"caption\":\"Comunicaci\u00f3 Cercle de Cultura\"},\"sameAs\":[\"https:\\\/\\\/www.cercledecultura.org\"],\"url\":\"https:\\\/\\\/www.cercledecultura.org\\\/en\\\/author\\\/secretaria\\\/\"}]}<\/script>\n<!-- \/ Yoast SEO plugin. -->","yoast_head_json":{"title":"Interview with members: N\u00faria Sempere - Cercle de Cultura","description":"N\u00faria Sempere is general director of the Escola Superior de M\u00fasica de Catalunya (ESMUC) since 2019, and Cercle's member","robots":{"index":"index","follow":"follow","max-snippet":"max-snippet:-1","max-image-preview":"max-image-preview:large","max-video-preview":"max-video-preview:-1"},"canonical":"https:\/\/www.cercledecultura.org\/en\/interview-members-nuria-sempere\/","og_locale":"en_US","og_type":"article","og_title":"Interview with members: N\u00faria Sempere - Cercle de Cultura","og_description":"N\u00faria Sempere is general director of the Escola Superior de M\u00fasica de Catalunya (ESMUC) since 2019, and Cercle's member","og_url":"https:\/\/www.cercledecultura.org\/en\/interview-members-nuria-sempere\/","og_site_name":"Cercle de Cultura","article_published_time":"2021-10-19T11:17:49+00:00","article_modified_time":"2022-10-27T19:11:03+00:00","og_image":[{"width":1200,"height":900,"url":"https:\/\/www.cercledecultura.org\/wp-content\/uploads\/2021\/10\/DzMurzAX0AANPxt.jpg","type":"image\/jpeg"}],"author":"Comunicaci\u00f3 Cercle de Cultura","twitter_card":"summary_large_image","twitter_misc":{"Written by":"Comunicaci\u00f3 Cercle de Cultura","Est. reading time":"3 minutes"},"schema":{"@context":"https:\/\/schema.org","@graph":[{"@type":"Article","@id":"https:\/\/www.cercledecultura.org\/en\/interview-members-nuria-sempere\/#article","isPartOf":{"@id":"https:\/\/www.cercledecultura.org\/en\/interview-members-nuria-sempere\/"},"author":{"name":"Comunicaci\u00f3 Cercle de Cultura","@id":"https:\/\/www.cercledecultura.org\/en\/#\/schema\/person\/931e40c1179ecf352012690d06c032f4"},"headline":"Interview with members: N\u00faria Sempere","datePublished":"2021-10-19T11:17:49+00:00","dateModified":"2022-10-27T19:11:03+00:00","mainEntityOfPage":{"@id":"https:\/\/www.cercledecultura.org\/en\/interview-members-nuria-sempere\/"},"wordCount":488,"publisher":{"@id":"https:\/\/www.cercledecultura.org\/en\/#organization"},"image":{"@id":"https:\/\/www.cercledecultura.org\/en\/interview-members-nuria-sempere\/#primaryimage"},"thumbnailUrl":"https:\/\/www.cercledecultura.org\/wp-content\/uploads\/2021\/10\/DzMurzAX0AANPxt.jpg","articleSection":["Interviews"],"inLanguage":"en-US"},{"@type":"WebPage","@id":"https:\/\/www.cercledecultura.org\/en\/interview-members-nuria-sempere\/","url":"https:\/\/www.cercledecultura.org\/en\/interview-members-nuria-sempere\/","name":"Interview with members: N\u00faria Sempere - Cercle de Cultura","isPartOf":{"@id":"https:\/\/www.cercledecultura.org\/en\/#website"},"primaryImageOfPage":{"@id":"https:\/\/www.cercledecultura.org\/en\/interview-members-nuria-sempere\/#primaryimage"},"image":{"@id":"https:\/\/www.cercledecultura.org\/en\/interview-members-nuria-sempere\/#primaryimage"},"thumbnailUrl":"https:\/\/www.cercledecultura.org\/wp-content\/uploads\/2021\/10\/DzMurzAX0AANPxt.jpg","datePublished":"2021-10-19T11:17:49+00:00","dateModified":"2022-10-27T19:11:03+00:00","description":"N\u00faria Sempere is general director of the Escola Superior de M\u00fasica de Catalunya (ESMUC) since 2019, and Cercle's member","breadcrumb":{"@id":"https:\/\/www.cercledecultura.org\/en\/interview-members-nuria-sempere\/#breadcrumb"},"inLanguage":"en-US","potentialAction":[{"@type":"ReadAction","target":["https:\/\/www.cercledecultura.org\/en\/interview-members-nuria-sempere\/"]}]},{"@type":"ImageObject","inLanguage":"en-US","@id":"https:\/\/www.cercledecultura.org\/en\/interview-members-nuria-sempere\/#primaryimage","url":"https:\/\/www.cercledecultura.org\/wp-content\/uploads\/2021\/10\/DzMurzAX0AANPxt.jpg","contentUrl":"https:\/\/www.cercledecultura.org\/wp-content\/uploads\/2021\/10\/DzMurzAX0AANPxt.jpg","width":1200,"height":900,"caption":"N\u00faria Sempere, directora general de l'ESMUC"},{"@type":"BreadcrumbList","@id":"https:\/\/www.cercledecultura.org\/en\/interview-members-nuria-sempere\/#breadcrumb","itemListElement":[{"@type":"ListItem","position":1,"name":"Portada","item":"https:\/\/www.cercledecultura.org\/en\/"},{"@type":"ListItem","position":2,"name":"Interview with members: N\u00faria Sempere"}]},{"@type":"WebSite","@id":"https:\/\/www.cercledecultura.org\/en\/#website","url":"https:\/\/www.cercledecultura.org\/en\/","name":"Cercle de Cultura","description":"Entitat de car\u00e0cter privat i associatiu, independent, amb voluntat de participar en la vida p\u00fablica des de la pluralitat ideol\u00f2gica dels seus membres fundadors i futurs associats","publisher":{"@id":"https:\/\/www.cercledecultura.org\/en\/#organization"},"potentialAction":[{"@type":"SearchAction","target":{"@type":"EntryPoint","urlTemplate":"https:\/\/www.cercledecultura.org\/en\/?s={search_term_string}"},"query-input":{"@type":"PropertyValueSpecification","valueRequired":true,"valueName":"search_term_string"}}],"inLanguage":"en-US"},{"@type":"Organization","@id":"https:\/\/www.cercledecultura.org\/en\/#organization","name":"Cercle de Cultura","url":"https:\/\/www.cercledecultura.org\/en\/","logo":{"@type":"ImageObject","inLanguage":"en-US","@id":"https:\/\/www.cercledecultura.org\/en\/#\/schema\/logo\/image\/","url":"https:\/\/www.cercledecultura.org\/wp-content\/uploads\/2020\/01\/logo-cercle-de-cultura.png","contentUrl":"https:\/\/www.cercledecultura.org\/wp-content\/uploads\/2020\/01\/logo-cercle-de-cultura.png","width":350,"height":195,"caption":"Cercle de Cultura"},"image":{"@id":"https:\/\/www.cercledecultura.org\/en\/#\/schema\/logo\/image\/"}},{"@type":"Person","@id":"https:\/\/www.cercledecultura.org\/en\/#\/schema\/person\/931e40c1179ecf352012690d06c032f4","name":"Comunicaci\u00f3 Cercle de Cultura","image":{"@type":"ImageObject","inLanguage":"en-US","@id":"https:\/\/secure.gravatar.com\/avatar\/46c76410f5e9186d043ead05387a12bf4af192b9a85fac81aaa84c02b822a715?s=96&d=mm&r=g","url":"https:\/\/secure.gravatar.com\/avatar\/46c76410f5e9186d043ead05387a12bf4af192b9a85fac81aaa84c02b822a715?s=96&d=mm&r=g","contentUrl":"https:\/\/secure.gravatar.com\/avatar\/46c76410f5e9186d043ead05387a12bf4af192b9a85fac81aaa84c02b822a715?s=96&d=mm&r=g","caption":"Comunicaci\u00f3 Cercle de Cultura"},"sameAs":["https:\/\/www.cercledecultura.org"],"url":"https:\/\/www.cercledecultura.org\/en\/author\/secretaria\/"}]}},"_links":{"self":[{"href":"https:\/\/www.cercledecultura.org\/en\/wp-json\/wp\/v2\/posts\/2453","targetHints":{"allow":["GET"]}}],"collection":[{"href":"https:\/\/www.cercledecultura.org\/en\/wp-json\/wp\/v2\/posts"}],"about":[{"href":"https:\/\/www.cercledecultura.org\/en\/wp-json\/wp\/v2\/types\/post"}],"author":[{"embeddable":true,"href":"https:\/\/www.cercledecultura.org\/en\/wp-json\/wp\/v2\/users\/2"}],"replies":[{"embeddable":true,"href":"https:\/\/www.cercledecultura.org\/en\/wp-json\/wp\/v2\/comments?post=2453"}],"version-history":[{"count":1,"href":"https:\/\/www.cercledecultura.org\/en\/wp-json\/wp\/v2\/posts\/2453\/revisions"}],"predecessor-version":[{"id":2454,"href":"https:\/\/www.cercledecultura.org\/en\/wp-json\/wp\/v2\/posts\/2453\/revisions\/2454"}],"wp:featuredmedia":[{"embeddable":true,"href":"https:\/\/www.cercledecultura.org\/en\/wp-json\/wp\/v2\/media\/2448"}],"wp:attachment":[{"href":"https:\/\/www.cercledecultura.org\/en\/wp-json\/wp\/v2\/media?parent=2453"}],"wp:term":[{"taxonomy":"category","embeddable":true,"href":"https:\/\/www.cercledecultura.org\/en\/wp-json\/wp\/v2\/categories?post=2453"},{"taxonomy":"post_tag","embeddable":true,"href":"https:\/\/www.cercledecultura.org\/en\/wp-json\/wp\/v2\/tags?post=2453"}],"curies":[{"name":"wp","href":"https:\/\/api.w.org\/{rel}","templated":true}]}}