{"id":2380,"date":"2021-09-17T10:51:46","date_gmt":"2021-09-17T08:51:46","guid":{"rendered":"https:\/\/www.cercledecultura.org\/?p=2380"},"modified":"2021-09-28T18:27:19","modified_gmt":"2021-09-28T16:27:19","slug":"interview-carme-fenoll","status":"publish","type":"post","link":"https:\/\/www.cercledecultura.org\/en\/interview-carme-fenoll\/","title":{"rendered":"Interview with Carme Fenoll, member of the Board of Directors of Cercle de Cultura"},"content":{"rendered":"<p>We spoke with Carme Fenoll i Clarabuch (Palafolls, 1977), librarian and member of the Board of Directors of Cercle de Cultura.<\/p>\n<p>&nbsp;<\/p>\n<p><strong>1. What is your link with the cultural sector?<\/strong><br \/>\nI am a librarian and currently direct the Culture and Community Area of \u200b\u200bthe Universitat Polit\u00e8cnica de Catalunya. My career in recent years has gone from directing the Palafrugell Public Library, to being the head of the Generalitat&#8217;s Library Service (2012-2017) and then the head of the rector&#8217;s office Francesc Torres (2018-2021). In the world of cultural management, I have always been interested in linking sectors and looking for alliances between cultural and educational agents.<\/p>\n<p>&nbsp;<\/p>\n<p><strong>2. Why did you sign up for the Circle?<\/strong><br \/>\nBecause there are few spaces for debate and promotion of Culture in Catalonia and I believe that adding expert voices from various fields can help improve the situation.<\/p>\n<p>&nbsp;<\/p>\n<p><strong>3. What can you contribute?<\/strong><br \/>\nThe vision of a person who knows the library field well and now also the university field. I am from Palafrugell and I like the non-barnacentrist conception of culture, so I will also work to offer this voice to the Circle.<\/p>\n<p>&nbsp;<\/p>\n<p><strong>4. What is the role of culture in the current context?<\/strong><br \/>\nCulture is the floating table of society and a clear indicator of the degree of well-being of its society. Improving cultural knowledge from primary education is the keystone of social transformation.<\/p>\n<p>&nbsp;<\/p>\n<p><strong>5. What do you think the Circle can do to encourage cultural debate?<\/strong><br \/>\nExercising a neutral and vindictive voice, without obeying political interests. It is important that cultural debates contemplate new voices, and this involves not only young voices but also those with opposing views.<\/p>\n","protected":false},"excerpt":{"rendered":"<p>We spoke with Carme Fenoll i Clarabuch (Palafolls, 1977), librarian and member of the Board of Directors of Cercle de Cultura. &nbsp; 1. What is your link with the cultural sector? I am a librarian and currently direct the Culture and Community Area of \u200b\u200bthe Universitat Polit\u00e8cnica de Catalunya. My career in recent years has [&hellip;]<\/p>\n","protected":false},"author":2,"featured_media":2376,"comment_status":"closed","ping_status":"closed","sticky":false,"template":"","format":"standard","meta":{"footnotes":""},"categories":[603],"tags":[],"class_list":["post-2380","post","type-post","status-publish","format-standard","has-post-thumbnail","hentry","category-interviews"],"yoast_head":"<!-- This site is optimized with the Yoast SEO plugin v27.5 - https:\/\/yoast.com\/product\/yoast-seo-wordpress\/ -->\n<title>Interview with Carme Fenoll<\/title>\n<meta name=\"description\" content=\"Interview with Carme Fenoll i Clarabuch (Palafolls, 1977), librarian and member of the Board of Directors of Cercle de Cultura.\" \/>\n<meta name=\"robots\" content=\"index, follow, max-snippet:-1, max-image-preview:large, max-video-preview:-1\" \/>\n<link rel=\"canonical\" href=\"https:\/\/www.cercledecultura.org\/en\/interview-carme-fenoll\/\" \/>\n<meta property=\"og:locale\" content=\"en_US\" \/>\n<meta property=\"og:type\" content=\"article\" \/>\n<meta property=\"og:title\" content=\"Interview with Carme Fenoll\" \/>\n<meta property=\"og:description\" content=\"Interview with Carme Fenoll i Clarabuch (Palafolls, 1977), librarian and member of the Board of Directors of Cercle de Cultura.\" \/>\n<meta property=\"og:url\" content=\"https:\/\/www.cercledecultura.org\/en\/interview-carme-fenoll\/\" \/>\n<meta property=\"og:site_name\" content=\"Cercle de Cultura\" \/>\n<meta property=\"article:published_time\" content=\"2021-09-17T08:51:46+00:00\" \/>\n<meta property=\"article:modified_time\" content=\"2021-09-28T16:27:19+00:00\" \/>\n<meta property=\"og:image\" content=\"https:\/\/www.cercledecultura.org\/wp-content\/uploads\/2021\/09\/Carme_Fenoll_02-e1631868784102.jpg\" \/>\n\t<meta property=\"og:image:width\" content=\"1197\" \/>\n\t<meta property=\"og:image:height\" content=\"1800\" \/>\n\t<meta property=\"og:image:type\" content=\"image\/jpeg\" \/>\n<meta name=\"author\" content=\"Comunicaci\u00f3 Cercle de Cultura\" \/>\n<meta name=\"twitter:card\" content=\"summary_large_image\" \/>\n<meta name=\"twitter:label1\" content=\"Written by\" \/>\n\t<meta name=\"twitter:data1\" content=\"Comunicaci\u00f3 Cercle de Cultura\" \/>\n\t<meta name=\"twitter:label2\" content=\"Est. reading time\" \/>\n\t<meta name=\"twitter:data2\" content=\"2 minutes\" \/>\n<script type=\"application\/ld+json\" class=\"yoast-schema-graph\">{\"@context\":\"https:\\\/\\\/schema.org\",\"@graph\":[{\"@type\":\"Article\",\"@id\":\"https:\\\/\\\/www.cercledecultura.org\\\/en\\\/interview-carme-fenoll\\\/#article\",\"isPartOf\":{\"@id\":\"https:\\\/\\\/www.cercledecultura.org\\\/en\\\/interview-carme-fenoll\\\/\"},\"author\":{\"name\":\"Comunicaci\u00f3 Cercle de Cultura\",\"@id\":\"https:\\\/\\\/www.cercledecultura.org\\\/en\\\/#\\\/schema\\\/person\\\/931e40c1179ecf352012690d06c032f4\"},\"headline\":\"Interview with Carme Fenoll, member of the Board of Directors of Cercle de Cultura\",\"datePublished\":\"2021-09-17T08:51:46+00:00\",\"dateModified\":\"2021-09-28T16:27:19+00:00\",\"mainEntityOfPage\":{\"@id\":\"https:\\\/\\\/www.cercledecultura.org\\\/en\\\/interview-carme-fenoll\\\/\"},\"wordCount\":291,\"publisher\":{\"@id\":\"https:\\\/\\\/www.cercledecultura.org\\\/en\\\/#organization\"},\"image\":{\"@id\":\"https:\\\/\\\/www.cercledecultura.org\\\/en\\\/interview-carme-fenoll\\\/#primaryimage\"},\"thumbnailUrl\":\"https:\\\/\\\/www.cercledecultura.org\\\/wp-content\\\/uploads\\\/2021\\\/09\\\/Carme_Fenoll_02-e1631868784102.jpg\",\"articleSection\":[\"Interviews\"],\"inLanguage\":\"en-US\"},{\"@type\":\"WebPage\",\"@id\":\"https:\\\/\\\/www.cercledecultura.org\\\/en\\\/interview-carme-fenoll\\\/\",\"url\":\"https:\\\/\\\/www.cercledecultura.org\\\/en\\\/interview-carme-fenoll\\\/\",\"name\":\"Interview with Carme Fenoll\",\"isPartOf\":{\"@id\":\"https:\\\/\\\/www.cercledecultura.org\\\/en\\\/#website\"},\"primaryImageOfPage\":{\"@id\":\"https:\\\/\\\/www.cercledecultura.org\\\/en\\\/interview-carme-fenoll\\\/#primaryimage\"},\"image\":{\"@id\":\"https:\\\/\\\/www.cercledecultura.org\\\/en\\\/interview-carme-fenoll\\\/#primaryimage\"},\"thumbnailUrl\":\"https:\\\/\\\/www.cercledecultura.org\\\/wp-content\\\/uploads\\\/2021\\\/09\\\/Carme_Fenoll_02-e1631868784102.jpg\",\"datePublished\":\"2021-09-17T08:51:46+00:00\",\"dateModified\":\"2021-09-28T16:27:19+00:00\",\"description\":\"Interview with Carme Fenoll i Clarabuch (Palafolls, 1977), librarian and member of the Board of Directors of Cercle de Cultura.\",\"breadcrumb\":{\"@id\":\"https:\\\/\\\/www.cercledecultura.org\\\/en\\\/interview-carme-fenoll\\\/#breadcrumb\"},\"inLanguage\":\"en-US\",\"potentialAction\":[{\"@type\":\"ReadAction\",\"target\":[\"https:\\\/\\\/www.cercledecultura.org\\\/en\\\/interview-carme-fenoll\\\/\"]}]},{\"@type\":\"ImageObject\",\"inLanguage\":\"en-US\",\"@id\":\"https:\\\/\\\/www.cercledecultura.org\\\/en\\\/interview-carme-fenoll\\\/#primaryimage\",\"url\":\"https:\\\/\\\/www.cercledecultura.org\\\/wp-content\\\/uploads\\\/2021\\\/09\\\/Carme_Fenoll_02-e1631868784102.jpg\",\"contentUrl\":\"https:\\\/\\\/www.cercledecultura.org\\\/wp-content\\\/uploads\\\/2021\\\/09\\\/Carme_Fenoll_02-e1631868784102.jpg\",\"width\":1197,\"height\":1800,\"caption\":\"Carme Fenoll, bibliotec\u00e0ria\"},{\"@type\":\"BreadcrumbList\",\"@id\":\"https:\\\/\\\/www.cercledecultura.org\\\/en\\\/interview-carme-fenoll\\\/#breadcrumb\",\"itemListElement\":[{\"@type\":\"ListItem\",\"position\":1,\"name\":\"Portada\",\"item\":\"https:\\\/\\\/www.cercledecultura.org\\\/en\\\/\"},{\"@type\":\"ListItem\",\"position\":2,\"name\":\"Interview with Carme Fenoll, member of the Board of Directors of Cercle de Cultura\"}]},{\"@type\":\"WebSite\",\"@id\":\"https:\\\/\\\/www.cercledecultura.org\\\/en\\\/#website\",\"url\":\"https:\\\/\\\/www.cercledecultura.org\\\/en\\\/\",\"name\":\"Cercle de Cultura\",\"description\":\"Entitat de car\u00e0cter privat i associatiu, independent, amb voluntat de participar en la vida p\u00fablica des de la pluralitat ideol\u00f2gica dels seus membres fundadors i futurs associats\",\"publisher\":{\"@id\":\"https:\\\/\\\/www.cercledecultura.org\\\/en\\\/#organization\"},\"potentialAction\":[{\"@type\":\"SearchAction\",\"target\":{\"@type\":\"EntryPoint\",\"urlTemplate\":\"https:\\\/\\\/www.cercledecultura.org\\\/en\\\/?s={search_term_string}\"},\"query-input\":{\"@type\":\"PropertyValueSpecification\",\"valueRequired\":true,\"valueName\":\"search_term_string\"}}],\"inLanguage\":\"en-US\"},{\"@type\":\"Organization\",\"@id\":\"https:\\\/\\\/www.cercledecultura.org\\\/en\\\/#organization\",\"name\":\"Cercle de Cultura\",\"url\":\"https:\\\/\\\/www.cercledecultura.org\\\/en\\\/\",\"logo\":{\"@type\":\"ImageObject\",\"inLanguage\":\"en-US\",\"@id\":\"https:\\\/\\\/www.cercledecultura.org\\\/en\\\/#\\\/schema\\\/logo\\\/image\\\/\",\"url\":\"https:\\\/\\\/www.cercledecultura.org\\\/wp-content\\\/uploads\\\/2020\\\/01\\\/logo-cercle-de-cultura.png\",\"contentUrl\":\"https:\\\/\\\/www.cercledecultura.org\\\/wp-content\\\/uploads\\\/2020\\\/01\\\/logo-cercle-de-cultura.png\",\"width\":350,\"height\":195,\"caption\":\"Cercle de Cultura\"},\"image\":{\"@id\":\"https:\\\/\\\/www.cercledecultura.org\\\/en\\\/#\\\/schema\\\/logo\\\/image\\\/\"}},{\"@type\":\"Person\",\"@id\":\"https:\\\/\\\/www.cercledecultura.org\\\/en\\\/#\\\/schema\\\/person\\\/931e40c1179ecf352012690d06c032f4\",\"name\":\"Comunicaci\u00f3 Cercle de Cultura\",\"image\":{\"@type\":\"ImageObject\",\"inLanguage\":\"en-US\",\"@id\":\"https:\\\/\\\/secure.gravatar.com\\\/avatar\\\/46c76410f5e9186d043ead05387a12bf4af192b9a85fac81aaa84c02b822a715?s=96&d=mm&r=g\",\"url\":\"https:\\\/\\\/secure.gravatar.com\\\/avatar\\\/46c76410f5e9186d043ead05387a12bf4af192b9a85fac81aaa84c02b822a715?s=96&d=mm&r=g\",\"contentUrl\":\"https:\\\/\\\/secure.gravatar.com\\\/avatar\\\/46c76410f5e9186d043ead05387a12bf4af192b9a85fac81aaa84c02b822a715?s=96&d=mm&r=g\",\"caption\":\"Comunicaci\u00f3 Cercle de Cultura\"},\"sameAs\":[\"https:\\\/\\\/www.cercledecultura.org\"],\"url\":\"https:\\\/\\\/www.cercledecultura.org\\\/en\\\/author\\\/secretaria\\\/\"}]}<\/script>\n<!-- \/ Yoast SEO plugin. -->","yoast_head_json":{"title":"Interview with Carme Fenoll","description":"Interview with Carme Fenoll i Clarabuch (Palafolls, 1977), librarian and member of the Board of Directors of Cercle de Cultura.","robots":{"index":"index","follow":"follow","max-snippet":"max-snippet:-1","max-image-preview":"max-image-preview:large","max-video-preview":"max-video-preview:-1"},"canonical":"https:\/\/www.cercledecultura.org\/en\/interview-carme-fenoll\/","og_locale":"en_US","og_type":"article","og_title":"Interview with Carme Fenoll","og_description":"Interview with Carme Fenoll i Clarabuch (Palafolls, 1977), librarian and member of the Board of Directors of Cercle de Cultura.","og_url":"https:\/\/www.cercledecultura.org\/en\/interview-carme-fenoll\/","og_site_name":"Cercle de Cultura","article_published_time":"2021-09-17T08:51:46+00:00","article_modified_time":"2021-09-28T16:27:19+00:00","og_image":[{"width":1197,"height":1800,"url":"https:\/\/www.cercledecultura.org\/wp-content\/uploads\/2021\/09\/Carme_Fenoll_02-e1631868784102.jpg","type":"image\/jpeg"}],"author":"Comunicaci\u00f3 Cercle de Cultura","twitter_card":"summary_large_image","twitter_misc":{"Written by":"Comunicaci\u00f3 Cercle de Cultura","Est. reading time":"2 minutes"},"schema":{"@context":"https:\/\/schema.org","@graph":[{"@type":"Article","@id":"https:\/\/www.cercledecultura.org\/en\/interview-carme-fenoll\/#article","isPartOf":{"@id":"https:\/\/www.cercledecultura.org\/en\/interview-carme-fenoll\/"},"author":{"name":"Comunicaci\u00f3 Cercle de Cultura","@id":"https:\/\/www.cercledecultura.org\/en\/#\/schema\/person\/931e40c1179ecf352012690d06c032f4"},"headline":"Interview with Carme Fenoll, member of the Board of Directors of Cercle de Cultura","datePublished":"2021-09-17T08:51:46+00:00","dateModified":"2021-09-28T16:27:19+00:00","mainEntityOfPage":{"@id":"https:\/\/www.cercledecultura.org\/en\/interview-carme-fenoll\/"},"wordCount":291,"publisher":{"@id":"https:\/\/www.cercledecultura.org\/en\/#organization"},"image":{"@id":"https:\/\/www.cercledecultura.org\/en\/interview-carme-fenoll\/#primaryimage"},"thumbnailUrl":"https:\/\/www.cercledecultura.org\/wp-content\/uploads\/2021\/09\/Carme_Fenoll_02-e1631868784102.jpg","articleSection":["Interviews"],"inLanguage":"en-US"},{"@type":"WebPage","@id":"https:\/\/www.cercledecultura.org\/en\/interview-carme-fenoll\/","url":"https:\/\/www.cercledecultura.org\/en\/interview-carme-fenoll\/","name":"Interview with Carme Fenoll","isPartOf":{"@id":"https:\/\/www.cercledecultura.org\/en\/#website"},"primaryImageOfPage":{"@id":"https:\/\/www.cercledecultura.org\/en\/interview-carme-fenoll\/#primaryimage"},"image":{"@id":"https:\/\/www.cercledecultura.org\/en\/interview-carme-fenoll\/#primaryimage"},"thumbnailUrl":"https:\/\/www.cercledecultura.org\/wp-content\/uploads\/2021\/09\/Carme_Fenoll_02-e1631868784102.jpg","datePublished":"2021-09-17T08:51:46+00:00","dateModified":"2021-09-28T16:27:19+00:00","description":"Interview with Carme Fenoll i Clarabuch (Palafolls, 1977), librarian and member of the Board of Directors of Cercle de Cultura.","breadcrumb":{"@id":"https:\/\/www.cercledecultura.org\/en\/interview-carme-fenoll\/#breadcrumb"},"inLanguage":"en-US","potentialAction":[{"@type":"ReadAction","target":["https:\/\/www.cercledecultura.org\/en\/interview-carme-fenoll\/"]}]},{"@type":"ImageObject","inLanguage":"en-US","@id":"https:\/\/www.cercledecultura.org\/en\/interview-carme-fenoll\/#primaryimage","url":"https:\/\/www.cercledecultura.org\/wp-content\/uploads\/2021\/09\/Carme_Fenoll_02-e1631868784102.jpg","contentUrl":"https:\/\/www.cercledecultura.org\/wp-content\/uploads\/2021\/09\/Carme_Fenoll_02-e1631868784102.jpg","width":1197,"height":1800,"caption":"Carme Fenoll, bibliotec\u00e0ria"},{"@type":"BreadcrumbList","@id":"https:\/\/www.cercledecultura.org\/en\/interview-carme-fenoll\/#breadcrumb","itemListElement":[{"@type":"ListItem","position":1,"name":"Portada","item":"https:\/\/www.cercledecultura.org\/en\/"},{"@type":"ListItem","position":2,"name":"Interview with Carme Fenoll, member of the Board of Directors of Cercle de Cultura"}]},{"@type":"WebSite","@id":"https:\/\/www.cercledecultura.org\/en\/#website","url":"https:\/\/www.cercledecultura.org\/en\/","name":"Cercle de Cultura","description":"Entitat de car\u00e0cter privat i associatiu, independent, amb voluntat de participar en la vida p\u00fablica des de la pluralitat ideol\u00f2gica dels seus membres fundadors i futurs associats","publisher":{"@id":"https:\/\/www.cercledecultura.org\/en\/#organization"},"potentialAction":[{"@type":"SearchAction","target":{"@type":"EntryPoint","urlTemplate":"https:\/\/www.cercledecultura.org\/en\/?s={search_term_string}"},"query-input":{"@type":"PropertyValueSpecification","valueRequired":true,"valueName":"search_term_string"}}],"inLanguage":"en-US"},{"@type":"Organization","@id":"https:\/\/www.cercledecultura.org\/en\/#organization","name":"Cercle de Cultura","url":"https:\/\/www.cercledecultura.org\/en\/","logo":{"@type":"ImageObject","inLanguage":"en-US","@id":"https:\/\/www.cercledecultura.org\/en\/#\/schema\/logo\/image\/","url":"https:\/\/www.cercledecultura.org\/wp-content\/uploads\/2020\/01\/logo-cercle-de-cultura.png","contentUrl":"https:\/\/www.cercledecultura.org\/wp-content\/uploads\/2020\/01\/logo-cercle-de-cultura.png","width":350,"height":195,"caption":"Cercle de Cultura"},"image":{"@id":"https:\/\/www.cercledecultura.org\/en\/#\/schema\/logo\/image\/"}},{"@type":"Person","@id":"https:\/\/www.cercledecultura.org\/en\/#\/schema\/person\/931e40c1179ecf352012690d06c032f4","name":"Comunicaci\u00f3 Cercle de Cultura","image":{"@type":"ImageObject","inLanguage":"en-US","@id":"https:\/\/secure.gravatar.com\/avatar\/46c76410f5e9186d043ead05387a12bf4af192b9a85fac81aaa84c02b822a715?s=96&d=mm&r=g","url":"https:\/\/secure.gravatar.com\/avatar\/46c76410f5e9186d043ead05387a12bf4af192b9a85fac81aaa84c02b822a715?s=96&d=mm&r=g","contentUrl":"https:\/\/secure.gravatar.com\/avatar\/46c76410f5e9186d043ead05387a12bf4af192b9a85fac81aaa84c02b822a715?s=96&d=mm&r=g","caption":"Comunicaci\u00f3 Cercle de Cultura"},"sameAs":["https:\/\/www.cercledecultura.org"],"url":"https:\/\/www.cercledecultura.org\/en\/author\/secretaria\/"}]}},"_links":{"self":[{"href":"https:\/\/www.cercledecultura.org\/en\/wp-json\/wp\/v2\/posts\/2380","targetHints":{"allow":["GET"]}}],"collection":[{"href":"https:\/\/www.cercledecultura.org\/en\/wp-json\/wp\/v2\/posts"}],"about":[{"href":"https:\/\/www.cercledecultura.org\/en\/wp-json\/wp\/v2\/types\/post"}],"author":[{"embeddable":true,"href":"https:\/\/www.cercledecultura.org\/en\/wp-json\/wp\/v2\/users\/2"}],"replies":[{"embeddable":true,"href":"https:\/\/www.cercledecultura.org\/en\/wp-json\/wp\/v2\/comments?post=2380"}],"version-history":[{"count":7,"href":"https:\/\/www.cercledecultura.org\/en\/wp-json\/wp\/v2\/posts\/2380\/revisions"}],"predecessor-version":[{"id":2409,"href":"https:\/\/www.cercledecultura.org\/en\/wp-json\/wp\/v2\/posts\/2380\/revisions\/2409"}],"wp:featuredmedia":[{"embeddable":true,"href":"https:\/\/www.cercledecultura.org\/en\/wp-json\/wp\/v2\/media\/2376"}],"wp:attachment":[{"href":"https:\/\/www.cercledecultura.org\/en\/wp-json\/wp\/v2\/media?parent=2380"}],"wp:term":[{"taxonomy":"category","embeddable":true,"href":"https:\/\/www.cercledecultura.org\/en\/wp-json\/wp\/v2\/categories?post=2380"},{"taxonomy":"post_tag","embeddable":true,"href":"https:\/\/www.cercledecultura.org\/en\/wp-json\/wp\/v2\/tags?post=2380"}],"curies":[{"name":"wp","href":"https:\/\/api.w.org\/{rel}","templated":true}]}}