{"id":995,"date":"2021-01-13T00:53:00","date_gmt":"2021-01-13T00:53:00","guid":{"rendered":"https:\/\/pre.cercledecultura.org\/cercle_cultura_fons_europeus\/"},"modified":"2021-05-17T16:25:23","modified_gmt":"2021-05-17T14:25:23","slug":"cercle_cultura_fons_europeus","status":"publish","type":"post","link":"https:\/\/www.cercledecultura.org\/ca\/cercle_cultura_fons_europeus\/","title":{"rendered":"Comunicat del Cercle de Cultura sobre els sectors de la cultura i els Fons de Recuperaci\u00f3 Europeus"},"content":{"rendered":"<p><strong>Valor estrat\u00e8gic de la cultura en la recuperaci\u00f3 i transici\u00f3 econ\u00f2mica post-COVID-19<\/strong><\/p>\n<p>En la perspectiva de la gesti\u00f3 dels fons de recuperaci\u00f3 europeus, el Cercle de Cultura planteja la necessitat que aquests fons arribin als sectors de la cultura, per garantir la seva capacitat de creaci\u00f3 de valor i competitivitat, reconversi\u00f3 i diversificaci\u00f3 d&#8217;activitats econ\u00f2miques tradicionals, i impuls de la innovaci\u00f3 en altres sectors. La despesa p\u00fablica de la cultura a Espanya se situa entorn de l&#8217;1,2%,\u00a0 genera un impacte en el PIB superior al 3,4%, i ocupa a prop d\u2019un mili\u00f3 de persones de forma directa. &#8216;\u2019impacte de la cultura i les ind\u00fastries culturals en el PIB Europeu \u00e9s d&#8217;un 4,7%, i ocupa a m\u00e9s de 7,4 milions de persones. Per\u00f2 m\u00e9s enll\u00e0 de l&#8217;impacte directe en PIB i ocupaci\u00f3, s\u00f3n un motor de canvi i transici\u00f3 cap a models sostenibles d\u2019activitats econ\u00f2miques, en \u00e0rees molt diverses que van des del turisme, el sector agroalimentari, el m\u00f3n dels serveis, el disseny i l&#8217;activitat industrial, o el desenvolupament digital. La Comissi\u00f3 Europea ha considerat a la cultura i les ind\u00fastries culturals com un dels 14 ecosistemes prioritaris per a la recuperaci\u00f3 econ\u00f2mica post COVID-19. \u00c9s imprescindible que les administracions p\u00fabliques Estatal i Catalana, prioritzin tamb\u00e9 els sectors de la cultura pel seu valor estrat\u00e8gic i de transformaci\u00f3.<\/p>\n<p>Amb el dolor per la p\u00e8rdua de moltes vides i\u00a0 l&#8217;impacte dels efectes sanitaris i socials,\u00a0 els efectes econ\u00f2mics de la crisi pand\u00e8mica s&#8217;han fet notar a tots els sectors d&#8217;activitat. Per\u00f2 sens dubte en els sectors de la cultura l\u2019efecte ha estat catastr\u00f2fic. Mai en la hist\u00f2ria dels darrers dos-cents anys, ni en el context dels conflictes b\u00e8l\u00b7lics de la primera i segona Guerra Mundial, ni a la Guerra Civil espanyola, ni en cap altra moment hi ha const\u00e0ncia de l&#8217;aturada total de l\u2019activitat cultural, com la que es va produir quan es declararen les mesures de confinament. Les restriccions posteriors i actuals han allargat l\u2019agonia de moltes empreses, institucions, entitats, artistes i creadors i professionals de la cultura, fent que els efectes de la crisi del Covid-19 siguin devastadors per a les arts i la cultura.<\/p>\n<p>La cultura \u00e9s un dret i un element clau per a la qualitat de vida, per\u00f2 a m\u00e9s \u00e9s una inversi\u00f3. La despesa p\u00fablica genera un impacte molt superior en el PIB, que es trasllada tamb\u00e9 en termes d&#8217;ocupaci\u00f3 i de tres altres efectes positius que han de veure amb l&#8217;activitat econ\u00f2mica general. La construcci\u00f3 de l&#8217;oferta tur\u00edstica no seria possible sense la cultura. Per altra banda, la cultura \u00e9s fonamental per a l\u2019atracci\u00f3 de talent i \u00e9s un factor clau en el desenvolupament de l\u2019economia creativa i les ind\u00fastries culturals que hi s\u00f3n relacionades. I en tercer lloc, la cultura t\u00e9 una capacitat molt important per a generar innovaci\u00f3 i competitivitat, millorant el posicionament de ciutats i territoris.<\/p>\n<p>Ni la ind\u00fastria tur\u00edstica, ni els grans esdeveniments i manifestacions econ\u00f2miques com el Mobile World Congress de\u00a0Barcelona, o la concentraci\u00f3 d&#8217;empreses amb gran capacitat de crear valor afegit, no haguessin estat possibles sense la capacitat de crear atractiu i competitivitat de la cultura. \u00a0 En aquest context proper i global cal reclamar el rol de la cultura en el proc\u00e9s de recuperaci\u00f3 que hem d&#8217;emprendre amb urg\u00e8ncia a Catalunya en el marc del consens europeu.<\/p>\n<p>Considerarem que el sector cultural en tota la seva amplitud i complexitat, \u00e9s un valor a tenir en compte per la seva contribuci\u00f3 al creixement econ\u00f2mic, generaci\u00f3 d&#8217;un sector important que contribueix al PIB i al manteniment d&#8217;ocupaci\u00f3 amb molta tradici\u00f3 i\u00a0resist\u00e8ncia. \u00a0 Aprofitar aquesta crisi per a una transformaci\u00f3 de les pol\u00edtiques p\u00fabliques culturals per adaptar-se a les noves realitats presents i en previsi\u00f3 de futur. Plantejar reformes profundes en la institucionalitat cultural que ens hem dotat per situar-les en els escenaris de les necessitats dels plans de recuperaci\u00f3 i resili\u00e8ncia.<\/p>\n<p>En aquest marc considerem imprescindible aprofundir en la cultura com a dret fonamental i mantenir una tensi\u00f3 per fomentar l&#8217;igualat a l&#8217;acc\u00e9s a la cultura i compensar els desequilibris estructurals per impulsar una veritable ciutadania cultural.<\/p>\n<p>D&#8217;acord amb aquestes consideracions considerem imprescindible incorporar la cultura a l&#8217;agenda del Pla de Recuperaci\u00f3 com a un agent actiu i amb moltes potencialitats:<\/p>\n<p>\u2022 Perqu\u00e8 la cultura i la diversitat de les expressions culturals s\u00f3n un element fonamental del projecte de la Uni\u00f3 Europea. Cal fomentar el desenvolupament cultural de tots els Estats membres de la UE i garantir que cap quedi enrere per manca de recursos i d&#8217;inversions en cultura.<\/p>\n<p>\u2022 Perqu\u00e8 la relaci\u00f3 entre creativitat i processos d&#8217;innovaci\u00f3 social i econ\u00f2mica \u00e9s una alian\u00e7a demostrada per la seva efic\u00e0cia.<\/p>\n<p>\u2022 Perqu\u00e8 la cultura, les ind\u00fastries culturals i creatives aporten valors afegits a altres sectors relacionats amb la transformaci\u00f3 digital que t\u00e9 una dimensi\u00f3 cultural inq\u00fcestionable.<\/p>\n<p>\u2022 Perqu\u00e8 interacci\u00f3 entre la innovaci\u00f3 i transformaci\u00f3 digital\u00a0 i la cultura, les ind\u00fastries culturals i creatives \u00e9s estrat\u00e8gica per a l&#8217;enfortiment de la preservaci\u00f3, difusi\u00f3 i desenvolupament global de l\u2019oferta cultural Europea.<\/p>\n<p>\u2022 Perqu\u00e8 no es poden afrontar els reptes que tenim com a societat sense considerar la import\u00e0ncia de l&#8217;ecosistema cultural com un factor imprescindible per definir nous models socials i econ\u00f2mics sostenibles.<\/p>\n<p>\u2022 Perqu\u00e8 el desenvolupament econ\u00f2mic i de qualitat de vida de Catalunya est\u00e0 relacionada amb l&#8217;atractiu i oferta cultural de les ciutats i territoris. Perqu\u00e8 la cultura \u00e9s un factor de cohesi\u00f3 i inclusi\u00f3 social. Perqu\u00e8 la cultura ha estat clau pel posicionament internacional de Catalunya i per atraure talent.<\/p>\n<p>\u2022 Perqu\u00e8 Europa \u00e9s una idea compartida, i la cultura \u00e9s essencial per a construir-la entre tots.\u00a0 \u00a0 Per tot aix\u00f2, demanem a les administracions p\u00fabliques Estatal i Catalana que la cultura i les ind\u00fastries culturals formin part de les prioritats reals amb les quals es gestionin els fons europeus de recuperaci\u00f3, resili\u00e8ncia i transformaci\u00f3.<\/p>\n<p>Barcelona, 13 de gener de 2021<\/p>\n","protected":false},"excerpt":{"rendered":"<p>Comunicat del Cercle de cultura amb relaci\u00f3 al valor estrat\u00e8gic de la cultura en la recuperaci\u00f3 i transici\u00f3 econ\u00f2mica post-COVID-19.\u00a0 El Cercle de Cultura demana\u00a0a les administracions p\u00fabliques Estatal i Catalana que la cultura i les ind\u00fastries culturals formin part de les prioritats reals amb les quals es gestionin els fons europeus de recuperaci\u00f3, resili\u00e8ncia i transformaci\u00f3<\/p>\n","protected":false},"author":1,"featured_media":996,"comment_status":"open","ping_status":"closed","sticky":false,"template":"","format":"standard","meta":{"footnotes":""},"categories":[58,56,26],"tags":[512,137,4],"class_list":["post-995","post","type-post","status-publish","format-standard","has-post-thumbnail","hentry","category-manifest","category-nota-de-premsa","category-noticies","tag-destacat_2","tag-europa","tag-politica-cultural"],"yoast_head":"<!-- This site is optimized with the Yoast SEO plugin v27.5 - https:\/\/yoast.com\/product\/yoast-seo-wordpress\/ -->\n<title>Comunicat del Cercle de Cultura sobre els sectors de la cultura i els Fons de Recuperaci\u00f3 Europeus - Cercle de Cultura<\/title>\n<meta name=\"robots\" content=\"index, follow, max-snippet:-1, max-image-preview:large, max-video-preview:-1\" \/>\n<link rel=\"canonical\" href=\"https:\/\/www.cercledecultura.org\/ca\/cercle_cultura_fons_europeus\/\" \/>\n<meta property=\"og:locale\" content=\"ca_ES\" \/>\n<meta property=\"og:type\" content=\"article\" \/>\n<meta property=\"og:title\" content=\"Comunicat del Cercle de Cultura sobre els sectors de la cultura i els Fons de Recuperaci\u00f3 Europeus - Cercle de Cultura\" \/>\n<meta property=\"og:description\" content=\"Comunicat del Cercle de cultura amb relaci\u00f3 al valor estrat\u00e8gic de la cultura en la recuperaci\u00f3 i transici\u00f3 econ\u00f2mica post-COVID-19.\u00a0 El Cercle de Cultura demana\u00a0a les administracions p\u00fabliques Estatal i Catalana que la cultura i les ind\u00fastries culturals formin part de les prioritats reals amb les quals es gestionin els fons europeus de recuperaci\u00f3, resili\u00e8ncia i transformaci\u00f3\" \/>\n<meta property=\"og:url\" content=\"https:\/\/www.cercledecultura.org\/ca\/cercle_cultura_fons_europeus\/\" \/>\n<meta property=\"og:site_name\" content=\"Cercle de Cultura\" \/>\n<meta property=\"article:published_time\" content=\"2021-01-13T00:53:00+00:00\" \/>\n<meta property=\"article:modified_time\" content=\"2021-05-17T14:25:23+00:00\" \/>\n<meta property=\"og:image\" content=\"https:\/\/www.cercledecultura.org\/wp-content\/uploads\/2021\/02\/GDQyyq5JIEN8lwWH0dWQ.jpg\" \/>\n\t<meta property=\"og:image:width\" content=\"363\" \/>\n\t<meta property=\"og:image:height\" content=\"225\" \/>\n\t<meta property=\"og:image:type\" content=\"image\/jpeg\" \/>\n<meta name=\"author\" content=\"admin\" \/>\n<meta name=\"twitter:card\" content=\"summary_large_image\" \/>\n<meta name=\"twitter:label1\" content=\"Escrit per\" \/>\n\t<meta name=\"twitter:data1\" content=\"admin\" \/>\n\t<meta name=\"twitter:label2\" content=\"Temps estimat de lectura\" \/>\n\t<meta name=\"twitter:data2\" content=\"5 minuts\" \/>\n<script type=\"application\/ld+json\" class=\"yoast-schema-graph\">{\"@context\":\"https:\\\/\\\/schema.org\",\"@graph\":[{\"@type\":\"Article\",\"@id\":\"https:\\\/\\\/www.cercledecultura.org\\\/ca\\\/cercle_cultura_fons_europeus\\\/#article\",\"isPartOf\":{\"@id\":\"https:\\\/\\\/www.cercledecultura.org\\\/ca\\\/cercle_cultura_fons_europeus\\\/\"},\"author\":{\"name\":\"admin\",\"@id\":\"https:\\\/\\\/www.cercledecultura.org\\\/ca\\\/#\\\/schema\\\/person\\\/269db25cfadcb4bd2e41781c819942f9\"},\"headline\":\"Comunicat del Cercle de Cultura sobre els sectors de la cultura i els Fons de Recuperaci\u00f3 Europeus\",\"datePublished\":\"2021-01-13T00:53:00+00:00\",\"dateModified\":\"2021-05-17T14:25:23+00:00\",\"mainEntityOfPage\":{\"@id\":\"https:\\\/\\\/www.cercledecultura.org\\\/ca\\\/cercle_cultura_fons_europeus\\\/\"},\"wordCount\":1059,\"commentCount\":0,\"publisher\":{\"@id\":\"https:\\\/\\\/www.cercledecultura.org\\\/ca\\\/#organization\"},\"image\":{\"@id\":\"https:\\\/\\\/www.cercledecultura.org\\\/ca\\\/cercle_cultura_fons_europeus\\\/#primaryimage\"},\"thumbnailUrl\":\"https:\\\/\\\/www.cercledecultura.org\\\/wp-content\\\/uploads\\\/2021\\\/02\\\/GDQyyq5JIEN8lwWH0dWQ.jpg\",\"keywords\":[\"destacat_2\",\"Europa\",\"Pol\u00edtica Cultural\"],\"articleSection\":[\"Manifest\",\"Nota de premsa\",\"Not\u00edcies\"],\"inLanguage\":\"ca\",\"potentialAction\":[{\"@type\":\"CommentAction\",\"name\":\"Comment\",\"target\":[\"https:\\\/\\\/www.cercledecultura.org\\\/ca\\\/cercle_cultura_fons_europeus\\\/#respond\"]}]},{\"@type\":\"WebPage\",\"@id\":\"https:\\\/\\\/www.cercledecultura.org\\\/ca\\\/cercle_cultura_fons_europeus\\\/\",\"url\":\"https:\\\/\\\/www.cercledecultura.org\\\/ca\\\/cercle_cultura_fons_europeus\\\/\",\"name\":\"Comunicat del Cercle de Cultura sobre els sectors de la cultura i els Fons de Recuperaci\u00f3 Europeus - Cercle de Cultura\",\"isPartOf\":{\"@id\":\"https:\\\/\\\/www.cercledecultura.org\\\/ca\\\/#website\"},\"primaryImageOfPage\":{\"@id\":\"https:\\\/\\\/www.cercledecultura.org\\\/ca\\\/cercle_cultura_fons_europeus\\\/#primaryimage\"},\"image\":{\"@id\":\"https:\\\/\\\/www.cercledecultura.org\\\/ca\\\/cercle_cultura_fons_europeus\\\/#primaryimage\"},\"thumbnailUrl\":\"https:\\\/\\\/www.cercledecultura.org\\\/wp-content\\\/uploads\\\/2021\\\/02\\\/GDQyyq5JIEN8lwWH0dWQ.jpg\",\"datePublished\":\"2021-01-13T00:53:00+00:00\",\"dateModified\":\"2021-05-17T14:25:23+00:00\",\"breadcrumb\":{\"@id\":\"https:\\\/\\\/www.cercledecultura.org\\\/ca\\\/cercle_cultura_fons_europeus\\\/#breadcrumb\"},\"inLanguage\":\"ca\",\"potentialAction\":[{\"@type\":\"ReadAction\",\"target\":[\"https:\\\/\\\/www.cercledecultura.org\\\/ca\\\/cercle_cultura_fons_europeus\\\/\"]}]},{\"@type\":\"ImageObject\",\"inLanguage\":\"ca\",\"@id\":\"https:\\\/\\\/www.cercledecultura.org\\\/ca\\\/cercle_cultura_fons_europeus\\\/#primaryimage\",\"url\":\"https:\\\/\\\/www.cercledecultura.org\\\/wp-content\\\/uploads\\\/2021\\\/02\\\/GDQyyq5JIEN8lwWH0dWQ.jpg\",\"contentUrl\":\"https:\\\/\\\/www.cercledecultura.org\\\/wp-content\\\/uploads\\\/2021\\\/02\\\/GDQyyq5JIEN8lwWH0dWQ.jpg\",\"width\":363,\"height\":225},{\"@type\":\"BreadcrumbList\",\"@id\":\"https:\\\/\\\/www.cercledecultura.org\\\/ca\\\/cercle_cultura_fons_europeus\\\/#breadcrumb\",\"itemListElement\":[{\"@type\":\"ListItem\",\"position\":1,\"name\":\"Portada\",\"item\":\"https:\\\/\\\/www.cercledecultura.org\\\/ca\\\/\"},{\"@type\":\"ListItem\",\"position\":2,\"name\":\"Comunicat del Cercle de Cultura sobre els sectors de la cultura i els Fons de Recuperaci\u00f3 Europeus\"}]},{\"@type\":\"WebSite\",\"@id\":\"https:\\\/\\\/www.cercledecultura.org\\\/ca\\\/#website\",\"url\":\"https:\\\/\\\/www.cercledecultura.org\\\/ca\\\/\",\"name\":\"Cercle de Cultura\",\"description\":\"Entitat de car\u00e0cter privat i associatiu, independent, amb voluntat de participar en la vida p\u00fablica des de la pluralitat ideol\u00f2gica dels seus membres fundadors i futurs associats\",\"publisher\":{\"@id\":\"https:\\\/\\\/www.cercledecultura.org\\\/ca\\\/#organization\"},\"potentialAction\":[{\"@type\":\"SearchAction\",\"target\":{\"@type\":\"EntryPoint\",\"urlTemplate\":\"https:\\\/\\\/www.cercledecultura.org\\\/ca\\\/?s={search_term_string}\"},\"query-input\":{\"@type\":\"PropertyValueSpecification\",\"valueRequired\":true,\"valueName\":\"search_term_string\"}}],\"inLanguage\":\"ca\"},{\"@type\":\"Organization\",\"@id\":\"https:\\\/\\\/www.cercledecultura.org\\\/ca\\\/#organization\",\"name\":\"Cercle de Cultura\",\"url\":\"https:\\\/\\\/www.cercledecultura.org\\\/ca\\\/\",\"logo\":{\"@type\":\"ImageObject\",\"inLanguage\":\"ca\",\"@id\":\"https:\\\/\\\/www.cercledecultura.org\\\/ca\\\/#\\\/schema\\\/logo\\\/image\\\/\",\"url\":\"https:\\\/\\\/www.cercledecultura.org\\\/wp-content\\\/uploads\\\/2020\\\/01\\\/logo-cercle-de-cultura.png\",\"contentUrl\":\"https:\\\/\\\/www.cercledecultura.org\\\/wp-content\\\/uploads\\\/2020\\\/01\\\/logo-cercle-de-cultura.png\",\"width\":350,\"height\":195,\"caption\":\"Cercle de Cultura\"},\"image\":{\"@id\":\"https:\\\/\\\/www.cercledecultura.org\\\/ca\\\/#\\\/schema\\\/logo\\\/image\\\/\"}},{\"@type\":\"Person\",\"@id\":\"https:\\\/\\\/www.cercledecultura.org\\\/ca\\\/#\\\/schema\\\/person\\\/269db25cfadcb4bd2e41781c819942f9\",\"name\":\"admin\",\"image\":{\"@type\":\"ImageObject\",\"inLanguage\":\"ca\",\"@id\":\"https:\\\/\\\/secure.gravatar.com\\\/avatar\\\/e88a8bb50a361c6d45c4709770a3d765016be4b5d85313447b91d0d707434ad9?s=96&d=mm&r=g\",\"url\":\"https:\\\/\\\/secure.gravatar.com\\\/avatar\\\/e88a8bb50a361c6d45c4709770a3d765016be4b5d85313447b91d0d707434ad9?s=96&d=mm&r=g\",\"contentUrl\":\"https:\\\/\\\/secure.gravatar.com\\\/avatar\\\/e88a8bb50a361c6d45c4709770a3d765016be4b5d85313447b91d0d707434ad9?s=96&d=mm&r=g\",\"caption\":\"admin\"},\"url\":\"https:\\\/\\\/www.cercledecultura.org\\\/ca\\\/author\\\/seic_trzh7tdr\\\/\"}]}<\/script>\n<!-- \/ Yoast SEO plugin. -->","yoast_head_json":{"title":"Comunicat del Cercle de Cultura sobre els sectors de la cultura i els Fons de Recuperaci\u00f3 Europeus - Cercle de Cultura","robots":{"index":"index","follow":"follow","max-snippet":"max-snippet:-1","max-image-preview":"max-image-preview:large","max-video-preview":"max-video-preview:-1"},"canonical":"https:\/\/www.cercledecultura.org\/ca\/cercle_cultura_fons_europeus\/","og_locale":"ca_ES","og_type":"article","og_title":"Comunicat del Cercle de Cultura sobre els sectors de la cultura i els Fons de Recuperaci\u00f3 Europeus - Cercle de Cultura","og_description":"Comunicat del Cercle de cultura amb relaci\u00f3 al valor estrat\u00e8gic de la cultura en la recuperaci\u00f3 i transici\u00f3 econ\u00f2mica post-COVID-19.\u00a0 El Cercle de Cultura demana\u00a0a les administracions p\u00fabliques Estatal i Catalana que la cultura i les ind\u00fastries culturals formin part de les prioritats reals amb les quals es gestionin els fons europeus de recuperaci\u00f3, resili\u00e8ncia i transformaci\u00f3","og_url":"https:\/\/www.cercledecultura.org\/ca\/cercle_cultura_fons_europeus\/","og_site_name":"Cercle de Cultura","article_published_time":"2021-01-13T00:53:00+00:00","article_modified_time":"2021-05-17T14:25:23+00:00","og_image":[{"width":363,"height":225,"url":"https:\/\/www.cercledecultura.org\/wp-content\/uploads\/2021\/02\/GDQyyq5JIEN8lwWH0dWQ.jpg","type":"image\/jpeg"}],"author":"admin","twitter_card":"summary_large_image","twitter_misc":{"Escrit per":"admin","Temps estimat de lectura":"5 minuts"},"schema":{"@context":"https:\/\/schema.org","@graph":[{"@type":"Article","@id":"https:\/\/www.cercledecultura.org\/ca\/cercle_cultura_fons_europeus\/#article","isPartOf":{"@id":"https:\/\/www.cercledecultura.org\/ca\/cercle_cultura_fons_europeus\/"},"author":{"name":"admin","@id":"https:\/\/www.cercledecultura.org\/ca\/#\/schema\/person\/269db25cfadcb4bd2e41781c819942f9"},"headline":"Comunicat del Cercle de Cultura sobre els sectors de la cultura i els Fons de Recuperaci\u00f3 Europeus","datePublished":"2021-01-13T00:53:00+00:00","dateModified":"2021-05-17T14:25:23+00:00","mainEntityOfPage":{"@id":"https:\/\/www.cercledecultura.org\/ca\/cercle_cultura_fons_europeus\/"},"wordCount":1059,"commentCount":0,"publisher":{"@id":"https:\/\/www.cercledecultura.org\/ca\/#organization"},"image":{"@id":"https:\/\/www.cercledecultura.org\/ca\/cercle_cultura_fons_europeus\/#primaryimage"},"thumbnailUrl":"https:\/\/www.cercledecultura.org\/wp-content\/uploads\/2021\/02\/GDQyyq5JIEN8lwWH0dWQ.jpg","keywords":["destacat_2","Europa","Pol\u00edtica Cultural"],"articleSection":["Manifest","Nota de premsa","Not\u00edcies"],"inLanguage":"ca","potentialAction":[{"@type":"CommentAction","name":"Comment","target":["https:\/\/www.cercledecultura.org\/ca\/cercle_cultura_fons_europeus\/#respond"]}]},{"@type":"WebPage","@id":"https:\/\/www.cercledecultura.org\/ca\/cercle_cultura_fons_europeus\/","url":"https:\/\/www.cercledecultura.org\/ca\/cercle_cultura_fons_europeus\/","name":"Comunicat del Cercle de Cultura sobre els sectors de la cultura i els Fons de Recuperaci\u00f3 Europeus - Cercle de Cultura","isPartOf":{"@id":"https:\/\/www.cercledecultura.org\/ca\/#website"},"primaryImageOfPage":{"@id":"https:\/\/www.cercledecultura.org\/ca\/cercle_cultura_fons_europeus\/#primaryimage"},"image":{"@id":"https:\/\/www.cercledecultura.org\/ca\/cercle_cultura_fons_europeus\/#primaryimage"},"thumbnailUrl":"https:\/\/www.cercledecultura.org\/wp-content\/uploads\/2021\/02\/GDQyyq5JIEN8lwWH0dWQ.jpg","datePublished":"2021-01-13T00:53:00+00:00","dateModified":"2021-05-17T14:25:23+00:00","breadcrumb":{"@id":"https:\/\/www.cercledecultura.org\/ca\/cercle_cultura_fons_europeus\/#breadcrumb"},"inLanguage":"ca","potentialAction":[{"@type":"ReadAction","target":["https:\/\/www.cercledecultura.org\/ca\/cercle_cultura_fons_europeus\/"]}]},{"@type":"ImageObject","inLanguage":"ca","@id":"https:\/\/www.cercledecultura.org\/ca\/cercle_cultura_fons_europeus\/#primaryimage","url":"https:\/\/www.cercledecultura.org\/wp-content\/uploads\/2021\/02\/GDQyyq5JIEN8lwWH0dWQ.jpg","contentUrl":"https:\/\/www.cercledecultura.org\/wp-content\/uploads\/2021\/02\/GDQyyq5JIEN8lwWH0dWQ.jpg","width":363,"height":225},{"@type":"BreadcrumbList","@id":"https:\/\/www.cercledecultura.org\/ca\/cercle_cultura_fons_europeus\/#breadcrumb","itemListElement":[{"@type":"ListItem","position":1,"name":"Portada","item":"https:\/\/www.cercledecultura.org\/ca\/"},{"@type":"ListItem","position":2,"name":"Comunicat del Cercle de Cultura sobre els sectors de la cultura i els Fons de Recuperaci\u00f3 Europeus"}]},{"@type":"WebSite","@id":"https:\/\/www.cercledecultura.org\/ca\/#website","url":"https:\/\/www.cercledecultura.org\/ca\/","name":"Cercle de Cultura","description":"Entitat de car\u00e0cter privat i associatiu, independent, amb voluntat de participar en la vida p\u00fablica des de la pluralitat ideol\u00f2gica dels seus membres fundadors i futurs associats","publisher":{"@id":"https:\/\/www.cercledecultura.org\/ca\/#organization"},"potentialAction":[{"@type":"SearchAction","target":{"@type":"EntryPoint","urlTemplate":"https:\/\/www.cercledecultura.org\/ca\/?s={search_term_string}"},"query-input":{"@type":"PropertyValueSpecification","valueRequired":true,"valueName":"search_term_string"}}],"inLanguage":"ca"},{"@type":"Organization","@id":"https:\/\/www.cercledecultura.org\/ca\/#organization","name":"Cercle de Cultura","url":"https:\/\/www.cercledecultura.org\/ca\/","logo":{"@type":"ImageObject","inLanguage":"ca","@id":"https:\/\/www.cercledecultura.org\/ca\/#\/schema\/logo\/image\/","url":"https:\/\/www.cercledecultura.org\/wp-content\/uploads\/2020\/01\/logo-cercle-de-cultura.png","contentUrl":"https:\/\/www.cercledecultura.org\/wp-content\/uploads\/2020\/01\/logo-cercle-de-cultura.png","width":350,"height":195,"caption":"Cercle de Cultura"},"image":{"@id":"https:\/\/www.cercledecultura.org\/ca\/#\/schema\/logo\/image\/"}},{"@type":"Person","@id":"https:\/\/www.cercledecultura.org\/ca\/#\/schema\/person\/269db25cfadcb4bd2e41781c819942f9","name":"admin","image":{"@type":"ImageObject","inLanguage":"ca","@id":"https:\/\/secure.gravatar.com\/avatar\/e88a8bb50a361c6d45c4709770a3d765016be4b5d85313447b91d0d707434ad9?s=96&d=mm&r=g","url":"https:\/\/secure.gravatar.com\/avatar\/e88a8bb50a361c6d45c4709770a3d765016be4b5d85313447b91d0d707434ad9?s=96&d=mm&r=g","contentUrl":"https:\/\/secure.gravatar.com\/avatar\/e88a8bb50a361c6d45c4709770a3d765016be4b5d85313447b91d0d707434ad9?s=96&d=mm&r=g","caption":"admin"},"url":"https:\/\/www.cercledecultura.org\/ca\/author\/seic_trzh7tdr\/"}]}},"_links":{"self":[{"href":"https:\/\/www.cercledecultura.org\/ca\/wp-json\/wp\/v2\/posts\/995","targetHints":{"allow":["GET"]}}],"collection":[{"href":"https:\/\/www.cercledecultura.org\/ca\/wp-json\/wp\/v2\/posts"}],"about":[{"href":"https:\/\/www.cercledecultura.org\/ca\/wp-json\/wp\/v2\/types\/post"}],"author":[{"embeddable":true,"href":"https:\/\/www.cercledecultura.org\/ca\/wp-json\/wp\/v2\/users\/1"}],"replies":[{"embeddable":true,"href":"https:\/\/www.cercledecultura.org\/ca\/wp-json\/wp\/v2\/comments?post=995"}],"version-history":[{"count":4,"href":"https:\/\/www.cercledecultura.org\/ca\/wp-json\/wp\/v2\/posts\/995\/revisions"}],"predecessor-version":[{"id":2260,"href":"https:\/\/www.cercledecultura.org\/ca\/wp-json\/wp\/v2\/posts\/995\/revisions\/2260"}],"wp:featuredmedia":[{"embeddable":true,"href":"https:\/\/www.cercledecultura.org\/ca\/wp-json\/wp\/v2\/media\/996"}],"wp:attachment":[{"href":"https:\/\/www.cercledecultura.org\/ca\/wp-json\/wp\/v2\/media?parent=995"}],"wp:term":[{"taxonomy":"category","embeddable":true,"href":"https:\/\/www.cercledecultura.org\/ca\/wp-json\/wp\/v2\/categories?post=995"},{"taxonomy":"post_tag","embeddable":true,"href":"https:\/\/www.cercledecultura.org\/ca\/wp-json\/wp\/v2\/tags?post=995"}],"curies":[{"name":"wp","href":"https:\/\/api.w.org\/{rel}","templated":true}]}}