{"id":976,"date":"2020-07-15T09:07:00","date_gmt":"2020-07-15T09:07:00","guid":{"rendered":"https:\/\/pre.cercledecultura.org\/cultura_dret_jordi_pardo\/"},"modified":"2021-02-23T09:37:43","modified_gmt":"2021-02-23T09:37:43","slug":"cultura_dret_jordi_pardo","status":"publish","type":"post","link":"https:\/\/www.cercledecultura.org\/ca\/cultura_dret_jordi_pardo\/","title":{"rendered":"La cultura \u00e9s un dret"},"content":{"rendered":"<p>Jordi Pardo, director de la Fundaci\u00f3 Pau Casals i vicepresident del Cercle de Cultura, ha estat una de les personalitats del m\u00f3n cultural que ha participat la\u00a0s\u00e8rie de reflexions sobre el futur del sector &#8220;La cultura en 300 paraules&#8221; impulsada pel CoNCA.  Voldria que la cultura fos una expressi\u00f3 del bo i millor de la humanitat. La cultura \u00e9s el que m\u00e9s ens diferencia de la resta d\u2019\u00e9ssers vius: la nostra capacitat de fer art, ci\u00e8ncia i pensament, i les expressions de les nostres formes de vida. I dic aix\u00f2 perqu\u00e8 crec en el poder de la cultura i l\u2019educaci\u00f3 per a millorar la dignitat de les persones i la cohesi\u00f3 social. Com tota crisi, la pand\u00e8mia de la COVID-19 \u00e9s una oportunitat de regeneraci\u00f3.  Cal fer moltes coses que abans no hem fet b\u00e9, i fer-ne d\u2019altres que responen als canvis que hem d\u2019encarar. Hem de millorar la relaci\u00f3 dels sectors de la cultura amb el conjunt dels ciutadans. Per\u00f2 per fer-ho cal que ens preguntem si vivim per treballar o treballem per viure. Si l\u2019economia est\u00e0 al servei de les persones o les persones al servei de l\u2019economia.  Com que crec en les utopies \u2014perqu\u00e8 sense elles no ens hi acostem mai\u2014 i tamb\u00e9 crec que la for\u00e7a de la voluntat ens obre les portes de l\u2019optimisme, l\u2019endem\u00e0 cal que tinguem el finan\u00e7ament que es mereix la cultura, com un dret universal i un pilar de l\u2019estat del benestar. Un finan\u00e7ament p\u00fablic a l\u2019al\u00e7ada del pa\u00eds, amb unes lleis de patrocini i mecenatge que no tenim, i la consideraci\u00f3 de la cultura com un element que genera ocupaci\u00f3, impacte en el PIB i competitivitat, i com l\u2019ingredient fonamental per a un turisme sostenible, una economia creativa competitiva. Ens cal un marc normatiu actualitzat que esdevingui un instrument d\u2019innovaci\u00f3. Cal que ens afanyem a modernitzar les administracions p\u00fabliques per tal que siguin m\u00e9s eficients i puguin establir relacions m\u00e9s \u00e0gils i prestar serveis p\u00fablics de qualitat.  Voldria que la cultura no fos nom\u00e9s una mercaderia, sin\u00f3 un element fonamental per a sentir-nos dignes i feli\u00e7os.  Text origin\u00e0riament publicat a:\u00a0https:\/\/conca.gencat.cat\/ca\/cultura-en-300-paraules\/la-cultura-es-un-dret\/<\/p>\n","protected":false},"excerpt":{"rendered":"<p>Jordi Pardo, director de la Fundaci\u00f3 Pau Casals i vicepresident del Cercle de Cultura, ha estat una de les personalitats del m\u00f3n cultural que ha participat en la s\u00e8rie de reflexions sobre el futur del sector &#8220;La cultura en 300 paraules&#8221; impulsada pel CoNCA.<\/p>\n","protected":false},"author":1,"featured_media":977,"comment_status":"open","ping_status":"closed","sticky":false,"template":"","format":"standard","meta":{"footnotes":""},"categories":[24],"tags":[16,504,13],"class_list":["post-976","post","type-post","status-publish","format-standard","has-post-thumbnail","hentry","category-opinio","tag-conca","tag-dret","tag-jordi-pardo"],"yoast_head":"<!-- This site is optimized with the Yoast SEO plugin v27.4 - https:\/\/yoast.com\/product\/yoast-seo-wordpress\/ -->\n<title>La cultura \u00e9s un dret - Cercle de Cultura<\/title>\n<meta name=\"robots\" content=\"index, follow, max-snippet:-1, max-image-preview:large, max-video-preview:-1\" \/>\n<link rel=\"canonical\" href=\"https:\/\/www.cercledecultura.org\/ca\/cultura_dret_jordi_pardo\/\" \/>\n<meta property=\"og:locale\" content=\"ca_ES\" \/>\n<meta property=\"og:type\" content=\"article\" \/>\n<meta property=\"og:title\" content=\"La cultura \u00e9s un dret - Cercle de Cultura\" \/>\n<meta property=\"og:description\" content=\"Jordi Pardo, director de la Fundaci\u00f3 Pau Casals i vicepresident del Cercle de Cultura, ha estat una de les personalitats del m\u00f3n cultural que ha participat en la s\u00e8rie de reflexions sobre el futur del sector &quot;La cultura en 300 paraules&quot; impulsada pel CoNCA.\" \/>\n<meta property=\"og:url\" content=\"https:\/\/www.cercledecultura.org\/ca\/cultura_dret_jordi_pardo\/\" \/>\n<meta property=\"og:site_name\" content=\"Cercle de Cultura\" \/>\n<meta property=\"article:published_time\" content=\"2020-07-15T09:07:00+00:00\" \/>\n<meta property=\"article:modified_time\" content=\"2021-02-23T09:37:43+00:00\" \/>\n<meta property=\"og:image\" content=\"https:\/\/www.cercledecultura.org\/wp-content\/uploads\/2021\/02\/Nj2X8uhBJkGdvDq3asgumw.jpg\" \/>\n\t<meta property=\"og:image:width\" content=\"580\" \/>\n\t<meta property=\"og:image:height\" content=\"326\" \/>\n\t<meta property=\"og:image:type\" content=\"image\/jpeg\" \/>\n<meta name=\"author\" content=\"admin\" \/>\n<meta name=\"twitter:card\" content=\"summary_large_image\" \/>\n<meta name=\"twitter:label1\" content=\"Escrit per\" \/>\n\t<meta name=\"twitter:data1\" content=\"admin\" \/>\n\t<meta name=\"twitter:label2\" content=\"Temps estimat de lectura\" \/>\n\t<meta name=\"twitter:data2\" content=\"2 minuts\" \/>\n<script type=\"application\/ld+json\" class=\"yoast-schema-graph\">{\"@context\":\"https:\\\/\\\/schema.org\",\"@graph\":[{\"@type\":\"Article\",\"@id\":\"https:\\\/\\\/www.cercledecultura.org\\\/ca\\\/cultura_dret_jordi_pardo\\\/#article\",\"isPartOf\":{\"@id\":\"https:\\\/\\\/www.cercledecultura.org\\\/ca\\\/cultura_dret_jordi_pardo\\\/\"},\"author\":{\"name\":\"admin\",\"@id\":\"https:\\\/\\\/www.cercledecultura.org\\\/ca\\\/#\\\/schema\\\/person\\\/269db25cfadcb4bd2e41781c819942f9\"},\"headline\":\"La cultura \u00e9s un dret\",\"datePublished\":\"2020-07-15T09:07:00+00:00\",\"dateModified\":\"2021-02-23T09:37:43+00:00\",\"mainEntityOfPage\":{\"@id\":\"https:\\\/\\\/www.cercledecultura.org\\\/ca\\\/cultura_dret_jordi_pardo\\\/\"},\"wordCount\":393,\"commentCount\":0,\"publisher\":{\"@id\":\"https:\\\/\\\/www.cercledecultura.org\\\/ca\\\/#organization\"},\"image\":{\"@id\":\"https:\\\/\\\/www.cercledecultura.org\\\/ca\\\/cultura_dret_jordi_pardo\\\/#primaryimage\"},\"thumbnailUrl\":\"https:\\\/\\\/www.cercledecultura.org\\\/wp-content\\\/uploads\\\/2021\\\/02\\\/Nj2X8uhBJkGdvDq3asgumw.jpg\",\"keywords\":[\"Conca\",\"dret\",\"Jordi Pardo\"],\"articleSection\":[\"Opini\u00f3\"],\"inLanguage\":\"ca\",\"potentialAction\":[{\"@type\":\"CommentAction\",\"name\":\"Comment\",\"target\":[\"https:\\\/\\\/www.cercledecultura.org\\\/ca\\\/cultura_dret_jordi_pardo\\\/#respond\"]}]},{\"@type\":\"WebPage\",\"@id\":\"https:\\\/\\\/www.cercledecultura.org\\\/ca\\\/cultura_dret_jordi_pardo\\\/\",\"url\":\"https:\\\/\\\/www.cercledecultura.org\\\/ca\\\/cultura_dret_jordi_pardo\\\/\",\"name\":\"La cultura \u00e9s un dret - Cercle de Cultura\",\"isPartOf\":{\"@id\":\"https:\\\/\\\/www.cercledecultura.org\\\/ca\\\/#website\"},\"primaryImageOfPage\":{\"@id\":\"https:\\\/\\\/www.cercledecultura.org\\\/ca\\\/cultura_dret_jordi_pardo\\\/#primaryimage\"},\"image\":{\"@id\":\"https:\\\/\\\/www.cercledecultura.org\\\/ca\\\/cultura_dret_jordi_pardo\\\/#primaryimage\"},\"thumbnailUrl\":\"https:\\\/\\\/www.cercledecultura.org\\\/wp-content\\\/uploads\\\/2021\\\/02\\\/Nj2X8uhBJkGdvDq3asgumw.jpg\",\"datePublished\":\"2020-07-15T09:07:00+00:00\",\"dateModified\":\"2021-02-23T09:37:43+00:00\",\"breadcrumb\":{\"@id\":\"https:\\\/\\\/www.cercledecultura.org\\\/ca\\\/cultura_dret_jordi_pardo\\\/#breadcrumb\"},\"inLanguage\":\"ca\",\"potentialAction\":[{\"@type\":\"ReadAction\",\"target\":[\"https:\\\/\\\/www.cercledecultura.org\\\/ca\\\/cultura_dret_jordi_pardo\\\/\"]}]},{\"@type\":\"ImageObject\",\"inLanguage\":\"ca\",\"@id\":\"https:\\\/\\\/www.cercledecultura.org\\\/ca\\\/cultura_dret_jordi_pardo\\\/#primaryimage\",\"url\":\"https:\\\/\\\/www.cercledecultura.org\\\/wp-content\\\/uploads\\\/2021\\\/02\\\/Nj2X8uhBJkGdvDq3asgumw.jpg\",\"contentUrl\":\"https:\\\/\\\/www.cercledecultura.org\\\/wp-content\\\/uploads\\\/2021\\\/02\\\/Nj2X8uhBJkGdvDq3asgumw.jpg\",\"width\":580,\"height\":326},{\"@type\":\"BreadcrumbList\",\"@id\":\"https:\\\/\\\/www.cercledecultura.org\\\/ca\\\/cultura_dret_jordi_pardo\\\/#breadcrumb\",\"itemListElement\":[{\"@type\":\"ListItem\",\"position\":1,\"name\":\"Portada\",\"item\":\"https:\\\/\\\/www.cercledecultura.org\\\/ca\\\/\"},{\"@type\":\"ListItem\",\"position\":2,\"name\":\"La cultura \u00e9s un dret\"}]},{\"@type\":\"WebSite\",\"@id\":\"https:\\\/\\\/www.cercledecultura.org\\\/ca\\\/#website\",\"url\":\"https:\\\/\\\/www.cercledecultura.org\\\/ca\\\/\",\"name\":\"Cercle de Cultura\",\"description\":\"Entitat de car\u00e0cter privat i associatiu, independent, amb voluntat de participar en la vida p\u00fablica des de la pluralitat ideol\u00f2gica dels seus membres fundadors i futurs associats\",\"publisher\":{\"@id\":\"https:\\\/\\\/www.cercledecultura.org\\\/ca\\\/#organization\"},\"potentialAction\":[{\"@type\":\"SearchAction\",\"target\":{\"@type\":\"EntryPoint\",\"urlTemplate\":\"https:\\\/\\\/www.cercledecultura.org\\\/ca\\\/?s={search_term_string}\"},\"query-input\":{\"@type\":\"PropertyValueSpecification\",\"valueRequired\":true,\"valueName\":\"search_term_string\"}}],\"inLanguage\":\"ca\"},{\"@type\":\"Organization\",\"@id\":\"https:\\\/\\\/www.cercledecultura.org\\\/ca\\\/#organization\",\"name\":\"Cercle de Cultura\",\"url\":\"https:\\\/\\\/www.cercledecultura.org\\\/ca\\\/\",\"logo\":{\"@type\":\"ImageObject\",\"inLanguage\":\"ca\",\"@id\":\"https:\\\/\\\/www.cercledecultura.org\\\/ca\\\/#\\\/schema\\\/logo\\\/image\\\/\",\"url\":\"https:\\\/\\\/www.cercledecultura.org\\\/wp-content\\\/uploads\\\/2020\\\/01\\\/logo-cercle-de-cultura.png\",\"contentUrl\":\"https:\\\/\\\/www.cercledecultura.org\\\/wp-content\\\/uploads\\\/2020\\\/01\\\/logo-cercle-de-cultura.png\",\"width\":350,\"height\":195,\"caption\":\"Cercle de Cultura\"},\"image\":{\"@id\":\"https:\\\/\\\/www.cercledecultura.org\\\/ca\\\/#\\\/schema\\\/logo\\\/image\\\/\"}},{\"@type\":\"Person\",\"@id\":\"https:\\\/\\\/www.cercledecultura.org\\\/ca\\\/#\\\/schema\\\/person\\\/269db25cfadcb4bd2e41781c819942f9\",\"name\":\"admin\",\"image\":{\"@type\":\"ImageObject\",\"inLanguage\":\"ca\",\"@id\":\"https:\\\/\\\/secure.gravatar.com\\\/avatar\\\/e88a8bb50a361c6d45c4709770a3d765016be4b5d85313447b91d0d707434ad9?s=96&d=mm&r=g\",\"url\":\"https:\\\/\\\/secure.gravatar.com\\\/avatar\\\/e88a8bb50a361c6d45c4709770a3d765016be4b5d85313447b91d0d707434ad9?s=96&d=mm&r=g\",\"contentUrl\":\"https:\\\/\\\/secure.gravatar.com\\\/avatar\\\/e88a8bb50a361c6d45c4709770a3d765016be4b5d85313447b91d0d707434ad9?s=96&d=mm&r=g\",\"caption\":\"admin\"},\"url\":\"https:\\\/\\\/www.cercledecultura.org\\\/ca\\\/author\\\/seic_trzh7tdr\\\/\"}]}<\/script>\n<!-- \/ Yoast SEO plugin. -->","yoast_head_json":{"title":"La cultura \u00e9s un dret - Cercle de Cultura","robots":{"index":"index","follow":"follow","max-snippet":"max-snippet:-1","max-image-preview":"max-image-preview:large","max-video-preview":"max-video-preview:-1"},"canonical":"https:\/\/www.cercledecultura.org\/ca\/cultura_dret_jordi_pardo\/","og_locale":"ca_ES","og_type":"article","og_title":"La cultura \u00e9s un dret - Cercle de Cultura","og_description":"Jordi Pardo, director de la Fundaci\u00f3 Pau Casals i vicepresident del Cercle de Cultura, ha estat una de les personalitats del m\u00f3n cultural que ha participat en la s\u00e8rie de reflexions sobre el futur del sector \"La cultura en 300 paraules\" impulsada pel CoNCA.","og_url":"https:\/\/www.cercledecultura.org\/ca\/cultura_dret_jordi_pardo\/","og_site_name":"Cercle de Cultura","article_published_time":"2020-07-15T09:07:00+00:00","article_modified_time":"2021-02-23T09:37:43+00:00","og_image":[{"width":580,"height":326,"url":"https:\/\/www.cercledecultura.org\/wp-content\/uploads\/2021\/02\/Nj2X8uhBJkGdvDq3asgumw.jpg","type":"image\/jpeg"}],"author":"admin","twitter_card":"summary_large_image","twitter_misc":{"Escrit per":"admin","Temps estimat de lectura":"2 minuts"},"schema":{"@context":"https:\/\/schema.org","@graph":[{"@type":"Article","@id":"https:\/\/www.cercledecultura.org\/ca\/cultura_dret_jordi_pardo\/#article","isPartOf":{"@id":"https:\/\/www.cercledecultura.org\/ca\/cultura_dret_jordi_pardo\/"},"author":{"name":"admin","@id":"https:\/\/www.cercledecultura.org\/ca\/#\/schema\/person\/269db25cfadcb4bd2e41781c819942f9"},"headline":"La cultura \u00e9s un dret","datePublished":"2020-07-15T09:07:00+00:00","dateModified":"2021-02-23T09:37:43+00:00","mainEntityOfPage":{"@id":"https:\/\/www.cercledecultura.org\/ca\/cultura_dret_jordi_pardo\/"},"wordCount":393,"commentCount":0,"publisher":{"@id":"https:\/\/www.cercledecultura.org\/ca\/#organization"},"image":{"@id":"https:\/\/www.cercledecultura.org\/ca\/cultura_dret_jordi_pardo\/#primaryimage"},"thumbnailUrl":"https:\/\/www.cercledecultura.org\/wp-content\/uploads\/2021\/02\/Nj2X8uhBJkGdvDq3asgumw.jpg","keywords":["Conca","dret","Jordi Pardo"],"articleSection":["Opini\u00f3"],"inLanguage":"ca","potentialAction":[{"@type":"CommentAction","name":"Comment","target":["https:\/\/www.cercledecultura.org\/ca\/cultura_dret_jordi_pardo\/#respond"]}]},{"@type":"WebPage","@id":"https:\/\/www.cercledecultura.org\/ca\/cultura_dret_jordi_pardo\/","url":"https:\/\/www.cercledecultura.org\/ca\/cultura_dret_jordi_pardo\/","name":"La cultura \u00e9s un dret - Cercle de Cultura","isPartOf":{"@id":"https:\/\/www.cercledecultura.org\/ca\/#website"},"primaryImageOfPage":{"@id":"https:\/\/www.cercledecultura.org\/ca\/cultura_dret_jordi_pardo\/#primaryimage"},"image":{"@id":"https:\/\/www.cercledecultura.org\/ca\/cultura_dret_jordi_pardo\/#primaryimage"},"thumbnailUrl":"https:\/\/www.cercledecultura.org\/wp-content\/uploads\/2021\/02\/Nj2X8uhBJkGdvDq3asgumw.jpg","datePublished":"2020-07-15T09:07:00+00:00","dateModified":"2021-02-23T09:37:43+00:00","breadcrumb":{"@id":"https:\/\/www.cercledecultura.org\/ca\/cultura_dret_jordi_pardo\/#breadcrumb"},"inLanguage":"ca","potentialAction":[{"@type":"ReadAction","target":["https:\/\/www.cercledecultura.org\/ca\/cultura_dret_jordi_pardo\/"]}]},{"@type":"ImageObject","inLanguage":"ca","@id":"https:\/\/www.cercledecultura.org\/ca\/cultura_dret_jordi_pardo\/#primaryimage","url":"https:\/\/www.cercledecultura.org\/wp-content\/uploads\/2021\/02\/Nj2X8uhBJkGdvDq3asgumw.jpg","contentUrl":"https:\/\/www.cercledecultura.org\/wp-content\/uploads\/2021\/02\/Nj2X8uhBJkGdvDq3asgumw.jpg","width":580,"height":326},{"@type":"BreadcrumbList","@id":"https:\/\/www.cercledecultura.org\/ca\/cultura_dret_jordi_pardo\/#breadcrumb","itemListElement":[{"@type":"ListItem","position":1,"name":"Portada","item":"https:\/\/www.cercledecultura.org\/ca\/"},{"@type":"ListItem","position":2,"name":"La cultura \u00e9s un dret"}]},{"@type":"WebSite","@id":"https:\/\/www.cercledecultura.org\/ca\/#website","url":"https:\/\/www.cercledecultura.org\/ca\/","name":"Cercle de Cultura","description":"Entitat de car\u00e0cter privat i associatiu, independent, amb voluntat de participar en la vida p\u00fablica des de la pluralitat ideol\u00f2gica dels seus membres fundadors i futurs associats","publisher":{"@id":"https:\/\/www.cercledecultura.org\/ca\/#organization"},"potentialAction":[{"@type":"SearchAction","target":{"@type":"EntryPoint","urlTemplate":"https:\/\/www.cercledecultura.org\/ca\/?s={search_term_string}"},"query-input":{"@type":"PropertyValueSpecification","valueRequired":true,"valueName":"search_term_string"}}],"inLanguage":"ca"},{"@type":"Organization","@id":"https:\/\/www.cercledecultura.org\/ca\/#organization","name":"Cercle de Cultura","url":"https:\/\/www.cercledecultura.org\/ca\/","logo":{"@type":"ImageObject","inLanguage":"ca","@id":"https:\/\/www.cercledecultura.org\/ca\/#\/schema\/logo\/image\/","url":"https:\/\/www.cercledecultura.org\/wp-content\/uploads\/2020\/01\/logo-cercle-de-cultura.png","contentUrl":"https:\/\/www.cercledecultura.org\/wp-content\/uploads\/2020\/01\/logo-cercle-de-cultura.png","width":350,"height":195,"caption":"Cercle de Cultura"},"image":{"@id":"https:\/\/www.cercledecultura.org\/ca\/#\/schema\/logo\/image\/"}},{"@type":"Person","@id":"https:\/\/www.cercledecultura.org\/ca\/#\/schema\/person\/269db25cfadcb4bd2e41781c819942f9","name":"admin","image":{"@type":"ImageObject","inLanguage":"ca","@id":"https:\/\/secure.gravatar.com\/avatar\/e88a8bb50a361c6d45c4709770a3d765016be4b5d85313447b91d0d707434ad9?s=96&d=mm&r=g","url":"https:\/\/secure.gravatar.com\/avatar\/e88a8bb50a361c6d45c4709770a3d765016be4b5d85313447b91d0d707434ad9?s=96&d=mm&r=g","contentUrl":"https:\/\/secure.gravatar.com\/avatar\/e88a8bb50a361c6d45c4709770a3d765016be4b5d85313447b91d0d707434ad9?s=96&d=mm&r=g","caption":"admin"},"url":"https:\/\/www.cercledecultura.org\/ca\/author\/seic_trzh7tdr\/"}]}},"_links":{"self":[{"href":"https:\/\/www.cercledecultura.org\/ca\/wp-json\/wp\/v2\/posts\/976","targetHints":{"allow":["GET"]}}],"collection":[{"href":"https:\/\/www.cercledecultura.org\/ca\/wp-json\/wp\/v2\/posts"}],"about":[{"href":"https:\/\/www.cercledecultura.org\/ca\/wp-json\/wp\/v2\/types\/post"}],"author":[{"embeddable":true,"href":"https:\/\/www.cercledecultura.org\/ca\/wp-json\/wp\/v2\/users\/1"}],"replies":[{"embeddable":true,"href":"https:\/\/www.cercledecultura.org\/ca\/wp-json\/wp\/v2\/comments?post=976"}],"version-history":[{"count":1,"href":"https:\/\/www.cercledecultura.org\/ca\/wp-json\/wp\/v2\/posts\/976\/revisions"}],"predecessor-version":[{"id":1248,"href":"https:\/\/www.cercledecultura.org\/ca\/wp-json\/wp\/v2\/posts\/976\/revisions\/1248"}],"wp:featuredmedia":[{"embeddable":true,"href":"https:\/\/www.cercledecultura.org\/ca\/wp-json\/wp\/v2\/media\/977"}],"wp:attachment":[{"href":"https:\/\/www.cercledecultura.org\/ca\/wp-json\/wp\/v2\/media?parent=976"}],"wp:term":[{"taxonomy":"category","embeddable":true,"href":"https:\/\/www.cercledecultura.org\/ca\/wp-json\/wp\/v2\/categories?post=976"},{"taxonomy":"post_tag","embeddable":true,"href":"https:\/\/www.cercledecultura.org\/ca\/wp-json\/wp\/v2\/tags?post=976"}],"curies":[{"name":"wp","href":"https:\/\/api.w.org\/{rel}","templated":true}]}}