{"id":972,"date":"2020-07-06T10:18:00","date_gmt":"2020-07-06T10:18:00","guid":{"rendered":"https:\/\/pre.cercledecultura.org\/alfons_martinell_cultura_covid19_estudi_drets_culturals_politiques_publiques\/"},"modified":"2021-03-07T15:05:46","modified_gmt":"2021-03-07T15:05:46","slug":"alfons_martinell_cultura_covid19_estudi_drets_culturals_politiques_publiques","status":"publish","type":"post","link":"https:\/\/www.cercledecultura.org\/ca\/alfons_martinell_cultura_covid19_estudi_drets_culturals_politiques_publiques\/","title":{"rendered":"Alfons Martinell: &#8216;La societat t\u00e9 un deute amb la cultura per la seva contribuci\u00f3 a la crisi de la Covid19 que ha de ser rescabalada&#8217;"},"content":{"rendered":"<p>La Fundaci\u00f3n Alternativas va presentar en l\u00ednia el document &#8216;Los derechos culturales: Hacia una nueva generaci\u00f3n de pol\u00edticas p\u00fablicas&#8217;, d&#8217;Alfons Martinell -membre de la junta de govern del Cercle de Cultura- i Beatriz Barreiro. El document proposa un nou contracte social per a la cultura per part de l&#8217;Estat. Un contracte social en sintonia amb les noves aportacions conceptuals de la comunitat internacional, que incideixen en la construcci\u00f3 d&#8217;un marc de refer\u00e8ncia per les pol\u00edtiques culturals basant-se en els drets culturals (podeu seguir tota la presentaci\u00f3 des del reproductor del v\u00eddeo que teniu a l&#8217;esquerra del text).  El document&nbsp;elaborat per Alfons Martinell, director honor\u00edfic de la C\u00e0tedra UNESCO de Pol\u00edtiques Culturals de la Universitat de Girona,&nbsp;i Beatriz Barreiro, doctora en Drets Humans i professora titular de Dret Internacional P\u00fablic i Relacions Internacionals de la URJC, analitza la situaci\u00f3 dels models cl\u00e0ssics de pol\u00edtiques culturals, que es troben en dificultats de sustentaci\u00f3 i s\u00f3n criticats per amplis sectors socials. En aquest context es percep la necessitat d&#8217;un esfor\u00e7 per a una major adaptaci\u00f3 de les pol\u00edtiques culturals&nbsp; a un enfocament m\u00e9s proactiu en clau dels drets humans i culturals. Una de les propostes m\u00e9s destacades \u00e9s&nbsp;un nou contracte social per a la cultura, en sintonia amb les noves aportacions conceptuals de la comunitat internacional, que incideixen en la construcci\u00f3 d&#8217;un marc de refer\u00e8ncia per les pol\u00edtiques culturals basant-se en els drets culturals.  Segons Martinell l&#8217;informe respon a la pregunta de &#8220;per qu\u00e8 els drets culturals s\u00f3n tan poc coneguts i reclamats en el nostre ordenament de pol\u00edtiques p\u00fabliques&#8221;. Segons la seva opini\u00f3, es tracta de garantir, d&#8217;acord amb un dret reconegut per la comunitat internacional:&nbsp;&#8220;el dret dels ciutadans a participar en la vida cultural, perqu\u00e8 la cultura, en totes les seves dimensions, \u00e9s un dret universal&#8221;.&nbsp; Per a Alfons Martinell, les pol\u00edtiques p\u00fabliques han de cobrir uns &#8220;serveis b\u00e0sics&#8221; a trav\u00e9s de les diferents administracions, per\u00f2 en aquest moment, a l&#8217;Estat espanyol, gaireb\u00e9 el 70% de la despesa p\u00fablica en cultura el realitzen les &#8220;administracions locals&#8221;, sense obligaci\u00f3 normativa a fer-ho, perqu\u00e8 veuen la &#8220;necessitat que les ciutats tenen de cultura&#8221;, i que les autonomies han creat model de pol\u00edtiques culturals d'&#8221;Estat-naci\u00f3&#8221;, amb equipaments &#8220;de pa\u00eds&#8221; en cadascuna de les 17 autonomies -pinacoteques, biblioteques regionals, etc- que no correspon a la &#8220;realitat actual&#8221;, i que ha generat un &#8220;despesa p\u00fablica descontrolada&#8221;.  Martinell defensa que la cultura \u00e9s un &#8220;servei essencial&#8221;, per\u00f2 la nostra societat no ha estat capa\u00e7 de definir-lo com a tal, i que durant el confinament de la Covid19 ha estat un &#8220;element important per a suportar&#8221; el confinament. El que ha demostrat aquesta crisi \u00e9s que la vida cultural, privada i col\u00b7lectiva \u00e9s &#8220;b\u00e0sica per suportar situacions de gravetat, i la societat t\u00e9 un deute amb la cultura, i espero que en la recuperaci\u00f3 se s\u00e0piguen adoptar mesures perqu\u00e8 el sector cultural, que ha aportat molt m\u00e9s a la col\u00b7lectivitat que altres, rebi el rescabalament que es mereix&#8221;.  Entre les mesures necess\u00e0ries per implantar una nova generaci\u00f3 de pol\u00edtiques p\u00fabliques, Alfons Martinell va apuntar a la creaci\u00f3 d&#8217;uns &#8220;serveis m\u00ednims, com s&#8217;ha plantejat a Fran\u00e7a&#8221;. En aquest sentit va expressar la seva sorpresa pel fet que l&#8217;Estat espanyol no tingui una &#8220;llei de cultura&#8221; despr\u00e9s de m\u00e9s de quaranta anys de Constituci\u00f3 democr\u00e0tica, i ha sostingut que la situaci\u00f3 es &#8220;atomitzatda&#8221;, perqu\u00e8 no hi ha&nbsp;un &#8220;marc de refer\u00e8ncia&#8221;. Els municipis, que s\u00f3n els &#8220;grans generadors&#8221; de cultura, no tenen una &#8220;norma&#8221;, i el patrocini &#8220;no pot solucionar-ho tot&#8221;. &#8220;Estar\u00edem molt contents que el nostre informe fes dubtar els legisladors a l&#8217;hora de crear la llei; el m\u00e9s important \u00e9s generar un estat d&#8217;opini\u00f3 i que les diferents ideologies puguin coincidir perqu\u00e8 la cultura no es converteixi en una arma llanc\u00edvola entre grups pol\u00edtics&#8221;, ha reblat Martinell.  Us podeu descarregar l&#8217;estudi des d&#8217;aquest enlla\u00e7:&nbsp;https:\/\/www.fundacionalternativas.org\/public\/storage\/cultura_documentos_archivos\/f37d95a3db61e7357683c9b526badd94.pdf<\/p>\n","protected":false},"excerpt":{"rendered":"<p>La Fundaci\u00f3n Alternativas va presentar en l\u00ednia el document\u00a0&#8216;Los derechos culturales: Hacia una nueva generaci\u00f3n de pol\u00edticas p\u00fablicas&#8217;, d&#8217;Alfons Martinell -membre de la junta de govern del Cercle de Cultura-\u00a0i Beatriz Barreiro. El document\u00a0proposa un nou contracte social per a la cultura per part de l&#8217;Estat. Un contracte social\u00a0en sintonia amb les noves aportacions conceptuals de la comunitat internacional, que incideixen en la construcci\u00f3 d&#8217;un marc de refer\u00e8ncia per les pol\u00edtiques culturals basant-se en els drets culturals.<\/p>\n","protected":false},"author":1,"featured_media":973,"comment_status":"open","ping_status":"closed","sticky":false,"template":"","format":"standard","meta":{"footnotes":""},"categories":[26],"tags":[64,503,4],"class_list":["post-972","post","type-post","status-publish","format-standard","has-post-thumbnail","hentry","category-noticies","tag-alfons-martinell","tag-fundacion-alternativas","tag-politica-cultural"],"yoast_head":"<!-- This site is optimized with the Yoast SEO plugin v27.5 - https:\/\/yoast.com\/product\/yoast-seo-wordpress\/ -->\n<title>Alfons Martinell: &#039;La societat t\u00e9 un deute amb la cultura per la seva contribuci\u00f3 a la crisi de la Covid19 que ha de ser rescabalada&#039; - Cercle de Cultura<\/title>\n<meta name=\"robots\" content=\"index, follow, max-snippet:-1, max-image-preview:large, max-video-preview:-1\" \/>\n<link rel=\"canonical\" href=\"https:\/\/www.cercledecultura.org\/ca\/alfons_martinell_cultura_covid19_estudi_drets_culturals_politiques_publiques\/\" \/>\n<meta property=\"og:locale\" content=\"ca_ES\" \/>\n<meta property=\"og:type\" content=\"article\" \/>\n<meta property=\"og:title\" content=\"Alfons Martinell: &#039;La societat t\u00e9 un deute amb la cultura per la seva contribuci\u00f3 a la crisi de la Covid19 que ha de ser rescabalada&#039; - Cercle de Cultura\" \/>\n<meta property=\"og:description\" content=\"La Fundaci\u00f3n Alternativas va presentar en l\u00ednia el document\u00a0&#039;Los derechos culturales: Hacia una nueva generaci\u00f3n de pol\u00edticas p\u00fablicas&#039;, d&#039;Alfons Martinell -membre de la junta de govern del Cercle de Cultura-\u00a0i Beatriz Barreiro. El document\u00a0proposa un nou contracte social per a la cultura per part de l&#039;Estat. Un contracte social\u00a0en sintonia amb les noves aportacions conceptuals de la comunitat internacional, que incideixen en la construcci\u00f3 d&#039;un marc de refer\u00e8ncia per les pol\u00edtiques culturals basant-se en els drets culturals.\" \/>\n<meta property=\"og:url\" content=\"https:\/\/www.cercledecultura.org\/ca\/alfons_martinell_cultura_covid19_estudi_drets_culturals_politiques_publiques\/\" \/>\n<meta property=\"og:site_name\" content=\"Cercle de Cultura\" \/>\n<meta property=\"article:published_time\" content=\"2020-07-06T10:18:00+00:00\" \/>\n<meta property=\"article:modified_time\" content=\"2021-03-07T15:05:46+00:00\" \/>\n<meta property=\"og:image\" content=\"https:\/\/www.cercledecultura.org\/wp-content\/uploads\/2021\/02\/aJNzNSwwEU2rfAXkFh9wGA.png\" \/>\n\t<meta property=\"og:image:width\" content=\"993\" \/>\n\t<meta property=\"og:image:height\" content=\"562\" \/>\n\t<meta property=\"og:image:type\" content=\"image\/png\" \/>\n<meta name=\"author\" content=\"admin\" \/>\n<meta name=\"twitter:card\" content=\"summary_large_image\" \/>\n<meta name=\"twitter:label1\" content=\"Escrit per\" \/>\n\t<meta name=\"twitter:data1\" content=\"admin\" \/>\n\t<meta name=\"twitter:label2\" content=\"Temps estimat de lectura\" \/>\n\t<meta name=\"twitter:data2\" content=\"3 minuts\" \/>\n<script type=\"application\/ld+json\" class=\"yoast-schema-graph\">{\"@context\":\"https:\\\/\\\/schema.org\",\"@graph\":[{\"@type\":\"Article\",\"@id\":\"https:\\\/\\\/www.cercledecultura.org\\\/ca\\\/alfons_martinell_cultura_covid19_estudi_drets_culturals_politiques_publiques\\\/#article\",\"isPartOf\":{\"@id\":\"https:\\\/\\\/www.cercledecultura.org\\\/ca\\\/alfons_martinell_cultura_covid19_estudi_drets_culturals_politiques_publiques\\\/\"},\"author\":{\"name\":\"admin\",\"@id\":\"https:\\\/\\\/www.cercledecultura.org\\\/ca\\\/#\\\/schema\\\/person\\\/269db25cfadcb4bd2e41781c819942f9\"},\"headline\":\"Alfons Martinell: &#8216;La societat t\u00e9 un deute amb la cultura per la seva contribuci\u00f3 a la crisi de la Covid19 que ha de ser rescabalada&#8217;\",\"datePublished\":\"2020-07-06T10:18:00+00:00\",\"dateModified\":\"2021-03-07T15:05:46+00:00\",\"mainEntityOfPage\":{\"@id\":\"https:\\\/\\\/www.cercledecultura.org\\\/ca\\\/alfons_martinell_cultura_covid19_estudi_drets_culturals_politiques_publiques\\\/\"},\"wordCount\":756,\"commentCount\":0,\"publisher\":{\"@id\":\"https:\\\/\\\/www.cercledecultura.org\\\/ca\\\/#organization\"},\"image\":{\"@id\":\"https:\\\/\\\/www.cercledecultura.org\\\/ca\\\/alfons_martinell_cultura_covid19_estudi_drets_culturals_politiques_publiques\\\/#primaryimage\"},\"thumbnailUrl\":\"https:\\\/\\\/www.cercledecultura.org\\\/wp-content\\\/uploads\\\/2021\\\/02\\\/aJNzNSwwEU2rfAXkFh9wGA.png\",\"keywords\":[\"Alfons Martinell\",\"Fundaci\u00f3n Alternativas\",\"Pol\u00edtica Cultural\"],\"articleSection\":[\"Not\u00edcies\"],\"inLanguage\":\"ca\",\"potentialAction\":[{\"@type\":\"CommentAction\",\"name\":\"Comment\",\"target\":[\"https:\\\/\\\/www.cercledecultura.org\\\/ca\\\/alfons_martinell_cultura_covid19_estudi_drets_culturals_politiques_publiques\\\/#respond\"]}]},{\"@type\":\"WebPage\",\"@id\":\"https:\\\/\\\/www.cercledecultura.org\\\/ca\\\/alfons_martinell_cultura_covid19_estudi_drets_culturals_politiques_publiques\\\/\",\"url\":\"https:\\\/\\\/www.cercledecultura.org\\\/ca\\\/alfons_martinell_cultura_covid19_estudi_drets_culturals_politiques_publiques\\\/\",\"name\":\"Alfons Martinell: 'La societat t\u00e9 un deute amb la cultura per la seva contribuci\u00f3 a la crisi de la Covid19 que ha de ser rescabalada' - Cercle de Cultura\",\"isPartOf\":{\"@id\":\"https:\\\/\\\/www.cercledecultura.org\\\/ca\\\/#website\"},\"primaryImageOfPage\":{\"@id\":\"https:\\\/\\\/www.cercledecultura.org\\\/ca\\\/alfons_martinell_cultura_covid19_estudi_drets_culturals_politiques_publiques\\\/#primaryimage\"},\"image\":{\"@id\":\"https:\\\/\\\/www.cercledecultura.org\\\/ca\\\/alfons_martinell_cultura_covid19_estudi_drets_culturals_politiques_publiques\\\/#primaryimage\"},\"thumbnailUrl\":\"https:\\\/\\\/www.cercledecultura.org\\\/wp-content\\\/uploads\\\/2021\\\/02\\\/aJNzNSwwEU2rfAXkFh9wGA.png\",\"datePublished\":\"2020-07-06T10:18:00+00:00\",\"dateModified\":\"2021-03-07T15:05:46+00:00\",\"breadcrumb\":{\"@id\":\"https:\\\/\\\/www.cercledecultura.org\\\/ca\\\/alfons_martinell_cultura_covid19_estudi_drets_culturals_politiques_publiques\\\/#breadcrumb\"},\"inLanguage\":\"ca\",\"potentialAction\":[{\"@type\":\"ReadAction\",\"target\":[\"https:\\\/\\\/www.cercledecultura.org\\\/ca\\\/alfons_martinell_cultura_covid19_estudi_drets_culturals_politiques_publiques\\\/\"]}]},{\"@type\":\"ImageObject\",\"inLanguage\":\"ca\",\"@id\":\"https:\\\/\\\/www.cercledecultura.org\\\/ca\\\/alfons_martinell_cultura_covid19_estudi_drets_culturals_politiques_publiques\\\/#primaryimage\",\"url\":\"https:\\\/\\\/www.cercledecultura.org\\\/wp-content\\\/uploads\\\/2021\\\/02\\\/aJNzNSwwEU2rfAXkFh9wGA.png\",\"contentUrl\":\"https:\\\/\\\/www.cercledecultura.org\\\/wp-content\\\/uploads\\\/2021\\\/02\\\/aJNzNSwwEU2rfAXkFh9wGA.png\",\"width\":993,\"height\":562},{\"@type\":\"BreadcrumbList\",\"@id\":\"https:\\\/\\\/www.cercledecultura.org\\\/ca\\\/alfons_martinell_cultura_covid19_estudi_drets_culturals_politiques_publiques\\\/#breadcrumb\",\"itemListElement\":[{\"@type\":\"ListItem\",\"position\":1,\"name\":\"Portada\",\"item\":\"https:\\\/\\\/www.cercledecultura.org\\\/ca\\\/\"},{\"@type\":\"ListItem\",\"position\":2,\"name\":\"Alfons Martinell: &#8216;La societat t\u00e9 un deute amb la cultura per la seva contribuci\u00f3 a la crisi de la Covid19 que ha de ser rescabalada&#8217;\"}]},{\"@type\":\"WebSite\",\"@id\":\"https:\\\/\\\/www.cercledecultura.org\\\/ca\\\/#website\",\"url\":\"https:\\\/\\\/www.cercledecultura.org\\\/ca\\\/\",\"name\":\"Cercle de Cultura\",\"description\":\"Entitat de car\u00e0cter privat i associatiu, independent, amb voluntat de participar en la vida p\u00fablica des de la pluralitat ideol\u00f2gica dels seus membres fundadors i futurs associats\",\"publisher\":{\"@id\":\"https:\\\/\\\/www.cercledecultura.org\\\/ca\\\/#organization\"},\"potentialAction\":[{\"@type\":\"SearchAction\",\"target\":{\"@type\":\"EntryPoint\",\"urlTemplate\":\"https:\\\/\\\/www.cercledecultura.org\\\/ca\\\/?s={search_term_string}\"},\"query-input\":{\"@type\":\"PropertyValueSpecification\",\"valueRequired\":true,\"valueName\":\"search_term_string\"}}],\"inLanguage\":\"ca\"},{\"@type\":\"Organization\",\"@id\":\"https:\\\/\\\/www.cercledecultura.org\\\/ca\\\/#organization\",\"name\":\"Cercle de Cultura\",\"url\":\"https:\\\/\\\/www.cercledecultura.org\\\/ca\\\/\",\"logo\":{\"@type\":\"ImageObject\",\"inLanguage\":\"ca\",\"@id\":\"https:\\\/\\\/www.cercledecultura.org\\\/ca\\\/#\\\/schema\\\/logo\\\/image\\\/\",\"url\":\"https:\\\/\\\/www.cercledecultura.org\\\/wp-content\\\/uploads\\\/2020\\\/01\\\/logo-cercle-de-cultura.png\",\"contentUrl\":\"https:\\\/\\\/www.cercledecultura.org\\\/wp-content\\\/uploads\\\/2020\\\/01\\\/logo-cercle-de-cultura.png\",\"width\":350,\"height\":195,\"caption\":\"Cercle de Cultura\"},\"image\":{\"@id\":\"https:\\\/\\\/www.cercledecultura.org\\\/ca\\\/#\\\/schema\\\/logo\\\/image\\\/\"}},{\"@type\":\"Person\",\"@id\":\"https:\\\/\\\/www.cercledecultura.org\\\/ca\\\/#\\\/schema\\\/person\\\/269db25cfadcb4bd2e41781c819942f9\",\"name\":\"admin\",\"image\":{\"@type\":\"ImageObject\",\"inLanguage\":\"ca\",\"@id\":\"https:\\\/\\\/secure.gravatar.com\\\/avatar\\\/e88a8bb50a361c6d45c4709770a3d765016be4b5d85313447b91d0d707434ad9?s=96&d=mm&r=g\",\"url\":\"https:\\\/\\\/secure.gravatar.com\\\/avatar\\\/e88a8bb50a361c6d45c4709770a3d765016be4b5d85313447b91d0d707434ad9?s=96&d=mm&r=g\",\"contentUrl\":\"https:\\\/\\\/secure.gravatar.com\\\/avatar\\\/e88a8bb50a361c6d45c4709770a3d765016be4b5d85313447b91d0d707434ad9?s=96&d=mm&r=g\",\"caption\":\"admin\"},\"url\":\"https:\\\/\\\/www.cercledecultura.org\\\/ca\\\/author\\\/seic_trzh7tdr\\\/\"}]}<\/script>\n<!-- \/ Yoast SEO plugin. -->","yoast_head_json":{"title":"Alfons Martinell: 'La societat t\u00e9 un deute amb la cultura per la seva contribuci\u00f3 a la crisi de la Covid19 que ha de ser rescabalada' - Cercle de Cultura","robots":{"index":"index","follow":"follow","max-snippet":"max-snippet:-1","max-image-preview":"max-image-preview:large","max-video-preview":"max-video-preview:-1"},"canonical":"https:\/\/www.cercledecultura.org\/ca\/alfons_martinell_cultura_covid19_estudi_drets_culturals_politiques_publiques\/","og_locale":"ca_ES","og_type":"article","og_title":"Alfons Martinell: 'La societat t\u00e9 un deute amb la cultura per la seva contribuci\u00f3 a la crisi de la Covid19 que ha de ser rescabalada' - Cercle de Cultura","og_description":"La Fundaci\u00f3n Alternativas va presentar en l\u00ednia el document\u00a0'Los derechos culturales: Hacia una nueva generaci\u00f3n de pol\u00edticas p\u00fablicas', d'Alfons Martinell -membre de la junta de govern del Cercle de Cultura-\u00a0i Beatriz Barreiro. El document\u00a0proposa un nou contracte social per a la cultura per part de l'Estat. Un contracte social\u00a0en sintonia amb les noves aportacions conceptuals de la comunitat internacional, que incideixen en la construcci\u00f3 d'un marc de refer\u00e8ncia per les pol\u00edtiques culturals basant-se en els drets culturals.","og_url":"https:\/\/www.cercledecultura.org\/ca\/alfons_martinell_cultura_covid19_estudi_drets_culturals_politiques_publiques\/","og_site_name":"Cercle de Cultura","article_published_time":"2020-07-06T10:18:00+00:00","article_modified_time":"2021-03-07T15:05:46+00:00","og_image":[{"width":993,"height":562,"url":"https:\/\/www.cercledecultura.org\/wp-content\/uploads\/2021\/02\/aJNzNSwwEU2rfAXkFh9wGA.png","type":"image\/png"}],"author":"admin","twitter_card":"summary_large_image","twitter_misc":{"Escrit per":"admin","Temps estimat de lectura":"3 minuts"},"schema":{"@context":"https:\/\/schema.org","@graph":[{"@type":"Article","@id":"https:\/\/www.cercledecultura.org\/ca\/alfons_martinell_cultura_covid19_estudi_drets_culturals_politiques_publiques\/#article","isPartOf":{"@id":"https:\/\/www.cercledecultura.org\/ca\/alfons_martinell_cultura_covid19_estudi_drets_culturals_politiques_publiques\/"},"author":{"name":"admin","@id":"https:\/\/www.cercledecultura.org\/ca\/#\/schema\/person\/269db25cfadcb4bd2e41781c819942f9"},"headline":"Alfons Martinell: &#8216;La societat t\u00e9 un deute amb la cultura per la seva contribuci\u00f3 a la crisi de la Covid19 que ha de ser rescabalada&#8217;","datePublished":"2020-07-06T10:18:00+00:00","dateModified":"2021-03-07T15:05:46+00:00","mainEntityOfPage":{"@id":"https:\/\/www.cercledecultura.org\/ca\/alfons_martinell_cultura_covid19_estudi_drets_culturals_politiques_publiques\/"},"wordCount":756,"commentCount":0,"publisher":{"@id":"https:\/\/www.cercledecultura.org\/ca\/#organization"},"image":{"@id":"https:\/\/www.cercledecultura.org\/ca\/alfons_martinell_cultura_covid19_estudi_drets_culturals_politiques_publiques\/#primaryimage"},"thumbnailUrl":"https:\/\/www.cercledecultura.org\/wp-content\/uploads\/2021\/02\/aJNzNSwwEU2rfAXkFh9wGA.png","keywords":["Alfons Martinell","Fundaci\u00f3n Alternativas","Pol\u00edtica Cultural"],"articleSection":["Not\u00edcies"],"inLanguage":"ca","potentialAction":[{"@type":"CommentAction","name":"Comment","target":["https:\/\/www.cercledecultura.org\/ca\/alfons_martinell_cultura_covid19_estudi_drets_culturals_politiques_publiques\/#respond"]}]},{"@type":"WebPage","@id":"https:\/\/www.cercledecultura.org\/ca\/alfons_martinell_cultura_covid19_estudi_drets_culturals_politiques_publiques\/","url":"https:\/\/www.cercledecultura.org\/ca\/alfons_martinell_cultura_covid19_estudi_drets_culturals_politiques_publiques\/","name":"Alfons Martinell: 'La societat t\u00e9 un deute amb la cultura per la seva contribuci\u00f3 a la crisi de la Covid19 que ha de ser rescabalada' - Cercle de Cultura","isPartOf":{"@id":"https:\/\/www.cercledecultura.org\/ca\/#website"},"primaryImageOfPage":{"@id":"https:\/\/www.cercledecultura.org\/ca\/alfons_martinell_cultura_covid19_estudi_drets_culturals_politiques_publiques\/#primaryimage"},"image":{"@id":"https:\/\/www.cercledecultura.org\/ca\/alfons_martinell_cultura_covid19_estudi_drets_culturals_politiques_publiques\/#primaryimage"},"thumbnailUrl":"https:\/\/www.cercledecultura.org\/wp-content\/uploads\/2021\/02\/aJNzNSwwEU2rfAXkFh9wGA.png","datePublished":"2020-07-06T10:18:00+00:00","dateModified":"2021-03-07T15:05:46+00:00","breadcrumb":{"@id":"https:\/\/www.cercledecultura.org\/ca\/alfons_martinell_cultura_covid19_estudi_drets_culturals_politiques_publiques\/#breadcrumb"},"inLanguage":"ca","potentialAction":[{"@type":"ReadAction","target":["https:\/\/www.cercledecultura.org\/ca\/alfons_martinell_cultura_covid19_estudi_drets_culturals_politiques_publiques\/"]}]},{"@type":"ImageObject","inLanguage":"ca","@id":"https:\/\/www.cercledecultura.org\/ca\/alfons_martinell_cultura_covid19_estudi_drets_culturals_politiques_publiques\/#primaryimage","url":"https:\/\/www.cercledecultura.org\/wp-content\/uploads\/2021\/02\/aJNzNSwwEU2rfAXkFh9wGA.png","contentUrl":"https:\/\/www.cercledecultura.org\/wp-content\/uploads\/2021\/02\/aJNzNSwwEU2rfAXkFh9wGA.png","width":993,"height":562},{"@type":"BreadcrumbList","@id":"https:\/\/www.cercledecultura.org\/ca\/alfons_martinell_cultura_covid19_estudi_drets_culturals_politiques_publiques\/#breadcrumb","itemListElement":[{"@type":"ListItem","position":1,"name":"Portada","item":"https:\/\/www.cercledecultura.org\/ca\/"},{"@type":"ListItem","position":2,"name":"Alfons Martinell: &#8216;La societat t\u00e9 un deute amb la cultura per la seva contribuci\u00f3 a la crisi de la Covid19 que ha de ser rescabalada&#8217;"}]},{"@type":"WebSite","@id":"https:\/\/www.cercledecultura.org\/ca\/#website","url":"https:\/\/www.cercledecultura.org\/ca\/","name":"Cercle de Cultura","description":"Entitat de car\u00e0cter privat i associatiu, independent, amb voluntat de participar en la vida p\u00fablica des de la pluralitat ideol\u00f2gica dels seus membres fundadors i futurs associats","publisher":{"@id":"https:\/\/www.cercledecultura.org\/ca\/#organization"},"potentialAction":[{"@type":"SearchAction","target":{"@type":"EntryPoint","urlTemplate":"https:\/\/www.cercledecultura.org\/ca\/?s={search_term_string}"},"query-input":{"@type":"PropertyValueSpecification","valueRequired":true,"valueName":"search_term_string"}}],"inLanguage":"ca"},{"@type":"Organization","@id":"https:\/\/www.cercledecultura.org\/ca\/#organization","name":"Cercle de Cultura","url":"https:\/\/www.cercledecultura.org\/ca\/","logo":{"@type":"ImageObject","inLanguage":"ca","@id":"https:\/\/www.cercledecultura.org\/ca\/#\/schema\/logo\/image\/","url":"https:\/\/www.cercledecultura.org\/wp-content\/uploads\/2020\/01\/logo-cercle-de-cultura.png","contentUrl":"https:\/\/www.cercledecultura.org\/wp-content\/uploads\/2020\/01\/logo-cercle-de-cultura.png","width":350,"height":195,"caption":"Cercle de Cultura"},"image":{"@id":"https:\/\/www.cercledecultura.org\/ca\/#\/schema\/logo\/image\/"}},{"@type":"Person","@id":"https:\/\/www.cercledecultura.org\/ca\/#\/schema\/person\/269db25cfadcb4bd2e41781c819942f9","name":"admin","image":{"@type":"ImageObject","inLanguage":"ca","@id":"https:\/\/secure.gravatar.com\/avatar\/e88a8bb50a361c6d45c4709770a3d765016be4b5d85313447b91d0d707434ad9?s=96&d=mm&r=g","url":"https:\/\/secure.gravatar.com\/avatar\/e88a8bb50a361c6d45c4709770a3d765016be4b5d85313447b91d0d707434ad9?s=96&d=mm&r=g","contentUrl":"https:\/\/secure.gravatar.com\/avatar\/e88a8bb50a361c6d45c4709770a3d765016be4b5d85313447b91d0d707434ad9?s=96&d=mm&r=g","caption":"admin"},"url":"https:\/\/www.cercledecultura.org\/ca\/author\/seic_trzh7tdr\/"}]}},"_links":{"self":[{"href":"https:\/\/www.cercledecultura.org\/ca\/wp-json\/wp\/v2\/posts\/972","targetHints":{"allow":["GET"]}}],"collection":[{"href":"https:\/\/www.cercledecultura.org\/ca\/wp-json\/wp\/v2\/posts"}],"about":[{"href":"https:\/\/www.cercledecultura.org\/ca\/wp-json\/wp\/v2\/types\/post"}],"author":[{"embeddable":true,"href":"https:\/\/www.cercledecultura.org\/ca\/wp-json\/wp\/v2\/users\/1"}],"replies":[{"embeddable":true,"href":"https:\/\/www.cercledecultura.org\/ca\/wp-json\/wp\/v2\/comments?post=972"}],"version-history":[{"count":2,"href":"https:\/\/www.cercledecultura.org\/ca\/wp-json\/wp\/v2\/posts\/972\/revisions"}],"predecessor-version":[{"id":1385,"href":"https:\/\/www.cercledecultura.org\/ca\/wp-json\/wp\/v2\/posts\/972\/revisions\/1385"}],"wp:featuredmedia":[{"embeddable":true,"href":"https:\/\/www.cercledecultura.org\/ca\/wp-json\/wp\/v2\/media\/973"}],"wp:attachment":[{"href":"https:\/\/www.cercledecultura.org\/ca\/wp-json\/wp\/v2\/media?parent=972"}],"wp:term":[{"taxonomy":"category","embeddable":true,"href":"https:\/\/www.cercledecultura.org\/ca\/wp-json\/wp\/v2\/categories?post=972"},{"taxonomy":"post_tag","embeddable":true,"href":"https:\/\/www.cercledecultura.org\/ca\/wp-json\/wp\/v2\/tags?post=972"}],"curies":[{"name":"wp","href":"https:\/\/api.w.org\/{rel}","templated":true}]}}