{"id":970,"date":"2020-07-02T01:56:00","date_gmt":"2020-07-02T01:56:00","guid":{"rendered":"https:\/\/pre.cercledecultura.org\/pere_vicens_cultura_empresa_etica\/"},"modified":"2021-02-23T10:04:08","modified_gmt":"2021-02-23T10:04:08","slug":"pere_vicens_cultura_empresa_etica","status":"publish","type":"post","link":"https:\/\/www.cercledecultura.org\/ca\/pere_vicens_cultura_empresa_etica\/","title":{"rendered":"Pere Vicens a la taula rodona &#8220;cultura, empresa i \u00e8tica&#8221;"},"content":{"rendered":"<p>Pere Vicens, president d&#8217;honor del Cercle de Cultura, va participar en la taula rodona &#8220;Cultura, empresa i \u00e8tica&#8221; organitzada per la Fundaci\u00f3 Catalunya Cultura el 25 de juny. A m\u00e9s de Vicens, hi van participar Sergi Ferrer Salat, Francesc Torralba i S\u00edlvia Mart\u00ed, que van estar moderats per Enric Crous    Pere Vicens, amb una llarga traject\u00f2ria empresarial al m\u00f3n editorial, va iniciar la seva intervenci\u00f3 (podreu visionar el debat des del reproductor que acompanya aquest text) posant de relleu la difer\u00e8ncia entre civilitzaci\u00f3, cultura i tradici\u00f3.  Vicens va reclamar m\u00e9s ajuts directes als empresaris que vulguin col\u00b7laborar amb el m\u00f3n cultural: &#8220;la funci\u00f3 primera de l&#8217;empresa \u00e9s crear riquesa i llocs de treball. Per aix\u00f2 considera que falten ajudes directes als empresaris que volen invertir en cultura, m\u00e9s enll\u00e0 de la llei de mecenatge&#8221;  Aix\u00ed mateix, el president d&#8217;honor del Cercle de Cultura va afirmar que els interessos dels governants molts cops s\u00f3n diferents dels de la societat, m\u00e9s universals. I en aquest sentit va llen\u00e7ar un repte: &#8220;Cal poder-los conv\u00e8ncer que \u00e9s bo esmer\u00e7ar en cultura, i que cal arriscar-hi&#8221;.  \u00a0<\/p>\n","protected":false},"excerpt":{"rendered":"<p>Pere Vicens, president d&#8217;honor del Cercle de Cultura, va participar a la taula rodona &#8220;Cultura, empresa i \u00e8tica&#8221; organitzada per la Fundaci\u00f3 Catalunya Cultura el 25 de juny. Vicens va reclamar m\u00e9s ajuts directes als empresaris que vulguin invertir en la cultura.<\/p>\n","protected":false},"author":1,"featured_media":971,"comment_status":"open","ping_status":"closed","sticky":false,"template":"","format":"standard","meta":{"footnotes":""},"categories":[26],"tags":[17,247,502,157,81],"class_list":["post-970","post","type-post","status-publish","format-standard","has-post-thumbnail","hentry","category-noticies","tag-economia","tag-empresa","tag-etica","tag-fundacio-catalunya-cultura","tag-pere-vicens"],"yoast_head":"<!-- This site is optimized with the Yoast SEO plugin v27.5 - https:\/\/yoast.com\/product\/yoast-seo-wordpress\/ -->\n<title>Pere Vicens a la taula rodona &quot;cultura, empresa i \u00e8tica&quot; - Cercle de Cultura<\/title>\n<meta name=\"robots\" content=\"index, follow, max-snippet:-1, max-image-preview:large, max-video-preview:-1\" \/>\n<link rel=\"canonical\" href=\"https:\/\/www.cercledecultura.org\/ca\/pere_vicens_cultura_empresa_etica\/\" \/>\n<meta property=\"og:locale\" content=\"ca_ES\" \/>\n<meta property=\"og:type\" content=\"article\" \/>\n<meta property=\"og:title\" content=\"Pere Vicens a la taula rodona &quot;cultura, empresa i \u00e8tica&quot; - Cercle de Cultura\" \/>\n<meta property=\"og:description\" content=\"Pere Vicens, president d&#039;honor del Cercle de Cultura, va participar a la taula rodona &quot;Cultura, empresa i \u00e8tica&quot; organitzada per la Fundaci\u00f3 Catalunya Cultura el 25 de juny. Vicens va reclamar m\u00e9s ajuts directes als empresaris que vulguin invertir en la cultura.\" \/>\n<meta property=\"og:url\" content=\"https:\/\/www.cercledecultura.org\/ca\/pere_vicens_cultura_empresa_etica\/\" \/>\n<meta property=\"og:site_name\" content=\"Cercle de Cultura\" \/>\n<meta property=\"article:published_time\" content=\"2020-07-02T01:56:00+00:00\" \/>\n<meta property=\"article:modified_time\" content=\"2021-02-23T10:04:08+00:00\" \/>\n<meta property=\"og:image\" content=\"https:\/\/www.cercledecultura.org\/wp-content\/uploads\/2021\/02\/EUNuYiBPBkuSPB0XG6NzoQ.png\" \/>\n\t<meta property=\"og:image:width\" content=\"695\" \/>\n\t<meta property=\"og:image:height\" content=\"399\" \/>\n\t<meta property=\"og:image:type\" content=\"image\/png\" \/>\n<meta name=\"author\" content=\"admin\" \/>\n<meta name=\"twitter:card\" content=\"summary_large_image\" \/>\n<meta name=\"twitter:label1\" content=\"Escrit per\" \/>\n\t<meta name=\"twitter:data1\" content=\"admin\" \/>\n\t<meta name=\"twitter:label2\" content=\"Temps estimat de lectura\" \/>\n\t<meta name=\"twitter:data2\" content=\"1 minut\" \/>\n<script type=\"application\/ld+json\" class=\"yoast-schema-graph\">{\"@context\":\"https:\\\/\\\/schema.org\",\"@graph\":[{\"@type\":\"Article\",\"@id\":\"https:\\\/\\\/www.cercledecultura.org\\\/ca\\\/pere_vicens_cultura_empresa_etica\\\/#article\",\"isPartOf\":{\"@id\":\"https:\\\/\\\/www.cercledecultura.org\\\/ca\\\/pere_vicens_cultura_empresa_etica\\\/\"},\"author\":{\"name\":\"admin\",\"@id\":\"https:\\\/\\\/www.cercledecultura.org\\\/ca\\\/#\\\/schema\\\/person\\\/269db25cfadcb4bd2e41781c819942f9\"},\"headline\":\"Pere Vicens a la taula rodona &#8220;cultura, empresa i \u00e8tica&#8221;\",\"datePublished\":\"2020-07-02T01:56:00+00:00\",\"dateModified\":\"2021-02-23T10:04:08+00:00\",\"mainEntityOfPage\":{\"@id\":\"https:\\\/\\\/www.cercledecultura.org\\\/ca\\\/pere_vicens_cultura_empresa_etica\\\/\"},\"wordCount\":207,\"commentCount\":0,\"publisher\":{\"@id\":\"https:\\\/\\\/www.cercledecultura.org\\\/ca\\\/#organization\"},\"image\":{\"@id\":\"https:\\\/\\\/www.cercledecultura.org\\\/ca\\\/pere_vicens_cultura_empresa_etica\\\/#primaryimage\"},\"thumbnailUrl\":\"https:\\\/\\\/www.cercledecultura.org\\\/wp-content\\\/uploads\\\/2021\\\/02\\\/EUNuYiBPBkuSPB0XG6NzoQ.png\",\"keywords\":[\"Economia\",\"empresa\",\"\u00e8tica\",\"Fundaci\u00f3 Catalunya Cultura\",\"Pere Vicens\"],\"articleSection\":[\"Not\u00edcies\"],\"inLanguage\":\"ca\",\"potentialAction\":[{\"@type\":\"CommentAction\",\"name\":\"Comment\",\"target\":[\"https:\\\/\\\/www.cercledecultura.org\\\/ca\\\/pere_vicens_cultura_empresa_etica\\\/#respond\"]}]},{\"@type\":\"WebPage\",\"@id\":\"https:\\\/\\\/www.cercledecultura.org\\\/ca\\\/pere_vicens_cultura_empresa_etica\\\/\",\"url\":\"https:\\\/\\\/www.cercledecultura.org\\\/ca\\\/pere_vicens_cultura_empresa_etica\\\/\",\"name\":\"Pere Vicens a la taula rodona \\\"cultura, empresa i \u00e8tica\\\" - Cercle de Cultura\",\"isPartOf\":{\"@id\":\"https:\\\/\\\/www.cercledecultura.org\\\/ca\\\/#website\"},\"primaryImageOfPage\":{\"@id\":\"https:\\\/\\\/www.cercledecultura.org\\\/ca\\\/pere_vicens_cultura_empresa_etica\\\/#primaryimage\"},\"image\":{\"@id\":\"https:\\\/\\\/www.cercledecultura.org\\\/ca\\\/pere_vicens_cultura_empresa_etica\\\/#primaryimage\"},\"thumbnailUrl\":\"https:\\\/\\\/www.cercledecultura.org\\\/wp-content\\\/uploads\\\/2021\\\/02\\\/EUNuYiBPBkuSPB0XG6NzoQ.png\",\"datePublished\":\"2020-07-02T01:56:00+00:00\",\"dateModified\":\"2021-02-23T10:04:08+00:00\",\"breadcrumb\":{\"@id\":\"https:\\\/\\\/www.cercledecultura.org\\\/ca\\\/pere_vicens_cultura_empresa_etica\\\/#breadcrumb\"},\"inLanguage\":\"ca\",\"potentialAction\":[{\"@type\":\"ReadAction\",\"target\":[\"https:\\\/\\\/www.cercledecultura.org\\\/ca\\\/pere_vicens_cultura_empresa_etica\\\/\"]}]},{\"@type\":\"ImageObject\",\"inLanguage\":\"ca\",\"@id\":\"https:\\\/\\\/www.cercledecultura.org\\\/ca\\\/pere_vicens_cultura_empresa_etica\\\/#primaryimage\",\"url\":\"https:\\\/\\\/www.cercledecultura.org\\\/wp-content\\\/uploads\\\/2021\\\/02\\\/EUNuYiBPBkuSPB0XG6NzoQ.png\",\"contentUrl\":\"https:\\\/\\\/www.cercledecultura.org\\\/wp-content\\\/uploads\\\/2021\\\/02\\\/EUNuYiBPBkuSPB0XG6NzoQ.png\",\"width\":695,\"height\":399},{\"@type\":\"BreadcrumbList\",\"@id\":\"https:\\\/\\\/www.cercledecultura.org\\\/ca\\\/pere_vicens_cultura_empresa_etica\\\/#breadcrumb\",\"itemListElement\":[{\"@type\":\"ListItem\",\"position\":1,\"name\":\"Portada\",\"item\":\"https:\\\/\\\/www.cercledecultura.org\\\/ca\\\/\"},{\"@type\":\"ListItem\",\"position\":2,\"name\":\"Pere Vicens a la taula rodona &#8220;cultura, empresa i \u00e8tica&#8221;\"}]},{\"@type\":\"WebSite\",\"@id\":\"https:\\\/\\\/www.cercledecultura.org\\\/ca\\\/#website\",\"url\":\"https:\\\/\\\/www.cercledecultura.org\\\/ca\\\/\",\"name\":\"Cercle de Cultura\",\"description\":\"Entitat de car\u00e0cter privat i associatiu, independent, amb voluntat de participar en la vida p\u00fablica des de la pluralitat ideol\u00f2gica dels seus membres fundadors i futurs associats\",\"publisher\":{\"@id\":\"https:\\\/\\\/www.cercledecultura.org\\\/ca\\\/#organization\"},\"potentialAction\":[{\"@type\":\"SearchAction\",\"target\":{\"@type\":\"EntryPoint\",\"urlTemplate\":\"https:\\\/\\\/www.cercledecultura.org\\\/ca\\\/?s={search_term_string}\"},\"query-input\":{\"@type\":\"PropertyValueSpecification\",\"valueRequired\":true,\"valueName\":\"search_term_string\"}}],\"inLanguage\":\"ca\"},{\"@type\":\"Organization\",\"@id\":\"https:\\\/\\\/www.cercledecultura.org\\\/ca\\\/#organization\",\"name\":\"Cercle de Cultura\",\"url\":\"https:\\\/\\\/www.cercledecultura.org\\\/ca\\\/\",\"logo\":{\"@type\":\"ImageObject\",\"inLanguage\":\"ca\",\"@id\":\"https:\\\/\\\/www.cercledecultura.org\\\/ca\\\/#\\\/schema\\\/logo\\\/image\\\/\",\"url\":\"https:\\\/\\\/www.cercledecultura.org\\\/wp-content\\\/uploads\\\/2020\\\/01\\\/logo-cercle-de-cultura.png\",\"contentUrl\":\"https:\\\/\\\/www.cercledecultura.org\\\/wp-content\\\/uploads\\\/2020\\\/01\\\/logo-cercle-de-cultura.png\",\"width\":350,\"height\":195,\"caption\":\"Cercle de Cultura\"},\"image\":{\"@id\":\"https:\\\/\\\/www.cercledecultura.org\\\/ca\\\/#\\\/schema\\\/logo\\\/image\\\/\"}},{\"@type\":\"Person\",\"@id\":\"https:\\\/\\\/www.cercledecultura.org\\\/ca\\\/#\\\/schema\\\/person\\\/269db25cfadcb4bd2e41781c819942f9\",\"name\":\"admin\",\"image\":{\"@type\":\"ImageObject\",\"inLanguage\":\"ca\",\"@id\":\"https:\\\/\\\/secure.gravatar.com\\\/avatar\\\/e88a8bb50a361c6d45c4709770a3d765016be4b5d85313447b91d0d707434ad9?s=96&d=mm&r=g\",\"url\":\"https:\\\/\\\/secure.gravatar.com\\\/avatar\\\/e88a8bb50a361c6d45c4709770a3d765016be4b5d85313447b91d0d707434ad9?s=96&d=mm&r=g\",\"contentUrl\":\"https:\\\/\\\/secure.gravatar.com\\\/avatar\\\/e88a8bb50a361c6d45c4709770a3d765016be4b5d85313447b91d0d707434ad9?s=96&d=mm&r=g\",\"caption\":\"admin\"},\"url\":\"https:\\\/\\\/www.cercledecultura.org\\\/ca\\\/author\\\/seic_trzh7tdr\\\/\"}]}<\/script>\n<!-- \/ Yoast SEO plugin. -->","yoast_head_json":{"title":"Pere Vicens a la taula rodona \"cultura, empresa i \u00e8tica\" - Cercle de Cultura","robots":{"index":"index","follow":"follow","max-snippet":"max-snippet:-1","max-image-preview":"max-image-preview:large","max-video-preview":"max-video-preview:-1"},"canonical":"https:\/\/www.cercledecultura.org\/ca\/pere_vicens_cultura_empresa_etica\/","og_locale":"ca_ES","og_type":"article","og_title":"Pere Vicens a la taula rodona \"cultura, empresa i \u00e8tica\" - Cercle de Cultura","og_description":"Pere Vicens, president d'honor del Cercle de Cultura, va participar a la taula rodona \"Cultura, empresa i \u00e8tica\" organitzada per la Fundaci\u00f3 Catalunya Cultura el 25 de juny. Vicens va reclamar m\u00e9s ajuts directes als empresaris que vulguin invertir en la cultura.","og_url":"https:\/\/www.cercledecultura.org\/ca\/pere_vicens_cultura_empresa_etica\/","og_site_name":"Cercle de Cultura","article_published_time":"2020-07-02T01:56:00+00:00","article_modified_time":"2021-02-23T10:04:08+00:00","og_image":[{"width":695,"height":399,"url":"https:\/\/www.cercledecultura.org\/wp-content\/uploads\/2021\/02\/EUNuYiBPBkuSPB0XG6NzoQ.png","type":"image\/png"}],"author":"admin","twitter_card":"summary_large_image","twitter_misc":{"Escrit per":"admin","Temps estimat de lectura":"1 minut"},"schema":{"@context":"https:\/\/schema.org","@graph":[{"@type":"Article","@id":"https:\/\/www.cercledecultura.org\/ca\/pere_vicens_cultura_empresa_etica\/#article","isPartOf":{"@id":"https:\/\/www.cercledecultura.org\/ca\/pere_vicens_cultura_empresa_etica\/"},"author":{"name":"admin","@id":"https:\/\/www.cercledecultura.org\/ca\/#\/schema\/person\/269db25cfadcb4bd2e41781c819942f9"},"headline":"Pere Vicens a la taula rodona &#8220;cultura, empresa i \u00e8tica&#8221;","datePublished":"2020-07-02T01:56:00+00:00","dateModified":"2021-02-23T10:04:08+00:00","mainEntityOfPage":{"@id":"https:\/\/www.cercledecultura.org\/ca\/pere_vicens_cultura_empresa_etica\/"},"wordCount":207,"commentCount":0,"publisher":{"@id":"https:\/\/www.cercledecultura.org\/ca\/#organization"},"image":{"@id":"https:\/\/www.cercledecultura.org\/ca\/pere_vicens_cultura_empresa_etica\/#primaryimage"},"thumbnailUrl":"https:\/\/www.cercledecultura.org\/wp-content\/uploads\/2021\/02\/EUNuYiBPBkuSPB0XG6NzoQ.png","keywords":["Economia","empresa","\u00e8tica","Fundaci\u00f3 Catalunya Cultura","Pere Vicens"],"articleSection":["Not\u00edcies"],"inLanguage":"ca","potentialAction":[{"@type":"CommentAction","name":"Comment","target":["https:\/\/www.cercledecultura.org\/ca\/pere_vicens_cultura_empresa_etica\/#respond"]}]},{"@type":"WebPage","@id":"https:\/\/www.cercledecultura.org\/ca\/pere_vicens_cultura_empresa_etica\/","url":"https:\/\/www.cercledecultura.org\/ca\/pere_vicens_cultura_empresa_etica\/","name":"Pere Vicens a la taula rodona \"cultura, empresa i \u00e8tica\" - Cercle de Cultura","isPartOf":{"@id":"https:\/\/www.cercledecultura.org\/ca\/#website"},"primaryImageOfPage":{"@id":"https:\/\/www.cercledecultura.org\/ca\/pere_vicens_cultura_empresa_etica\/#primaryimage"},"image":{"@id":"https:\/\/www.cercledecultura.org\/ca\/pere_vicens_cultura_empresa_etica\/#primaryimage"},"thumbnailUrl":"https:\/\/www.cercledecultura.org\/wp-content\/uploads\/2021\/02\/EUNuYiBPBkuSPB0XG6NzoQ.png","datePublished":"2020-07-02T01:56:00+00:00","dateModified":"2021-02-23T10:04:08+00:00","breadcrumb":{"@id":"https:\/\/www.cercledecultura.org\/ca\/pere_vicens_cultura_empresa_etica\/#breadcrumb"},"inLanguage":"ca","potentialAction":[{"@type":"ReadAction","target":["https:\/\/www.cercledecultura.org\/ca\/pere_vicens_cultura_empresa_etica\/"]}]},{"@type":"ImageObject","inLanguage":"ca","@id":"https:\/\/www.cercledecultura.org\/ca\/pere_vicens_cultura_empresa_etica\/#primaryimage","url":"https:\/\/www.cercledecultura.org\/wp-content\/uploads\/2021\/02\/EUNuYiBPBkuSPB0XG6NzoQ.png","contentUrl":"https:\/\/www.cercledecultura.org\/wp-content\/uploads\/2021\/02\/EUNuYiBPBkuSPB0XG6NzoQ.png","width":695,"height":399},{"@type":"BreadcrumbList","@id":"https:\/\/www.cercledecultura.org\/ca\/pere_vicens_cultura_empresa_etica\/#breadcrumb","itemListElement":[{"@type":"ListItem","position":1,"name":"Portada","item":"https:\/\/www.cercledecultura.org\/ca\/"},{"@type":"ListItem","position":2,"name":"Pere Vicens a la taula rodona &#8220;cultura, empresa i \u00e8tica&#8221;"}]},{"@type":"WebSite","@id":"https:\/\/www.cercledecultura.org\/ca\/#website","url":"https:\/\/www.cercledecultura.org\/ca\/","name":"Cercle de Cultura","description":"Entitat de car\u00e0cter privat i associatiu, independent, amb voluntat de participar en la vida p\u00fablica des de la pluralitat ideol\u00f2gica dels seus membres fundadors i futurs associats","publisher":{"@id":"https:\/\/www.cercledecultura.org\/ca\/#organization"},"potentialAction":[{"@type":"SearchAction","target":{"@type":"EntryPoint","urlTemplate":"https:\/\/www.cercledecultura.org\/ca\/?s={search_term_string}"},"query-input":{"@type":"PropertyValueSpecification","valueRequired":true,"valueName":"search_term_string"}}],"inLanguage":"ca"},{"@type":"Organization","@id":"https:\/\/www.cercledecultura.org\/ca\/#organization","name":"Cercle de Cultura","url":"https:\/\/www.cercledecultura.org\/ca\/","logo":{"@type":"ImageObject","inLanguage":"ca","@id":"https:\/\/www.cercledecultura.org\/ca\/#\/schema\/logo\/image\/","url":"https:\/\/www.cercledecultura.org\/wp-content\/uploads\/2020\/01\/logo-cercle-de-cultura.png","contentUrl":"https:\/\/www.cercledecultura.org\/wp-content\/uploads\/2020\/01\/logo-cercle-de-cultura.png","width":350,"height":195,"caption":"Cercle de Cultura"},"image":{"@id":"https:\/\/www.cercledecultura.org\/ca\/#\/schema\/logo\/image\/"}},{"@type":"Person","@id":"https:\/\/www.cercledecultura.org\/ca\/#\/schema\/person\/269db25cfadcb4bd2e41781c819942f9","name":"admin","image":{"@type":"ImageObject","inLanguage":"ca","@id":"https:\/\/secure.gravatar.com\/avatar\/e88a8bb50a361c6d45c4709770a3d765016be4b5d85313447b91d0d707434ad9?s=96&d=mm&r=g","url":"https:\/\/secure.gravatar.com\/avatar\/e88a8bb50a361c6d45c4709770a3d765016be4b5d85313447b91d0d707434ad9?s=96&d=mm&r=g","contentUrl":"https:\/\/secure.gravatar.com\/avatar\/e88a8bb50a361c6d45c4709770a3d765016be4b5d85313447b91d0d707434ad9?s=96&d=mm&r=g","caption":"admin"},"url":"https:\/\/www.cercledecultura.org\/ca\/author\/seic_trzh7tdr\/"}]}},"_links":{"self":[{"href":"https:\/\/www.cercledecultura.org\/ca\/wp-json\/wp\/v2\/posts\/970","targetHints":{"allow":["GET"]}}],"collection":[{"href":"https:\/\/www.cercledecultura.org\/ca\/wp-json\/wp\/v2\/posts"}],"about":[{"href":"https:\/\/www.cercledecultura.org\/ca\/wp-json\/wp\/v2\/types\/post"}],"author":[{"embeddable":true,"href":"https:\/\/www.cercledecultura.org\/ca\/wp-json\/wp\/v2\/users\/1"}],"replies":[{"embeddable":true,"href":"https:\/\/www.cercledecultura.org\/ca\/wp-json\/wp\/v2\/comments?post=970"}],"version-history":[{"count":1,"href":"https:\/\/www.cercledecultura.org\/ca\/wp-json\/wp\/v2\/posts\/970\/revisions"}],"predecessor-version":[{"id":1245,"href":"https:\/\/www.cercledecultura.org\/ca\/wp-json\/wp\/v2\/posts\/970\/revisions\/1245"}],"wp:featuredmedia":[{"embeddable":true,"href":"https:\/\/www.cercledecultura.org\/ca\/wp-json\/wp\/v2\/media\/971"}],"wp:attachment":[{"href":"https:\/\/www.cercledecultura.org\/ca\/wp-json\/wp\/v2\/media?parent=970"}],"wp:term":[{"taxonomy":"category","embeddable":true,"href":"https:\/\/www.cercledecultura.org\/ca\/wp-json\/wp\/v2\/categories?post=970"},{"taxonomy":"post_tag","embeddable":true,"href":"https:\/\/www.cercledecultura.org\/ca\/wp-json\/wp\/v2\/tags?post=970"}],"curies":[{"name":"wp","href":"https:\/\/api.w.org\/{rel}","templated":true}]}}