{"id":966,"date":"2020-07-08T11:56:00","date_gmt":"2020-07-08T11:56:00","guid":{"rendered":"https:\/\/pre.cercledecultura.org\/manifesto_manifeste_more_culture_plus_culture\/"},"modified":"2021-04-15T17:13:32","modified_gmt":"2021-04-15T17:13:32","slug":"manifesto_manifeste_more_culture_plus_culture","status":"publish","type":"post","link":"https:\/\/www.cercledecultura.org\/ca\/manifesto_manifeste_more_culture_plus_culture\/","title":{"rendered":"Manifesto More Culture!, More Europe! In favour of culture and for the relaunch of the European project \/ Manifeste Plus de Culture! Plus d\u2019Europe! Plus de culture pour la relance du projet de l&#8217;Union europ\u00e9enne."},"content":{"rendered":"<div class=\"vce-row-container\" data-vce-boxed-width=\"true\"><div class=\"vce-row vce-row--col-gap-30 vce-row-equal-height vce-row-content--top\" id=\"el-383ba8ae\" data-vce-do-apply=\"all el-383ba8ae\"><div class=\"vce-row-content\" data-vce-element-content=\"true\"><div class=\"vce-col vce-col--md-auto vce-col--xs-1 vce-col--xs-last vce-col--xs-first vce-col--sm-last vce-col--sm-first vce-col--md-last vce-col--lg-last vce-col--xl-last vce-col--md-first vce-col--lg-first vce-col--xl-first\" id=\"el-69c8dc8c\"><div class=\"vce-col-inner\" data-vce-do-apply=\"border margin background  el-69c8dc8c\"><div class=\"vce-col-content\" data-vce-element-content=\"true\" data-vce-do-apply=\"padding el-69c8dc8c\"><div class=\"vce-text-block\"><div class=\"vce-text-block-wrapper vce\" id=\"el-6fcfcb23\" data-vce-do-apply=\"all el-6fcfcb23\"><p><strong>INTRODUCTION<\/strong><\/p>\n<p>The pandemic crisis we are suffering and its social and economic consequences have stressed the major role that culture plays in overcoming this crisis. Culture has proven to be the most valuable space for rediscovering values such as creativity, awareness, endeavour, solidarity, dialogue and the ability to transcend. But it has also confronted us with many of the shortcomings in the arts and culture sectors. A fact that we must correct in order to take advantage of their strength and potential for relaunching the European Union project and quality of life for citizens.<\/p>\n<p>Europe\u2019s rich cultural diversity is a key element for overcoming this profound crisis, which has affected all countries and involves the responsibilities of local, regional, federal and state administrations within the European Union.<\/p>\n<p>Culture is not an expense but an investment. It is a crucial area for defending a way of life that places the priority on people. Culture in its various expressions is an essential factor for the style and quality of life of Europeans.<\/p>\n<p>Each Member State is facing different challenges and circumstances. But culture provides all European citizens with a common thread for constructing dignity, progress, quality of life and also economic development and competitiveness.<\/p>\n<p>This initiative is open to all and its main goal is to create a mindset and initiate a process of dialogue and action led by and from each country, sharing the need to improve the role of art and culture in strengthening the European Union project as a common project for peace, security, democracy, progress and the defence of human rights.<\/p>\n<p>Art and culture institutions, entities, organisations, enterprises and operators must provide a process of dialogue and collaboration to administrations that can help to give culture a greater institutional, economic and social role.<br>Promoted by the Cercle de Cultura in Barcelona, this initiative was launched on 23 April and is now headed by the State Federation of Associations of Cultural Managers, FEAGC (Madrid), A Soul for Europe project (Berlin), the European Festivals Association (Brussels) and Alternativas Foundation (Madrid), and it also enjoys the support of several personalities linked to the arts and culture sectors as well as European institutions.&nbsp;<\/p>\n<p>It is an open initiative that wants to share leadership with all institutions, organisations and professionals wishing to join. It aims to unite forces among all the arts and culture sectors in each of the countries of the European Union and also others that share a direct link, such as the creative economy, innovation or tourism. Together, we will be stronger. More culture! More Europe!<\/p>\n<p><strong>MANIFESTO<\/strong><\/p>\n<p>A manifesto in support of culture as a strategic factor in overcoming the COVID-19 crisis that is open to all institutions, NGOs, companies, artists, creators, intellectuals, technicians and cultural managers of all European Union Member States.<br>The Universal Declaration of Human Rights states that everyone has the right to culture. A rich diversity of cultural expressions in Europe is a major factor for dignity and quality of life when it comes to constructing the European Union project, as well as a key element for generating economic development, competitiveness and boosting innovation.<\/p>\n<p>Cultural sectors are undergoing a crisis that has no historical precedents. Cultural activity in Europe was not as affected as it has been because of the COVID-19 pandemic even during the wars of the 20th century. Museums, libraries, publishers, art galleries, theatres, cinemas, concert and dance halls, festivals, fairs, circuses, traditional events and all manner of cultural expressions and projects have been severely affected and threaten both the continuity of artists, creators, professionals, companies, entities and institutions, and will also seriously affect the immediate future of the way we relate with and access culture.<\/p>\n<p>The European Union is a project of peace, security, cooperation and progress that has led to one of the stages of greatest prosperity and quality of life for all citizens of all its Member States. Europe\u2019s rich cultural diversity is extremely important for developing the lifestyle and common space of the European project.<\/p>\n<p>Although Member States have jurisdiction over their cultural policies, we urge the main institutions of the European Union (European Parliament, Council and Commission) to include culture in the agenda of relaunching the European project, which needs to be initiated to overcome the effects of the COVID-19 crisis. We need to overcome previous shortcomings and give new impetus to the European Union project, in which culture continues to be a major factor.<\/p>\n<p>The diversity and difference in supportive responses to the crisis situation in the cultural sectors that are being promoted by the Member States give us an idea of the need to improve the exchange of good practices in determining political priorities on the financing and development of culture at a European level.<\/p>\n<p>This is why we are proposing that European institutions encourage Member States to work on a process of development and improvement of support and funding mechanisms by more profoundly incorporating the strategic nature of culture into the European construction project.<\/p>\n<p>Manifesto points:<\/p>\n<p>\u2022 Culture is a right enshrined in the Universal Declaration of Human Rights and an essential good that needs to be more profoundly incorporated into the European construction project.<br>\u2022 This means that culture must be protected and promoted with enough suitable resources that respond to this importance by Member States and also with the support and participation of European institutions.<br>\u2022 Culture should be more strongly integrated into the strategic plans for territorial, social and economic development at both national and European levels.<br>\u2022 We immediately need to incorporate \u201cshock\u201d measures aimed at injecting resources into the cultural sector. Beyond that of borrowing to overcome the crisis, we need to act urgently to preserve our cultural fabric by paying special attention to maintaining a balance between the public and private sectors.<br>\u2022 It is essential to launch measures to protect artists, creators, technicians and managers, as well as cultural companies, entities and institutions, as these are a source of wealth and work for many people.<br>\u2022 Greater strategic coordination of culture with economic, educational, welfare, development and cooperation policies.<br>\u2022 A major communication campaign is needed as soon as possible to raise awareness among European citizens about the fundamental value of culture in building a collective project of coexistence and the need for them to be involved in generating the viability of cultural sectors.<br>\u2022 We need to start working on coordination initiatives that can help Member States to have sponsorship and social participation laws that follow a European approval process and become a real stimulus for the participation of individuals and legal entities in financing and sponsoring culture.<br>\u2022 Work needs to be done to update the regulatory framework of the Member States that affects the cultural sectors by taking advantage of the true potential of culture in the strategic development of economic, social and territoral models.<br>\u2022 Culture sectors want to be considered as necessary as we have been in order to overcome this lockdown. But these efforts now need to be collective and European in scope. Only in this way will we be able to take advantage of the enormously rich cultural diversity of the European Union in relaunching its project for the future.<\/p>\n<p><strong><em>The manifesto is supported by:<\/em><\/strong><br>Hans-Gert P\u00f6ttering \/ Chairman of the Former Members Association and Former President of European Parliament \/ Germany<br>Enrique Bar\u00f3n \/ Former President of European Parliament. Chairman of&nbsp; Fundaci\u00f3n Yehudi Menuhin Espa\u00f1a \/ Madrid<br>Manuel Cruz \/ Philosopher and writer \/ Former President of the Spanish Senate \/ Barcelona<br>Joan Rigol \/ Former Catalan Ministry of Culture and Former President of Catalan Parliament \/ Barcelona<br>Doris Pack \/ Chair of the Franco-Germain Foundation for Cultural Cooperation and Former President of the Committee on Culture and Education of the European Parliament \/ Germany<br>Catherine Trautmann \/ Co-President of Franco-German Cultural High Council and Former French Ministry of Culture \/ France<\/p>\n<p>Hannes Swoboda \/ President of The International Institute for Peace and Former President of the Group of Socialists and Democrats of the European Parliament \/ Austria<br>Nikolaos Sifounakis \/ Former President of the Committee on Culture and Education of the European Parliament \/ Greece<br>Petra Kammerevert \/ Member of the European Parliament. Former President of the Committee on Culture and Education of the European Parliament \/ Germany<br>Maria Badia \/ Former Vice president of Socialists and Democrats Group in the European Parliament \/ Catalonia \/ Spain<br>Segimon Borr\u00e0s \/ Publisher. President of Cercle de Cultura \/ Barcelona<br>Kathrin Deventer \/ Secretary General of the European Festivals Association \/ Brussels<br>Diego L\u00f3pez Garrido \/ Executive Vice President of Fundaci\u00f3n Alternativas. Former Secretary of State for the European Union \/ Madrid<br>Santiago Fisas \/ Former Member of the Committee on Culture and Education of the European Parliament \/ Barcelona<br>Zita Gurmai \/ President of the Party of European Socialists Women and Former Member of the European Parliament \/ Hungary<br>Volker Hassemer \/ President of the Zukunft Foundation \/ Berlin<br>Nele Hertling \/ Spokesperson for A Soul For Europe \/ Berlin<br>Daniel Innerarity \/ Philosopher. Director of Instituto de Gobernanza Democr\u00e1tica \/ Basque Country \/ Spain<br>Ulrich Fuchs \/ Director of the European Capital of Culture Linz 2009 and Marseille-Provence 2013 projects \/ Marseille<br>Jaume Lanaspa \/ President of the Barcelona Office of Club de Roma \/ Catalonia \/ Spain<br>Pia Locatelli \/ President of Fondazione A.J. Zaninoni for cultural promotion and training and Former Member of the European Parliament \/ Italy<br>Gabriel Magalh\u00e2es \/ Thinker, writer and poet \/ Portugal<br>Jos\u00e9 Manuel P\u00e9rez Gonz\u00e1lez (Peridis) \/ Architect and draftsman \/ Madrid<br>Francesc Torralba \/ Philosopher \/ Professor of Ethics at Ramon Llull University \/ Barcelona&nbsp;<br>Joan Manuel Tresserras \/ Former Minister of Culture of the Government of Government of Catalonia \/ Barcelona<br>Jordi Amat \/ Philologist and editor of El M\u00f3n de Dem\u00e0 \/ Barcelona<br>Teresa Riera \/ Former President of the Committee on Industry, Research and Energy of the European Parliament \/ Balearic Islands \/ Spain<br>Diana Riba \/ Member of the Committee on Culture and Education of the European Parliament \/ Barcelona<\/p>\n<p>Andreas Schieder \/ Member of the European Parliament&nbsp; \/ Austria<br>Salima Yenbou \/ Greens Spokeswoman of the Committee on Culture and Education of the European Parliament \/ France<br>Pere Vicen\u00e7 i Rahola \/ Honorary President of Cercle de Cultura and Former President of the International Publishers Association and the Federation of European Publishers \/ Barcelona<\/p>\n<p>Initial support:<br>Jordi Alberich \/ Businessman \/ Member of the Board of Cercle de Cultura \/ Catalonia \/ Spain<br>Ferran Aud\u00ed \/ Actor and director of cinema and theatre \/ Member of the Board of Cercle de Cultura \/ Catalonia \/ Spain<br>Laura Bertran \/ Director of Primer punt: Communication and institutional strategy \/ Member of the Board of Cercle de Cultura \/ Catalonia \/ Spain<br>Airan Berg \/ Artistic Director of the Festival der Regionen \/ Austria<br>Llu\u00eds Bonet \/ Director of the Cultural Management Program of the University of Barcelona \/ Member of Cercle de Cultura \/ Catalonia \/ Spain<br>Montserrat Bou \/ PROA General Manager, Productors Audiovisuals Federats \/ Member of the Board of Cercle de Cultura \/ Catalonia \/ Spain<br>Gemma Carb\u00f3 \/ Cultural Manager \/ President of INTERARTS Foundation \/ Catalonia \/ Spain<br>Mart\u00edn Carrasco Pedrero \/ Cultural Manager and Exhibition Curator \/ Extremadura \/ Spain<br>Jes\u00fas Cimarro \/ President of Academia de las Artes Esc\u00e9nicas de Espa\u00f1a \/ Spain<br>Santiago Manuel Cuadrado Rodr\u00edguez \/ Cultural Manager. Badajoz Provincial Government \/ Extremadura \/ Spain<br>Carles Duarte \/ Director of the Fundaci\u00f3 Instituci\u00f3 Cultural del CIC. Former President of the National Council of Culture and Arts \/ Member of Cercle de Cultura \/ Catalonia \/ Spain<br>Paul Dujardin \/ CEO &amp; Artistic Director of the Centre for Fine Arts, BOZAR, European House for Culture \/ Brussels \/ Belgium<br>Daniel Fern\u00e1ndez \/ EDHASA Editor. President of CEDRO (Spanish Center for Reprographic Rights) \/ Catalonia \/ Spain<br>Jorge Avelino Fern\u00e1ndez de Le\u00f3n \/ Cultural Manager. Member of the board of the Spanish Academy in Rome \/ Asturias \/ Spain<br>Jordi Font i Cardona \/ Cultural Manager and Secretary of the National Council of Culture and Arts \/ Catalonia \/ Spain<br>Merc\u00e8 Franquesa \/ Secretary General of Cercle d\u2019Economia \/ Member of the Board of Cercle de Cultura \/ Catalonia \/ Spain<br>Agust\u00edn Fructuoso \/ Plastic artist \/ Member of the board of Cercle de Cultura \/ Catalonia \/ Spain<br>\u00c1ngel Garc\u00eda Carre\u00f1o \/ Cultural Manager \/ Navarra \/ Spain<br>Jordi Gonz\u00e1lez \/ Vice President of Art and Contents of Grup FOCUS \/ Member of the Board of Cercle de Cultura \/ Catalonia \/ Spain<br>Beatriz Hern\u00e1ndez G\u00f3mez \/ Cultural Manager \/ Extremadura \/ Spain<br>Bel\u00e9n Latorre \/ Director of Fundaci\u00f3 Antigues Caixes Catalanes \/ Member of the Board of Cercle de Cultura \/ Catalonia \/ Spain<br>Esteve Le\u00f3n \/ Cultural Manager \/ Senior advisor to Consorci de les Drassanes de Barcelona General Management. Teatre Lliure Trustee \/ Member of the Board of Cercle de Cultura \/ Catalonia \/ Spain<br>Felice v. Maltzahn \/ Zukunft Foundation \/ Berlin \/ Germany<br>Miguel \u00c1ngel Mart\u00edn Ramos \/ Delegate in Brussels and Head of European Affairs of the Fundaci\u00f3n Academia Europea y Iberoamericana de Yuste \/ Member of the Strategic Group of A Soul for Europe \/ Extremadura \/ Spain<br>Alfons Martinell \/ Honorary Director of the Unesco Chair: \u00abCultural Policies and Cooperation\u00bb \/ Member of the Board of Cercle de Cultura \/ Catalonia \/ Spain<br>Daniel Mart\u00ednez de Obreg\u00f3n \/ President of Grup FOCUS \/ Member of Cercle de Cultura \/ Catalonia \/ Spain<br>Rub\u00e9n Morcillo Calder\u00f3n \/ Cultural Manager. Curator of exhibitions and cultural spaces \/ Extremadura \/ Spain<br>Juan Carlos Moreno Pi\u00f1ero \/ Director of Fundaci\u00f3n Academia Europea y Iberoamericana de Yuste \/ Extremadura \/ Spain<br>Vinyet Panyella \/ President of National Council of Culture and Arts \/ Member of the Board of Cercle de Cultura \/ Catalonia \/ Spain<br>Jordi Pardo \/ General Manager of Pau Casals Foundation \/ Member of the Board of Cercle de Cultura \/ Catalonia \/ Spain<br>Marta Puigderrajols \/ Cultural Manager \/ Member of the Board of Cercle de Cultura \/ Catalonia \/ Spain<br>F\u00e8lix Riera \/ Publisher and Director of Fundaci\u00f3 Romea \/ Member of the Board of Cercle de Cultura \/ Catalonia \/ Spain<br>M. \u00c0ngels Torras \/ Director of Serveis Territorials a Barcelona of the Department of Culture from the Catalan Government \/ Member of the Board of Cercle de Cultura \/ Catalonia \/ Spain<br>Antoni Vila Casas \/ President of Fundaci\u00f3 Vila Casas \/ Member of Cercle de Cultura \/ Catalonia \/ Spain<\/p>\n<p><em><strong>New supports:<\/strong><\/em><br>Pablo \u00c1lvarez de Eulate Gonz\u00e1lez \/ Music and Programming Area Coordinator&nbsp; of Acci\u00f3n Cultural Espa\u00f1ola AC\/E \/ Spain<br>Carles Arques Aliaga \/ Crea360. European projects technician \/ Valencia \/ Spain<br>Miguel Atanet \/ Journalist \/ Andalusia \/ Spain<br>Nicolas Bertrand \/ Cultural Cooperation Consultant \/ France<br>Marta Esteve \/ General Director of Fundaci\u00f3 Carulla \/ Catalonia \/ Spain<br>V\u00edctor Fern\u00e1ndez Correas \/ Journalist and writer \/ Extremadura \/ Spain<br>Diego Ferro \/ Actor \/ Madrid \/ Spain<br>Julio Guinea Bonillo \/ EU Law Professor and Coordinator of the EU-China URJC Master and Coordinator of the Democracy Working Group of Universidad Rey Juan Carlos \/ Spain<br>Dagmar Gr\u00fcnwald \/ Cultural Manager \/ Austria<br>Lluci\u00e0 Homs \/ Cultural Consultant, exhibition curator and art advisor \/ Member of Cercle de Cultura \/ Catalonia \/ Spain<br>Virginia Luque Gallegos \/ Consulting and Training in Cultural Management \/ Spain<br>Antonio Paolo Russo \/ Universitat Rovira i Virgili \/ Italy<br>Mar\u00eda Jes\u00fas Pascual Gonz\u00e1lez \/ Documentalist. Centro de Documentaci\u00f3n e Informaci\u00f3n Europea de Extremadura \/ Extremadura \/ Spain<br>Antonio Salazar \/ TV and film actor \/ Madrid \/ Spain<br>Alexandra Savvopoulou \/ Europe 2021 \/ Greece<br>Jos\u00e9 Manuel Seda \/ Tv, film and theatre actor \/ Andalusia \/ Spain<br>Silvana Navarro-Hoyos \/ ICCIRA - International Cultural and Creative Industries Regulatory Authority \/ Colombia<br>Elvira Sojli \/ University of New South Wales \/ Australia<br>Borut Vojkovic \/ Tourism, Entrepreneurship and Rural development in Moravske Toplice \/ Slovenia<\/p>\n<p><em><strong>Organizations which promote the initiative:<\/strong><\/em><br>Cercle de Cultura - cercledecultura.org<br>FEAGC - Federaci\u00f3n Estatal de Asociaciones de Profesionales de la Gesti\u00f3n Cultural - feagc.com<br>ASfE - A Soul for Europe - asoulforeurope.eu&nbsp;<br>Fundaci\u00f3n Alternativas - fundacionalternativas.org<br>EFA - European Festivals Association - efa-aef.eu<\/p>\n<p><strong><em>Organizations and associations (68):<\/em><\/strong><br>Acad\u00e8mia Catalana de la M\u00fasica<br>ACPDC - Associaci\u00f3 de Companyies Professionals de Dansa de Catalunya<br>ADPCE - Asociaci\u00f3n de Directores de Producci\u00f3n Cinematogr\u00e1fica de Espa\u00f1a&nbsp;<br>\u00c2gora Sevreis Culturals S.L<br>Agrupaci\u00f3 de Colles de Geganters de Catalunya<br>Amics de la UNESCO Barcelona<br>APAC Associaci\u00f3 de Professionals de l'Audiovisual Catal\u00e0<br>Asociaci\u00f3n de Muse\u00f3logos y Muse\u00f3grafos de Andaluc\u00eda<br>ASSITEJ Espa\u00f1a. Artes Esc\u00e9nicas para la Infancia y la Juventud<br>Associaci\u00f3 Casal Font d'en Fargues<br>Associaci\u00f3 Cultural El Galliner de Manresa (Toc d'espectacles)<br>Associaci\u00f3 d'editors en llengua catalana<br>Associaci\u00f3 El Cor Canta<br>Associaci\u00f3 Musical Windu<br>BOZAR, European House for Culture<br>Centre d'Estudis Comarcals del Segri\u00e0<br>Centre Moral i Cultural del Poblenou<br>CIATRE \u2013 Associaci\u00f3 de Companyies de Teatre Professional de Catalunya&nbsp;<br>Cluster Audiovisual de Catalunya<br>Col\u2022legi Professional de l'Audiovisual de Catalunya<br>Consorcio de Galer\u00edas de Arte Contempor\u00e1neo<br>Coral Font d'en Fargues<br>CoWorkNexus Project<br>daniel berdala art shop<br>Diagnosis Cultural<br>Editorial Les hores<br>Esbart Catal\u00e0 de Dansaires<br>Escola Municipal de dansa de Celr\u00e0<br>EtcA - Escola de teatre i circ d'Amposta<br>FAETEDA - Federaci\u00f3n Estatal de Asociaciones de Empresas de Teatro y Danza<br>FEAGC - Federaci\u00f3n Estatal de Asociaciones de Profesionales de la Gesti\u00f3n Cultural&nbsp;<br>FECED - Federaci\u00f3n estatal de compa\u00f1\u00edas y empresas de danza<br>Federaci\u00f3 Catalana de Societats Musicals<br>Federaci\u00f3 de Grups Amateurs de Teatre de Catalunya<br>Federaci\u00f3 Pessebres Vivents de Catalunya<br>FEMA - Federaci\u00f3n de M\u00fasicos Asociados<br>Filmcommission Barcelona<br>Foment del Treball<br>Fundaci\u00f3 Aig\u00fces de Manresa - Junta de la S\u00e8quia<br>Fundaci\u00f3 Antiga Caixa Manlleu<br>Fundaci\u00f3 Antigues Caixes Catalanes<br>Fundaci\u00f3 Ars<br>Fundaci\u00f3 Interarts<br>Fundaci\u00f3 Orfe\u00f3 Lleidat\u00e0<br>Fundaci\u00f3 Pau Casals<br>Fundaci\u00f3 Privada Taller de M\u00fasics<br>Fundaci\u00f3n Academia Europea e Iberoamericana de Yuste<br>Fundaci\u00f3n Caja de Burgos<br>Fundaci\u00f3n Kreanta<br>Fundaci\u00f3n Premio Convivencia<br>GEMA - Asociaci\u00f3n de Grupos Espa\u00f1oles de M\u00fasica Antigua<br>GGAC - Gremi de Galeries d'Art de Catalunya<br>Gremi de Llibreters de Catalunya<br>Innovarte<br>LiceXballet<br>Life &amp; Pictures S.L.<br>Llegir en Catal\u00e0 - Associaci\u00f3 d'Editorials Independents<br>Morfema T, SL<br>PAC - Productors Audiovisuals de Catalunya<br>PDC - Plataforma en Defensa de la Cultura<br>PIAF - Productoras Independientes Audiovisuales Federadas<br>PROA - Productors Audiovisuals Federats<br>Propostes Art\u00edstiques, SL<br>Tr\u00e0nsit Projectes<br>TRESC - Comunitat de Cultura<br>UNIMA - Uni\u00f3n Internacional de la Marioneta Federaci\u00f3n Espa\u00f1a<br>VEGAP - Visual Entidad de Gesti\u00f3n de Artistas Pl\u00e1sticos<\/p>\n<p><strong><em>New supports (52):<\/em><\/strong><br>Academia de las Artes Esc\u00e9nicas de Espa\u00f1a<br>AGADA Distribuci\u00f3n<br>AlgoDiferente Gesti\u00f3n Cultural<br>Alquibla Teatro<br>Anabel Veloso Compa\u00f1\u00eda Flamenca<br>ARC Research &amp; Consultancy<br>Arte Amanti International Chamber Music Festival<br>ARTEC -C-LM Asociaci\u00f3n de profesionales de la Gesti\u00f3n Cultural de Castilla-La Mancha<br>Asociaci\u00f3n Cultural Lieva<br>Asociaci\u00f3n Internacional de Fotograf\u00eda InCadaqu\u00e9s<br>ASOCIACION TE VEO ARTES ESCENICAS PARA LA INFANCIA<br>Associaci\u00f3 Arts al Carrer<br>Associaci\u00f3 LIVEMEDIA<br>ATLANTE Cultura &amp; Teatro<br>Aye Cultura Social<br>Centro Culturale Internazionale Luigi Einaudi<br>CID-N Red de Desarrollo de Inteligencia Colectiva<br>Citrum Audiovisual<br>Coperfield for Social Good<br>Creative association \"Fish Eye\"<br>Fundaci\u00f3 Arqueol\u00f2gica Clos<br>Fundaci\u00f3 Carulla<br>Fundaci\u00f3 Catalunya Cultura<br>Fundaci\u00f3n Melilla Ciudad Monumental<br>Galeria Espiral<br>GCIB Gestors Culturals de les Illes Balears&nbsp;<br>GESCULT Cultura Innovaci\u00f3n y Desarrollo S. L.<br>Grupo Puja. Teatro a\u00e9reo<br>Italia Nostra Onlus<br>Javier Li\u00f1era<br>Kunsthandel Pohlhammer<br>La meva<br>La Siamesa<br>Last Tour<br>L'Om Impreb\u00eds<br>Nacho Vilar Producciones<br>New Culture Foundation<br>On the Move<br>pigeon-bridge<br>P\u2019LA ARTE<br>Red de Cooperaci\u00f3n de las Rutas del Emperador Carlos V. Itinerario Cultural del Consejo de Europa<br>Secci\u00f3n Iberoamericana del Ateneo de Madrid<br>Smart ib\u00e9rica Impulso Empresarial<br>Tanttaka Teatroa<br>Teatre del Mar<br>Teaviva Teatro Social Artesano<br>The OSB Music SC<br>Txirene Producciones<br>Ulap\u00e9 Teatro<br>una m\u00e1s una<br>Wayra Plataforma Musical Ecuador<br>Wonderfeel Festival<\/p>\n<p><strong>The updated information with the new supports will be available on the web pages of the promoting entities:<\/strong><br>cercledecultura.org \/ feagc.com \/ asoulforeurope.eu \/ fundacionalternativas.org \/ efa-aef.eu<\/p>\n<p><a style=\"color: #0782c1; font-family: sans-serif, Arial, Verdana, 'Trebuchet MS'; font-size: 13px; background-color: #ffffff;\" href=\"https:\/\/docs.google.com\/forms\/d\/e\/1FAIpQLScw3DAQ8VUhcJWRXa1ZjGAIoiPPFq34IZlAxmY4W0Vj55yACw\/viewform\">Adherence to the manifesto \u201cMore Culture, More Europe! More culture in the relaunch of the European Union project \u201d<\/a><span style=\"color: #333333; font-family: sans-serif, Arial, Verdana, 'Trebuchet MS'; font-size: 13px; background-color: #ffffff;\">(click on the previous text)<\/span><\/p>\n<p>&nbsp;<\/p>\n<h1><strong>Manifeste Plus de Culture! Plus d\u2019Europe! Plus de culture pour la relance du projet de l'Union europ\u00e9enne.<\/strong><\/h1>\n<p><strong>INTRODUCTION<\/strong><\/p>\n<p>La crise pand\u00e9mique que nous vivons et ses cons\u00e9quences sociales et \u00e9conomiques ont mis en lumi\u00e8re le r\u00f4le de la culture pour surmonter la crise. La culture s'est r\u00e9v\u00e9l\u00e9e comme l'espace le plus pr\u00e9cieux pour red\u00e9couvrir des valeurs telles que le d\u00e9passement de soi, la cr\u00e9ativit\u00e9, la sensibilit\u00e9, l'effort, la solidarit\u00e9 et le dialogue. Mais cela a \u00e9galement mis en relief les faiblesses des secteurs des arts et de la culture, un aspect \u00e0 corriger pour profiter de sa force et de son potentiel pour la relance du projet de l'Union europ\u00e9enne et la qualit\u00e9 de vie des citoyens.<\/p>\n<p>La diversit\u00e9 et la richesse culturelle de l'Europe sont des \u00e9l\u00e9ments fondamentaux pour surmonter cette crise profonde, qui n\u2019\u00e9pargne aucun pays et exige la responsabilit\u00e9 des administrations locales, r\u00e9gionales, autonomes, f\u00e9d\u00e9rales et nationales de toute l'Union Europ\u00e9enne.<\/p>\n<p>La culture n'est pas un co\u00fbt. C'est un investissement. C'est un domaine primordial pour la d\u00e9fense d'un style de vie dans lequel les personnes sont prioritaires. La culture, dans ses diff\u00e9rentes expressions, est un \u00e9l\u00e9ment essentiel du style et de la qualit\u00e9 de vie des Europ\u00e9ens.<\/p>\n<p>Chaque \u00c9tat membre \u00e0 ses propres d\u00e9fis et ses propres circonstances. Mais tous les citoyens europ\u00e9ens trouvent dans la culture un \u00e9l\u00e9ment commun pour la construction de la dignit\u00e9, le progr\u00e8s, la qualit\u00e9 de vie, mais aussi le d\u00e9veloppement \u00e9conomique et la comp\u00e9titivit\u00e9.<\/p>\n<p>L\u2019objectif g\u00e9n\u00e9ral de cette initiative ouverte \u00e0 tout le monde est de cr\u00e9er un espace d\u2019opinion et de contribuer \u00e0 mettre en \u0153uvre un processus de dialogue et d\u2019action conduit par chaque pays mais dont le point commun serait la n\u00e9cessit\u00e9 de renforcer l\u2019importance des arts et de la culture dans la consolidation du projet de l'Union europ\u00e9enne, en tant que projet collectif de paix et de s\u00e9curit\u00e9, de d\u00e9mocratie, de progr\u00e8s et de d\u00e9fense des droits de l'homme.<\/p>\n<p>Les institutions, organismes, organisations, entreprises et op\u00e9rateurs des arts et de la culture doivent proposer un processus de dialogue et de collaboration avec les diff\u00e9rentes administrations qui permette d\u2019accorder \u00e0 la culture un r\u00f4le plus central au niveau institutionnel, \u00e9conomique et social.<\/p>\n<p>Cette initiative, promue par le Cercle de Cultura de Barcelone, a \u00e9t\u00e9 lanc\u00e9e le 23 avril. Les chefs de file en sont aujourd\u2019hui FEAGC, la F\u00e9d\u00e9ration nationale des associations professionnelles de gestionnaires culturels d'Espagne (Madrid), le projet A Soul for Europe (Berlin), la European Festivals Association (Brussels) et la Fundaci\u00f3n Alternativas (Madrid) et elle re\u00e7oit le soutien de diff\u00e9rentes personnalit\u00e9s li\u00e9es aux secteurs culturels et aux institutions europ\u00e9ennes.<\/p>\n<p>Il s'agit d'une initiative ouverte qui souhaite partager le leadership avec toutes les institutions, organisations et professionnels qui souhaitent la rejoindre. L'objectif est d'unir les forces de tous les secteurs des arts et de la culture et d\u2019autres directement concern\u00e9s tels que l'\u00e9conomie cr\u00e9ative, l'innovation ou le tourisme, dans chacun des pays de l'Union europ\u00e9enne. Ensemble, nous serons plus forts. Plus de culture ! Plus d'Europe !<\/p>\n<p><strong>MANIFESTE<\/strong><\/p>\n<p>Un manifeste en faveur de la culture comme facteur strat\u00e9gique pour surmonter la crise COVID-19, ouvert \u00e0 toutes les institutions, organisations non gouvernementales, entreprises, artistes, cr\u00e9ateurs, intellectuels, techniciens et administrateurs culturels de tous les \u00c9tats membres de l'Union europ\u00e9enne.<\/p>\n<p>La D\u00e9claration universelle des droits de l'Homme \u00e9tablit que la culture est un droit de tous. Dans la construction du projet de l'Union europ\u00e9enne, la richesse et la diversit\u00e9 des expressions culturelles de l'Europe sont un facteur fondamental de dignit\u00e9 et de qualit\u00e9 de vie, ainsi qu\u2019un \u00e9l\u00e9ment cl\u00e9 du d\u00e9veloppement \u00e9conomique, de la comp\u00e9titivit\u00e9 et de la promotion de l'innovation.<br>Les secteurs de la culture souffrent une crise sans pr\u00e9c\u00e9dent historique. Ni les guerres du vingti\u00e8me si\u00e8cle \u00e9taient parvenues \u00e0 interrompre l'activit\u00e9 culturelle europ\u00e9enne comme l\u2019a fait aujourd\u2019hui la pand\u00e9mie de la COVID-19. Les mus\u00e9es, les galeries d'art, les th\u00e9\u00e2tres, les salles de concert et de danse, les festivals, les foires, les cirques, les manifestations populaires et toutes sortes d'expressions et de projets culturels ont subi des effets tr\u00e8s importants qui menacent la continuit\u00e9 des artistes, cr\u00e9ateurs, professionnels, entreprises, entit\u00e9s et institutions, et touchera s\u00e9rieusement l'avenir imm\u00e9diat des formes de relation et d'acc\u00e8s \u00e0 la culture.<\/p>\n<p>L'Union europ\u00e9enne est un projet de paix, de s\u00e9curit\u00e9, de coop\u00e9ration et de progr\u00e8s qui a permis l'une des \u00e9tapes les plus prosp\u00e8res et de grande qualit\u00e9 de vie pour tous les citoyens de tous ses \u00c9tats membres. La richesse et la diversit\u00e9 culturelle de l'Europe sont tr\u00e8s importantes pour d\u00e9velopper le style de vie, l'espace commun et le projet de l'Union europ\u00e9enne.<br>Bien que les politiques culturelles soient une comp\u00e9tence des \u00c9tats membres, nous demandons instamment aux principales institutions de l'Union europ\u00e9enne (Parlement, Conseil et Commission europ\u00e9enne) d\u2019int\u00e9grer la culture dans l'agenda de relance du projet europ\u00e9en pour surmonter les effets de la crise de la COVID-19. Nous devons surmonter les faiblesses ant\u00e9rieures et donner un nouvel \u00e9lan au projet de l'Union europ\u00e9enne, dans lequel la culture sera un \u00e9l\u00e9ment encore plus important.<br>La diversit\u00e9 et la diff\u00e9rence des r\u00e9ponses promues par les \u00c9tats membres pour d\u00e9passer la situation de crise dans les secteurs de la culture prouvent qu\u2019il est n\u00e9cessaire d'am\u00e9liorer l'\u00e9change de bonnes pratiques pour d\u00e9terminer les priorit\u00e9s politiques, le financement et le d\u00e9veloppement de la culture \u00e0 l\u2019\u00e9chelle europ\u00e9enne.<\/p>\n<p>C'est pourquoi, nous proposons aux institutions europ\u00e9ennes d\u2019encourager les \u00c9tats membres \u00e0 travailler \u00e0 un processus de d\u00e9veloppement et d'am\u00e9lioration des m\u00e9canismes de financement et de soutien, int\u00e9grant plus fortement le caract\u00e8re strat\u00e9gique de la culture dans le projet de construction europ\u00e9enne.<\/p>\n<p>Points du manifeste:<br>\u2022 La culture est un droit inscrit dans la D\u00e9claration universelle des droits de l'Homme et une n\u00e9cessit\u00e9 fondamentale ; ce droit doit \u00eatre int\u00e9gr\u00e9 dans le projet de construction europ\u00e9enne.<br>\u2022 La culture doit donc \u00eatre prot\u00e9g\u00e9e et promue avec les ressources n\u00e9cessaires et appropri\u00e9es par les \u00c9tats mais aussi avec le soutien et la participation des institutions europ\u00e9ennes.<br>\u2022 La culture devrait \u00eatre int\u00e9gr\u00e9e plus fortement dans les plans strat\u00e9giques de d\u00e9veloppement territorial, social et \u00e9conomique, \u00e0 l\u2019\u00e9chelle nationale comme europ\u00e9enne.<br>\u2022 Des mesures de choc doivent \u00eatre prises pour investir imm\u00e9diatement des ressources dans les secteurs culturels. Au-del\u00e0 de l\u2019endettement pour sortir de la crise, une action urgente sera n\u00e9cessaire pour pr\u00e9server le tissu culturel, en veillant particuli\u00e8rement \u00e0 pr\u00e9server l\u2019\u00e9quilibre des forces entre le secteur public et priv\u00e9.<br>\u2022 Il est essentiel d\u2019adopter des mesures de protection destin\u00e9es aux artistes, cr\u00e9ateurs, techniciens et administrateurs culturels, ainsi qu\u2019aux entreprises, organismes et institutions culturelles, source de richesse et de travail pour de nombreuses personnes.<br>\u2022 Une meilleure coordination strat\u00e9gique de la culture est indispensable dans les politiques \u00e9conomiques, \u00e9ducatives, de protection sociale, de d\u00e9veloppement et de coop\u00e9ration.<br>\u2022 Une grande campagne de communication doit \u00eatre promue pour sensibiliser les citoyens europ\u00e9ens \u00e0 la valeur fondamentale de la culture pour construire le projet collectif de cohabitation et \u00e0 la n\u00e9cessit\u00e9 de leur complicit\u00e9 pour g\u00e9n\u00e9rer au plus vite la viabilit\u00e9 des secteurs culturels.<br>\u2022 Il est primordial de commencer \u00e0 travailler \u00e0 des initiatives de coordination permettant aux \u00c9tats membres de disposer de lois concernant le m\u00e9c\u00e9nat, le parrainage et la participation sociale qui suivent un processus d'homologation europ\u00e9enne et qui deviennent une v\u00e9ritable stimulation pour la participation des personnes physiques et morales au financement de la culture.<br>\u2022 Un travail doit \u00eatre effectu\u00e9 pour mettre \u00e0 jour le cadre l\u00e9gislatif des \u00c9tats membres qui concerne les secteurs culturels, en mettant \u00e0 profit les potentiels r\u00e9els de la culture dans le d\u00e9veloppement strat\u00e9gique du mod\u00e8le \u00e9conomique, social et territorial.<br>\u2022 Les secteurs de la culture veulent \u00eatre consid\u00e9r\u00e9s comme aussi n\u00e9cessaires qu\u2019ils l\u2019ont \u00e9t\u00e9 pour surmonter ce confinement. Mais cet effort doit \u00eatre collectif et \u00e0 l\u2019\u00e9chelle europ\u00e9enne. Ce n'est qu'ainsi que nous pourrons profiter de l'\u00e9norme richesse et diversit\u00e9 culturelles de l'Union europ\u00e9enne pour relancer son futur projet.<\/p>\n<p><strong><em>Le manifeste est soutenu par:<\/em><\/strong><br>Hans-Gert P\u00f6ttering \/ Pr\u00e9sident de l'Association des Anciens Membres et Ancien Pr\u00e9sident du Parlement europ\u00e9en \/ Allemagne<br>Enrique Bar\u00f3n \/ Ancien Pr\u00e9sident du Parlement Europ\u00e9en. Pr\u00e9sident de la Fundaci\u00f3n Yehudi Menuhin Espa\u00f1a \/ Madrid<br>Manuel Cruz \/ Philosophe et \u00e9crivain \/ Ancien Pr\u00e9sident du S\u00e9nat Espagnol \/ Barcelone<br>Joan Rigol \/ Ancien Minist\u00e8re Catalan de la Culture et Ancien Pr\u00e9sident du Parlement Catalan \/ Barcelone<br>Doris Pack \/ Pr\u00e9sidente de la Fondation Franco-Germain pour la Coop\u00e9ration Culturelle et Ancienne Pr\u00e9sidente de la Commission de la Culture et de l'\u00c9ducation du Parlement Europ\u00e9en \/ Allemagne<br>Catherine Trautmann \/ Copr\u00e9sidente du Conseil Sup\u00e9rieur Culturel franco-allemand et Ancien Minist\u00e8re Fran\u00e7ais de la Culture \/ France<br>Hannes Swoboda \/ Pr\u00e9sident de l'Institut International pour la Paix et Ancien Pr\u00e9sident du Groupe des Socialistes et D\u00e9mocrates du Parlement Europ\u00e9en \/ Autriche<br>Nikolaos Sifounakis \/ Ancien Pr\u00e9sident de la Commission de la Culture et de l'\u00c9ducation du Parlement Europ\u00e9en \/ Gr\u00e8ce<br>Petra Kammerevert \/ Membre du Parlement Europ\u00e9en. Ancien Pr\u00e9sident de la Commission de la Culture et \u00c9ducation du Parlement Europ\u00e9en \/ Allemagne<br>Maria Badia \/ Ancienne Vice-Pr\u00e9sidente du Groupe des Socialistes et D\u00e9mocrates au Parlement Europ\u00e9en \/ Catalogne \/ Espagne<br>Segimon Borr\u00e0s \/ \u00c9diteur. Pr\u00e9sident du Cercle de Cultura \/ Barcelone<br>Kathrin Deventer \/ Secr\u00e9taire G\u00e9n\u00e9rale de l'European Festivals Association \/ Bruxelles<br>Diego L\u00f3pez Garrido \/ Vice-Pr\u00e9sident ex\u00e9cutif de la Fundaci\u00f3n Alternativas. Ancien Secr\u00e9taire d'\u00c9tat \u00e0 l'Union europ\u00e9enne \/ Madrid<br>Santiago Fisas \/ Ancien Membre de la Commission de la Culture et de l'\u00c9ducation du Parlement Europ\u00e9en \/ Barcelone<br>Zita Gurmai \/ Pr\u00e9sidente du Parti des Femmes Socialistes Europ\u00e9ennes et Ancienne D\u00e9put\u00e9e Europ\u00e9enne \/ Hongrie<br>Volker Hassemer \/ Pr\u00e9sident de la Fondation Zukunft \/ Berlin<br>Nele Hertling \/ Porte-parole de A Soul For Europe \/ Berlin<br>Daniel Innerarity \/ Philosopher. Directeur de l'Instituto de Gobernanza Democr\u00e1tica \/ Pays Basque \/ Espagne<br>Ulrich Fuchs \/ Directeur des projets Capitale Europ\u00e9enne de la Culture Linz 2009 et Marseille-Provence 2013 \/ Marseille<br>Jaume Lanaspa \/ Pr\u00e9sident du Bureau de Barcelone du Club de Roma \/ Catalogne \/ Espagne<br>Pia Locatelli \/ Pr\u00e9sidente de la Fondazione AJ Zaninoni pour la promotion et la formation culturelles et Ancienne D\u00e9put\u00e9e Europ\u00e9enne \/ Italie<br>Gabriel Magalh\u00e2es \/ Penseur, \u00e9crivain et po\u00e8te \/ Portugal<br>Jos\u00e9 Manuel P\u00e9rez Gonz\u00e1lez (Peridis) \/ Architecte et dessinateur \/ Madrid<br>Francesc Torralba \/ Philosophe \/ Professeur d'\u00e9thique \u00e0 l\u2019Universit\u00e9 Ramon Llull \/ Barcelone<br>Joan Manuel Tresserras \/ Ancien Ministre de la Culture du Gouvernement de la Catalogne \/ Barcelone<br>Jordi Amat \/ Philologue et r\u00e9dacteur en chef d'El M\u00f3n de Dem\u00e0 \/ Barcelone<br>Teresa Riera \/ Ancienne Pr\u00e9sidente de la Commission de l'Industrie, de la Recherche et de l'\u00c9nergie du Parlement Europ\u00e9en \/ \u00celes Bal\u00e9ares \/ Espagne<br>Diana Riba \/ Membre de la Commission de la Culture et de l'\u00c9ducation du Parlement Europ\u00e9en \/ Barcelone<br>Andreas Schieder \/ Membre du Parlement Europ\u00e9en \/ Autriche<br>Salima Yenbou \/ Porte-parole des Verts de la Commission de la Culture et de l'\u00c9ducation du Parlement Europ\u00e9en \/ France<br>Pere Vicen\u00e7 i Rahola \/ Pr\u00e9sident Honoraire du Cercle de Cultura et Ancien pr\u00e9sident de l'Association Internationale des \u00c9diteurs et de la F\u00e9d\u00e9ration des \u00c9diteurs Europ\u00e9ens \/ Barcelone<\/p>\n<p>&nbsp;<strong>S<em>upport initial:<\/em><\/strong><br>Jordi Alberich \/ Chef d\u2019entreprise \/ Membre du comit\u00e9 directeur du Cercle de Cultura \/ Catalogne \/ Espagne<br>Ferran Aud\u00ed \/ Acteur et directeur de cin\u00e9ma et th\u00e9\u00e2tre \/ Membre du comit\u00e9 directeur du Cercle de Cultura \/ Catalogne \/ Espagne&nbsp;<br>Laura Bertran \/ Directrice de Primer punt: Communication et strat\u00e9gie institutionnelle \/ Membre du comit\u00e9 directeur du Cercle de Cultura \/ Catalogne \/ Espagne<br>Airan Berg \/ Directeur artistique du Festival der Regionen \/ Autriche<br>Llu\u00eds Bonet \/ Directeur du Programme de Management Culturel de l'Universit\u00e9 de Barcelone \/ Membre du Cercle de Cultura \/ Catalogne \/ Espagne<br>Montserrat Bou \/ Directrice G\u00e9n\u00e9rale de PROA, Productors Audiovisuals Federats \/ Membre du comit\u00e9 directeur du Cercle de Cultura \/ Catalogne \/ Espagne&nbsp;<br>Gemma Carb\u00f3 \/ Administratrice de projets culturels \/ Pr\u00e9sidente de la Fondation INTERARTS \/ Catalogne \/ Espagne<br>Mart\u00edn Carrasco Pedrero \/ Administrateur de projets culturels et Commissaire d' exposition \/ Estr\u00e9madure \/ Espagne&nbsp;<br>Jes\u00fas Cimarro \/ President de l\u2019Academia de las Artes Esc\u00e9nicas de Espa\u00f1a \/ Espagne<br>Santiago Manuel Cuadrado Rodr\u00edguez Administrateur de projets culturels. Gouvernement provincial de Badajoz \/ Estr\u00e9madure \/ Espagne<br>Carles Duarte \/ Directeur de la Fundaci\u00f3 Instituci\u00f3 Cultural del CIC. Ancien Pr\u00e9sident du Conseil national de la Culture et des Arts \/ Membre du Cercle de Cultura \/ Catalogne \/ Espagne&nbsp;<br>Paul Dujardin \/ Directeur G\u00e9n\u00e9ral &amp; Directeur Artistique de BOZAR, European House for Culture \/ Bruxelles \/ Belgique<br>Daniel Fern\u00e1ndez \/ \u00c9diteur d\u2019EDHASA. Pr\u00e9sident du CEDRO (Centre Espagnol des Droits de Reprographie) \/ Catalogne \/ Espagne<br>Jorge Avelino Fern\u00e1ndez de Le\u00f3n \/ Administrateur de projets culturels. Membre du Conseil d'Administration de l'Acad\u00e9mie Espagnole de Rome \/ Asturies \/ Espagne<br>Jordi Font i Cardona \/ Administrateur de projets culturels et Secr\u00e9taire du Conseil National de la Culture et des Arts \/ Catalogne \/ Espagne<br>Merc\u00e8 Franquesa \/ Secr\u00e9taire G\u00e9n\u00e9ral du Cercle d'Economia \/ Membre du comit\u00e9 directeur du Cercle de Cultura \/ Catalogne \/ Espagne<br>Agust\u00edn Fructuoso \/ Artiste plasticien \/ Membre du comit\u00e9 directeur du Cercle de Cultura \/ Catalogne \/ Espagne&nbsp;<br>\u00c1ngel Garc\u00eda Carre\u00f1o \/ Administrateur de projets culturels \/ Navarre \/ Espagne<br>Jordi Gonz\u00e1lez \/ Vice-pr\u00e9sident Art et Contenu du Grup FOCUS \/ Membre du comit\u00e9 directeur du Cercle de Cultura \/ Catalogne \/ Espagne<br>Beatriz Hern\u00e1ndez G\u00f3mez \/ Administratrice de projets culturels \/ Estr\u00e9madure \/ Espagne<br>Bel\u00e9n Latorre \/ Directrice de la Fundaci\u00f3 Antigues Caixes Catalanes \/ Membre du comit\u00e9 directeur du Cercle de Cultura \/ Catalogne \/ Espagne&nbsp;<br>Esteve Le\u00f3n \/ Administrateur de projets culturels \/ Conseiller principal de la Direction G\u00e9n\u00e9rale du Consorci de les Drassanes de Barcelona. Patron du Teatre Lliure \/ Membre du comit\u00e9 directeur du Cercle de Cultura \/ Catalonia \/ Spain<br>Felice v. Maltzahn \/ Fondation Zukunft \/ Berlin \/ Allemagne<br>Miguel \u00c1ngel Mart\u00edn Ramos \/ D\u00e9l\u00e9gu\u00e9 \u00e0 Bruxelles et Responsable des Affaires Europ\u00e9ennes de la Fundaci\u00f3n Academia Europea y Iberoamericana de Yuste \/ Membre du groupe strat\u00e9gique A Soul for Europe \/ Extremadura \/ Espagne<br>Alfons Martinell \/ Directeur honoraire de la Chaire Unesco: \u00abPolitiques culturelles et coop\u00e9ration\u00bb \/ Membre du comit\u00e9 directeur du Cercle de Cultura \/ Catalogne \/ Espagne&nbsp;<br>Daniel Mart\u00ednez de Obreg\u00f3n \/ Pr\u00e9sident du Grup FOCUS \/ Membre du Cercle de Cultura \/ Catalogne \/ Espagne<br>Rub\u00e9n Morcillo Calder\u00f3n \/ Administrateur de projets culturels. Conservateur d'expositions et d'espaces culturels \/ Estr\u00e9madure \/ Espagne<br>Juan Carlos Moreno Pi\u00f1ero \/ Directeur de la Fundaci\u00f3n Academia Europea y Iberoamericana de Yuste \/ Estr\u00e9madure \/ Espagne&nbsp;<br>Vinyet Panyella \/ Pr\u00e9sidente du Conseil National de la Culture et des Arts \/ Membre du comit\u00e9 directeur du Cercle de Cultura \/ Catalogne \/ Espagne&nbsp;<br>Jordi Pardo \/ Directeur g\u00e9n\u00e9ral de la Fundaci\u00f3 Pau Casals \/ Membre du comit\u00e9 directeur du Cercle de Cultura \/ Catalogne \/ Espagne<br>Marta Puigderrajols \/ Administratrice de projets culturels \/ Membre du comit\u00e9 directeur du Cercle de Cultura \/ Catalogne \/ Espagne<br>F\u00e8lix Riera \/ \u00c9diteur et Directeur de la Fundaci\u00f3 Romea \/ Membre du comit\u00e9 directeur du Cercle de Cultura \/ Catalogne \/ Espagne&nbsp;<br>M. \u00c0ngels Torras \/ Directrice des Serveis Territorials a Barcelona du D\u00e9partement de la Culture du Gouvernement de la Catalogne \/ Membre du comit\u00e9 directeur du Cercle de Cultura \/ Catalogne \/ Espagne<br>Antoni Vila Casas \/ Pr\u00e9sident de la Fundaci\u00f3 Vila Casas \/ Membre du Cercle de Cultura \/ Catalogne \/ Espagne<\/p>\n<p><strong><em>Nouvelles adh\u00e9sions:<\/em><\/strong><br>Pablo \u00c1lvarez de Eulate Gonz\u00e1lez \/ Coordinateur de musique et programmation de Acci\u00f3n Cultural Espa\u00f1ola AC\/E \/ Espagne<br>Carles Arques Aliaga \/ Crea360. Technicien de projet europ\u00e9en \/ Valence \/ Espagne<br>Miguel Atanet \/ Journaliste \/ Andalousie \/ Espagne<br>Nicolas Bertrand \/ Consultant en coop\u00e9ration culturelle \/ France<br>Marta Esteve \/ Directrice g\u00e9n\u00e9rale de la Fundaci\u00f3 Carulla \/ Catalogne \/ Espagne<br>V\u00edctor Fern\u00e1ndez Correas \/ Journaliste et \u00e9crivain \/ Extremadura \/ Espagne<br>Diego Ferro \/ Acteur \/ Madrid \/ Espagne<br>Julio Guinea Bonillo \/ Professeur de droit europ\u00e9en et coordinateur du Master UE-Chine URJC et coordinateur du groupe de travail sur la d\u00e9mocratie \u00e0 l'Universit\u00e9 Rey Juan Carlos \/ Espagne<br>Dagmar Gr\u00fcnwald \/ Administrateur culturel \/ Autriche<br>Lluci\u00e0 Homs \/ Consultant culturel, commissaire d'exposition et conseiller artistique \/ Membre du Cercle de Cultura \/ Catalogne \/ Espagne<br>Virginia Luque Gallegos \/ Conseil et formation en gestion culturelle \/ Espagne<br>Antonio Paolo Russo \/ Universitat Rovira i Virgili \/ Italie<br>Mar\u00eda Jes\u00fas Pascual Gonz\u00e1lez \/ Documentaliste. Centro de Documentaci\u00f3n e Informaci\u00f3n Europea de Extremadura \/ Estr\u00e9madure \/ Espagne<br>Antonio Salazar \/ Acteur de cin\u00e9ma et t\u00e9l\u00e9vision \/ Madrid \/ Espagne<br>Alexandra Savvopoulou \/ Europe 2021 \/ Gr\u00e8ce<br>Jos\u00e9 Manuel Seda \/ Acteur de cin\u00e9ma et th\u00e9\u00e2tre \/ Andalusia \/ Espagne<br>Silvana Navarro-Hoyos \/ ICCIRA - International Cultural and Creative Industries Regulatory Authority \/ Colombie<br>Elvira Sojli \/ University of New South Wales \/ Australie<br>Borut Vojkovic \/ Tourisme, entrepreneuriat et d\u00e9veloppement rural dans la municipalit\u00e9 de Moravske Toplice \/ Slov\u00e9nie<\/p>\n<p><strong><em>Organisations qui promeuvent l'initiative:<\/em><\/strong><br>Cercle de Cultura - cercledecultura.org<br>FEAGC - Federaci\u00f3n Estatal de Asociaciones de Profesionales de la Gesti\u00f3n Cultural - feagc.com<br>ASfE - A Soul for Europe - asoulforeurope.eu&nbsp;<br>Fundaci\u00f3n Alternativas - fundacionalternativas.org<br>EFA - European Festivals Association - efa-aef.eu<\/p>\n<p><strong><em>Organisations et associations:<\/em><\/strong><br>Acad\u00e8mia Catalana de la M\u00fasica<br>ACPDC - Associaci\u00f3 de Companyies Professionals de Dansa de Catalunya<br>ADPCE - Asociaci\u00f3n de Directores de Producci\u00f3n Cinematogr\u00e1fica de Espa\u00f1a&nbsp;<br>\u00c2gora Sevreis Culturals S.L<br>Agrupaci\u00f3 de Colles de Geganters de Catalunya<br>Amics de la UNESCO Barcelona<br>APAC Associaci\u00f3 de Professionals de l'Audiovisual Catal\u00e0<br>Asociaci\u00f3n de Muse\u00f3logos y Muse\u00f3grafos de Andaluc\u00eda<br>ASSITEJ Espa\u00f1a. Artes Esc\u00e9nicas para la Infancia y la Juventud<br>Associaci\u00f3 Casal Font d'en Fargues<br>Associaci\u00f3 Cultural El Galliner de Manresa (Toc d'espectacles)<br>Associaci\u00f3 d'editors en llengua catalana<br>Associaci\u00f3 El Cor Canta<br>Associaci\u00f3 Musical Windu<br>BOZAR, European House for Culture<br>Centre d'Estudis Comarcals del Segri\u00e0<br>Centre Moral i Cultural del Poblenou<br>CIATRE \u2013 Associaci\u00f3 de Companyies de Teatre Professional de Catalunya&nbsp;<br>Cluster Audiovisual de Catalunya<br>Col\u2022legi Professional de l'Audiovisual de Catalunya<br>Consorcio de Galer\u00edas de Arte Contempor\u00e1neo<br>Coral Font d'en Fargues<br>CoWorkNexus Project<br>daniel berdala art shop<br>Diagnosis Cultural<br>Editorial Les hores<br>Esbart Catal\u00e0 de Dansaires<br>Escola Municipal de dansa de Celr\u00e0<br>EtcA - Escola de teatre i circ d'Amposta<br>FAETEDA - Federaci\u00f3n Estatal de Asociaciones de Empresas de Teatro y Danza<br>FEAGC - Federaci\u00f3n Estatal de Asociaciones de Profesionales de la Gesti\u00f3n Cultural&nbsp;<br>FECED - Federaci\u00f3n estatal de compa\u00f1\u00edas y empresas de danza<br>Federaci\u00f3 Catalana de Societats Musicals<br>Federaci\u00f3 de Grups Amateurs de Teatre de Catalunya<br>Federaci\u00f3 Pessebres Vivents de Catalunya<br>FEMA - Federaci\u00f3n de M\u00fasicos Asociados<br>Filmcommission Barcelona<br>Foment del Treball<br>Fundaci\u00f3 Aig\u00fces de Manresa - Junta de la S\u00e8quia<br>Fundaci\u00f3 Antiga Caixa Manlleu<br>Fundaci\u00f3 Antigues Caixes Catalanes<br>Fundaci\u00f3 Ars<br>Fundaci\u00f3 Interarts<br>Fundaci\u00f3 Orfe\u00f3 Lleidat\u00e0<br>Fundaci\u00f3 Pau Casals<br>Fundaci\u00f3 Privada Taller de M\u00fasics<br>Fundaci\u00f3n Academia Europea e Iberoamericana de Yuste<br>Fundaci\u00f3n Caja de Burgos<br>Fundaci\u00f3n Kreanta<br>Fundaci\u00f3n Premio Convivencia<br>GEMA - Asociaci\u00f3n de Grupos Espa\u00f1oles de M\u00fasica Antigua<br>GGAC - Gremi de Galeries d'Art de Catalunya<br>Gremi de Llibreters de Catalunya<br>Innovarte<br>LiceXballet<br>Life &amp; Pictures S.L.<br>Llegir en Catal\u00e0 - Associaci\u00f3 d'Editorials Independents<br>Morfema T, SL<br>PAC - Productors Audiovisuals de Catalunya<br>PDC - Plataforma en Defensa de la Cultura<br>PIAF - Productoras Independientes Audiovisuales Federadas<br>PROA - Productors Audiovisuals Federats<br>Propostes Art\u00edstiques, SL<br>Tr\u00e0nsit Projectes<br>TRESC - Comunitat de Cultura<br>UNIMA - Uni\u00f3n Internacional de la Marioneta Federaci\u00f3n Espa\u00f1a<br>VEGAP - Visual Entidad de Gesti\u00f3n de Artistas Pl\u00e1sticos<\/p>\n<p><strong><em>Nouvelles adh\u00e9sions:<\/em><\/strong><br>Academia de las Artes Esc\u00e9nicas de Espa\u00f1a<br>AGADA Distribuci\u00f3n<br>AlgoDiferente Gesti\u00f3n Cultural<br>Alquibla Teatro<br>Anabel Veloso Compa\u00f1\u00eda Flamenca<br>ARC Research &amp; Consultancy<br>Arte Amanti International Chamber Music Festival<br>ARTEC -C-LM Asociaci\u00f3n de profesionales de la Gesti\u00f3n Cultural de Castilla-La Mancha<br>Asociaci\u00f3n Cultural Lieva<br>Asociaci\u00f3n Internacional de Fotograf\u00eda InCadaqu\u00e9s<br>ASOCIACION TE VEO ARTES ESCENICAS PARA LA INFANCIA<br>Associaci\u00f3 Arts al Carrer<br>Associaci\u00f3 LIVEMEDIA<br>ATLANTE Cultura &amp; Teatro<br>Aye Cultura Social<br>Centro Culturale Internazionale Luigi Einaudi<br>CID-N Red de Desarrollo de Inteligencia Colectiva<br>Citrum Audiovisual<br>Coperfield for Social Good<br>Creative association \"Fish Eye\"<br>Fundaci\u00f3 Arqueol\u00f2gica Clos<br>Fundaci\u00f3 Carulla<br>Fundaci\u00f3 Catalunya Cultura<br>Fundaci\u00f3n Melilla Ciudad Monumental<br>Galeria Espiral<br>GCIB Gestors Culturals de les Illes Balears&nbsp;<br>GESCULT Cultura Innovaci\u00f3n y Desarrollo S. L.<br>Grupo Puja. Teatro a\u00e9reo<br>Italia Nostra Onlus<br>Javier Li\u00f1era<br>Kunsthandel Pohlhammer<br>La meva<br>La Siamesa<br>Last Tour<br>L'Om Impreb\u00eds<br>Nacho Vilar Producciones<br>New Culture Foundation<br>On the Move<br>pigeon-bridge<br>P\u2019LA ARTE<br>Red de Cooperaci\u00f3n de las Rutas del Emperador Carlos V. Itinerario Cultural del Consejo de Europa<br>Secci\u00f3n Iberoamericana del Ateneo de Madrid<br>Smart ib\u00e9rica Impulso Empresarial<br>Tanttaka Teatroa<br>Teatre del Mar<br>Teaviva Teatro Social Artesano<br>The OSB Music SC<br>Txirene Producciones<br>Ulap\u00e9 Teatro<br>una m\u00e1s una<br>Wayra Plataforma Musical Ecuador<br>Wonderfeel Festival<\/p>\n<p><strong>Les informations actualis\u00e9s avec les nouveaux supports seront disponibles sur les sites web des entit\u00e9s promotrices:<\/strong><br>cercledecultura.org \/ feagc.com \/ asoulforeurope.eu \/ fundacionalternativas.org \/ efa-aef.eu<\/p>\n<p><a style=\"color: #0782c1; font-family: sans-serif, Arial, Verdana, 'Trebuchet MS'; font-size: 13px; background-color: #ffffff;\" href=\"https:\/\/docs.google.com\/forms\/d\/e\/1FAIpQLSdN9jdO7X9yA-fF1iXoWL2mYzRCqcfXvVAIU6OFb7o6JwoxpA\/viewform\">Adh\u00e9sion au manifeste \u00abPlus de culture, plus d'Europe! Plus de culture dans la relance du projet de l'Union europ\u00e9enne \u00bb<\/a>&nbsp;<span style=\"color: #333333; font-family: sans-serif, Arial, Verdana, 'Trebuchet MS'; font-size: 13px; background-color: #ffffff;\">(cliquez sur le texte pr\u00e9c\u00e9dent)<\/span><\/p>\n<p>&nbsp;<\/p><\/div><\/div><\/div><\/div><\/div><\/div><\/div><\/div>\n","protected":false},"excerpt":{"rendered":"<p>In support of culture as a strategic factor in overcoming the COVID-19 crisis that is open to all institutions, NGOs, companies, artists, creators, intellectuals, technicians and cultural managers of all European Union Member States \/ En faveur de la culture comme facteur strat\u00e9gique pour surmonter la crise COVID-19, ouvert \u00e0 toutes les institutions, organisations non gouvernementales, entreprises, artistes, cr\u00e9ateurs, intellectuels, techniciens et administrateurs culturels de tous les \u00c9tats membres de l&#8217;Union europ\u00e9enne.<\/p>\n","protected":false},"author":1,"featured_media":967,"comment_status":"open","ping_status":"closed","sticky":false,"template":"","format":"standard","meta":{"footnotes":""},"categories":[58],"tags":[499,500],"class_list":["post-966","post","type-post","status-publish","format-standard","has-post-thumbnail","hentry","category-manifest","tag-europe","tag-manifesto"],"yoast_head":"<!-- This site is optimized with the Yoast SEO plugin v27.5 - https:\/\/yoast.com\/product\/yoast-seo-wordpress\/ -->\n<title>Manifesto More Culture!, More Europe! In favour of culture and for the relaunch of the European project \/ Manifeste Plus de Culture! Plus d\u2019Europe! Plus de culture pour la relance du projet de l&#039;Union europ\u00e9enne. - Cercle de Cultura<\/title>\n<meta name=\"robots\" content=\"index, follow, max-snippet:-1, max-image-preview:large, max-video-preview:-1\" \/>\n<link rel=\"canonical\" href=\"https:\/\/www.cercledecultura.org\/ca\/manifesto_manifeste_more_culture_plus_culture\/\" \/>\n<meta property=\"og:locale\" content=\"ca_ES\" \/>\n<meta property=\"og:type\" content=\"article\" \/>\n<meta property=\"og:title\" content=\"Manifesto More Culture!, More Europe! In favour of culture and for the relaunch of the European project \/ Manifeste Plus de Culture! Plus d\u2019Europe! Plus de culture pour la relance du projet de l&#039;Union europ\u00e9enne. - Cercle de Cultura\" \/>\n<meta property=\"og:description\" content=\"In support of culture as a strategic factor in overcoming the COVID-19 crisis that is open to all institutions, NGOs, companies, artists, creators, intellectuals, technicians and cultural managers of all European Union Member States \/ En faveur de la culture comme facteur strat\u00e9gique pour surmonter la crise COVID-19, ouvert \u00e0 toutes les institutions, organisations non gouvernementales, entreprises, artistes, cr\u00e9ateurs, intellectuels, techniciens et administrateurs culturels de tous les \u00c9tats membres de l&#039;Union europ\u00e9enne.\" \/>\n<meta property=\"og:url\" content=\"https:\/\/www.cercledecultura.org\/ca\/manifesto_manifeste_more_culture_plus_culture\/\" \/>\n<meta property=\"og:site_name\" content=\"Cercle de Cultura\" \/>\n<meta property=\"article:published_time\" content=\"2020-07-08T11:56:00+00:00\" \/>\n<meta property=\"article:modified_time\" content=\"2021-04-15T17:13:32+00:00\" \/>\n<meta property=\"og:image\" content=\"https:\/\/www.cercledecultura.org\/wp-content\/uploads\/2021\/02\/FFhdts59P0a1sUmCvgBTDQ.png\" \/>\n\t<meta property=\"og:image:width\" content=\"1266\" \/>\n\t<meta property=\"og:image:height\" content=\"671\" \/>\n\t<meta property=\"og:image:type\" content=\"image\/png\" \/>\n<meta name=\"author\" content=\"admin\" \/>\n<meta name=\"twitter:card\" content=\"summary_large_image\" \/>\n<meta name=\"twitter:label1\" content=\"Escrit per\" \/>\n\t<meta name=\"twitter:data1\" content=\"admin\" \/>\n\t<meta name=\"twitter:label2\" content=\"Temps estimat de lectura\" \/>\n\t<meta name=\"twitter:data2\" content=\"23 minuts\" \/>\n<script type=\"application\/ld+json\" class=\"yoast-schema-graph\">{\"@context\":\"https:\\\/\\\/schema.org\",\"@graph\":[{\"@type\":\"Article\",\"@id\":\"https:\\\/\\\/www.cercledecultura.org\\\/ca\\\/manifesto_manifeste_more_culture_plus_culture\\\/#article\",\"isPartOf\":{\"@id\":\"https:\\\/\\\/www.cercledecultura.org\\\/ca\\\/manifesto_manifeste_more_culture_plus_culture\\\/\"},\"author\":{\"name\":\"admin\",\"@id\":\"https:\\\/\\\/www.cercledecultura.org\\\/ca\\\/#\\\/schema\\\/person\\\/269db25cfadcb4bd2e41781c819942f9\"},\"headline\":\"Manifesto More Culture!, More Europe! In favour of culture and for the relaunch of the European project \\\/ Manifeste Plus de Culture! Plus d\u2019Europe! Plus de culture pour la relance du projet de l&#8217;Union europ\u00e9enne.\",\"datePublished\":\"2020-07-08T11:56:00+00:00\",\"dateModified\":\"2021-04-15T17:13:32+00:00\",\"mainEntityOfPage\":{\"@id\":\"https:\\\/\\\/www.cercledecultura.org\\\/ca\\\/manifesto_manifeste_more_culture_plus_culture\\\/\"},\"wordCount\":6617,\"commentCount\":0,\"publisher\":{\"@id\":\"https:\\\/\\\/www.cercledecultura.org\\\/ca\\\/#organization\"},\"image\":{\"@id\":\"https:\\\/\\\/www.cercledecultura.org\\\/ca\\\/manifesto_manifeste_more_culture_plus_culture\\\/#primaryimage\"},\"thumbnailUrl\":\"https:\\\/\\\/www.cercledecultura.org\\\/wp-content\\\/uploads\\\/2021\\\/02\\\/FFhdts59P0a1sUmCvgBTDQ.png\",\"keywords\":[\"Europe\",\"manifesto\"],\"articleSection\":[\"Manifest\"],\"inLanguage\":\"ca\",\"potentialAction\":[{\"@type\":\"CommentAction\",\"name\":\"Comment\",\"target\":[\"https:\\\/\\\/www.cercledecultura.org\\\/ca\\\/manifesto_manifeste_more_culture_plus_culture\\\/#respond\"]}]},{\"@type\":\"WebPage\",\"@id\":\"https:\\\/\\\/www.cercledecultura.org\\\/ca\\\/manifesto_manifeste_more_culture_plus_culture\\\/\",\"url\":\"https:\\\/\\\/www.cercledecultura.org\\\/ca\\\/manifesto_manifeste_more_culture_plus_culture\\\/\",\"name\":\"Manifesto More Culture!, More Europe! In favour of culture and for the relaunch of the European project \\\/ Manifeste Plus de Culture! Plus d\u2019Europe! Plus de culture pour la relance du projet de l'Union europ\u00e9enne. - Cercle de Cultura\",\"isPartOf\":{\"@id\":\"https:\\\/\\\/www.cercledecultura.org\\\/ca\\\/#website\"},\"primaryImageOfPage\":{\"@id\":\"https:\\\/\\\/www.cercledecultura.org\\\/ca\\\/manifesto_manifeste_more_culture_plus_culture\\\/#primaryimage\"},\"image\":{\"@id\":\"https:\\\/\\\/www.cercledecultura.org\\\/ca\\\/manifesto_manifeste_more_culture_plus_culture\\\/#primaryimage\"},\"thumbnailUrl\":\"https:\\\/\\\/www.cercledecultura.org\\\/wp-content\\\/uploads\\\/2021\\\/02\\\/FFhdts59P0a1sUmCvgBTDQ.png\",\"datePublished\":\"2020-07-08T11:56:00+00:00\",\"dateModified\":\"2021-04-15T17:13:32+00:00\",\"breadcrumb\":{\"@id\":\"https:\\\/\\\/www.cercledecultura.org\\\/ca\\\/manifesto_manifeste_more_culture_plus_culture\\\/#breadcrumb\"},\"inLanguage\":\"ca\",\"potentialAction\":[{\"@type\":\"ReadAction\",\"target\":[\"https:\\\/\\\/www.cercledecultura.org\\\/ca\\\/manifesto_manifeste_more_culture_plus_culture\\\/\"]}]},{\"@type\":\"ImageObject\",\"inLanguage\":\"ca\",\"@id\":\"https:\\\/\\\/www.cercledecultura.org\\\/ca\\\/manifesto_manifeste_more_culture_plus_culture\\\/#primaryimage\",\"url\":\"https:\\\/\\\/www.cercledecultura.org\\\/wp-content\\\/uploads\\\/2021\\\/02\\\/FFhdts59P0a1sUmCvgBTDQ.png\",\"contentUrl\":\"https:\\\/\\\/www.cercledecultura.org\\\/wp-content\\\/uploads\\\/2021\\\/02\\\/FFhdts59P0a1sUmCvgBTDQ.png\",\"width\":1266,\"height\":671},{\"@type\":\"BreadcrumbList\",\"@id\":\"https:\\\/\\\/www.cercledecultura.org\\\/ca\\\/manifesto_manifeste_more_culture_plus_culture\\\/#breadcrumb\",\"itemListElement\":[{\"@type\":\"ListItem\",\"position\":1,\"name\":\"Portada\",\"item\":\"https:\\\/\\\/www.cercledecultura.org\\\/ca\\\/\"},{\"@type\":\"ListItem\",\"position\":2,\"name\":\"Manifesto More Culture!, More Europe! In favour of culture and for the relaunch of the European project \\\/ Manifeste Plus de Culture! Plus d\u2019Europe! Plus de culture pour la relance du projet de l&#8217;Union europ\u00e9enne.\"}]},{\"@type\":\"WebSite\",\"@id\":\"https:\\\/\\\/www.cercledecultura.org\\\/ca\\\/#website\",\"url\":\"https:\\\/\\\/www.cercledecultura.org\\\/ca\\\/\",\"name\":\"Cercle de Cultura\",\"description\":\"Entitat de car\u00e0cter privat i associatiu, independent, amb voluntat de participar en la vida p\u00fablica des de la pluralitat ideol\u00f2gica dels seus membres fundadors i futurs associats\",\"publisher\":{\"@id\":\"https:\\\/\\\/www.cercledecultura.org\\\/ca\\\/#organization\"},\"potentialAction\":[{\"@type\":\"SearchAction\",\"target\":{\"@type\":\"EntryPoint\",\"urlTemplate\":\"https:\\\/\\\/www.cercledecultura.org\\\/ca\\\/?s={search_term_string}\"},\"query-input\":{\"@type\":\"PropertyValueSpecification\",\"valueRequired\":true,\"valueName\":\"search_term_string\"}}],\"inLanguage\":\"ca\"},{\"@type\":\"Organization\",\"@id\":\"https:\\\/\\\/www.cercledecultura.org\\\/ca\\\/#organization\",\"name\":\"Cercle de Cultura\",\"url\":\"https:\\\/\\\/www.cercledecultura.org\\\/ca\\\/\",\"logo\":{\"@type\":\"ImageObject\",\"inLanguage\":\"ca\",\"@id\":\"https:\\\/\\\/www.cercledecultura.org\\\/ca\\\/#\\\/schema\\\/logo\\\/image\\\/\",\"url\":\"https:\\\/\\\/www.cercledecultura.org\\\/wp-content\\\/uploads\\\/2020\\\/01\\\/logo-cercle-de-cultura.png\",\"contentUrl\":\"https:\\\/\\\/www.cercledecultura.org\\\/wp-content\\\/uploads\\\/2020\\\/01\\\/logo-cercle-de-cultura.png\",\"width\":350,\"height\":195,\"caption\":\"Cercle de Cultura\"},\"image\":{\"@id\":\"https:\\\/\\\/www.cercledecultura.org\\\/ca\\\/#\\\/schema\\\/logo\\\/image\\\/\"}},{\"@type\":\"Person\",\"@id\":\"https:\\\/\\\/www.cercledecultura.org\\\/ca\\\/#\\\/schema\\\/person\\\/269db25cfadcb4bd2e41781c819942f9\",\"name\":\"admin\",\"image\":{\"@type\":\"ImageObject\",\"inLanguage\":\"ca\",\"@id\":\"https:\\\/\\\/secure.gravatar.com\\\/avatar\\\/e88a8bb50a361c6d45c4709770a3d765016be4b5d85313447b91d0d707434ad9?s=96&d=mm&r=g\",\"url\":\"https:\\\/\\\/secure.gravatar.com\\\/avatar\\\/e88a8bb50a361c6d45c4709770a3d765016be4b5d85313447b91d0d707434ad9?s=96&d=mm&r=g\",\"contentUrl\":\"https:\\\/\\\/secure.gravatar.com\\\/avatar\\\/e88a8bb50a361c6d45c4709770a3d765016be4b5d85313447b91d0d707434ad9?s=96&d=mm&r=g\",\"caption\":\"admin\"},\"url\":\"https:\\\/\\\/www.cercledecultura.org\\\/ca\\\/author\\\/seic_trzh7tdr\\\/\"}]}<\/script>\n<!-- \/ Yoast SEO plugin. -->","yoast_head_json":{"title":"Manifesto More Culture!, More Europe! In favour of culture and for the relaunch of the European project \/ Manifeste Plus de Culture! Plus d\u2019Europe! Plus de culture pour la relance du projet de l'Union europ\u00e9enne. - Cercle de Cultura","robots":{"index":"index","follow":"follow","max-snippet":"max-snippet:-1","max-image-preview":"max-image-preview:large","max-video-preview":"max-video-preview:-1"},"canonical":"https:\/\/www.cercledecultura.org\/ca\/manifesto_manifeste_more_culture_plus_culture\/","og_locale":"ca_ES","og_type":"article","og_title":"Manifesto More Culture!, More Europe! In favour of culture and for the relaunch of the European project \/ Manifeste Plus de Culture! Plus d\u2019Europe! Plus de culture pour la relance du projet de l'Union europ\u00e9enne. - Cercle de Cultura","og_description":"In support of culture as a strategic factor in overcoming the COVID-19 crisis that is open to all institutions, NGOs, companies, artists, creators, intellectuals, technicians and cultural managers of all European Union Member States \/ En faveur de la culture comme facteur strat\u00e9gique pour surmonter la crise COVID-19, ouvert \u00e0 toutes les institutions, organisations non gouvernementales, entreprises, artistes, cr\u00e9ateurs, intellectuels, techniciens et administrateurs culturels de tous les \u00c9tats membres de l'Union europ\u00e9enne.","og_url":"https:\/\/www.cercledecultura.org\/ca\/manifesto_manifeste_more_culture_plus_culture\/","og_site_name":"Cercle de Cultura","article_published_time":"2020-07-08T11:56:00+00:00","article_modified_time":"2021-04-15T17:13:32+00:00","og_image":[{"width":1266,"height":671,"url":"https:\/\/www.cercledecultura.org\/wp-content\/uploads\/2021\/02\/FFhdts59P0a1sUmCvgBTDQ.png","type":"image\/png"}],"author":"admin","twitter_card":"summary_large_image","twitter_misc":{"Escrit per":"admin","Temps estimat de lectura":"23 minuts"},"schema":{"@context":"https:\/\/schema.org","@graph":[{"@type":"Article","@id":"https:\/\/www.cercledecultura.org\/ca\/manifesto_manifeste_more_culture_plus_culture\/#article","isPartOf":{"@id":"https:\/\/www.cercledecultura.org\/ca\/manifesto_manifeste_more_culture_plus_culture\/"},"author":{"name":"admin","@id":"https:\/\/www.cercledecultura.org\/ca\/#\/schema\/person\/269db25cfadcb4bd2e41781c819942f9"},"headline":"Manifesto More Culture!, More Europe! In favour of culture and for the relaunch of the European project \/ Manifeste Plus de Culture! Plus d\u2019Europe! Plus de culture pour la relance du projet de l&#8217;Union europ\u00e9enne.","datePublished":"2020-07-08T11:56:00+00:00","dateModified":"2021-04-15T17:13:32+00:00","mainEntityOfPage":{"@id":"https:\/\/www.cercledecultura.org\/ca\/manifesto_manifeste_more_culture_plus_culture\/"},"wordCount":6617,"commentCount":0,"publisher":{"@id":"https:\/\/www.cercledecultura.org\/ca\/#organization"},"image":{"@id":"https:\/\/www.cercledecultura.org\/ca\/manifesto_manifeste_more_culture_plus_culture\/#primaryimage"},"thumbnailUrl":"https:\/\/www.cercledecultura.org\/wp-content\/uploads\/2021\/02\/FFhdts59P0a1sUmCvgBTDQ.png","keywords":["Europe","manifesto"],"articleSection":["Manifest"],"inLanguage":"ca","potentialAction":[{"@type":"CommentAction","name":"Comment","target":["https:\/\/www.cercledecultura.org\/ca\/manifesto_manifeste_more_culture_plus_culture\/#respond"]}]},{"@type":"WebPage","@id":"https:\/\/www.cercledecultura.org\/ca\/manifesto_manifeste_more_culture_plus_culture\/","url":"https:\/\/www.cercledecultura.org\/ca\/manifesto_manifeste_more_culture_plus_culture\/","name":"Manifesto More Culture!, More Europe! In favour of culture and for the relaunch of the European project \/ Manifeste Plus de Culture! Plus d\u2019Europe! Plus de culture pour la relance du projet de l'Union europ\u00e9enne. - Cercle de Cultura","isPartOf":{"@id":"https:\/\/www.cercledecultura.org\/ca\/#website"},"primaryImageOfPage":{"@id":"https:\/\/www.cercledecultura.org\/ca\/manifesto_manifeste_more_culture_plus_culture\/#primaryimage"},"image":{"@id":"https:\/\/www.cercledecultura.org\/ca\/manifesto_manifeste_more_culture_plus_culture\/#primaryimage"},"thumbnailUrl":"https:\/\/www.cercledecultura.org\/wp-content\/uploads\/2021\/02\/FFhdts59P0a1sUmCvgBTDQ.png","datePublished":"2020-07-08T11:56:00+00:00","dateModified":"2021-04-15T17:13:32+00:00","breadcrumb":{"@id":"https:\/\/www.cercledecultura.org\/ca\/manifesto_manifeste_more_culture_plus_culture\/#breadcrumb"},"inLanguage":"ca","potentialAction":[{"@type":"ReadAction","target":["https:\/\/www.cercledecultura.org\/ca\/manifesto_manifeste_more_culture_plus_culture\/"]}]},{"@type":"ImageObject","inLanguage":"ca","@id":"https:\/\/www.cercledecultura.org\/ca\/manifesto_manifeste_more_culture_plus_culture\/#primaryimage","url":"https:\/\/www.cercledecultura.org\/wp-content\/uploads\/2021\/02\/FFhdts59P0a1sUmCvgBTDQ.png","contentUrl":"https:\/\/www.cercledecultura.org\/wp-content\/uploads\/2021\/02\/FFhdts59P0a1sUmCvgBTDQ.png","width":1266,"height":671},{"@type":"BreadcrumbList","@id":"https:\/\/www.cercledecultura.org\/ca\/manifesto_manifeste_more_culture_plus_culture\/#breadcrumb","itemListElement":[{"@type":"ListItem","position":1,"name":"Portada","item":"https:\/\/www.cercledecultura.org\/ca\/"},{"@type":"ListItem","position":2,"name":"Manifesto More Culture!, More Europe! In favour of culture and for the relaunch of the European project \/ Manifeste Plus de Culture! Plus d\u2019Europe! Plus de culture pour la relance du projet de l&#8217;Union europ\u00e9enne."}]},{"@type":"WebSite","@id":"https:\/\/www.cercledecultura.org\/ca\/#website","url":"https:\/\/www.cercledecultura.org\/ca\/","name":"Cercle de Cultura","description":"Entitat de car\u00e0cter privat i associatiu, independent, amb voluntat de participar en la vida p\u00fablica des de la pluralitat ideol\u00f2gica dels seus membres fundadors i futurs associats","publisher":{"@id":"https:\/\/www.cercledecultura.org\/ca\/#organization"},"potentialAction":[{"@type":"SearchAction","target":{"@type":"EntryPoint","urlTemplate":"https:\/\/www.cercledecultura.org\/ca\/?s={search_term_string}"},"query-input":{"@type":"PropertyValueSpecification","valueRequired":true,"valueName":"search_term_string"}}],"inLanguage":"ca"},{"@type":"Organization","@id":"https:\/\/www.cercledecultura.org\/ca\/#organization","name":"Cercle de Cultura","url":"https:\/\/www.cercledecultura.org\/ca\/","logo":{"@type":"ImageObject","inLanguage":"ca","@id":"https:\/\/www.cercledecultura.org\/ca\/#\/schema\/logo\/image\/","url":"https:\/\/www.cercledecultura.org\/wp-content\/uploads\/2020\/01\/logo-cercle-de-cultura.png","contentUrl":"https:\/\/www.cercledecultura.org\/wp-content\/uploads\/2020\/01\/logo-cercle-de-cultura.png","width":350,"height":195,"caption":"Cercle de Cultura"},"image":{"@id":"https:\/\/www.cercledecultura.org\/ca\/#\/schema\/logo\/image\/"}},{"@type":"Person","@id":"https:\/\/www.cercledecultura.org\/ca\/#\/schema\/person\/269db25cfadcb4bd2e41781c819942f9","name":"admin","image":{"@type":"ImageObject","inLanguage":"ca","@id":"https:\/\/secure.gravatar.com\/avatar\/e88a8bb50a361c6d45c4709770a3d765016be4b5d85313447b91d0d707434ad9?s=96&d=mm&r=g","url":"https:\/\/secure.gravatar.com\/avatar\/e88a8bb50a361c6d45c4709770a3d765016be4b5d85313447b91d0d707434ad9?s=96&d=mm&r=g","contentUrl":"https:\/\/secure.gravatar.com\/avatar\/e88a8bb50a361c6d45c4709770a3d765016be4b5d85313447b91d0d707434ad9?s=96&d=mm&r=g","caption":"admin"},"url":"https:\/\/www.cercledecultura.org\/ca\/author\/seic_trzh7tdr\/"}]}},"_links":{"self":[{"href":"https:\/\/www.cercledecultura.org\/ca\/wp-json\/wp\/v2\/posts\/966","targetHints":{"allow":["GET"]}}],"collection":[{"href":"https:\/\/www.cercledecultura.org\/ca\/wp-json\/wp\/v2\/posts"}],"about":[{"href":"https:\/\/www.cercledecultura.org\/ca\/wp-json\/wp\/v2\/types\/post"}],"author":[{"embeddable":true,"href":"https:\/\/www.cercledecultura.org\/ca\/wp-json\/wp\/v2\/users\/1"}],"replies":[{"embeddable":true,"href":"https:\/\/www.cercledecultura.org\/ca\/wp-json\/wp\/v2\/comments?post=966"}],"version-history":[{"count":5,"href":"https:\/\/www.cercledecultura.org\/ca\/wp-json\/wp\/v2\/posts\/966\/revisions"}],"predecessor-version":[{"id":1474,"href":"https:\/\/www.cercledecultura.org\/ca\/wp-json\/wp\/v2\/posts\/966\/revisions\/1474"}],"wp:featuredmedia":[{"embeddable":true,"href":"https:\/\/www.cercledecultura.org\/ca\/wp-json\/wp\/v2\/media\/967"}],"wp:attachment":[{"href":"https:\/\/www.cercledecultura.org\/ca\/wp-json\/wp\/v2\/media?parent=966"}],"wp:term":[{"taxonomy":"category","embeddable":true,"href":"https:\/\/www.cercledecultura.org\/ca\/wp-json\/wp\/v2\/categories?post=966"},{"taxonomy":"post_tag","embeddable":true,"href":"https:\/\/www.cercledecultura.org\/ca\/wp-json\/wp\/v2\/tags?post=966"}],"curies":[{"name":"wp","href":"https:\/\/api.w.org\/{rel}","templated":true}]}}