{"id":964,"date":"2020-07-08T00:04:00","date_gmt":"2020-07-08T00:04:00","guid":{"rendered":"https:\/\/pre.cercledecultura.org\/manifest_cultura_europa\/"},"modified":"2021-03-07T15:04:56","modified_gmt":"2021-03-07T15:04:56","slug":"manifest_cultura_europa","status":"publish","type":"post","link":"https:\/\/www.cercledecultura.org\/ca\/manifest_cultura_europa\/","title":{"rendered":"Manifest M\u00e9s Cultura! M\u00e9s Europa! M\u00e9s cultura en el rellan\u00e7ament del projecte de la Uni\u00f3 Europea \/ Manifiesto \u00a1M\u00e1s Cultura, M\u00e1s Europa! M\u00e1s cultura en el relanzamiento del proyecto de la Uni\u00f3n Europea"},"content":{"rendered":"<p>Formulari per a l&#8217;adhesi\u00f3 de creadors, professionals, institucions, empreses i entitats del m\u00f3n de la cultura (cliqueu sobre el text anterior)  Formulario para la adhesi\u00f3n de creadores, professionales, instituciones, empresas y entitades del mundo de la cultura (clicar sobre el texto anterior)  La versi\u00f3n en castellano del manifiesto&nbsp;est\u00e1 situada debajo del texto en lengua catalana.   Manifest &#8220;M\u00e9s Cultura! M\u00e9s Europa! M\u00e9s cultura en el rellan\u00e7ament del projecte de la Uni\u00f3 Europea&#8221;  PRESENTACI\u00d3  La crisi pand\u00e8mica que estem vivint i les seves conseq\u00fc\u00e8ncies socials i econ\u00f2miques han posat de manifest relleu la import\u00e0ncia de la cultura per superar la crisi. La cultura s\u2019ha mostrat com l\u2019espai m\u00e9s valu\u00f3s per retrobar valors com la superaci\u00f3, creativitat, sensibilitat, esfor\u00e7, solidaritat, di\u00e0leg. Per\u00f2 tamb\u00e9 ens ha situat davant de moltes de les febleses dels sectors de la cultura i de les arts. Un fet que hem de corregir per aprofitar, i tamb\u00e9 la seva for\u00e7a i potencial pel rellan\u00e7ament d\u2019un projecte de la Uni\u00f3 Europea i la qualitat de vida de la ciutadania.  La diversitat i riquesa cultural d\u2019Europa \u00e9s un element fonamental per superar aquesta profunda crisi, que afecta a tots els pa\u00efsos, i que implica les responsabilitats de les administracions locals, regionals, auton\u00f2miques, federals i estatals de tots els estats membres.  La cultura no \u00e9s una despesa. \u00c9s una inversi\u00f3. \u00c9s un \u00e0mbit fonamental per a la defensa d\u2019una forma de vida en la que les persones s\u00f3n la prioritat. La cultura, en les seves diverses expressions, \u00e9s un element essencial de l\u2019estil i qualitat de vida dels europeus.  Cada Estat membre t\u00e9 reptes i circumst\u00e0ncies diferents. Per\u00f2 tots els ciutadans europeus tenen en la cultura un element com\u00fa per a la construcci\u00f3 de dignitat, progr\u00e9s, qualitat de vida, i tamb\u00e9 desenvolupament econ\u00f2mic i competitivitat.  L\u2019objectiu d\u2019aquesta iniciativa, oberta a tothom, \u00e9s crear un estat d\u2019opini\u00f3 i instar a posar en marxa un proc\u00e9s de di\u00e0leg i d\u2019actuaci\u00f3 liderades des de cada pa\u00eds, per\u00f2 que posin en com\u00fa la import\u00e0ncia de les arts i la cultura en l\u2019enfortiment del projecte de la Uni\u00f3 Europea, com un projecte com\u00fa de pau i seguretat, democr\u00e0cia, progr\u00e9s i defensa dels drets humans.  Les institucions, entitats, organitzacions, empreses i operadors de les arts i la cultura hem d\u2019oferir un proc\u00e9s de di\u00e0leg i col\u2022laboraci\u00f3 amb les diferents administracions que permeti situar la cultura en una posici\u00f3 de major centralitat institucional, econ\u00f2mica i social.  Aquesta iniciativa, impulsada des del Cercle de Cultura de Barcelona, es va posar en marxa el 23 d\u2019abril, i avui est\u00e0 encap\u00e7alada per la Federaci\u00f3n Estatal de Entidades de Gesti\u00f3n Cultural d\u2019Espanya (Madrid), el projecte A Soul for Europe (Berlin), l\u2019European Festivals Association (Brussel\u2022les) i la Fundaci\u00f3n Alternativas (Madrid) i compta amb el suport de personalitats vinculades a la cultura i a les institucions europees.&nbsp;  \u00c9s una iniciativa oberta que vol compartir el lideratge amb totes les institucions, organitzacions i professionals que s\u2019hi vulguin adherir. Es tracta de sumar esfor\u00e7os entre tots els sectors de les arts i de la cultura i d\u2019altres directament vinculats com l\u2019economia creativa, la innovaci\u00f3 o el turisme, de cadascun dels pa\u00efsos de la Uni\u00f3 Europea. Junts serem m\u00e9s forts. M\u00e9s Cultura! M\u00e9s Europa!&nbsp;  &nbsp;  MANIFEST  Un manifest en favor de la cultura com factor estrat\u00e8gic de superaci\u00f3 de la crisi del COVID-19, obert a totes les institucions, entitats no governamentals, empreses, artistes, creadors, intel\u00b7lectuals, t\u00e8cnics i gestors culturals de tots els Estats membres de la Uni\u00f3 Europea.  Segons la Declaraci\u00f3 Universal dels Drets Humans la cultura \u00e9s un dret de totes les persones. En la construcci\u00f3 del projecte de la Uni\u00f3 Europea, la riquesa i diversitat d\u2019expressions culturals s\u00f3n un factor fonamental de dignitat i qualitat de vida, i un element clau per a la creaci\u00f3 de desenvolupament econ\u00f2mic, competitivitat i d\u2019impuls de la innovaci\u00f3.  El sectors de la cultura estan patint un crisi que no t\u00e9 precedents hist\u00f2rics. Ni durant els conflictes b\u00e8l\u2022lics del segle XX l\u2019activitat cultural Europea no havia estat tant afectada com ho est\u00e0 per efecte de la pand\u00e8mia del COVID-19. Els museus, biblioteques, editorials, galeries, d\u2019art, teatres, cinemes, sales de concert, ball, festivals, fires, circ, manifestacions populars i tot tipus d\u2019expressions i projectes culturals han sofert uns efectes important\u00edssims que amenacen tant la continu\u00eftat dels artistes, creadors, professionals, empreses, entitats i institucions, i afectaran greument el futur immediat de les formes de relaci\u00f3 i acc\u00e9s cultural.  La Uni\u00f3 Europea \u00e9s un projecte de pau, seguretat, cooperaci\u00f3 i progr\u00e9s que ha perm\u00e8s una de les etapes de major prosperitat i qualitat de vida per al conjunt de la ciutadania de tots els seus Estats membres. La riquesa i diversitat cultural d\u2019Europa s\u00f3n molt importants per desenvolupar l\u2019estil de vida i l\u2019espai com\u00fa del projecte de la Uni\u00f3 Europea.  Tot i que les pol\u00edtiques culturals s\u00f3n una compet\u00e8ncia dels Estats membres, instem a les principals institucions de la Uni\u00f3 Europea (Parlament, Consell i Comissi\u00f3 Europea), a incorporar la cultura en l\u2019agenda de rellan\u00e7ament del projecte Europeu que \u00e9s necessari posar en marxa per superar els efectes de la crisi del COVID-19. Cal superar febleses anteriors i donar un nou impuls al projecte de la Uni\u00f3 Europea, en el que la cultura sigui un factor m\u00e9s important.  &nbsp;La diversitat i la difer\u00e8ncia de les respostes de recolzament a la situaci\u00f3 de crisi dels sectors de la cultura que s\u2019estan impulsant pels Estats membres ens donen una idea de la necessitat de millorar l\u2019intercanvi de bones pr\u00e0ctiques en la determinaci\u00f3 de les prioritats pol\u00edtiques, el finan\u00e7ament i el desenvolupament de la cultura a nivell Europeu.  Per aix\u00f2 proposem que les institucions europees impulsin els Estats membres a treballar en un proc\u00e9s de desenvolupament i de millora dels mecanismes de finan\u00e7ament i suport, incorporant amb m\u00e9s for\u00e7a el car\u00e0cter estrat\u00e8gic de la cultura en el projecte de construcci\u00f3 Europea.  &nbsp;  Punts del manifest:  \u2022 La cultura \u00e9s un dret recollit per la declaraci\u00f3 Universal dels Drets Humans, i un b\u00e9 de primera necessitat que ha d\u2019incorporar-se amb m\u00e9s for\u00e7a en projecte de construcci\u00f3 del projecte Europeu.  \u2022 Aix\u00f2 comporta que la cultura ha d\u2019estar protegida, impulsada i promocionada, amb uns recursos suficients i adequats a aquesta import\u00e0ncia, des dels Estats, per\u00f2 tamb\u00e9 amb el suport i participaci\u00f3 de les institucions europees.  \u2022 La cultura hauria d\u2019integrar-se amb major intensitat en els plans estrat\u00e8gics de desenvolupament territorial, social i econ\u00f2mic, nacionals i d\u2019abast europeu.  \u2022 Calen incorporar mesures de \u201cxoc\u201d destinades a injectar recursos en el sectors culturals amb car\u00e0cter immediat. M\u00e9s enll\u00e0 de l\u2019endeutament per sortir de la crisi caldr\u00e0 actuar de manera urgent per preservar el teixit cultural, amb especial atenci\u00f3 a la relaci\u00f3 entre el sector p\u00fablic i el privat.  \u2022 S\u00f3n imprescindibles mesures de protecci\u00f3 tant dels artistes, creadors, t\u00e8cnics i gestors, com de les empreses, entitats i institucions culturals, font de riquesa i treball de moltes persones.  \u2022 Cal una major coordinaci\u00f3 estrat\u00e8gica de la cultura amb les pol\u00edtiques econ\u00f2miques, educatives, de benestar, desenvolupament i cooperaci\u00f3.  \u2022 Cal una gran campanya de comunicaci\u00f3 per sensibilitzar la ciutadania europea envers del valor fonamental de la cultura per construir el projecte col\u2022lectiu de conviv\u00e8ncia i de la necessitat de la seva complicitat per generar una viabilitat dels sectors culturals el m\u00e9s aviat possible.  &nbsp;\u2022 Cal comen\u00e7ar a treballar en iniciatives de coordinaci\u00f3 que permetin disposar als Estats membres de lleis de Mecenatge, Patrocini i Participaci\u00f3 social que segueixin un proc\u00e9s d\u2019homologaci\u00f3 europea, i que esdevinguin un veritable est\u00edmul per la participaci\u00f3 de les persones f\u00edsiques com jur\u00eddiques en el finan\u00e7ament de la cultura.  \u2022 Cal posar-se a treballar en l\u2019actualitzaci\u00f3 del marc normatiu dels Estats membres que afecta els sectors de la cultura, aprofitant els potencials reals de la cultura en el desenvolupament estrat\u00e8gic del model econ\u00f2mic, social i territorial.  \u2022 Els sectors de la cultura volem ser considerats tan necessaris com ho hem estat per superar aquest confinament. Ara, per\u00f2, cal que aquest esfor\u00e7 sigui col\u2022lectiu i d\u2019abast europeu. Nom\u00e9s d\u2019aquesta forma podrem aprofitar l\u2019enorme riquesa i diversitat cultural de la Uni\u00f3 Europea en el rellan\u00e7ament del seu projecte de futur.  &nbsp;  Donen suport a aquest manifest:  Hans-Gert P\u00f6ttering \/ President de la \u201cFormer Members of the European Parliament\u201d i Expresident del Parlament Europeu \/ Alemanya  Enrique Bar\u00f3n \/ Expresident del Parlament Europeu \/ President de la Fundaci\u00f3 Yehudi Menuhin-Espanya \/ Madrid  Manuel Cruz \/ Fil\u00f2sof i escriptor \/ Ex president del Senat d\u2019Espanya \/ Barcelona  Joan Rigol \/ Exconseller de Cultura i Expresident del Parlament de Catalunya \/ Barcelona  Doris Pack \/ Presidenta de la Franco-Germain Foundation for Cultural Cooperation i Expresidenta de la Comissi\u00f3 de Cultura del Parlament Europeu \/ Alemanya  Catherine Trautmann \/ Copresidenta de la Franco-German Cultural High Council i Exministra de Cultura de Fran\u00e7a \/ Fran\u00e7a  Hannes Swoboda \/ President del The International Institut for Peace i Expresident del Grup de Socialistes i Dem\u00f2crates del Parlament Europeu \/ \u00c0ustria  Nikolaus Sifounakis \/ Expresident de la Comissi\u00f3 de Cultura del Parlament Europeu \/ Gr\u00e8cia  Petra Kammerevert \/ Diputada del Parlament Europeu. Expresidenta de la Comisi\u00f3n de Cultura del Parlamento Europeo \/ Alemanya  Maria Badia \/ Exvicepresidenta del Grup Socialistes i Dem\u00f2crates del Parlament Europeu \/ Espanya  Segimon Borr\u00e0s \/ Editor. President del Cercle de Cultura \/ Barcelona  Kathrin Deventer \/&nbsp; Secretary General. European Festivals Association \/ Brussel\u2022les  Diego L\u00f3pez Garrido \/ Vicepresident executiu de la Fundaci\u00f3n Alternativas. Exsecretari d\u2019Estat per a la Uni\u00f3 Europea \/ Madrid  Santiago Fisas \/ Exmembre de la Comissi\u00f3 de Cultura del Parlament Europeu \/ Barcelona  Zita Gurmai \/ Presidenta del Partit Socialista Europeu de Dones i Exmembre del Parlament Europeu \/ Hongria  Volker Hassemer, Chairperson of the foundation Zukunft \/ Berlin&nbsp;  Nele Hertling \/ Portaveu A Soul For Europe \/ Berlin&nbsp;  Daniel Innerarity \/ Fil\u00f2sof. Director de l\u2019Institut de Governan\u00e7a Democr\u00e0tica \/ Pa\u00eds Basc \/ Espanya  Ulrich Fuchs \/ Director dels Projectes de l&#8217;European Capital of Culture Linz 2009 and Marseille-Provence 2013 \/ Marsella&nbsp;  Jaume Lanaspa \/ President de l\u2019Oficina de Barcelona del Club de Roma \/ Catalunya \/ Espanya  Pia Locatelli \/ Presidenta de la Fondazione A.J. Zaninoni per la Promoci\u00f3 cultural i la formaci\u00f3 i Exmembre del Parlament Europeu \/ It\u00e0lia  Gabriel Magalh\u00e2es \/ Pensador, escriptor i poeta \/ Portugal  Jos\u00e9 Manuel P\u00e9rez Gonz\u00e1lez (Peridis) \/ Arquitecte i dibuixant \/ Madrid  Francesc Torralba \/ Fil\u00f2sof \/ Catedr\u00e0dic d\u2019\u00c8tica \/ Universitat Ramon Llull \/ Barcelona  Joan Manuel Tresserras \/ Exconseller de Cultura de la Generalitat de Catalunya \/ Barcelona  Jordi Amat \/ Fil\u00f2leg i editor d\u2019El M\u00f3n de Dem\u00e0 \/ Barcelona  Teresa Riera \/ Expresidenta de la Comissi\u00f3 d&#8217;Ind\u00fastria i Investigaci\u00f3 del Parlament Europeu \/ Balears \/ Espanya  Diana Riba \/ Membre de la Comissi\u00f3 de Cultura del Parlament Europeu \/ Barcelona  Andreas Schieder \/ Diputat al Parlament Europeu \/ \u00c0ustria  Salima Yenbou \/ Portaveu dels Verds a la Comissi\u00f3 de Cultura del Parlament Europeu \/ Fran\u00e7a  Pere Vicens i Rahola \/ President d&#8217;Honor del Cercle de Cultura. Expresident de la Uni\u00f3 Internacional d&#8217;Editors i Expresident de la Federaci\u00f3 d&#8217;Editors Europeus \/ Barcelona  &nbsp;  Adhesions inicials:  Jordi Alberich \/ Empresari \/ Membre del Cercle de Cultura \/ Catalunya \/ Espanya  Ferran Aud\u00ed \/ Actor i director de cinema i teatre \/ Membre de la Junta del Cercle de Cultura \/ Catalunya \/ Espanya  Laura Bertran \/ Directora de Primer punt: Comunicaci\u00f3 i estrat\u00e8gia institucional \/ Membre de la Junta del Cercle de Cultura \/ Catalunya \/ Espanya  Airan Berg \/ Director Art\u00edstic del Festival der Regionen \/ \u00c0ustria  Llu\u00eds Bonet \/ Director del Programa de Gesti\u00f3 Cultural de la UB \/ Membre del Cercle de Cultura \/ Catalunya \/ Espanya  Montserrat Bou \/Directora general de PROA, Productors Audiovisuals Federats \/ Membre de la junta del Cercle de Cultura \/ Catalunya \/ Espanya  Gemma Carb\u00f3 \/ Gestora Cultural \/ Presidenta de la fundaci\u00f3 INTERARTS \/ Catalunya \/ Espanya  Mart\u00edn Carrasco Pedrero \/ Gestor Cultural i Comissari d\u2019Exposicions \/ Extremadura \/ Espanya  Jes\u00fas Cimarro \/ President de l\u2019Academia de las Artes Esc\u00e9nicas de Espa\u00f1a \/ Espanya  Santiago Manuel Cuadrado Rodr\u00edguez \/ Gestor Cultural. Diputaci\u00f3 Provincial de Badajoz \/ Extremadura \/ Espanya   Carles Duarte \/ Director de la Fundaci\u00f3 Instituci\u00f3 Cultural del CIC. Ex President del Consell Nacional de la Cultura i de les Arts \/ Membre del Cercle de Cultura \/ Catalunya \/ Espanya  Paul Dujardin \/ CEO &amp; Director Art\u00edstic de BOZAR, European House for Culture \/ Brussel\u00b7les \/ B\u00e8lgica  Daniel Fern\u00e1ndez \/ Editor d\u2019EDHASA. President de CEDRO (Centro Espa\u00f1ol de Derechos Reprogr\u00e1ficos) \/ Catalunya \/ Espanya  Jorge Avelino Fern\u00e1ndez de Le\u00f3n \/ Gestor Cultural. Membre del patronat de l\u2019Acad\u00e8mia Espa\u00f1ola a Roma \/ Ast\u00faries \/ Espanya  Jordi Font i Cardona \/ Gestor cultural i secretari del Consell Nacional de la Cultura i de les Arts \/ Catalunya \/ Espanya  Merc\u00e8 Franquesa \/ Secretaria General del Cercle d\u2019Economia \/ Membre de la Junta del Cercle de Cultura \/ Catalunya \/ Espanya  Agust\u00edn Fructuoso \/ Artista pl\u00e0stic \/ Membre de la junta del Cercle de Cultura \/ Catalunya \/ Espanya  \u00c1ngel Garc\u00eda Carre\u00f1o \/ Gestor cultural \/ Navarra \/ Espanya  Jordi Gonz\u00e1lez \/ Vicepresident d\u2019Arts i Continguts del grup FOCUS \/ Membre de la Junta del Cercle de Cultura \/ Catalunya \/ Espanya  Beatriz Hern\u00e1ndez G\u00f3mez \/ Gestora cultural \/ Extremadura \/ Espanya  Bel\u00e9n Latorre \/ Directora de la Fundaci\u00f3 Antigues Caixes Catalanes \/ Membre de la Junta del Cercle de Cultura \/ Catalunya \/ Espanya  Esteve Le\u00f3n \/ Membre de la Junta del Cercle de Cultura \/ Advocat i Gestor Cultural \/ Catalunya \/ Espanya  Felice v. Maltzahn \/ Zukunft Foundation \/ Berlin \/ Alemanya  Miguel \u00c1ngel Mart\u00edn Ramos \/ Responsable d\u2019Assumptes Europeus&nbsp; a Brussel\u2022les. Fundaci\u00f3n Academia Europea e Iberoamericana de Yuste \/ Membre del grup estrat\u00e8gic de A Soul for Europe \/ Extremadura \/ Espanya  Alfons Martinell \/ Director honor\u00edfic de la C\u00e0tedra Unesco: \u00abPol\u00edtiques Culturals i Cooperaci\u00f3\u00bb \/ Membre de la Junta del Cercle de Cultura \/ Catalunya \/ Espanya  Daniel Mart\u00ednez de Obreg\u00f3n \/ President del Grup Focus \/ Membre del Cercle de Cultura \/ Catalunya \/ Espanya  Rub\u00e9n Morcillo Calder\u00f3n \/ Gestor Cultural. Comissari d\u2019exposicions i espais culturals \/ Extremadura \/ Espanya  Juan Carlos Moreno Pi\u00f1ero \/ Director de la Fundaci\u00f3n Academia Europea e Iberoamericana de Yuste \/ Extremadura \/ Espanya  Vinyet Panyella \/ Presidenta del Consell Nacional de la Cultura i de les Arts \/ Membre de la Junta del Cercle de Cultura \/ Catalunya \/ Espanya  Jordi Pardo \/ Director general de la Fundaci\u00f3 Pau Casals \/ Membre de la Junta del Cercle de Cultura \/ Catalunya \/ Espanya  Marta Puigderrajols \/ Gestora Cultural \/ Membre de la Junta del Cercle de Cultura \/ Catalunya \/ Espanya  F\u00e8lix Riera \/ Editor i director de la Fundaci\u00f3 Romea \/ Membre de la Junta del Cercle de Cultura \/ Catalunya \/ Espanya  M. \u00c0ngels Torras \/ Directora dels Serveis Territorials a Barcelona del Departament de Cultura de la Generalitat de Catalunya \/ Membre de la Junta del Cercle de Cultura \/ Catalunya \/ Espanya  Antoni Vila Casas \/ President de la Fundaci\u00f3 Vila Casas \/ Membre del Cercle de Cultura \/ Catalunya \/ Espanya  &nbsp;  Noves adhesions  &nbsp;  Carles Arques Aliaga \/ Crea360. T\u00e8cnic de Projectes Europeus \/ Pa\u00eds Valenci\u00e0 \/ Espanya Miguel Atanet \/ Periodista \/ Andalusia \/ Espanya Nicolas Bertrand \/ Consultor en cooperaci\u00f3 cultural \/ Fran\u00e7a Marta Esteve \/ Directora general de la Fundaci\u00f3 Carulla \/ Catalunya \/ Espanya V\u00edctor Fern\u00e1ndez Correas \/ Periodista i escriptor \/ Extremadura \/ Espanya Diego Ferro \/ Actor \/ Madrid \/ Espanya Dagmar Gr\u00fcnwald \/ Gestora cultural \/ \u00c0ustria Lluci\u00e0 Homs \/ Consultor cultural, comissari d\u2019exposicions i art advisor \/ Membre del Cercle de Cultura \/ Catalunya \/ Espanya Antonio Paolo Russo \/ Universitat Rovira i Virgili \/ It\u00e0lia Mar\u00eda Jes\u00fas Pascual Gonz\u00e1lez \/ Documentalista. Centro de Documentaci\u00f3n e Informaci\u00f3n Europea de Extremadura \/ Extremadura \/ Espanya Antonio Salazar \/ Actor de cinema i televisi\u00f3 \/ Madrid \/ Espanya Alexandra Savvopoulou \/ Europe 2021 \/ Gr\u00e8cia Jos\u00e9 Manuel Seda \/ Actor de cinema, teatre i televisi\u00f3 \/ Andalusia \/ Espanya Elvira Sojli \/ University of New South Wales \/ Austr\u00e0lia Borut Vojkovic \/ Turisme, Emprenedoria i Desenvolupament Rural al Municipi de Moravske Toplice \/ Eslov\u00e8nia  &nbsp;  &nbsp;  Organitzacions promotores de la iniciativa:  Cercle de Cultura &#8211; cercledecultura.org  FEAGC &#8211; Federaci\u00f3n Estatal de Asociaciones de Profesionales de la Gesti\u00f3n Cultural &#8211; feagc.com  ASfE &#8211; A Soul for Europe &#8211; asoulforeurope.eu&nbsp;  Fundaci\u00f3n Alternativas &#8211; fundacionalternativas.org  EFA &#8211; European Festivals Association &#8211; efa-aef.eu  &nbsp;  Organizacions i entitats (68)  Acad\u00e8mia Catalana de la M\u00fasica  ACPDC &#8211; Associaci\u00f3 de Companyies Professionals de Dansa de Catalunya  ADPCE &#8211; Asociaci\u00f3n de Directores de Producci\u00f3n Cinematogr\u00e1fica de Espa\u00f1a&nbsp;  \u00c0gora Serveis Culturals S.L  Agrupaci\u00f3 de Colles de Geganters de Catalunya  Amics de la UNESCO Barcelona  APAC Associaci\u00f3 de Professionals de l&#8217;Audiovisual Catal\u00e0  Asociaci\u00f3n de Muse\u00f3logos y Muse\u00f3grafos de Andaluc\u00eda  ASSITEJ Espa\u00f1a. Artes Esc\u00e9nicas para la Infancia y la Juventud  Associaci\u00f3 Casal Font d&#8217;en Fargues  Associaci\u00f3 Cultural El Galliner de Manresa (Toc d&#8217;espectacles)  Associaci\u00f3 d&#8217;editors en llengua catalana  Associaci\u00f3 El Cor Canta  Associaci\u00f3 Musical Windu  BOZAR, European House for Culture  Centre d&#8217;Estudis Comarcals del Segri\u00e0  Centre Moral i Cultural del Poblenou  CIATRE \u2013 Associaci\u00f3 de Companyies de Teatre Professional de Catalunya&nbsp;  Cluster Audiovisual de Catalunya  Col\u00b7legi Professional de l&#8217;Audiovisual de Catalunya  Consorcio de Galer\u00edas de Arte Contempor\u00e1neo  Coral Font d&#8217;en Fargues  CoWorkNexus Project  daniel berdala art shop  Diagnosis Cultural  Editorial Les hores  Esbart Catal\u00e0 de Dansaires  Escola Municipal de dansa de Celr\u00e0  EtcA &#8211; Escola de teatre i circ d&#8217;Amposta  FAETEDA &#8211; Federaci\u00f3n Estatal de Asociaciones de Empresas de Teatro y Danza  FEAGC &#8211; Federaci\u00f3n Estatal de Asociaciones de Profesionales de la Gesti\u00f3n Cultural&nbsp;  FECED &#8211; Federaci\u00f3n estatal de compa\u00f1\u00edas y empresas de danza  Federaci\u00f3 Catalana de Societats Musicals  Federaci\u00f3 de Grups Amateurs de Teatre de Catalunya  Federaci\u00f3 Pessebres Vivents de Catalunya  FEMA &#8211; Federaci\u00f3n de M\u00fasicos Asociados  Filmcommission Barcelona  Foment del Treball  Fundaci\u00f3 Aig\u00fces de Manresa &#8211; Junta de la S\u00e8quia  Fundaci\u00f3 Antiga Caixa Manlleu  Fundaci\u00f3 Antigues Caixes Catalanes  Fundaci\u00f3 Ars  Fundaci\u00f3 Interarts  Fundaci\u00f3 Orfe\u00f3 Lleidat\u00e0  Fundaci\u00f3 Pau Casals  Fundaci\u00f3 Privada Taller de M\u00fasics  Fundaci\u00f3n Academia Europea e Iberoamericana de Yuste  Fundaci\u00f3n Caja de Burgos  Fundaci\u00f3n Kreanta  Fundaci\u00f3n Premio Convivencia  GEMA &#8211; Asociaci\u00f3n de Grupos Espa\u00f1oles de M\u00fasica Antigua  GGAC &#8211; Gremi de Galeries d&#8217;Art de Catalunya  Gremi de Llibreters de Catalunya  Innovarte  LiceXballet  Life &amp; Pictures S.L.  Llegir en Catal\u00e0 &#8211; Associaci\u00f3 d&#8217;Editorials Independents  Morfema T, SL  PAC &#8211; Productors Audiovisuals de Catalunya  PDC &#8211; Plataforma en Defensa de la Cultura  PIAF &#8211; Productoras Independientes Audiovisuales Federadas  Propostes Art\u00edstiques, SL  Tr\u00e0nsit Projectes  TRESC &#8211; Comunitat de Cultura  UNIMA &#8211; Uni\u00f3n Internacional de la Marioneta Federaci\u00f3n Espa\u00f1a  VEGAP &#8211; Visual Entidad de Gesti\u00f3n de Artistas Pl\u00e1sticos  &nbsp;  Noves adhesions  &nbsp;  Academia de las Artes Esc\u00e9nicas de Espa\u00f1a AGADA Distribuci\u00f3n AlgoDiferente Gesti\u00f3n Cultural Alquibla Teatro Anabel Veloso Compa\u00f1\u00eda Flamenca ARC Research &amp; Consultancy Arte Amanti International Chamber Music Festival ARTEC -C-LM Asociaci\u00f3n de profesionales de la Gesti\u00f3n Cultural de Castilla-La Mancha Asociaci\u00f3n Cultural Lieva Asociaci\u00f3n Internacional de Fotograf\u00eda InCadaqu\u00e9s ASOCIACION TE VEO ARTES ESCENICAS PARA LA INFANCIA Associaci\u00f3 Arts al Carrer ATLANTE Cultura &amp; Teatro Aye Cultura Social Centro Culturale Internazionale Luigi Einaudi Citrum Audiovisual Fundaci\u00f3 Carulla Fundaci\u00f3n Melilla Ciudad Monumental GCIB Gestors Culturals de les Illes Balears&nbsp; GESCULT Cultura Innovaci\u00f3n y Desarrollo S. L. Grupo Puja. Teatro a\u00e9reo Javier Li\u00f1era Kunsthandel Pohlhammer La Siamesa L&#8217;Om Impreb\u00eds Nacho Vilar Producciones New Culture Foundation On the Move pigeon-bridge P\u2019LA ARTE Red de Cooperaci\u00f3n de las Rutas del Emperador Carlos V. Itinerario Cultural del Consejo de Europa Secci\u00f3n Iberoamericana del Ateneo de Madrid Smart ib\u00e9rica Impulso Empresarial Tanttaka Teatroa Teatre del Mar The OSB Music SC Txirene Producciones una m\u00e1s una Wonderfeel Festival  &nbsp;  La informaci\u00f3 actualitzada amb les noves adhesions estar\u00e0 disponible a les p\u00e0gines web de les entitats promotores:  cercledecultura.org \/ feagc.com \/ asoulforeurope.eu \/ fundacionalternativas.org \/ efa-aef.eu  &nbsp;  Formulari per a l&#8217;adhesi\u00f3 de creadors, professionals, institucions, empreses i entitats del m\u00f3n de la cultura&nbsp;(cliqueu sobre el text anterior)  &nbsp;    Manifiesto \u201c\u00a1M\u00e1s Cultura, M\u00e1s Europa! M\u00e1s cultura en el relanzamiento del proyecto de la Uni\u00f3n Europea\u201d  PRESENTACI\u00d3N La crisis pand\u00e9mica que estamos viviendo y sus consecuencias sociales y econ\u00f3micas han puesto de relieve la importancia de la cultura para superar la crisis. La cultura se ha mostrado como el espacio m\u00e1s valioso para reencontrar valores como la superaci\u00f3n, creatividad, sensibilidad, esfuerzo, solidaridad y di\u00e1logo. Pero tambi\u00e9n nos ha situado ante muchas de las debilidades de los sectores de la cultura y de las artes. Un hecho que tenemos que corregir para aprovechar su fuerza y potencial para el relanzamiento del proyecto de la Uni\u00f3n Europea y la calidad de vida de la ciudadan\u00eda. La diversidad y riqueza cultural de Europa es un elemento fundamental para superar esta profunda crisis que afecta a todos los pa\u00edses, y que implica las responsabilidades de las administraciones locales, regionales, auton\u00f3micas, federales y estatales de todos los estados miembros. La cultura no es un gasto. Es una inversi\u00f3n. Es un \u00e1mbito fundamental para la defensa de una forma de vida en la que las personas son la prioridad. La cultura, en sus diversas expresiones, es un elemento esencial del estilo y calidad de vida de los europeos. Cada Estado miembro tiene retos y circunstancias diferentes. Pero todos los ciudadanos europeos tienen en la cultura un elemento com\u00fan para la construcci\u00f3n de dignidad, progreso, calidad de vida, y tambi\u00e9n de desarrollo econ\u00f3mico y competitividad. El objetivo de esta iniciativa, abierta a todos, es crear un estado de opini\u00f3n e instar a poner en marcha un proceso de di\u00e1logo y de actuaci\u00f3n liderados desde cada pa\u00eds, pero que pongan en com\u00fan la necesidad la importancia del papel de las artes y la cultura en el fortalecimiento del proyecto de la Uni\u00f3n Europea, como un proyecto com\u00fan de paz y seguridad, democracia, progreso y defensa de los derechos humanos. Las instituciones, entidades, organizaciones, empresas y operadores de las artes y la cultura debemos ofrecer un proceso de di\u00e1logo y colaboraci\u00f3n con las diferentes administraciones que permita situar la cultura en una posici\u00f3n de mayor centralidad institucional, econ\u00f3mica y social. Esta iniciativa, impulsada desde el Cercle de Cultura de Barcelona, se puso en marcha el 23 de abril, y hoy est\u00e1 encabezada por la Federaci\u00f3n Estatal de Asociaciones de Gestores Culturales (Madrid), el proyecto A Soul for Europe (Berlin), la European Festivals Association (Bruselas) y la Fundaci\u00f3n Alternativas (Madrid) y cuenta con el apoyo de personalidades vinculadas a la cultura y a las instituciones europeas. Es una iniciativa abierta que quiere compartir el liderazgo con todas las instituciones, organizaciones y profesionales que quieran adherirse. Se trata de sumar esfuerzos entre todos los sectores de las artes y de la cultura y otros directamente vinculados como la econom\u00eda creativa, la innovaci\u00f3n o el turismo, de cada uno de los pa\u00edses de la Uni\u00f3n Europea. Juntos seremos m\u00e1s fuertes. \u00a1M\u00e1s cultura! \u00a1M\u00e1s Europa!  MANIFIESTO Un manifiesto a favor de la cultura como factor estrat\u00e9gico de superaci\u00f3n de la crisis del COVID-19, abierto a todas las instituciones, entidades no gubernamentales, empresas, artistas, creadores, intelectuales, t\u00e9cnicos y gestores culturales de todos los Estados miembros de la Uni\u00f3n Europea. Seg\u00fan la Declaraci\u00f3n Universal de los Derechos Humanos, la cultura es un derecho de todas las personas. En la construcci\u00f3n del proyecto de la Uni\u00f3n Europea, la riqueza y la diversidad de las expresiones culturales son un factor fundamental de dignidad y calidad de vida, y un elemento clave para la creaci\u00f3n de desarrollo econ\u00f3mico, competitividad y de impulso de la innovaci\u00f3n. Los sectores de la cultura est\u00e1n sufriendo una crisis que no tiene precedentes hist\u00f3ricos. Ni durante los conflictos b\u00e9licos del siglo XX la actividad cultural europea no hab\u00eda estado tan paralizada como lo est\u00e1 por efecto de la pandemia del COVID-19. Los museos, galer\u00edas de arte, bibliotecas, editoriales, teatros, cines, salas de concierto y de baile, festivales, ferias, circos, manifestaciones populares y todo tipo de expresiones y proyectos culturales han sufrido el cierre o la par\u00e1lisis, con unos efectos important\u00edsimos que amenazan tanto la continuidad de los artistas, creadores, profesionales, empresas, entidades e instituciones, y afectar\u00e1n gravemente el futuro inmediato de las formas de relaci\u00f3n y acceso cultural. La Uni\u00f3n Europea es un proyecto de paz, seguridad, cooperaci\u00f3n y progreso que ha permitido una de las etapas de mayor prosperidad, calidad de vida para el conjunto de la ciudadan\u00eda de todos sus Estados miembros. La riqueza y la diversidad cultural de Europa son muy importantes para desarrollar el estilo de vida y el espacio com\u00fan del proyecto de la Uni\u00f3n Europea. Aunque las pol\u00edticas culturales son una competencia de los Estados miembros, instamos a las principales instituciones de la Uni\u00f3n Europea (Parlamento, Consejo y Comisi\u00f3n Europea) a incorporar la cultura en la agenda de relanzamiento del proyecto europeo que es necesario poner en marcha para superar los efectos de la crisis del COVID-19. Hay que superar debilidades anteriores y dar un nuevo impulso al proyecto de la Uni\u00f3n Europea, en el que la cultura sea un factor m\u00e1s importante. La diversidad y la diferencia de las respuestas de apoyo a la situaci\u00f3n de crisis de los sectores de la cultura que est\u00e1n impulsando los Estados miembros nos dan una idea de la necesidad de mejorar el intercambio de buenas pr\u00e1cticas en la determinaci\u00f3n de las prioridades pol\u00edticas, la financiaci\u00f3n y el desarrollo de la cultura a nivel europeo. Por eso, proponemos que las instituciones europeas impulsen a los Estados miembros a trabajar en un proceso de desarrollo y de mejora de los mecanismos de financiaci\u00f3n y apoyo incorporando con m\u00e1s fuerza el car\u00e1cter estrat\u00e9gico de la cultura en el proyecto de construcci\u00f3n europea.&nbsp; &nbsp;&nbsp;  Puntos del manifiesto: \u2022 La cultura es un derecho recogido por la declaraci\u00f3n Universal de los Derechos Humanos, y un bien de primera necesidad que debe incorporarse con m\u00e1s fuerza en proyecto de construcci\u00f3n del proyecto europeo. \u2022 Esto conlleva que la cultura debe estar protegida, impulsada y promocionada con unos recursos suficientes y adecuados a esta importancia, desde los Estados, pero tambi\u00e9n con el apoyo y participaci\u00f3n de las instituciones europeas. \u2022 La cultura deber\u00eda integrarse con mayor intensidad en los planes estrat\u00e9gicos de desarrollo territorial, social y econ\u00f3mico, nacionales y de alcance europeo. \u2022 Son necesarias medidas de &#8220;choque&#8221; destinadas a inyectar recursos en los sectores culturales con car\u00e1cter inmediato. M\u00e1s all\u00e1 del endeudamiento para salir de la crisis, habr\u00e1 que actuar de manera urgente para preservar el tejido cultural, con especial atenci\u00f3n a la relaci\u00f3n entre el sector p\u00fablico y el privado. \u2022 Son imprescindibles medidas de protecci\u00f3n tanto para los artistas, creadores, t\u00e9cnicos y gestores, como de las empresas, entidades e instituciones culturales, fuente de riqueza y trabajo de muchas personas. \u2022 Es indispensable una mayor coordinaci\u00f3n estrat\u00e9gica de la cultura en las pol\u00edticas econ\u00f3micas, educativas, de bienestar, desarrollo y cooperaci\u00f3n. \u2022 Hay que impulsar una gran campa\u00f1a de comunicaci\u00f3n para sensibilizar a la ciudadan\u00eda europea del valor fundamental de la cultura para construir el proyecto colectivo de convivencia y de la necesidad de su complicidad para generar una viabilidad de los sectores culturales lo antes posible. \u2022 Hay que empezar a trabajar en iniciativas de coordinaci\u00f3n que permitan disponer en los Estados miembros de leyes de Mecenazgo, Patrocinio y Participaci\u00f3n social que sigan un proceso de homologaci\u00f3n europea, y que se convierta en un verdadero est\u00edmulo para la participaci\u00f3n de las personas f\u00edsicas como jur\u00eddicas en la financiaci\u00f3n de la cultura. \u2022 Hay que ponerse a trabajar en la actualizaci\u00f3n del marco normativo de los Estados miembros que afecta a los sectores de la cultura, aprovechando los potenciales reales de la cultura en el desarrollo estrat\u00e9gico del modelo econ\u00f3mico, social y territorial. \u2022 Los sectores de la cultura queremos ser considerados tan necesarios como lo hemos sido para superar este confinamiento. Ahora, sin embargo, es necesario que este esfuerzo sea colectivo y de alcance europeo. S\u00f3lo de esta forma podremos aprovechar la enorme riqueza y diversidad cultural de la Uni\u00f3n Europea en el relanzamiento de su proyecto de futuro.  Dan soporte a este manifiesto: Hans-Gert P\u00f6ttering \/ Presidente de la \u201cFormer Members of the European Parliament\u201d y Ex Presidente del Parlamento Europeo \/ Alemania Enrique Bar\u00f3n \/ Ex Presidente del Parlamento Europeo \/ Presidente de la Fundaci\u00f3n Yehudi Menuhin Espa\u00f1a \/ Madrid Manuel Cruz \/ Fil\u00f3sofo y escritor \/ Ex Presidente del Senado de Espa\u00f1a \/ Barcelona Joan Rigol \/ Ex consejero de Cultura y Ex Presidente del Parlamento de Catalu\u00f1a \/ Barcelona  Doris Pack \/ Presidenta de la \u201cFranco-Germain Foundation for Cultural Cooperation\u201d y Ex presidenta de la Comisi\u00f3n de Cultura del Parlamento Europeo \/ Alemania Catherine Trautmann \/ Copresidenta de la Franco-German Cultural High Council y Exministra de Cultura de Francia \/ Francia Hannes Swoboda \/ Presidente del The International Institute for Peace y Ex Presidente del Grupo de Socialistas y Dem\u00f3cratas del Parlamento Europeo \/ Austria Nikolaus Sifounakis \/ Expresidente de la Comisi\u00f3n de Cultura del Parlamento Europeo \/ Grecia Petra Kammerevert \/ Diputada del Parlamento Europeo. Expresidenta de la Comisi\u00f3n de Cultura del Parlamento Europeo \/ Alemania Maria Badia \/ Exvicepresidenta del Grupo Socialistas y Dem\u00f3cratas del Parlamento Europeo \/ Catalu\u00f1a \/ Espa\u00f1a Segimon Borr\u00e0s \/ Editor. Presidente del Cercle de Cultura \/ Barcelona Kathrin Deventer \/ Secretaria General de la European Festivals Association \/ Bruselas Diego L\u00f3pez Garrido \/ Vicepresidente ejecutivo de la Fundaci\u00f3n Alternativas. Exsecretario de Estado para la Uni\u00f3n Europea \/ Madrid Santiago Fisas \/ Exmiembro de la Comisi\u00f3n de Cultura del Parlamento Europeo \/ Barcelona Zita Gurmai \/ Presidenta del Partido Socialista Europeo de Mujeres y Exmiembro del Parlamento Europeo \/ Hungr\u00eda Volker Hassemer \/ Presidente de la Zukunft Foundation \/ Berl\u00edn&nbsp; Nele Hertling \/ Portavoz de A Soul For Europe \/ Berl\u00edn Daniel Innerarity \/ Fil\u00f3sofo. Director del Instituto de Gobernanza Democr\u00e1tica \/ Pa\u00eds Vasco \/ Espa\u00f1a Ulrich Fuchs \/ Director de los proyectos European Capital of Culture Linz 2009 y Marseille-Provence 2013 \/ Marsella&nbsp; Jaume Lanaspa \/ Presidente de la Oficina de Barcelona del Club de Roma \/ Catalu\u00f1a \/ Espa\u00f1a Pia Locatelli \/ Presidenta de la Fondazione A.J. Zaninoni para la Promoci\u00f3n cultural y la formaci\u00f3n y Exmiembro del Parlamento Europeo \/ Italia Gabriel Magalh\u00e2es \/ Pensador, escritor y poeta \/ Portugal Jos\u00e9 Manuel P\u00e9rez Gonz\u00e1lez (Peridis) \/ Arquitecto y dibujante \/ Madrid Francesc Torralba \/ Fil\u00f3sofo \/ Catedr\u00e1tico de \u00c9tica Universitat Ramon Llull \/ Barcelona Joan Manuel Tresserras \/ Exconsejero de Cultura de la Generalitat de Catalu\u00f1a \/ Barcelona Jordi Amat \/ Fil\u00f3logo y editor de El M\u00f3n de Dem\u00e0 \/ Barcelona Teresa Riera \/ Portavoz del Grupo S&amp;D de la Comisi\u00f3n de Industria del Parlamento Europeo \/ Baleares \/ Espa\u00f1a Diana Riba \/ Miembro de la Comisi\u00f3n de Cultura del Parlamento Europeo \/ Barcelona Andreas Schieder \/ Diputado en el Parlamento Europeo \/ Austria Salima Yenbou \/ Portavoz de los Verdes en la Comisi\u00f3n de Cultura del Parlamento Europeo \/ F<\/p>\n","protected":false},"excerpt":{"rendered":"<p>En favor de la cultura com factor estrat\u00e8gic de superaci\u00f3 de la crisi del COVID-19, obert a totes les institucions, entitats no governamentals, empreses, artistes, creadors, intel\u00b7lectuals, t\u00e8cnics i gestors culturals de tots els Estats membres de la Uni\u00f3 Europea \/\u00a0A favor de la cultura como factor estrat\u00e9gico de superaci\u00f3n de la crisis del COVID-19, abierto a todas las instituciones, entidades no gubernamentales, empresas, artistas, creadores, intelectuales, t\u00e9cnicos y gestores culturales de todos los Estados miembros de la Uni\u00f3n Europea.<\/p>\n","protected":false},"author":1,"featured_media":965,"comment_status":"open","ping_status":"closed","sticky":false,"template":"","format":"standard","meta":{"footnotes":""},"categories":[58],"tags":[494,137,496,498],"class_list":["post-964","post","type-post","status-publish","format-standard","has-post-thumbnail","hentry","category-manifest","tag-covid19","tag-europa","tag-manifest","tag-manifiesto"],"yoast_head":"<!-- This site is optimized with the Yoast SEO plugin v27.5 - https:\/\/yoast.com\/product\/yoast-seo-wordpress\/ -->\n<title>Manifest M\u00e9s Cultura! M\u00e9s Europa! M\u00e9s cultura en el rellan\u00e7ament del projecte de la Uni\u00f3 Europea \/ Manifiesto \u00a1M\u00e1s Cultura, M\u00e1s Europa! M\u00e1s cultura en el relanzamiento del proyecto de la Uni\u00f3n Europea - Cercle de Cultura<\/title>\n<meta name=\"robots\" content=\"index, follow, max-snippet:-1, max-image-preview:large, max-video-preview:-1\" \/>\n<link rel=\"canonical\" href=\"https:\/\/www.cercledecultura.org\/ca\/manifest_cultura_europa\/\" \/>\n<meta property=\"og:locale\" content=\"ca_ES\" \/>\n<meta property=\"og:type\" content=\"article\" \/>\n<meta property=\"og:title\" content=\"Manifest M\u00e9s Cultura! M\u00e9s Europa! M\u00e9s cultura en el rellan\u00e7ament del projecte de la Uni\u00f3 Europea \/ Manifiesto \u00a1M\u00e1s Cultura, M\u00e1s Europa! M\u00e1s cultura en el relanzamiento del proyecto de la Uni\u00f3n Europea - Cercle de Cultura\" \/>\n<meta property=\"og:description\" content=\"En favor de la cultura com factor estrat\u00e8gic de superaci\u00f3 de la crisi del COVID-19, obert a totes les institucions, entitats no governamentals, empreses, artistes, creadors, intel\u00b7lectuals, t\u00e8cnics i gestors culturals de tots els Estats membres de la Uni\u00f3 Europea \/\u00a0A favor de la cultura como factor estrat\u00e9gico de superaci\u00f3n de la crisis del COVID-19, abierto a todas las instituciones, entidades no gubernamentales, empresas, artistas, creadores, intelectuales, t\u00e9cnicos y gestores culturales de todos los Estados miembros de la Uni\u00f3n Europea.\" \/>\n<meta property=\"og:url\" content=\"https:\/\/www.cercledecultura.org\/ca\/manifest_cultura_europa\/\" \/>\n<meta property=\"og:site_name\" content=\"Cercle de Cultura\" \/>\n<meta property=\"article:published_time\" content=\"2020-07-08T00:04:00+00:00\" \/>\n<meta property=\"article:modified_time\" content=\"2021-03-07T15:04:56+00:00\" \/>\n<meta property=\"og:image\" content=\"https:\/\/www.cercledecultura.org\/wp-content\/uploads\/2021\/02\/p8vM5ELAM0WO2KoZPYPnzw.png\" \/>\n\t<meta property=\"og:image:width\" content=\"1266\" \/>\n\t<meta property=\"og:image:height\" content=\"671\" \/>\n\t<meta property=\"og:image:type\" content=\"image\/png\" \/>\n<meta name=\"author\" content=\"admin\" \/>\n<meta name=\"twitter:card\" content=\"summary_large_image\" \/>\n<meta name=\"twitter:label1\" content=\"Escrit per\" \/>\n\t<meta name=\"twitter:data1\" content=\"admin\" \/>\n\t<meta name=\"twitter:label2\" content=\"Temps estimat de lectura\" \/>\n\t<meta name=\"twitter:data2\" content=\"23 minuts\" \/>\n<script type=\"application\/ld+json\" class=\"yoast-schema-graph\">{\"@context\":\"https:\\\/\\\/schema.org\",\"@graph\":[{\"@type\":\"Article\",\"@id\":\"https:\\\/\\\/www.cercledecultura.org\\\/ca\\\/manifest_cultura_europa\\\/#article\",\"isPartOf\":{\"@id\":\"https:\\\/\\\/www.cercledecultura.org\\\/ca\\\/manifest_cultura_europa\\\/\"},\"author\":{\"name\":\"admin\",\"@id\":\"https:\\\/\\\/www.cercledecultura.org\\\/ca\\\/#\\\/schema\\\/person\\\/269db25cfadcb4bd2e41781c819942f9\"},\"headline\":\"Manifest M\u00e9s Cultura! M\u00e9s Europa! M\u00e9s cultura en el rellan\u00e7ament del projecte de la Uni\u00f3 Europea \\\/ Manifiesto \u00a1M\u00e1s Cultura, M\u00e1s Europa! M\u00e1s cultura en el relanzamiento del proyecto de la Uni\u00f3n Europea\",\"datePublished\":\"2020-07-08T00:04:00+00:00\",\"dateModified\":\"2021-03-07T15:04:56+00:00\",\"mainEntityOfPage\":{\"@id\":\"https:\\\/\\\/www.cercledecultura.org\\\/ca\\\/manifest_cultura_europa\\\/\"},\"wordCount\":5337,\"commentCount\":0,\"publisher\":{\"@id\":\"https:\\\/\\\/www.cercledecultura.org\\\/ca\\\/#organization\"},\"image\":{\"@id\":\"https:\\\/\\\/www.cercledecultura.org\\\/ca\\\/manifest_cultura_europa\\\/#primaryimage\"},\"thumbnailUrl\":\"https:\\\/\\\/www.cercledecultura.org\\\/wp-content\\\/uploads\\\/2021\\\/02\\\/p8vM5ELAM0WO2KoZPYPnzw.png\",\"keywords\":[\"COVID19\",\"Europa\",\"manifest\",\"manifiesto\"],\"articleSection\":[\"Manifest\"],\"inLanguage\":\"ca\",\"potentialAction\":[{\"@type\":\"CommentAction\",\"name\":\"Comment\",\"target\":[\"https:\\\/\\\/www.cercledecultura.org\\\/ca\\\/manifest_cultura_europa\\\/#respond\"]}]},{\"@type\":\"WebPage\",\"@id\":\"https:\\\/\\\/www.cercledecultura.org\\\/ca\\\/manifest_cultura_europa\\\/\",\"url\":\"https:\\\/\\\/www.cercledecultura.org\\\/ca\\\/manifest_cultura_europa\\\/\",\"name\":\"Manifest M\u00e9s Cultura! M\u00e9s Europa! M\u00e9s cultura en el rellan\u00e7ament del projecte de la Uni\u00f3 Europea \\\/ Manifiesto \u00a1M\u00e1s Cultura, M\u00e1s Europa! M\u00e1s cultura en el relanzamiento del proyecto de la Uni\u00f3n Europea - Cercle de Cultura\",\"isPartOf\":{\"@id\":\"https:\\\/\\\/www.cercledecultura.org\\\/ca\\\/#website\"},\"primaryImageOfPage\":{\"@id\":\"https:\\\/\\\/www.cercledecultura.org\\\/ca\\\/manifest_cultura_europa\\\/#primaryimage\"},\"image\":{\"@id\":\"https:\\\/\\\/www.cercledecultura.org\\\/ca\\\/manifest_cultura_europa\\\/#primaryimage\"},\"thumbnailUrl\":\"https:\\\/\\\/www.cercledecultura.org\\\/wp-content\\\/uploads\\\/2021\\\/02\\\/p8vM5ELAM0WO2KoZPYPnzw.png\",\"datePublished\":\"2020-07-08T00:04:00+00:00\",\"dateModified\":\"2021-03-07T15:04:56+00:00\",\"breadcrumb\":{\"@id\":\"https:\\\/\\\/www.cercledecultura.org\\\/ca\\\/manifest_cultura_europa\\\/#breadcrumb\"},\"inLanguage\":\"ca\",\"potentialAction\":[{\"@type\":\"ReadAction\",\"target\":[\"https:\\\/\\\/www.cercledecultura.org\\\/ca\\\/manifest_cultura_europa\\\/\"]}]},{\"@type\":\"ImageObject\",\"inLanguage\":\"ca\",\"@id\":\"https:\\\/\\\/www.cercledecultura.org\\\/ca\\\/manifest_cultura_europa\\\/#primaryimage\",\"url\":\"https:\\\/\\\/www.cercledecultura.org\\\/wp-content\\\/uploads\\\/2021\\\/02\\\/p8vM5ELAM0WO2KoZPYPnzw.png\",\"contentUrl\":\"https:\\\/\\\/www.cercledecultura.org\\\/wp-content\\\/uploads\\\/2021\\\/02\\\/p8vM5ELAM0WO2KoZPYPnzw.png\",\"width\":1266,\"height\":671},{\"@type\":\"BreadcrumbList\",\"@id\":\"https:\\\/\\\/www.cercledecultura.org\\\/ca\\\/manifest_cultura_europa\\\/#breadcrumb\",\"itemListElement\":[{\"@type\":\"ListItem\",\"position\":1,\"name\":\"Portada\",\"item\":\"https:\\\/\\\/www.cercledecultura.org\\\/ca\\\/\"},{\"@type\":\"ListItem\",\"position\":2,\"name\":\"Manifest M\u00e9s Cultura! M\u00e9s Europa! M\u00e9s cultura en el rellan\u00e7ament del projecte de la Uni\u00f3 Europea \\\/ Manifiesto \u00a1M\u00e1s Cultura, M\u00e1s Europa! M\u00e1s cultura en el relanzamiento del proyecto de la Uni\u00f3n Europea\"}]},{\"@type\":\"WebSite\",\"@id\":\"https:\\\/\\\/www.cercledecultura.org\\\/ca\\\/#website\",\"url\":\"https:\\\/\\\/www.cercledecultura.org\\\/ca\\\/\",\"name\":\"Cercle de Cultura\",\"description\":\"Entitat de car\u00e0cter privat i associatiu, independent, amb voluntat de participar en la vida p\u00fablica des de la pluralitat ideol\u00f2gica dels seus membres fundadors i futurs associats\",\"publisher\":{\"@id\":\"https:\\\/\\\/www.cercledecultura.org\\\/ca\\\/#organization\"},\"potentialAction\":[{\"@type\":\"SearchAction\",\"target\":{\"@type\":\"EntryPoint\",\"urlTemplate\":\"https:\\\/\\\/www.cercledecultura.org\\\/ca\\\/?s={search_term_string}\"},\"query-input\":{\"@type\":\"PropertyValueSpecification\",\"valueRequired\":true,\"valueName\":\"search_term_string\"}}],\"inLanguage\":\"ca\"},{\"@type\":\"Organization\",\"@id\":\"https:\\\/\\\/www.cercledecultura.org\\\/ca\\\/#organization\",\"name\":\"Cercle de Cultura\",\"url\":\"https:\\\/\\\/www.cercledecultura.org\\\/ca\\\/\",\"logo\":{\"@type\":\"ImageObject\",\"inLanguage\":\"ca\",\"@id\":\"https:\\\/\\\/www.cercledecultura.org\\\/ca\\\/#\\\/schema\\\/logo\\\/image\\\/\",\"url\":\"https:\\\/\\\/www.cercledecultura.org\\\/wp-content\\\/uploads\\\/2020\\\/01\\\/logo-cercle-de-cultura.png\",\"contentUrl\":\"https:\\\/\\\/www.cercledecultura.org\\\/wp-content\\\/uploads\\\/2020\\\/01\\\/logo-cercle-de-cultura.png\",\"width\":350,\"height\":195,\"caption\":\"Cercle de Cultura\"},\"image\":{\"@id\":\"https:\\\/\\\/www.cercledecultura.org\\\/ca\\\/#\\\/schema\\\/logo\\\/image\\\/\"}},{\"@type\":\"Person\",\"@id\":\"https:\\\/\\\/www.cercledecultura.org\\\/ca\\\/#\\\/schema\\\/person\\\/269db25cfadcb4bd2e41781c819942f9\",\"name\":\"admin\",\"image\":{\"@type\":\"ImageObject\",\"inLanguage\":\"ca\",\"@id\":\"https:\\\/\\\/secure.gravatar.com\\\/avatar\\\/e88a8bb50a361c6d45c4709770a3d765016be4b5d85313447b91d0d707434ad9?s=96&d=mm&r=g\",\"url\":\"https:\\\/\\\/secure.gravatar.com\\\/avatar\\\/e88a8bb50a361c6d45c4709770a3d765016be4b5d85313447b91d0d707434ad9?s=96&d=mm&r=g\",\"contentUrl\":\"https:\\\/\\\/secure.gravatar.com\\\/avatar\\\/e88a8bb50a361c6d45c4709770a3d765016be4b5d85313447b91d0d707434ad9?s=96&d=mm&r=g\",\"caption\":\"admin\"},\"url\":\"https:\\\/\\\/www.cercledecultura.org\\\/ca\\\/author\\\/seic_trzh7tdr\\\/\"}]}<\/script>\n<!-- \/ Yoast SEO plugin. -->","yoast_head_json":{"title":"Manifest M\u00e9s Cultura! M\u00e9s Europa! M\u00e9s cultura en el rellan\u00e7ament del projecte de la Uni\u00f3 Europea \/ Manifiesto \u00a1M\u00e1s Cultura, M\u00e1s Europa! M\u00e1s cultura en el relanzamiento del proyecto de la Uni\u00f3n Europea - Cercle de Cultura","robots":{"index":"index","follow":"follow","max-snippet":"max-snippet:-1","max-image-preview":"max-image-preview:large","max-video-preview":"max-video-preview:-1"},"canonical":"https:\/\/www.cercledecultura.org\/ca\/manifest_cultura_europa\/","og_locale":"ca_ES","og_type":"article","og_title":"Manifest M\u00e9s Cultura! M\u00e9s Europa! M\u00e9s cultura en el rellan\u00e7ament del projecte de la Uni\u00f3 Europea \/ Manifiesto \u00a1M\u00e1s Cultura, M\u00e1s Europa! M\u00e1s cultura en el relanzamiento del proyecto de la Uni\u00f3n Europea - Cercle de Cultura","og_description":"En favor de la cultura com factor estrat\u00e8gic de superaci\u00f3 de la crisi del COVID-19, obert a totes les institucions, entitats no governamentals, empreses, artistes, creadors, intel\u00b7lectuals, t\u00e8cnics i gestors culturals de tots els Estats membres de la Uni\u00f3 Europea \/\u00a0A favor de la cultura como factor estrat\u00e9gico de superaci\u00f3n de la crisis del COVID-19, abierto a todas las instituciones, entidades no gubernamentales, empresas, artistas, creadores, intelectuales, t\u00e9cnicos y gestores culturales de todos los Estados miembros de la Uni\u00f3n Europea.","og_url":"https:\/\/www.cercledecultura.org\/ca\/manifest_cultura_europa\/","og_site_name":"Cercle de Cultura","article_published_time":"2020-07-08T00:04:00+00:00","article_modified_time":"2021-03-07T15:04:56+00:00","og_image":[{"width":1266,"height":671,"url":"https:\/\/www.cercledecultura.org\/wp-content\/uploads\/2021\/02\/p8vM5ELAM0WO2KoZPYPnzw.png","type":"image\/png"}],"author":"admin","twitter_card":"summary_large_image","twitter_misc":{"Escrit per":"admin","Temps estimat de lectura":"23 minuts"},"schema":{"@context":"https:\/\/schema.org","@graph":[{"@type":"Article","@id":"https:\/\/www.cercledecultura.org\/ca\/manifest_cultura_europa\/#article","isPartOf":{"@id":"https:\/\/www.cercledecultura.org\/ca\/manifest_cultura_europa\/"},"author":{"name":"admin","@id":"https:\/\/www.cercledecultura.org\/ca\/#\/schema\/person\/269db25cfadcb4bd2e41781c819942f9"},"headline":"Manifest M\u00e9s Cultura! M\u00e9s Europa! M\u00e9s cultura en el rellan\u00e7ament del projecte de la Uni\u00f3 Europea \/ Manifiesto \u00a1M\u00e1s Cultura, M\u00e1s Europa! M\u00e1s cultura en el relanzamiento del proyecto de la Uni\u00f3n Europea","datePublished":"2020-07-08T00:04:00+00:00","dateModified":"2021-03-07T15:04:56+00:00","mainEntityOfPage":{"@id":"https:\/\/www.cercledecultura.org\/ca\/manifest_cultura_europa\/"},"wordCount":5337,"commentCount":0,"publisher":{"@id":"https:\/\/www.cercledecultura.org\/ca\/#organization"},"image":{"@id":"https:\/\/www.cercledecultura.org\/ca\/manifest_cultura_europa\/#primaryimage"},"thumbnailUrl":"https:\/\/www.cercledecultura.org\/wp-content\/uploads\/2021\/02\/p8vM5ELAM0WO2KoZPYPnzw.png","keywords":["COVID19","Europa","manifest","manifiesto"],"articleSection":["Manifest"],"inLanguage":"ca","potentialAction":[{"@type":"CommentAction","name":"Comment","target":["https:\/\/www.cercledecultura.org\/ca\/manifest_cultura_europa\/#respond"]}]},{"@type":"WebPage","@id":"https:\/\/www.cercledecultura.org\/ca\/manifest_cultura_europa\/","url":"https:\/\/www.cercledecultura.org\/ca\/manifest_cultura_europa\/","name":"Manifest M\u00e9s Cultura! M\u00e9s Europa! M\u00e9s cultura en el rellan\u00e7ament del projecte de la Uni\u00f3 Europea \/ Manifiesto \u00a1M\u00e1s Cultura, M\u00e1s Europa! M\u00e1s cultura en el relanzamiento del proyecto de la Uni\u00f3n Europea - Cercle de Cultura","isPartOf":{"@id":"https:\/\/www.cercledecultura.org\/ca\/#website"},"primaryImageOfPage":{"@id":"https:\/\/www.cercledecultura.org\/ca\/manifest_cultura_europa\/#primaryimage"},"image":{"@id":"https:\/\/www.cercledecultura.org\/ca\/manifest_cultura_europa\/#primaryimage"},"thumbnailUrl":"https:\/\/www.cercledecultura.org\/wp-content\/uploads\/2021\/02\/p8vM5ELAM0WO2KoZPYPnzw.png","datePublished":"2020-07-08T00:04:00+00:00","dateModified":"2021-03-07T15:04:56+00:00","breadcrumb":{"@id":"https:\/\/www.cercledecultura.org\/ca\/manifest_cultura_europa\/#breadcrumb"},"inLanguage":"ca","potentialAction":[{"@type":"ReadAction","target":["https:\/\/www.cercledecultura.org\/ca\/manifest_cultura_europa\/"]}]},{"@type":"ImageObject","inLanguage":"ca","@id":"https:\/\/www.cercledecultura.org\/ca\/manifest_cultura_europa\/#primaryimage","url":"https:\/\/www.cercledecultura.org\/wp-content\/uploads\/2021\/02\/p8vM5ELAM0WO2KoZPYPnzw.png","contentUrl":"https:\/\/www.cercledecultura.org\/wp-content\/uploads\/2021\/02\/p8vM5ELAM0WO2KoZPYPnzw.png","width":1266,"height":671},{"@type":"BreadcrumbList","@id":"https:\/\/www.cercledecultura.org\/ca\/manifest_cultura_europa\/#breadcrumb","itemListElement":[{"@type":"ListItem","position":1,"name":"Portada","item":"https:\/\/www.cercledecultura.org\/ca\/"},{"@type":"ListItem","position":2,"name":"Manifest M\u00e9s Cultura! M\u00e9s Europa! M\u00e9s cultura en el rellan\u00e7ament del projecte de la Uni\u00f3 Europea \/ Manifiesto \u00a1M\u00e1s Cultura, M\u00e1s Europa! M\u00e1s cultura en el relanzamiento del proyecto de la Uni\u00f3n Europea"}]},{"@type":"WebSite","@id":"https:\/\/www.cercledecultura.org\/ca\/#website","url":"https:\/\/www.cercledecultura.org\/ca\/","name":"Cercle de Cultura","description":"Entitat de car\u00e0cter privat i associatiu, independent, amb voluntat de participar en la vida p\u00fablica des de la pluralitat ideol\u00f2gica dels seus membres fundadors i futurs associats","publisher":{"@id":"https:\/\/www.cercledecultura.org\/ca\/#organization"},"potentialAction":[{"@type":"SearchAction","target":{"@type":"EntryPoint","urlTemplate":"https:\/\/www.cercledecultura.org\/ca\/?s={search_term_string}"},"query-input":{"@type":"PropertyValueSpecification","valueRequired":true,"valueName":"search_term_string"}}],"inLanguage":"ca"},{"@type":"Organization","@id":"https:\/\/www.cercledecultura.org\/ca\/#organization","name":"Cercle de Cultura","url":"https:\/\/www.cercledecultura.org\/ca\/","logo":{"@type":"ImageObject","inLanguage":"ca","@id":"https:\/\/www.cercledecultura.org\/ca\/#\/schema\/logo\/image\/","url":"https:\/\/www.cercledecultura.org\/wp-content\/uploads\/2020\/01\/logo-cercle-de-cultura.png","contentUrl":"https:\/\/www.cercledecultura.org\/wp-content\/uploads\/2020\/01\/logo-cercle-de-cultura.png","width":350,"height":195,"caption":"Cercle de Cultura"},"image":{"@id":"https:\/\/www.cercledecultura.org\/ca\/#\/schema\/logo\/image\/"}},{"@type":"Person","@id":"https:\/\/www.cercledecultura.org\/ca\/#\/schema\/person\/269db25cfadcb4bd2e41781c819942f9","name":"admin","image":{"@type":"ImageObject","inLanguage":"ca","@id":"https:\/\/secure.gravatar.com\/avatar\/e88a8bb50a361c6d45c4709770a3d765016be4b5d85313447b91d0d707434ad9?s=96&d=mm&r=g","url":"https:\/\/secure.gravatar.com\/avatar\/e88a8bb50a361c6d45c4709770a3d765016be4b5d85313447b91d0d707434ad9?s=96&d=mm&r=g","contentUrl":"https:\/\/secure.gravatar.com\/avatar\/e88a8bb50a361c6d45c4709770a3d765016be4b5d85313447b91d0d707434ad9?s=96&d=mm&r=g","caption":"admin"},"url":"https:\/\/www.cercledecultura.org\/ca\/author\/seic_trzh7tdr\/"}]}},"_links":{"self":[{"href":"https:\/\/www.cercledecultura.org\/ca\/wp-json\/wp\/v2\/posts\/964","targetHints":{"allow":["GET"]}}],"collection":[{"href":"https:\/\/www.cercledecultura.org\/ca\/wp-json\/wp\/v2\/posts"}],"about":[{"href":"https:\/\/www.cercledecultura.org\/ca\/wp-json\/wp\/v2\/types\/post"}],"author":[{"embeddable":true,"href":"https:\/\/www.cercledecultura.org\/ca\/wp-json\/wp\/v2\/users\/1"}],"replies":[{"embeddable":true,"href":"https:\/\/www.cercledecultura.org\/ca\/wp-json\/wp\/v2\/comments?post=964"}],"version-history":[{"count":2,"href":"https:\/\/www.cercledecultura.org\/ca\/wp-json\/wp\/v2\/posts\/964\/revisions"}],"predecessor-version":[{"id":1384,"href":"https:\/\/www.cercledecultura.org\/ca\/wp-json\/wp\/v2\/posts\/964\/revisions\/1384"}],"wp:featuredmedia":[{"embeddable":true,"href":"https:\/\/www.cercledecultura.org\/ca\/wp-json\/wp\/v2\/media\/965"}],"wp:attachment":[{"href":"https:\/\/www.cercledecultura.org\/ca\/wp-json\/wp\/v2\/media?parent=964"}],"wp:term":[{"taxonomy":"category","embeddable":true,"href":"https:\/\/www.cercledecultura.org\/ca\/wp-json\/wp\/v2\/categories?post=964"},{"taxonomy":"post_tag","embeddable":true,"href":"https:\/\/www.cercledecultura.org\/ca\/wp-json\/wp\/v2\/tags?post=964"}],"curies":[{"name":"wp","href":"https:\/\/api.w.org\/{rel}","templated":true}]}}