{"id":960,"date":"2020-04-30T05:26:00","date_gmt":"2020-04-30T05:26:00","guid":{"rendered":"https:\/\/pre.cercledecultura.org\/agusti_fructuoso_cultura_covid19\/"},"modified":"2021-03-07T15:14:41","modified_gmt":"2021-03-07T15:14:41","slug":"agusti_fructuoso_cultura_covid19","status":"publish","type":"post","link":"https:\/\/www.cercledecultura.org\/ca\/agusti_fructuoso_cultura_covid19\/","title":{"rendered":"Agust\u00ed Fructuoso:  &#8220;La cultura \u00e9s com un jonc, fr\u00e0gil, per\u00f2 resistent i dif\u00edcil de tombar&#8221;"},"content":{"rendered":"<p>Entrevista a Agust\u00ed Fructuoso,&nbsp;pintor i co-fundador del projecte TPK Art i Pensament Contemporani l\u2019any 1977. Actualment hi continua lligat com a responsable d\u2019exposicions i intercanvis internacionals  Com est\u00e0s vivint el dia a dia del confinament a nivell personal i a nivell professional?&nbsp;  Personalment, m&#8217;imagino que com tothom, amb ganes de veure a amics i fam\u00edlia. M&#8217;ho estic prenent com un temps de malaltia, aquest temps en qu\u00e8 no pots fer res del que fas di\u00e0riament per\u00f2 que en canvi et permet gaudir d&#8217;una curiosa llibertat en el sentit que et pots permetre perdre el temps o millor dit no tens per qu\u00e8 tenir l&#8217;obligaci\u00f3 d&#8217;aprofitar-ho, ja que la malaltia et justifica no fer-ho. En el meu cas em permeto dibuixar i pintar all\u00f2 que si pogu\u00e9s anar al meu taller, no faria per un absurd sentit de responsabilitat.&nbsp;El dia abans del confinament em vaig&nbsp; proposar que fos una pausa productiva&nbsp; i malgrat que he hagut de&nbsp; suspendre&nbsp; tres exposicions, estic acceptablement satisfet del treball resultant. Dibuixo molt, feia molt de temps que no dibuixava tant&nbsp; i la veritat \u00e9s que m&#8217;ho passo molt b\u00e9 encara que sempre tinguis al cap el patiment de tantes i tantes persones i la incertesa de futur que la situaci\u00f3 actual obre . Dit aix\u00f2 tinc ganes de poder tornar a anar a l\u2019estudi i veure els quadres grans de dos metres per dos metres i m\u00e9s.&nbsp;  Com creus que afectar\u00e0 aquesta situaci\u00f3 al sector on desenvolupes la teva activitat professional i a la cultura en general i a les persones?  Sempre es diu que tota crisi \u00e9s una oportunitat i com a tal haur\u00edem de ser capa\u00e7os de treure conclusions positives per a futures actuacions, perqu\u00e8 les negatives ja es presenten soles. Aquesta crisi el que posa de manifest&nbsp; dins del sector&nbsp; cultural&nbsp; \u00e9s el precari en qu\u00e8 se sustenten les seves estructures. Ning\u00fa sap com se sortir\u00e0 d&#8217;aquesta crisi, per\u00f2 una cosa crec que \u00e9s certa, sortiran pitjor aquells sectors que no siguin considerats necessaris per a la societat. Llavors la pregunta \u00e9s: la cultura \u00e9s vista per la societat realment com un b\u00e9 necessari?, la resposta \u00e9s no i una prova no s\u00f3n&nbsp; els baixos pressupostos institucionals dedicats a la mateixa sin\u00f3 la poca o cap resposta de la societat cap aquest fet.&nbsp; Aquesta poca o cap implicaci\u00f3 de la ciutadania amb la cultura \u2013 problema no ali\u00e8 a responsabilitats del mateix sector cultural que caldria analitzar amb honestedat- far\u00e0 que, en un futur a curt i mitj\u00e0 termini, l\u2019\u00e0mbit que quedar\u00e0 m\u00e9s tocat ser\u00e0 el de la difusi\u00f3 perqu\u00e8 justament \u00e9s aquest el que estableix un pont de relaci\u00f3 entre creadors i ciutadania. En aquests moments no sols estem instal\u00b7lats en la \u201csocietat de l\u2019espectacle\u201c com deia Guy Debord,&nbsp; sin\u00f3 que ens hem instal\u00b7lat en la \u201csocietat de l\u2019espectador \u201c, de manera que moltes vegades anem m\u00e9s als \u201cllocs\u201c que a les \u201ccoses\u201c. Aquesta passivitat influeix negativament al desenvolupament de la relaci\u00f3 cultura-ciutadania i nom\u00e9s es pot corregir potenciant els ensenyaments art\u00edstics en tots els seus nivells.  Un missatge que animi a tothom vers la cultura, un consell, una recomanaci\u00f3 per a aquests moments.  La creaci\u00f3 em preocupa relativament, si va seguir sent possible la poesia despr\u00e9s d&#8217;Auschwitz, seguir\u00e0 sent possible despr\u00e9s del coronavirus. En el pitjor dels casos,&nbsp;potser hi haur\u00e0 una tria&nbsp; de projectes i desapareguin temporalment aquells m\u00e9s&nbsp; \u201cmastod\u00f2nticament\u201d innecessaris. Continuant en el pitjor escenari possible, la ind\u00fastria cultural pot quedar m\u00e9s o menys \u201ctocada&#8221;, per\u00f2 quan dic que la creaci\u00f3 em preocupa relativament \u00e9s perqu\u00e8 els creadors seguiran treballant com han fet sempre i amb les circumst\u00e0ncies que calguin, de fet aix\u00f2 ja succeeix.  Em preocupa m\u00e9s el deteriorament que puguin patir els canals de difusi\u00f3 i distribuci\u00f3 p\u00fablics, privats i&nbsp; \u201cemergents\u201c i el que aix\u00f2 pugui repercutir no en la creaci\u00f3 per\u00f2 s\u00ed en la seva visibilitat i en la seva vessant com espai p\u00fablic de reflexi\u00f3 i cr\u00edtica. El missatge positiu \u00e9s que la cultura \u00e9s com un jonc, fr\u00e0gil per\u00f2 resistent i dif\u00edcil de tombar.  Enumera i\/o explica possibles mesures de recuperaci\u00f3 per al sector cultural.  Quan passi tot tindrem una perspectiva m\u00e9s clara de com ha quedat el camp de batalla, totes les baixes i totes les mutilacions. D&#8217;altra banda no ser\u00e0 estrany que al principi de la sortida es produeixi una gran euf\u00f2ria social tradu\u00efda en una gran necessitat de sortir i assistir a tots aquells esdeveniments culturals que&nbsp; han estat negats per&nbsp; la pand\u00e8mia. Si es produeix aix\u00f2, que seria el de desitjar, tamb\u00e9 \u00e9s possible que sigui un efecte passatger i que despr\u00e9s d\u2019un temps, la cultura torni a la fr\u00e0gil situaci\u00f3 en qu\u00e8 es trobava abans de l&#8217;epid\u00e8mia.  La meva impressi\u00f3 \u00e9s que estem en un moment clau com tamb\u00e9 ho va ser la crisi econ\u00f2mica que es va iniciar el 2007, per\u00f2 pitjor en el sentit que en aquella crisi hi havia l&#8217;esperan\u00e7a de poder canviar les relacions socials i econ\u00f2miques&nbsp; i treballar per una societat m\u00e9s justa. Aquesta esperan\u00e7a s&#8217;ha anat esvaint a una gran velocitat , provocant una total desconfian\u00e7a ciutadana cap a les institucions pol\u00edtiques. Aquest moment \u00e9s pitjor, deia, perqu\u00e8 aquella esperan\u00e7a en aquests moments no existeix&nbsp; ni tan sols com a possible utopia.  Dit aix\u00f2 haur\u00edem de ser conscients que un dels fracassos de la sortida de la crisi anterior i per a mi el gran culpable de la p\u00e8rdua de confian\u00e7a, \u00e9s que ens v\u00e0rem seguir comportant com si no hagu\u00e9s passat res, com si el problema no fos responsabilitat de tots i v\u00e0rem continuar cadascun al nostre&nbsp; espai sense afrontar realment el conflicte i el conflicte no \u00e9s altre que l&#8217;estructuraci\u00f3 d\u2019un espai de responsabilitat pol\u00edtica&nbsp; des de l\u2019individu cap la societat i a l&#8217;inrev\u00e9s.&nbsp; Mentre aquesta relaci\u00f3 no canvi\u00ef i la ciutadania no entengui que el seu \u00fanic poder per incidir en les pol\u00edtiques culturals, econ\u00f2miques, sanit\u00e0ries, social, etc., \u00e9s la seva implicaci\u00f3 en aquestes, la sortida de la crisi ser\u00e0 pitjor que la del 2007.  Fins ara pod\u00edem enganyar-nos i pensar que amb publicar opinions a Facebook, votar cada x temps i manifestar-nos de tant en tant, ja \u00e9rem individus lliures i&nbsp; influents, ara ja sabem que no \u00e9s aix\u00ed i \u00e9s aquest fet el que em porta a pensar que o som capa\u00e7os d&#8217;entendre que la nostra implicaci\u00f3 com a individus a la vida p\u00fablica i que la complicitat amb els altres \u00e9s necess\u00e0ria per poder ser part\u00edcips&nbsp; en la presa de decisions o la societat com a tal ser\u00e0 cada vegada m\u00e9s fr\u00e0gil,&nbsp;m\u00e9s&nbsp; prec\u00e0ria i l\u2019individu cada vegada amb menys atributs com a ciutad\u00e0.  En cultura tenim el gran avantatge que, en aquest moment, no cal inventar res per ser propositius, \u00fanicament el que cal fer per comen\u00e7ar \u00e9s posar en funcionament lleis i objectius que des de fa molts anys es van plantejant des del&nbsp; sector i que encara no s\u2019ha aconseguit quallar: llei de mecenatge, estatut de l&#8217;artista, educaci\u00f3 art\u00edstica entri a l&#8217;escola de manera real, si se\u2019m permet la paraula \u201cdesprecarietzar\u201d el treball cultural i per descomptat aclarir el tema de la inversi\u00f3 cultural de les institucions p\u00fabliques: quin percentatge del pressupost p\u00fablic ha de retornar a la Cultura a partir del que aquesta representa dins del PIB . Aquestes mesures i altres m\u00e9s sabudes per tots s\u00f3n les que cal posar en marxa per contribuir a un enfortiment s\u00f2lid del teixit cultural.<\/p>\n","protected":false},"excerpt":{"rendered":"<p>Entrevista a Agust\u00ed Fructuoso, pintor i co-fundador del projecte TPK Art i Pensament Contemporani, en la qual analitza el moment que pateix el sector cultural arran de la pand\u00e8mia i com en podria sortir de la millor manera possible. Amb aquesta entrevista iniciem una s\u00e8rie curta on diversos membres del Cercle de Cultura aportaran la seva visi\u00f3 personal sobre la complexa situaci\u00f3 que vivim.<\/p>\n","protected":false},"author":1,"featured_media":961,"comment_status":"open","ping_status":"closed","sticky":false,"template":"","format":"standard","meta":{"footnotes":""},"categories":[26,24],"tags":[61,494,497,4],"class_list":["post-960","post","type-post","status-publish","format-standard","has-post-thumbnail","hentry","category-noticies","category-opinio","tag-agusti-fructuoso","tag-covid19","tag-pintor","tag-politica-cultural"],"yoast_head":"<!-- This site is optimized with the Yoast SEO plugin v27.5 - https:\/\/yoast.com\/product\/yoast-seo-wordpress\/ -->\n<title>Agust\u00ed Fructuoso: &quot;La cultura \u00e9s com un jonc, fr\u00e0gil, per\u00f2 resistent i dif\u00edcil de tombar&quot; - Cercle de Cultura<\/title>\n<meta name=\"robots\" content=\"index, follow, max-snippet:-1, max-image-preview:large, max-video-preview:-1\" \/>\n<link rel=\"canonical\" href=\"https:\/\/www.cercledecultura.org\/ca\/agusti_fructuoso_cultura_covid19\/\" \/>\n<meta property=\"og:locale\" content=\"ca_ES\" \/>\n<meta property=\"og:type\" content=\"article\" \/>\n<meta property=\"og:title\" content=\"Agust\u00ed Fructuoso: &quot;La cultura \u00e9s com un jonc, fr\u00e0gil, per\u00f2 resistent i dif\u00edcil de tombar&quot; - Cercle de Cultura\" \/>\n<meta property=\"og:description\" content=\"Entrevista a Agust\u00ed Fructuoso, pintor i co-fundador del projecte TPK Art i Pensament Contemporani, en la qual analitza el moment que pateix el sector cultural arran de la pand\u00e8mia i com en podria sortir de la millor manera possible. Amb aquesta entrevista iniciem una s\u00e8rie curta on diversos membres del Cercle de Cultura aportaran la seva visi\u00f3 personal sobre la complexa situaci\u00f3 que vivim.\" \/>\n<meta property=\"og:url\" content=\"https:\/\/www.cercledecultura.org\/ca\/agusti_fructuoso_cultura_covid19\/\" \/>\n<meta property=\"og:site_name\" content=\"Cercle de Cultura\" \/>\n<meta property=\"article:published_time\" content=\"2020-04-30T05:26:00+00:00\" \/>\n<meta property=\"article:modified_time\" content=\"2021-03-07T15:14:41+00:00\" \/>\n<meta property=\"og:image\" content=\"https:\/\/www.cercledecultura.org\/wp-content\/uploads\/2021\/02\/Wa57LfztLUWClu34VYqEig.jpg\" \/>\n\t<meta property=\"og:image:width\" content=\"1080\" \/>\n\t<meta property=\"og:image:height\" content=\"720\" \/>\n\t<meta property=\"og:image:type\" content=\"image\/jpeg\" \/>\n<meta name=\"author\" content=\"admin\" \/>\n<meta name=\"twitter:card\" content=\"summary_large_image\" \/>\n<meta name=\"twitter:label1\" content=\"Escrit per\" \/>\n\t<meta name=\"twitter:data1\" content=\"admin\" \/>\n\t<meta name=\"twitter:label2\" content=\"Temps estimat de lectura\" \/>\n\t<meta name=\"twitter:data2\" content=\"6 minuts\" \/>\n<script type=\"application\/ld+json\" class=\"yoast-schema-graph\">{\"@context\":\"https:\\\/\\\/schema.org\",\"@graph\":[{\"@type\":\"Article\",\"@id\":\"https:\\\/\\\/www.cercledecultura.org\\\/ca\\\/agusti_fructuoso_cultura_covid19\\\/#article\",\"isPartOf\":{\"@id\":\"https:\\\/\\\/www.cercledecultura.org\\\/ca\\\/agusti_fructuoso_cultura_covid19\\\/\"},\"author\":{\"name\":\"admin\",\"@id\":\"https:\\\/\\\/www.cercledecultura.org\\\/ca\\\/#\\\/schema\\\/person\\\/269db25cfadcb4bd2e41781c819942f9\"},\"headline\":\"Agust\u00ed Fructuoso: &#8220;La cultura \u00e9s com un jonc, fr\u00e0gil, per\u00f2 resistent i dif\u00edcil de tombar&#8221;\",\"datePublished\":\"2020-04-30T05:26:00+00:00\",\"dateModified\":\"2021-03-07T15:14:41+00:00\",\"mainEntityOfPage\":{\"@id\":\"https:\\\/\\\/www.cercledecultura.org\\\/ca\\\/agusti_fructuoso_cultura_covid19\\\/\"},\"wordCount\":1371,\"commentCount\":0,\"publisher\":{\"@id\":\"https:\\\/\\\/www.cercledecultura.org\\\/ca\\\/#organization\"},\"image\":{\"@id\":\"https:\\\/\\\/www.cercledecultura.org\\\/ca\\\/agusti_fructuoso_cultura_covid19\\\/#primaryimage\"},\"thumbnailUrl\":\"https:\\\/\\\/www.cercledecultura.org\\\/wp-content\\\/uploads\\\/2021\\\/02\\\/Wa57LfztLUWClu34VYqEig.jpg\",\"keywords\":[\"Agust\u00ed Fructuoso\",\"COVID19\",\"pintor\",\"Pol\u00edtica Cultural\"],\"articleSection\":[\"Not\u00edcies\",\"Opini\u00f3\"],\"inLanguage\":\"ca\",\"potentialAction\":[{\"@type\":\"CommentAction\",\"name\":\"Comment\",\"target\":[\"https:\\\/\\\/www.cercledecultura.org\\\/ca\\\/agusti_fructuoso_cultura_covid19\\\/#respond\"]}]},{\"@type\":\"WebPage\",\"@id\":\"https:\\\/\\\/www.cercledecultura.org\\\/ca\\\/agusti_fructuoso_cultura_covid19\\\/\",\"url\":\"https:\\\/\\\/www.cercledecultura.org\\\/ca\\\/agusti_fructuoso_cultura_covid19\\\/\",\"name\":\"Agust\u00ed Fructuoso: \\\"La cultura \u00e9s com un jonc, fr\u00e0gil, per\u00f2 resistent i dif\u00edcil de tombar\\\" - Cercle de Cultura\",\"isPartOf\":{\"@id\":\"https:\\\/\\\/www.cercledecultura.org\\\/ca\\\/#website\"},\"primaryImageOfPage\":{\"@id\":\"https:\\\/\\\/www.cercledecultura.org\\\/ca\\\/agusti_fructuoso_cultura_covid19\\\/#primaryimage\"},\"image\":{\"@id\":\"https:\\\/\\\/www.cercledecultura.org\\\/ca\\\/agusti_fructuoso_cultura_covid19\\\/#primaryimage\"},\"thumbnailUrl\":\"https:\\\/\\\/www.cercledecultura.org\\\/wp-content\\\/uploads\\\/2021\\\/02\\\/Wa57LfztLUWClu34VYqEig.jpg\",\"datePublished\":\"2020-04-30T05:26:00+00:00\",\"dateModified\":\"2021-03-07T15:14:41+00:00\",\"breadcrumb\":{\"@id\":\"https:\\\/\\\/www.cercledecultura.org\\\/ca\\\/agusti_fructuoso_cultura_covid19\\\/#breadcrumb\"},\"inLanguage\":\"ca\",\"potentialAction\":[{\"@type\":\"ReadAction\",\"target\":[\"https:\\\/\\\/www.cercledecultura.org\\\/ca\\\/agusti_fructuoso_cultura_covid19\\\/\"]}]},{\"@type\":\"ImageObject\",\"inLanguage\":\"ca\",\"@id\":\"https:\\\/\\\/www.cercledecultura.org\\\/ca\\\/agusti_fructuoso_cultura_covid19\\\/#primaryimage\",\"url\":\"https:\\\/\\\/www.cercledecultura.org\\\/wp-content\\\/uploads\\\/2021\\\/02\\\/Wa57LfztLUWClu34VYqEig.jpg\",\"contentUrl\":\"https:\\\/\\\/www.cercledecultura.org\\\/wp-content\\\/uploads\\\/2021\\\/02\\\/Wa57LfztLUWClu34VYqEig.jpg\",\"width\":1080,\"height\":720},{\"@type\":\"BreadcrumbList\",\"@id\":\"https:\\\/\\\/www.cercledecultura.org\\\/ca\\\/agusti_fructuoso_cultura_covid19\\\/#breadcrumb\",\"itemListElement\":[{\"@type\":\"ListItem\",\"position\":1,\"name\":\"Portada\",\"item\":\"https:\\\/\\\/www.cercledecultura.org\\\/ca\\\/\"},{\"@type\":\"ListItem\",\"position\":2,\"name\":\"Agust\u00ed Fructuoso: &#8220;La cultura \u00e9s com un jonc, fr\u00e0gil, per\u00f2 resistent i dif\u00edcil de tombar&#8221;\"}]},{\"@type\":\"WebSite\",\"@id\":\"https:\\\/\\\/www.cercledecultura.org\\\/ca\\\/#website\",\"url\":\"https:\\\/\\\/www.cercledecultura.org\\\/ca\\\/\",\"name\":\"Cercle de Cultura\",\"description\":\"Entitat de car\u00e0cter privat i associatiu, independent, amb voluntat de participar en la vida p\u00fablica des de la pluralitat ideol\u00f2gica dels seus membres fundadors i futurs associats\",\"publisher\":{\"@id\":\"https:\\\/\\\/www.cercledecultura.org\\\/ca\\\/#organization\"},\"potentialAction\":[{\"@type\":\"SearchAction\",\"target\":{\"@type\":\"EntryPoint\",\"urlTemplate\":\"https:\\\/\\\/www.cercledecultura.org\\\/ca\\\/?s={search_term_string}\"},\"query-input\":{\"@type\":\"PropertyValueSpecification\",\"valueRequired\":true,\"valueName\":\"search_term_string\"}}],\"inLanguage\":\"ca\"},{\"@type\":\"Organization\",\"@id\":\"https:\\\/\\\/www.cercledecultura.org\\\/ca\\\/#organization\",\"name\":\"Cercle de Cultura\",\"url\":\"https:\\\/\\\/www.cercledecultura.org\\\/ca\\\/\",\"logo\":{\"@type\":\"ImageObject\",\"inLanguage\":\"ca\",\"@id\":\"https:\\\/\\\/www.cercledecultura.org\\\/ca\\\/#\\\/schema\\\/logo\\\/image\\\/\",\"url\":\"https:\\\/\\\/www.cercledecultura.org\\\/wp-content\\\/uploads\\\/2020\\\/01\\\/logo-cercle-de-cultura.png\",\"contentUrl\":\"https:\\\/\\\/www.cercledecultura.org\\\/wp-content\\\/uploads\\\/2020\\\/01\\\/logo-cercle-de-cultura.png\",\"width\":350,\"height\":195,\"caption\":\"Cercle de Cultura\"},\"image\":{\"@id\":\"https:\\\/\\\/www.cercledecultura.org\\\/ca\\\/#\\\/schema\\\/logo\\\/image\\\/\"}},{\"@type\":\"Person\",\"@id\":\"https:\\\/\\\/www.cercledecultura.org\\\/ca\\\/#\\\/schema\\\/person\\\/269db25cfadcb4bd2e41781c819942f9\",\"name\":\"admin\",\"image\":{\"@type\":\"ImageObject\",\"inLanguage\":\"ca\",\"@id\":\"https:\\\/\\\/secure.gravatar.com\\\/avatar\\\/e88a8bb50a361c6d45c4709770a3d765016be4b5d85313447b91d0d707434ad9?s=96&d=mm&r=g\",\"url\":\"https:\\\/\\\/secure.gravatar.com\\\/avatar\\\/e88a8bb50a361c6d45c4709770a3d765016be4b5d85313447b91d0d707434ad9?s=96&d=mm&r=g\",\"contentUrl\":\"https:\\\/\\\/secure.gravatar.com\\\/avatar\\\/e88a8bb50a361c6d45c4709770a3d765016be4b5d85313447b91d0d707434ad9?s=96&d=mm&r=g\",\"caption\":\"admin\"},\"url\":\"https:\\\/\\\/www.cercledecultura.org\\\/ca\\\/author\\\/seic_trzh7tdr\\\/\"}]}<\/script>\n<!-- \/ Yoast SEO plugin. -->","yoast_head_json":{"title":"Agust\u00ed Fructuoso: \"La cultura \u00e9s com un jonc, fr\u00e0gil, per\u00f2 resistent i dif\u00edcil de tombar\" - Cercle de Cultura","robots":{"index":"index","follow":"follow","max-snippet":"max-snippet:-1","max-image-preview":"max-image-preview:large","max-video-preview":"max-video-preview:-1"},"canonical":"https:\/\/www.cercledecultura.org\/ca\/agusti_fructuoso_cultura_covid19\/","og_locale":"ca_ES","og_type":"article","og_title":"Agust\u00ed Fructuoso: \"La cultura \u00e9s com un jonc, fr\u00e0gil, per\u00f2 resistent i dif\u00edcil de tombar\" - Cercle de Cultura","og_description":"Entrevista a Agust\u00ed Fructuoso, pintor i co-fundador del projecte TPK Art i Pensament Contemporani, en la qual analitza el moment que pateix el sector cultural arran de la pand\u00e8mia i com en podria sortir de la millor manera possible. Amb aquesta entrevista iniciem una s\u00e8rie curta on diversos membres del Cercle de Cultura aportaran la seva visi\u00f3 personal sobre la complexa situaci\u00f3 que vivim.","og_url":"https:\/\/www.cercledecultura.org\/ca\/agusti_fructuoso_cultura_covid19\/","og_site_name":"Cercle de Cultura","article_published_time":"2020-04-30T05:26:00+00:00","article_modified_time":"2021-03-07T15:14:41+00:00","og_image":[{"width":1080,"height":720,"url":"https:\/\/www.cercledecultura.org\/wp-content\/uploads\/2021\/02\/Wa57LfztLUWClu34VYqEig.jpg","type":"image\/jpeg"}],"author":"admin","twitter_card":"summary_large_image","twitter_misc":{"Escrit per":"admin","Temps estimat de lectura":"6 minuts"},"schema":{"@context":"https:\/\/schema.org","@graph":[{"@type":"Article","@id":"https:\/\/www.cercledecultura.org\/ca\/agusti_fructuoso_cultura_covid19\/#article","isPartOf":{"@id":"https:\/\/www.cercledecultura.org\/ca\/agusti_fructuoso_cultura_covid19\/"},"author":{"name":"admin","@id":"https:\/\/www.cercledecultura.org\/ca\/#\/schema\/person\/269db25cfadcb4bd2e41781c819942f9"},"headline":"Agust\u00ed Fructuoso: &#8220;La cultura \u00e9s com un jonc, fr\u00e0gil, per\u00f2 resistent i dif\u00edcil de tombar&#8221;","datePublished":"2020-04-30T05:26:00+00:00","dateModified":"2021-03-07T15:14:41+00:00","mainEntityOfPage":{"@id":"https:\/\/www.cercledecultura.org\/ca\/agusti_fructuoso_cultura_covid19\/"},"wordCount":1371,"commentCount":0,"publisher":{"@id":"https:\/\/www.cercledecultura.org\/ca\/#organization"},"image":{"@id":"https:\/\/www.cercledecultura.org\/ca\/agusti_fructuoso_cultura_covid19\/#primaryimage"},"thumbnailUrl":"https:\/\/www.cercledecultura.org\/wp-content\/uploads\/2021\/02\/Wa57LfztLUWClu34VYqEig.jpg","keywords":["Agust\u00ed Fructuoso","COVID19","pintor","Pol\u00edtica Cultural"],"articleSection":["Not\u00edcies","Opini\u00f3"],"inLanguage":"ca","potentialAction":[{"@type":"CommentAction","name":"Comment","target":["https:\/\/www.cercledecultura.org\/ca\/agusti_fructuoso_cultura_covid19\/#respond"]}]},{"@type":"WebPage","@id":"https:\/\/www.cercledecultura.org\/ca\/agusti_fructuoso_cultura_covid19\/","url":"https:\/\/www.cercledecultura.org\/ca\/agusti_fructuoso_cultura_covid19\/","name":"Agust\u00ed Fructuoso: \"La cultura \u00e9s com un jonc, fr\u00e0gil, per\u00f2 resistent i dif\u00edcil de tombar\" - Cercle de Cultura","isPartOf":{"@id":"https:\/\/www.cercledecultura.org\/ca\/#website"},"primaryImageOfPage":{"@id":"https:\/\/www.cercledecultura.org\/ca\/agusti_fructuoso_cultura_covid19\/#primaryimage"},"image":{"@id":"https:\/\/www.cercledecultura.org\/ca\/agusti_fructuoso_cultura_covid19\/#primaryimage"},"thumbnailUrl":"https:\/\/www.cercledecultura.org\/wp-content\/uploads\/2021\/02\/Wa57LfztLUWClu34VYqEig.jpg","datePublished":"2020-04-30T05:26:00+00:00","dateModified":"2021-03-07T15:14:41+00:00","breadcrumb":{"@id":"https:\/\/www.cercledecultura.org\/ca\/agusti_fructuoso_cultura_covid19\/#breadcrumb"},"inLanguage":"ca","potentialAction":[{"@type":"ReadAction","target":["https:\/\/www.cercledecultura.org\/ca\/agusti_fructuoso_cultura_covid19\/"]}]},{"@type":"ImageObject","inLanguage":"ca","@id":"https:\/\/www.cercledecultura.org\/ca\/agusti_fructuoso_cultura_covid19\/#primaryimage","url":"https:\/\/www.cercledecultura.org\/wp-content\/uploads\/2021\/02\/Wa57LfztLUWClu34VYqEig.jpg","contentUrl":"https:\/\/www.cercledecultura.org\/wp-content\/uploads\/2021\/02\/Wa57LfztLUWClu34VYqEig.jpg","width":1080,"height":720},{"@type":"BreadcrumbList","@id":"https:\/\/www.cercledecultura.org\/ca\/agusti_fructuoso_cultura_covid19\/#breadcrumb","itemListElement":[{"@type":"ListItem","position":1,"name":"Portada","item":"https:\/\/www.cercledecultura.org\/ca\/"},{"@type":"ListItem","position":2,"name":"Agust\u00ed Fructuoso: &#8220;La cultura \u00e9s com un jonc, fr\u00e0gil, per\u00f2 resistent i dif\u00edcil de tombar&#8221;"}]},{"@type":"WebSite","@id":"https:\/\/www.cercledecultura.org\/ca\/#website","url":"https:\/\/www.cercledecultura.org\/ca\/","name":"Cercle de Cultura","description":"Entitat de car\u00e0cter privat i associatiu, independent, amb voluntat de participar en la vida p\u00fablica des de la pluralitat ideol\u00f2gica dels seus membres fundadors i futurs associats","publisher":{"@id":"https:\/\/www.cercledecultura.org\/ca\/#organization"},"potentialAction":[{"@type":"SearchAction","target":{"@type":"EntryPoint","urlTemplate":"https:\/\/www.cercledecultura.org\/ca\/?s={search_term_string}"},"query-input":{"@type":"PropertyValueSpecification","valueRequired":true,"valueName":"search_term_string"}}],"inLanguage":"ca"},{"@type":"Organization","@id":"https:\/\/www.cercledecultura.org\/ca\/#organization","name":"Cercle de Cultura","url":"https:\/\/www.cercledecultura.org\/ca\/","logo":{"@type":"ImageObject","inLanguage":"ca","@id":"https:\/\/www.cercledecultura.org\/ca\/#\/schema\/logo\/image\/","url":"https:\/\/www.cercledecultura.org\/wp-content\/uploads\/2020\/01\/logo-cercle-de-cultura.png","contentUrl":"https:\/\/www.cercledecultura.org\/wp-content\/uploads\/2020\/01\/logo-cercle-de-cultura.png","width":350,"height":195,"caption":"Cercle de Cultura"},"image":{"@id":"https:\/\/www.cercledecultura.org\/ca\/#\/schema\/logo\/image\/"}},{"@type":"Person","@id":"https:\/\/www.cercledecultura.org\/ca\/#\/schema\/person\/269db25cfadcb4bd2e41781c819942f9","name":"admin","image":{"@type":"ImageObject","inLanguage":"ca","@id":"https:\/\/secure.gravatar.com\/avatar\/e88a8bb50a361c6d45c4709770a3d765016be4b5d85313447b91d0d707434ad9?s=96&d=mm&r=g","url":"https:\/\/secure.gravatar.com\/avatar\/e88a8bb50a361c6d45c4709770a3d765016be4b5d85313447b91d0d707434ad9?s=96&d=mm&r=g","contentUrl":"https:\/\/secure.gravatar.com\/avatar\/e88a8bb50a361c6d45c4709770a3d765016be4b5d85313447b91d0d707434ad9?s=96&d=mm&r=g","caption":"admin"},"url":"https:\/\/www.cercledecultura.org\/ca\/author\/seic_trzh7tdr\/"}]}},"_links":{"self":[{"href":"https:\/\/www.cercledecultura.org\/ca\/wp-json\/wp\/v2\/posts\/960","targetHints":{"allow":["GET"]}}],"collection":[{"href":"https:\/\/www.cercledecultura.org\/ca\/wp-json\/wp\/v2\/posts"}],"about":[{"href":"https:\/\/www.cercledecultura.org\/ca\/wp-json\/wp\/v2\/types\/post"}],"author":[{"embeddable":true,"href":"https:\/\/www.cercledecultura.org\/ca\/wp-json\/wp\/v2\/users\/1"}],"replies":[{"embeddable":true,"href":"https:\/\/www.cercledecultura.org\/ca\/wp-json\/wp\/v2\/comments?post=960"}],"version-history":[{"count":2,"href":"https:\/\/www.cercledecultura.org\/ca\/wp-json\/wp\/v2\/posts\/960\/revisions"}],"predecessor-version":[{"id":1389,"href":"https:\/\/www.cercledecultura.org\/ca\/wp-json\/wp\/v2\/posts\/960\/revisions\/1389"}],"wp:featuredmedia":[{"embeddable":true,"href":"https:\/\/www.cercledecultura.org\/ca\/wp-json\/wp\/v2\/media\/961"}],"wp:attachment":[{"href":"https:\/\/www.cercledecultura.org\/ca\/wp-json\/wp\/v2\/media?parent=960"}],"wp:term":[{"taxonomy":"category","embeddable":true,"href":"https:\/\/www.cercledecultura.org\/ca\/wp-json\/wp\/v2\/categories?post=960"},{"taxonomy":"post_tag","embeddable":true,"href":"https:\/\/www.cercledecultura.org\/ca\/wp-json\/wp\/v2\/tags?post=960"}],"curies":[{"name":"wp","href":"https:\/\/api.w.org\/{rel}","templated":true}]}}