{"id":950,"date":"2020-03-04T05:21:00","date_gmt":"2020-03-04T05:21:00","guid":{"rendered":"https:\/\/pre.cercledecultura.org\/carme_puche_dones_visuals_cinema\/"},"modified":"2021-03-07T15:17:43","modified_gmt":"2021-03-07T15:17:43","slug":"carme_puche_dones_visuals_cinema","status":"publish","type":"post","link":"https:\/\/www.cercledecultura.org\/ca\/carme_puche_dones_visuals_cinema\/","title":{"rendered":"El reequilibri no vindr\u00e0 sol"},"content":{"rendered":"<p>Carme Puche Mor\u00e9, cineasta i secret\u00e0ria de l&#8217;associaci\u00f3 Dones Visuals, ens fa una \u00e0mplia reflexi\u00f3 sobre el proc\u00e9s de normalitzaci\u00f3 del paper de la dona a la&nbsp; cultura i en concret al sector audiovisual.&nbsp;  Pensem-hi: ara mateix estic escrivint aquest article i no estic treballant en el meu \u00faltim gui\u00f3. Aquest podria ser un bon resum de quin \u00e9s el proc\u00e9s de normalitzaci\u00f3 del paper de la dona a la cultura, i \u00e9s que les mateixes dones que ja tenim tantes dificultats per accedir als llocs hist\u00f2ricament ocupats per homes, a m\u00e9s, ara hem de dedicar el temps a fer-nos visibles, reivindicar el que \u00e9s obvi i fer did\u00e0ctica sobre l\u2019estat de les coses. \u00c9s a dir, que per normalitzar la nostra situaci\u00f3, hem de viure en una anormalitat constant. Us poso un altre exemple. Entro en una sala de cinema a fer una prova de color i el projeccionista es dirigeix a l\u2019home que m\u2019acompanya \u2013jo clarament he entrat la primera, he agafat la paraula, he portat la batuta, que es diu, per\u00f2 no n\u2019hi ha hagut prou, el projeccionista li ha parlat al meu company, que ha hagut de dir, una vegada m\u00e9s, \u201cla directora \u00e9s ella\u201d\u2013, doncs a m\u00e9s a m\u00e9s de viure aquesta situaci\u00f3 que \u00e9s denigrant, i de refer-me r\u00e0pidament perqu\u00e8 ja no li vull ni donar import\u00e0ncia, a m\u00e9s a m\u00e9s, he d\u2019explicar per qu\u00e8 aix\u00f2 est\u00e0 malament. La veritat \u00e9s que tot plegat podria ser pitjor, perqu\u00e8 en lloc de ser jo una dona blanca heterosexual, podria ser una dona negra, o una lesbiana, o una trans, o alguna persona dels col\u00b7lectius repetidament minoritzats i discriminats. Llavors a m\u00e9s potser caldria sumar-hi comentaris racistes i m\u00e9s desafortunats. O potser ni tan sols hauria arribat a creuar la porta d\u2019aquella sala i que el senyor projeccionista em confongu\u00e9s amb alg\u00fa a qui no cal prendre seriosament, perqu\u00e8 potser mai havia tingut l\u2019oportunitat de fer una feina que es project\u00e9s en una sala. Aix\u00ed estan les coses.  Per\u00f2 tenim bones noves: les coses estan canviant. Aquest esfor\u00e7 extraordinari que hem de fer les dones t\u00e9 els seus fruits. Hi ha una tend\u00e8ncia imparable cap al reequilibri d\u2019una situaci\u00f3 que ja no haur\u00edem d\u2019estar subratllant. Hem sumat a la did\u00e0ctica de la den\u00fancia la necessitat de canviar les coses m\u00e9s d\u2019arrel. Qu\u00e8 vol dir aix\u00f2? Que s\u2019han reclamat mesures correctores a les administracions que gestionen els fons p\u00fablics amb qu\u00e8 es fan pel\u00b7l\u00edcules en aquest pa\u00eds i que aquestes mesures s\u2019han comen\u00e7at a posar en pr\u00e0ctica. S\u00f3n mesures que incentiven i premien la incorporaci\u00f3 del talent femen\u00ed als equips. Davant aquestes mesures, que han de tornar l\u2019espai leg\u00edtim que pertoca a la meitat de la poblaci\u00f3, hi ha una afirmaci\u00f3 que es repeteix i que \u00e9s ofensiva: Aix\u00f2 no afectar\u00e0 la qualitat dels projectes? L\u2019equaci\u00f3 \u00e9s f\u00e0cil d\u2019entendre: si incorporem l\u2019excel\u00b7l\u00e8ncia femenina, el que sortir\u00e0 no ser\u00e0 l\u2019excel\u00b7l\u00e8ncia masculina, aquesta prevaldr\u00e0, sin\u00f3 que es reduir\u00e0 la mediocritat. Excel\u00b7l\u00e8ncia m\u00e9s excel\u00b7l\u00e8ncia ser\u00e0 sempre m\u00e9s qualitat. Una f\u00f3rmula l\u00f2gica i justa que ha quedat demostrada en altres pa\u00efsos com Su\u00e8cia, a trav\u00e9s del seu Swedish Film Institute.  Les xifres de professionals en llocs de lideratge (direcci\u00f3, producci\u00f3, gui\u00f3) aix\u00ed com de dif\u00edcil acc\u00e9s (per exemple, efectes especials) aniran augmentant, per\u00f2 tamb\u00e9 ho ha de fer el pressupost que s\u2019adjudica als projectes liderats per dones. Encara ara, davant la mateixa qualitat d\u2019equip i projecte, els homes tenen pressupostos m\u00e9s alts. Quan tinguem aix\u00f2, haurem aconseguit una gran fita.&nbsp; Per\u00f2 no ens deixem enganyar, el reequilibri no va nom\u00e9s de xifres. En realitat, aquestes xifres seran dif\u00edcilment honestes i ver\u00eddiques si no hi ha una transformaci\u00f3 profunda de l\u2019imaginari del patriarcat. En aquest imaginari, es continuen perpetuant els models de superioritat per part dels homes, es continua creient que ells s\u00f3n millors que elles, es continuen explicant les hist\u00f2ries des d\u2019un \u00fanic punt de vista. El m\u00f3n no pot ser explicat d\u2019una sola manera. Fins que els homes blancs no entenguin els privilegis que tenen, fins que les dones blanques no sentim els privilegis que tenim. Fins que no veiem que el reequilibri passa per fer passos enrere i al costat, per deixar espai, per passar el micr\u00f2fon, per viure amb entusiasme l\u2019esclat de mirades que pot oferir un nou cinema que encara est\u00e0 per fer&#8230;, fins que no hi hagi aquesta transformaci\u00f3 profunda en cada rac\u00f3 de la cultura, el 50\/50 no ser\u00e0 real.  Les mesures correctores s\u00f3n imprescindibles i per aix\u00f2 des de Dones Visuals hi dediquem tants esfor\u00e7os, per\u00f2 tamb\u00e9 ho \u00e9s canviar aquest imaginari que es cola en cada una de les expressions culturals que avui es porten a terme. En aquest sentit, una de les reivindicacions importants \u00e9s la incorporaci\u00f3 de persones especialistes en perspectiva de g\u00e8nere i diversitat en totes les comissions que decideixen sobre les ajudes en cultura. Aix\u00f2 \u00e9s imprescindible perqu\u00e8 el diner p\u00fablic no pot subvencionar projectes que fomentin una visi\u00f3 androc\u00e8ntrica de la societat, per una banda, i tampoc pot excloure aquells projectes que per diferir dels est\u00e0ndards de narrativa o tem\u00e0tica no s\u00f3n compresos per les comissions. Cal donar import\u00e0ncia a la diversitat en aquestes decisions. En aquests moments, els nous pressupostos de cultura de la Generalitat contemplen \u201cvetllar per l\u2019aplicaci\u00f3 de la perspectiva de g\u00e8nere en els continguts audiovisuals\u201d. Esperem que aquesta declaraci\u00f3 d\u2019intencions es concreti en propostes com la incorporaci\u00f3 d\u2019aquestes especialistes a totes les comissions de cultura.&nbsp;  Si aconseguim fer un cinema, i en general una cultura, que diversifiqui les mirades, que ens mostri no solament altres realitats, sin\u00f3 altres maneres de veure i registrar aquesta realitat, la transformaci\u00f3 profunda de qu\u00e8 us parlava ser\u00e0 m\u00e9s viable. Tot plegat perqu\u00e8 dem\u00e0 (no d\u2019aqu\u00ed a deu anys, dem\u00e0) una trans, una lesbiana, una dona negra, una dona blanca, entrin a la sala de projeccions i no calgui que ning\u00fa aclareixi que \u201cla directora \u00e9s ella\u201d.<\/p>\n","protected":false},"excerpt":{"rendered":"<p>Carme Puche Mor\u00e9, cineasta i secret\u00e0ria de l&#8217;associaci\u00f3 Dones Visuals, ens fa una \u00e0mplia reflexi\u00f3 sobre el proc\u00e9s de normalitzaci\u00f3 del paper de la dona a la\u00a0cultura i en concret al sector audiovisual.\u00a0  \u00a0<\/p>\n","protected":false},"author":1,"featured_media":951,"comment_status":"open","ping_status":"closed","sticky":false,"template":"","format":"standard","meta":{"footnotes":""},"categories":[24],"tags":[144,489,22,490,491,4],"class_list":["post-950","post","type-post","status-publish","format-standard","has-post-thumbnail","hentry","category-opinio","tag-audiovisual","tag-carme-puche","tag-cinema","tag-dones-visuals","tag-igualtat-genere","tag-politica-cultural"],"yoast_head":"<!-- This site is optimized with the Yoast SEO plugin v27.5 - https:\/\/yoast.com\/product\/yoast-seo-wordpress\/ -->\n<title>El reequilibri no vindr\u00e0 sol - Cercle de Cultura<\/title>\n<meta name=\"robots\" content=\"index, follow, max-snippet:-1, max-image-preview:large, max-video-preview:-1\" \/>\n<link rel=\"canonical\" href=\"https:\/\/www.cercledecultura.org\/ca\/carme_puche_dones_visuals_cinema\/\" \/>\n<meta property=\"og:locale\" content=\"ca_ES\" \/>\n<meta property=\"og:type\" content=\"article\" \/>\n<meta property=\"og:title\" content=\"El reequilibri no vindr\u00e0 sol - Cercle de Cultura\" \/>\n<meta property=\"og:description\" content=\"Carme Puche Mor\u00e9, cineasta i secret\u00e0ria de l&#039;associaci\u00f3 Dones Visuals, ens fa una \u00e0mplia reflexi\u00f3 sobre el proc\u00e9s de normalitzaci\u00f3 del paper de la dona a la\u00a0cultura i en concret al sector audiovisual.\u00a0 \u00a0\" \/>\n<meta property=\"og:url\" content=\"https:\/\/www.cercledecultura.org\/ca\/carme_puche_dones_visuals_cinema\/\" \/>\n<meta property=\"og:site_name\" content=\"Cercle de Cultura\" \/>\n<meta property=\"article:published_time\" content=\"2020-03-04T05:21:00+00:00\" \/>\n<meta property=\"article:modified_time\" content=\"2021-03-07T15:17:43+00:00\" \/>\n<meta property=\"og:image\" content=\"https:\/\/www.cercledecultura.org\/wp-content\/uploads\/2021\/02\/wDV48Z9PPE2uLW1jAiQ9eQ.jpg\" \/>\n\t<meta property=\"og:image:width\" content=\"700\" \/>\n\t<meta property=\"og:image:height\" content=\"437\" \/>\n\t<meta property=\"og:image:type\" content=\"image\/jpeg\" \/>\n<meta name=\"author\" content=\"admin\" \/>\n<meta name=\"twitter:card\" content=\"summary_large_image\" \/>\n<meta name=\"twitter:label1\" content=\"Escrit per\" \/>\n\t<meta name=\"twitter:data1\" content=\"admin\" \/>\n\t<meta name=\"twitter:label2\" content=\"Temps estimat de lectura\" \/>\n\t<meta name=\"twitter:data2\" content=\"5 minuts\" \/>\n<script type=\"application\/ld+json\" class=\"yoast-schema-graph\">{\"@context\":\"https:\\\/\\\/schema.org\",\"@graph\":[{\"@type\":\"Article\",\"@id\":\"https:\\\/\\\/www.cercledecultura.org\\\/ca\\\/carme_puche_dones_visuals_cinema\\\/#article\",\"isPartOf\":{\"@id\":\"https:\\\/\\\/www.cercledecultura.org\\\/ca\\\/carme_puche_dones_visuals_cinema\\\/\"},\"author\":{\"name\":\"admin\",\"@id\":\"https:\\\/\\\/www.cercledecultura.org\\\/ca\\\/#\\\/schema\\\/person\\\/269db25cfadcb4bd2e41781c819942f9\"},\"headline\":\"El reequilibri no vindr\u00e0 sol\",\"datePublished\":\"2020-03-04T05:21:00+00:00\",\"dateModified\":\"2021-03-07T15:17:43+00:00\",\"mainEntityOfPage\":{\"@id\":\"https:\\\/\\\/www.cercledecultura.org\\\/ca\\\/carme_puche_dones_visuals_cinema\\\/\"},\"wordCount\":1082,\"commentCount\":0,\"publisher\":{\"@id\":\"https:\\\/\\\/www.cercledecultura.org\\\/ca\\\/#organization\"},\"image\":{\"@id\":\"https:\\\/\\\/www.cercledecultura.org\\\/ca\\\/carme_puche_dones_visuals_cinema\\\/#primaryimage\"},\"thumbnailUrl\":\"https:\\\/\\\/www.cercledecultura.org\\\/wp-content\\\/uploads\\\/2021\\\/02\\\/wDV48Z9PPE2uLW1jAiQ9eQ.jpg\",\"keywords\":[\"audiovisual\",\"Carme Puche\",\"Cinema\",\"Dones Visuals\",\"igualtat g\u00e8nere\",\"Pol\u00edtica Cultural\"],\"articleSection\":[\"Opini\u00f3\"],\"inLanguage\":\"ca\",\"potentialAction\":[{\"@type\":\"CommentAction\",\"name\":\"Comment\",\"target\":[\"https:\\\/\\\/www.cercledecultura.org\\\/ca\\\/carme_puche_dones_visuals_cinema\\\/#respond\"]}]},{\"@type\":\"WebPage\",\"@id\":\"https:\\\/\\\/www.cercledecultura.org\\\/ca\\\/carme_puche_dones_visuals_cinema\\\/\",\"url\":\"https:\\\/\\\/www.cercledecultura.org\\\/ca\\\/carme_puche_dones_visuals_cinema\\\/\",\"name\":\"El reequilibri no vindr\u00e0 sol - Cercle de Cultura\",\"isPartOf\":{\"@id\":\"https:\\\/\\\/www.cercledecultura.org\\\/ca\\\/#website\"},\"primaryImageOfPage\":{\"@id\":\"https:\\\/\\\/www.cercledecultura.org\\\/ca\\\/carme_puche_dones_visuals_cinema\\\/#primaryimage\"},\"image\":{\"@id\":\"https:\\\/\\\/www.cercledecultura.org\\\/ca\\\/carme_puche_dones_visuals_cinema\\\/#primaryimage\"},\"thumbnailUrl\":\"https:\\\/\\\/www.cercledecultura.org\\\/wp-content\\\/uploads\\\/2021\\\/02\\\/wDV48Z9PPE2uLW1jAiQ9eQ.jpg\",\"datePublished\":\"2020-03-04T05:21:00+00:00\",\"dateModified\":\"2021-03-07T15:17:43+00:00\",\"breadcrumb\":{\"@id\":\"https:\\\/\\\/www.cercledecultura.org\\\/ca\\\/carme_puche_dones_visuals_cinema\\\/#breadcrumb\"},\"inLanguage\":\"ca\",\"potentialAction\":[{\"@type\":\"ReadAction\",\"target\":[\"https:\\\/\\\/www.cercledecultura.org\\\/ca\\\/carme_puche_dones_visuals_cinema\\\/\"]}]},{\"@type\":\"ImageObject\",\"inLanguage\":\"ca\",\"@id\":\"https:\\\/\\\/www.cercledecultura.org\\\/ca\\\/carme_puche_dones_visuals_cinema\\\/#primaryimage\",\"url\":\"https:\\\/\\\/www.cercledecultura.org\\\/wp-content\\\/uploads\\\/2021\\\/02\\\/wDV48Z9PPE2uLW1jAiQ9eQ.jpg\",\"contentUrl\":\"https:\\\/\\\/www.cercledecultura.org\\\/wp-content\\\/uploads\\\/2021\\\/02\\\/wDV48Z9PPE2uLW1jAiQ9eQ.jpg\",\"width\":700,\"height\":437},{\"@type\":\"BreadcrumbList\",\"@id\":\"https:\\\/\\\/www.cercledecultura.org\\\/ca\\\/carme_puche_dones_visuals_cinema\\\/#breadcrumb\",\"itemListElement\":[{\"@type\":\"ListItem\",\"position\":1,\"name\":\"Portada\",\"item\":\"https:\\\/\\\/www.cercledecultura.org\\\/ca\\\/\"},{\"@type\":\"ListItem\",\"position\":2,\"name\":\"El reequilibri no vindr\u00e0 sol\"}]},{\"@type\":\"WebSite\",\"@id\":\"https:\\\/\\\/www.cercledecultura.org\\\/ca\\\/#website\",\"url\":\"https:\\\/\\\/www.cercledecultura.org\\\/ca\\\/\",\"name\":\"Cercle de Cultura\",\"description\":\"Entitat de car\u00e0cter privat i associatiu, independent, amb voluntat de participar en la vida p\u00fablica des de la pluralitat ideol\u00f2gica dels seus membres fundadors i futurs associats\",\"publisher\":{\"@id\":\"https:\\\/\\\/www.cercledecultura.org\\\/ca\\\/#organization\"},\"potentialAction\":[{\"@type\":\"SearchAction\",\"target\":{\"@type\":\"EntryPoint\",\"urlTemplate\":\"https:\\\/\\\/www.cercledecultura.org\\\/ca\\\/?s={search_term_string}\"},\"query-input\":{\"@type\":\"PropertyValueSpecification\",\"valueRequired\":true,\"valueName\":\"search_term_string\"}}],\"inLanguage\":\"ca\"},{\"@type\":\"Organization\",\"@id\":\"https:\\\/\\\/www.cercledecultura.org\\\/ca\\\/#organization\",\"name\":\"Cercle de Cultura\",\"url\":\"https:\\\/\\\/www.cercledecultura.org\\\/ca\\\/\",\"logo\":{\"@type\":\"ImageObject\",\"inLanguage\":\"ca\",\"@id\":\"https:\\\/\\\/www.cercledecultura.org\\\/ca\\\/#\\\/schema\\\/logo\\\/image\\\/\",\"url\":\"https:\\\/\\\/www.cercledecultura.org\\\/wp-content\\\/uploads\\\/2020\\\/01\\\/logo-cercle-de-cultura.png\",\"contentUrl\":\"https:\\\/\\\/www.cercledecultura.org\\\/wp-content\\\/uploads\\\/2020\\\/01\\\/logo-cercle-de-cultura.png\",\"width\":350,\"height\":195,\"caption\":\"Cercle de Cultura\"},\"image\":{\"@id\":\"https:\\\/\\\/www.cercledecultura.org\\\/ca\\\/#\\\/schema\\\/logo\\\/image\\\/\"}},{\"@type\":\"Person\",\"@id\":\"https:\\\/\\\/www.cercledecultura.org\\\/ca\\\/#\\\/schema\\\/person\\\/269db25cfadcb4bd2e41781c819942f9\",\"name\":\"admin\",\"image\":{\"@type\":\"ImageObject\",\"inLanguage\":\"ca\",\"@id\":\"https:\\\/\\\/secure.gravatar.com\\\/avatar\\\/e88a8bb50a361c6d45c4709770a3d765016be4b5d85313447b91d0d707434ad9?s=96&d=mm&r=g\",\"url\":\"https:\\\/\\\/secure.gravatar.com\\\/avatar\\\/e88a8bb50a361c6d45c4709770a3d765016be4b5d85313447b91d0d707434ad9?s=96&d=mm&r=g\",\"contentUrl\":\"https:\\\/\\\/secure.gravatar.com\\\/avatar\\\/e88a8bb50a361c6d45c4709770a3d765016be4b5d85313447b91d0d707434ad9?s=96&d=mm&r=g\",\"caption\":\"admin\"},\"url\":\"https:\\\/\\\/www.cercledecultura.org\\\/ca\\\/author\\\/seic_trzh7tdr\\\/\"}]}<\/script>\n<!-- \/ Yoast SEO plugin. -->","yoast_head_json":{"title":"El reequilibri no vindr\u00e0 sol - Cercle de Cultura","robots":{"index":"index","follow":"follow","max-snippet":"max-snippet:-1","max-image-preview":"max-image-preview:large","max-video-preview":"max-video-preview:-1"},"canonical":"https:\/\/www.cercledecultura.org\/ca\/carme_puche_dones_visuals_cinema\/","og_locale":"ca_ES","og_type":"article","og_title":"El reequilibri no vindr\u00e0 sol - Cercle de Cultura","og_description":"Carme Puche Mor\u00e9, cineasta i secret\u00e0ria de l'associaci\u00f3 Dones Visuals, ens fa una \u00e0mplia reflexi\u00f3 sobre el proc\u00e9s de normalitzaci\u00f3 del paper de la dona a la\u00a0cultura i en concret al sector audiovisual.\u00a0 \u00a0","og_url":"https:\/\/www.cercledecultura.org\/ca\/carme_puche_dones_visuals_cinema\/","og_site_name":"Cercle de Cultura","article_published_time":"2020-03-04T05:21:00+00:00","article_modified_time":"2021-03-07T15:17:43+00:00","og_image":[{"width":700,"height":437,"url":"https:\/\/www.cercledecultura.org\/wp-content\/uploads\/2021\/02\/wDV48Z9PPE2uLW1jAiQ9eQ.jpg","type":"image\/jpeg"}],"author":"admin","twitter_card":"summary_large_image","twitter_misc":{"Escrit per":"admin","Temps estimat de lectura":"5 minuts"},"schema":{"@context":"https:\/\/schema.org","@graph":[{"@type":"Article","@id":"https:\/\/www.cercledecultura.org\/ca\/carme_puche_dones_visuals_cinema\/#article","isPartOf":{"@id":"https:\/\/www.cercledecultura.org\/ca\/carme_puche_dones_visuals_cinema\/"},"author":{"name":"admin","@id":"https:\/\/www.cercledecultura.org\/ca\/#\/schema\/person\/269db25cfadcb4bd2e41781c819942f9"},"headline":"El reequilibri no vindr\u00e0 sol","datePublished":"2020-03-04T05:21:00+00:00","dateModified":"2021-03-07T15:17:43+00:00","mainEntityOfPage":{"@id":"https:\/\/www.cercledecultura.org\/ca\/carme_puche_dones_visuals_cinema\/"},"wordCount":1082,"commentCount":0,"publisher":{"@id":"https:\/\/www.cercledecultura.org\/ca\/#organization"},"image":{"@id":"https:\/\/www.cercledecultura.org\/ca\/carme_puche_dones_visuals_cinema\/#primaryimage"},"thumbnailUrl":"https:\/\/www.cercledecultura.org\/wp-content\/uploads\/2021\/02\/wDV48Z9PPE2uLW1jAiQ9eQ.jpg","keywords":["audiovisual","Carme Puche","Cinema","Dones Visuals","igualtat g\u00e8nere","Pol\u00edtica Cultural"],"articleSection":["Opini\u00f3"],"inLanguage":"ca","potentialAction":[{"@type":"CommentAction","name":"Comment","target":["https:\/\/www.cercledecultura.org\/ca\/carme_puche_dones_visuals_cinema\/#respond"]}]},{"@type":"WebPage","@id":"https:\/\/www.cercledecultura.org\/ca\/carme_puche_dones_visuals_cinema\/","url":"https:\/\/www.cercledecultura.org\/ca\/carme_puche_dones_visuals_cinema\/","name":"El reequilibri no vindr\u00e0 sol - Cercle de Cultura","isPartOf":{"@id":"https:\/\/www.cercledecultura.org\/ca\/#website"},"primaryImageOfPage":{"@id":"https:\/\/www.cercledecultura.org\/ca\/carme_puche_dones_visuals_cinema\/#primaryimage"},"image":{"@id":"https:\/\/www.cercledecultura.org\/ca\/carme_puche_dones_visuals_cinema\/#primaryimage"},"thumbnailUrl":"https:\/\/www.cercledecultura.org\/wp-content\/uploads\/2021\/02\/wDV48Z9PPE2uLW1jAiQ9eQ.jpg","datePublished":"2020-03-04T05:21:00+00:00","dateModified":"2021-03-07T15:17:43+00:00","breadcrumb":{"@id":"https:\/\/www.cercledecultura.org\/ca\/carme_puche_dones_visuals_cinema\/#breadcrumb"},"inLanguage":"ca","potentialAction":[{"@type":"ReadAction","target":["https:\/\/www.cercledecultura.org\/ca\/carme_puche_dones_visuals_cinema\/"]}]},{"@type":"ImageObject","inLanguage":"ca","@id":"https:\/\/www.cercledecultura.org\/ca\/carme_puche_dones_visuals_cinema\/#primaryimage","url":"https:\/\/www.cercledecultura.org\/wp-content\/uploads\/2021\/02\/wDV48Z9PPE2uLW1jAiQ9eQ.jpg","contentUrl":"https:\/\/www.cercledecultura.org\/wp-content\/uploads\/2021\/02\/wDV48Z9PPE2uLW1jAiQ9eQ.jpg","width":700,"height":437},{"@type":"BreadcrumbList","@id":"https:\/\/www.cercledecultura.org\/ca\/carme_puche_dones_visuals_cinema\/#breadcrumb","itemListElement":[{"@type":"ListItem","position":1,"name":"Portada","item":"https:\/\/www.cercledecultura.org\/ca\/"},{"@type":"ListItem","position":2,"name":"El reequilibri no vindr\u00e0 sol"}]},{"@type":"WebSite","@id":"https:\/\/www.cercledecultura.org\/ca\/#website","url":"https:\/\/www.cercledecultura.org\/ca\/","name":"Cercle de Cultura","description":"Entitat de car\u00e0cter privat i associatiu, independent, amb voluntat de participar en la vida p\u00fablica des de la pluralitat ideol\u00f2gica dels seus membres fundadors i futurs associats","publisher":{"@id":"https:\/\/www.cercledecultura.org\/ca\/#organization"},"potentialAction":[{"@type":"SearchAction","target":{"@type":"EntryPoint","urlTemplate":"https:\/\/www.cercledecultura.org\/ca\/?s={search_term_string}"},"query-input":{"@type":"PropertyValueSpecification","valueRequired":true,"valueName":"search_term_string"}}],"inLanguage":"ca"},{"@type":"Organization","@id":"https:\/\/www.cercledecultura.org\/ca\/#organization","name":"Cercle de Cultura","url":"https:\/\/www.cercledecultura.org\/ca\/","logo":{"@type":"ImageObject","inLanguage":"ca","@id":"https:\/\/www.cercledecultura.org\/ca\/#\/schema\/logo\/image\/","url":"https:\/\/www.cercledecultura.org\/wp-content\/uploads\/2020\/01\/logo-cercle-de-cultura.png","contentUrl":"https:\/\/www.cercledecultura.org\/wp-content\/uploads\/2020\/01\/logo-cercle-de-cultura.png","width":350,"height":195,"caption":"Cercle de Cultura"},"image":{"@id":"https:\/\/www.cercledecultura.org\/ca\/#\/schema\/logo\/image\/"}},{"@type":"Person","@id":"https:\/\/www.cercledecultura.org\/ca\/#\/schema\/person\/269db25cfadcb4bd2e41781c819942f9","name":"admin","image":{"@type":"ImageObject","inLanguage":"ca","@id":"https:\/\/secure.gravatar.com\/avatar\/e88a8bb50a361c6d45c4709770a3d765016be4b5d85313447b91d0d707434ad9?s=96&d=mm&r=g","url":"https:\/\/secure.gravatar.com\/avatar\/e88a8bb50a361c6d45c4709770a3d765016be4b5d85313447b91d0d707434ad9?s=96&d=mm&r=g","contentUrl":"https:\/\/secure.gravatar.com\/avatar\/e88a8bb50a361c6d45c4709770a3d765016be4b5d85313447b91d0d707434ad9?s=96&d=mm&r=g","caption":"admin"},"url":"https:\/\/www.cercledecultura.org\/ca\/author\/seic_trzh7tdr\/"}]}},"_links":{"self":[{"href":"https:\/\/www.cercledecultura.org\/ca\/wp-json\/wp\/v2\/posts\/950","targetHints":{"allow":["GET"]}}],"collection":[{"href":"https:\/\/www.cercledecultura.org\/ca\/wp-json\/wp\/v2\/posts"}],"about":[{"href":"https:\/\/www.cercledecultura.org\/ca\/wp-json\/wp\/v2\/types\/post"}],"author":[{"embeddable":true,"href":"https:\/\/www.cercledecultura.org\/ca\/wp-json\/wp\/v2\/users\/1"}],"replies":[{"embeddable":true,"href":"https:\/\/www.cercledecultura.org\/ca\/wp-json\/wp\/v2\/comments?post=950"}],"version-history":[{"count":2,"href":"https:\/\/www.cercledecultura.org\/ca\/wp-json\/wp\/v2\/posts\/950\/revisions"}],"predecessor-version":[{"id":1393,"href":"https:\/\/www.cercledecultura.org\/ca\/wp-json\/wp\/v2\/posts\/950\/revisions\/1393"}],"wp:featuredmedia":[{"embeddable":true,"href":"https:\/\/www.cercledecultura.org\/ca\/wp-json\/wp\/v2\/media\/951"}],"wp:attachment":[{"href":"https:\/\/www.cercledecultura.org\/ca\/wp-json\/wp\/v2\/media?parent=950"}],"wp:term":[{"taxonomy":"category","embeddable":true,"href":"https:\/\/www.cercledecultura.org\/ca\/wp-json\/wp\/v2\/categories?post=950"},{"taxonomy":"post_tag","embeddable":true,"href":"https:\/\/www.cercledecultura.org\/ca\/wp-json\/wp\/v2\/tags?post=950"}],"curies":[{"name":"wp","href":"https:\/\/api.w.org\/{rel}","templated":true}]}}