{"id":948,"date":"2020-02-27T07:37:00","date_gmt":"2020-02-27T07:37:00","guid":{"rendered":"https:\/\/pre.cercledecultura.org\/ris3cat_xavier_cubeles_cultura\/"},"modified":"2021-02-23T09:33:41","modified_gmt":"2021-02-23T09:33:41","slug":"ris3cat_xavier_cubeles_cultura","status":"publish","type":"post","link":"https:\/\/www.cercledecultura.org\/ca\/ris3cat_xavier_cubeles_cultura\/","title":{"rendered":"Comunitat M\u00e8dia: un pas endavant per la innovaci\u00f3 en les ind\u00fastries culturals i creatives"},"content":{"rendered":"<p>Xavier Cubeles,\u00a0membre\u00a0d&#8217;Eurecat, Centre Tecnol\u00f2gic de Catalunya, descriu\u00a0en aquest article l&#8217;impacte que suposar\u00e0 la posada en marxa de la Comunitat RIS3CAT MEDIA per al sector cultural i creatiu catal\u00e0, a partir de vuit projectes que desenvoluparan noves oportunitats de producci\u00f3, difusi\u00f3 i consum culturals, amb una inversi\u00f3 de prop de 14 milions d&#8217;euros. Uns projectes que comptaran amb la implicaci\u00f3 directa de 34 empreses, entitats i institucions de les ind\u00fastries creatives i d&#8217;organitzacions vinculades amb la R+D+I del pa\u00eds.  Els vincles entre cultura, ci\u00e8ncia, creativitat i tecnologia incideixen de manera decisiva en el desenvolupament social i econ\u00f2mic. Sobretot, i de manera ben intensa, en moments de canvi com els actuals.\u00a0 Aix\u00f2 no \u00e9s una novetat. La hist\u00f2ria de Catalunya proporciona casos il\u00b7lustratius en aquest sentit com la creaci\u00f3 de l\u2019Escola Gratu\u00efta del Disseny als inicis de la revoluci\u00f3 industrial. Aquesta iniciativa va ser impulsada per la Junta de Comer\u00e7 de Barcelona amb la finalitat de formar els dibuixants que demandava la ind\u00fastria t\u00e8xtil emergent al segle XVIII. Amb la seva evoluci\u00f3, l\u2019escola esdevindria el primer centre de Barcelona on es pogu\u00e9 aprendre arquitectura, i tamb\u00e9 el lloc on hi estudiarien algunes de les figures m\u00e9s representatives del m\u00f3n de les arts i del disseny de Catalunya. L\u2019Escola encara existeix i \u00e9s coneguda pel nom de l\u2019edifici on aquesta s\u2019allotj\u00e0 origin\u00e0riament: l\u2019Escola Llotja. En el marc de la denominada quarta revoluci\u00f3 industrial, som novament en una etapa en la qual cal treballar amb encert i coordinadament per mantenir i refor\u00e7ar el posicionament de Catalunya com a territori d\u2019innovaci\u00f3, amb Barcelona al capdavant com a capital reconeguda internacionalment.  En aquesta nova onada de canvi, les ind\u00fastries culturals i creatives (ICC) ocupen un lloc clau donat el seu potencial d\u2019innovaci\u00f3 en l\u2019economia, la societat i la cultura. El reconeixement d\u2019aquest rol de les ICC s\u2019evidencia, entre altres, amb la seva inclusi\u00f3 dins dels set \u00e0mbits sectorials l\u00edder de l\u2019estrat\u00e8gia de recerca i innovaci\u00f3 per a l&#8217;especialitzaci\u00f3 intel\u00b7ligent RIS3 de Catalunya (la RIS3CAT), formulada fa uns anys a requeriment de la Uni\u00f3 Europea. Com \u00e9s sabut, aquesta estrat\u00e8gia se sustenta en la identificaci\u00f3 dels \u00e0mbits sectorials de cada territori que tenen uns coneixements, capacitats i recursos amb un major potencial de desenvolupament, per als quals s\u2019impulsen estrat\u00e8gies especialitzades d\u2019innovaci\u00f3. L\u2019acreditaci\u00f3 i finan\u00e7ament de la Comunitat RIS3CAT MEDIA \u00e9s un pas endavant en el desplegament d\u2019aquesta estrat\u00e8gia, ja que suposa recon\u00e8ixer un pla d\u2019actuacions espec\u00edfic en recerca, desenvolupament i innovaci\u00f3 (R+D+I) per a les ICC. D\u2019aquesta manera i per primera vegada, aquestes activitats queden incloses espec\u00edficament en les pol\u00edtiques d\u2019innovaci\u00f3 empresarial de Catalunya amb una agenda pr\u00f2pia, junt amb altres sectors capdavanters de la seva economia com les ind\u00fastries de la salut i ci\u00e8ncies de la vida, de l\u2019alimentaci\u00f3, de la qu\u00edmica, de l\u2019energia i recursos, dels sistemes industrials, de la mobilitat sostenible o del disseny. En tots aquests \u00e0mbits la innovaci\u00f3 est\u00e0 al centre de les respectives estrat\u00e8gies de desenvolupament, i s\u2019hi han constitu\u00eft Comunitats RIS3CAT els darrers anys.  La conflu\u00e8ncia de ci\u00e8ncia, tecnologia i creativitat en els projectes de la Comunitat M\u00e8dia pot contribuir a una conversi\u00f3 m\u00e9s eficient del coneixement en nous productes, tot generant noves oportunitats per a les empreses, afavorint el creixement econ\u00f2mic o millorant el benestar col\u00b7lectiu. Per a fer-ho, es preveu treballar complement\u00e0riament en dos sentits. Per un costat, potenciant el paper del coneixement cient\u00edfic i tecnol\u00f2gic en les ICC junt amb la creativitat, per tal de promoure aquestes activitats. Per un altre costat, refor\u00e7ant el paper de la creativitat com factor clau d\u2019innovaci\u00f3 en la resta d\u2019activitats econ\u00f2miques de Catalunya junt amb el coneixement cient\u00edfic i tecnol\u00f2gic, i amb les ICC com a motor per a fer-ho.  \u00a0<\/p>\n","protected":false},"excerpt":{"rendered":"<p>Xavier Cubeles,\u00a0membre d&#8217;Eurecat, Centre Tecnol\u00f2gic de Catalunya, descriu en aquest article l&#8217;impacte que suposar\u00e0 la posada en marxa de la Comunitat RIS3CAT MEDIA per al sector cultural i creatiu catal\u00e0, a partir dels vuit projectes que desenvoluparan noves oportunitats de producci\u00f3, difusi\u00f3 i consum culturals, amb una inversi\u00f3 de prop de 14 milions d&#8217;euros. Uns projectes que comptaran amb la implicaci\u00f3 directa de 34 empreses, entitats i institucions de les ind\u00fastries creatives i d&#8217;organitzacions vinculades amb la R+D+I del pa\u00eds.<\/p>\n","protected":false},"author":1,"featured_media":949,"comment_status":"open","ping_status":"closed","sticky":false,"template":"","format":"standard","meta":{"footnotes":""},"categories":[24],"tags":[488,199,195,113],"class_list":["post-948","post","type-post","status-publish","format-standard","has-post-thumbnail","hentry","category-opinio","tag-eurecat","tag-rdi","tag-ris3cat","tag-xavier-cubeles"],"yoast_head":"<!-- This site is optimized with the Yoast SEO plugin v27.4 - https:\/\/yoast.com\/product\/yoast-seo-wordpress\/ -->\n<title>Comunitat M\u00e8dia: un pas endavant per la innovaci\u00f3 en les ind\u00fastries culturals i creatives - Cercle de Cultura<\/title>\n<meta name=\"robots\" content=\"index, follow, max-snippet:-1, max-image-preview:large, max-video-preview:-1\" \/>\n<link rel=\"canonical\" href=\"https:\/\/www.cercledecultura.org\/ca\/ris3cat_xavier_cubeles_cultura\/\" \/>\n<meta property=\"og:locale\" content=\"ca_ES\" \/>\n<meta property=\"og:type\" content=\"article\" \/>\n<meta property=\"og:title\" content=\"Comunitat M\u00e8dia: un pas endavant per la innovaci\u00f3 en les ind\u00fastries culturals i creatives - Cercle de Cultura\" \/>\n<meta property=\"og:description\" content=\"Xavier Cubeles,\u00a0membre d&#039;Eurecat, Centre Tecnol\u00f2gic de Catalunya, descriu en aquest article l&#039;impacte que suposar\u00e0 la posada en marxa de la Comunitat RIS3CAT MEDIA per al sector cultural i creatiu catal\u00e0, a partir dels vuit projectes que desenvoluparan noves oportunitats de producci\u00f3, difusi\u00f3 i consum culturals, amb una inversi\u00f3 de prop de 14 milions d&#039;euros. Uns projectes que comptaran amb la implicaci\u00f3 directa de 34 empreses, entitats i institucions de les ind\u00fastries creatives i d&#039;organitzacions vinculades amb la R+D+I del pa\u00eds.\" \/>\n<meta property=\"og:url\" content=\"https:\/\/www.cercledecultura.org\/ca\/ris3cat_xavier_cubeles_cultura\/\" \/>\n<meta property=\"og:site_name\" content=\"Cercle de Cultura\" \/>\n<meta property=\"article:published_time\" content=\"2020-02-27T07:37:00+00:00\" \/>\n<meta property=\"article:modified_time\" content=\"2021-02-23T09:33:41+00:00\" \/>\n<meta property=\"og:image\" content=\"https:\/\/www.cercledecultura.org\/wp-content\/uploads\/2021\/02\/9ODSq1KAqUKyJjuJPM1gBQ.jpg\" \/>\n\t<meta property=\"og:image:width\" content=\"767\" \/>\n\t<meta property=\"og:image:height\" content=\"453\" \/>\n\t<meta property=\"og:image:type\" content=\"image\/jpeg\" \/>\n<meta name=\"author\" content=\"admin\" \/>\n<meta name=\"twitter:card\" content=\"summary_large_image\" \/>\n<meta name=\"twitter:label1\" content=\"Escrit per\" \/>\n\t<meta name=\"twitter:data1\" content=\"admin\" \/>\n\t<meta name=\"twitter:label2\" content=\"Temps estimat de lectura\" \/>\n\t<meta name=\"twitter:data2\" content=\"3 minuts\" \/>\n<script type=\"application\/ld+json\" class=\"yoast-schema-graph\">{\"@context\":\"https:\\\/\\\/schema.org\",\"@graph\":[{\"@type\":\"Article\",\"@id\":\"https:\\\/\\\/www.cercledecultura.org\\\/ca\\\/ris3cat_xavier_cubeles_cultura\\\/#article\",\"isPartOf\":{\"@id\":\"https:\\\/\\\/www.cercledecultura.org\\\/ca\\\/ris3cat_xavier_cubeles_cultura\\\/\"},\"author\":{\"name\":\"admin\",\"@id\":\"https:\\\/\\\/www.cercledecultura.org\\\/ca\\\/#\\\/schema\\\/person\\\/269db25cfadcb4bd2e41781c819942f9\"},\"headline\":\"Comunitat M\u00e8dia: un pas endavant per la innovaci\u00f3 en les ind\u00fastries culturals i creatives\",\"datePublished\":\"2020-02-27T07:37:00+00:00\",\"dateModified\":\"2021-02-23T09:33:41+00:00\",\"mainEntityOfPage\":{\"@id\":\"https:\\\/\\\/www.cercledecultura.org\\\/ca\\\/ris3cat_xavier_cubeles_cultura\\\/\"},\"wordCount\":708,\"commentCount\":0,\"publisher\":{\"@id\":\"https:\\\/\\\/www.cercledecultura.org\\\/ca\\\/#organization\"},\"image\":{\"@id\":\"https:\\\/\\\/www.cercledecultura.org\\\/ca\\\/ris3cat_xavier_cubeles_cultura\\\/#primaryimage\"},\"thumbnailUrl\":\"https:\\\/\\\/www.cercledecultura.org\\\/wp-content\\\/uploads\\\/2021\\\/02\\\/9ODSq1KAqUKyJjuJPM1gBQ.jpg\",\"keywords\":[\"Eurecat\",\"R+D+I\",\"RIS3CAT\",\"Xavier Cubeles\"],\"articleSection\":[\"Opini\u00f3\"],\"inLanguage\":\"ca\",\"potentialAction\":[{\"@type\":\"CommentAction\",\"name\":\"Comment\",\"target\":[\"https:\\\/\\\/www.cercledecultura.org\\\/ca\\\/ris3cat_xavier_cubeles_cultura\\\/#respond\"]}]},{\"@type\":\"WebPage\",\"@id\":\"https:\\\/\\\/www.cercledecultura.org\\\/ca\\\/ris3cat_xavier_cubeles_cultura\\\/\",\"url\":\"https:\\\/\\\/www.cercledecultura.org\\\/ca\\\/ris3cat_xavier_cubeles_cultura\\\/\",\"name\":\"Comunitat M\u00e8dia: un pas endavant per la innovaci\u00f3 en les ind\u00fastries culturals i creatives - Cercle de Cultura\",\"isPartOf\":{\"@id\":\"https:\\\/\\\/www.cercledecultura.org\\\/ca\\\/#website\"},\"primaryImageOfPage\":{\"@id\":\"https:\\\/\\\/www.cercledecultura.org\\\/ca\\\/ris3cat_xavier_cubeles_cultura\\\/#primaryimage\"},\"image\":{\"@id\":\"https:\\\/\\\/www.cercledecultura.org\\\/ca\\\/ris3cat_xavier_cubeles_cultura\\\/#primaryimage\"},\"thumbnailUrl\":\"https:\\\/\\\/www.cercledecultura.org\\\/wp-content\\\/uploads\\\/2021\\\/02\\\/9ODSq1KAqUKyJjuJPM1gBQ.jpg\",\"datePublished\":\"2020-02-27T07:37:00+00:00\",\"dateModified\":\"2021-02-23T09:33:41+00:00\",\"breadcrumb\":{\"@id\":\"https:\\\/\\\/www.cercledecultura.org\\\/ca\\\/ris3cat_xavier_cubeles_cultura\\\/#breadcrumb\"},\"inLanguage\":\"ca\",\"potentialAction\":[{\"@type\":\"ReadAction\",\"target\":[\"https:\\\/\\\/www.cercledecultura.org\\\/ca\\\/ris3cat_xavier_cubeles_cultura\\\/\"]}]},{\"@type\":\"ImageObject\",\"inLanguage\":\"ca\",\"@id\":\"https:\\\/\\\/www.cercledecultura.org\\\/ca\\\/ris3cat_xavier_cubeles_cultura\\\/#primaryimage\",\"url\":\"https:\\\/\\\/www.cercledecultura.org\\\/wp-content\\\/uploads\\\/2021\\\/02\\\/9ODSq1KAqUKyJjuJPM1gBQ.jpg\",\"contentUrl\":\"https:\\\/\\\/www.cercledecultura.org\\\/wp-content\\\/uploads\\\/2021\\\/02\\\/9ODSq1KAqUKyJjuJPM1gBQ.jpg\",\"width\":767,\"height\":453},{\"@type\":\"BreadcrumbList\",\"@id\":\"https:\\\/\\\/www.cercledecultura.org\\\/ca\\\/ris3cat_xavier_cubeles_cultura\\\/#breadcrumb\",\"itemListElement\":[{\"@type\":\"ListItem\",\"position\":1,\"name\":\"Portada\",\"item\":\"https:\\\/\\\/www.cercledecultura.org\\\/ca\\\/\"},{\"@type\":\"ListItem\",\"position\":2,\"name\":\"Comunitat M\u00e8dia: un pas endavant per la innovaci\u00f3 en les ind\u00fastries culturals i creatives\"}]},{\"@type\":\"WebSite\",\"@id\":\"https:\\\/\\\/www.cercledecultura.org\\\/ca\\\/#website\",\"url\":\"https:\\\/\\\/www.cercledecultura.org\\\/ca\\\/\",\"name\":\"Cercle de Cultura\",\"description\":\"Entitat de car\u00e0cter privat i associatiu, independent, amb voluntat de participar en la vida p\u00fablica des de la pluralitat ideol\u00f2gica dels seus membres fundadors i futurs associats\",\"publisher\":{\"@id\":\"https:\\\/\\\/www.cercledecultura.org\\\/ca\\\/#organization\"},\"potentialAction\":[{\"@type\":\"SearchAction\",\"target\":{\"@type\":\"EntryPoint\",\"urlTemplate\":\"https:\\\/\\\/www.cercledecultura.org\\\/ca\\\/?s={search_term_string}\"},\"query-input\":{\"@type\":\"PropertyValueSpecification\",\"valueRequired\":true,\"valueName\":\"search_term_string\"}}],\"inLanguage\":\"ca\"},{\"@type\":\"Organization\",\"@id\":\"https:\\\/\\\/www.cercledecultura.org\\\/ca\\\/#organization\",\"name\":\"Cercle de Cultura\",\"url\":\"https:\\\/\\\/www.cercledecultura.org\\\/ca\\\/\",\"logo\":{\"@type\":\"ImageObject\",\"inLanguage\":\"ca\",\"@id\":\"https:\\\/\\\/www.cercledecultura.org\\\/ca\\\/#\\\/schema\\\/logo\\\/image\\\/\",\"url\":\"https:\\\/\\\/www.cercledecultura.org\\\/wp-content\\\/uploads\\\/2020\\\/01\\\/logo-cercle-de-cultura.png\",\"contentUrl\":\"https:\\\/\\\/www.cercledecultura.org\\\/wp-content\\\/uploads\\\/2020\\\/01\\\/logo-cercle-de-cultura.png\",\"width\":350,\"height\":195,\"caption\":\"Cercle de Cultura\"},\"image\":{\"@id\":\"https:\\\/\\\/www.cercledecultura.org\\\/ca\\\/#\\\/schema\\\/logo\\\/image\\\/\"}},{\"@type\":\"Person\",\"@id\":\"https:\\\/\\\/www.cercledecultura.org\\\/ca\\\/#\\\/schema\\\/person\\\/269db25cfadcb4bd2e41781c819942f9\",\"name\":\"admin\",\"image\":{\"@type\":\"ImageObject\",\"inLanguage\":\"ca\",\"@id\":\"https:\\\/\\\/secure.gravatar.com\\\/avatar\\\/e88a8bb50a361c6d45c4709770a3d765016be4b5d85313447b91d0d707434ad9?s=96&d=mm&r=g\",\"url\":\"https:\\\/\\\/secure.gravatar.com\\\/avatar\\\/e88a8bb50a361c6d45c4709770a3d765016be4b5d85313447b91d0d707434ad9?s=96&d=mm&r=g\",\"contentUrl\":\"https:\\\/\\\/secure.gravatar.com\\\/avatar\\\/e88a8bb50a361c6d45c4709770a3d765016be4b5d85313447b91d0d707434ad9?s=96&d=mm&r=g\",\"caption\":\"admin\"},\"url\":\"https:\\\/\\\/www.cercledecultura.org\\\/ca\\\/author\\\/seic_trzh7tdr\\\/\"}]}<\/script>\n<!-- \/ Yoast SEO plugin. -->","yoast_head_json":{"title":"Comunitat M\u00e8dia: un pas endavant per la innovaci\u00f3 en les ind\u00fastries culturals i creatives - Cercle de Cultura","robots":{"index":"index","follow":"follow","max-snippet":"max-snippet:-1","max-image-preview":"max-image-preview:large","max-video-preview":"max-video-preview:-1"},"canonical":"https:\/\/www.cercledecultura.org\/ca\/ris3cat_xavier_cubeles_cultura\/","og_locale":"ca_ES","og_type":"article","og_title":"Comunitat M\u00e8dia: un pas endavant per la innovaci\u00f3 en les ind\u00fastries culturals i creatives - Cercle de Cultura","og_description":"Xavier Cubeles,\u00a0membre d'Eurecat, Centre Tecnol\u00f2gic de Catalunya, descriu en aquest article l'impacte que suposar\u00e0 la posada en marxa de la Comunitat RIS3CAT MEDIA per al sector cultural i creatiu catal\u00e0, a partir dels vuit projectes que desenvoluparan noves oportunitats de producci\u00f3, difusi\u00f3 i consum culturals, amb una inversi\u00f3 de prop de 14 milions d'euros. Uns projectes que comptaran amb la implicaci\u00f3 directa de 34 empreses, entitats i institucions de les ind\u00fastries creatives i d'organitzacions vinculades amb la R+D+I del pa\u00eds.","og_url":"https:\/\/www.cercledecultura.org\/ca\/ris3cat_xavier_cubeles_cultura\/","og_site_name":"Cercle de Cultura","article_published_time":"2020-02-27T07:37:00+00:00","article_modified_time":"2021-02-23T09:33:41+00:00","og_image":[{"width":767,"height":453,"url":"https:\/\/www.cercledecultura.org\/wp-content\/uploads\/2021\/02\/9ODSq1KAqUKyJjuJPM1gBQ.jpg","type":"image\/jpeg"}],"author":"admin","twitter_card":"summary_large_image","twitter_misc":{"Escrit per":"admin","Temps estimat de lectura":"3 minuts"},"schema":{"@context":"https:\/\/schema.org","@graph":[{"@type":"Article","@id":"https:\/\/www.cercledecultura.org\/ca\/ris3cat_xavier_cubeles_cultura\/#article","isPartOf":{"@id":"https:\/\/www.cercledecultura.org\/ca\/ris3cat_xavier_cubeles_cultura\/"},"author":{"name":"admin","@id":"https:\/\/www.cercledecultura.org\/ca\/#\/schema\/person\/269db25cfadcb4bd2e41781c819942f9"},"headline":"Comunitat M\u00e8dia: un pas endavant per la innovaci\u00f3 en les ind\u00fastries culturals i creatives","datePublished":"2020-02-27T07:37:00+00:00","dateModified":"2021-02-23T09:33:41+00:00","mainEntityOfPage":{"@id":"https:\/\/www.cercledecultura.org\/ca\/ris3cat_xavier_cubeles_cultura\/"},"wordCount":708,"commentCount":0,"publisher":{"@id":"https:\/\/www.cercledecultura.org\/ca\/#organization"},"image":{"@id":"https:\/\/www.cercledecultura.org\/ca\/ris3cat_xavier_cubeles_cultura\/#primaryimage"},"thumbnailUrl":"https:\/\/www.cercledecultura.org\/wp-content\/uploads\/2021\/02\/9ODSq1KAqUKyJjuJPM1gBQ.jpg","keywords":["Eurecat","R+D+I","RIS3CAT","Xavier Cubeles"],"articleSection":["Opini\u00f3"],"inLanguage":"ca","potentialAction":[{"@type":"CommentAction","name":"Comment","target":["https:\/\/www.cercledecultura.org\/ca\/ris3cat_xavier_cubeles_cultura\/#respond"]}]},{"@type":"WebPage","@id":"https:\/\/www.cercledecultura.org\/ca\/ris3cat_xavier_cubeles_cultura\/","url":"https:\/\/www.cercledecultura.org\/ca\/ris3cat_xavier_cubeles_cultura\/","name":"Comunitat M\u00e8dia: un pas endavant per la innovaci\u00f3 en les ind\u00fastries culturals i creatives - Cercle de Cultura","isPartOf":{"@id":"https:\/\/www.cercledecultura.org\/ca\/#website"},"primaryImageOfPage":{"@id":"https:\/\/www.cercledecultura.org\/ca\/ris3cat_xavier_cubeles_cultura\/#primaryimage"},"image":{"@id":"https:\/\/www.cercledecultura.org\/ca\/ris3cat_xavier_cubeles_cultura\/#primaryimage"},"thumbnailUrl":"https:\/\/www.cercledecultura.org\/wp-content\/uploads\/2021\/02\/9ODSq1KAqUKyJjuJPM1gBQ.jpg","datePublished":"2020-02-27T07:37:00+00:00","dateModified":"2021-02-23T09:33:41+00:00","breadcrumb":{"@id":"https:\/\/www.cercledecultura.org\/ca\/ris3cat_xavier_cubeles_cultura\/#breadcrumb"},"inLanguage":"ca","potentialAction":[{"@type":"ReadAction","target":["https:\/\/www.cercledecultura.org\/ca\/ris3cat_xavier_cubeles_cultura\/"]}]},{"@type":"ImageObject","inLanguage":"ca","@id":"https:\/\/www.cercledecultura.org\/ca\/ris3cat_xavier_cubeles_cultura\/#primaryimage","url":"https:\/\/www.cercledecultura.org\/wp-content\/uploads\/2021\/02\/9ODSq1KAqUKyJjuJPM1gBQ.jpg","contentUrl":"https:\/\/www.cercledecultura.org\/wp-content\/uploads\/2021\/02\/9ODSq1KAqUKyJjuJPM1gBQ.jpg","width":767,"height":453},{"@type":"BreadcrumbList","@id":"https:\/\/www.cercledecultura.org\/ca\/ris3cat_xavier_cubeles_cultura\/#breadcrumb","itemListElement":[{"@type":"ListItem","position":1,"name":"Portada","item":"https:\/\/www.cercledecultura.org\/ca\/"},{"@type":"ListItem","position":2,"name":"Comunitat M\u00e8dia: un pas endavant per la innovaci\u00f3 en les ind\u00fastries culturals i creatives"}]},{"@type":"WebSite","@id":"https:\/\/www.cercledecultura.org\/ca\/#website","url":"https:\/\/www.cercledecultura.org\/ca\/","name":"Cercle de Cultura","description":"Entitat de car\u00e0cter privat i associatiu, independent, amb voluntat de participar en la vida p\u00fablica des de la pluralitat ideol\u00f2gica dels seus membres fundadors i futurs associats","publisher":{"@id":"https:\/\/www.cercledecultura.org\/ca\/#organization"},"potentialAction":[{"@type":"SearchAction","target":{"@type":"EntryPoint","urlTemplate":"https:\/\/www.cercledecultura.org\/ca\/?s={search_term_string}"},"query-input":{"@type":"PropertyValueSpecification","valueRequired":true,"valueName":"search_term_string"}}],"inLanguage":"ca"},{"@type":"Organization","@id":"https:\/\/www.cercledecultura.org\/ca\/#organization","name":"Cercle de Cultura","url":"https:\/\/www.cercledecultura.org\/ca\/","logo":{"@type":"ImageObject","inLanguage":"ca","@id":"https:\/\/www.cercledecultura.org\/ca\/#\/schema\/logo\/image\/","url":"https:\/\/www.cercledecultura.org\/wp-content\/uploads\/2020\/01\/logo-cercle-de-cultura.png","contentUrl":"https:\/\/www.cercledecultura.org\/wp-content\/uploads\/2020\/01\/logo-cercle-de-cultura.png","width":350,"height":195,"caption":"Cercle de Cultura"},"image":{"@id":"https:\/\/www.cercledecultura.org\/ca\/#\/schema\/logo\/image\/"}},{"@type":"Person","@id":"https:\/\/www.cercledecultura.org\/ca\/#\/schema\/person\/269db25cfadcb4bd2e41781c819942f9","name":"admin","image":{"@type":"ImageObject","inLanguage":"ca","@id":"https:\/\/secure.gravatar.com\/avatar\/e88a8bb50a361c6d45c4709770a3d765016be4b5d85313447b91d0d707434ad9?s=96&d=mm&r=g","url":"https:\/\/secure.gravatar.com\/avatar\/e88a8bb50a361c6d45c4709770a3d765016be4b5d85313447b91d0d707434ad9?s=96&d=mm&r=g","contentUrl":"https:\/\/secure.gravatar.com\/avatar\/e88a8bb50a361c6d45c4709770a3d765016be4b5d85313447b91d0d707434ad9?s=96&d=mm&r=g","caption":"admin"},"url":"https:\/\/www.cercledecultura.org\/ca\/author\/seic_trzh7tdr\/"}]}},"_links":{"self":[{"href":"https:\/\/www.cercledecultura.org\/ca\/wp-json\/wp\/v2\/posts\/948","targetHints":{"allow":["GET"]}}],"collection":[{"href":"https:\/\/www.cercledecultura.org\/ca\/wp-json\/wp\/v2\/posts"}],"about":[{"href":"https:\/\/www.cercledecultura.org\/ca\/wp-json\/wp\/v2\/types\/post"}],"author":[{"embeddable":true,"href":"https:\/\/www.cercledecultura.org\/ca\/wp-json\/wp\/v2\/users\/1"}],"replies":[{"embeddable":true,"href":"https:\/\/www.cercledecultura.org\/ca\/wp-json\/wp\/v2\/comments?post=948"}],"version-history":[{"count":1,"href":"https:\/\/www.cercledecultura.org\/ca\/wp-json\/wp\/v2\/posts\/948\/revisions"}],"predecessor-version":[{"id":1234,"href":"https:\/\/www.cercledecultura.org\/ca\/wp-json\/wp\/v2\/posts\/948\/revisions\/1234"}],"wp:featuredmedia":[{"embeddable":true,"href":"https:\/\/www.cercledecultura.org\/ca\/wp-json\/wp\/v2\/media\/949"}],"wp:attachment":[{"href":"https:\/\/www.cercledecultura.org\/ca\/wp-json\/wp\/v2\/media?parent=948"}],"wp:term":[{"taxonomy":"category","embeddable":true,"href":"https:\/\/www.cercledecultura.org\/ca\/wp-json\/wp\/v2\/categories?post=948"},{"taxonomy":"post_tag","embeddable":true,"href":"https:\/\/www.cercledecultura.org\/ca\/wp-json\/wp\/v2\/tags?post=948"}],"curies":[{"name":"wp","href":"https:\/\/api.w.org\/{rel}","templated":true}]}}