{"id":946,"date":"2020-02-17T07:57:00","date_gmt":"2020-02-17T07:57:00","guid":{"rendered":"https:\/\/pre.cercledecultura.org\/participacio_cultural_barcelona_nicolas_barbieri\/"},"modified":"2021-02-23T09:33:42","modified_gmt":"2021-02-23T09:33:42","slug":"participacio_cultural_barcelona_nicolas_barbieri","status":"publish","type":"post","link":"https:\/\/www.cercledecultura.org\/ca\/participacio_cultural_barcelona_nicolas_barbieri\/","title":{"rendered":"Diversitat, necessitats i desigualtats en la participaci\u00f3 cultural a Barcelona"},"content":{"rendered":"<p>Nicol\u00e0s Barbieri ens ofereix una s\u00edntesi dels principals resultats de l&#8217;Enquesta de participaci\u00f3 i necessitats culturals de Barcelona. Un estudi que ent\u00e8n &#8220;pot ser rellevant per als diferents agents de la ciutat, aix\u00ed com per a la presa de decisions p\u00fabliques&#8221;.  He tingut l\u2019oportunitat de formar part de l\u2019equip que ha impulsat la primera Enquesta de participaci\u00f3 i necessitats culturals de Barcelona, conjuntament amb Montse Tort i Assumpta Manils de l\u2019Observatori de dades culturals (ICUB). Ha estat un gran repte, perqu\u00e8 hem volgut desenvolupar un enquesta alhora rigorosa i innovadora, que vagi m\u00e9s enll\u00e0 del consum cultural i que incorpori les diferents dimensions de la participaci\u00f3 cultural, aix\u00ed com les necessitats i valoracions de la ciutadania.  Trobareu l\u2019informe sencer aqu\u00ed, per\u00f2 destaco a continuaci\u00f3 alguns dels resultats principals:  -La participaci\u00f3 cultural a la ciutat \u00e9s extensa i diversa, i no es limita a les activitats promogudes per les institucions i organitzacions culturals, sin\u00f3 que es desenvolupa tamb\u00e9 a trav\u00e9s d\u2019altres activitats no sempre reconegudes com a culturals.  -La participaci\u00f3 cultural est\u00e0 condicionada per desigualtats, i no nom\u00e9s difer\u00e8ncies. El teu codi postal, el teu entorn familiar, el teu nivell d\u2019estudis, el teu origen, el teu g\u00e8nere o la teva edat s\u00f3n importants per entendre les desigualtats en el dret a participar en la vida cultural de la ciutat. -Les necessitats culturals s\u00f3n transversals al conjunt de la ciutadania. Tant les persones que realitzen activitats de forma sovint, com les que no ho fan, voldrien dedicar-hi (m\u00e9s) temps. Per\u00f2\u2026  -Existeixen importants desigualtats en les necessitats culturals. Si parlem del que s\u2019anomena activitats de cultura legitimada (promoguda per institucions i organitzacions amb m\u00e9s poder prescriptiu), les persones que tenen menys oportunitats, tenen tamb\u00e9 m\u00e9s necessitats o voluntat de participar-hi. Aqu\u00ed tamb\u00e9 el teu barri i el teu entorn familiar expliquen les desigualtats. Tamb\u00e9 cal dir que les dones manifesten m\u00e9s necessitat i voluntat que els homes de participar en aquestes activitats.  -El dret a l\u2019educaci\u00f3 en les expressions art\u00edstiques est\u00e0 condicionat per importants desigualtats. Entre altres factors, viure en un barri de renda mitjana o alta implica tenir m\u00e9s oportunitats per a la formaci\u00f3 art\u00edstica i cultural.  -L\u2019enquesta pregunta tamb\u00e9 per la valoraci\u00f3 de les expressions culturals en la vida de les persones i la ciutat. En aquest cas, a difer\u00e8ncia de la participaci\u00f3 i les necessitats, no es perceben desigualtats significatives. Les persones, independentment de la seva situaci\u00f3, atorguen molta import\u00e0ncia i diferents valors a les arts i la cultura. Tamb\u00e9 \u00e9s equitativa l\u2019alta import\u00e0ncia que la poblaci\u00f3 atorga als ensenyaments art\u00edstics que es desenvolupen en els centres educatius.  -Finalment, un altre aspecte innovador de l\u2019enquesta \u00e9s la incorporaci\u00f3 del concepte d\u2019actiu cultural, espais de refer\u00e8ncia per a la participaci\u00f3 cultural a la ciutat. Una gran part de la poblaci\u00f3 valora com a actius culturals els espais no sempre reconeguts com a tals. Mentre que els equipaments de proximitat, com biblioteques i centres c\u00edvics, destaquen pel seu valor p\u00fablic.  Entenem que el coneixement generat pot ser rellevant per als diferents agents de la ciutat, aix\u00ed com per a la presa de decisions p\u00fabliques. Trobareu molta m\u00e9s informaci\u00f3 i dades en el document que explica el proc\u00e9s d\u2019elaboraci\u00f3 de l\u2019enquesta i l\u2019an\u00e0lisi dels resultats.  (article publicat origin\u00e0riament a\u00a0https:\/\/ubicarse.net\/2020\/02\/14\/diversitat-necessitats-i-desigualtats-en-la-participacio-cultural-a-barcelona\/) \u00a0<\/p>\n","protected":false},"excerpt":{"rendered":"<p>Nicol\u00e0s Barbieri ens ofereix una s\u00edntesi dels principals resultats de l&#8217;Enquesta de participaci\u00f3 i necessitats culturals de Barcelona. Un estudi que ent\u00e8n &#8220;pot ser rellevant per als diferents agents de la ciutat, aix\u00ed com per a la presa de decisions p\u00fabliques&#8221;.<\/p>\n","protected":false},"author":1,"featured_media":947,"comment_status":"open","ping_status":"closed","sticky":false,"template":"","format":"standard","meta":{"footnotes":""},"categories":[24],"tags":[9,5,425,4],"class_list":["post-946","post","type-post","status-publish","format-standard","has-post-thumbnail","hentry","category-opinio","tag-barcelona","tag-cultura","tag-nicolas-barbieri","tag-politica-cultural"],"yoast_head":"<!-- This site is optimized with the Yoast SEO plugin v27.5 - https:\/\/yoast.com\/product\/yoast-seo-wordpress\/ -->\n<title>Diversitat, necessitats i desigualtats en la participaci\u00f3 cultural a Barcelona - Cercle de Cultura<\/title>\n<meta name=\"robots\" content=\"index, follow, max-snippet:-1, max-image-preview:large, max-video-preview:-1\" \/>\n<link rel=\"canonical\" href=\"https:\/\/www.cercledecultura.org\/ca\/participacio_cultural_barcelona_nicolas_barbieri\/\" \/>\n<meta property=\"og:locale\" content=\"ca_ES\" \/>\n<meta property=\"og:type\" content=\"article\" \/>\n<meta property=\"og:title\" content=\"Diversitat, necessitats i desigualtats en la participaci\u00f3 cultural a Barcelona - Cercle de Cultura\" \/>\n<meta property=\"og:description\" content=\"Nicol\u00e0s Barbieri ens ofereix una s\u00edntesi dels principals resultats de l&#039;Enquesta de participaci\u00f3 i necessitats culturals de Barcelona. Un estudi que ent\u00e8n &quot;pot ser rellevant per als diferents agents de la ciutat, aix\u00ed com per a la presa de decisions p\u00fabliques&quot;.\" \/>\n<meta property=\"og:url\" content=\"https:\/\/www.cercledecultura.org\/ca\/participacio_cultural_barcelona_nicolas_barbieri\/\" \/>\n<meta property=\"og:site_name\" content=\"Cercle de Cultura\" \/>\n<meta property=\"article:published_time\" content=\"2020-02-17T07:57:00+00:00\" \/>\n<meta property=\"article:modified_time\" content=\"2021-02-23T09:33:42+00:00\" \/>\n<meta property=\"og:image\" content=\"https:\/\/www.cercledecultura.org\/wp-content\/uploads\/2021\/02\/ABTRV5pAukm5dwQUSOH8w.jpg\" \/>\n\t<meta property=\"og:image:width\" content=\"475\" \/>\n\t<meta property=\"og:image:height\" content=\"328\" \/>\n\t<meta property=\"og:image:type\" content=\"image\/jpeg\" \/>\n<meta name=\"author\" content=\"admin\" \/>\n<meta name=\"twitter:card\" content=\"summary_large_image\" \/>\n<meta name=\"twitter:label1\" content=\"Escrit per\" \/>\n\t<meta name=\"twitter:data1\" content=\"admin\" \/>\n\t<meta name=\"twitter:label2\" content=\"Temps estimat de lectura\" \/>\n\t<meta name=\"twitter:data2\" content=\"3 minuts\" \/>\n<script type=\"application\/ld+json\" class=\"yoast-schema-graph\">{\"@context\":\"https:\\\/\\\/schema.org\",\"@graph\":[{\"@type\":\"Article\",\"@id\":\"https:\\\/\\\/www.cercledecultura.org\\\/ca\\\/participacio_cultural_barcelona_nicolas_barbieri\\\/#article\",\"isPartOf\":{\"@id\":\"https:\\\/\\\/www.cercledecultura.org\\\/ca\\\/participacio_cultural_barcelona_nicolas_barbieri\\\/\"},\"author\":{\"name\":\"admin\",\"@id\":\"https:\\\/\\\/www.cercledecultura.org\\\/ca\\\/#\\\/schema\\\/person\\\/269db25cfadcb4bd2e41781c819942f9\"},\"headline\":\"Diversitat, necessitats i desigualtats en la participaci\u00f3 cultural a Barcelona\",\"datePublished\":\"2020-02-17T07:57:00+00:00\",\"dateModified\":\"2021-02-23T09:33:42+00:00\",\"mainEntityOfPage\":{\"@id\":\"https:\\\/\\\/www.cercledecultura.org\\\/ca\\\/participacio_cultural_barcelona_nicolas_barbieri\\\/\"},\"wordCount\":596,\"commentCount\":0,\"publisher\":{\"@id\":\"https:\\\/\\\/www.cercledecultura.org\\\/ca\\\/#organization\"},\"image\":{\"@id\":\"https:\\\/\\\/www.cercledecultura.org\\\/ca\\\/participacio_cultural_barcelona_nicolas_barbieri\\\/#primaryimage\"},\"thumbnailUrl\":\"https:\\\/\\\/www.cercledecultura.org\\\/wp-content\\\/uploads\\\/2021\\\/02\\\/ABTRV5pAukm5dwQUSOH8w.jpg\",\"keywords\":[\"Barcelona\",\"Cultura\",\"Nicol\u00e1s Barbieri\",\"Pol\u00edtica Cultural\"],\"articleSection\":[\"Opini\u00f3\"],\"inLanguage\":\"ca\",\"potentialAction\":[{\"@type\":\"CommentAction\",\"name\":\"Comment\",\"target\":[\"https:\\\/\\\/www.cercledecultura.org\\\/ca\\\/participacio_cultural_barcelona_nicolas_barbieri\\\/#respond\"]}]},{\"@type\":\"WebPage\",\"@id\":\"https:\\\/\\\/www.cercledecultura.org\\\/ca\\\/participacio_cultural_barcelona_nicolas_barbieri\\\/\",\"url\":\"https:\\\/\\\/www.cercledecultura.org\\\/ca\\\/participacio_cultural_barcelona_nicolas_barbieri\\\/\",\"name\":\"Diversitat, necessitats i desigualtats en la participaci\u00f3 cultural a Barcelona - Cercle de Cultura\",\"isPartOf\":{\"@id\":\"https:\\\/\\\/www.cercledecultura.org\\\/ca\\\/#website\"},\"primaryImageOfPage\":{\"@id\":\"https:\\\/\\\/www.cercledecultura.org\\\/ca\\\/participacio_cultural_barcelona_nicolas_barbieri\\\/#primaryimage\"},\"image\":{\"@id\":\"https:\\\/\\\/www.cercledecultura.org\\\/ca\\\/participacio_cultural_barcelona_nicolas_barbieri\\\/#primaryimage\"},\"thumbnailUrl\":\"https:\\\/\\\/www.cercledecultura.org\\\/wp-content\\\/uploads\\\/2021\\\/02\\\/ABTRV5pAukm5dwQUSOH8w.jpg\",\"datePublished\":\"2020-02-17T07:57:00+00:00\",\"dateModified\":\"2021-02-23T09:33:42+00:00\",\"breadcrumb\":{\"@id\":\"https:\\\/\\\/www.cercledecultura.org\\\/ca\\\/participacio_cultural_barcelona_nicolas_barbieri\\\/#breadcrumb\"},\"inLanguage\":\"ca\",\"potentialAction\":[{\"@type\":\"ReadAction\",\"target\":[\"https:\\\/\\\/www.cercledecultura.org\\\/ca\\\/participacio_cultural_barcelona_nicolas_barbieri\\\/\"]}]},{\"@type\":\"ImageObject\",\"inLanguage\":\"ca\",\"@id\":\"https:\\\/\\\/www.cercledecultura.org\\\/ca\\\/participacio_cultural_barcelona_nicolas_barbieri\\\/#primaryimage\",\"url\":\"https:\\\/\\\/www.cercledecultura.org\\\/wp-content\\\/uploads\\\/2021\\\/02\\\/ABTRV5pAukm5dwQUSOH8w.jpg\",\"contentUrl\":\"https:\\\/\\\/www.cercledecultura.org\\\/wp-content\\\/uploads\\\/2021\\\/02\\\/ABTRV5pAukm5dwQUSOH8w.jpg\",\"width\":475,\"height\":328},{\"@type\":\"BreadcrumbList\",\"@id\":\"https:\\\/\\\/www.cercledecultura.org\\\/ca\\\/participacio_cultural_barcelona_nicolas_barbieri\\\/#breadcrumb\",\"itemListElement\":[{\"@type\":\"ListItem\",\"position\":1,\"name\":\"Portada\",\"item\":\"https:\\\/\\\/www.cercledecultura.org\\\/ca\\\/\"},{\"@type\":\"ListItem\",\"position\":2,\"name\":\"Diversitat, necessitats i desigualtats en la participaci\u00f3 cultural a Barcelona\"}]},{\"@type\":\"WebSite\",\"@id\":\"https:\\\/\\\/www.cercledecultura.org\\\/ca\\\/#website\",\"url\":\"https:\\\/\\\/www.cercledecultura.org\\\/ca\\\/\",\"name\":\"Cercle de Cultura\",\"description\":\"Entitat de car\u00e0cter privat i associatiu, independent, amb voluntat de participar en la vida p\u00fablica des de la pluralitat ideol\u00f2gica dels seus membres fundadors i futurs associats\",\"publisher\":{\"@id\":\"https:\\\/\\\/www.cercledecultura.org\\\/ca\\\/#organization\"},\"potentialAction\":[{\"@type\":\"SearchAction\",\"target\":{\"@type\":\"EntryPoint\",\"urlTemplate\":\"https:\\\/\\\/www.cercledecultura.org\\\/ca\\\/?s={search_term_string}\"},\"query-input\":{\"@type\":\"PropertyValueSpecification\",\"valueRequired\":true,\"valueName\":\"search_term_string\"}}],\"inLanguage\":\"ca\"},{\"@type\":\"Organization\",\"@id\":\"https:\\\/\\\/www.cercledecultura.org\\\/ca\\\/#organization\",\"name\":\"Cercle de Cultura\",\"url\":\"https:\\\/\\\/www.cercledecultura.org\\\/ca\\\/\",\"logo\":{\"@type\":\"ImageObject\",\"inLanguage\":\"ca\",\"@id\":\"https:\\\/\\\/www.cercledecultura.org\\\/ca\\\/#\\\/schema\\\/logo\\\/image\\\/\",\"url\":\"https:\\\/\\\/www.cercledecultura.org\\\/wp-content\\\/uploads\\\/2020\\\/01\\\/logo-cercle-de-cultura.png\",\"contentUrl\":\"https:\\\/\\\/www.cercledecultura.org\\\/wp-content\\\/uploads\\\/2020\\\/01\\\/logo-cercle-de-cultura.png\",\"width\":350,\"height\":195,\"caption\":\"Cercle de Cultura\"},\"image\":{\"@id\":\"https:\\\/\\\/www.cercledecultura.org\\\/ca\\\/#\\\/schema\\\/logo\\\/image\\\/\"}},{\"@type\":\"Person\",\"@id\":\"https:\\\/\\\/www.cercledecultura.org\\\/ca\\\/#\\\/schema\\\/person\\\/269db25cfadcb4bd2e41781c819942f9\",\"name\":\"admin\",\"image\":{\"@type\":\"ImageObject\",\"inLanguage\":\"ca\",\"@id\":\"https:\\\/\\\/secure.gravatar.com\\\/avatar\\\/e88a8bb50a361c6d45c4709770a3d765016be4b5d85313447b91d0d707434ad9?s=96&d=mm&r=g\",\"url\":\"https:\\\/\\\/secure.gravatar.com\\\/avatar\\\/e88a8bb50a361c6d45c4709770a3d765016be4b5d85313447b91d0d707434ad9?s=96&d=mm&r=g\",\"contentUrl\":\"https:\\\/\\\/secure.gravatar.com\\\/avatar\\\/e88a8bb50a361c6d45c4709770a3d765016be4b5d85313447b91d0d707434ad9?s=96&d=mm&r=g\",\"caption\":\"admin\"},\"url\":\"https:\\\/\\\/www.cercledecultura.org\\\/ca\\\/author\\\/seic_trzh7tdr\\\/\"}]}<\/script>\n<!-- \/ Yoast SEO plugin. -->","yoast_head_json":{"title":"Diversitat, necessitats i desigualtats en la participaci\u00f3 cultural a Barcelona - Cercle de Cultura","robots":{"index":"index","follow":"follow","max-snippet":"max-snippet:-1","max-image-preview":"max-image-preview:large","max-video-preview":"max-video-preview:-1"},"canonical":"https:\/\/www.cercledecultura.org\/ca\/participacio_cultural_barcelona_nicolas_barbieri\/","og_locale":"ca_ES","og_type":"article","og_title":"Diversitat, necessitats i desigualtats en la participaci\u00f3 cultural a Barcelona - Cercle de Cultura","og_description":"Nicol\u00e0s Barbieri ens ofereix una s\u00edntesi dels principals resultats de l'Enquesta de participaci\u00f3 i necessitats culturals de Barcelona. Un estudi que ent\u00e8n \"pot ser rellevant per als diferents agents de la ciutat, aix\u00ed com per a la presa de decisions p\u00fabliques\".","og_url":"https:\/\/www.cercledecultura.org\/ca\/participacio_cultural_barcelona_nicolas_barbieri\/","og_site_name":"Cercle de Cultura","article_published_time":"2020-02-17T07:57:00+00:00","article_modified_time":"2021-02-23T09:33:42+00:00","og_image":[{"width":475,"height":328,"url":"https:\/\/www.cercledecultura.org\/wp-content\/uploads\/2021\/02\/ABTRV5pAukm5dwQUSOH8w.jpg","type":"image\/jpeg"}],"author":"admin","twitter_card":"summary_large_image","twitter_misc":{"Escrit per":"admin","Temps estimat de lectura":"3 minuts"},"schema":{"@context":"https:\/\/schema.org","@graph":[{"@type":"Article","@id":"https:\/\/www.cercledecultura.org\/ca\/participacio_cultural_barcelona_nicolas_barbieri\/#article","isPartOf":{"@id":"https:\/\/www.cercledecultura.org\/ca\/participacio_cultural_barcelona_nicolas_barbieri\/"},"author":{"name":"admin","@id":"https:\/\/www.cercledecultura.org\/ca\/#\/schema\/person\/269db25cfadcb4bd2e41781c819942f9"},"headline":"Diversitat, necessitats i desigualtats en la participaci\u00f3 cultural a Barcelona","datePublished":"2020-02-17T07:57:00+00:00","dateModified":"2021-02-23T09:33:42+00:00","mainEntityOfPage":{"@id":"https:\/\/www.cercledecultura.org\/ca\/participacio_cultural_barcelona_nicolas_barbieri\/"},"wordCount":596,"commentCount":0,"publisher":{"@id":"https:\/\/www.cercledecultura.org\/ca\/#organization"},"image":{"@id":"https:\/\/www.cercledecultura.org\/ca\/participacio_cultural_barcelona_nicolas_barbieri\/#primaryimage"},"thumbnailUrl":"https:\/\/www.cercledecultura.org\/wp-content\/uploads\/2021\/02\/ABTRV5pAukm5dwQUSOH8w.jpg","keywords":["Barcelona","Cultura","Nicol\u00e1s Barbieri","Pol\u00edtica Cultural"],"articleSection":["Opini\u00f3"],"inLanguage":"ca","potentialAction":[{"@type":"CommentAction","name":"Comment","target":["https:\/\/www.cercledecultura.org\/ca\/participacio_cultural_barcelona_nicolas_barbieri\/#respond"]}]},{"@type":"WebPage","@id":"https:\/\/www.cercledecultura.org\/ca\/participacio_cultural_barcelona_nicolas_barbieri\/","url":"https:\/\/www.cercledecultura.org\/ca\/participacio_cultural_barcelona_nicolas_barbieri\/","name":"Diversitat, necessitats i desigualtats en la participaci\u00f3 cultural a Barcelona - Cercle de Cultura","isPartOf":{"@id":"https:\/\/www.cercledecultura.org\/ca\/#website"},"primaryImageOfPage":{"@id":"https:\/\/www.cercledecultura.org\/ca\/participacio_cultural_barcelona_nicolas_barbieri\/#primaryimage"},"image":{"@id":"https:\/\/www.cercledecultura.org\/ca\/participacio_cultural_barcelona_nicolas_barbieri\/#primaryimage"},"thumbnailUrl":"https:\/\/www.cercledecultura.org\/wp-content\/uploads\/2021\/02\/ABTRV5pAukm5dwQUSOH8w.jpg","datePublished":"2020-02-17T07:57:00+00:00","dateModified":"2021-02-23T09:33:42+00:00","breadcrumb":{"@id":"https:\/\/www.cercledecultura.org\/ca\/participacio_cultural_barcelona_nicolas_barbieri\/#breadcrumb"},"inLanguage":"ca","potentialAction":[{"@type":"ReadAction","target":["https:\/\/www.cercledecultura.org\/ca\/participacio_cultural_barcelona_nicolas_barbieri\/"]}]},{"@type":"ImageObject","inLanguage":"ca","@id":"https:\/\/www.cercledecultura.org\/ca\/participacio_cultural_barcelona_nicolas_barbieri\/#primaryimage","url":"https:\/\/www.cercledecultura.org\/wp-content\/uploads\/2021\/02\/ABTRV5pAukm5dwQUSOH8w.jpg","contentUrl":"https:\/\/www.cercledecultura.org\/wp-content\/uploads\/2021\/02\/ABTRV5pAukm5dwQUSOH8w.jpg","width":475,"height":328},{"@type":"BreadcrumbList","@id":"https:\/\/www.cercledecultura.org\/ca\/participacio_cultural_barcelona_nicolas_barbieri\/#breadcrumb","itemListElement":[{"@type":"ListItem","position":1,"name":"Portada","item":"https:\/\/www.cercledecultura.org\/ca\/"},{"@type":"ListItem","position":2,"name":"Diversitat, necessitats i desigualtats en la participaci\u00f3 cultural a Barcelona"}]},{"@type":"WebSite","@id":"https:\/\/www.cercledecultura.org\/ca\/#website","url":"https:\/\/www.cercledecultura.org\/ca\/","name":"Cercle de Cultura","description":"Entitat de car\u00e0cter privat i associatiu, independent, amb voluntat de participar en la vida p\u00fablica des de la pluralitat ideol\u00f2gica dels seus membres fundadors i futurs associats","publisher":{"@id":"https:\/\/www.cercledecultura.org\/ca\/#organization"},"potentialAction":[{"@type":"SearchAction","target":{"@type":"EntryPoint","urlTemplate":"https:\/\/www.cercledecultura.org\/ca\/?s={search_term_string}"},"query-input":{"@type":"PropertyValueSpecification","valueRequired":true,"valueName":"search_term_string"}}],"inLanguage":"ca"},{"@type":"Organization","@id":"https:\/\/www.cercledecultura.org\/ca\/#organization","name":"Cercle de Cultura","url":"https:\/\/www.cercledecultura.org\/ca\/","logo":{"@type":"ImageObject","inLanguage":"ca","@id":"https:\/\/www.cercledecultura.org\/ca\/#\/schema\/logo\/image\/","url":"https:\/\/www.cercledecultura.org\/wp-content\/uploads\/2020\/01\/logo-cercle-de-cultura.png","contentUrl":"https:\/\/www.cercledecultura.org\/wp-content\/uploads\/2020\/01\/logo-cercle-de-cultura.png","width":350,"height":195,"caption":"Cercle de Cultura"},"image":{"@id":"https:\/\/www.cercledecultura.org\/ca\/#\/schema\/logo\/image\/"}},{"@type":"Person","@id":"https:\/\/www.cercledecultura.org\/ca\/#\/schema\/person\/269db25cfadcb4bd2e41781c819942f9","name":"admin","image":{"@type":"ImageObject","inLanguage":"ca","@id":"https:\/\/secure.gravatar.com\/avatar\/e88a8bb50a361c6d45c4709770a3d765016be4b5d85313447b91d0d707434ad9?s=96&d=mm&r=g","url":"https:\/\/secure.gravatar.com\/avatar\/e88a8bb50a361c6d45c4709770a3d765016be4b5d85313447b91d0d707434ad9?s=96&d=mm&r=g","contentUrl":"https:\/\/secure.gravatar.com\/avatar\/e88a8bb50a361c6d45c4709770a3d765016be4b5d85313447b91d0d707434ad9?s=96&d=mm&r=g","caption":"admin"},"url":"https:\/\/www.cercledecultura.org\/ca\/author\/seic_trzh7tdr\/"}]}},"_links":{"self":[{"href":"https:\/\/www.cercledecultura.org\/ca\/wp-json\/wp\/v2\/posts\/946","targetHints":{"allow":["GET"]}}],"collection":[{"href":"https:\/\/www.cercledecultura.org\/ca\/wp-json\/wp\/v2\/posts"}],"about":[{"href":"https:\/\/www.cercledecultura.org\/ca\/wp-json\/wp\/v2\/types\/post"}],"author":[{"embeddable":true,"href":"https:\/\/www.cercledecultura.org\/ca\/wp-json\/wp\/v2\/users\/1"}],"replies":[{"embeddable":true,"href":"https:\/\/www.cercledecultura.org\/ca\/wp-json\/wp\/v2\/comments?post=946"}],"version-history":[{"count":1,"href":"https:\/\/www.cercledecultura.org\/ca\/wp-json\/wp\/v2\/posts\/946\/revisions"}],"predecessor-version":[{"id":1233,"href":"https:\/\/www.cercledecultura.org\/ca\/wp-json\/wp\/v2\/posts\/946\/revisions\/1233"}],"wp:featuredmedia":[{"embeddable":true,"href":"https:\/\/www.cercledecultura.org\/ca\/wp-json\/wp\/v2\/media\/947"}],"wp:attachment":[{"href":"https:\/\/www.cercledecultura.org\/ca\/wp-json\/wp\/v2\/media?parent=946"}],"wp:term":[{"taxonomy":"category","embeddable":true,"href":"https:\/\/www.cercledecultura.org\/ca\/wp-json\/wp\/v2\/categories?post=946"},{"taxonomy":"post_tag","embeddable":true,"href":"https:\/\/www.cercledecultura.org\/ca\/wp-json\/wp\/v2\/tags?post=946"}],"curies":[{"name":"wp","href":"https:\/\/api.w.org\/{rel}","templated":true}]}}