{"id":938,"date":"2019-12-06T10:50:00","date_gmt":"2019-12-06T10:50:00","guid":{"rendered":"https:\/\/pre.cercledecultura.org\/cultura_catalunya_retallada_permanent\/"},"modified":"2021-02-23T09:37:43","modified_gmt":"2021-02-23T09:37:43","slug":"cultura_catalunya_retallada_permanent","status":"publish","type":"post","link":"https:\/\/www.cercledecultura.org\/ca\/cultura_catalunya_retallada_permanent\/","title":{"rendered":"La cultura a Catalunya, en retallada permanent."},"content":{"rendered":"<p>Arran del manifest signat aquesta tardor per 4 associacions de professionals de la cultura, cr\u00edtic amb la retallada del pressupost de cultura decretat pel Govern, dos membres de l&#8217;Associaci\u00f3 de Muse\u00f2legs de Catalunya, fan una reflexi\u00f3 m\u00e9s general sobre la situaci\u00f3 del finan\u00e7ament p\u00fablic de la cultura al nostre pa\u00eds.  El passat 22 de setembre, les Juntes directives de les associacions catalanes professionals dels muse\u00f2legs (AMC), de la Gesti\u00f3 Cultural de Catalunya (APGCC), dels conservadors-restauradors (CRAC) i dels cr\u00edtics d\u2019art (ACCA) van signar un manifest cr\u00edtic sobre la retallada del pressupost de Cultura del 6%, decretat pel Govern de la Generalitat de Catalunya el 2 d\u2019agost de 2019.  Han passat alguns mesos, i tot i que l\u2019Estat, segons es va publicar l\u201911 d\u2019octubre, ha aprovat pagar la bestreta que devia a Catalunya, no tenim const\u00e0ncia que aquest estat de coses s\u2019hagi revertit  Sobre aquesta retallada del 6%, el m\u00e9s greu ha estat que es volia aplicar, no sols als equipaments culturals que depenen \u00edntegrament del Departament de Cultura (DC), sin\u00f3 tamb\u00e9 a altres equipaments de gesti\u00f3 compartida, per\u00f2 no a l\u2019aportaci\u00f3 de la Generalitat, sin\u00f3 a la globalitat del pressupost. Als mitjans va transcendir el cas del MNAC. D\u2019altra banda, el fet que el DC hagi de fer front al pagament pendent de la paga extraordin\u00e0ria dels seus treballadors del 2013 a partir del seu propi ordinari (com ja va passar el 2018) tamb\u00e9 rebaixa greument la disponibilitat de recursos dels equipaments per a activitats finalistes.\u00a0  Aquestes mesures han for\u00e7at als equipaments culturals de la Generalitat a reduir la seva activitat. Alguns museus hauran de suspendre exposicions que tenien programades per l\u2019any 2020.  El DC ha fet un intent de revertir, en part, aquesta afectaci\u00f3. A principis de novembre va reunir als equipaments propis i se\u2019ls va informar que s\u2019havia fet un gran esfor\u00e7 per reduir l\u2019impacte econ\u00f2mic de la retallada, que finalment es rebaixava a entre un 3% i un 4% de cada pressupost. No ens consta que s\u2019hagi confirmat i comunicat, p\u00fablicament i oficial, aquesta millora de la situaci\u00f3.\u00a0 Per\u00f2 si es confirma la mesura, \u00e9s una bona not\u00edcia que pot esdevenir in\u00fatil si no s\u2019aplica r\u00e0pidament. Qualsevol desbloqueig de recursos a final d\u2019any ser\u00e0 totalment fictici si no es fa r\u00e0pidament perqu\u00e8 no quedar\u00e0 temps per poder fer els tr\u00e0mits de la despesa a temps abans del tancament de l\u2019exercici.  La retallada, objecte d\u2019aquest article, no deixa de ser un s\u00edmptoma m\u00e9s d\u2019una situaci\u00f3 greu d\u2019infrafinan\u00e7ament de les institucions culturals a Catalunya, que ha esdevingut estructural. Podem afirmar sense cap mena de dubte que la cultura a Catalunya viu en una pen\u00faria permanent, i aix\u00f2 \u00e9s molt m\u00e9s acusat des del 2011, quan els equipaments\u00a0 culturals de Catalunya van rebre m\u00e9s intensament les retallades, les m\u00e9s greus comparades amb els pa\u00efsos de tot Europa (segons\u00a0un mapa realitzat per The Guardian el 2012).  En aquest estat permanent d\u2019economia de subsist\u00e8ncia les darreres retallades sols han fet que empitjorar la situaci\u00f3 de les institucions culturals de Catalunya, especialment aquelles que depenen econ\u00f2micament (directament, o a trav\u00e9s de consorcis) de la Generalitat de Catalunya. Afortunadament, la resta d\u2019equipaments, pertanyents a les diputacions o als ajuntaments, no s\u2019han vist afectats. Els equipaments locals del territori, que depenen majorit\u00e0riament del finan\u00e7ament municipal, tampoc han sofert les retallades de les subvencions de la Generalitat ja atorgades. Els grans referents culturals del pa\u00eds, pertanyents a l\u2019Ajuntament de Barcelona o a la Diputaci\u00f3 de Barcelona (per posar alguns exemples, el CCCB, el\u00a0 Picasso o el Mercat de les Flors), tampoc han vist afectat el seu pressupost arran de les retallades del 6% de la Generalitat. Per\u00f2 aix\u00f2 no significa que la situaci\u00f3 financera dels equipaments culturals locals, globalment, sigui gaire millor que els de la Generalitat.  Els equipaments culturals del pa\u00eds segueixen patint una situaci\u00f3 de pen\u00faria pressupost\u00e0ria greu. Van quedar molt sacsejats quan les grans retallades dels anys 2011-13, que posteriorment nom\u00e9s s\u2019han recuperat en part, per\u00f2 ja ens queix\u00e0vem de la migradesa del seu finan\u00e7ament des de molt abans. La soluci\u00f3 nom\u00e9s podr\u00e0 venir de l\u2019increment dels recursos p\u00fablics. No es pot fer recaure la sostenibilitat dels equipaments nom\u00e9s en ingressos, entrades, i serveis, o en el patrocini privat: cal assumir que \u00e9s una responsabilitat p\u00fablica, cal entendre i fer entendre que la cultura \u00e9s un dret i per tant un servei p\u00fablic. En conseq\u00fc\u00e8ncia, junt amb altres pol\u00edtiques de foment, cal garantir un nucli dur i s\u00f2lid de finan\u00e7ament p\u00fablic que permeti als equipaments culturals desenvolupar amb qualitat i rigor els seus programes de difusi\u00f3 i preservaci\u00f3 de productes i b\u00e9ns culturals.  La situaci\u00f3 de l&#8217;economia de la cultura \u00e9s end\u00e8micament prec\u00e0ria des de sempre. Sovint prima m\u00e9s el voluntariat i la vocaci\u00f3 que la remuneraci\u00f3 justa dels professionals que hi treballem. Les darreres retallades agreugen una situaci\u00f3 negativa que perdura en el temps. I \u00e9s que a la cultura, pel que fa als recursos econ\u00f2mics, sempre plou sobre mullat.  F. Xavier Men\u00e9ndez i Pablo Daniel Sol\u00e9 i Llad\u00f3s.\u00a0 Muse\u00f2legs.<\/p>\n","protected":false},"excerpt":{"rendered":"<p>Arran del manifest signat aquesta tardor per 4 associacions de professionals de la cultura, cr\u00edtic amb la retallada del pressupost de cultura decretat pel Govern, dos membres de l&#8217;Associaci\u00f3 de Muse\u00f2legs de Catalunya, fan una reflexi\u00f3 m\u00e9s general sobre la situaci\u00f3 del finan\u00e7ament p\u00fablic de la cultura al nostre pa\u00eds.<\/p>\n","protected":false},"author":1,"featured_media":939,"comment_status":"open","ping_status":"closed","sticky":false,"template":"","format":"standard","meta":{"footnotes":""},"categories":[24],"tags":[5,53,482,4],"class_list":["post-938","post","type-post","status-publish","format-standard","has-post-thumbnail","hentry","category-opinio","tag-cultura","tag-departament-de-cultura","tag-museoleg","tag-politica-cultural"],"yoast_head":"<!-- This site is optimized with the Yoast SEO plugin v27.5 - https:\/\/yoast.com\/product\/yoast-seo-wordpress\/ -->\n<title>La cultura a Catalunya, en retallada permanent. - Cercle de Cultura<\/title>\n<meta name=\"robots\" content=\"index, follow, max-snippet:-1, max-image-preview:large, max-video-preview:-1\" \/>\n<link rel=\"canonical\" href=\"https:\/\/www.cercledecultura.org\/ca\/cultura_catalunya_retallada_permanent\/\" \/>\n<meta property=\"og:locale\" content=\"ca_ES\" \/>\n<meta property=\"og:type\" content=\"article\" \/>\n<meta property=\"og:title\" content=\"La cultura a Catalunya, en retallada permanent. - Cercle de Cultura\" \/>\n<meta property=\"og:description\" content=\"Arran del manifest signat aquesta tardor per 4 associacions de professionals de la cultura, cr\u00edtic amb la retallada del pressupost de cultura decretat pel Govern, dos membres de l&#039;Associaci\u00f3 de Muse\u00f2legs de Catalunya, fan una reflexi\u00f3 m\u00e9s general sobre la situaci\u00f3 del finan\u00e7ament p\u00fablic de la cultura al nostre pa\u00eds.\" \/>\n<meta property=\"og:url\" content=\"https:\/\/www.cercledecultura.org\/ca\/cultura_catalunya_retallada_permanent\/\" \/>\n<meta property=\"og:site_name\" content=\"Cercle de Cultura\" \/>\n<meta property=\"article:published_time\" content=\"2019-12-06T10:50:00+00:00\" \/>\n<meta property=\"article:modified_time\" content=\"2021-02-23T09:37:43+00:00\" \/>\n<meta property=\"og:image\" content=\"https:\/\/www.cercledecultura.org\/wp-content\/uploads\/2021\/02\/3nLjp2Oa020eiqBNjYG1w.jpg\" \/>\n\t<meta property=\"og:image:width\" content=\"600\" \/>\n\t<meta property=\"og:image:height\" content=\"327\" \/>\n\t<meta property=\"og:image:type\" content=\"image\/jpeg\" \/>\n<meta name=\"author\" content=\"admin\" \/>\n<meta name=\"twitter:card\" content=\"summary_large_image\" \/>\n<meta name=\"twitter:label1\" content=\"Escrit per\" \/>\n\t<meta name=\"twitter:data1\" content=\"admin\" \/>\n\t<meta name=\"twitter:label2\" content=\"Temps estimat de lectura\" \/>\n\t<meta name=\"twitter:data2\" content=\"4 minuts\" \/>\n<script type=\"application\/ld+json\" class=\"yoast-schema-graph\">{\"@context\":\"https:\\\/\\\/schema.org\",\"@graph\":[{\"@type\":\"Article\",\"@id\":\"https:\\\/\\\/www.cercledecultura.org\\\/ca\\\/cultura_catalunya_retallada_permanent\\\/#article\",\"isPartOf\":{\"@id\":\"https:\\\/\\\/www.cercledecultura.org\\\/ca\\\/cultura_catalunya_retallada_permanent\\\/\"},\"author\":{\"name\":\"admin\",\"@id\":\"https:\\\/\\\/www.cercledecultura.org\\\/ca\\\/#\\\/schema\\\/person\\\/269db25cfadcb4bd2e41781c819942f9\"},\"headline\":\"La cultura a Catalunya, en retallada permanent.\",\"datePublished\":\"2019-12-06T10:50:00+00:00\",\"dateModified\":\"2021-02-23T09:37:43+00:00\",\"mainEntityOfPage\":{\"@id\":\"https:\\\/\\\/www.cercledecultura.org\\\/ca\\\/cultura_catalunya_retallada_permanent\\\/\"},\"wordCount\":906,\"commentCount\":0,\"publisher\":{\"@id\":\"https:\\\/\\\/www.cercledecultura.org\\\/ca\\\/#organization\"},\"image\":{\"@id\":\"https:\\\/\\\/www.cercledecultura.org\\\/ca\\\/cultura_catalunya_retallada_permanent\\\/#primaryimage\"},\"thumbnailUrl\":\"https:\\\/\\\/www.cercledecultura.org\\\/wp-content\\\/uploads\\\/2021\\\/02\\\/3nLjp2Oa020eiqBNjYG1w.jpg\",\"keywords\":[\"Cultura\",\"Departament de Cultura\",\"muse\u00f2leg\",\"Pol\u00edtica Cultural\"],\"articleSection\":[\"Opini\u00f3\"],\"inLanguage\":\"ca\",\"potentialAction\":[{\"@type\":\"CommentAction\",\"name\":\"Comment\",\"target\":[\"https:\\\/\\\/www.cercledecultura.org\\\/ca\\\/cultura_catalunya_retallada_permanent\\\/#respond\"]}]},{\"@type\":\"WebPage\",\"@id\":\"https:\\\/\\\/www.cercledecultura.org\\\/ca\\\/cultura_catalunya_retallada_permanent\\\/\",\"url\":\"https:\\\/\\\/www.cercledecultura.org\\\/ca\\\/cultura_catalunya_retallada_permanent\\\/\",\"name\":\"La cultura a Catalunya, en retallada permanent. - Cercle de Cultura\",\"isPartOf\":{\"@id\":\"https:\\\/\\\/www.cercledecultura.org\\\/ca\\\/#website\"},\"primaryImageOfPage\":{\"@id\":\"https:\\\/\\\/www.cercledecultura.org\\\/ca\\\/cultura_catalunya_retallada_permanent\\\/#primaryimage\"},\"image\":{\"@id\":\"https:\\\/\\\/www.cercledecultura.org\\\/ca\\\/cultura_catalunya_retallada_permanent\\\/#primaryimage\"},\"thumbnailUrl\":\"https:\\\/\\\/www.cercledecultura.org\\\/wp-content\\\/uploads\\\/2021\\\/02\\\/3nLjp2Oa020eiqBNjYG1w.jpg\",\"datePublished\":\"2019-12-06T10:50:00+00:00\",\"dateModified\":\"2021-02-23T09:37:43+00:00\",\"breadcrumb\":{\"@id\":\"https:\\\/\\\/www.cercledecultura.org\\\/ca\\\/cultura_catalunya_retallada_permanent\\\/#breadcrumb\"},\"inLanguage\":\"ca\",\"potentialAction\":[{\"@type\":\"ReadAction\",\"target\":[\"https:\\\/\\\/www.cercledecultura.org\\\/ca\\\/cultura_catalunya_retallada_permanent\\\/\"]}]},{\"@type\":\"ImageObject\",\"inLanguage\":\"ca\",\"@id\":\"https:\\\/\\\/www.cercledecultura.org\\\/ca\\\/cultura_catalunya_retallada_permanent\\\/#primaryimage\",\"url\":\"https:\\\/\\\/www.cercledecultura.org\\\/wp-content\\\/uploads\\\/2021\\\/02\\\/3nLjp2Oa020eiqBNjYG1w.jpg\",\"contentUrl\":\"https:\\\/\\\/www.cercledecultura.org\\\/wp-content\\\/uploads\\\/2021\\\/02\\\/3nLjp2Oa020eiqBNjYG1w.jpg\",\"width\":600,\"height\":327},{\"@type\":\"BreadcrumbList\",\"@id\":\"https:\\\/\\\/www.cercledecultura.org\\\/ca\\\/cultura_catalunya_retallada_permanent\\\/#breadcrumb\",\"itemListElement\":[{\"@type\":\"ListItem\",\"position\":1,\"name\":\"Portada\",\"item\":\"https:\\\/\\\/www.cercledecultura.org\\\/ca\\\/\"},{\"@type\":\"ListItem\",\"position\":2,\"name\":\"La cultura a Catalunya, en retallada permanent.\"}]},{\"@type\":\"WebSite\",\"@id\":\"https:\\\/\\\/www.cercledecultura.org\\\/ca\\\/#website\",\"url\":\"https:\\\/\\\/www.cercledecultura.org\\\/ca\\\/\",\"name\":\"Cercle de Cultura\",\"description\":\"Entitat de car\u00e0cter privat i associatiu, independent, amb voluntat de participar en la vida p\u00fablica des de la pluralitat ideol\u00f2gica dels seus membres fundadors i futurs associats\",\"publisher\":{\"@id\":\"https:\\\/\\\/www.cercledecultura.org\\\/ca\\\/#organization\"},\"potentialAction\":[{\"@type\":\"SearchAction\",\"target\":{\"@type\":\"EntryPoint\",\"urlTemplate\":\"https:\\\/\\\/www.cercledecultura.org\\\/ca\\\/?s={search_term_string}\"},\"query-input\":{\"@type\":\"PropertyValueSpecification\",\"valueRequired\":true,\"valueName\":\"search_term_string\"}}],\"inLanguage\":\"ca\"},{\"@type\":\"Organization\",\"@id\":\"https:\\\/\\\/www.cercledecultura.org\\\/ca\\\/#organization\",\"name\":\"Cercle de Cultura\",\"url\":\"https:\\\/\\\/www.cercledecultura.org\\\/ca\\\/\",\"logo\":{\"@type\":\"ImageObject\",\"inLanguage\":\"ca\",\"@id\":\"https:\\\/\\\/www.cercledecultura.org\\\/ca\\\/#\\\/schema\\\/logo\\\/image\\\/\",\"url\":\"https:\\\/\\\/www.cercledecultura.org\\\/wp-content\\\/uploads\\\/2020\\\/01\\\/logo-cercle-de-cultura.png\",\"contentUrl\":\"https:\\\/\\\/www.cercledecultura.org\\\/wp-content\\\/uploads\\\/2020\\\/01\\\/logo-cercle-de-cultura.png\",\"width\":350,\"height\":195,\"caption\":\"Cercle de Cultura\"},\"image\":{\"@id\":\"https:\\\/\\\/www.cercledecultura.org\\\/ca\\\/#\\\/schema\\\/logo\\\/image\\\/\"}},{\"@type\":\"Person\",\"@id\":\"https:\\\/\\\/www.cercledecultura.org\\\/ca\\\/#\\\/schema\\\/person\\\/269db25cfadcb4bd2e41781c819942f9\",\"name\":\"admin\",\"image\":{\"@type\":\"ImageObject\",\"inLanguage\":\"ca\",\"@id\":\"https:\\\/\\\/secure.gravatar.com\\\/avatar\\\/e88a8bb50a361c6d45c4709770a3d765016be4b5d85313447b91d0d707434ad9?s=96&d=mm&r=g\",\"url\":\"https:\\\/\\\/secure.gravatar.com\\\/avatar\\\/e88a8bb50a361c6d45c4709770a3d765016be4b5d85313447b91d0d707434ad9?s=96&d=mm&r=g\",\"contentUrl\":\"https:\\\/\\\/secure.gravatar.com\\\/avatar\\\/e88a8bb50a361c6d45c4709770a3d765016be4b5d85313447b91d0d707434ad9?s=96&d=mm&r=g\",\"caption\":\"admin\"},\"url\":\"https:\\\/\\\/www.cercledecultura.org\\\/ca\\\/author\\\/seic_trzh7tdr\\\/\"}]}<\/script>\n<!-- \/ Yoast SEO plugin. -->","yoast_head_json":{"title":"La cultura a Catalunya, en retallada permanent. - Cercle de Cultura","robots":{"index":"index","follow":"follow","max-snippet":"max-snippet:-1","max-image-preview":"max-image-preview:large","max-video-preview":"max-video-preview:-1"},"canonical":"https:\/\/www.cercledecultura.org\/ca\/cultura_catalunya_retallada_permanent\/","og_locale":"ca_ES","og_type":"article","og_title":"La cultura a Catalunya, en retallada permanent. - Cercle de Cultura","og_description":"Arran del manifest signat aquesta tardor per 4 associacions de professionals de la cultura, cr\u00edtic amb la retallada del pressupost de cultura decretat pel Govern, dos membres de l'Associaci\u00f3 de Muse\u00f2legs de Catalunya, fan una reflexi\u00f3 m\u00e9s general sobre la situaci\u00f3 del finan\u00e7ament p\u00fablic de la cultura al nostre pa\u00eds.","og_url":"https:\/\/www.cercledecultura.org\/ca\/cultura_catalunya_retallada_permanent\/","og_site_name":"Cercle de Cultura","article_published_time":"2019-12-06T10:50:00+00:00","article_modified_time":"2021-02-23T09:37:43+00:00","og_image":[{"width":600,"height":327,"url":"https:\/\/www.cercledecultura.org\/wp-content\/uploads\/2021\/02\/3nLjp2Oa020eiqBNjYG1w.jpg","type":"image\/jpeg"}],"author":"admin","twitter_card":"summary_large_image","twitter_misc":{"Escrit per":"admin","Temps estimat de lectura":"4 minuts"},"schema":{"@context":"https:\/\/schema.org","@graph":[{"@type":"Article","@id":"https:\/\/www.cercledecultura.org\/ca\/cultura_catalunya_retallada_permanent\/#article","isPartOf":{"@id":"https:\/\/www.cercledecultura.org\/ca\/cultura_catalunya_retallada_permanent\/"},"author":{"name":"admin","@id":"https:\/\/www.cercledecultura.org\/ca\/#\/schema\/person\/269db25cfadcb4bd2e41781c819942f9"},"headline":"La cultura a Catalunya, en retallada permanent.","datePublished":"2019-12-06T10:50:00+00:00","dateModified":"2021-02-23T09:37:43+00:00","mainEntityOfPage":{"@id":"https:\/\/www.cercledecultura.org\/ca\/cultura_catalunya_retallada_permanent\/"},"wordCount":906,"commentCount":0,"publisher":{"@id":"https:\/\/www.cercledecultura.org\/ca\/#organization"},"image":{"@id":"https:\/\/www.cercledecultura.org\/ca\/cultura_catalunya_retallada_permanent\/#primaryimage"},"thumbnailUrl":"https:\/\/www.cercledecultura.org\/wp-content\/uploads\/2021\/02\/3nLjp2Oa020eiqBNjYG1w.jpg","keywords":["Cultura","Departament de Cultura","muse\u00f2leg","Pol\u00edtica Cultural"],"articleSection":["Opini\u00f3"],"inLanguage":"ca","potentialAction":[{"@type":"CommentAction","name":"Comment","target":["https:\/\/www.cercledecultura.org\/ca\/cultura_catalunya_retallada_permanent\/#respond"]}]},{"@type":"WebPage","@id":"https:\/\/www.cercledecultura.org\/ca\/cultura_catalunya_retallada_permanent\/","url":"https:\/\/www.cercledecultura.org\/ca\/cultura_catalunya_retallada_permanent\/","name":"La cultura a Catalunya, en retallada permanent. - Cercle de Cultura","isPartOf":{"@id":"https:\/\/www.cercledecultura.org\/ca\/#website"},"primaryImageOfPage":{"@id":"https:\/\/www.cercledecultura.org\/ca\/cultura_catalunya_retallada_permanent\/#primaryimage"},"image":{"@id":"https:\/\/www.cercledecultura.org\/ca\/cultura_catalunya_retallada_permanent\/#primaryimage"},"thumbnailUrl":"https:\/\/www.cercledecultura.org\/wp-content\/uploads\/2021\/02\/3nLjp2Oa020eiqBNjYG1w.jpg","datePublished":"2019-12-06T10:50:00+00:00","dateModified":"2021-02-23T09:37:43+00:00","breadcrumb":{"@id":"https:\/\/www.cercledecultura.org\/ca\/cultura_catalunya_retallada_permanent\/#breadcrumb"},"inLanguage":"ca","potentialAction":[{"@type":"ReadAction","target":["https:\/\/www.cercledecultura.org\/ca\/cultura_catalunya_retallada_permanent\/"]}]},{"@type":"ImageObject","inLanguage":"ca","@id":"https:\/\/www.cercledecultura.org\/ca\/cultura_catalunya_retallada_permanent\/#primaryimage","url":"https:\/\/www.cercledecultura.org\/wp-content\/uploads\/2021\/02\/3nLjp2Oa020eiqBNjYG1w.jpg","contentUrl":"https:\/\/www.cercledecultura.org\/wp-content\/uploads\/2021\/02\/3nLjp2Oa020eiqBNjYG1w.jpg","width":600,"height":327},{"@type":"BreadcrumbList","@id":"https:\/\/www.cercledecultura.org\/ca\/cultura_catalunya_retallada_permanent\/#breadcrumb","itemListElement":[{"@type":"ListItem","position":1,"name":"Portada","item":"https:\/\/www.cercledecultura.org\/ca\/"},{"@type":"ListItem","position":2,"name":"La cultura a Catalunya, en retallada permanent."}]},{"@type":"WebSite","@id":"https:\/\/www.cercledecultura.org\/ca\/#website","url":"https:\/\/www.cercledecultura.org\/ca\/","name":"Cercle de Cultura","description":"Entitat de car\u00e0cter privat i associatiu, independent, amb voluntat de participar en la vida p\u00fablica des de la pluralitat ideol\u00f2gica dels seus membres fundadors i futurs associats","publisher":{"@id":"https:\/\/www.cercledecultura.org\/ca\/#organization"},"potentialAction":[{"@type":"SearchAction","target":{"@type":"EntryPoint","urlTemplate":"https:\/\/www.cercledecultura.org\/ca\/?s={search_term_string}"},"query-input":{"@type":"PropertyValueSpecification","valueRequired":true,"valueName":"search_term_string"}}],"inLanguage":"ca"},{"@type":"Organization","@id":"https:\/\/www.cercledecultura.org\/ca\/#organization","name":"Cercle de Cultura","url":"https:\/\/www.cercledecultura.org\/ca\/","logo":{"@type":"ImageObject","inLanguage":"ca","@id":"https:\/\/www.cercledecultura.org\/ca\/#\/schema\/logo\/image\/","url":"https:\/\/www.cercledecultura.org\/wp-content\/uploads\/2020\/01\/logo-cercle-de-cultura.png","contentUrl":"https:\/\/www.cercledecultura.org\/wp-content\/uploads\/2020\/01\/logo-cercle-de-cultura.png","width":350,"height":195,"caption":"Cercle de Cultura"},"image":{"@id":"https:\/\/www.cercledecultura.org\/ca\/#\/schema\/logo\/image\/"}},{"@type":"Person","@id":"https:\/\/www.cercledecultura.org\/ca\/#\/schema\/person\/269db25cfadcb4bd2e41781c819942f9","name":"admin","image":{"@type":"ImageObject","inLanguage":"ca","@id":"https:\/\/secure.gravatar.com\/avatar\/e88a8bb50a361c6d45c4709770a3d765016be4b5d85313447b91d0d707434ad9?s=96&d=mm&r=g","url":"https:\/\/secure.gravatar.com\/avatar\/e88a8bb50a361c6d45c4709770a3d765016be4b5d85313447b91d0d707434ad9?s=96&d=mm&r=g","contentUrl":"https:\/\/secure.gravatar.com\/avatar\/e88a8bb50a361c6d45c4709770a3d765016be4b5d85313447b91d0d707434ad9?s=96&d=mm&r=g","caption":"admin"},"url":"https:\/\/www.cercledecultura.org\/ca\/author\/seic_trzh7tdr\/"}]}},"_links":{"self":[{"href":"https:\/\/www.cercledecultura.org\/ca\/wp-json\/wp\/v2\/posts\/938","targetHints":{"allow":["GET"]}}],"collection":[{"href":"https:\/\/www.cercledecultura.org\/ca\/wp-json\/wp\/v2\/posts"}],"about":[{"href":"https:\/\/www.cercledecultura.org\/ca\/wp-json\/wp\/v2\/types\/post"}],"author":[{"embeddable":true,"href":"https:\/\/www.cercledecultura.org\/ca\/wp-json\/wp\/v2\/users\/1"}],"replies":[{"embeddable":true,"href":"https:\/\/www.cercledecultura.org\/ca\/wp-json\/wp\/v2\/comments?post=938"}],"version-history":[{"count":1,"href":"https:\/\/www.cercledecultura.org\/ca\/wp-json\/wp\/v2\/posts\/938\/revisions"}],"predecessor-version":[{"id":1229,"href":"https:\/\/www.cercledecultura.org\/ca\/wp-json\/wp\/v2\/posts\/938\/revisions\/1229"}],"wp:featuredmedia":[{"embeddable":true,"href":"https:\/\/www.cercledecultura.org\/ca\/wp-json\/wp\/v2\/media\/939"}],"wp:attachment":[{"href":"https:\/\/www.cercledecultura.org\/ca\/wp-json\/wp\/v2\/media?parent=938"}],"wp:term":[{"taxonomy":"category","embeddable":true,"href":"https:\/\/www.cercledecultura.org\/ca\/wp-json\/wp\/v2\/categories?post=938"},{"taxonomy":"post_tag","embeddable":true,"href":"https:\/\/www.cercledecultura.org\/ca\/wp-json\/wp\/v2\/tags?post=938"}],"curies":[{"name":"wp","href":"https:\/\/api.w.org\/{rel}","templated":true}]}}