{"id":934,"date":"2019-11-19T02:09:00","date_gmt":"2019-11-19T02:09:00","guid":{"rendered":"https:\/\/pre.cercledecultura.org\/forum_cultura_2020_acte_final\/"},"modified":"2021-04-15T16:25:20","modified_gmt":"2021-04-15T16:25:20","slug":"forum_cultura_2020_acte_final","status":"publish","type":"post","link":"https:\/\/www.cercledecultura.org\/ca\/forum_cultura_2020_acte_final\/","title":{"rendered":"F\u00f2rum Cultura 2020, punt i seguit. Propostes per al debat"},"content":{"rendered":"<div class=\"vce-row-container\" data-vce-boxed-width=\"true\"><div class=\"vce-row vce-row--col-gap-30 vce-row-equal-height vce-row-content--top\" id=\"el-2946f9ba\" data-vce-do-apply=\"all el-2946f9ba\"><div class=\"vce-row-content\" data-vce-element-content=\"true\"><div class=\"vce-col vce-col--md-auto vce-col--xs-1 vce-col--xs-last vce-col--xs-first vce-col--sm-last vce-col--sm-first vce-col--md-last vce-col--lg-last vce-col--xl-last vce-col--md-first vce-col--lg-first vce-col--xl-first\" id=\"el-4a7c79be\"><div class=\"vce-col-inner\" data-vce-do-apply=\"border margin background  el-4a7c79be\"><div class=\"vce-col-content\" data-vce-element-content=\"true\" data-vce-do-apply=\"padding el-4a7c79be\"><div class=\"vce-text-block\"><div class=\"vce-text-block-wrapper vce\" id=\"el-ef281371\" data-vce-do-apply=\"all el-ef281371\"><p>Dimecres, 20 de novembre, a les 18 h a l'Auditori del Cercle d'Economia (Proven\u00e7a, 298) se celebrar\u00e0 l'acte de cloenda del F\u00f2rum Cultura 2020 que ha estat organitzant el Cercle de Cultura des del 2018, amb un centenar d\u2019artistes, creadors, gestors i&nbsp; professionals de la cultura han participat des del maig de l'any passat&nbsp;a les 16 sessions de treball organitzades en les 8 taules tem\u00e0tiques del F\u00f2rum de la Cultura 2020, sota la coordinaci\u00f3 general de Jordi Pardo.<\/p>\n<p>A l'acte hi intervindran participants i coordinadors del F\u00f2rum Cultura 2020, que presentaran les prioritats de les taules de debat celebrades: Jordi Ball\u00f3, Mireia Mayolas, Pepe Serra, Jordi Pardo, Pepe Zapata, Eul\u00e0lia Espin\u00e0s, Conx\u00e0 Rod\u00e0 i Esteve Le\u00f3n.&nbsp; Seguidament, se celebrar\u00e0 una taula rodona moderada per F\u00e8lix Riera, amb la participaci\u00f3 de Tena Busquets, directora del Teatre Principal i del&nbsp; Festival de dansa Sism\u00f2graf d\u2019Olot, Daniel Mart\u00ednez, president del Grup Focus, Joan Manuel Tresserras, exconseller de Cultura i Mitjans de Comunicaci\u00f3, Francesc Vilar\u00f3, Secretari General de Cultura i Jordi Pardo. L\u2019Hble. Sra. Consellera de Cultura Mari\u00e0ngela Vilallonga clour\u00e0 l\u2019acte. Cal confirmar l'assist\u00e8ncia a info@cercledecultura.org&nbsp;<\/p><\/div><\/div><\/div><\/div><\/div><\/div><\/div><\/div>\n","protected":false},"excerpt":{"rendered":"<p>Dimecres 20 de novembre a les 18 h a l&#8217;Auditori del Cercle d&#8217;Economia (Proven\u00e7a, 298) se celebrar\u00e0 l&#8217;acte de cloenda del F\u00f2rum Cultura 2020.<\/p>\n","protected":false},"author":1,"featured_media":935,"comment_status":"open","ping_status":"closed","sticky":false,"template":"","format":"standard","meta":{"footnotes":""},"categories":[3],"tags":[28,472],"class_list":["post-934","post","type-post","status-publish","format-standard","has-post-thumbnail","hentry","category-activitats","tag-forum-cultura-2020","tag-mariangela-vilallonga"],"yoast_head":"<!-- This site is optimized with the Yoast SEO plugin v27.5 - https:\/\/yoast.com\/product\/yoast-seo-wordpress\/ -->\n<title>F\u00f2rum Cultura 2020, punt i seguit. Propostes per al debat - Cercle de Cultura<\/title>\n<meta name=\"robots\" content=\"index, follow, max-snippet:-1, max-image-preview:large, max-video-preview:-1\" \/>\n<link rel=\"canonical\" href=\"https:\/\/www.cercledecultura.org\/ca\/forum_cultura_2020_acte_final\/\" \/>\n<meta property=\"og:locale\" content=\"ca_ES\" \/>\n<meta property=\"og:type\" content=\"article\" \/>\n<meta property=\"og:title\" content=\"F\u00f2rum Cultura 2020, punt i seguit. Propostes per al debat - Cercle de Cultura\" \/>\n<meta property=\"og:description\" content=\"Dimecres 20 de novembre a les 18 h a l&#039;Auditori del Cercle d&#039;Economia (Proven\u00e7a, 298) se celebrar\u00e0 l&#039;acte de cloenda del F\u00f2rum Cultura 2020.\" \/>\n<meta property=\"og:url\" content=\"https:\/\/www.cercledecultura.org\/ca\/forum_cultura_2020_acte_final\/\" \/>\n<meta property=\"og:site_name\" content=\"Cercle de Cultura\" \/>\n<meta property=\"article:published_time\" content=\"2019-11-19T02:09:00+00:00\" \/>\n<meta property=\"article:modified_time\" content=\"2021-04-15T16:25:20+00:00\" \/>\n<meta property=\"og:image\" content=\"https:\/\/www.cercledecultura.org\/wp-content\/uploads\/2021\/02\/rvz3zChUkEOXGZb0qMDSUw.png\" \/>\n\t<meta property=\"og:image:width\" content=\"1279\" \/>\n\t<meta property=\"og:image:height\" content=\"802\" \/>\n\t<meta property=\"og:image:type\" content=\"image\/png\" \/>\n<meta name=\"author\" content=\"admin\" \/>\n<meta name=\"twitter:card\" content=\"summary_large_image\" \/>\n<meta name=\"twitter:label1\" content=\"Escrit per\" \/>\n\t<meta name=\"twitter:data1\" content=\"admin\" \/>\n\t<meta name=\"twitter:label2\" content=\"Temps estimat de lectura\" \/>\n\t<meta name=\"twitter:data2\" content=\"1 minut\" \/>\n<script type=\"application\/ld+json\" class=\"yoast-schema-graph\">{\"@context\":\"https:\\\/\\\/schema.org\",\"@graph\":[{\"@type\":\"Article\",\"@id\":\"https:\\\/\\\/www.cercledecultura.org\\\/ca\\\/forum_cultura_2020_acte_final\\\/#article\",\"isPartOf\":{\"@id\":\"https:\\\/\\\/www.cercledecultura.org\\\/ca\\\/forum_cultura_2020_acte_final\\\/\"},\"author\":{\"name\":\"admin\",\"@id\":\"https:\\\/\\\/www.cercledecultura.org\\\/ca\\\/#\\\/schema\\\/person\\\/269db25cfadcb4bd2e41781c819942f9\"},\"headline\":\"F\u00f2rum Cultura 2020, punt i seguit. Propostes per al debat\",\"datePublished\":\"2019-11-19T02:09:00+00:00\",\"dateModified\":\"2021-04-15T16:25:20+00:00\",\"mainEntityOfPage\":{\"@id\":\"https:\\\/\\\/www.cercledecultura.org\\\/ca\\\/forum_cultura_2020_acte_final\\\/\"},\"wordCount\":214,\"commentCount\":0,\"publisher\":{\"@id\":\"https:\\\/\\\/www.cercledecultura.org\\\/ca\\\/#organization\"},\"image\":{\"@id\":\"https:\\\/\\\/www.cercledecultura.org\\\/ca\\\/forum_cultura_2020_acte_final\\\/#primaryimage\"},\"thumbnailUrl\":\"https:\\\/\\\/www.cercledecultura.org\\\/wp-content\\\/uploads\\\/2021\\\/02\\\/rvz3zChUkEOXGZb0qMDSUw.png\",\"keywords\":[\"F\u00f2rum Cultura 2020\",\"Mari\u00e0ngela Vilallonga\"],\"articleSection\":[\"Activitats\"],\"inLanguage\":\"ca\",\"potentialAction\":[{\"@type\":\"CommentAction\",\"name\":\"Comment\",\"target\":[\"https:\\\/\\\/www.cercledecultura.org\\\/ca\\\/forum_cultura_2020_acte_final\\\/#respond\"]}]},{\"@type\":\"WebPage\",\"@id\":\"https:\\\/\\\/www.cercledecultura.org\\\/ca\\\/forum_cultura_2020_acte_final\\\/\",\"url\":\"https:\\\/\\\/www.cercledecultura.org\\\/ca\\\/forum_cultura_2020_acte_final\\\/\",\"name\":\"F\u00f2rum Cultura 2020, punt i seguit. Propostes per al debat - Cercle de Cultura\",\"isPartOf\":{\"@id\":\"https:\\\/\\\/www.cercledecultura.org\\\/ca\\\/#website\"},\"primaryImageOfPage\":{\"@id\":\"https:\\\/\\\/www.cercledecultura.org\\\/ca\\\/forum_cultura_2020_acte_final\\\/#primaryimage\"},\"image\":{\"@id\":\"https:\\\/\\\/www.cercledecultura.org\\\/ca\\\/forum_cultura_2020_acte_final\\\/#primaryimage\"},\"thumbnailUrl\":\"https:\\\/\\\/www.cercledecultura.org\\\/wp-content\\\/uploads\\\/2021\\\/02\\\/rvz3zChUkEOXGZb0qMDSUw.png\",\"datePublished\":\"2019-11-19T02:09:00+00:00\",\"dateModified\":\"2021-04-15T16:25:20+00:00\",\"breadcrumb\":{\"@id\":\"https:\\\/\\\/www.cercledecultura.org\\\/ca\\\/forum_cultura_2020_acte_final\\\/#breadcrumb\"},\"inLanguage\":\"ca\",\"potentialAction\":[{\"@type\":\"ReadAction\",\"target\":[\"https:\\\/\\\/www.cercledecultura.org\\\/ca\\\/forum_cultura_2020_acte_final\\\/\"]}]},{\"@type\":\"ImageObject\",\"inLanguage\":\"ca\",\"@id\":\"https:\\\/\\\/www.cercledecultura.org\\\/ca\\\/forum_cultura_2020_acte_final\\\/#primaryimage\",\"url\":\"https:\\\/\\\/www.cercledecultura.org\\\/wp-content\\\/uploads\\\/2021\\\/02\\\/rvz3zChUkEOXGZb0qMDSUw.png\",\"contentUrl\":\"https:\\\/\\\/www.cercledecultura.org\\\/wp-content\\\/uploads\\\/2021\\\/02\\\/rvz3zChUkEOXGZb0qMDSUw.png\",\"width\":1279,\"height\":802},{\"@type\":\"BreadcrumbList\",\"@id\":\"https:\\\/\\\/www.cercledecultura.org\\\/ca\\\/forum_cultura_2020_acte_final\\\/#breadcrumb\",\"itemListElement\":[{\"@type\":\"ListItem\",\"position\":1,\"name\":\"Portada\",\"item\":\"https:\\\/\\\/www.cercledecultura.org\\\/ca\\\/\"},{\"@type\":\"ListItem\",\"position\":2,\"name\":\"F\u00f2rum Cultura 2020, punt i seguit. Propostes per al debat\"}]},{\"@type\":\"WebSite\",\"@id\":\"https:\\\/\\\/www.cercledecultura.org\\\/ca\\\/#website\",\"url\":\"https:\\\/\\\/www.cercledecultura.org\\\/ca\\\/\",\"name\":\"Cercle de Cultura\",\"description\":\"Entitat de car\u00e0cter privat i associatiu, independent, amb voluntat de participar en la vida p\u00fablica des de la pluralitat ideol\u00f2gica dels seus membres fundadors i futurs associats\",\"publisher\":{\"@id\":\"https:\\\/\\\/www.cercledecultura.org\\\/ca\\\/#organization\"},\"potentialAction\":[{\"@type\":\"SearchAction\",\"target\":{\"@type\":\"EntryPoint\",\"urlTemplate\":\"https:\\\/\\\/www.cercledecultura.org\\\/ca\\\/?s={search_term_string}\"},\"query-input\":{\"@type\":\"PropertyValueSpecification\",\"valueRequired\":true,\"valueName\":\"search_term_string\"}}],\"inLanguage\":\"ca\"},{\"@type\":\"Organization\",\"@id\":\"https:\\\/\\\/www.cercledecultura.org\\\/ca\\\/#organization\",\"name\":\"Cercle de Cultura\",\"url\":\"https:\\\/\\\/www.cercledecultura.org\\\/ca\\\/\",\"logo\":{\"@type\":\"ImageObject\",\"inLanguage\":\"ca\",\"@id\":\"https:\\\/\\\/www.cercledecultura.org\\\/ca\\\/#\\\/schema\\\/logo\\\/image\\\/\",\"url\":\"https:\\\/\\\/www.cercledecultura.org\\\/wp-content\\\/uploads\\\/2020\\\/01\\\/logo-cercle-de-cultura.png\",\"contentUrl\":\"https:\\\/\\\/www.cercledecultura.org\\\/wp-content\\\/uploads\\\/2020\\\/01\\\/logo-cercle-de-cultura.png\",\"width\":350,\"height\":195,\"caption\":\"Cercle de Cultura\"},\"image\":{\"@id\":\"https:\\\/\\\/www.cercledecultura.org\\\/ca\\\/#\\\/schema\\\/logo\\\/image\\\/\"}},{\"@type\":\"Person\",\"@id\":\"https:\\\/\\\/www.cercledecultura.org\\\/ca\\\/#\\\/schema\\\/person\\\/269db25cfadcb4bd2e41781c819942f9\",\"name\":\"admin\",\"image\":{\"@type\":\"ImageObject\",\"inLanguage\":\"ca\",\"@id\":\"https:\\\/\\\/secure.gravatar.com\\\/avatar\\\/e88a8bb50a361c6d45c4709770a3d765016be4b5d85313447b91d0d707434ad9?s=96&d=mm&r=g\",\"url\":\"https:\\\/\\\/secure.gravatar.com\\\/avatar\\\/e88a8bb50a361c6d45c4709770a3d765016be4b5d85313447b91d0d707434ad9?s=96&d=mm&r=g\",\"contentUrl\":\"https:\\\/\\\/secure.gravatar.com\\\/avatar\\\/e88a8bb50a361c6d45c4709770a3d765016be4b5d85313447b91d0d707434ad9?s=96&d=mm&r=g\",\"caption\":\"admin\"},\"url\":\"https:\\\/\\\/www.cercledecultura.org\\\/ca\\\/author\\\/seic_trzh7tdr\\\/\"}]}<\/script>\n<!-- \/ Yoast SEO plugin. -->","yoast_head_json":{"title":"F\u00f2rum Cultura 2020, punt i seguit. Propostes per al debat - Cercle de Cultura","robots":{"index":"index","follow":"follow","max-snippet":"max-snippet:-1","max-image-preview":"max-image-preview:large","max-video-preview":"max-video-preview:-1"},"canonical":"https:\/\/www.cercledecultura.org\/ca\/forum_cultura_2020_acte_final\/","og_locale":"ca_ES","og_type":"article","og_title":"F\u00f2rum Cultura 2020, punt i seguit. Propostes per al debat - Cercle de Cultura","og_description":"Dimecres 20 de novembre a les 18 h a l'Auditori del Cercle d'Economia (Proven\u00e7a, 298) se celebrar\u00e0 l'acte de cloenda del F\u00f2rum Cultura 2020.","og_url":"https:\/\/www.cercledecultura.org\/ca\/forum_cultura_2020_acte_final\/","og_site_name":"Cercle de Cultura","article_published_time":"2019-11-19T02:09:00+00:00","article_modified_time":"2021-04-15T16:25:20+00:00","og_image":[{"width":1279,"height":802,"url":"https:\/\/www.cercledecultura.org\/wp-content\/uploads\/2021\/02\/rvz3zChUkEOXGZb0qMDSUw.png","type":"image\/png"}],"author":"admin","twitter_card":"summary_large_image","twitter_misc":{"Escrit per":"admin","Temps estimat de lectura":"1 minut"},"schema":{"@context":"https:\/\/schema.org","@graph":[{"@type":"Article","@id":"https:\/\/www.cercledecultura.org\/ca\/forum_cultura_2020_acte_final\/#article","isPartOf":{"@id":"https:\/\/www.cercledecultura.org\/ca\/forum_cultura_2020_acte_final\/"},"author":{"name":"admin","@id":"https:\/\/www.cercledecultura.org\/ca\/#\/schema\/person\/269db25cfadcb4bd2e41781c819942f9"},"headline":"F\u00f2rum Cultura 2020, punt i seguit. Propostes per al debat","datePublished":"2019-11-19T02:09:00+00:00","dateModified":"2021-04-15T16:25:20+00:00","mainEntityOfPage":{"@id":"https:\/\/www.cercledecultura.org\/ca\/forum_cultura_2020_acte_final\/"},"wordCount":214,"commentCount":0,"publisher":{"@id":"https:\/\/www.cercledecultura.org\/ca\/#organization"},"image":{"@id":"https:\/\/www.cercledecultura.org\/ca\/forum_cultura_2020_acte_final\/#primaryimage"},"thumbnailUrl":"https:\/\/www.cercledecultura.org\/wp-content\/uploads\/2021\/02\/rvz3zChUkEOXGZb0qMDSUw.png","keywords":["F\u00f2rum Cultura 2020","Mari\u00e0ngela Vilallonga"],"articleSection":["Activitats"],"inLanguage":"ca","potentialAction":[{"@type":"CommentAction","name":"Comment","target":["https:\/\/www.cercledecultura.org\/ca\/forum_cultura_2020_acte_final\/#respond"]}]},{"@type":"WebPage","@id":"https:\/\/www.cercledecultura.org\/ca\/forum_cultura_2020_acte_final\/","url":"https:\/\/www.cercledecultura.org\/ca\/forum_cultura_2020_acte_final\/","name":"F\u00f2rum Cultura 2020, punt i seguit. Propostes per al debat - Cercle de Cultura","isPartOf":{"@id":"https:\/\/www.cercledecultura.org\/ca\/#website"},"primaryImageOfPage":{"@id":"https:\/\/www.cercledecultura.org\/ca\/forum_cultura_2020_acte_final\/#primaryimage"},"image":{"@id":"https:\/\/www.cercledecultura.org\/ca\/forum_cultura_2020_acte_final\/#primaryimage"},"thumbnailUrl":"https:\/\/www.cercledecultura.org\/wp-content\/uploads\/2021\/02\/rvz3zChUkEOXGZb0qMDSUw.png","datePublished":"2019-11-19T02:09:00+00:00","dateModified":"2021-04-15T16:25:20+00:00","breadcrumb":{"@id":"https:\/\/www.cercledecultura.org\/ca\/forum_cultura_2020_acte_final\/#breadcrumb"},"inLanguage":"ca","potentialAction":[{"@type":"ReadAction","target":["https:\/\/www.cercledecultura.org\/ca\/forum_cultura_2020_acte_final\/"]}]},{"@type":"ImageObject","inLanguage":"ca","@id":"https:\/\/www.cercledecultura.org\/ca\/forum_cultura_2020_acte_final\/#primaryimage","url":"https:\/\/www.cercledecultura.org\/wp-content\/uploads\/2021\/02\/rvz3zChUkEOXGZb0qMDSUw.png","contentUrl":"https:\/\/www.cercledecultura.org\/wp-content\/uploads\/2021\/02\/rvz3zChUkEOXGZb0qMDSUw.png","width":1279,"height":802},{"@type":"BreadcrumbList","@id":"https:\/\/www.cercledecultura.org\/ca\/forum_cultura_2020_acte_final\/#breadcrumb","itemListElement":[{"@type":"ListItem","position":1,"name":"Portada","item":"https:\/\/www.cercledecultura.org\/ca\/"},{"@type":"ListItem","position":2,"name":"F\u00f2rum Cultura 2020, punt i seguit. Propostes per al debat"}]},{"@type":"WebSite","@id":"https:\/\/www.cercledecultura.org\/ca\/#website","url":"https:\/\/www.cercledecultura.org\/ca\/","name":"Cercle de Cultura","description":"Entitat de car\u00e0cter privat i associatiu, independent, amb voluntat de participar en la vida p\u00fablica des de la pluralitat ideol\u00f2gica dels seus membres fundadors i futurs associats","publisher":{"@id":"https:\/\/www.cercledecultura.org\/ca\/#organization"},"potentialAction":[{"@type":"SearchAction","target":{"@type":"EntryPoint","urlTemplate":"https:\/\/www.cercledecultura.org\/ca\/?s={search_term_string}"},"query-input":{"@type":"PropertyValueSpecification","valueRequired":true,"valueName":"search_term_string"}}],"inLanguage":"ca"},{"@type":"Organization","@id":"https:\/\/www.cercledecultura.org\/ca\/#organization","name":"Cercle de Cultura","url":"https:\/\/www.cercledecultura.org\/ca\/","logo":{"@type":"ImageObject","inLanguage":"ca","@id":"https:\/\/www.cercledecultura.org\/ca\/#\/schema\/logo\/image\/","url":"https:\/\/www.cercledecultura.org\/wp-content\/uploads\/2020\/01\/logo-cercle-de-cultura.png","contentUrl":"https:\/\/www.cercledecultura.org\/wp-content\/uploads\/2020\/01\/logo-cercle-de-cultura.png","width":350,"height":195,"caption":"Cercle de Cultura"},"image":{"@id":"https:\/\/www.cercledecultura.org\/ca\/#\/schema\/logo\/image\/"}},{"@type":"Person","@id":"https:\/\/www.cercledecultura.org\/ca\/#\/schema\/person\/269db25cfadcb4bd2e41781c819942f9","name":"admin","image":{"@type":"ImageObject","inLanguage":"ca","@id":"https:\/\/secure.gravatar.com\/avatar\/e88a8bb50a361c6d45c4709770a3d765016be4b5d85313447b91d0d707434ad9?s=96&d=mm&r=g","url":"https:\/\/secure.gravatar.com\/avatar\/e88a8bb50a361c6d45c4709770a3d765016be4b5d85313447b91d0d707434ad9?s=96&d=mm&r=g","contentUrl":"https:\/\/secure.gravatar.com\/avatar\/e88a8bb50a361c6d45c4709770a3d765016be4b5d85313447b91d0d707434ad9?s=96&d=mm&r=g","caption":"admin"},"url":"https:\/\/www.cercledecultura.org\/ca\/author\/seic_trzh7tdr\/"}]}},"_links":{"self":[{"href":"https:\/\/www.cercledecultura.org\/ca\/wp-json\/wp\/v2\/posts\/934","targetHints":{"allow":["GET"]}}],"collection":[{"href":"https:\/\/www.cercledecultura.org\/ca\/wp-json\/wp\/v2\/posts"}],"about":[{"href":"https:\/\/www.cercledecultura.org\/ca\/wp-json\/wp\/v2\/types\/post"}],"author":[{"embeddable":true,"href":"https:\/\/www.cercledecultura.org\/ca\/wp-json\/wp\/v2\/users\/1"}],"replies":[{"embeddable":true,"href":"https:\/\/www.cercledecultura.org\/ca\/wp-json\/wp\/v2\/comments?post=934"}],"version-history":[{"count":2,"href":"https:\/\/www.cercledecultura.org\/ca\/wp-json\/wp\/v2\/posts\/934\/revisions"}],"predecessor-version":[{"id":1458,"href":"https:\/\/www.cercledecultura.org\/ca\/wp-json\/wp\/v2\/posts\/934\/revisions\/1458"}],"wp:featuredmedia":[{"embeddable":true,"href":"https:\/\/www.cercledecultura.org\/ca\/wp-json\/wp\/v2\/media\/935"}],"wp:attachment":[{"href":"https:\/\/www.cercledecultura.org\/ca\/wp-json\/wp\/v2\/media?parent=934"}],"wp:term":[{"taxonomy":"category","embeddable":true,"href":"https:\/\/www.cercledecultura.org\/ca\/wp-json\/wp\/v2\/categories?post=934"},{"taxonomy":"post_tag","embeddable":true,"href":"https:\/\/www.cercledecultura.org\/ca\/wp-json\/wp\/v2\/tags?post=934"}],"curies":[{"name":"wp","href":"https:\/\/api.w.org\/{rel}","templated":true}]}}