{"id":920,"date":"2019-10-02T02:50:00","date_gmt":"2019-10-02T02:50:00","guid":{"rendered":"https:\/\/pre.cercledecultura.org\/enquesta_estatal_consum_cultural_2019\/"},"modified":"2021-02-23T09:59:30","modified_gmt":"2021-02-23T09:59:30","slug":"enquesta_estatal_consum_cultural_2019","status":"publish","type":"post","link":"https:\/\/www.cercledecultura.org\/ca\/enquesta_estatal_consum_cultural_2019\/","title":{"rendered":"Es presenta l&#8217;estudi 2018-2019 sobre h\u00e0bits i consums culturals a l&#8217;Estat espanyol"},"content":{"rendered":"<p>El\u00a0Ministeri de Cultura i Esport ha publicat la &#8220;Encuesta de h\u00e1bitos y consumos culturales\u00a02018-2019&#8221;.\u00a0L&#8217;objectiu principal d&#8217;aquest estudi ha estat disposar dels indicadors necessaris per con\u00e8ixer els interessos que t\u00e9 la ciutadania de l&#8217;Estat espanyol\u00a0-de 15 anys en endavant i\u00a0que visquin en resid\u00e8ncies familiars- en els diferents sectors culturals, la freq\u00fc\u00e8ncia i intensitat amb qu\u00e8 realitzen activitats relacionades amb aquests sectors o l&#8217;h\u00e0bit adquirit respecte a\u00a0les mateixes.  En\u00a0aquest enlla\u00e7 podreu accedir a la s\u00edntesi\u00a0dels seus resultats.<\/p>\n","protected":false},"excerpt":{"rendered":"<p>El\u00a0Ministeri de Cultura i Esport ha publicat la &#8220;Encuesta de h\u00e1bitos y consumos culturales\u00a02018-2019&#8221; sobre els interessos que t\u00e9 la ciutadania de l&#8217;Estat espanyol en els diferents sectors culturals, la freq\u00fc\u00e8ncia i intensitat amb qu\u00e8 realitzen activitats relacionades amb aquests sectors o l&#8217;h\u00e0bit adquirit respecte a les mateixes.<\/p>\n","protected":false},"author":1,"featured_media":921,"comment_status":"open","ping_status":"closed","sticky":false,"template":"","format":"standard","meta":{"footnotes":""},"categories":[26],"tags":[110,478,213,477],"class_list":["post-920","post","type-post","status-publish","format-standard","has-post-thumbnail","hentry","category-noticies","tag-consum-cultural","tag-enquesta","tag-estat-espanyol","tag-ministeri-cultura"],"yoast_head":"<!-- This site is optimized with the Yoast SEO plugin v27.5 - https:\/\/yoast.com\/product\/yoast-seo-wordpress\/ -->\n<title>Es presenta l&#039;estudi 2018-2019 sobre h\u00e0bits i consums culturals a l&#039;Estat espanyol - Cercle de Cultura<\/title>\n<meta name=\"robots\" content=\"index, follow, max-snippet:-1, max-image-preview:large, max-video-preview:-1\" \/>\n<link rel=\"canonical\" href=\"https:\/\/www.cercledecultura.org\/ca\/enquesta_estatal_consum_cultural_2019\/\" \/>\n<meta property=\"og:locale\" content=\"ca_ES\" \/>\n<meta property=\"og:type\" content=\"article\" \/>\n<meta property=\"og:title\" content=\"Es presenta l&#039;estudi 2018-2019 sobre h\u00e0bits i consums culturals a l&#039;Estat espanyol - Cercle de Cultura\" \/>\n<meta property=\"og:description\" content=\"El\u00a0Ministeri de Cultura i Esport ha publicat la &quot;Encuesta de h\u00e1bitos y consumos culturales\u00a02018-2019&quot; sobre els interessos que t\u00e9 la ciutadania de l&#039;Estat espanyol en els diferents sectors culturals, la freq\u00fc\u00e8ncia i intensitat amb qu\u00e8 realitzen activitats relacionades amb aquests sectors o l&#039;h\u00e0bit adquirit respecte a les mateixes.\" \/>\n<meta property=\"og:url\" content=\"https:\/\/www.cercledecultura.org\/ca\/enquesta_estatal_consum_cultural_2019\/\" \/>\n<meta property=\"og:site_name\" content=\"Cercle de Cultura\" \/>\n<meta property=\"article:published_time\" content=\"2019-10-02T02:50:00+00:00\" \/>\n<meta property=\"article:modified_time\" content=\"2021-02-23T09:59:30+00:00\" \/>\n<meta property=\"og:image\" content=\"https:\/\/www.cercledecultura.org\/wp-content\/uploads\/2021\/02\/ujpimUVcWUqfn5s5yAxYrg.png\" \/>\n\t<meta property=\"og:image:width\" content=\"1046\" \/>\n\t<meta property=\"og:image:height\" content=\"684\" \/>\n\t<meta property=\"og:image:type\" content=\"image\/png\" \/>\n<meta name=\"author\" content=\"admin\" \/>\n<meta name=\"twitter:card\" content=\"summary_large_image\" \/>\n<meta name=\"twitter:label1\" content=\"Escrit per\" \/>\n\t<meta name=\"twitter:data1\" content=\"admin\" \/>\n<script type=\"application\/ld+json\" class=\"yoast-schema-graph\">{\"@context\":\"https:\\\/\\\/schema.org\",\"@graph\":[{\"@type\":\"Article\",\"@id\":\"https:\\\/\\\/www.cercledecultura.org\\\/ca\\\/enquesta_estatal_consum_cultural_2019\\\/#article\",\"isPartOf\":{\"@id\":\"https:\\\/\\\/www.cercledecultura.org\\\/ca\\\/enquesta_estatal_consum_cultural_2019\\\/\"},\"author\":{\"name\":\"admin\",\"@id\":\"https:\\\/\\\/www.cercledecultura.org\\\/ca\\\/#\\\/schema\\\/person\\\/269db25cfadcb4bd2e41781c819942f9\"},\"headline\":\"Es presenta l&#8217;estudi 2018-2019 sobre h\u00e0bits i consums culturals a l&#8217;Estat espanyol\",\"datePublished\":\"2019-10-02T02:50:00+00:00\",\"dateModified\":\"2021-02-23T09:59:30+00:00\",\"mainEntityOfPage\":{\"@id\":\"https:\\\/\\\/www.cercledecultura.org\\\/ca\\\/enquesta_estatal_consum_cultural_2019\\\/\"},\"wordCount\":107,\"commentCount\":0,\"publisher\":{\"@id\":\"https:\\\/\\\/www.cercledecultura.org\\\/ca\\\/#organization\"},\"image\":{\"@id\":\"https:\\\/\\\/www.cercledecultura.org\\\/ca\\\/enquesta_estatal_consum_cultural_2019\\\/#primaryimage\"},\"thumbnailUrl\":\"https:\\\/\\\/www.cercledecultura.org\\\/wp-content\\\/uploads\\\/2021\\\/02\\\/ujpimUVcWUqfn5s5yAxYrg.png\",\"keywords\":[\"consum cultural\",\"enquesta\",\"Estat espanyol\",\"Ministeri Cultura\"],\"articleSection\":[\"Not\u00edcies\"],\"inLanguage\":\"ca\",\"potentialAction\":[{\"@type\":\"CommentAction\",\"name\":\"Comment\",\"target\":[\"https:\\\/\\\/www.cercledecultura.org\\\/ca\\\/enquesta_estatal_consum_cultural_2019\\\/#respond\"]}]},{\"@type\":\"WebPage\",\"@id\":\"https:\\\/\\\/www.cercledecultura.org\\\/ca\\\/enquesta_estatal_consum_cultural_2019\\\/\",\"url\":\"https:\\\/\\\/www.cercledecultura.org\\\/ca\\\/enquesta_estatal_consum_cultural_2019\\\/\",\"name\":\"Es presenta l'estudi 2018-2019 sobre h\u00e0bits i consums culturals a l'Estat espanyol - Cercle de Cultura\",\"isPartOf\":{\"@id\":\"https:\\\/\\\/www.cercledecultura.org\\\/ca\\\/#website\"},\"primaryImageOfPage\":{\"@id\":\"https:\\\/\\\/www.cercledecultura.org\\\/ca\\\/enquesta_estatal_consum_cultural_2019\\\/#primaryimage\"},\"image\":{\"@id\":\"https:\\\/\\\/www.cercledecultura.org\\\/ca\\\/enquesta_estatal_consum_cultural_2019\\\/#primaryimage\"},\"thumbnailUrl\":\"https:\\\/\\\/www.cercledecultura.org\\\/wp-content\\\/uploads\\\/2021\\\/02\\\/ujpimUVcWUqfn5s5yAxYrg.png\",\"datePublished\":\"2019-10-02T02:50:00+00:00\",\"dateModified\":\"2021-02-23T09:59:30+00:00\",\"breadcrumb\":{\"@id\":\"https:\\\/\\\/www.cercledecultura.org\\\/ca\\\/enquesta_estatal_consum_cultural_2019\\\/#breadcrumb\"},\"inLanguage\":\"ca\",\"potentialAction\":[{\"@type\":\"ReadAction\",\"target\":[\"https:\\\/\\\/www.cercledecultura.org\\\/ca\\\/enquesta_estatal_consum_cultural_2019\\\/\"]}]},{\"@type\":\"ImageObject\",\"inLanguage\":\"ca\",\"@id\":\"https:\\\/\\\/www.cercledecultura.org\\\/ca\\\/enquesta_estatal_consum_cultural_2019\\\/#primaryimage\",\"url\":\"https:\\\/\\\/www.cercledecultura.org\\\/wp-content\\\/uploads\\\/2021\\\/02\\\/ujpimUVcWUqfn5s5yAxYrg.png\",\"contentUrl\":\"https:\\\/\\\/www.cercledecultura.org\\\/wp-content\\\/uploads\\\/2021\\\/02\\\/ujpimUVcWUqfn5s5yAxYrg.png\",\"width\":1046,\"height\":684},{\"@type\":\"BreadcrumbList\",\"@id\":\"https:\\\/\\\/www.cercledecultura.org\\\/ca\\\/enquesta_estatal_consum_cultural_2019\\\/#breadcrumb\",\"itemListElement\":[{\"@type\":\"ListItem\",\"position\":1,\"name\":\"Portada\",\"item\":\"https:\\\/\\\/www.cercledecultura.org\\\/ca\\\/\"},{\"@type\":\"ListItem\",\"position\":2,\"name\":\"Es presenta l&#8217;estudi 2018-2019 sobre h\u00e0bits i consums culturals a l&#8217;Estat espanyol\"}]},{\"@type\":\"WebSite\",\"@id\":\"https:\\\/\\\/www.cercledecultura.org\\\/ca\\\/#website\",\"url\":\"https:\\\/\\\/www.cercledecultura.org\\\/ca\\\/\",\"name\":\"Cercle de Cultura\",\"description\":\"Entitat de car\u00e0cter privat i associatiu, independent, amb voluntat de participar en la vida p\u00fablica des de la pluralitat ideol\u00f2gica dels seus membres fundadors i futurs associats\",\"publisher\":{\"@id\":\"https:\\\/\\\/www.cercledecultura.org\\\/ca\\\/#organization\"},\"potentialAction\":[{\"@type\":\"SearchAction\",\"target\":{\"@type\":\"EntryPoint\",\"urlTemplate\":\"https:\\\/\\\/www.cercledecultura.org\\\/ca\\\/?s={search_term_string}\"},\"query-input\":{\"@type\":\"PropertyValueSpecification\",\"valueRequired\":true,\"valueName\":\"search_term_string\"}}],\"inLanguage\":\"ca\"},{\"@type\":\"Organization\",\"@id\":\"https:\\\/\\\/www.cercledecultura.org\\\/ca\\\/#organization\",\"name\":\"Cercle de Cultura\",\"url\":\"https:\\\/\\\/www.cercledecultura.org\\\/ca\\\/\",\"logo\":{\"@type\":\"ImageObject\",\"inLanguage\":\"ca\",\"@id\":\"https:\\\/\\\/www.cercledecultura.org\\\/ca\\\/#\\\/schema\\\/logo\\\/image\\\/\",\"url\":\"https:\\\/\\\/www.cercledecultura.org\\\/wp-content\\\/uploads\\\/2020\\\/01\\\/logo-cercle-de-cultura.png\",\"contentUrl\":\"https:\\\/\\\/www.cercledecultura.org\\\/wp-content\\\/uploads\\\/2020\\\/01\\\/logo-cercle-de-cultura.png\",\"width\":350,\"height\":195,\"caption\":\"Cercle de Cultura\"},\"image\":{\"@id\":\"https:\\\/\\\/www.cercledecultura.org\\\/ca\\\/#\\\/schema\\\/logo\\\/image\\\/\"}},{\"@type\":\"Person\",\"@id\":\"https:\\\/\\\/www.cercledecultura.org\\\/ca\\\/#\\\/schema\\\/person\\\/269db25cfadcb4bd2e41781c819942f9\",\"name\":\"admin\",\"image\":{\"@type\":\"ImageObject\",\"inLanguage\":\"ca\",\"@id\":\"https:\\\/\\\/secure.gravatar.com\\\/avatar\\\/e88a8bb50a361c6d45c4709770a3d765016be4b5d85313447b91d0d707434ad9?s=96&d=mm&r=g\",\"url\":\"https:\\\/\\\/secure.gravatar.com\\\/avatar\\\/e88a8bb50a361c6d45c4709770a3d765016be4b5d85313447b91d0d707434ad9?s=96&d=mm&r=g\",\"contentUrl\":\"https:\\\/\\\/secure.gravatar.com\\\/avatar\\\/e88a8bb50a361c6d45c4709770a3d765016be4b5d85313447b91d0d707434ad9?s=96&d=mm&r=g\",\"caption\":\"admin\"},\"url\":\"https:\\\/\\\/www.cercledecultura.org\\\/ca\\\/author\\\/seic_trzh7tdr\\\/\"}]}<\/script>\n<!-- \/ Yoast SEO plugin. -->","yoast_head_json":{"title":"Es presenta l'estudi 2018-2019 sobre h\u00e0bits i consums culturals a l'Estat espanyol - Cercle de Cultura","robots":{"index":"index","follow":"follow","max-snippet":"max-snippet:-1","max-image-preview":"max-image-preview:large","max-video-preview":"max-video-preview:-1"},"canonical":"https:\/\/www.cercledecultura.org\/ca\/enquesta_estatal_consum_cultural_2019\/","og_locale":"ca_ES","og_type":"article","og_title":"Es presenta l'estudi 2018-2019 sobre h\u00e0bits i consums culturals a l'Estat espanyol - Cercle de Cultura","og_description":"El\u00a0Ministeri de Cultura i Esport ha publicat la \"Encuesta de h\u00e1bitos y consumos culturales\u00a02018-2019\" sobre els interessos que t\u00e9 la ciutadania de l'Estat espanyol en els diferents sectors culturals, la freq\u00fc\u00e8ncia i intensitat amb qu\u00e8 realitzen activitats relacionades amb aquests sectors o l'h\u00e0bit adquirit respecte a les mateixes.","og_url":"https:\/\/www.cercledecultura.org\/ca\/enquesta_estatal_consum_cultural_2019\/","og_site_name":"Cercle de Cultura","article_published_time":"2019-10-02T02:50:00+00:00","article_modified_time":"2021-02-23T09:59:30+00:00","og_image":[{"width":1046,"height":684,"url":"https:\/\/www.cercledecultura.org\/wp-content\/uploads\/2021\/02\/ujpimUVcWUqfn5s5yAxYrg.png","type":"image\/png"}],"author":"admin","twitter_card":"summary_large_image","twitter_misc":{"Escrit per":"admin"},"schema":{"@context":"https:\/\/schema.org","@graph":[{"@type":"Article","@id":"https:\/\/www.cercledecultura.org\/ca\/enquesta_estatal_consum_cultural_2019\/#article","isPartOf":{"@id":"https:\/\/www.cercledecultura.org\/ca\/enquesta_estatal_consum_cultural_2019\/"},"author":{"name":"admin","@id":"https:\/\/www.cercledecultura.org\/ca\/#\/schema\/person\/269db25cfadcb4bd2e41781c819942f9"},"headline":"Es presenta l&#8217;estudi 2018-2019 sobre h\u00e0bits i consums culturals a l&#8217;Estat espanyol","datePublished":"2019-10-02T02:50:00+00:00","dateModified":"2021-02-23T09:59:30+00:00","mainEntityOfPage":{"@id":"https:\/\/www.cercledecultura.org\/ca\/enquesta_estatal_consum_cultural_2019\/"},"wordCount":107,"commentCount":0,"publisher":{"@id":"https:\/\/www.cercledecultura.org\/ca\/#organization"},"image":{"@id":"https:\/\/www.cercledecultura.org\/ca\/enquesta_estatal_consum_cultural_2019\/#primaryimage"},"thumbnailUrl":"https:\/\/www.cercledecultura.org\/wp-content\/uploads\/2021\/02\/ujpimUVcWUqfn5s5yAxYrg.png","keywords":["consum cultural","enquesta","Estat espanyol","Ministeri Cultura"],"articleSection":["Not\u00edcies"],"inLanguage":"ca","potentialAction":[{"@type":"CommentAction","name":"Comment","target":["https:\/\/www.cercledecultura.org\/ca\/enquesta_estatal_consum_cultural_2019\/#respond"]}]},{"@type":"WebPage","@id":"https:\/\/www.cercledecultura.org\/ca\/enquesta_estatal_consum_cultural_2019\/","url":"https:\/\/www.cercledecultura.org\/ca\/enquesta_estatal_consum_cultural_2019\/","name":"Es presenta l'estudi 2018-2019 sobre h\u00e0bits i consums culturals a l'Estat espanyol - Cercle de Cultura","isPartOf":{"@id":"https:\/\/www.cercledecultura.org\/ca\/#website"},"primaryImageOfPage":{"@id":"https:\/\/www.cercledecultura.org\/ca\/enquesta_estatal_consum_cultural_2019\/#primaryimage"},"image":{"@id":"https:\/\/www.cercledecultura.org\/ca\/enquesta_estatal_consum_cultural_2019\/#primaryimage"},"thumbnailUrl":"https:\/\/www.cercledecultura.org\/wp-content\/uploads\/2021\/02\/ujpimUVcWUqfn5s5yAxYrg.png","datePublished":"2019-10-02T02:50:00+00:00","dateModified":"2021-02-23T09:59:30+00:00","breadcrumb":{"@id":"https:\/\/www.cercledecultura.org\/ca\/enquesta_estatal_consum_cultural_2019\/#breadcrumb"},"inLanguage":"ca","potentialAction":[{"@type":"ReadAction","target":["https:\/\/www.cercledecultura.org\/ca\/enquesta_estatal_consum_cultural_2019\/"]}]},{"@type":"ImageObject","inLanguage":"ca","@id":"https:\/\/www.cercledecultura.org\/ca\/enquesta_estatal_consum_cultural_2019\/#primaryimage","url":"https:\/\/www.cercledecultura.org\/wp-content\/uploads\/2021\/02\/ujpimUVcWUqfn5s5yAxYrg.png","contentUrl":"https:\/\/www.cercledecultura.org\/wp-content\/uploads\/2021\/02\/ujpimUVcWUqfn5s5yAxYrg.png","width":1046,"height":684},{"@type":"BreadcrumbList","@id":"https:\/\/www.cercledecultura.org\/ca\/enquesta_estatal_consum_cultural_2019\/#breadcrumb","itemListElement":[{"@type":"ListItem","position":1,"name":"Portada","item":"https:\/\/www.cercledecultura.org\/ca\/"},{"@type":"ListItem","position":2,"name":"Es presenta l&#8217;estudi 2018-2019 sobre h\u00e0bits i consums culturals a l&#8217;Estat espanyol"}]},{"@type":"WebSite","@id":"https:\/\/www.cercledecultura.org\/ca\/#website","url":"https:\/\/www.cercledecultura.org\/ca\/","name":"Cercle de Cultura","description":"Entitat de car\u00e0cter privat i associatiu, independent, amb voluntat de participar en la vida p\u00fablica des de la pluralitat ideol\u00f2gica dels seus membres fundadors i futurs associats","publisher":{"@id":"https:\/\/www.cercledecultura.org\/ca\/#organization"},"potentialAction":[{"@type":"SearchAction","target":{"@type":"EntryPoint","urlTemplate":"https:\/\/www.cercledecultura.org\/ca\/?s={search_term_string}"},"query-input":{"@type":"PropertyValueSpecification","valueRequired":true,"valueName":"search_term_string"}}],"inLanguage":"ca"},{"@type":"Organization","@id":"https:\/\/www.cercledecultura.org\/ca\/#organization","name":"Cercle de Cultura","url":"https:\/\/www.cercledecultura.org\/ca\/","logo":{"@type":"ImageObject","inLanguage":"ca","@id":"https:\/\/www.cercledecultura.org\/ca\/#\/schema\/logo\/image\/","url":"https:\/\/www.cercledecultura.org\/wp-content\/uploads\/2020\/01\/logo-cercle-de-cultura.png","contentUrl":"https:\/\/www.cercledecultura.org\/wp-content\/uploads\/2020\/01\/logo-cercle-de-cultura.png","width":350,"height":195,"caption":"Cercle de Cultura"},"image":{"@id":"https:\/\/www.cercledecultura.org\/ca\/#\/schema\/logo\/image\/"}},{"@type":"Person","@id":"https:\/\/www.cercledecultura.org\/ca\/#\/schema\/person\/269db25cfadcb4bd2e41781c819942f9","name":"admin","image":{"@type":"ImageObject","inLanguage":"ca","@id":"https:\/\/secure.gravatar.com\/avatar\/e88a8bb50a361c6d45c4709770a3d765016be4b5d85313447b91d0d707434ad9?s=96&d=mm&r=g","url":"https:\/\/secure.gravatar.com\/avatar\/e88a8bb50a361c6d45c4709770a3d765016be4b5d85313447b91d0d707434ad9?s=96&d=mm&r=g","contentUrl":"https:\/\/secure.gravatar.com\/avatar\/e88a8bb50a361c6d45c4709770a3d765016be4b5d85313447b91d0d707434ad9?s=96&d=mm&r=g","caption":"admin"},"url":"https:\/\/www.cercledecultura.org\/ca\/author\/seic_trzh7tdr\/"}]}},"_links":{"self":[{"href":"https:\/\/www.cercledecultura.org\/ca\/wp-json\/wp\/v2\/posts\/920","targetHints":{"allow":["GET"]}}],"collection":[{"href":"https:\/\/www.cercledecultura.org\/ca\/wp-json\/wp\/v2\/posts"}],"about":[{"href":"https:\/\/www.cercledecultura.org\/ca\/wp-json\/wp\/v2\/types\/post"}],"author":[{"embeddable":true,"href":"https:\/\/www.cercledecultura.org\/ca\/wp-json\/wp\/v2\/users\/1"}],"replies":[{"embeddable":true,"href":"https:\/\/www.cercledecultura.org\/ca\/wp-json\/wp\/v2\/comments?post=920"}],"version-history":[{"count":1,"href":"https:\/\/www.cercledecultura.org\/ca\/wp-json\/wp\/v2\/posts\/920\/revisions"}],"predecessor-version":[{"id":1220,"href":"https:\/\/www.cercledecultura.org\/ca\/wp-json\/wp\/v2\/posts\/920\/revisions\/1220"}],"wp:featuredmedia":[{"embeddable":true,"href":"https:\/\/www.cercledecultura.org\/ca\/wp-json\/wp\/v2\/media\/921"}],"wp:attachment":[{"href":"https:\/\/www.cercledecultura.org\/ca\/wp-json\/wp\/v2\/media?parent=920"}],"wp:term":[{"taxonomy":"category","embeddable":true,"href":"https:\/\/www.cercledecultura.org\/ca\/wp-json\/wp\/v2\/categories?post=920"},{"taxonomy":"post_tag","embeddable":true,"href":"https:\/\/www.cercledecultura.org\/ca\/wp-json\/wp\/v2\/tags?post=920"}],"curies":[{"name":"wp","href":"https:\/\/api.w.org\/{rel}","templated":true}]}}