{"id":918,"date":"2019-09-22T00:04:00","date_gmt":"2019-09-22T00:04:00","guid":{"rendered":"https:\/\/pre.cercledecultura.org\/gestio_cultural_ub\/"},"modified":"2021-02-23T09:59:29","modified_gmt":"2021-02-23T09:59:29","slug":"gestio_cultural_ub","status":"publish","type":"post","link":"https:\/\/www.cercledecultura.org\/ca\/gestio_cultural_ub\/","title":{"rendered":"Dos membres de la Junta del Cercle de Cultura intervindran a la jornada &#8220;Gesti\u00f3 Cultural I Universitat. 30 Anys Caminant Junts&#8221; de la UB"},"content":{"rendered":"<p>Esteve Le\u00f3n i Alfons Martinell, membres de la Junta directiva del Cercle de Cultura, participaran com a ponents a la jornada \u201cGesti\u00f3 cultural i Universitat: 30 anys caminant junts\u201d, que se celebrar\u00e0 dijous 26 de setembre a la Sala Teatre del CCCB, organitzat per la Universitat de Barcelona i el CERC. L&#8217;acte celebrar\u00e0 el 30\u00e8 aniversari del primer M\u00e0ster en gesti\u00f3 cultural a Catalunya, que tamb\u00e9 va ser el primer a l&#8217;Estat espanyol i al conjunt de pa\u00efsos de la regi\u00f3 iberoamericana. Aquest\u00a0M\u00e0ster va culminar l\u2019estrat\u00e8gia formativa que el Centre d\u2019Estudis i Recursos Culturals (CERC) de la Diputaci\u00f3 de Barcelona, dirigit per Eduard Delgado, havia iniciat uns anys abans.  Des de la UB es considera que &#8220;aquests trenta anys no s\u00f3n una efem\u00e8ride \u00fanicament nostra, sin\u00f3 de tota la comunitat acad\u00e8mica i professional en gesti\u00f3 cultural. Per aquest motiu, volem celebrar els 30 anys de formaci\u00f3 universit\u00e0ria en gesti\u00f3 cultural de manera compartida, no nom\u00e9s amb el CERC de la Diputaci\u00f3 de Barcelona i l\u2019equip acad\u00e8mic amb qui iniciarem aquest trajecte, sin\u00f3 tamb\u00e9 amb les altres universitats catalanes amb programes en gesti\u00f3 cultural, amb l\u2019Associaci\u00f3 de gestors culturals de Catalunya, i d\u2019altres organitzacions i institucions p\u00fabliques catalanes&#8221;.<\/p>\n","protected":false},"excerpt":{"rendered":"<p>Esteve Le\u00f3n i Alfons Martinell, membres de la Junta directiva del Cercle de Cultura, participaran com a ponents a la jornada \u201cGesti\u00f3 cultural i Universitat: 30 anys caminant junts\u201d, que se celebrar\u00e0 dijous 26 de setembre a la Sala Teatre del CCCB, organitzat per la Universitat de Barcelona i el CERC.\u00a0<\/p>\n","protected":false},"author":1,"featured_media":919,"comment_status":"open","ping_status":"closed","sticky":false,"template":"","format":"standard","meta":{"footnotes":""},"categories":[26],"tags":[64,35,222,476,65,475,474],"class_list":["post-918","post","type-post","status-publish","format-standard","has-post-thumbnail","hentry","category-noticies","tag-alfons-martinell","tag-cccb","tag-cerc","tag-eduard-delgago","tag-esteve-leon","tag-gestio-cultural","tag-ub"],"yoast_head":"<!-- This site is optimized with the Yoast SEO plugin v27.5 - https:\/\/yoast.com\/product\/yoast-seo-wordpress\/ -->\n<title>Dos membres de la Junta del Cercle de Cultura intervindran a la jornada &quot;Gesti\u00f3 Cultural I Universitat. 30 Anys Caminant Junts&quot; de la UB - Cercle de Cultura<\/title>\n<meta name=\"robots\" content=\"index, follow, max-snippet:-1, max-image-preview:large, max-video-preview:-1\" \/>\n<link rel=\"canonical\" href=\"https:\/\/www.cercledecultura.org\/ca\/gestio_cultural_ub\/\" \/>\n<meta property=\"og:locale\" content=\"ca_ES\" \/>\n<meta property=\"og:type\" content=\"article\" \/>\n<meta property=\"og:title\" content=\"Dos membres de la Junta del Cercle de Cultura intervindran a la jornada &quot;Gesti\u00f3 Cultural I Universitat. 30 Anys Caminant Junts&quot; de la UB - Cercle de Cultura\" \/>\n<meta property=\"og:description\" content=\"Esteve Le\u00f3n i Alfons Martinell, membres de la Junta directiva del Cercle de Cultura, participaran com a ponents a la jornada \u201cGesti\u00f3 cultural i Universitat: 30 anys caminant junts\u201d, que se celebrar\u00e0 dijous 26 de setembre a la Sala Teatre del CCCB, organitzat per la Universitat de Barcelona i el CERC.\u00a0\" \/>\n<meta property=\"og:url\" content=\"https:\/\/www.cercledecultura.org\/ca\/gestio_cultural_ub\/\" \/>\n<meta property=\"og:site_name\" content=\"Cercle de Cultura\" \/>\n<meta property=\"article:published_time\" content=\"2019-09-22T00:04:00+00:00\" \/>\n<meta property=\"article:modified_time\" content=\"2021-02-23T09:59:29+00:00\" \/>\n<meta property=\"og:image\" content=\"https:\/\/www.cercledecultura.org\/wp-content\/uploads\/2021\/02\/Dpvz0Ir80USbtsfLYyZKDw.jpg\" \/>\n\t<meta property=\"og:image:width\" content=\"960\" \/>\n\t<meta property=\"og:image:height\" content=\"502\" \/>\n\t<meta property=\"og:image:type\" content=\"image\/jpeg\" \/>\n<meta name=\"author\" content=\"admin\" \/>\n<meta name=\"twitter:card\" content=\"summary_large_image\" \/>\n<meta name=\"twitter:label1\" content=\"Escrit per\" \/>\n\t<meta name=\"twitter:data1\" content=\"admin\" \/>\n\t<meta name=\"twitter:label2\" content=\"Temps estimat de lectura\" \/>\n\t<meta name=\"twitter:data2\" content=\"1 minut\" \/>\n<script type=\"application\/ld+json\" class=\"yoast-schema-graph\">{\"@context\":\"https:\\\/\\\/schema.org\",\"@graph\":[{\"@type\":\"Article\",\"@id\":\"https:\\\/\\\/www.cercledecultura.org\\\/ca\\\/gestio_cultural_ub\\\/#article\",\"isPartOf\":{\"@id\":\"https:\\\/\\\/www.cercledecultura.org\\\/ca\\\/gestio_cultural_ub\\\/\"},\"author\":{\"name\":\"admin\",\"@id\":\"https:\\\/\\\/www.cercledecultura.org\\\/ca\\\/#\\\/schema\\\/person\\\/269db25cfadcb4bd2e41781c819942f9\"},\"headline\":\"Dos membres de la Junta del Cercle de Cultura intervindran a la jornada &#8220;Gesti\u00f3 Cultural I Universitat. 30 Anys Caminant Junts&#8221; de la UB\",\"datePublished\":\"2019-09-22T00:04:00+00:00\",\"dateModified\":\"2021-02-23T09:59:29+00:00\",\"mainEntityOfPage\":{\"@id\":\"https:\\\/\\\/www.cercledecultura.org\\\/ca\\\/gestio_cultural_ub\\\/\"},\"wordCount\":236,\"commentCount\":0,\"publisher\":{\"@id\":\"https:\\\/\\\/www.cercledecultura.org\\\/ca\\\/#organization\"},\"image\":{\"@id\":\"https:\\\/\\\/www.cercledecultura.org\\\/ca\\\/gestio_cultural_ub\\\/#primaryimage\"},\"thumbnailUrl\":\"https:\\\/\\\/www.cercledecultura.org\\\/wp-content\\\/uploads\\\/2021\\\/02\\\/Dpvz0Ir80USbtsfLYyZKDw.jpg\",\"keywords\":[\"Alfons Martinell\",\"CCCB\",\"CERC\",\"Eduard Delgago\",\"Esteve Le\u00f3n\",\"gesti\u00f3 cultural\",\"UB\"],\"articleSection\":[\"Not\u00edcies\"],\"inLanguage\":\"ca\",\"potentialAction\":[{\"@type\":\"CommentAction\",\"name\":\"Comment\",\"target\":[\"https:\\\/\\\/www.cercledecultura.org\\\/ca\\\/gestio_cultural_ub\\\/#respond\"]}]},{\"@type\":\"WebPage\",\"@id\":\"https:\\\/\\\/www.cercledecultura.org\\\/ca\\\/gestio_cultural_ub\\\/\",\"url\":\"https:\\\/\\\/www.cercledecultura.org\\\/ca\\\/gestio_cultural_ub\\\/\",\"name\":\"Dos membres de la Junta del Cercle de Cultura intervindran a la jornada \\\"Gesti\u00f3 Cultural I Universitat. 30 Anys Caminant Junts\\\" de la UB - Cercle de Cultura\",\"isPartOf\":{\"@id\":\"https:\\\/\\\/www.cercledecultura.org\\\/ca\\\/#website\"},\"primaryImageOfPage\":{\"@id\":\"https:\\\/\\\/www.cercledecultura.org\\\/ca\\\/gestio_cultural_ub\\\/#primaryimage\"},\"image\":{\"@id\":\"https:\\\/\\\/www.cercledecultura.org\\\/ca\\\/gestio_cultural_ub\\\/#primaryimage\"},\"thumbnailUrl\":\"https:\\\/\\\/www.cercledecultura.org\\\/wp-content\\\/uploads\\\/2021\\\/02\\\/Dpvz0Ir80USbtsfLYyZKDw.jpg\",\"datePublished\":\"2019-09-22T00:04:00+00:00\",\"dateModified\":\"2021-02-23T09:59:29+00:00\",\"breadcrumb\":{\"@id\":\"https:\\\/\\\/www.cercledecultura.org\\\/ca\\\/gestio_cultural_ub\\\/#breadcrumb\"},\"inLanguage\":\"ca\",\"potentialAction\":[{\"@type\":\"ReadAction\",\"target\":[\"https:\\\/\\\/www.cercledecultura.org\\\/ca\\\/gestio_cultural_ub\\\/\"]}]},{\"@type\":\"ImageObject\",\"inLanguage\":\"ca\",\"@id\":\"https:\\\/\\\/www.cercledecultura.org\\\/ca\\\/gestio_cultural_ub\\\/#primaryimage\",\"url\":\"https:\\\/\\\/www.cercledecultura.org\\\/wp-content\\\/uploads\\\/2021\\\/02\\\/Dpvz0Ir80USbtsfLYyZKDw.jpg\",\"contentUrl\":\"https:\\\/\\\/www.cercledecultura.org\\\/wp-content\\\/uploads\\\/2021\\\/02\\\/Dpvz0Ir80USbtsfLYyZKDw.jpg\",\"width\":960,\"height\":502},{\"@type\":\"BreadcrumbList\",\"@id\":\"https:\\\/\\\/www.cercledecultura.org\\\/ca\\\/gestio_cultural_ub\\\/#breadcrumb\",\"itemListElement\":[{\"@type\":\"ListItem\",\"position\":1,\"name\":\"Portada\",\"item\":\"https:\\\/\\\/www.cercledecultura.org\\\/ca\\\/\"},{\"@type\":\"ListItem\",\"position\":2,\"name\":\"Dos membres de la Junta del Cercle de Cultura intervindran a la jornada &#8220;Gesti\u00f3 Cultural I Universitat. 30 Anys Caminant Junts&#8221; de la UB\"}]},{\"@type\":\"WebSite\",\"@id\":\"https:\\\/\\\/www.cercledecultura.org\\\/ca\\\/#website\",\"url\":\"https:\\\/\\\/www.cercledecultura.org\\\/ca\\\/\",\"name\":\"Cercle de Cultura\",\"description\":\"Entitat de car\u00e0cter privat i associatiu, independent, amb voluntat de participar en la vida p\u00fablica des de la pluralitat ideol\u00f2gica dels seus membres fundadors i futurs associats\",\"publisher\":{\"@id\":\"https:\\\/\\\/www.cercledecultura.org\\\/ca\\\/#organization\"},\"potentialAction\":[{\"@type\":\"SearchAction\",\"target\":{\"@type\":\"EntryPoint\",\"urlTemplate\":\"https:\\\/\\\/www.cercledecultura.org\\\/ca\\\/?s={search_term_string}\"},\"query-input\":{\"@type\":\"PropertyValueSpecification\",\"valueRequired\":true,\"valueName\":\"search_term_string\"}}],\"inLanguage\":\"ca\"},{\"@type\":\"Organization\",\"@id\":\"https:\\\/\\\/www.cercledecultura.org\\\/ca\\\/#organization\",\"name\":\"Cercle de Cultura\",\"url\":\"https:\\\/\\\/www.cercledecultura.org\\\/ca\\\/\",\"logo\":{\"@type\":\"ImageObject\",\"inLanguage\":\"ca\",\"@id\":\"https:\\\/\\\/www.cercledecultura.org\\\/ca\\\/#\\\/schema\\\/logo\\\/image\\\/\",\"url\":\"https:\\\/\\\/www.cercledecultura.org\\\/wp-content\\\/uploads\\\/2020\\\/01\\\/logo-cercle-de-cultura.png\",\"contentUrl\":\"https:\\\/\\\/www.cercledecultura.org\\\/wp-content\\\/uploads\\\/2020\\\/01\\\/logo-cercle-de-cultura.png\",\"width\":350,\"height\":195,\"caption\":\"Cercle de Cultura\"},\"image\":{\"@id\":\"https:\\\/\\\/www.cercledecultura.org\\\/ca\\\/#\\\/schema\\\/logo\\\/image\\\/\"}},{\"@type\":\"Person\",\"@id\":\"https:\\\/\\\/www.cercledecultura.org\\\/ca\\\/#\\\/schema\\\/person\\\/269db25cfadcb4bd2e41781c819942f9\",\"name\":\"admin\",\"image\":{\"@type\":\"ImageObject\",\"inLanguage\":\"ca\",\"@id\":\"https:\\\/\\\/secure.gravatar.com\\\/avatar\\\/e88a8bb50a361c6d45c4709770a3d765016be4b5d85313447b91d0d707434ad9?s=96&d=mm&r=g\",\"url\":\"https:\\\/\\\/secure.gravatar.com\\\/avatar\\\/e88a8bb50a361c6d45c4709770a3d765016be4b5d85313447b91d0d707434ad9?s=96&d=mm&r=g\",\"contentUrl\":\"https:\\\/\\\/secure.gravatar.com\\\/avatar\\\/e88a8bb50a361c6d45c4709770a3d765016be4b5d85313447b91d0d707434ad9?s=96&d=mm&r=g\",\"caption\":\"admin\"},\"url\":\"https:\\\/\\\/www.cercledecultura.org\\\/ca\\\/author\\\/seic_trzh7tdr\\\/\"}]}<\/script>\n<!-- \/ Yoast SEO plugin. -->","yoast_head_json":{"title":"Dos membres de la Junta del Cercle de Cultura intervindran a la jornada \"Gesti\u00f3 Cultural I Universitat. 30 Anys Caminant Junts\" de la UB - Cercle de Cultura","robots":{"index":"index","follow":"follow","max-snippet":"max-snippet:-1","max-image-preview":"max-image-preview:large","max-video-preview":"max-video-preview:-1"},"canonical":"https:\/\/www.cercledecultura.org\/ca\/gestio_cultural_ub\/","og_locale":"ca_ES","og_type":"article","og_title":"Dos membres de la Junta del Cercle de Cultura intervindran a la jornada \"Gesti\u00f3 Cultural I Universitat. 30 Anys Caminant Junts\" de la UB - Cercle de Cultura","og_description":"Esteve Le\u00f3n i Alfons Martinell, membres de la Junta directiva del Cercle de Cultura, participaran com a ponents a la jornada \u201cGesti\u00f3 cultural i Universitat: 30 anys caminant junts\u201d, que se celebrar\u00e0 dijous 26 de setembre a la Sala Teatre del CCCB, organitzat per la Universitat de Barcelona i el CERC.\u00a0","og_url":"https:\/\/www.cercledecultura.org\/ca\/gestio_cultural_ub\/","og_site_name":"Cercle de Cultura","article_published_time":"2019-09-22T00:04:00+00:00","article_modified_time":"2021-02-23T09:59:29+00:00","og_image":[{"width":960,"height":502,"url":"https:\/\/www.cercledecultura.org\/wp-content\/uploads\/2021\/02\/Dpvz0Ir80USbtsfLYyZKDw.jpg","type":"image\/jpeg"}],"author":"admin","twitter_card":"summary_large_image","twitter_misc":{"Escrit per":"admin","Temps estimat de lectura":"1 minut"},"schema":{"@context":"https:\/\/schema.org","@graph":[{"@type":"Article","@id":"https:\/\/www.cercledecultura.org\/ca\/gestio_cultural_ub\/#article","isPartOf":{"@id":"https:\/\/www.cercledecultura.org\/ca\/gestio_cultural_ub\/"},"author":{"name":"admin","@id":"https:\/\/www.cercledecultura.org\/ca\/#\/schema\/person\/269db25cfadcb4bd2e41781c819942f9"},"headline":"Dos membres de la Junta del Cercle de Cultura intervindran a la jornada &#8220;Gesti\u00f3 Cultural I Universitat. 30 Anys Caminant Junts&#8221; de la UB","datePublished":"2019-09-22T00:04:00+00:00","dateModified":"2021-02-23T09:59:29+00:00","mainEntityOfPage":{"@id":"https:\/\/www.cercledecultura.org\/ca\/gestio_cultural_ub\/"},"wordCount":236,"commentCount":0,"publisher":{"@id":"https:\/\/www.cercledecultura.org\/ca\/#organization"},"image":{"@id":"https:\/\/www.cercledecultura.org\/ca\/gestio_cultural_ub\/#primaryimage"},"thumbnailUrl":"https:\/\/www.cercledecultura.org\/wp-content\/uploads\/2021\/02\/Dpvz0Ir80USbtsfLYyZKDw.jpg","keywords":["Alfons Martinell","CCCB","CERC","Eduard Delgago","Esteve Le\u00f3n","gesti\u00f3 cultural","UB"],"articleSection":["Not\u00edcies"],"inLanguage":"ca","potentialAction":[{"@type":"CommentAction","name":"Comment","target":["https:\/\/www.cercledecultura.org\/ca\/gestio_cultural_ub\/#respond"]}]},{"@type":"WebPage","@id":"https:\/\/www.cercledecultura.org\/ca\/gestio_cultural_ub\/","url":"https:\/\/www.cercledecultura.org\/ca\/gestio_cultural_ub\/","name":"Dos membres de la Junta del Cercle de Cultura intervindran a la jornada \"Gesti\u00f3 Cultural I Universitat. 30 Anys Caminant Junts\" de la UB - Cercle de Cultura","isPartOf":{"@id":"https:\/\/www.cercledecultura.org\/ca\/#website"},"primaryImageOfPage":{"@id":"https:\/\/www.cercledecultura.org\/ca\/gestio_cultural_ub\/#primaryimage"},"image":{"@id":"https:\/\/www.cercledecultura.org\/ca\/gestio_cultural_ub\/#primaryimage"},"thumbnailUrl":"https:\/\/www.cercledecultura.org\/wp-content\/uploads\/2021\/02\/Dpvz0Ir80USbtsfLYyZKDw.jpg","datePublished":"2019-09-22T00:04:00+00:00","dateModified":"2021-02-23T09:59:29+00:00","breadcrumb":{"@id":"https:\/\/www.cercledecultura.org\/ca\/gestio_cultural_ub\/#breadcrumb"},"inLanguage":"ca","potentialAction":[{"@type":"ReadAction","target":["https:\/\/www.cercledecultura.org\/ca\/gestio_cultural_ub\/"]}]},{"@type":"ImageObject","inLanguage":"ca","@id":"https:\/\/www.cercledecultura.org\/ca\/gestio_cultural_ub\/#primaryimage","url":"https:\/\/www.cercledecultura.org\/wp-content\/uploads\/2021\/02\/Dpvz0Ir80USbtsfLYyZKDw.jpg","contentUrl":"https:\/\/www.cercledecultura.org\/wp-content\/uploads\/2021\/02\/Dpvz0Ir80USbtsfLYyZKDw.jpg","width":960,"height":502},{"@type":"BreadcrumbList","@id":"https:\/\/www.cercledecultura.org\/ca\/gestio_cultural_ub\/#breadcrumb","itemListElement":[{"@type":"ListItem","position":1,"name":"Portada","item":"https:\/\/www.cercledecultura.org\/ca\/"},{"@type":"ListItem","position":2,"name":"Dos membres de la Junta del Cercle de Cultura intervindran a la jornada &#8220;Gesti\u00f3 Cultural I Universitat. 30 Anys Caminant Junts&#8221; de la UB"}]},{"@type":"WebSite","@id":"https:\/\/www.cercledecultura.org\/ca\/#website","url":"https:\/\/www.cercledecultura.org\/ca\/","name":"Cercle de Cultura","description":"Entitat de car\u00e0cter privat i associatiu, independent, amb voluntat de participar en la vida p\u00fablica des de la pluralitat ideol\u00f2gica dels seus membres fundadors i futurs associats","publisher":{"@id":"https:\/\/www.cercledecultura.org\/ca\/#organization"},"potentialAction":[{"@type":"SearchAction","target":{"@type":"EntryPoint","urlTemplate":"https:\/\/www.cercledecultura.org\/ca\/?s={search_term_string}"},"query-input":{"@type":"PropertyValueSpecification","valueRequired":true,"valueName":"search_term_string"}}],"inLanguage":"ca"},{"@type":"Organization","@id":"https:\/\/www.cercledecultura.org\/ca\/#organization","name":"Cercle de Cultura","url":"https:\/\/www.cercledecultura.org\/ca\/","logo":{"@type":"ImageObject","inLanguage":"ca","@id":"https:\/\/www.cercledecultura.org\/ca\/#\/schema\/logo\/image\/","url":"https:\/\/www.cercledecultura.org\/wp-content\/uploads\/2020\/01\/logo-cercle-de-cultura.png","contentUrl":"https:\/\/www.cercledecultura.org\/wp-content\/uploads\/2020\/01\/logo-cercle-de-cultura.png","width":350,"height":195,"caption":"Cercle de Cultura"},"image":{"@id":"https:\/\/www.cercledecultura.org\/ca\/#\/schema\/logo\/image\/"}},{"@type":"Person","@id":"https:\/\/www.cercledecultura.org\/ca\/#\/schema\/person\/269db25cfadcb4bd2e41781c819942f9","name":"admin","image":{"@type":"ImageObject","inLanguage":"ca","@id":"https:\/\/secure.gravatar.com\/avatar\/e88a8bb50a361c6d45c4709770a3d765016be4b5d85313447b91d0d707434ad9?s=96&d=mm&r=g","url":"https:\/\/secure.gravatar.com\/avatar\/e88a8bb50a361c6d45c4709770a3d765016be4b5d85313447b91d0d707434ad9?s=96&d=mm&r=g","contentUrl":"https:\/\/secure.gravatar.com\/avatar\/e88a8bb50a361c6d45c4709770a3d765016be4b5d85313447b91d0d707434ad9?s=96&d=mm&r=g","caption":"admin"},"url":"https:\/\/www.cercledecultura.org\/ca\/author\/seic_trzh7tdr\/"}]}},"_links":{"self":[{"href":"https:\/\/www.cercledecultura.org\/ca\/wp-json\/wp\/v2\/posts\/918","targetHints":{"allow":["GET"]}}],"collection":[{"href":"https:\/\/www.cercledecultura.org\/ca\/wp-json\/wp\/v2\/posts"}],"about":[{"href":"https:\/\/www.cercledecultura.org\/ca\/wp-json\/wp\/v2\/types\/post"}],"author":[{"embeddable":true,"href":"https:\/\/www.cercledecultura.org\/ca\/wp-json\/wp\/v2\/users\/1"}],"replies":[{"embeddable":true,"href":"https:\/\/www.cercledecultura.org\/ca\/wp-json\/wp\/v2\/comments?post=918"}],"version-history":[{"count":1,"href":"https:\/\/www.cercledecultura.org\/ca\/wp-json\/wp\/v2\/posts\/918\/revisions"}],"predecessor-version":[{"id":1219,"href":"https:\/\/www.cercledecultura.org\/ca\/wp-json\/wp\/v2\/posts\/918\/revisions\/1219"}],"wp:featuredmedia":[{"embeddable":true,"href":"https:\/\/www.cercledecultura.org\/ca\/wp-json\/wp\/v2\/media\/919"}],"wp:attachment":[{"href":"https:\/\/www.cercledecultura.org\/ca\/wp-json\/wp\/v2\/media?parent=918"}],"wp:term":[{"taxonomy":"category","embeddable":true,"href":"https:\/\/www.cercledecultura.org\/ca\/wp-json\/wp\/v2\/categories?post=918"},{"taxonomy":"post_tag","embeddable":true,"href":"https:\/\/www.cercledecultura.org\/ca\/wp-json\/wp\/v2\/tags?post=918"}],"curies":[{"name":"wp","href":"https:\/\/api.w.org\/{rel}","templated":true}]}}