{"id":912,"date":"2019-07-01T07:02:00","date_gmt":"2019-07-01T07:02:00","guid":{"rendered":"https:\/\/pre.cercledecultura.org\/analisi_cercle_de_cultura_pla_normatiu_generalitat\/"},"modified":"2021-02-23T09:59:28","modified_gmt":"2021-02-23T09:59:28","slug":"analisi_cercle_de_cultura_pla_normatiu_generalitat","status":"publish","type":"post","link":"https:\/\/www.cercledecultura.org\/ca\/analisi_cercle_de_cultura_pla_normatiu_generalitat\/","title":{"rendered":"An\u00e0lisi del Cercle de Cultura del &#8220;Pla Normatiu de l&#8217;Administraci\u00f3 de la Generalitat per als anys 2019 i 2020&#8221; pel que fa a la cultura"},"content":{"rendered":"<p>La junta del Cercle de Cultura ha\u00a0estudiat el document del &#8220;Pla Normatiu de l&#8217;Administraci\u00f3 de la Generalitat per als anys 2019 i 2020&#8221;.\u00a0Despr\u00e9s d&#8217;analitzar i debatre sobre el contingut del document, la junta considera que &#8220;amb car\u00e0cter general creiem que hi manca una visi\u00f3 de conjunt, estrat\u00e8gica i amb vistes al futur de les necessitats i les prioritats legislatives en l&#8217;\u00e0mbit de la pol\u00edtica cultural. Sembla, m\u00e9s aviat, una mena de calaix de sastre que recull temes que han quedat pendents en anteriors legislatures, barrejant aspectes de diferent rang normatiu, de car\u00e0cter legislatiu o merament organitzatiu. Hi trobem a faltar propostes de car\u00e0cter transversal amb la resta de Departaments de la Generalitat, sobretot Ensenyament, Economia, Benestar Social&#8221;.  Pel que fa als punt concrets d&#8217;aquest Pla, la junta del Cercle de Cultura ha fet la seg\u00fcent an\u00e0lisi:  1.- Llei de Mecenatge.- Malauradament aquesta \u00e9s una assignatura pendent que s&#8217;arrossega de fa massa anys, no nom\u00e9s a nivell de la Generalitat sin\u00f3\u00a0a nivell estatal. En aquesta mat\u00e8ria la compet\u00e8ncia de la Generalitat \u00e9s limitada, per\u00f2\u00a0pot regular-ne alguns aspectes de funcionament, en especial en el tram auton\u00f2mic de l&#8217;IRPF. Tamb\u00e9 hauria de potenciar el seu paper mediador entre els projectes culturals i socials i les empreses. El principal mur que tan a la Generalitat com a l&#8217;Estat s&#8217;han trobat en aquest tema ha estat el poder del Ministeri d&#8217;Hisenda. Per a superar-lo, les administracions de cultura haurien de comptar amb el recolzament i suport de tots els agents de la societat civil.  2.- CoNCA.- No es suportable seguir &#8220;embolicant la troca\u00a0&#8221; i &#8220;fer volar coloms&#8221; sobre aquesta q\u00fcesti\u00f3, que \u00e9s urgent resoldre. El Cercle de Cultura ja s&#8217;ha manifestat reiteradament sobre aquest tema, p\u00fablicament i davant la Comissi\u00f3 de Cultura del Parlament. Malauradament requereix un ampli consens pol\u00edtic i social que la situaci\u00f3 actual no facilita.  3.- Llei del cinema.- No sembla que, ara com ara, sigui una prioritat. Ha hi ha una llei, vigent de 2010. En tot cas seria suficient un decret modificant-la en el que convingui.  4.-Llei del Patrimoni Cultural Immaterial.- Creiem que\u00a0seria un error crear-la de forma separada. L&#8217;actual Llei de 1993 ha quedat envellida i obsoleta i seria el moment de promoure una nova llei que ho abasti\u00a0i actualitzi globalment tots els conceptes.  5 i 6.- Decret acc\u00e9s avaluaci\u00f3 dels arxius de la Generalitat.- Cal una revisi\u00f3 de la Llei d&#8217;Arxius. L&#8217;acc\u00e9s a la informaci\u00f3 i l&#8217;obligaci\u00f3 de transpar\u00e8ncia afecten tots dos decrets i tamb\u00e9 la normativa del procediment administratiu.  7.- Decret d&#8217;accessibilitat a la cultura.- Est\u00e0 be contemplar els aspectes d&#8217;accessibilitat f\u00edsica als espais culturals, per\u00f2 entenem que avui cal plantejar aspectes socials de m\u00e9s abast com l&#8217;acc\u00e9s de la societat a la cultura, l&#8217;apropament de la cultura a la societat i la participaci\u00f3 social en la cultura.  8,- Estructura del Departament.- Per fer qualsevol canvi caldr\u00e0 que s&#8217;expliqui el model i els objectius per poder pronunciar-se.  Podeu consultar aquest enlla\u00e7 el &#8220;Pla Normatiu de l&#8217;Administraci\u00f3 de la Generalitat per als anys 2019 i 2020&#8221;. Les principals refer\u00e8ncies a l&#8217;\u00e0mbit cultural les trobareu a les p\u00e0gines 13 i 22.<\/p>\n","protected":false},"excerpt":{"rendered":"<p>La junta del Cercle ha estudiat el document del &#8220;Pla Normatiu de l&#8217;Administraci\u00f3 de la Generalitat per als anys 2019 i 2020&#8221;, i considera que, &#8220;amb car\u00e0cter general,\u00a0creiem que hi manca una visi\u00f3 de conjunt, estrat\u00e8gica i amb vistes al futur de les necessitats i les prioritats legislatives en l&#8217;\u00e0mbit de la pol\u00edtica cultural&#8221;.<\/p>\n","protected":false},"author":1,"featured_media":913,"comment_status":"open","ping_status":"closed","sticky":false,"template":"","format":"standard","meta":{"footnotes":""},"categories":[26],"tags":[470,22,16,53,51,101,19],"class_list":["post-912","post","type-post","status-publish","format-standard","has-post-thumbnail","hentry","category-noticies","tag-arxiu","tag-cinema","tag-conca","tag-departament-de-cultura","tag-generalitat-de-catalunya","tag-govern","tag-mecenatge"],"yoast_head":"<!-- This site is optimized with the Yoast SEO plugin v27.5 - https:\/\/yoast.com\/product\/yoast-seo-wordpress\/ -->\n<title>An\u00e0lisi del Cercle de Cultura del &quot;Pla Normatiu de l&#039;Administraci\u00f3 de la Generalitat per als anys 2019 i 2020&quot; pel que fa a la cultura - Cercle de Cultura<\/title>\n<meta name=\"robots\" content=\"index, follow, max-snippet:-1, max-image-preview:large, max-video-preview:-1\" \/>\n<link rel=\"canonical\" href=\"https:\/\/www.cercledecultura.org\/ca\/analisi_cercle_de_cultura_pla_normatiu_generalitat\/\" \/>\n<meta property=\"og:locale\" content=\"ca_ES\" \/>\n<meta property=\"og:type\" content=\"article\" \/>\n<meta property=\"og:title\" content=\"An\u00e0lisi del Cercle de Cultura del &quot;Pla Normatiu de l&#039;Administraci\u00f3 de la Generalitat per als anys 2019 i 2020&quot; pel que fa a la cultura - Cercle de Cultura\" \/>\n<meta property=\"og:description\" content=\"La junta del Cercle ha estudiat el document del &quot;Pla Normatiu de l&#039;Administraci\u00f3 de la Generalitat per als anys 2019 i 2020&quot;, i considera que, &quot;amb car\u00e0cter general,\u00a0creiem que hi manca una visi\u00f3 de conjunt, estrat\u00e8gica i amb vistes al futur de les necessitats i les prioritats legislatives en l&#039;\u00e0mbit de la pol\u00edtica cultural&quot;.\" \/>\n<meta property=\"og:url\" content=\"https:\/\/www.cercledecultura.org\/ca\/analisi_cercle_de_cultura_pla_normatiu_generalitat\/\" \/>\n<meta property=\"og:site_name\" content=\"Cercle de Cultura\" \/>\n<meta property=\"article:published_time\" content=\"2019-07-01T07:02:00+00:00\" \/>\n<meta property=\"article:modified_time\" content=\"2021-02-23T09:59:28+00:00\" \/>\n<meta property=\"og:image\" content=\"https:\/\/www.cercledecultura.org\/wp-content\/uploads\/2021\/02\/0iOPttrSMkOjns9bWNvtg.jpg\" \/>\n\t<meta property=\"og:image:width\" content=\"727\" \/>\n\t<meta property=\"og:image:height\" content=\"488\" \/>\n\t<meta property=\"og:image:type\" content=\"image\/jpeg\" \/>\n<meta name=\"author\" content=\"admin\" \/>\n<meta name=\"twitter:card\" content=\"summary_large_image\" \/>\n<meta name=\"twitter:label1\" content=\"Escrit per\" \/>\n\t<meta name=\"twitter:data1\" content=\"admin\" \/>\n\t<meta name=\"twitter:label2\" content=\"Temps estimat de lectura\" \/>\n\t<meta name=\"twitter:data2\" content=\"3 minuts\" \/>\n<script type=\"application\/ld+json\" class=\"yoast-schema-graph\">{\"@context\":\"https:\\\/\\\/schema.org\",\"@graph\":[{\"@type\":\"Article\",\"@id\":\"https:\\\/\\\/www.cercledecultura.org\\\/ca\\\/analisi_cercle_de_cultura_pla_normatiu_generalitat\\\/#article\",\"isPartOf\":{\"@id\":\"https:\\\/\\\/www.cercledecultura.org\\\/ca\\\/analisi_cercle_de_cultura_pla_normatiu_generalitat\\\/\"},\"author\":{\"name\":\"admin\",\"@id\":\"https:\\\/\\\/www.cercledecultura.org\\\/ca\\\/#\\\/schema\\\/person\\\/269db25cfadcb4bd2e41781c819942f9\"},\"headline\":\"An\u00e0lisi del Cercle de Cultura del &#8220;Pla Normatiu de l&#8217;Administraci\u00f3 de la Generalitat per als anys 2019 i 2020&#8221; pel que fa a la cultura\",\"datePublished\":\"2019-07-01T07:02:00+00:00\",\"dateModified\":\"2021-02-23T09:59:28+00:00\",\"mainEntityOfPage\":{\"@id\":\"https:\\\/\\\/www.cercledecultura.org\\\/ca\\\/analisi_cercle_de_cultura_pla_normatiu_generalitat\\\/\"},\"wordCount\":586,\"commentCount\":0,\"publisher\":{\"@id\":\"https:\\\/\\\/www.cercledecultura.org\\\/ca\\\/#organization\"},\"image\":{\"@id\":\"https:\\\/\\\/www.cercledecultura.org\\\/ca\\\/analisi_cercle_de_cultura_pla_normatiu_generalitat\\\/#primaryimage\"},\"thumbnailUrl\":\"https:\\\/\\\/www.cercledecultura.org\\\/wp-content\\\/uploads\\\/2021\\\/02\\\/0iOPttrSMkOjns9bWNvtg.jpg\",\"keywords\":[\"arxiu\",\"Cinema\",\"Conca\",\"Departament de Cultura\",\"Generalitat de Catalunya\",\"Govern\",\"Mecenatge\"],\"articleSection\":[\"Not\u00edcies\"],\"inLanguage\":\"ca\",\"potentialAction\":[{\"@type\":\"CommentAction\",\"name\":\"Comment\",\"target\":[\"https:\\\/\\\/www.cercledecultura.org\\\/ca\\\/analisi_cercle_de_cultura_pla_normatiu_generalitat\\\/#respond\"]}]},{\"@type\":\"WebPage\",\"@id\":\"https:\\\/\\\/www.cercledecultura.org\\\/ca\\\/analisi_cercle_de_cultura_pla_normatiu_generalitat\\\/\",\"url\":\"https:\\\/\\\/www.cercledecultura.org\\\/ca\\\/analisi_cercle_de_cultura_pla_normatiu_generalitat\\\/\",\"name\":\"An\u00e0lisi del Cercle de Cultura del \\\"Pla Normatiu de l'Administraci\u00f3 de la Generalitat per als anys 2019 i 2020\\\" pel que fa a la cultura - Cercle de Cultura\",\"isPartOf\":{\"@id\":\"https:\\\/\\\/www.cercledecultura.org\\\/ca\\\/#website\"},\"primaryImageOfPage\":{\"@id\":\"https:\\\/\\\/www.cercledecultura.org\\\/ca\\\/analisi_cercle_de_cultura_pla_normatiu_generalitat\\\/#primaryimage\"},\"image\":{\"@id\":\"https:\\\/\\\/www.cercledecultura.org\\\/ca\\\/analisi_cercle_de_cultura_pla_normatiu_generalitat\\\/#primaryimage\"},\"thumbnailUrl\":\"https:\\\/\\\/www.cercledecultura.org\\\/wp-content\\\/uploads\\\/2021\\\/02\\\/0iOPttrSMkOjns9bWNvtg.jpg\",\"datePublished\":\"2019-07-01T07:02:00+00:00\",\"dateModified\":\"2021-02-23T09:59:28+00:00\",\"breadcrumb\":{\"@id\":\"https:\\\/\\\/www.cercledecultura.org\\\/ca\\\/analisi_cercle_de_cultura_pla_normatiu_generalitat\\\/#breadcrumb\"},\"inLanguage\":\"ca\",\"potentialAction\":[{\"@type\":\"ReadAction\",\"target\":[\"https:\\\/\\\/www.cercledecultura.org\\\/ca\\\/analisi_cercle_de_cultura_pla_normatiu_generalitat\\\/\"]}]},{\"@type\":\"ImageObject\",\"inLanguage\":\"ca\",\"@id\":\"https:\\\/\\\/www.cercledecultura.org\\\/ca\\\/analisi_cercle_de_cultura_pla_normatiu_generalitat\\\/#primaryimage\",\"url\":\"https:\\\/\\\/www.cercledecultura.org\\\/wp-content\\\/uploads\\\/2021\\\/02\\\/0iOPttrSMkOjns9bWNvtg.jpg\",\"contentUrl\":\"https:\\\/\\\/www.cercledecultura.org\\\/wp-content\\\/uploads\\\/2021\\\/02\\\/0iOPttrSMkOjns9bWNvtg.jpg\",\"width\":727,\"height\":488},{\"@type\":\"BreadcrumbList\",\"@id\":\"https:\\\/\\\/www.cercledecultura.org\\\/ca\\\/analisi_cercle_de_cultura_pla_normatiu_generalitat\\\/#breadcrumb\",\"itemListElement\":[{\"@type\":\"ListItem\",\"position\":1,\"name\":\"Portada\",\"item\":\"https:\\\/\\\/www.cercledecultura.org\\\/ca\\\/\"},{\"@type\":\"ListItem\",\"position\":2,\"name\":\"An\u00e0lisi del Cercle de Cultura del &#8220;Pla Normatiu de l&#8217;Administraci\u00f3 de la Generalitat per als anys 2019 i 2020&#8221; pel que fa a la cultura\"}]},{\"@type\":\"WebSite\",\"@id\":\"https:\\\/\\\/www.cercledecultura.org\\\/ca\\\/#website\",\"url\":\"https:\\\/\\\/www.cercledecultura.org\\\/ca\\\/\",\"name\":\"Cercle de Cultura\",\"description\":\"Entitat de car\u00e0cter privat i associatiu, independent, amb voluntat de participar en la vida p\u00fablica des de la pluralitat ideol\u00f2gica dels seus membres fundadors i futurs associats\",\"publisher\":{\"@id\":\"https:\\\/\\\/www.cercledecultura.org\\\/ca\\\/#organization\"},\"potentialAction\":[{\"@type\":\"SearchAction\",\"target\":{\"@type\":\"EntryPoint\",\"urlTemplate\":\"https:\\\/\\\/www.cercledecultura.org\\\/ca\\\/?s={search_term_string}\"},\"query-input\":{\"@type\":\"PropertyValueSpecification\",\"valueRequired\":true,\"valueName\":\"search_term_string\"}}],\"inLanguage\":\"ca\"},{\"@type\":\"Organization\",\"@id\":\"https:\\\/\\\/www.cercledecultura.org\\\/ca\\\/#organization\",\"name\":\"Cercle de Cultura\",\"url\":\"https:\\\/\\\/www.cercledecultura.org\\\/ca\\\/\",\"logo\":{\"@type\":\"ImageObject\",\"inLanguage\":\"ca\",\"@id\":\"https:\\\/\\\/www.cercledecultura.org\\\/ca\\\/#\\\/schema\\\/logo\\\/image\\\/\",\"url\":\"https:\\\/\\\/www.cercledecultura.org\\\/wp-content\\\/uploads\\\/2020\\\/01\\\/logo-cercle-de-cultura.png\",\"contentUrl\":\"https:\\\/\\\/www.cercledecultura.org\\\/wp-content\\\/uploads\\\/2020\\\/01\\\/logo-cercle-de-cultura.png\",\"width\":350,\"height\":195,\"caption\":\"Cercle de Cultura\"},\"image\":{\"@id\":\"https:\\\/\\\/www.cercledecultura.org\\\/ca\\\/#\\\/schema\\\/logo\\\/image\\\/\"}},{\"@type\":\"Person\",\"@id\":\"https:\\\/\\\/www.cercledecultura.org\\\/ca\\\/#\\\/schema\\\/person\\\/269db25cfadcb4bd2e41781c819942f9\",\"name\":\"admin\",\"image\":{\"@type\":\"ImageObject\",\"inLanguage\":\"ca\",\"@id\":\"https:\\\/\\\/secure.gravatar.com\\\/avatar\\\/e88a8bb50a361c6d45c4709770a3d765016be4b5d85313447b91d0d707434ad9?s=96&d=mm&r=g\",\"url\":\"https:\\\/\\\/secure.gravatar.com\\\/avatar\\\/e88a8bb50a361c6d45c4709770a3d765016be4b5d85313447b91d0d707434ad9?s=96&d=mm&r=g\",\"contentUrl\":\"https:\\\/\\\/secure.gravatar.com\\\/avatar\\\/e88a8bb50a361c6d45c4709770a3d765016be4b5d85313447b91d0d707434ad9?s=96&d=mm&r=g\",\"caption\":\"admin\"},\"url\":\"https:\\\/\\\/www.cercledecultura.org\\\/ca\\\/author\\\/seic_trzh7tdr\\\/\"}]}<\/script>\n<!-- \/ Yoast SEO plugin. -->","yoast_head_json":{"title":"An\u00e0lisi del Cercle de Cultura del \"Pla Normatiu de l'Administraci\u00f3 de la Generalitat per als anys 2019 i 2020\" pel que fa a la cultura - Cercle de Cultura","robots":{"index":"index","follow":"follow","max-snippet":"max-snippet:-1","max-image-preview":"max-image-preview:large","max-video-preview":"max-video-preview:-1"},"canonical":"https:\/\/www.cercledecultura.org\/ca\/analisi_cercle_de_cultura_pla_normatiu_generalitat\/","og_locale":"ca_ES","og_type":"article","og_title":"An\u00e0lisi del Cercle de Cultura del \"Pla Normatiu de l'Administraci\u00f3 de la Generalitat per als anys 2019 i 2020\" pel que fa a la cultura - Cercle de Cultura","og_description":"La junta del Cercle ha estudiat el document del \"Pla Normatiu de l'Administraci\u00f3 de la Generalitat per als anys 2019 i 2020\", i considera que, \"amb car\u00e0cter general,\u00a0creiem que hi manca una visi\u00f3 de conjunt, estrat\u00e8gica i amb vistes al futur de les necessitats i les prioritats legislatives en l'\u00e0mbit de la pol\u00edtica cultural\".","og_url":"https:\/\/www.cercledecultura.org\/ca\/analisi_cercle_de_cultura_pla_normatiu_generalitat\/","og_site_name":"Cercle de Cultura","article_published_time":"2019-07-01T07:02:00+00:00","article_modified_time":"2021-02-23T09:59:28+00:00","og_image":[{"width":727,"height":488,"url":"https:\/\/www.cercledecultura.org\/wp-content\/uploads\/2021\/02\/0iOPttrSMkOjns9bWNvtg.jpg","type":"image\/jpeg"}],"author":"admin","twitter_card":"summary_large_image","twitter_misc":{"Escrit per":"admin","Temps estimat de lectura":"3 minuts"},"schema":{"@context":"https:\/\/schema.org","@graph":[{"@type":"Article","@id":"https:\/\/www.cercledecultura.org\/ca\/analisi_cercle_de_cultura_pla_normatiu_generalitat\/#article","isPartOf":{"@id":"https:\/\/www.cercledecultura.org\/ca\/analisi_cercle_de_cultura_pla_normatiu_generalitat\/"},"author":{"name":"admin","@id":"https:\/\/www.cercledecultura.org\/ca\/#\/schema\/person\/269db25cfadcb4bd2e41781c819942f9"},"headline":"An\u00e0lisi del Cercle de Cultura del &#8220;Pla Normatiu de l&#8217;Administraci\u00f3 de la Generalitat per als anys 2019 i 2020&#8221; pel que fa a la cultura","datePublished":"2019-07-01T07:02:00+00:00","dateModified":"2021-02-23T09:59:28+00:00","mainEntityOfPage":{"@id":"https:\/\/www.cercledecultura.org\/ca\/analisi_cercle_de_cultura_pla_normatiu_generalitat\/"},"wordCount":586,"commentCount":0,"publisher":{"@id":"https:\/\/www.cercledecultura.org\/ca\/#organization"},"image":{"@id":"https:\/\/www.cercledecultura.org\/ca\/analisi_cercle_de_cultura_pla_normatiu_generalitat\/#primaryimage"},"thumbnailUrl":"https:\/\/www.cercledecultura.org\/wp-content\/uploads\/2021\/02\/0iOPttrSMkOjns9bWNvtg.jpg","keywords":["arxiu","Cinema","Conca","Departament de Cultura","Generalitat de Catalunya","Govern","Mecenatge"],"articleSection":["Not\u00edcies"],"inLanguage":"ca","potentialAction":[{"@type":"CommentAction","name":"Comment","target":["https:\/\/www.cercledecultura.org\/ca\/analisi_cercle_de_cultura_pla_normatiu_generalitat\/#respond"]}]},{"@type":"WebPage","@id":"https:\/\/www.cercledecultura.org\/ca\/analisi_cercle_de_cultura_pla_normatiu_generalitat\/","url":"https:\/\/www.cercledecultura.org\/ca\/analisi_cercle_de_cultura_pla_normatiu_generalitat\/","name":"An\u00e0lisi del Cercle de Cultura del \"Pla Normatiu de l'Administraci\u00f3 de la Generalitat per als anys 2019 i 2020\" pel que fa a la cultura - Cercle de Cultura","isPartOf":{"@id":"https:\/\/www.cercledecultura.org\/ca\/#website"},"primaryImageOfPage":{"@id":"https:\/\/www.cercledecultura.org\/ca\/analisi_cercle_de_cultura_pla_normatiu_generalitat\/#primaryimage"},"image":{"@id":"https:\/\/www.cercledecultura.org\/ca\/analisi_cercle_de_cultura_pla_normatiu_generalitat\/#primaryimage"},"thumbnailUrl":"https:\/\/www.cercledecultura.org\/wp-content\/uploads\/2021\/02\/0iOPttrSMkOjns9bWNvtg.jpg","datePublished":"2019-07-01T07:02:00+00:00","dateModified":"2021-02-23T09:59:28+00:00","breadcrumb":{"@id":"https:\/\/www.cercledecultura.org\/ca\/analisi_cercle_de_cultura_pla_normatiu_generalitat\/#breadcrumb"},"inLanguage":"ca","potentialAction":[{"@type":"ReadAction","target":["https:\/\/www.cercledecultura.org\/ca\/analisi_cercle_de_cultura_pla_normatiu_generalitat\/"]}]},{"@type":"ImageObject","inLanguage":"ca","@id":"https:\/\/www.cercledecultura.org\/ca\/analisi_cercle_de_cultura_pla_normatiu_generalitat\/#primaryimage","url":"https:\/\/www.cercledecultura.org\/wp-content\/uploads\/2021\/02\/0iOPttrSMkOjns9bWNvtg.jpg","contentUrl":"https:\/\/www.cercledecultura.org\/wp-content\/uploads\/2021\/02\/0iOPttrSMkOjns9bWNvtg.jpg","width":727,"height":488},{"@type":"BreadcrumbList","@id":"https:\/\/www.cercledecultura.org\/ca\/analisi_cercle_de_cultura_pla_normatiu_generalitat\/#breadcrumb","itemListElement":[{"@type":"ListItem","position":1,"name":"Portada","item":"https:\/\/www.cercledecultura.org\/ca\/"},{"@type":"ListItem","position":2,"name":"An\u00e0lisi del Cercle de Cultura del &#8220;Pla Normatiu de l&#8217;Administraci\u00f3 de la Generalitat per als anys 2019 i 2020&#8221; pel que fa a la cultura"}]},{"@type":"WebSite","@id":"https:\/\/www.cercledecultura.org\/ca\/#website","url":"https:\/\/www.cercledecultura.org\/ca\/","name":"Cercle de Cultura","description":"Entitat de car\u00e0cter privat i associatiu, independent, amb voluntat de participar en la vida p\u00fablica des de la pluralitat ideol\u00f2gica dels seus membres fundadors i futurs associats","publisher":{"@id":"https:\/\/www.cercledecultura.org\/ca\/#organization"},"potentialAction":[{"@type":"SearchAction","target":{"@type":"EntryPoint","urlTemplate":"https:\/\/www.cercledecultura.org\/ca\/?s={search_term_string}"},"query-input":{"@type":"PropertyValueSpecification","valueRequired":true,"valueName":"search_term_string"}}],"inLanguage":"ca"},{"@type":"Organization","@id":"https:\/\/www.cercledecultura.org\/ca\/#organization","name":"Cercle de Cultura","url":"https:\/\/www.cercledecultura.org\/ca\/","logo":{"@type":"ImageObject","inLanguage":"ca","@id":"https:\/\/www.cercledecultura.org\/ca\/#\/schema\/logo\/image\/","url":"https:\/\/www.cercledecultura.org\/wp-content\/uploads\/2020\/01\/logo-cercle-de-cultura.png","contentUrl":"https:\/\/www.cercledecultura.org\/wp-content\/uploads\/2020\/01\/logo-cercle-de-cultura.png","width":350,"height":195,"caption":"Cercle de Cultura"},"image":{"@id":"https:\/\/www.cercledecultura.org\/ca\/#\/schema\/logo\/image\/"}},{"@type":"Person","@id":"https:\/\/www.cercledecultura.org\/ca\/#\/schema\/person\/269db25cfadcb4bd2e41781c819942f9","name":"admin","image":{"@type":"ImageObject","inLanguage":"ca","@id":"https:\/\/secure.gravatar.com\/avatar\/e88a8bb50a361c6d45c4709770a3d765016be4b5d85313447b91d0d707434ad9?s=96&d=mm&r=g","url":"https:\/\/secure.gravatar.com\/avatar\/e88a8bb50a361c6d45c4709770a3d765016be4b5d85313447b91d0d707434ad9?s=96&d=mm&r=g","contentUrl":"https:\/\/secure.gravatar.com\/avatar\/e88a8bb50a361c6d45c4709770a3d765016be4b5d85313447b91d0d707434ad9?s=96&d=mm&r=g","caption":"admin"},"url":"https:\/\/www.cercledecultura.org\/ca\/author\/seic_trzh7tdr\/"}]}},"_links":{"self":[{"href":"https:\/\/www.cercledecultura.org\/ca\/wp-json\/wp\/v2\/posts\/912","targetHints":{"allow":["GET"]}}],"collection":[{"href":"https:\/\/www.cercledecultura.org\/ca\/wp-json\/wp\/v2\/posts"}],"about":[{"href":"https:\/\/www.cercledecultura.org\/ca\/wp-json\/wp\/v2\/types\/post"}],"author":[{"embeddable":true,"href":"https:\/\/www.cercledecultura.org\/ca\/wp-json\/wp\/v2\/users\/1"}],"replies":[{"embeddable":true,"href":"https:\/\/www.cercledecultura.org\/ca\/wp-json\/wp\/v2\/comments?post=912"}],"version-history":[{"count":1,"href":"https:\/\/www.cercledecultura.org\/ca\/wp-json\/wp\/v2\/posts\/912\/revisions"}],"predecessor-version":[{"id":1216,"href":"https:\/\/www.cercledecultura.org\/ca\/wp-json\/wp\/v2\/posts\/912\/revisions\/1216"}],"wp:featuredmedia":[{"embeddable":true,"href":"https:\/\/www.cercledecultura.org\/ca\/wp-json\/wp\/v2\/media\/913"}],"wp:attachment":[{"href":"https:\/\/www.cercledecultura.org\/ca\/wp-json\/wp\/v2\/media?parent=912"}],"wp:term":[{"taxonomy":"category","embeddable":true,"href":"https:\/\/www.cercledecultura.org\/ca\/wp-json\/wp\/v2\/categories?post=912"},{"taxonomy":"post_tag","embeddable":true,"href":"https:\/\/www.cercledecultura.org\/ca\/wp-json\/wp\/v2\/tags?post=912"}],"curies":[{"name":"wp","href":"https:\/\/api.w.org\/{rel}","templated":true}]}}