{"id":910,"date":"2019-04-07T01:49:00","date_gmt":"2019-04-07T01:49:00","guid":{"rendered":"https:\/\/pre.cercledecultura.org\/primeres_valoracions_forumcultura2020\/"},"modified":"2021-04-15T16:38:28","modified_gmt":"2021-04-15T16:38:28","slug":"primeres_valoracions_forumcultura2020","status":"publish","type":"post","link":"https:\/\/www.cercledecultura.org\/ca\/primeres_valoracions_forumcultura2020\/","title":{"rendered":"Comentaris i primeres valoracions del F\u00f2rum Cultura 2020"},"content":{"rendered":"<div class=\"vce-row-container\" data-vce-boxed-width=\"true\"><div class=\"vce-row vce-row--col-gap-30 vce-row-equal-height vce-row-content--top\" id=\"el-70c509b2\" data-vce-do-apply=\"all el-70c509b2\"><div class=\"vce-row-content\" data-vce-element-content=\"true\"><div class=\"vce-col vce-col--md-auto vce-col--xs-1 vce-col--xs-last vce-col--xs-first vce-col--sm-last vce-col--sm-first vce-col--md-last vce-col--lg-last vce-col--xl-last vce-col--md-first vce-col--lg-first vce-col--xl-first\" id=\"el-352d4b3a\"><div class=\"vce-col-inner\" data-vce-do-apply=\"border margin background  el-352d4b3a\"><div class=\"vce-col-content\" data-vce-element-content=\"true\" data-vce-do-apply=\"padding el-352d4b3a\"><div class=\"vce-text-block\"><div class=\"vce-text-block-wrapper vce\" id=\"el-d101ba13\" data-vce-do-apply=\"all el-d101ba13\"><p>Dimecres 3 d\u2019abril, el Cercle de Cultura celebr\u00e0 l\u2019acte de cloenda del F\u00f2rum Cultura 2020 als seus socis i al m\u00e9s d\u2019un centenar d\u2019artistes, creadors, gestors i professionals de la cultura que han participat en les seves 16 sessions de treball. Jordi Pardo, el seu coordinador general, ha elaborat un document de comentaris i primeres valoracions. Cal recordar que les 8 taules de debat tem\u00e0tiques i els seus coordinadors han estat: Creativitat, Jordi Ball\u00f3. Cultura i educaci\u00f3, Gemma Carb\u00f3. Equipaments p\u00fablics., Pepe Serra. Cultura i economia, Xavier Cubeles. Barcelona i Catalunya. Territori i projecci\u00f3 internacional, Jordi Pardo. Finan\u00e7ament del sistema cultural, Llu\u00eds Bonet. Els reptes de la cultura a l\u2019era digital, Jordi Sellas. I pol\u00edtiques culturals. Esteve Le\u00f3n. &nbsp;<\/p>\n<p><strong>1. Valoraci\u00f3 de la iniciativa del F\u00f2rum Cultura 2020&nbsp; &nbsp;<\/strong><\/p>\n<p>La valoraci\u00f3 \u00e9s extraordin\u00e0riament positiva. El F\u00f2rum Cultura 2020 ha estat una iniciativa que ha perm\u00e8s reunir a 108 professionals i creadors, que en el seu conjunt son una magn\u00edfica representaci\u00f3 dels diferents sectors de la cultura de Catalunya. S\u2019ha intentat&nbsp; &nbsp;que en el conjunt de les taules hi hagu\u00e9s una representaci\u00f3 de sectors diferents, intentant garantir una representaci\u00f3 equilibrada de g\u00e8nere, edat, d\u2019implantaci\u00f3 territorial, formats de projectes i institucions, i de sensibilitats. La implicaci\u00f3 i v\u00e0lua de les aportacions i discussions dels participants, i dels coordinadors ha estat fonamental i molt important. Ha estat un luxe poder participar en el f\u00f2rum i escoltar el nivell i inter\u00e8s de les aportacions. En aquest sentit el Cercle de Cultura vol expressar el seu agra\u00efment m\u00e9s sincer als coordinadors de les taules i cadascuna de les persones que han participat a les diferents sessions. Aquest ha estat un \u00e8xit col\u00b7lectiu. &nbsp;<\/p>\n<p><strong>2. Els objectius del F\u00f2rum Cultura 2020&nbsp; &nbsp;<\/strong><\/p>\n<p>Un primer objectiu del F\u00f2rum Cultura 2020 era el de compilar les opinions sobre els reptes i prioritats de la cultura des d\u2019una perspectiva plural, independent i que represent\u00e9s al conjunt dels sectors de la cultura, oferint una visi\u00f3 calidosc\u00f2pica de les oportunitats, febleses, amenaces i dels enormes potencials dels diferents sectors, aix\u00ed com de les seves connexions amb \u00e0mbits directament relacionats (educaci\u00f3, turisme, espai urb\u00e0, desenvolupament, organitzaci\u00f3 i equilibri territorial, governan\u00e7a, innovaci\u00f3, projecci\u00f3 internacional, etc.).&nbsp;<\/p>\n<p>Un segon objectiu del F\u00f2rum Cultura 2020 ha estat el disposar d\u2019una base documental fruit d\u2019un di\u00e0leg amb la que continuar impulsant un debat col\u00b7lectiu en el conjunt d\u2019actors del sistema cultural de Catalunya. Aquest proc\u00e9s que el Cercle de Cultura vol impulsar ha de permetre:&nbsp; &nbsp;<\/p>\n<p>1. Compartir les aportacions amb el conjunt d\u2019actors del sistema cultural de Catalunya, per prendre major consci\u00e8ncia de l\u2019estat de la q\u00fcesti\u00f3, i impulsar mesures i accions de millora.&nbsp;<\/p>\n<p>2. Disposar d\u2019una agenda de di\u00e0leg i interlocuci\u00f3 amb les administracions p\u00fabliques, les empreses i el teixit cultural comunitari.&nbsp;<\/p>\n<p>3. Posar en marxa des del Cercle de Cultura projectes i activitats que permetin aprofundir, compartir els continguts i propostes acumulades a les 8 taules de treball del F\u00f2rum, que s\u00f3n impossibles de resumir en un document i una presentaci\u00f3 breus.&nbsp;<\/p>\n<p>4. Disposar d\u2019una bateria de propostes per escur\u00e7ar la dist\u00e0ncia entre la ret\u00f2rica pol\u00edtica i la realitat de la pr\u00e0ctica cultural a Catalunya.&nbsp;<\/p>\n<p>Al llarg de les 16 sessions de treball de les 8 taules (dues sessions de discussi\u00f3 per cadascuna de les taules), s\u2019han fet aportacions molt interessants, tant a l\u2019\u00e0mbit de la diagnosi, com a tall propositiu, en termes de reptes i prioritats dels diferents sectors de la cultura i del seu conjunt. En aquest sentit, i com a primeres valoracions personals d\u2019aquest interessant proc\u00e9s, es destaquen els punts seg\u00fcents.<\/p>\n<p>- La feblesa que suposa que els sectors de la cultura no tinguin un major nivell de coordinaci\u00f3, representaci\u00f3 i interlocuci\u00f3.&nbsp; &nbsp; Les jornades d\u2019INTERACCI\u00d3 en els anys 90\u2019 van arribar a ser una refer\u00e8ncia a Barcelona, amb una dimensi\u00f3 nacional, estatal, iberoamericana i europea. Una gran difer\u00e8ncia, que \u00e9s una enorme feblesa entre els sectors de la cultura i altres \u00e0mbits d\u2019activitat econ\u00f2mica i social , \u00e9s la manca d\u2019organitzaci\u00f3 i representaci\u00f3 sectorial. El F\u00f2rum Cultura 2020 ha estat un exemple molt positiu en aquest sentit. Totes les taules han manifestat la import\u00e0ncia d\u2019aquests espais de di\u00e0leg, interlocuci\u00f3, i per qu\u00e8 no, , d\u2019acci\u00f3 m\u00e9s coordinada, amb una agenda de comuna de prioritats i objectius. El F\u00f2rum Cultura 2020 ha estat i \u00e9s una oportunitat. &nbsp; &nbsp;<\/p>\n<p>- Cal ser conscients, i treballar per resituar la cultura com un \u00e0mbit de major prestigi social. La cultura no est\u00e0 de moda. A llarg de les diferents taules es constata la percepci\u00f3 qu\u00e8, a difer\u00e8ncia d\u2019altres moments de la hist\u00f2ria recent del pa\u00eds, la cultura no es percebuda per la societat catalana com un element fonamental relacionat amb el prestigi social. Coincideixen simult\u00e0niament dues tend\u00e8ncies antag\u00f2niques motivades pels canvis socials, la crisi econ\u00f2mica, l\u2019impacte de les tecnologies i el m\u00f3n de la comunicaci\u00f3, i la necessitat d\u2019actualitzar els espais, les institucions i els projectes: per una banda una major dist\u00e0ncia entre sectors amplis de la poblaci\u00f3 i l\u2019acc\u00e9s a la cultura i la creaci\u00f3; i per altra la fidelitzaci\u00f3 de p\u00fablics concentrats en determinats grups socials.<\/p>\n<p>- Cal prestigiar les arts i les humanitats, com elements fonamentals per a la construcci\u00f3 de dignitat, cohesi\u00f3 social i competitivitat, amb mesures concretes que estan relacionades amb el prestigi social de la cultura, per\u00f2 tamb\u00e9 amb la idea dels drets culturals i els objectius del desenvolupament sostenible (ODS). &nbsp;<\/p>\n<p><strong>3. Recull preliminar d\u2019algunes de les conclusions, reptes i prioritats del conjunt de les sessions &nbsp;<\/strong><\/p>\n<p>01. Dificultats per impulsar i posar en valor processos de creaci\u00f3 art\u00edstica emergents i d\u2019innovaci\u00f3 cultural. S\u2019incrementa la dist\u00e0ncia social i d\u2019activitat entre el risc i la creaci\u00f3 i la seva presentaci\u00f3 i distribuci\u00f3.<\/p>\n<p>02. Cal millorar els mecanismes de detecci\u00f3 i acompanyament del talent i la creativitat.<\/p>\n<p>03. Cal \u201cculturitzar altres sectors\u201d (economia, gesti\u00f3 urbana, educaci\u00f3, sanitat, etc.), per\u00f2 enfortint el paper sist\u00e8mic de la cultura amb finan\u00e7ament, visi\u00f3 estrat\u00e8gica i projectes clars.<\/p>\n<p>04. Necessitat d\u2019innovar en la concepci\u00f3 i administraci\u00f3 dels espais relacionats amb la creaci\u00f3, la innovaci\u00f3 art\u00edstica<\/p>\n<p>05. La necessitat d\u2019impulsar mecanismes que generin una major efici\u00e8ncia del sistema p\u00fablic, marcat per una superposici\u00f3 administrativa molt important, els efectes dels mecanismes de regulaci\u00f3 i control de la despesa p\u00fablica, i la manca d\u2019objectius i pol\u00edtiques coordinades.<\/p>\n<p>06. Cal plantejar seriosament la situaci\u00f3 de finan\u00e7ament insuficient de les pol\u00edtiques p\u00fabliques de la cultura, en les seves dimensi\u00f3 empresarial i comunit\u00e0ria, per\u00f2 alhora, cal exigir una visi\u00f3 m\u00e9s estrat\u00e8gica amb criteris m\u00e9s clars de les prioritats en la despesa p\u00fablica i el finan\u00e7ament<\/p>\n<p>07. Les dificultats de coordinaci\u00f3 Inter departamental i interadministrativa<\/p>\n<p>08. La necessitat d\u2019impulsar les pol\u00edtiques i accions orientades a la gesti\u00f3 de la demanda en el conjunt de sectors de la cultura, i de forma transversal en tot el sistema cultural, com a estrat\u00e8gia de desenvolupament integral (cultural-creatiu, econ\u00f2mic i social) del pa\u00eds.<\/p>\n<p>09. La necessitat d\u2019innovar en els processos, espais, institucions i estrat\u00e8gies de gesti\u00f3 de la creaci\u00f3, mediaci\u00f3, producci\u00f3, presentaci\u00f3, comunicaci\u00f3, distribuci\u00f3 i projecci\u00f3 cultural.<\/p>\n<p>10. Cal recuperar l\u2019\u00fas social dels equipaments, fent -los espais m\u00e9s vinculats amb el pensament, la participaci\u00f3 social, modernitzant les estrat\u00e8gies i innovant en els procediments. Cal anar molt m\u00e9s enll\u00e0 dels conceptes de \u201cvisitar\u201d, \u201cescoltar\u201d, o \u201cveure\u201d, i cal aprofitar les oportunitats de la tecnologia digital per crear i desenvolupar noves audi\u00e8ncies.<\/p>\n<p>11. La necessitat de modernitzar els models de gesti\u00f3 de les infrastructures i projectes culturals p\u00fablics, i d\u2019avan\u00e7ar en noves formules de governan\u00e7a m\u00e9s actuals, obertes, i coherents en relaci\u00f3 amb les missions dels projectes i institucions culturals, garantint-ne la continu\u00eftat en el temps.<\/p>\n<p>12. Cal fomentar la col\u00b7laboraci\u00f3 p\u00fablico-privada en els \u00e0mbits de creaci\u00f3, producci\u00f3, mediaci\u00f3 i distribuci\u00f3 cultural<\/p>\n<p>13. Actualitzar els marcs normatius i reglamentaris, amb criteris m\u00e9s innovadors que permetin optimitzar els recursos i oportunitats de les institucions i projectes<\/p>\n<p>14. Caldria desenvolupar el paper del CoNCA, fent que a m\u00e9s, depengu\u00e9s del Parlament de Catalunya, com el Consell de l\u2019Audiovisual.<\/p>\n<p>15. Cal millorar l\u2019estad\u00edstica cultural, tant pel que fa a l\u2019oferta com la demanda, en les dimensions quantitatives i qualitatives. Cal superar els models basats \u00fanicament en la valoraci\u00f3 quantitativa.<\/p>\n<p>16. La necessitat d\u2019impulsar una visi\u00f3 estrat\u00e8gica del conjunt del territori, potenciant les iniciatives amb major grau d\u2019excel\u00b7l\u00e8ncia cultural i retorn social, indistintament de la seva ubicaci\u00f3 territorial.<\/p>\n<p>17. Necessitat de treballar en l\u2019educaci\u00f3 des de la cultura, considerant que l\u2019acc\u00e9s i participaci\u00f3 cultural dels ciutadans est\u00e0 en relaci\u00f3 amb el descobriment de les pr\u00e0ctiques culturals des de la fam\u00edlia, l\u2019escola, l\u2019espai p\u00fablic i les institucions p\u00fabliques i privades. No es pot delegar en el \u201csistema educatiu\u201d la responsabilitat de \u201cformar futurs ciutadans\u201d. Aquesta \u00e9s tamb\u00e9 una missi\u00f3 central de tot projecte cultural.<\/p>\n<p>18 Cal reduir la precarietat del mercat laborar i els desequilibris de la distribuci\u00f3.<\/p>\n<p>19. Cal disposar d\u2019una llei de mecenatge, patrocini i participaci\u00f3 social, i avan\u00e7ar en les millores de la fiscalitat que s\u00f3n possibles en l\u2019actual marc normatiu (p.e: tram auton\u00f2mic de l\u2019IRPF pel que fa a les deduccions fiscals i altres mesures concretes que no s\u2019han posat mai sobre la taula).&nbsp;<\/p>\n<p>20. La cultura \u00e9s creadora de recursos, riquesa i competitivitat tur\u00edstica, i aquesta activitat no finan\u00e7a suficientment el que \u00e9s un element fonamental per a aquesta activitat econ\u00f2mica.<\/p>\n<p>21. Cal imposar que tots els projectes d\u2019inversi\u00f3 cultural tinguin un pla de viabilitat econ\u00f2mica i social<\/p>\n<p>22. La urg\u00e8ncia d\u2019incorporar les estrat\u00e8gies digitals per innovar en les institucions, projectes i mecanismes de gesti\u00f3 de les pol\u00edtiques i relacions culturals.<\/p>\n<p>23. Cal emprar les estrat\u00e8gies digitals per connectar la dimensi\u00f3 local amb la global i fer m\u00e9s competitiva l\u2019activitat i oferta cultural de Catalunya, especialment a l\u2019\u00e0mbit europeu.<\/p>\n<p>24. Fomentar la coordinaci\u00f3 entre centre i perif\u00e8ria, entorn urb\u00e0 i entorn rural, per a la dinamitzaci\u00f3 i desenvolupament de l\u2019activitat dels sectors culturals tant de proximitat, com de projecci\u00f3 internacional.<\/p>\n<p>25. La necessitat de millorar el finan\u00e7ament del conjunt del sistema cultural, i en especial les dotacions pressupost\u00e0ries dedicades a la cultura des del Govern de la Generalitat.<\/p>\n<p>26. Cal disposar de models de pol\u00edtica cultural clars que integrin de forma transversal el conjunt de les compet\u00e8ncies p\u00fabliques (territori, educaci\u00f3, mitjans audiovisuals, turisme, industria, benestar social, etc....). \u00c9s necessari aplicar una visi\u00f3 estrat\u00e8gica i l\u2019actuaci\u00f3 integral de les pol\u00edtiques de les administracions p\u00fabliques, en el marc d\u2019una major efici\u00e8ncia en el funcionament d\u2019all\u00f2 p\u00fablic. 27. Reivindicar un nou pacte cultural, que integr\u00e9s el m\u00f3n local. Sense aquest pacte el grau d\u2019efici\u00e8ncia ser\u00e0 menor.<\/p>\n<p>28. Cal re formular els mecanismes de definici\u00f3 dels problemes, els processos de presa de decisions i canviar els marcs institucionals, evitant que les institucions s\u2019autoreprodueixin i tendeixin a l\u2019incrementalisme.<\/p>\n<p>29. Un element fonamental que afecta la situaci\u00f3 de la cultura t\u00e9 a veure amb el grau d\u2019efici\u00e8ncia, per\u00f2 alhora tamb\u00e9 amb la visi\u00f3 estrat\u00e8gica i model d\u2019organitzaci\u00f3 territorial de Catalunya en el segle XXI. Caldria repensar un model territorial que per a 32.000 Km2 en el segle XXI t\u00e9 947 municipis, 41 comarques, 4 diputacions, m\u00e9s els serveis territorials de la Generalitat, i les compet\u00e8ncies de l\u2019Estat.<\/p>\n<p>30. Cal actualitzar, espec\u00edficament, el marc normatiu actual de la cultura. &nbsp;<\/p>\n<p><strong>4. Valoraci\u00f3 final sobre el F\u00f2rum Cultura 2020, com a proc\u00e9s de treball col\u00b7lectiu &nbsp;<\/strong><\/p>\n<p>La import\u00e0ncia d\u2019un espai independent de trobada dels diferents sectors de la cultura, que permeti el di\u00e0leg entre els professionals, els creadors, els operadors p\u00fablics, els projectes associatius i comunitaris, que faci possible l\u2019enfortiment de la cultura en les seves dimensions de dret de les persones, de servei p\u00fablic, d\u2019 activitat econ\u00f2mica i d\u2019element fonamental per a la cohesi\u00f3 i desenvolupament social. &nbsp;<\/p>\n<p>El Cercle de Cultura valora molt positivament la iniciativa que ha perm\u00e8s que un centenar llarg de creadors, professionals i persones relacionades amb la cultura participessin d\u2019un di\u00e0leg reflexiu i propositiu. Les aportacions que s\u2019han fet s\u00f3n, veritablement, molt valuoses i s\u00f3n expressi\u00f3 de la diversitat de realitats de la situaci\u00f3 dels diferents sectors de la cultura. Permeten una visi\u00f3 de conjunt molt interessant, que \u00e9s la base fonamental per impulsar un debat p\u00fablic, institucional, social i empresarial que permeti avan\u00e7ar en millores concretes. Caldr\u00e0 posar en com\u00fa, i definir les prioritats per a una agenda d\u2019actuaci\u00f3 i negociaci\u00f3 que permetin posar la cultura en una posici\u00f3 de major centralitat institucional. &nbsp;<\/p>\n<p><strong>5. Les oportunitats derivades del F\u00f2rum Cultura 2020. Una agenda de treball &nbsp;<\/strong><\/p>\n<p>Aquest proc\u00e9s pot permetre desenvolupar un conjunt d\u2019accions i projectes que properament seran debatuts i prioritzats per la Junta del Cercle de Cultura.<\/p>\n<p>Els propers passos s\u00f3n: &nbsp;<\/p>\n<p>* Lliurament a tots els socis de les relatories de les 8 taules. (per correu electr\u00f2nic)<\/p>\n<p>* Recepci\u00f3 de propostes i suggeriments relacionades amb la documentaci\u00f3 del F\u00f2rum Cultura 2020, per part de tots els participants a les 8 taules.<\/p>\n<p>* Creaci\u00f3 d\u2019un grup de treball (equip) per al treball sobre la documentaci\u00f3 i les noves accions i propostes.<\/p>\n<p>* Sessi\u00f3 de treball interna de la junta del Cercle de Cultura, i aprovaci\u00f3 d\u2019un pla d\u2019actuaci\u00f3 en relaci\u00f3 amb l\u2019aportaci\u00f3 del F\u00f2rum, i d\u2019una declaraci\u00f3.<\/p>\n<p>* La publicaci\u00f3 a la p\u00e0gina web del Cercle de tota la documentaci\u00f3.&nbsp;<\/p>\n<p>* Proposar l\u2019organitzaci\u00f3 de noves activitats derivades del F\u00f2rum Cultura 2020:<\/p>\n<p>\u2022 Noves activitats: jornada sobre la necessitat d\u2019una llei de grans equipaments,<\/p>\n<p>\u2022 Prioritats per a una agenda de di\u00e0leg amb les administracions p\u00fabliques i operadors culturals.<\/p>\n<p>* Impuls del projecte \u201cEls estats de la cultura\u201d pensat com una iniciativa d\u2019\u00e0mplia participaci\u00f3, amb una dimensi\u00f3 nacional, estatal i internacional Aquestes iniciatives, per\u00f2, s\u2019emmarcaran en el posicionament i pla d\u2019actuaci\u00f3 que est\u00e0 elaborant el Cercle de Cultura, i que coordina Jaume Colomer. &nbsp;<\/p><\/div><\/div><\/div><\/div><\/div><\/div><\/div><\/div>\n","protected":false},"excerpt":{"rendered":"<p>El passat 3 d\u2019abril, el Cercle de Cultura celebr\u00e0 l\u2019acte de cloenda del F\u00f2rum Cultura 2020 als seus socis i al m\u00e9s d\u2019un centenar d\u2019artistes, creadors, gestors i\u00a0 professionals de la cultura que han participat en les 16 sessions de debat organitzades. <\/p>\n","protected":false},"author":1,"featured_media":911,"comment_status":"open","ping_status":"closed","sticky":false,"template":"","format":"standard","meta":{"footnotes":""},"categories":[3],"tags":[28,469],"class_list":["post-910","post","type-post","status-publish","format-standard","has-post-thumbnail","hentry","category-activitats","tag-forum-cultura-2020","tag-politica-cultural-barcelona"],"yoast_head":"<!-- This site is optimized with the Yoast SEO plugin v27.4 - https:\/\/yoast.com\/product\/yoast-seo-wordpress\/ -->\n<title>Comentaris i primeres valoracions del F\u00f2rum Cultura 2020 - Cercle de Cultura<\/title>\n<meta name=\"robots\" content=\"index, follow, max-snippet:-1, max-image-preview:large, max-video-preview:-1\" \/>\n<link rel=\"canonical\" href=\"https:\/\/www.cercledecultura.org\/ca\/primeres_valoracions_forumcultura2020\/\" \/>\n<meta property=\"og:locale\" content=\"ca_ES\" \/>\n<meta property=\"og:type\" content=\"article\" \/>\n<meta property=\"og:title\" content=\"Comentaris i primeres valoracions del F\u00f2rum Cultura 2020 - Cercle de Cultura\" \/>\n<meta property=\"og:description\" content=\"El passat 3 d\u2019abril, el Cercle de Cultura celebr\u00e0 l\u2019acte de cloenda del F\u00f2rum Cultura 2020 als seus socis i al m\u00e9s d\u2019un centenar d\u2019artistes, creadors, gestors i\u00a0 professionals de la cultura que han participat en les 16 sessions de debat organitzades.\" \/>\n<meta property=\"og:url\" content=\"https:\/\/www.cercledecultura.org\/ca\/primeres_valoracions_forumcultura2020\/\" \/>\n<meta property=\"og:site_name\" content=\"Cercle de Cultura\" \/>\n<meta property=\"article:published_time\" content=\"2019-04-07T01:49:00+00:00\" \/>\n<meta property=\"article:modified_time\" content=\"2021-04-15T16:38:28+00:00\" \/>\n<meta property=\"og:image\" content=\"https:\/\/www.cercledecultura.org\/wp-content\/uploads\/2021\/02\/h0ZHo6Ca0GrjydNlhIDQ.jpg\" \/>\n\t<meta property=\"og:image:width\" content=\"2039\" \/>\n\t<meta property=\"og:image:height\" content=\"1498\" \/>\n\t<meta property=\"og:image:type\" content=\"image\/jpeg\" \/>\n<meta name=\"author\" content=\"admin\" \/>\n<meta name=\"twitter:card\" content=\"summary_large_image\" \/>\n<meta name=\"twitter:label1\" content=\"Escrit per\" \/>\n\t<meta name=\"twitter:data1\" content=\"admin\" \/>\n\t<meta name=\"twitter:label2\" content=\"Temps estimat de lectura\" \/>\n\t<meta name=\"twitter:data2\" content=\"12 minuts\" \/>\n<script type=\"application\/ld+json\" class=\"yoast-schema-graph\">{\"@context\":\"https:\\\/\\\/schema.org\",\"@graph\":[{\"@type\":\"Article\",\"@id\":\"https:\\\/\\\/www.cercledecultura.org\\\/ca\\\/primeres_valoracions_forumcultura2020\\\/#article\",\"isPartOf\":{\"@id\":\"https:\\\/\\\/www.cercledecultura.org\\\/ca\\\/primeres_valoracions_forumcultura2020\\\/\"},\"author\":{\"name\":\"admin\",\"@id\":\"https:\\\/\\\/www.cercledecultura.org\\\/ca\\\/#\\\/schema\\\/person\\\/269db25cfadcb4bd2e41781c819942f9\"},\"headline\":\"Comentaris i primeres valoracions del F\u00f2rum Cultura 2020\",\"datePublished\":\"2019-04-07T01:49:00+00:00\",\"dateModified\":\"2021-04-15T16:38:28+00:00\",\"mainEntityOfPage\":{\"@id\":\"https:\\\/\\\/www.cercledecultura.org\\\/ca\\\/primeres_valoracions_forumcultura2020\\\/\"},\"wordCount\":2451,\"commentCount\":0,\"publisher\":{\"@id\":\"https:\\\/\\\/www.cercledecultura.org\\\/ca\\\/#organization\"},\"image\":{\"@id\":\"https:\\\/\\\/www.cercledecultura.org\\\/ca\\\/primeres_valoracions_forumcultura2020\\\/#primaryimage\"},\"thumbnailUrl\":\"https:\\\/\\\/www.cercledecultura.org\\\/wp-content\\\/uploads\\\/2021\\\/02\\\/h0ZHo6Ca0GrjydNlhIDQ.jpg\",\"keywords\":[\"F\u00f2rum Cultura 2020\",\"pol\u00edtica cultural. Barcelona\"],\"articleSection\":[\"Activitats\"],\"inLanguage\":\"ca\",\"potentialAction\":[{\"@type\":\"CommentAction\",\"name\":\"Comment\",\"target\":[\"https:\\\/\\\/www.cercledecultura.org\\\/ca\\\/primeres_valoracions_forumcultura2020\\\/#respond\"]}]},{\"@type\":\"WebPage\",\"@id\":\"https:\\\/\\\/www.cercledecultura.org\\\/ca\\\/primeres_valoracions_forumcultura2020\\\/\",\"url\":\"https:\\\/\\\/www.cercledecultura.org\\\/ca\\\/primeres_valoracions_forumcultura2020\\\/\",\"name\":\"Comentaris i primeres valoracions del F\u00f2rum Cultura 2020 - Cercle de Cultura\",\"isPartOf\":{\"@id\":\"https:\\\/\\\/www.cercledecultura.org\\\/ca\\\/#website\"},\"primaryImageOfPage\":{\"@id\":\"https:\\\/\\\/www.cercledecultura.org\\\/ca\\\/primeres_valoracions_forumcultura2020\\\/#primaryimage\"},\"image\":{\"@id\":\"https:\\\/\\\/www.cercledecultura.org\\\/ca\\\/primeres_valoracions_forumcultura2020\\\/#primaryimage\"},\"thumbnailUrl\":\"https:\\\/\\\/www.cercledecultura.org\\\/wp-content\\\/uploads\\\/2021\\\/02\\\/h0ZHo6Ca0GrjydNlhIDQ.jpg\",\"datePublished\":\"2019-04-07T01:49:00+00:00\",\"dateModified\":\"2021-04-15T16:38:28+00:00\",\"breadcrumb\":{\"@id\":\"https:\\\/\\\/www.cercledecultura.org\\\/ca\\\/primeres_valoracions_forumcultura2020\\\/#breadcrumb\"},\"inLanguage\":\"ca\",\"potentialAction\":[{\"@type\":\"ReadAction\",\"target\":[\"https:\\\/\\\/www.cercledecultura.org\\\/ca\\\/primeres_valoracions_forumcultura2020\\\/\"]}]},{\"@type\":\"ImageObject\",\"inLanguage\":\"ca\",\"@id\":\"https:\\\/\\\/www.cercledecultura.org\\\/ca\\\/primeres_valoracions_forumcultura2020\\\/#primaryimage\",\"url\":\"https:\\\/\\\/www.cercledecultura.org\\\/wp-content\\\/uploads\\\/2021\\\/02\\\/h0ZHo6Ca0GrjydNlhIDQ.jpg\",\"contentUrl\":\"https:\\\/\\\/www.cercledecultura.org\\\/wp-content\\\/uploads\\\/2021\\\/02\\\/h0ZHo6Ca0GrjydNlhIDQ.jpg\",\"width\":2039,\"height\":1498},{\"@type\":\"BreadcrumbList\",\"@id\":\"https:\\\/\\\/www.cercledecultura.org\\\/ca\\\/primeres_valoracions_forumcultura2020\\\/#breadcrumb\",\"itemListElement\":[{\"@type\":\"ListItem\",\"position\":1,\"name\":\"Portada\",\"item\":\"https:\\\/\\\/www.cercledecultura.org\\\/ca\\\/\"},{\"@type\":\"ListItem\",\"position\":2,\"name\":\"Comentaris i primeres valoracions del F\u00f2rum Cultura 2020\"}]},{\"@type\":\"WebSite\",\"@id\":\"https:\\\/\\\/www.cercledecultura.org\\\/ca\\\/#website\",\"url\":\"https:\\\/\\\/www.cercledecultura.org\\\/ca\\\/\",\"name\":\"Cercle de Cultura\",\"description\":\"Entitat de car\u00e0cter privat i associatiu, independent, amb voluntat de participar en la vida p\u00fablica des de la pluralitat ideol\u00f2gica dels seus membres fundadors i futurs associats\",\"publisher\":{\"@id\":\"https:\\\/\\\/www.cercledecultura.org\\\/ca\\\/#organization\"},\"potentialAction\":[{\"@type\":\"SearchAction\",\"target\":{\"@type\":\"EntryPoint\",\"urlTemplate\":\"https:\\\/\\\/www.cercledecultura.org\\\/ca\\\/?s={search_term_string}\"},\"query-input\":{\"@type\":\"PropertyValueSpecification\",\"valueRequired\":true,\"valueName\":\"search_term_string\"}}],\"inLanguage\":\"ca\"},{\"@type\":\"Organization\",\"@id\":\"https:\\\/\\\/www.cercledecultura.org\\\/ca\\\/#organization\",\"name\":\"Cercle de Cultura\",\"url\":\"https:\\\/\\\/www.cercledecultura.org\\\/ca\\\/\",\"logo\":{\"@type\":\"ImageObject\",\"inLanguage\":\"ca\",\"@id\":\"https:\\\/\\\/www.cercledecultura.org\\\/ca\\\/#\\\/schema\\\/logo\\\/image\\\/\",\"url\":\"https:\\\/\\\/www.cercledecultura.org\\\/wp-content\\\/uploads\\\/2020\\\/01\\\/logo-cercle-de-cultura.png\",\"contentUrl\":\"https:\\\/\\\/www.cercledecultura.org\\\/wp-content\\\/uploads\\\/2020\\\/01\\\/logo-cercle-de-cultura.png\",\"width\":350,\"height\":195,\"caption\":\"Cercle de Cultura\"},\"image\":{\"@id\":\"https:\\\/\\\/www.cercledecultura.org\\\/ca\\\/#\\\/schema\\\/logo\\\/image\\\/\"}},{\"@type\":\"Person\",\"@id\":\"https:\\\/\\\/www.cercledecultura.org\\\/ca\\\/#\\\/schema\\\/person\\\/269db25cfadcb4bd2e41781c819942f9\",\"name\":\"admin\",\"image\":{\"@type\":\"ImageObject\",\"inLanguage\":\"ca\",\"@id\":\"https:\\\/\\\/secure.gravatar.com\\\/avatar\\\/e88a8bb50a361c6d45c4709770a3d765016be4b5d85313447b91d0d707434ad9?s=96&d=mm&r=g\",\"url\":\"https:\\\/\\\/secure.gravatar.com\\\/avatar\\\/e88a8bb50a361c6d45c4709770a3d765016be4b5d85313447b91d0d707434ad9?s=96&d=mm&r=g\",\"contentUrl\":\"https:\\\/\\\/secure.gravatar.com\\\/avatar\\\/e88a8bb50a361c6d45c4709770a3d765016be4b5d85313447b91d0d707434ad9?s=96&d=mm&r=g\",\"caption\":\"admin\"},\"url\":\"https:\\\/\\\/www.cercledecultura.org\\\/ca\\\/author\\\/seic_trzh7tdr\\\/\"}]}<\/script>\n<!-- \/ Yoast SEO plugin. -->","yoast_head_json":{"title":"Comentaris i primeres valoracions del F\u00f2rum Cultura 2020 - Cercle de Cultura","robots":{"index":"index","follow":"follow","max-snippet":"max-snippet:-1","max-image-preview":"max-image-preview:large","max-video-preview":"max-video-preview:-1"},"canonical":"https:\/\/www.cercledecultura.org\/ca\/primeres_valoracions_forumcultura2020\/","og_locale":"ca_ES","og_type":"article","og_title":"Comentaris i primeres valoracions del F\u00f2rum Cultura 2020 - Cercle de Cultura","og_description":"El passat 3 d\u2019abril, el Cercle de Cultura celebr\u00e0 l\u2019acte de cloenda del F\u00f2rum Cultura 2020 als seus socis i al m\u00e9s d\u2019un centenar d\u2019artistes, creadors, gestors i\u00a0 professionals de la cultura que han participat en les 16 sessions de debat organitzades.","og_url":"https:\/\/www.cercledecultura.org\/ca\/primeres_valoracions_forumcultura2020\/","og_site_name":"Cercle de Cultura","article_published_time":"2019-04-07T01:49:00+00:00","article_modified_time":"2021-04-15T16:38:28+00:00","og_image":[{"width":2039,"height":1498,"url":"https:\/\/www.cercledecultura.org\/wp-content\/uploads\/2021\/02\/h0ZHo6Ca0GrjydNlhIDQ.jpg","type":"image\/jpeg"}],"author":"admin","twitter_card":"summary_large_image","twitter_misc":{"Escrit per":"admin","Temps estimat de lectura":"12 minuts"},"schema":{"@context":"https:\/\/schema.org","@graph":[{"@type":"Article","@id":"https:\/\/www.cercledecultura.org\/ca\/primeres_valoracions_forumcultura2020\/#article","isPartOf":{"@id":"https:\/\/www.cercledecultura.org\/ca\/primeres_valoracions_forumcultura2020\/"},"author":{"name":"admin","@id":"https:\/\/www.cercledecultura.org\/ca\/#\/schema\/person\/269db25cfadcb4bd2e41781c819942f9"},"headline":"Comentaris i primeres valoracions del F\u00f2rum Cultura 2020","datePublished":"2019-04-07T01:49:00+00:00","dateModified":"2021-04-15T16:38:28+00:00","mainEntityOfPage":{"@id":"https:\/\/www.cercledecultura.org\/ca\/primeres_valoracions_forumcultura2020\/"},"wordCount":2451,"commentCount":0,"publisher":{"@id":"https:\/\/www.cercledecultura.org\/ca\/#organization"},"image":{"@id":"https:\/\/www.cercledecultura.org\/ca\/primeres_valoracions_forumcultura2020\/#primaryimage"},"thumbnailUrl":"https:\/\/www.cercledecultura.org\/wp-content\/uploads\/2021\/02\/h0ZHo6Ca0GrjydNlhIDQ.jpg","keywords":["F\u00f2rum Cultura 2020","pol\u00edtica cultural. Barcelona"],"articleSection":["Activitats"],"inLanguage":"ca","potentialAction":[{"@type":"CommentAction","name":"Comment","target":["https:\/\/www.cercledecultura.org\/ca\/primeres_valoracions_forumcultura2020\/#respond"]}]},{"@type":"WebPage","@id":"https:\/\/www.cercledecultura.org\/ca\/primeres_valoracions_forumcultura2020\/","url":"https:\/\/www.cercledecultura.org\/ca\/primeres_valoracions_forumcultura2020\/","name":"Comentaris i primeres valoracions del F\u00f2rum Cultura 2020 - Cercle de Cultura","isPartOf":{"@id":"https:\/\/www.cercledecultura.org\/ca\/#website"},"primaryImageOfPage":{"@id":"https:\/\/www.cercledecultura.org\/ca\/primeres_valoracions_forumcultura2020\/#primaryimage"},"image":{"@id":"https:\/\/www.cercledecultura.org\/ca\/primeres_valoracions_forumcultura2020\/#primaryimage"},"thumbnailUrl":"https:\/\/www.cercledecultura.org\/wp-content\/uploads\/2021\/02\/h0ZHo6Ca0GrjydNlhIDQ.jpg","datePublished":"2019-04-07T01:49:00+00:00","dateModified":"2021-04-15T16:38:28+00:00","breadcrumb":{"@id":"https:\/\/www.cercledecultura.org\/ca\/primeres_valoracions_forumcultura2020\/#breadcrumb"},"inLanguage":"ca","potentialAction":[{"@type":"ReadAction","target":["https:\/\/www.cercledecultura.org\/ca\/primeres_valoracions_forumcultura2020\/"]}]},{"@type":"ImageObject","inLanguage":"ca","@id":"https:\/\/www.cercledecultura.org\/ca\/primeres_valoracions_forumcultura2020\/#primaryimage","url":"https:\/\/www.cercledecultura.org\/wp-content\/uploads\/2021\/02\/h0ZHo6Ca0GrjydNlhIDQ.jpg","contentUrl":"https:\/\/www.cercledecultura.org\/wp-content\/uploads\/2021\/02\/h0ZHo6Ca0GrjydNlhIDQ.jpg","width":2039,"height":1498},{"@type":"BreadcrumbList","@id":"https:\/\/www.cercledecultura.org\/ca\/primeres_valoracions_forumcultura2020\/#breadcrumb","itemListElement":[{"@type":"ListItem","position":1,"name":"Portada","item":"https:\/\/www.cercledecultura.org\/ca\/"},{"@type":"ListItem","position":2,"name":"Comentaris i primeres valoracions del F\u00f2rum Cultura 2020"}]},{"@type":"WebSite","@id":"https:\/\/www.cercledecultura.org\/ca\/#website","url":"https:\/\/www.cercledecultura.org\/ca\/","name":"Cercle de Cultura","description":"Entitat de car\u00e0cter privat i associatiu, independent, amb voluntat de participar en la vida p\u00fablica des de la pluralitat ideol\u00f2gica dels seus membres fundadors i futurs associats","publisher":{"@id":"https:\/\/www.cercledecultura.org\/ca\/#organization"},"potentialAction":[{"@type":"SearchAction","target":{"@type":"EntryPoint","urlTemplate":"https:\/\/www.cercledecultura.org\/ca\/?s={search_term_string}"},"query-input":{"@type":"PropertyValueSpecification","valueRequired":true,"valueName":"search_term_string"}}],"inLanguage":"ca"},{"@type":"Organization","@id":"https:\/\/www.cercledecultura.org\/ca\/#organization","name":"Cercle de Cultura","url":"https:\/\/www.cercledecultura.org\/ca\/","logo":{"@type":"ImageObject","inLanguage":"ca","@id":"https:\/\/www.cercledecultura.org\/ca\/#\/schema\/logo\/image\/","url":"https:\/\/www.cercledecultura.org\/wp-content\/uploads\/2020\/01\/logo-cercle-de-cultura.png","contentUrl":"https:\/\/www.cercledecultura.org\/wp-content\/uploads\/2020\/01\/logo-cercle-de-cultura.png","width":350,"height":195,"caption":"Cercle de Cultura"},"image":{"@id":"https:\/\/www.cercledecultura.org\/ca\/#\/schema\/logo\/image\/"}},{"@type":"Person","@id":"https:\/\/www.cercledecultura.org\/ca\/#\/schema\/person\/269db25cfadcb4bd2e41781c819942f9","name":"admin","image":{"@type":"ImageObject","inLanguage":"ca","@id":"https:\/\/secure.gravatar.com\/avatar\/e88a8bb50a361c6d45c4709770a3d765016be4b5d85313447b91d0d707434ad9?s=96&d=mm&r=g","url":"https:\/\/secure.gravatar.com\/avatar\/e88a8bb50a361c6d45c4709770a3d765016be4b5d85313447b91d0d707434ad9?s=96&d=mm&r=g","contentUrl":"https:\/\/secure.gravatar.com\/avatar\/e88a8bb50a361c6d45c4709770a3d765016be4b5d85313447b91d0d707434ad9?s=96&d=mm&r=g","caption":"admin"},"url":"https:\/\/www.cercledecultura.org\/ca\/author\/seic_trzh7tdr\/"}]}},"_links":{"self":[{"href":"https:\/\/www.cercledecultura.org\/ca\/wp-json\/wp\/v2\/posts\/910","targetHints":{"allow":["GET"]}}],"collection":[{"href":"https:\/\/www.cercledecultura.org\/ca\/wp-json\/wp\/v2\/posts"}],"about":[{"href":"https:\/\/www.cercledecultura.org\/ca\/wp-json\/wp\/v2\/types\/post"}],"author":[{"embeddable":true,"href":"https:\/\/www.cercledecultura.org\/ca\/wp-json\/wp\/v2\/users\/1"}],"replies":[{"embeddable":true,"href":"https:\/\/www.cercledecultura.org\/ca\/wp-json\/wp\/v2\/comments?post=910"}],"version-history":[{"count":3,"href":"https:\/\/www.cercledecultura.org\/ca\/wp-json\/wp\/v2\/posts\/910\/revisions"}],"predecessor-version":[{"id":1461,"href":"https:\/\/www.cercledecultura.org\/ca\/wp-json\/wp\/v2\/posts\/910\/revisions\/1461"}],"wp:featuredmedia":[{"embeddable":true,"href":"https:\/\/www.cercledecultura.org\/ca\/wp-json\/wp\/v2\/media\/911"}],"wp:attachment":[{"href":"https:\/\/www.cercledecultura.org\/ca\/wp-json\/wp\/v2\/media?parent=910"}],"wp:term":[{"taxonomy":"category","embeddable":true,"href":"https:\/\/www.cercledecultura.org\/ca\/wp-json\/wp\/v2\/categories?post=910"},{"taxonomy":"post_tag","embeddable":true,"href":"https:\/\/www.cercledecultura.org\/ca\/wp-json\/wp\/v2\/tags?post=910"}],"curies":[{"name":"wp","href":"https:\/\/api.w.org\/{rel}","templated":true}]}}