{"id":908,"date":"2019-03-14T09:13:00","date_gmt":"2019-03-14T09:13:00","guid":{"rendered":"https:\/\/pre.cercledecultura.org\/forumcultura2020_centenar_experts\/"},"modified":"2021-04-15T16:42:10","modified_gmt":"2021-04-15T16:42:10","slug":"forumcultura2020_centenar_experts","status":"publish","type":"post","link":"https:\/\/www.cercledecultura.org\/ca\/forumcultura2020_centenar_experts\/","title":{"rendered":"F\u00f2rum Cultura 2020: 8 taules de debat amb artistes, creadors i gestors culturals"},"content":{"rendered":"<div class=\"vce-row-container\" data-vce-boxed-width=\"true\"><div class=\"vce-row vce-row--col-gap-30 vce-row-equal-height vce-row-content--top\" id=\"el-b7b1878f\" data-vce-do-apply=\"all el-b7b1878f\"><div class=\"vce-row-content\" data-vce-element-content=\"true\"><div class=\"vce-col vce-col--md-auto vce-col--xs-1 vce-col--xs-last vce-col--xs-first vce-col--sm-last vce-col--sm-first vce-col--md-last vce-col--lg-last vce-col--xl-last vce-col--md-first vce-col--lg-first vce-col--xl-first\" id=\"el-a700a4a4\"><div class=\"vce-col-inner\" data-vce-do-apply=\"border margin background  el-a700a4a4\"><div class=\"vce-col-content\" data-vce-element-content=\"true\" data-vce-do-apply=\"padding el-a700a4a4\"><div class=\"vce-text-block\"><div class=\"vce-text-block-wrapper vce\" id=\"el-4c3e9471\" data-vce-do-apply=\"all el-4c3e9471\"><p>M\u00e9s d\u2019un centenar d\u2019artistes, creadors, gestors i &nbsp;professionals de la cultura han participat a les<strong> 16 sessions de treball organitzades en les 8 taules tem\u00e0tiques del F\u00f2rum de la Cultura 2020<\/strong>, sota la coordinaci\u00f3 general de Jordi Pardo. Les seves aportacions, l\u2019alt nivell i inter\u00e8s pr\u00e0ctic dels debats han estat fonamentals per a l\u2019\u00e8xit d\u2019aquest projecte organitzat pel Cercle de Cultura.<\/p>\n<p>Al llarg d\u2019un any, la seva col\u00b7laboraci\u00f3 ha perm\u00e8s compartir les experi\u00e8ncies i sensibilitats de professionals procedents de projectes, institucions i activitats molt diferents. Aquesta mirada plural, reflecteix la diversitat del sistema cultural de Catalunya i dels seus sectors. Projectes i organitzacions de petit i gran format, d\u2019abast nacional i local, &nbsp;del sector p\u00fablic, de l\u2019acci\u00f3 cultural comunit\u00e0ria o d\u2019empreses privades, procedents de ciutats i territoris de tot Catalunya, han estat representats per dones i homes &nbsp;amb una visi\u00f3 compromesa amb la cultura i amb la societat. Amb les seves aportacions el Cercle de Cultura iniciar\u00e0 ara un proc\u00e9s de treball sobre la documentaci\u00f3 elaborada que permetr\u00e0 posar en marxa noves accions d\u2019inter\u00e8s com\u00fa.<\/p>\n<p>A totes elles i ells, des del Cercle de Cultura els hi donem, moltes gr\u00e0cies per la seva dedicaci\u00f3, i per les seves interessants aportacions: Jordi Ball\u00f3, Gemma Carb\u00f3, Pepe Serra, Xavier Cubeles, Jordi Pardo, Llu\u00eds Bonet, Jordi Sellas, Esteve Le\u00f3n, Segimon Borr\u00e0s, Ingrid Guardiola, Eduard Miralles (poc abans de morir) Pep Vives, Pepe Zapata, Carmen Zapata, Llu\u00eds Noguera, \u00c0ngela Mart\u00ednez, Neus Ball\u00fas, Joan Manel del Pozo, Carlos Duran, Karma Peir\u00f3, Carme Fenoll, Marta Lacambra, Susana P\u00e9rez, Toni Casares, N\u00faria Sempere, Pep Tugues, Salvador Ant\u00f3n Clav\u00e9, Mercedes Giovinazzo, Alfred Fort, Josep Ma. Ganyet, Montse Ayats, Pau Carri\u00f3, N\u00faria Aidelman, Marko Daniel, Gabriel Pin\u00f3s, Toni Cabr\u00e9, Antoni Vall\u00e8s, Andr\u00e9s Colmenares, Isabel Sucunza, Toni Monegal, Xavier Fina, Dolors Ricart, Laia Gargallo, Anna Villarroya, Frederic Guerrero, Elena Mart\u00edn, Ignasi G\u00f3mez, Joan Morros, Jordi Gratac\u00f3s, Oriol Mart\u00ed, Ramon Castells, Josep Perell\u00f3, Tania Brenlle, Alfons Martinell, Eusebi Casanelles, Toni Laporte, David Ib\u00e1\u00f1ez, Albert de Gregorio, Marisol L\u00f3pez, Laura Bertran, Miquel-Llu\u00eds Muntan\u00e9, Carles Giner Camprub\u00ed, Tena Busquets, Ezequiel Bar\u00f3, Francesc Vila Albet, Eul\u00e0lia Espin\u00e0s, Gen\u00eds Roca, Andreu Garrido, Montse Serra, Mireia Mayolas, Gisel No\u00e9, \u00c0lex Costa, Jon\u00e0s Sala, Isa Casanellas, Judit Carrera, Eug\u00e8nia Argimon, Rosa Ma. Malet, Montserrat Tort, Salvador Sunyer, M\u00f2nica Ar\u00fas, Gina Tost, Jordi Gonz\u00e1lez, Javier Brun, Clara Rodr\u00edguez, Dolors Cotrina, Roberto Olivan, Lourdes Ridameya, Conxa Rod\u00e0, Agust\u00ed Fructuoso, Teresa Llobet, M\u00f3nica Campos, Pere Vicens, Jordi Balt\u00e0, Salvador Casals, Pilar Parcerisas, Jordi Mu\u00f1oz, Pau P\u00e9rez, Alejandro Santaflorentina, Mireia Rosich, Joan Corbella, Santi Mart\u00ednez, Francesc Ten, Nicol\u00e0s Barbieri, Francesc Ser\u00e9s, Patricia Caicedo, \u00c0ngels Margarit, Carles Sora, Eduard Escoffet.<\/p>\n<p>Properament informarem de l'acte de cloenda d'aquest F\u00f2rum Cultura 2020.<\/p><\/div><\/div><\/div><\/div><\/div><\/div><\/div><\/div>\n","protected":false},"excerpt":{"rendered":"<p>Amb la celebraci\u00f3 de la segona sessi\u00f3 de la taula sobre pol\u00edtiques culturals, el F\u00f2rum Cultura 2020 finalitzava la intensa fase de treballs de les vuit taules de debat que s&#8217;han anat organitzant en el darrer any. <\/p>\n","protected":false},"author":1,"featured_media":909,"comment_status":"open","ping_status":"closed","sticky":false,"template":"","format":"standard","meta":{"footnotes":""},"categories":[3],"tags":[28,4],"class_list":["post-908","post","type-post","status-publish","format-standard","has-post-thumbnail","hentry","category-activitats","tag-forum-cultura-2020","tag-politica-cultural"],"yoast_head":"<!-- This site is optimized with the Yoast SEO plugin v27.4 - https:\/\/yoast.com\/product\/yoast-seo-wordpress\/ -->\n<title>F\u00f2rum Cultura 2020: 8 taules de debat amb artistes, creadors i gestors culturals - Cercle de Cultura<\/title>\n<meta name=\"robots\" content=\"index, follow, max-snippet:-1, max-image-preview:large, max-video-preview:-1\" \/>\n<link rel=\"canonical\" href=\"https:\/\/www.cercledecultura.org\/ca\/forumcultura2020_centenar_experts\/\" \/>\n<meta property=\"og:locale\" content=\"ca_ES\" \/>\n<meta property=\"og:type\" content=\"article\" \/>\n<meta property=\"og:title\" content=\"F\u00f2rum Cultura 2020: 8 taules de debat amb artistes, creadors i gestors culturals - Cercle de Cultura\" \/>\n<meta property=\"og:description\" content=\"Amb la celebraci\u00f3 de la segona sessi\u00f3 de la taula sobre pol\u00edtiques culturals, el F\u00f2rum Cultura 2020 finalitzava la intensa fase de treballs de les vuit taules de debat que s&#039;han anat organitzant en el darrer any.\" \/>\n<meta property=\"og:url\" content=\"https:\/\/www.cercledecultura.org\/ca\/forumcultura2020_centenar_experts\/\" \/>\n<meta property=\"og:site_name\" content=\"Cercle de Cultura\" \/>\n<meta property=\"article:published_time\" content=\"2019-03-14T09:13:00+00:00\" \/>\n<meta property=\"article:modified_time\" content=\"2021-04-15T16:42:10+00:00\" \/>\n<meta property=\"og:image\" content=\"https:\/\/www.cercledecultura.org\/wp-content\/uploads\/2021\/02\/LBKPizNFx0mnYyWj4En6Q.jpg\" \/>\n\t<meta property=\"og:image:width\" content=\"977\" \/>\n\t<meta property=\"og:image:height\" content=\"575\" \/>\n\t<meta property=\"og:image:type\" content=\"image\/jpeg\" \/>\n<meta name=\"author\" content=\"admin\" \/>\n<meta name=\"twitter:card\" content=\"summary_large_image\" \/>\n<meta name=\"twitter:label1\" content=\"Escrit per\" \/>\n\t<meta name=\"twitter:data1\" content=\"admin\" \/>\n\t<meta name=\"twitter:label2\" content=\"Temps estimat de lectura\" \/>\n\t<meta name=\"twitter:data2\" content=\"2 minuts\" \/>\n<script type=\"application\/ld+json\" class=\"yoast-schema-graph\">{\"@context\":\"https:\\\/\\\/schema.org\",\"@graph\":[{\"@type\":\"Article\",\"@id\":\"https:\\\/\\\/www.cercledecultura.org\\\/ca\\\/forumcultura2020_centenar_experts\\\/#article\",\"isPartOf\":{\"@id\":\"https:\\\/\\\/www.cercledecultura.org\\\/ca\\\/forumcultura2020_centenar_experts\\\/\"},\"author\":{\"name\":\"admin\",\"@id\":\"https:\\\/\\\/www.cercledecultura.org\\\/ca\\\/#\\\/schema\\\/person\\\/269db25cfadcb4bd2e41781c819942f9\"},\"headline\":\"F\u00f2rum Cultura 2020: 8 taules de debat amb artistes, creadors i gestors culturals\",\"datePublished\":\"2019-03-14T09:13:00+00:00\",\"dateModified\":\"2021-04-15T16:42:10+00:00\",\"mainEntityOfPage\":{\"@id\":\"https:\\\/\\\/www.cercledecultura.org\\\/ca\\\/forumcultura2020_centenar_experts\\\/\"},\"wordCount\":509,\"commentCount\":0,\"publisher\":{\"@id\":\"https:\\\/\\\/www.cercledecultura.org\\\/ca\\\/#organization\"},\"image\":{\"@id\":\"https:\\\/\\\/www.cercledecultura.org\\\/ca\\\/forumcultura2020_centenar_experts\\\/#primaryimage\"},\"thumbnailUrl\":\"https:\\\/\\\/www.cercledecultura.org\\\/wp-content\\\/uploads\\\/2021\\\/02\\\/LBKPizNFx0mnYyWj4En6Q.jpg\",\"keywords\":[\"F\u00f2rum Cultura 2020\",\"Pol\u00edtica Cultural\"],\"articleSection\":[\"Activitats\"],\"inLanguage\":\"ca\",\"potentialAction\":[{\"@type\":\"CommentAction\",\"name\":\"Comment\",\"target\":[\"https:\\\/\\\/www.cercledecultura.org\\\/ca\\\/forumcultura2020_centenar_experts\\\/#respond\"]}]},{\"@type\":\"WebPage\",\"@id\":\"https:\\\/\\\/www.cercledecultura.org\\\/ca\\\/forumcultura2020_centenar_experts\\\/\",\"url\":\"https:\\\/\\\/www.cercledecultura.org\\\/ca\\\/forumcultura2020_centenar_experts\\\/\",\"name\":\"F\u00f2rum Cultura 2020: 8 taules de debat amb artistes, creadors i gestors culturals - Cercle de Cultura\",\"isPartOf\":{\"@id\":\"https:\\\/\\\/www.cercledecultura.org\\\/ca\\\/#website\"},\"primaryImageOfPage\":{\"@id\":\"https:\\\/\\\/www.cercledecultura.org\\\/ca\\\/forumcultura2020_centenar_experts\\\/#primaryimage\"},\"image\":{\"@id\":\"https:\\\/\\\/www.cercledecultura.org\\\/ca\\\/forumcultura2020_centenar_experts\\\/#primaryimage\"},\"thumbnailUrl\":\"https:\\\/\\\/www.cercledecultura.org\\\/wp-content\\\/uploads\\\/2021\\\/02\\\/LBKPizNFx0mnYyWj4En6Q.jpg\",\"datePublished\":\"2019-03-14T09:13:00+00:00\",\"dateModified\":\"2021-04-15T16:42:10+00:00\",\"breadcrumb\":{\"@id\":\"https:\\\/\\\/www.cercledecultura.org\\\/ca\\\/forumcultura2020_centenar_experts\\\/#breadcrumb\"},\"inLanguage\":\"ca\",\"potentialAction\":[{\"@type\":\"ReadAction\",\"target\":[\"https:\\\/\\\/www.cercledecultura.org\\\/ca\\\/forumcultura2020_centenar_experts\\\/\"]}]},{\"@type\":\"ImageObject\",\"inLanguage\":\"ca\",\"@id\":\"https:\\\/\\\/www.cercledecultura.org\\\/ca\\\/forumcultura2020_centenar_experts\\\/#primaryimage\",\"url\":\"https:\\\/\\\/www.cercledecultura.org\\\/wp-content\\\/uploads\\\/2021\\\/02\\\/LBKPizNFx0mnYyWj4En6Q.jpg\",\"contentUrl\":\"https:\\\/\\\/www.cercledecultura.org\\\/wp-content\\\/uploads\\\/2021\\\/02\\\/LBKPizNFx0mnYyWj4En6Q.jpg\",\"width\":977,\"height\":575},{\"@type\":\"BreadcrumbList\",\"@id\":\"https:\\\/\\\/www.cercledecultura.org\\\/ca\\\/forumcultura2020_centenar_experts\\\/#breadcrumb\",\"itemListElement\":[{\"@type\":\"ListItem\",\"position\":1,\"name\":\"Portada\",\"item\":\"https:\\\/\\\/www.cercledecultura.org\\\/ca\\\/\"},{\"@type\":\"ListItem\",\"position\":2,\"name\":\"F\u00f2rum Cultura 2020: 8 taules de debat amb artistes, creadors i gestors culturals\"}]},{\"@type\":\"WebSite\",\"@id\":\"https:\\\/\\\/www.cercledecultura.org\\\/ca\\\/#website\",\"url\":\"https:\\\/\\\/www.cercledecultura.org\\\/ca\\\/\",\"name\":\"Cercle de Cultura\",\"description\":\"Entitat de car\u00e0cter privat i associatiu, independent, amb voluntat de participar en la vida p\u00fablica des de la pluralitat ideol\u00f2gica dels seus membres fundadors i futurs associats\",\"publisher\":{\"@id\":\"https:\\\/\\\/www.cercledecultura.org\\\/ca\\\/#organization\"},\"potentialAction\":[{\"@type\":\"SearchAction\",\"target\":{\"@type\":\"EntryPoint\",\"urlTemplate\":\"https:\\\/\\\/www.cercledecultura.org\\\/ca\\\/?s={search_term_string}\"},\"query-input\":{\"@type\":\"PropertyValueSpecification\",\"valueRequired\":true,\"valueName\":\"search_term_string\"}}],\"inLanguage\":\"ca\"},{\"@type\":\"Organization\",\"@id\":\"https:\\\/\\\/www.cercledecultura.org\\\/ca\\\/#organization\",\"name\":\"Cercle de Cultura\",\"url\":\"https:\\\/\\\/www.cercledecultura.org\\\/ca\\\/\",\"logo\":{\"@type\":\"ImageObject\",\"inLanguage\":\"ca\",\"@id\":\"https:\\\/\\\/www.cercledecultura.org\\\/ca\\\/#\\\/schema\\\/logo\\\/image\\\/\",\"url\":\"https:\\\/\\\/www.cercledecultura.org\\\/wp-content\\\/uploads\\\/2020\\\/01\\\/logo-cercle-de-cultura.png\",\"contentUrl\":\"https:\\\/\\\/www.cercledecultura.org\\\/wp-content\\\/uploads\\\/2020\\\/01\\\/logo-cercle-de-cultura.png\",\"width\":350,\"height\":195,\"caption\":\"Cercle de Cultura\"},\"image\":{\"@id\":\"https:\\\/\\\/www.cercledecultura.org\\\/ca\\\/#\\\/schema\\\/logo\\\/image\\\/\"}},{\"@type\":\"Person\",\"@id\":\"https:\\\/\\\/www.cercledecultura.org\\\/ca\\\/#\\\/schema\\\/person\\\/269db25cfadcb4bd2e41781c819942f9\",\"name\":\"admin\",\"image\":{\"@type\":\"ImageObject\",\"inLanguage\":\"ca\",\"@id\":\"https:\\\/\\\/secure.gravatar.com\\\/avatar\\\/e88a8bb50a361c6d45c4709770a3d765016be4b5d85313447b91d0d707434ad9?s=96&d=mm&r=g\",\"url\":\"https:\\\/\\\/secure.gravatar.com\\\/avatar\\\/e88a8bb50a361c6d45c4709770a3d765016be4b5d85313447b91d0d707434ad9?s=96&d=mm&r=g\",\"contentUrl\":\"https:\\\/\\\/secure.gravatar.com\\\/avatar\\\/e88a8bb50a361c6d45c4709770a3d765016be4b5d85313447b91d0d707434ad9?s=96&d=mm&r=g\",\"caption\":\"admin\"},\"url\":\"https:\\\/\\\/www.cercledecultura.org\\\/ca\\\/author\\\/seic_trzh7tdr\\\/\"}]}<\/script>\n<!-- \/ Yoast SEO plugin. -->","yoast_head_json":{"title":"F\u00f2rum Cultura 2020: 8 taules de debat amb artistes, creadors i gestors culturals - Cercle de Cultura","robots":{"index":"index","follow":"follow","max-snippet":"max-snippet:-1","max-image-preview":"max-image-preview:large","max-video-preview":"max-video-preview:-1"},"canonical":"https:\/\/www.cercledecultura.org\/ca\/forumcultura2020_centenar_experts\/","og_locale":"ca_ES","og_type":"article","og_title":"F\u00f2rum Cultura 2020: 8 taules de debat amb artistes, creadors i gestors culturals - Cercle de Cultura","og_description":"Amb la celebraci\u00f3 de la segona sessi\u00f3 de la taula sobre pol\u00edtiques culturals, el F\u00f2rum Cultura 2020 finalitzava la intensa fase de treballs de les vuit taules de debat que s'han anat organitzant en el darrer any.","og_url":"https:\/\/www.cercledecultura.org\/ca\/forumcultura2020_centenar_experts\/","og_site_name":"Cercle de Cultura","article_published_time":"2019-03-14T09:13:00+00:00","article_modified_time":"2021-04-15T16:42:10+00:00","og_image":[{"width":977,"height":575,"url":"https:\/\/www.cercledecultura.org\/wp-content\/uploads\/2021\/02\/LBKPizNFx0mnYyWj4En6Q.jpg","type":"image\/jpeg"}],"author":"admin","twitter_card":"summary_large_image","twitter_misc":{"Escrit per":"admin","Temps estimat de lectura":"2 minuts"},"schema":{"@context":"https:\/\/schema.org","@graph":[{"@type":"Article","@id":"https:\/\/www.cercledecultura.org\/ca\/forumcultura2020_centenar_experts\/#article","isPartOf":{"@id":"https:\/\/www.cercledecultura.org\/ca\/forumcultura2020_centenar_experts\/"},"author":{"name":"admin","@id":"https:\/\/www.cercledecultura.org\/ca\/#\/schema\/person\/269db25cfadcb4bd2e41781c819942f9"},"headline":"F\u00f2rum Cultura 2020: 8 taules de debat amb artistes, creadors i gestors culturals","datePublished":"2019-03-14T09:13:00+00:00","dateModified":"2021-04-15T16:42:10+00:00","mainEntityOfPage":{"@id":"https:\/\/www.cercledecultura.org\/ca\/forumcultura2020_centenar_experts\/"},"wordCount":509,"commentCount":0,"publisher":{"@id":"https:\/\/www.cercledecultura.org\/ca\/#organization"},"image":{"@id":"https:\/\/www.cercledecultura.org\/ca\/forumcultura2020_centenar_experts\/#primaryimage"},"thumbnailUrl":"https:\/\/www.cercledecultura.org\/wp-content\/uploads\/2021\/02\/LBKPizNFx0mnYyWj4En6Q.jpg","keywords":["F\u00f2rum Cultura 2020","Pol\u00edtica Cultural"],"articleSection":["Activitats"],"inLanguage":"ca","potentialAction":[{"@type":"CommentAction","name":"Comment","target":["https:\/\/www.cercledecultura.org\/ca\/forumcultura2020_centenar_experts\/#respond"]}]},{"@type":"WebPage","@id":"https:\/\/www.cercledecultura.org\/ca\/forumcultura2020_centenar_experts\/","url":"https:\/\/www.cercledecultura.org\/ca\/forumcultura2020_centenar_experts\/","name":"F\u00f2rum Cultura 2020: 8 taules de debat amb artistes, creadors i gestors culturals - Cercle de Cultura","isPartOf":{"@id":"https:\/\/www.cercledecultura.org\/ca\/#website"},"primaryImageOfPage":{"@id":"https:\/\/www.cercledecultura.org\/ca\/forumcultura2020_centenar_experts\/#primaryimage"},"image":{"@id":"https:\/\/www.cercledecultura.org\/ca\/forumcultura2020_centenar_experts\/#primaryimage"},"thumbnailUrl":"https:\/\/www.cercledecultura.org\/wp-content\/uploads\/2021\/02\/LBKPizNFx0mnYyWj4En6Q.jpg","datePublished":"2019-03-14T09:13:00+00:00","dateModified":"2021-04-15T16:42:10+00:00","breadcrumb":{"@id":"https:\/\/www.cercledecultura.org\/ca\/forumcultura2020_centenar_experts\/#breadcrumb"},"inLanguage":"ca","potentialAction":[{"@type":"ReadAction","target":["https:\/\/www.cercledecultura.org\/ca\/forumcultura2020_centenar_experts\/"]}]},{"@type":"ImageObject","inLanguage":"ca","@id":"https:\/\/www.cercledecultura.org\/ca\/forumcultura2020_centenar_experts\/#primaryimage","url":"https:\/\/www.cercledecultura.org\/wp-content\/uploads\/2021\/02\/LBKPizNFx0mnYyWj4En6Q.jpg","contentUrl":"https:\/\/www.cercledecultura.org\/wp-content\/uploads\/2021\/02\/LBKPizNFx0mnYyWj4En6Q.jpg","width":977,"height":575},{"@type":"BreadcrumbList","@id":"https:\/\/www.cercledecultura.org\/ca\/forumcultura2020_centenar_experts\/#breadcrumb","itemListElement":[{"@type":"ListItem","position":1,"name":"Portada","item":"https:\/\/www.cercledecultura.org\/ca\/"},{"@type":"ListItem","position":2,"name":"F\u00f2rum Cultura 2020: 8 taules de debat amb artistes, creadors i gestors culturals"}]},{"@type":"WebSite","@id":"https:\/\/www.cercledecultura.org\/ca\/#website","url":"https:\/\/www.cercledecultura.org\/ca\/","name":"Cercle de Cultura","description":"Entitat de car\u00e0cter privat i associatiu, independent, amb voluntat de participar en la vida p\u00fablica des de la pluralitat ideol\u00f2gica dels seus membres fundadors i futurs associats","publisher":{"@id":"https:\/\/www.cercledecultura.org\/ca\/#organization"},"potentialAction":[{"@type":"SearchAction","target":{"@type":"EntryPoint","urlTemplate":"https:\/\/www.cercledecultura.org\/ca\/?s={search_term_string}"},"query-input":{"@type":"PropertyValueSpecification","valueRequired":true,"valueName":"search_term_string"}}],"inLanguage":"ca"},{"@type":"Organization","@id":"https:\/\/www.cercledecultura.org\/ca\/#organization","name":"Cercle de Cultura","url":"https:\/\/www.cercledecultura.org\/ca\/","logo":{"@type":"ImageObject","inLanguage":"ca","@id":"https:\/\/www.cercledecultura.org\/ca\/#\/schema\/logo\/image\/","url":"https:\/\/www.cercledecultura.org\/wp-content\/uploads\/2020\/01\/logo-cercle-de-cultura.png","contentUrl":"https:\/\/www.cercledecultura.org\/wp-content\/uploads\/2020\/01\/logo-cercle-de-cultura.png","width":350,"height":195,"caption":"Cercle de Cultura"},"image":{"@id":"https:\/\/www.cercledecultura.org\/ca\/#\/schema\/logo\/image\/"}},{"@type":"Person","@id":"https:\/\/www.cercledecultura.org\/ca\/#\/schema\/person\/269db25cfadcb4bd2e41781c819942f9","name":"admin","image":{"@type":"ImageObject","inLanguage":"ca","@id":"https:\/\/secure.gravatar.com\/avatar\/e88a8bb50a361c6d45c4709770a3d765016be4b5d85313447b91d0d707434ad9?s=96&d=mm&r=g","url":"https:\/\/secure.gravatar.com\/avatar\/e88a8bb50a361c6d45c4709770a3d765016be4b5d85313447b91d0d707434ad9?s=96&d=mm&r=g","contentUrl":"https:\/\/secure.gravatar.com\/avatar\/e88a8bb50a361c6d45c4709770a3d765016be4b5d85313447b91d0d707434ad9?s=96&d=mm&r=g","caption":"admin"},"url":"https:\/\/www.cercledecultura.org\/ca\/author\/seic_trzh7tdr\/"}]}},"_links":{"self":[{"href":"https:\/\/www.cercledecultura.org\/ca\/wp-json\/wp\/v2\/posts\/908","targetHints":{"allow":["GET"]}}],"collection":[{"href":"https:\/\/www.cercledecultura.org\/ca\/wp-json\/wp\/v2\/posts"}],"about":[{"href":"https:\/\/www.cercledecultura.org\/ca\/wp-json\/wp\/v2\/types\/post"}],"author":[{"embeddable":true,"href":"https:\/\/www.cercledecultura.org\/ca\/wp-json\/wp\/v2\/users\/1"}],"replies":[{"embeddable":true,"href":"https:\/\/www.cercledecultura.org\/ca\/wp-json\/wp\/v2\/comments?post=908"}],"version-history":[{"count":6,"href":"https:\/\/www.cercledecultura.org\/ca\/wp-json\/wp\/v2\/posts\/908\/revisions"}],"predecessor-version":[{"id":1465,"href":"https:\/\/www.cercledecultura.org\/ca\/wp-json\/wp\/v2\/posts\/908\/revisions\/1465"}],"wp:featuredmedia":[{"embeddable":true,"href":"https:\/\/www.cercledecultura.org\/ca\/wp-json\/wp\/v2\/media\/909"}],"wp:attachment":[{"href":"https:\/\/www.cercledecultura.org\/ca\/wp-json\/wp\/v2\/media?parent=908"}],"wp:term":[{"taxonomy":"category","embeddable":true,"href":"https:\/\/www.cercledecultura.org\/ca\/wp-json\/wp\/v2\/categories?post=908"},{"taxonomy":"post_tag","embeddable":true,"href":"https:\/\/www.cercledecultura.org\/ca\/wp-json\/wp\/v2\/tags?post=908"}],"curies":[{"name":"wp","href":"https:\/\/api.w.org\/{rel}","templated":true}]}}