{"id":902,"date":"2019-02-11T11:00:00","date_gmt":"2019-02-11T11:00:00","guid":{"rendered":"https:\/\/pre.cercledecultura.org\/taula_politiques_culturals_forumcultura2020_finalitza\/"},"modified":"2021-02-23T10:04:08","modified_gmt":"2021-02-23T10:04:08","slug":"taula_politiques_culturals_forumcultura2020_finalitza","status":"publish","type":"post","link":"https:\/\/www.cercledecultura.org\/ca\/taula_politiques_culturals_forumcultura2020_finalitza\/","title":{"rendered":"La taula de debat sobre pol\u00edtiques culturals finalitza les seves reunions de treball"},"content":{"rendered":"<p>El passat 6 de febrer, la taula del F\u00f2rum Cultura 2020 dedicada a les pol\u00edtiques culturals celebr\u00e0 la seva segona reuni\u00f3 de treball, coordinada per Esteve Le\u00f3n.\u00a0En aquesta sessi\u00f3 hi van participar Segimon Borr\u00e0s, Jordi Pardo, Jordi Ball\u00f3, Gemma Carb\u00f3, Pepe Serra, Xavier Cubeles, Jordi Sellas, Llu\u00eds Bonet, N\u00faria Sempere, Montse Ayats, Andreu Garrido, Nicol\u00e1s Barbieri i Pilar Parcerisas. La trobada, celebrada novament a la Biblioteca de Catalunya, serv\u00ed per tancar el proc\u00e9s de debat iniciat a l&#8217;anterior reuni\u00f3, concretant les propostes i reflexions que s&#8217;hi havien treballat.  Aquesta \u00e9s la vuitena i darrera taula d&#8217;aquest F\u00f2rum Cultura 2020 iniciat l&#8217;any passat. Durant aquests mesos, a les 16 reunions de treball celebrades hi han participat m\u00e9s d&#8217;un centenar de persones que s\u00f3n referents en els distints \u00e0mbits professionals, empresarials i creatius del m\u00f3n cultural catal\u00e0.  Properament s&#8217;informar\u00e0 dels actes\u00a0de cloenda d&#8217;aquest F\u00f2rum Cultura 2020, a partir de les aportacions realitzades per aquestes vuit taules de debat.<\/p>\n","protected":false},"excerpt":{"rendered":"<p>El passat 6 de febrer, la taula del F\u00f2rum Cultura 2020 dedicada a les pol\u00edtiques culturals celebr\u00e0 la seva segona reuni\u00f3 de treball, coordinada per Esteve Le\u00f3n. Aquesta \u00e9s la vuitena i darrera taula d&#8217;aquest f\u00f2rum iniciat el 2018 que, properament, organitzar\u00e0 les seves activitats finals.<\/p>\n","protected":false},"author":1,"featured_media":903,"comment_status":"open","ping_status":"closed","sticky":false,"template":"","format":"standard","meta":{"footnotes":""},"categories":[26],"tags":[463,65,28,464],"class_list":["post-902","post","type-post","status-publish","format-standard","has-post-thumbnail","hentry","category-noticies","tag-biblioteca-de-catalunya","tag-esteve-leon","tag-forum-cultura-2020","tag-politiques-culturals"],"yoast_head":"<!-- This site is optimized with the Yoast SEO plugin v27.5 - https:\/\/yoast.com\/product\/yoast-seo-wordpress\/ -->\n<title>La taula de debat sobre pol\u00edtiques culturals finalitza les seves reunions de treball - Cercle de Cultura<\/title>\n<meta name=\"robots\" content=\"index, follow, max-snippet:-1, max-image-preview:large, max-video-preview:-1\" \/>\n<link rel=\"canonical\" href=\"https:\/\/www.cercledecultura.org\/ca\/taula_politiques_culturals_forumcultura2020_finalitza\/\" \/>\n<meta property=\"og:locale\" content=\"ca_ES\" \/>\n<meta property=\"og:type\" content=\"article\" \/>\n<meta property=\"og:title\" content=\"La taula de debat sobre pol\u00edtiques culturals finalitza les seves reunions de treball - Cercle de Cultura\" \/>\n<meta property=\"og:description\" content=\"El passat 6 de febrer, la taula del F\u00f2rum Cultura 2020 dedicada a les pol\u00edtiques culturals celebr\u00e0 la seva segona reuni\u00f3 de treball, coordinada per Esteve Le\u00f3n. Aquesta \u00e9s la vuitena i darrera taula d&#039;aquest f\u00f2rum iniciat el 2018 que, properament, organitzar\u00e0 les seves activitats finals.\" \/>\n<meta property=\"og:url\" content=\"https:\/\/www.cercledecultura.org\/ca\/taula_politiques_culturals_forumcultura2020_finalitza\/\" \/>\n<meta property=\"og:site_name\" content=\"Cercle de Cultura\" \/>\n<meta property=\"article:published_time\" content=\"2019-02-11T11:00:00+00:00\" \/>\n<meta property=\"article:modified_time\" content=\"2021-02-23T10:04:08+00:00\" \/>\n<meta property=\"og:image\" content=\"https:\/\/www.cercledecultura.org\/wp-content\/uploads\/2021\/02\/uspKwroP0Kg9vOgxeBdNQ.jpg\" \/>\n\t<meta property=\"og:image:width\" content=\"1668\" \/>\n\t<meta property=\"og:image:height\" content=\"1099\" \/>\n\t<meta property=\"og:image:type\" content=\"image\/jpeg\" \/>\n<meta name=\"author\" content=\"admin\" \/>\n<meta name=\"twitter:card\" content=\"summary_large_image\" \/>\n<meta name=\"twitter:label1\" content=\"Escrit per\" \/>\n\t<meta name=\"twitter:data1\" content=\"admin\" \/>\n\t<meta name=\"twitter:label2\" content=\"Temps estimat de lectura\" \/>\n\t<meta name=\"twitter:data2\" content=\"1 minut\" \/>\n<script type=\"application\/ld+json\" class=\"yoast-schema-graph\">{\"@context\":\"https:\\\/\\\/schema.org\",\"@graph\":[{\"@type\":\"Article\",\"@id\":\"https:\\\/\\\/www.cercledecultura.org\\\/ca\\\/taula_politiques_culturals_forumcultura2020_finalitza\\\/#article\",\"isPartOf\":{\"@id\":\"https:\\\/\\\/www.cercledecultura.org\\\/ca\\\/taula_politiques_culturals_forumcultura2020_finalitza\\\/\"},\"author\":{\"name\":\"admin\",\"@id\":\"https:\\\/\\\/www.cercledecultura.org\\\/ca\\\/#\\\/schema\\\/person\\\/269db25cfadcb4bd2e41781c819942f9\"},\"headline\":\"La taula de debat sobre pol\u00edtiques culturals finalitza les seves reunions de treball\",\"datePublished\":\"2019-02-11T11:00:00+00:00\",\"dateModified\":\"2021-02-23T10:04:08+00:00\",\"mainEntityOfPage\":{\"@id\":\"https:\\\/\\\/www.cercledecultura.org\\\/ca\\\/taula_politiques_culturals_forumcultura2020_finalitza\\\/\"},\"wordCount\":187,\"commentCount\":0,\"publisher\":{\"@id\":\"https:\\\/\\\/www.cercledecultura.org\\\/ca\\\/#organization\"},\"image\":{\"@id\":\"https:\\\/\\\/www.cercledecultura.org\\\/ca\\\/taula_politiques_culturals_forumcultura2020_finalitza\\\/#primaryimage\"},\"thumbnailUrl\":\"https:\\\/\\\/www.cercledecultura.org\\\/wp-content\\\/uploads\\\/2021\\\/02\\\/uspKwroP0Kg9vOgxeBdNQ.jpg\",\"keywords\":[\"Biblioteca de Catalunya\",\"Esteve Le\u00f3n\",\"F\u00f2rum Cultura 2020\",\"pol\u00edtiques culturals\"],\"articleSection\":[\"Not\u00edcies\"],\"inLanguage\":\"ca\",\"potentialAction\":[{\"@type\":\"CommentAction\",\"name\":\"Comment\",\"target\":[\"https:\\\/\\\/www.cercledecultura.org\\\/ca\\\/taula_politiques_culturals_forumcultura2020_finalitza\\\/#respond\"]}]},{\"@type\":\"WebPage\",\"@id\":\"https:\\\/\\\/www.cercledecultura.org\\\/ca\\\/taula_politiques_culturals_forumcultura2020_finalitza\\\/\",\"url\":\"https:\\\/\\\/www.cercledecultura.org\\\/ca\\\/taula_politiques_culturals_forumcultura2020_finalitza\\\/\",\"name\":\"La taula de debat sobre pol\u00edtiques culturals finalitza les seves reunions de treball - Cercle de Cultura\",\"isPartOf\":{\"@id\":\"https:\\\/\\\/www.cercledecultura.org\\\/ca\\\/#website\"},\"primaryImageOfPage\":{\"@id\":\"https:\\\/\\\/www.cercledecultura.org\\\/ca\\\/taula_politiques_culturals_forumcultura2020_finalitza\\\/#primaryimage\"},\"image\":{\"@id\":\"https:\\\/\\\/www.cercledecultura.org\\\/ca\\\/taula_politiques_culturals_forumcultura2020_finalitza\\\/#primaryimage\"},\"thumbnailUrl\":\"https:\\\/\\\/www.cercledecultura.org\\\/wp-content\\\/uploads\\\/2021\\\/02\\\/uspKwroP0Kg9vOgxeBdNQ.jpg\",\"datePublished\":\"2019-02-11T11:00:00+00:00\",\"dateModified\":\"2021-02-23T10:04:08+00:00\",\"breadcrumb\":{\"@id\":\"https:\\\/\\\/www.cercledecultura.org\\\/ca\\\/taula_politiques_culturals_forumcultura2020_finalitza\\\/#breadcrumb\"},\"inLanguage\":\"ca\",\"potentialAction\":[{\"@type\":\"ReadAction\",\"target\":[\"https:\\\/\\\/www.cercledecultura.org\\\/ca\\\/taula_politiques_culturals_forumcultura2020_finalitza\\\/\"]}]},{\"@type\":\"ImageObject\",\"inLanguage\":\"ca\",\"@id\":\"https:\\\/\\\/www.cercledecultura.org\\\/ca\\\/taula_politiques_culturals_forumcultura2020_finalitza\\\/#primaryimage\",\"url\":\"https:\\\/\\\/www.cercledecultura.org\\\/wp-content\\\/uploads\\\/2021\\\/02\\\/uspKwroP0Kg9vOgxeBdNQ.jpg\",\"contentUrl\":\"https:\\\/\\\/www.cercledecultura.org\\\/wp-content\\\/uploads\\\/2021\\\/02\\\/uspKwroP0Kg9vOgxeBdNQ.jpg\",\"width\":1668,\"height\":1099},{\"@type\":\"BreadcrumbList\",\"@id\":\"https:\\\/\\\/www.cercledecultura.org\\\/ca\\\/taula_politiques_culturals_forumcultura2020_finalitza\\\/#breadcrumb\",\"itemListElement\":[{\"@type\":\"ListItem\",\"position\":1,\"name\":\"Portada\",\"item\":\"https:\\\/\\\/www.cercledecultura.org\\\/ca\\\/\"},{\"@type\":\"ListItem\",\"position\":2,\"name\":\"La taula de debat sobre pol\u00edtiques culturals finalitza les seves reunions de treball\"}]},{\"@type\":\"WebSite\",\"@id\":\"https:\\\/\\\/www.cercledecultura.org\\\/ca\\\/#website\",\"url\":\"https:\\\/\\\/www.cercledecultura.org\\\/ca\\\/\",\"name\":\"Cercle de Cultura\",\"description\":\"Entitat de car\u00e0cter privat i associatiu, independent, amb voluntat de participar en la vida p\u00fablica des de la pluralitat ideol\u00f2gica dels seus membres fundadors i futurs associats\",\"publisher\":{\"@id\":\"https:\\\/\\\/www.cercledecultura.org\\\/ca\\\/#organization\"},\"potentialAction\":[{\"@type\":\"SearchAction\",\"target\":{\"@type\":\"EntryPoint\",\"urlTemplate\":\"https:\\\/\\\/www.cercledecultura.org\\\/ca\\\/?s={search_term_string}\"},\"query-input\":{\"@type\":\"PropertyValueSpecification\",\"valueRequired\":true,\"valueName\":\"search_term_string\"}}],\"inLanguage\":\"ca\"},{\"@type\":\"Organization\",\"@id\":\"https:\\\/\\\/www.cercledecultura.org\\\/ca\\\/#organization\",\"name\":\"Cercle de Cultura\",\"url\":\"https:\\\/\\\/www.cercledecultura.org\\\/ca\\\/\",\"logo\":{\"@type\":\"ImageObject\",\"inLanguage\":\"ca\",\"@id\":\"https:\\\/\\\/www.cercledecultura.org\\\/ca\\\/#\\\/schema\\\/logo\\\/image\\\/\",\"url\":\"https:\\\/\\\/www.cercledecultura.org\\\/wp-content\\\/uploads\\\/2020\\\/01\\\/logo-cercle-de-cultura.png\",\"contentUrl\":\"https:\\\/\\\/www.cercledecultura.org\\\/wp-content\\\/uploads\\\/2020\\\/01\\\/logo-cercle-de-cultura.png\",\"width\":350,\"height\":195,\"caption\":\"Cercle de Cultura\"},\"image\":{\"@id\":\"https:\\\/\\\/www.cercledecultura.org\\\/ca\\\/#\\\/schema\\\/logo\\\/image\\\/\"}},{\"@type\":\"Person\",\"@id\":\"https:\\\/\\\/www.cercledecultura.org\\\/ca\\\/#\\\/schema\\\/person\\\/269db25cfadcb4bd2e41781c819942f9\",\"name\":\"admin\",\"image\":{\"@type\":\"ImageObject\",\"inLanguage\":\"ca\",\"@id\":\"https:\\\/\\\/secure.gravatar.com\\\/avatar\\\/e88a8bb50a361c6d45c4709770a3d765016be4b5d85313447b91d0d707434ad9?s=96&d=mm&r=g\",\"url\":\"https:\\\/\\\/secure.gravatar.com\\\/avatar\\\/e88a8bb50a361c6d45c4709770a3d765016be4b5d85313447b91d0d707434ad9?s=96&d=mm&r=g\",\"contentUrl\":\"https:\\\/\\\/secure.gravatar.com\\\/avatar\\\/e88a8bb50a361c6d45c4709770a3d765016be4b5d85313447b91d0d707434ad9?s=96&d=mm&r=g\",\"caption\":\"admin\"},\"url\":\"https:\\\/\\\/www.cercledecultura.org\\\/ca\\\/author\\\/seic_trzh7tdr\\\/\"}]}<\/script>\n<!-- \/ Yoast SEO plugin. -->","yoast_head_json":{"title":"La taula de debat sobre pol\u00edtiques culturals finalitza les seves reunions de treball - Cercle de Cultura","robots":{"index":"index","follow":"follow","max-snippet":"max-snippet:-1","max-image-preview":"max-image-preview:large","max-video-preview":"max-video-preview:-1"},"canonical":"https:\/\/www.cercledecultura.org\/ca\/taula_politiques_culturals_forumcultura2020_finalitza\/","og_locale":"ca_ES","og_type":"article","og_title":"La taula de debat sobre pol\u00edtiques culturals finalitza les seves reunions de treball - Cercle de Cultura","og_description":"El passat 6 de febrer, la taula del F\u00f2rum Cultura 2020 dedicada a les pol\u00edtiques culturals celebr\u00e0 la seva segona reuni\u00f3 de treball, coordinada per Esteve Le\u00f3n. Aquesta \u00e9s la vuitena i darrera taula d'aquest f\u00f2rum iniciat el 2018 que, properament, organitzar\u00e0 les seves activitats finals.","og_url":"https:\/\/www.cercledecultura.org\/ca\/taula_politiques_culturals_forumcultura2020_finalitza\/","og_site_name":"Cercle de Cultura","article_published_time":"2019-02-11T11:00:00+00:00","article_modified_time":"2021-02-23T10:04:08+00:00","og_image":[{"width":1668,"height":1099,"url":"https:\/\/www.cercledecultura.org\/wp-content\/uploads\/2021\/02\/uspKwroP0Kg9vOgxeBdNQ.jpg","type":"image\/jpeg"}],"author":"admin","twitter_card":"summary_large_image","twitter_misc":{"Escrit per":"admin","Temps estimat de lectura":"1 minut"},"schema":{"@context":"https:\/\/schema.org","@graph":[{"@type":"Article","@id":"https:\/\/www.cercledecultura.org\/ca\/taula_politiques_culturals_forumcultura2020_finalitza\/#article","isPartOf":{"@id":"https:\/\/www.cercledecultura.org\/ca\/taula_politiques_culturals_forumcultura2020_finalitza\/"},"author":{"name":"admin","@id":"https:\/\/www.cercledecultura.org\/ca\/#\/schema\/person\/269db25cfadcb4bd2e41781c819942f9"},"headline":"La taula de debat sobre pol\u00edtiques culturals finalitza les seves reunions de treball","datePublished":"2019-02-11T11:00:00+00:00","dateModified":"2021-02-23T10:04:08+00:00","mainEntityOfPage":{"@id":"https:\/\/www.cercledecultura.org\/ca\/taula_politiques_culturals_forumcultura2020_finalitza\/"},"wordCount":187,"commentCount":0,"publisher":{"@id":"https:\/\/www.cercledecultura.org\/ca\/#organization"},"image":{"@id":"https:\/\/www.cercledecultura.org\/ca\/taula_politiques_culturals_forumcultura2020_finalitza\/#primaryimage"},"thumbnailUrl":"https:\/\/www.cercledecultura.org\/wp-content\/uploads\/2021\/02\/uspKwroP0Kg9vOgxeBdNQ.jpg","keywords":["Biblioteca de Catalunya","Esteve Le\u00f3n","F\u00f2rum Cultura 2020","pol\u00edtiques culturals"],"articleSection":["Not\u00edcies"],"inLanguage":"ca","potentialAction":[{"@type":"CommentAction","name":"Comment","target":["https:\/\/www.cercledecultura.org\/ca\/taula_politiques_culturals_forumcultura2020_finalitza\/#respond"]}]},{"@type":"WebPage","@id":"https:\/\/www.cercledecultura.org\/ca\/taula_politiques_culturals_forumcultura2020_finalitza\/","url":"https:\/\/www.cercledecultura.org\/ca\/taula_politiques_culturals_forumcultura2020_finalitza\/","name":"La taula de debat sobre pol\u00edtiques culturals finalitza les seves reunions de treball - Cercle de Cultura","isPartOf":{"@id":"https:\/\/www.cercledecultura.org\/ca\/#website"},"primaryImageOfPage":{"@id":"https:\/\/www.cercledecultura.org\/ca\/taula_politiques_culturals_forumcultura2020_finalitza\/#primaryimage"},"image":{"@id":"https:\/\/www.cercledecultura.org\/ca\/taula_politiques_culturals_forumcultura2020_finalitza\/#primaryimage"},"thumbnailUrl":"https:\/\/www.cercledecultura.org\/wp-content\/uploads\/2021\/02\/uspKwroP0Kg9vOgxeBdNQ.jpg","datePublished":"2019-02-11T11:00:00+00:00","dateModified":"2021-02-23T10:04:08+00:00","breadcrumb":{"@id":"https:\/\/www.cercledecultura.org\/ca\/taula_politiques_culturals_forumcultura2020_finalitza\/#breadcrumb"},"inLanguage":"ca","potentialAction":[{"@type":"ReadAction","target":["https:\/\/www.cercledecultura.org\/ca\/taula_politiques_culturals_forumcultura2020_finalitza\/"]}]},{"@type":"ImageObject","inLanguage":"ca","@id":"https:\/\/www.cercledecultura.org\/ca\/taula_politiques_culturals_forumcultura2020_finalitza\/#primaryimage","url":"https:\/\/www.cercledecultura.org\/wp-content\/uploads\/2021\/02\/uspKwroP0Kg9vOgxeBdNQ.jpg","contentUrl":"https:\/\/www.cercledecultura.org\/wp-content\/uploads\/2021\/02\/uspKwroP0Kg9vOgxeBdNQ.jpg","width":1668,"height":1099},{"@type":"BreadcrumbList","@id":"https:\/\/www.cercledecultura.org\/ca\/taula_politiques_culturals_forumcultura2020_finalitza\/#breadcrumb","itemListElement":[{"@type":"ListItem","position":1,"name":"Portada","item":"https:\/\/www.cercledecultura.org\/ca\/"},{"@type":"ListItem","position":2,"name":"La taula de debat sobre pol\u00edtiques culturals finalitza les seves reunions de treball"}]},{"@type":"WebSite","@id":"https:\/\/www.cercledecultura.org\/ca\/#website","url":"https:\/\/www.cercledecultura.org\/ca\/","name":"Cercle de Cultura","description":"Entitat de car\u00e0cter privat i associatiu, independent, amb voluntat de participar en la vida p\u00fablica des de la pluralitat ideol\u00f2gica dels seus membres fundadors i futurs associats","publisher":{"@id":"https:\/\/www.cercledecultura.org\/ca\/#organization"},"potentialAction":[{"@type":"SearchAction","target":{"@type":"EntryPoint","urlTemplate":"https:\/\/www.cercledecultura.org\/ca\/?s={search_term_string}"},"query-input":{"@type":"PropertyValueSpecification","valueRequired":true,"valueName":"search_term_string"}}],"inLanguage":"ca"},{"@type":"Organization","@id":"https:\/\/www.cercledecultura.org\/ca\/#organization","name":"Cercle de Cultura","url":"https:\/\/www.cercledecultura.org\/ca\/","logo":{"@type":"ImageObject","inLanguage":"ca","@id":"https:\/\/www.cercledecultura.org\/ca\/#\/schema\/logo\/image\/","url":"https:\/\/www.cercledecultura.org\/wp-content\/uploads\/2020\/01\/logo-cercle-de-cultura.png","contentUrl":"https:\/\/www.cercledecultura.org\/wp-content\/uploads\/2020\/01\/logo-cercle-de-cultura.png","width":350,"height":195,"caption":"Cercle de Cultura"},"image":{"@id":"https:\/\/www.cercledecultura.org\/ca\/#\/schema\/logo\/image\/"}},{"@type":"Person","@id":"https:\/\/www.cercledecultura.org\/ca\/#\/schema\/person\/269db25cfadcb4bd2e41781c819942f9","name":"admin","image":{"@type":"ImageObject","inLanguage":"ca","@id":"https:\/\/secure.gravatar.com\/avatar\/e88a8bb50a361c6d45c4709770a3d765016be4b5d85313447b91d0d707434ad9?s=96&d=mm&r=g","url":"https:\/\/secure.gravatar.com\/avatar\/e88a8bb50a361c6d45c4709770a3d765016be4b5d85313447b91d0d707434ad9?s=96&d=mm&r=g","contentUrl":"https:\/\/secure.gravatar.com\/avatar\/e88a8bb50a361c6d45c4709770a3d765016be4b5d85313447b91d0d707434ad9?s=96&d=mm&r=g","caption":"admin"},"url":"https:\/\/www.cercledecultura.org\/ca\/author\/seic_trzh7tdr\/"}]}},"_links":{"self":[{"href":"https:\/\/www.cercledecultura.org\/ca\/wp-json\/wp\/v2\/posts\/902","targetHints":{"allow":["GET"]}}],"collection":[{"href":"https:\/\/www.cercledecultura.org\/ca\/wp-json\/wp\/v2\/posts"}],"about":[{"href":"https:\/\/www.cercledecultura.org\/ca\/wp-json\/wp\/v2\/types\/post"}],"author":[{"embeddable":true,"href":"https:\/\/www.cercledecultura.org\/ca\/wp-json\/wp\/v2\/users\/1"}],"replies":[{"embeddable":true,"href":"https:\/\/www.cercledecultura.org\/ca\/wp-json\/wp\/v2\/comments?post=902"}],"version-history":[{"count":1,"href":"https:\/\/www.cercledecultura.org\/ca\/wp-json\/wp\/v2\/posts\/902\/revisions"}],"predecessor-version":[{"id":1211,"href":"https:\/\/www.cercledecultura.org\/ca\/wp-json\/wp\/v2\/posts\/902\/revisions\/1211"}],"wp:featuredmedia":[{"embeddable":true,"href":"https:\/\/www.cercledecultura.org\/ca\/wp-json\/wp\/v2\/media\/903"}],"wp:attachment":[{"href":"https:\/\/www.cercledecultura.org\/ca\/wp-json\/wp\/v2\/media?parent=902"}],"wp:term":[{"taxonomy":"category","embeddable":true,"href":"https:\/\/www.cercledecultura.org\/ca\/wp-json\/wp\/v2\/categories?post=902"},{"taxonomy":"post_tag","embeddable":true,"href":"https:\/\/www.cercledecultura.org\/ca\/wp-json\/wp\/v2\/tags?post=902"}],"curies":[{"name":"wp","href":"https:\/\/api.w.org\/{rel}","templated":true}]}}