{"id":897,"date":"2019-01-23T06:54:00","date_gmt":"2019-01-23T06:54:00","guid":{"rendered":"https:\/\/pre.cercledecultura.org\/nova_agenda_europea_cultura_barcelona\/"},"modified":"2021-03-08T18:54:48","modified_gmt":"2021-03-08T18:54:48","slug":"nova_agenda_europea_cultura_barcelona","status":"publish","type":"post","link":"https:\/\/www.cercledecultura.org\/ca\/nova_agenda_europea_cultura_barcelona\/","title":{"rendered":"Gran assist\u00e8ncia a l&#8217;acte de presentaci\u00f3 de la Nova Agenda Europea de la Cultura a Barcelona"},"content":{"rendered":"<p>La Representaci\u00f3 de la Comissi\u00f3 Europea, el Cercle de Cultura\u00a0 i la Fundaci\u00f3 Romea per a les Arts Esc\u00e8niques han presentat el proppassat\u00a0dimarts 22\u00a0 de gener, a l&#8217;auditori del Cercle d&#8217;Economia, l\u2019edici\u00f3 catalana de la Nova Agenda Europea per la Cultura, amb el convenciment que ser\u00e0 una eina \u00fatil tant per als actors culturals en els seus projectes de cooperaci\u00f3 europea com per a l\u2019orientaci\u00f3 estrat\u00e8gica del sector.  L\u2019acte de presentaci\u00f3 d&#8217;aquesta agenda (que inclou el document de treball dels serveis de la Comissi\u00f3 i altres textos de pol\u00edtica cultural europea, per primer cop en catal\u00e0 i que us podreu descarregar clicant la icona inferior) va ser\u00a0presentat per Ferran Tarradellas, director de la Representaci\u00f3 de la Comissi\u00f3 Europea a Barcelona, i Segimon Borr\u00e0s, president del Cercle de Cultura. Hi van\u00a0intervenir Barbara Stacher, membre de la Unitat de Pol\u00edtica Cultural de la Direcci\u00f3 General d\u2019Educaci\u00f3 i Cultura de la Comissi\u00f3 Europea (la seva presentaci\u00f3 tamb\u00e9 \u00e9s descarregable des de la icona corresponent inferior), Mercedes del Palacio Tasc\u00f3n, consellera de Cultura, Audiovisual i drets d\u2019autor de la Representaci\u00f3 Permanent d\u2019Espanya davant la Uni\u00f3 Europea, i Estanislau Vidal-Folch, expert en pol\u00edtiques europees, director de l\u2019\u00c0rea de Foment de la Delegaci\u00f3 del Govern a Catalunya i membre del Cercle de Cultura.  Amb una nombrosa assist\u00e8ncia de personalitats del m\u00f3n de la cultura i de les institucions catalanes i de les Illes, entre elles la consellera Laura Borr\u00e0s, tamb\u00e9 es compt\u00e0 amb la pres\u00e8ncia de diversos representants del cos diplom\u00e0tic a Barcelona, com el c\u00f2nsol de Romania, Manuel Plesa.  La Comissi\u00f3 Europea va proposar una Nova Agenda Europea per a la Cultura el mes de maig de 2018. Aquesta Nova Agenda delimita el marc estrat\u00e8gic en qu\u00e8 es far\u00e0 la propera fase de la cooperaci\u00f3 cultural a escala de la UE a partir de 2019, t\u00e9 en compte l&#8217;evoluci\u00f3 del sector cultural des de l\u2019Agenda anterior (2008) i se centra en la contribuci\u00f3 positiva de la cultura a la societat, l&#8217;economia i les relacions internacionals d&#8217;Europa. Tamb\u00e9 estableix millores en els m\u00e8todes de treball amb els Estats membres, la societat civil i els socis internacionals.  Cal recordar que la Comissi\u00f3 Europa t\u00e9 un comprom\u00eds amb el foment de la diversitat cultural, la protecci\u00f3 del patrimoni cultural, la superaci\u00f3 dels obstacles que dificulten la mobilitat dels professionals de la cultura i el suport a la contribuci\u00f3 de les ind\u00fastries culturals i creatives al creixement i la creaci\u00f3 d&#8217;ocupaci\u00f3 a tota la UE, d&#8217;acord amb els principis de l&#8217;Agenda Europea per a la Cultura del 2008. El Cercle de Cultura, per la seva banda, t\u00e9 la vocaci\u00f3 d\u2019esdevenir un espai de di\u00e0leg i de debat a favor de la cultura i la seva centralitat en la vida social catalana.<\/p>\n","protected":false},"excerpt":{"rendered":"<p>La Representaci\u00f3 de la Comissi\u00f3 Europea, el Cercle de Cultura\u00a0 i la Fundaci\u00f3 Romea per a les Arts Esc\u00e8niques han presentat el proppassat 22 de gener, a l&#8217;auditori del Cercle d&#8217;Economia, l\u2019edici\u00f3 catalana de la Nova Agenda Europea per la Cultura, davant d&#8217;una nombrosa assist\u00e8ncia de personalitats del m\u00f3n cultural, institucional i diplom\u00e0tic (Al final de l&#8217;article trobareu l&#8217;enlla\u00e7 al document)<\/p>\n","protected":false},"author":1,"featured_media":898,"comment_status":"open","ping_status":"closed","sticky":false,"template":"","format":"standard","meta":{"footnotes":""},"categories":[3],"tags":[459,5,137,200],"class_list":["post-897","post","type-post","status-publish","format-standard","has-post-thumbnail","hentry","category-activitats","tag-agenda-europea-per-a-la-cultura","tag-cultura","tag-europa","tag-ue"],"yoast_head":"<!-- This site is optimized with the Yoast SEO plugin v27.5 - https:\/\/yoast.com\/product\/yoast-seo-wordpress\/ -->\n<title>Gran assist\u00e8ncia a l&#039;acte de presentaci\u00f3 de la Nova Agenda Europea de la Cultura a Barcelona - Cercle de Cultura<\/title>\n<meta name=\"robots\" content=\"index, follow, max-snippet:-1, max-image-preview:large, max-video-preview:-1\" \/>\n<link rel=\"canonical\" href=\"https:\/\/www.cercledecultura.org\/ca\/nova_agenda_europea_cultura_barcelona\/\" \/>\n<meta property=\"og:locale\" content=\"ca_ES\" \/>\n<meta property=\"og:type\" content=\"article\" \/>\n<meta property=\"og:title\" content=\"Gran assist\u00e8ncia a l&#039;acte de presentaci\u00f3 de la Nova Agenda Europea de la Cultura a Barcelona - Cercle de Cultura\" \/>\n<meta property=\"og:description\" content=\"La Representaci\u00f3 de la Comissi\u00f3 Europea, el Cercle de Cultura\u00a0 i la Fundaci\u00f3 Romea per a les Arts Esc\u00e8niques han presentat el proppassat 22 de gener, a l&#039;auditori del Cercle d&#039;Economia, l\u2019edici\u00f3 catalana de la Nova Agenda Europea per la Cultura, davant d&#039;una nombrosa assist\u00e8ncia de personalitats del m\u00f3n cultural, institucional i diplom\u00e0tic (Al final de l&#039;article trobareu l&#039;enlla\u00e7 al document)\" \/>\n<meta property=\"og:url\" content=\"https:\/\/www.cercledecultura.org\/ca\/nova_agenda_europea_cultura_barcelona\/\" \/>\n<meta property=\"og:site_name\" content=\"Cercle de Cultura\" \/>\n<meta property=\"article:published_time\" content=\"2019-01-23T06:54:00+00:00\" \/>\n<meta property=\"article:modified_time\" content=\"2021-03-08T18:54:48+00:00\" \/>\n<meta property=\"og:image\" content=\"https:\/\/www.cercledecultura.org\/wp-content\/uploads\/2021\/02\/pHzwFL0S0yAjFFEfTWoQ.jpg\" \/>\n\t<meta property=\"og:image:width\" content=\"1600\" \/>\n\t<meta property=\"og:image:height\" content=\"1200\" \/>\n\t<meta property=\"og:image:type\" content=\"image\/jpeg\" \/>\n<meta name=\"author\" content=\"admin\" \/>\n<meta name=\"twitter:card\" content=\"summary_large_image\" \/>\n<meta name=\"twitter:label1\" content=\"Escrit per\" \/>\n\t<meta name=\"twitter:data1\" content=\"admin\" \/>\n\t<meta name=\"twitter:label2\" content=\"Temps estimat de lectura\" \/>\n\t<meta name=\"twitter:data2\" content=\"2 minuts\" \/>\n<script type=\"application\/ld+json\" class=\"yoast-schema-graph\">{\"@context\":\"https:\\\/\\\/schema.org\",\"@graph\":[{\"@type\":\"Article\",\"@id\":\"https:\\\/\\\/www.cercledecultura.org\\\/ca\\\/nova_agenda_europea_cultura_barcelona\\\/#article\",\"isPartOf\":{\"@id\":\"https:\\\/\\\/www.cercledecultura.org\\\/ca\\\/nova_agenda_europea_cultura_barcelona\\\/\"},\"author\":{\"name\":\"admin\",\"@id\":\"https:\\\/\\\/www.cercledecultura.org\\\/ca\\\/#\\\/schema\\\/person\\\/269db25cfadcb4bd2e41781c819942f9\"},\"headline\":\"Gran assist\u00e8ncia a l&#8217;acte de presentaci\u00f3 de la Nova Agenda Europea de la Cultura a Barcelona\",\"datePublished\":\"2019-01-23T06:54:00+00:00\",\"dateModified\":\"2021-03-08T18:54:48+00:00\",\"mainEntityOfPage\":{\"@id\":\"https:\\\/\\\/www.cercledecultura.org\\\/ca\\\/nova_agenda_europea_cultura_barcelona\\\/\"},\"wordCount\":504,\"commentCount\":0,\"publisher\":{\"@id\":\"https:\\\/\\\/www.cercledecultura.org\\\/ca\\\/#organization\"},\"image\":{\"@id\":\"https:\\\/\\\/www.cercledecultura.org\\\/ca\\\/nova_agenda_europea_cultura_barcelona\\\/#primaryimage\"},\"thumbnailUrl\":\"https:\\\/\\\/www.cercledecultura.org\\\/wp-content\\\/uploads\\\/2021\\\/02\\\/pHzwFL0S0yAjFFEfTWoQ.jpg\",\"keywords\":[\"Agenda Europea per a la cultura\",\"Cultura\",\"Europa\",\"UE\"],\"articleSection\":[\"Activitats\"],\"inLanguage\":\"ca\",\"potentialAction\":[{\"@type\":\"CommentAction\",\"name\":\"Comment\",\"target\":[\"https:\\\/\\\/www.cercledecultura.org\\\/ca\\\/nova_agenda_europea_cultura_barcelona\\\/#respond\"]}]},{\"@type\":\"WebPage\",\"@id\":\"https:\\\/\\\/www.cercledecultura.org\\\/ca\\\/nova_agenda_europea_cultura_barcelona\\\/\",\"url\":\"https:\\\/\\\/www.cercledecultura.org\\\/ca\\\/nova_agenda_europea_cultura_barcelona\\\/\",\"name\":\"Gran assist\u00e8ncia a l'acte de presentaci\u00f3 de la Nova Agenda Europea de la Cultura a Barcelona - Cercle de Cultura\",\"isPartOf\":{\"@id\":\"https:\\\/\\\/www.cercledecultura.org\\\/ca\\\/#website\"},\"primaryImageOfPage\":{\"@id\":\"https:\\\/\\\/www.cercledecultura.org\\\/ca\\\/nova_agenda_europea_cultura_barcelona\\\/#primaryimage\"},\"image\":{\"@id\":\"https:\\\/\\\/www.cercledecultura.org\\\/ca\\\/nova_agenda_europea_cultura_barcelona\\\/#primaryimage\"},\"thumbnailUrl\":\"https:\\\/\\\/www.cercledecultura.org\\\/wp-content\\\/uploads\\\/2021\\\/02\\\/pHzwFL0S0yAjFFEfTWoQ.jpg\",\"datePublished\":\"2019-01-23T06:54:00+00:00\",\"dateModified\":\"2021-03-08T18:54:48+00:00\",\"breadcrumb\":{\"@id\":\"https:\\\/\\\/www.cercledecultura.org\\\/ca\\\/nova_agenda_europea_cultura_barcelona\\\/#breadcrumb\"},\"inLanguage\":\"ca\",\"potentialAction\":[{\"@type\":\"ReadAction\",\"target\":[\"https:\\\/\\\/www.cercledecultura.org\\\/ca\\\/nova_agenda_europea_cultura_barcelona\\\/\"]}]},{\"@type\":\"ImageObject\",\"inLanguage\":\"ca\",\"@id\":\"https:\\\/\\\/www.cercledecultura.org\\\/ca\\\/nova_agenda_europea_cultura_barcelona\\\/#primaryimage\",\"url\":\"https:\\\/\\\/www.cercledecultura.org\\\/wp-content\\\/uploads\\\/2021\\\/02\\\/pHzwFL0S0yAjFFEfTWoQ.jpg\",\"contentUrl\":\"https:\\\/\\\/www.cercledecultura.org\\\/wp-content\\\/uploads\\\/2021\\\/02\\\/pHzwFL0S0yAjFFEfTWoQ.jpg\",\"width\":1600,\"height\":1200},{\"@type\":\"BreadcrumbList\",\"@id\":\"https:\\\/\\\/www.cercledecultura.org\\\/ca\\\/nova_agenda_europea_cultura_barcelona\\\/#breadcrumb\",\"itemListElement\":[{\"@type\":\"ListItem\",\"position\":1,\"name\":\"Portada\",\"item\":\"https:\\\/\\\/www.cercledecultura.org\\\/ca\\\/\"},{\"@type\":\"ListItem\",\"position\":2,\"name\":\"Gran assist\u00e8ncia a l&#8217;acte de presentaci\u00f3 de la Nova Agenda Europea de la Cultura a Barcelona\"}]},{\"@type\":\"WebSite\",\"@id\":\"https:\\\/\\\/www.cercledecultura.org\\\/ca\\\/#website\",\"url\":\"https:\\\/\\\/www.cercledecultura.org\\\/ca\\\/\",\"name\":\"Cercle de Cultura\",\"description\":\"Entitat de car\u00e0cter privat i associatiu, independent, amb voluntat de participar en la vida p\u00fablica des de la pluralitat ideol\u00f2gica dels seus membres fundadors i futurs associats\",\"publisher\":{\"@id\":\"https:\\\/\\\/www.cercledecultura.org\\\/ca\\\/#organization\"},\"potentialAction\":[{\"@type\":\"SearchAction\",\"target\":{\"@type\":\"EntryPoint\",\"urlTemplate\":\"https:\\\/\\\/www.cercledecultura.org\\\/ca\\\/?s={search_term_string}\"},\"query-input\":{\"@type\":\"PropertyValueSpecification\",\"valueRequired\":true,\"valueName\":\"search_term_string\"}}],\"inLanguage\":\"ca\"},{\"@type\":\"Organization\",\"@id\":\"https:\\\/\\\/www.cercledecultura.org\\\/ca\\\/#organization\",\"name\":\"Cercle de Cultura\",\"url\":\"https:\\\/\\\/www.cercledecultura.org\\\/ca\\\/\",\"logo\":{\"@type\":\"ImageObject\",\"inLanguage\":\"ca\",\"@id\":\"https:\\\/\\\/www.cercledecultura.org\\\/ca\\\/#\\\/schema\\\/logo\\\/image\\\/\",\"url\":\"https:\\\/\\\/www.cercledecultura.org\\\/wp-content\\\/uploads\\\/2020\\\/01\\\/logo-cercle-de-cultura.png\",\"contentUrl\":\"https:\\\/\\\/www.cercledecultura.org\\\/wp-content\\\/uploads\\\/2020\\\/01\\\/logo-cercle-de-cultura.png\",\"width\":350,\"height\":195,\"caption\":\"Cercle de Cultura\"},\"image\":{\"@id\":\"https:\\\/\\\/www.cercledecultura.org\\\/ca\\\/#\\\/schema\\\/logo\\\/image\\\/\"}},{\"@type\":\"Person\",\"@id\":\"https:\\\/\\\/www.cercledecultura.org\\\/ca\\\/#\\\/schema\\\/person\\\/269db25cfadcb4bd2e41781c819942f9\",\"name\":\"admin\",\"image\":{\"@type\":\"ImageObject\",\"inLanguage\":\"ca\",\"@id\":\"https:\\\/\\\/secure.gravatar.com\\\/avatar\\\/e88a8bb50a361c6d45c4709770a3d765016be4b5d85313447b91d0d707434ad9?s=96&d=mm&r=g\",\"url\":\"https:\\\/\\\/secure.gravatar.com\\\/avatar\\\/e88a8bb50a361c6d45c4709770a3d765016be4b5d85313447b91d0d707434ad9?s=96&d=mm&r=g\",\"contentUrl\":\"https:\\\/\\\/secure.gravatar.com\\\/avatar\\\/e88a8bb50a361c6d45c4709770a3d765016be4b5d85313447b91d0d707434ad9?s=96&d=mm&r=g\",\"caption\":\"admin\"},\"url\":\"https:\\\/\\\/www.cercledecultura.org\\\/ca\\\/author\\\/seic_trzh7tdr\\\/\"}]}<\/script>\n<!-- \/ Yoast SEO plugin. -->","yoast_head_json":{"title":"Gran assist\u00e8ncia a l'acte de presentaci\u00f3 de la Nova Agenda Europea de la Cultura a Barcelona - Cercle de Cultura","robots":{"index":"index","follow":"follow","max-snippet":"max-snippet:-1","max-image-preview":"max-image-preview:large","max-video-preview":"max-video-preview:-1"},"canonical":"https:\/\/www.cercledecultura.org\/ca\/nova_agenda_europea_cultura_barcelona\/","og_locale":"ca_ES","og_type":"article","og_title":"Gran assist\u00e8ncia a l'acte de presentaci\u00f3 de la Nova Agenda Europea de la Cultura a Barcelona - Cercle de Cultura","og_description":"La Representaci\u00f3 de la Comissi\u00f3 Europea, el Cercle de Cultura\u00a0 i la Fundaci\u00f3 Romea per a les Arts Esc\u00e8niques han presentat el proppassat 22 de gener, a l'auditori del Cercle d'Economia, l\u2019edici\u00f3 catalana de la Nova Agenda Europea per la Cultura, davant d'una nombrosa assist\u00e8ncia de personalitats del m\u00f3n cultural, institucional i diplom\u00e0tic (Al final de l'article trobareu l'enlla\u00e7 al document)","og_url":"https:\/\/www.cercledecultura.org\/ca\/nova_agenda_europea_cultura_barcelona\/","og_site_name":"Cercle de Cultura","article_published_time":"2019-01-23T06:54:00+00:00","article_modified_time":"2021-03-08T18:54:48+00:00","og_image":[{"width":1600,"height":1200,"url":"https:\/\/www.cercledecultura.org\/wp-content\/uploads\/2021\/02\/pHzwFL0S0yAjFFEfTWoQ.jpg","type":"image\/jpeg"}],"author":"admin","twitter_card":"summary_large_image","twitter_misc":{"Escrit per":"admin","Temps estimat de lectura":"2 minuts"},"schema":{"@context":"https:\/\/schema.org","@graph":[{"@type":"Article","@id":"https:\/\/www.cercledecultura.org\/ca\/nova_agenda_europea_cultura_barcelona\/#article","isPartOf":{"@id":"https:\/\/www.cercledecultura.org\/ca\/nova_agenda_europea_cultura_barcelona\/"},"author":{"name":"admin","@id":"https:\/\/www.cercledecultura.org\/ca\/#\/schema\/person\/269db25cfadcb4bd2e41781c819942f9"},"headline":"Gran assist\u00e8ncia a l&#8217;acte de presentaci\u00f3 de la Nova Agenda Europea de la Cultura a Barcelona","datePublished":"2019-01-23T06:54:00+00:00","dateModified":"2021-03-08T18:54:48+00:00","mainEntityOfPage":{"@id":"https:\/\/www.cercledecultura.org\/ca\/nova_agenda_europea_cultura_barcelona\/"},"wordCount":504,"commentCount":0,"publisher":{"@id":"https:\/\/www.cercledecultura.org\/ca\/#organization"},"image":{"@id":"https:\/\/www.cercledecultura.org\/ca\/nova_agenda_europea_cultura_barcelona\/#primaryimage"},"thumbnailUrl":"https:\/\/www.cercledecultura.org\/wp-content\/uploads\/2021\/02\/pHzwFL0S0yAjFFEfTWoQ.jpg","keywords":["Agenda Europea per a la cultura","Cultura","Europa","UE"],"articleSection":["Activitats"],"inLanguage":"ca","potentialAction":[{"@type":"CommentAction","name":"Comment","target":["https:\/\/www.cercledecultura.org\/ca\/nova_agenda_europea_cultura_barcelona\/#respond"]}]},{"@type":"WebPage","@id":"https:\/\/www.cercledecultura.org\/ca\/nova_agenda_europea_cultura_barcelona\/","url":"https:\/\/www.cercledecultura.org\/ca\/nova_agenda_europea_cultura_barcelona\/","name":"Gran assist\u00e8ncia a l'acte de presentaci\u00f3 de la Nova Agenda Europea de la Cultura a Barcelona - Cercle de Cultura","isPartOf":{"@id":"https:\/\/www.cercledecultura.org\/ca\/#website"},"primaryImageOfPage":{"@id":"https:\/\/www.cercledecultura.org\/ca\/nova_agenda_europea_cultura_barcelona\/#primaryimage"},"image":{"@id":"https:\/\/www.cercledecultura.org\/ca\/nova_agenda_europea_cultura_barcelona\/#primaryimage"},"thumbnailUrl":"https:\/\/www.cercledecultura.org\/wp-content\/uploads\/2021\/02\/pHzwFL0S0yAjFFEfTWoQ.jpg","datePublished":"2019-01-23T06:54:00+00:00","dateModified":"2021-03-08T18:54:48+00:00","breadcrumb":{"@id":"https:\/\/www.cercledecultura.org\/ca\/nova_agenda_europea_cultura_barcelona\/#breadcrumb"},"inLanguage":"ca","potentialAction":[{"@type":"ReadAction","target":["https:\/\/www.cercledecultura.org\/ca\/nova_agenda_europea_cultura_barcelona\/"]}]},{"@type":"ImageObject","inLanguage":"ca","@id":"https:\/\/www.cercledecultura.org\/ca\/nova_agenda_europea_cultura_barcelona\/#primaryimage","url":"https:\/\/www.cercledecultura.org\/wp-content\/uploads\/2021\/02\/pHzwFL0S0yAjFFEfTWoQ.jpg","contentUrl":"https:\/\/www.cercledecultura.org\/wp-content\/uploads\/2021\/02\/pHzwFL0S0yAjFFEfTWoQ.jpg","width":1600,"height":1200},{"@type":"BreadcrumbList","@id":"https:\/\/www.cercledecultura.org\/ca\/nova_agenda_europea_cultura_barcelona\/#breadcrumb","itemListElement":[{"@type":"ListItem","position":1,"name":"Portada","item":"https:\/\/www.cercledecultura.org\/ca\/"},{"@type":"ListItem","position":2,"name":"Gran assist\u00e8ncia a l&#8217;acte de presentaci\u00f3 de la Nova Agenda Europea de la Cultura a Barcelona"}]},{"@type":"WebSite","@id":"https:\/\/www.cercledecultura.org\/ca\/#website","url":"https:\/\/www.cercledecultura.org\/ca\/","name":"Cercle de Cultura","description":"Entitat de car\u00e0cter privat i associatiu, independent, amb voluntat de participar en la vida p\u00fablica des de la pluralitat ideol\u00f2gica dels seus membres fundadors i futurs associats","publisher":{"@id":"https:\/\/www.cercledecultura.org\/ca\/#organization"},"potentialAction":[{"@type":"SearchAction","target":{"@type":"EntryPoint","urlTemplate":"https:\/\/www.cercledecultura.org\/ca\/?s={search_term_string}"},"query-input":{"@type":"PropertyValueSpecification","valueRequired":true,"valueName":"search_term_string"}}],"inLanguage":"ca"},{"@type":"Organization","@id":"https:\/\/www.cercledecultura.org\/ca\/#organization","name":"Cercle de Cultura","url":"https:\/\/www.cercledecultura.org\/ca\/","logo":{"@type":"ImageObject","inLanguage":"ca","@id":"https:\/\/www.cercledecultura.org\/ca\/#\/schema\/logo\/image\/","url":"https:\/\/www.cercledecultura.org\/wp-content\/uploads\/2020\/01\/logo-cercle-de-cultura.png","contentUrl":"https:\/\/www.cercledecultura.org\/wp-content\/uploads\/2020\/01\/logo-cercle-de-cultura.png","width":350,"height":195,"caption":"Cercle de Cultura"},"image":{"@id":"https:\/\/www.cercledecultura.org\/ca\/#\/schema\/logo\/image\/"}},{"@type":"Person","@id":"https:\/\/www.cercledecultura.org\/ca\/#\/schema\/person\/269db25cfadcb4bd2e41781c819942f9","name":"admin","image":{"@type":"ImageObject","inLanguage":"ca","@id":"https:\/\/secure.gravatar.com\/avatar\/e88a8bb50a361c6d45c4709770a3d765016be4b5d85313447b91d0d707434ad9?s=96&d=mm&r=g","url":"https:\/\/secure.gravatar.com\/avatar\/e88a8bb50a361c6d45c4709770a3d765016be4b5d85313447b91d0d707434ad9?s=96&d=mm&r=g","contentUrl":"https:\/\/secure.gravatar.com\/avatar\/e88a8bb50a361c6d45c4709770a3d765016be4b5d85313447b91d0d707434ad9?s=96&d=mm&r=g","caption":"admin"},"url":"https:\/\/www.cercledecultura.org\/ca\/author\/seic_trzh7tdr\/"}]}},"_links":{"self":[{"href":"https:\/\/www.cercledecultura.org\/ca\/wp-json\/wp\/v2\/posts\/897","targetHints":{"allow":["GET"]}}],"collection":[{"href":"https:\/\/www.cercledecultura.org\/ca\/wp-json\/wp\/v2\/posts"}],"about":[{"href":"https:\/\/www.cercledecultura.org\/ca\/wp-json\/wp\/v2\/types\/post"}],"author":[{"embeddable":true,"href":"https:\/\/www.cercledecultura.org\/ca\/wp-json\/wp\/v2\/users\/1"}],"replies":[{"embeddable":true,"href":"https:\/\/www.cercledecultura.org\/ca\/wp-json\/wp\/v2\/comments?post=897"}],"version-history":[{"count":1,"href":"https:\/\/www.cercledecultura.org\/ca\/wp-json\/wp\/v2\/posts\/897\/revisions"}],"predecessor-version":[{"id":1208,"href":"https:\/\/www.cercledecultura.org\/ca\/wp-json\/wp\/v2\/posts\/897\/revisions\/1208"}],"wp:featuredmedia":[{"embeddable":true,"href":"https:\/\/www.cercledecultura.org\/ca\/wp-json\/wp\/v2\/media\/898"}],"wp:attachment":[{"href":"https:\/\/www.cercledecultura.org\/ca\/wp-json\/wp\/v2\/media?parent=897"}],"wp:term":[{"taxonomy":"category","embeddable":true,"href":"https:\/\/www.cercledecultura.org\/ca\/wp-json\/wp\/v2\/categories?post=897"},{"taxonomy":"post_tag","embeddable":true,"href":"https:\/\/www.cercledecultura.org\/ca\/wp-json\/wp\/v2\/tags?post=897"}],"curies":[{"name":"wp","href":"https:\/\/api.w.org\/{rel}","templated":true}]}}