{"id":864,"date":"2018-07-09T00:23:00","date_gmt":"2018-07-09T00:23:00","guid":{"rendered":"https:\/\/pre.cercledecultura.org\/economia_cultura_forumcultura2020_1a_sessio\/"},"modified":"2021-03-07T15:41:34","modified_gmt":"2021-03-07T15:41:34","slug":"economia_cultura_forumcultura2020_1a_sessio","status":"publish","type":"post","link":"https:\/\/www.cercledecultura.org\/ca\/economia_cultura_forumcultura2020_1a_sessio\/","title":{"rendered":"Economia i cultura: la quarta taula de debats del F\u00f2rum Cultura 2020 inicia els seus treballs"},"content":{"rendered":"<p>Dimarts 3 de juliol, a la sala d&#8217;actes del Centre d&#8217;Art Santa M\u00f2nica, se celebr\u00e0 la primera sessi\u00f3 de treball de la taula de debat sobre economia i cultura, que coordina Xaiver Cubeles, i que continuar\u00e0 dilluns 9 amb una segona i darrera reuni\u00f3.  Pel car\u00e0cter transversal de la taula, Xavier Cubeles va elaborar un document previ per centrar els treballs d&#8217;aquestes dues sessions, tot indicant que &#8220;atesa l\u2019amplitud de q\u00fcestions que es poden arribar a abordar sobre \u201ccultura i economia\u201d, es proposa que l\u2019assignaci\u00f3 i la distribuci\u00f3 de recursos (monetaris o no) a les activitats culturals sigui el punt de partida del treball d\u2019aquest eix tem\u00e0tic del F\u00f2rum. Sobretot, des de la perspectiva de la demanda, \u00e9s a dir, dels recursos que des de diferents proced\u00e8ncies la societat i els mercats destinen a la cultura: a trav\u00e9s de la pr\u00e0ctica i el consum cultural de la ciutadania, de les inversions d\u2019empreses privades, de les aportacions privades fetes sense \u00e0nim de lucre, de les exportacions realitzades als mercats exteriors, o de la despesa p\u00fablica&#8221;.  Cubeles afegeix que &#8220;sens dubte, el desenvolupament de les activitats culturals de Catalunya (com d\u2019arreu) est\u00e0 condicionat en gran part per la demanda existent d\u2019aquestes activitats, i pel seu potencial d\u2019evoluci\u00f3 en el futur. En aquest sentit, per exemple, ens podem preguntar: de quins segments de la societat provenen els recursos (monetaris o no) que configuren la demanda cultural de Catalunya actualment? Com han evolucionat aquests darrers anys? En quina mesura i de quina manera poden augmentar o es poden incentivar els diferents components de la demanda cultural els propers anys?&#8221;.  En aquest document introductori, Xavier Cubeles formula tres tipus d&#8217;impactes de la cultura sobre el desenvolupament econ\u00f2mic i social de Catalunya a tractar a les reunions: &#8220;Impactes directes com la generaci\u00f3 de renda (valor afegit brut), d\u2019ocupaci\u00f3 o d\u2019exportacions, amb els corresponents efectes multiplicadors sobre la resta de l\u2019activitat econ\u00f2mic; segon, impactes indirectes pels seus efectes positius sobre activitats com el turisme, les exportacions d\u2019altres productes del pa\u00eds, l\u2019atracci\u00f3 d\u2019activitat i d\u2019inversions procedents de l\u2019exterior, etc. I tercer, impactes sobre la cohesi\u00f3 social, la qualitat de vida i el benestar de les persones, etc&#8221;.  A la primera sessi\u00f3 hi van participar experts en diversos \u00e0mbits culturals, com \u00e9s el cas de Pepe Zapata, Karma Peir\u00f3, Salvador Anton Clav\u00e9, Gabriel Pin\u00f3s, Dolors Ricart, Jordi Gratac\u00f3s, Antoni Laporte, Ezequiel Bar\u00f3, \u00c0lex Costa, Montserrat Tort i Dolors Cotrina.  \u00a0<\/p>\n","protected":false},"excerpt":{"rendered":"<p>Dimarts 3 de juliol, s&#8217;iniciaren els treballs de la quarta taula de debat del F\u00f2rum Cultura 2020, dedicada a l&#8217;economia i la cultura. Aquests treballs estan coordinats per Xavier Cubeles.<\/p>\n","protected":false},"author":1,"featured_media":865,"comment_status":"open","ping_status":"closed","sticky":false,"template":"","format":"standard","meta":{"footnotes":""},"categories":[3],"tags":[5,17,28,4,23,113],"class_list":["post-864","post","type-post","status-publish","format-standard","has-post-thumbnail","hentry","category-activitats","tag-cultura","tag-economia","tag-forum-cultura-2020","tag-politica-cultural","tag-public","tag-xavier-cubeles"],"yoast_head":"<!-- This site is optimized with the Yoast SEO plugin v27.4 - https:\/\/yoast.com\/product\/yoast-seo-wordpress\/ -->\n<title>Economia i cultura: la quarta taula de debats del F\u00f2rum Cultura 2020 inicia els seus treballs - Cercle de Cultura<\/title>\n<meta name=\"robots\" content=\"index, follow, max-snippet:-1, max-image-preview:large, max-video-preview:-1\" \/>\n<link rel=\"canonical\" href=\"https:\/\/www.cercledecultura.org\/ca\/economia_cultura_forumcultura2020_1a_sessio\/\" \/>\n<meta property=\"og:locale\" content=\"ca_ES\" \/>\n<meta property=\"og:type\" content=\"article\" \/>\n<meta property=\"og:title\" content=\"Economia i cultura: la quarta taula de debats del F\u00f2rum Cultura 2020 inicia els seus treballs - Cercle de Cultura\" \/>\n<meta property=\"og:description\" content=\"Dimarts 3 de juliol, s&#039;iniciaren els treballs de la quarta taula de debat del F\u00f2rum Cultura 2020, dedicada a l&#039;economia i la cultura. Aquests treballs estan coordinats per Xavier Cubeles.\" \/>\n<meta property=\"og:url\" content=\"https:\/\/www.cercledecultura.org\/ca\/economia_cultura_forumcultura2020_1a_sessio\/\" \/>\n<meta property=\"og:site_name\" content=\"Cercle de Cultura\" \/>\n<meta property=\"article:published_time\" content=\"2018-07-09T00:23:00+00:00\" \/>\n<meta property=\"article:modified_time\" content=\"2021-03-07T15:41:34+00:00\" \/>\n<meta property=\"og:image\" content=\"https:\/\/www.cercledecultura.org\/wp-content\/uploads\/2021\/02\/a6e1ZdbfNku7IY0GlZ8MPw.jpg\" \/>\n\t<meta property=\"og:image:width\" content=\"924\" \/>\n\t<meta property=\"og:image:height\" content=\"616\" \/>\n\t<meta property=\"og:image:type\" content=\"image\/jpeg\" \/>\n<meta name=\"author\" content=\"admin\" \/>\n<meta name=\"twitter:card\" content=\"summary_large_image\" \/>\n<meta name=\"twitter:label1\" content=\"Escrit per\" \/>\n\t<meta name=\"twitter:data1\" content=\"admin\" \/>\n\t<meta name=\"twitter:label2\" content=\"Temps estimat de lectura\" \/>\n\t<meta name=\"twitter:data2\" content=\"2 minuts\" \/>\n<script type=\"application\/ld+json\" class=\"yoast-schema-graph\">{\"@context\":\"https:\\\/\\\/schema.org\",\"@graph\":[{\"@type\":\"Article\",\"@id\":\"https:\\\/\\\/www.cercledecultura.org\\\/ca\\\/economia_cultura_forumcultura2020_1a_sessio\\\/#article\",\"isPartOf\":{\"@id\":\"https:\\\/\\\/www.cercledecultura.org\\\/ca\\\/economia_cultura_forumcultura2020_1a_sessio\\\/\"},\"author\":{\"name\":\"admin\",\"@id\":\"https:\\\/\\\/www.cercledecultura.org\\\/ca\\\/#\\\/schema\\\/person\\\/269db25cfadcb4bd2e41781c819942f9\"},\"headline\":\"Economia i cultura: la quarta taula de debats del F\u00f2rum Cultura 2020 inicia els seus treballs\",\"datePublished\":\"2018-07-09T00:23:00+00:00\",\"dateModified\":\"2021-03-07T15:41:34+00:00\",\"mainEntityOfPage\":{\"@id\":\"https:\\\/\\\/www.cercledecultura.org\\\/ca\\\/economia_cultura_forumcultura2020_1a_sessio\\\/\"},\"wordCount\":447,\"commentCount\":0,\"publisher\":{\"@id\":\"https:\\\/\\\/www.cercledecultura.org\\\/ca\\\/#organization\"},\"image\":{\"@id\":\"https:\\\/\\\/www.cercledecultura.org\\\/ca\\\/economia_cultura_forumcultura2020_1a_sessio\\\/#primaryimage\"},\"thumbnailUrl\":\"https:\\\/\\\/www.cercledecultura.org\\\/wp-content\\\/uploads\\\/2021\\\/02\\\/a6e1ZdbfNku7IY0GlZ8MPw.jpg\",\"keywords\":[\"Cultura\",\"Economia\",\"F\u00f2rum Cultura 2020\",\"Pol\u00edtica Cultural\",\"P\u00fablic\",\"Xavier Cubeles\"],\"articleSection\":[\"Activitats\"],\"inLanguage\":\"ca\",\"potentialAction\":[{\"@type\":\"CommentAction\",\"name\":\"Comment\",\"target\":[\"https:\\\/\\\/www.cercledecultura.org\\\/ca\\\/economia_cultura_forumcultura2020_1a_sessio\\\/#respond\"]}]},{\"@type\":\"WebPage\",\"@id\":\"https:\\\/\\\/www.cercledecultura.org\\\/ca\\\/economia_cultura_forumcultura2020_1a_sessio\\\/\",\"url\":\"https:\\\/\\\/www.cercledecultura.org\\\/ca\\\/economia_cultura_forumcultura2020_1a_sessio\\\/\",\"name\":\"Economia i cultura: la quarta taula de debats del F\u00f2rum Cultura 2020 inicia els seus treballs - Cercle de Cultura\",\"isPartOf\":{\"@id\":\"https:\\\/\\\/www.cercledecultura.org\\\/ca\\\/#website\"},\"primaryImageOfPage\":{\"@id\":\"https:\\\/\\\/www.cercledecultura.org\\\/ca\\\/economia_cultura_forumcultura2020_1a_sessio\\\/#primaryimage\"},\"image\":{\"@id\":\"https:\\\/\\\/www.cercledecultura.org\\\/ca\\\/economia_cultura_forumcultura2020_1a_sessio\\\/#primaryimage\"},\"thumbnailUrl\":\"https:\\\/\\\/www.cercledecultura.org\\\/wp-content\\\/uploads\\\/2021\\\/02\\\/a6e1ZdbfNku7IY0GlZ8MPw.jpg\",\"datePublished\":\"2018-07-09T00:23:00+00:00\",\"dateModified\":\"2021-03-07T15:41:34+00:00\",\"breadcrumb\":{\"@id\":\"https:\\\/\\\/www.cercledecultura.org\\\/ca\\\/economia_cultura_forumcultura2020_1a_sessio\\\/#breadcrumb\"},\"inLanguage\":\"ca\",\"potentialAction\":[{\"@type\":\"ReadAction\",\"target\":[\"https:\\\/\\\/www.cercledecultura.org\\\/ca\\\/economia_cultura_forumcultura2020_1a_sessio\\\/\"]}]},{\"@type\":\"ImageObject\",\"inLanguage\":\"ca\",\"@id\":\"https:\\\/\\\/www.cercledecultura.org\\\/ca\\\/economia_cultura_forumcultura2020_1a_sessio\\\/#primaryimage\",\"url\":\"https:\\\/\\\/www.cercledecultura.org\\\/wp-content\\\/uploads\\\/2021\\\/02\\\/a6e1ZdbfNku7IY0GlZ8MPw.jpg\",\"contentUrl\":\"https:\\\/\\\/www.cercledecultura.org\\\/wp-content\\\/uploads\\\/2021\\\/02\\\/a6e1ZdbfNku7IY0GlZ8MPw.jpg\",\"width\":924,\"height\":616},{\"@type\":\"BreadcrumbList\",\"@id\":\"https:\\\/\\\/www.cercledecultura.org\\\/ca\\\/economia_cultura_forumcultura2020_1a_sessio\\\/#breadcrumb\",\"itemListElement\":[{\"@type\":\"ListItem\",\"position\":1,\"name\":\"Portada\",\"item\":\"https:\\\/\\\/www.cercledecultura.org\\\/ca\\\/\"},{\"@type\":\"ListItem\",\"position\":2,\"name\":\"Economia i cultura: la quarta taula de debats del F\u00f2rum Cultura 2020 inicia els seus treballs\"}]},{\"@type\":\"WebSite\",\"@id\":\"https:\\\/\\\/www.cercledecultura.org\\\/ca\\\/#website\",\"url\":\"https:\\\/\\\/www.cercledecultura.org\\\/ca\\\/\",\"name\":\"Cercle de Cultura\",\"description\":\"Entitat de car\u00e0cter privat i associatiu, independent, amb voluntat de participar en la vida p\u00fablica des de la pluralitat ideol\u00f2gica dels seus membres fundadors i futurs associats\",\"publisher\":{\"@id\":\"https:\\\/\\\/www.cercledecultura.org\\\/ca\\\/#organization\"},\"potentialAction\":[{\"@type\":\"SearchAction\",\"target\":{\"@type\":\"EntryPoint\",\"urlTemplate\":\"https:\\\/\\\/www.cercledecultura.org\\\/ca\\\/?s={search_term_string}\"},\"query-input\":{\"@type\":\"PropertyValueSpecification\",\"valueRequired\":true,\"valueName\":\"search_term_string\"}}],\"inLanguage\":\"ca\"},{\"@type\":\"Organization\",\"@id\":\"https:\\\/\\\/www.cercledecultura.org\\\/ca\\\/#organization\",\"name\":\"Cercle de Cultura\",\"url\":\"https:\\\/\\\/www.cercledecultura.org\\\/ca\\\/\",\"logo\":{\"@type\":\"ImageObject\",\"inLanguage\":\"ca\",\"@id\":\"https:\\\/\\\/www.cercledecultura.org\\\/ca\\\/#\\\/schema\\\/logo\\\/image\\\/\",\"url\":\"https:\\\/\\\/www.cercledecultura.org\\\/wp-content\\\/uploads\\\/2020\\\/01\\\/logo-cercle-de-cultura.png\",\"contentUrl\":\"https:\\\/\\\/www.cercledecultura.org\\\/wp-content\\\/uploads\\\/2020\\\/01\\\/logo-cercle-de-cultura.png\",\"width\":350,\"height\":195,\"caption\":\"Cercle de Cultura\"},\"image\":{\"@id\":\"https:\\\/\\\/www.cercledecultura.org\\\/ca\\\/#\\\/schema\\\/logo\\\/image\\\/\"}},{\"@type\":\"Person\",\"@id\":\"https:\\\/\\\/www.cercledecultura.org\\\/ca\\\/#\\\/schema\\\/person\\\/269db25cfadcb4bd2e41781c819942f9\",\"name\":\"admin\",\"image\":{\"@type\":\"ImageObject\",\"inLanguage\":\"ca\",\"@id\":\"https:\\\/\\\/secure.gravatar.com\\\/avatar\\\/e88a8bb50a361c6d45c4709770a3d765016be4b5d85313447b91d0d707434ad9?s=96&d=mm&r=g\",\"url\":\"https:\\\/\\\/secure.gravatar.com\\\/avatar\\\/e88a8bb50a361c6d45c4709770a3d765016be4b5d85313447b91d0d707434ad9?s=96&d=mm&r=g\",\"contentUrl\":\"https:\\\/\\\/secure.gravatar.com\\\/avatar\\\/e88a8bb50a361c6d45c4709770a3d765016be4b5d85313447b91d0d707434ad9?s=96&d=mm&r=g\",\"caption\":\"admin\"},\"url\":\"https:\\\/\\\/www.cercledecultura.org\\\/ca\\\/author\\\/seic_trzh7tdr\\\/\"}]}<\/script>\n<!-- \/ Yoast SEO plugin. -->","yoast_head_json":{"title":"Economia i cultura: la quarta taula de debats del F\u00f2rum Cultura 2020 inicia els seus treballs - Cercle de Cultura","robots":{"index":"index","follow":"follow","max-snippet":"max-snippet:-1","max-image-preview":"max-image-preview:large","max-video-preview":"max-video-preview:-1"},"canonical":"https:\/\/www.cercledecultura.org\/ca\/economia_cultura_forumcultura2020_1a_sessio\/","og_locale":"ca_ES","og_type":"article","og_title":"Economia i cultura: la quarta taula de debats del F\u00f2rum Cultura 2020 inicia els seus treballs - Cercle de Cultura","og_description":"Dimarts 3 de juliol, s'iniciaren els treballs de la quarta taula de debat del F\u00f2rum Cultura 2020, dedicada a l'economia i la cultura. Aquests treballs estan coordinats per Xavier Cubeles.","og_url":"https:\/\/www.cercledecultura.org\/ca\/economia_cultura_forumcultura2020_1a_sessio\/","og_site_name":"Cercle de Cultura","article_published_time":"2018-07-09T00:23:00+00:00","article_modified_time":"2021-03-07T15:41:34+00:00","og_image":[{"width":924,"height":616,"url":"https:\/\/www.cercledecultura.org\/wp-content\/uploads\/2021\/02\/a6e1ZdbfNku7IY0GlZ8MPw.jpg","type":"image\/jpeg"}],"author":"admin","twitter_card":"summary_large_image","twitter_misc":{"Escrit per":"admin","Temps estimat de lectura":"2 minuts"},"schema":{"@context":"https:\/\/schema.org","@graph":[{"@type":"Article","@id":"https:\/\/www.cercledecultura.org\/ca\/economia_cultura_forumcultura2020_1a_sessio\/#article","isPartOf":{"@id":"https:\/\/www.cercledecultura.org\/ca\/economia_cultura_forumcultura2020_1a_sessio\/"},"author":{"name":"admin","@id":"https:\/\/www.cercledecultura.org\/ca\/#\/schema\/person\/269db25cfadcb4bd2e41781c819942f9"},"headline":"Economia i cultura: la quarta taula de debats del F\u00f2rum Cultura 2020 inicia els seus treballs","datePublished":"2018-07-09T00:23:00+00:00","dateModified":"2021-03-07T15:41:34+00:00","mainEntityOfPage":{"@id":"https:\/\/www.cercledecultura.org\/ca\/economia_cultura_forumcultura2020_1a_sessio\/"},"wordCount":447,"commentCount":0,"publisher":{"@id":"https:\/\/www.cercledecultura.org\/ca\/#organization"},"image":{"@id":"https:\/\/www.cercledecultura.org\/ca\/economia_cultura_forumcultura2020_1a_sessio\/#primaryimage"},"thumbnailUrl":"https:\/\/www.cercledecultura.org\/wp-content\/uploads\/2021\/02\/a6e1ZdbfNku7IY0GlZ8MPw.jpg","keywords":["Cultura","Economia","F\u00f2rum Cultura 2020","Pol\u00edtica Cultural","P\u00fablic","Xavier Cubeles"],"articleSection":["Activitats"],"inLanguage":"ca","potentialAction":[{"@type":"CommentAction","name":"Comment","target":["https:\/\/www.cercledecultura.org\/ca\/economia_cultura_forumcultura2020_1a_sessio\/#respond"]}]},{"@type":"WebPage","@id":"https:\/\/www.cercledecultura.org\/ca\/economia_cultura_forumcultura2020_1a_sessio\/","url":"https:\/\/www.cercledecultura.org\/ca\/economia_cultura_forumcultura2020_1a_sessio\/","name":"Economia i cultura: la quarta taula de debats del F\u00f2rum Cultura 2020 inicia els seus treballs - Cercle de Cultura","isPartOf":{"@id":"https:\/\/www.cercledecultura.org\/ca\/#website"},"primaryImageOfPage":{"@id":"https:\/\/www.cercledecultura.org\/ca\/economia_cultura_forumcultura2020_1a_sessio\/#primaryimage"},"image":{"@id":"https:\/\/www.cercledecultura.org\/ca\/economia_cultura_forumcultura2020_1a_sessio\/#primaryimage"},"thumbnailUrl":"https:\/\/www.cercledecultura.org\/wp-content\/uploads\/2021\/02\/a6e1ZdbfNku7IY0GlZ8MPw.jpg","datePublished":"2018-07-09T00:23:00+00:00","dateModified":"2021-03-07T15:41:34+00:00","breadcrumb":{"@id":"https:\/\/www.cercledecultura.org\/ca\/economia_cultura_forumcultura2020_1a_sessio\/#breadcrumb"},"inLanguage":"ca","potentialAction":[{"@type":"ReadAction","target":["https:\/\/www.cercledecultura.org\/ca\/economia_cultura_forumcultura2020_1a_sessio\/"]}]},{"@type":"ImageObject","inLanguage":"ca","@id":"https:\/\/www.cercledecultura.org\/ca\/economia_cultura_forumcultura2020_1a_sessio\/#primaryimage","url":"https:\/\/www.cercledecultura.org\/wp-content\/uploads\/2021\/02\/a6e1ZdbfNku7IY0GlZ8MPw.jpg","contentUrl":"https:\/\/www.cercledecultura.org\/wp-content\/uploads\/2021\/02\/a6e1ZdbfNku7IY0GlZ8MPw.jpg","width":924,"height":616},{"@type":"BreadcrumbList","@id":"https:\/\/www.cercledecultura.org\/ca\/economia_cultura_forumcultura2020_1a_sessio\/#breadcrumb","itemListElement":[{"@type":"ListItem","position":1,"name":"Portada","item":"https:\/\/www.cercledecultura.org\/ca\/"},{"@type":"ListItem","position":2,"name":"Economia i cultura: la quarta taula de debats del F\u00f2rum Cultura 2020 inicia els seus treballs"}]},{"@type":"WebSite","@id":"https:\/\/www.cercledecultura.org\/ca\/#website","url":"https:\/\/www.cercledecultura.org\/ca\/","name":"Cercle de Cultura","description":"Entitat de car\u00e0cter privat i associatiu, independent, amb voluntat de participar en la vida p\u00fablica des de la pluralitat ideol\u00f2gica dels seus membres fundadors i futurs associats","publisher":{"@id":"https:\/\/www.cercledecultura.org\/ca\/#organization"},"potentialAction":[{"@type":"SearchAction","target":{"@type":"EntryPoint","urlTemplate":"https:\/\/www.cercledecultura.org\/ca\/?s={search_term_string}"},"query-input":{"@type":"PropertyValueSpecification","valueRequired":true,"valueName":"search_term_string"}}],"inLanguage":"ca"},{"@type":"Organization","@id":"https:\/\/www.cercledecultura.org\/ca\/#organization","name":"Cercle de Cultura","url":"https:\/\/www.cercledecultura.org\/ca\/","logo":{"@type":"ImageObject","inLanguage":"ca","@id":"https:\/\/www.cercledecultura.org\/ca\/#\/schema\/logo\/image\/","url":"https:\/\/www.cercledecultura.org\/wp-content\/uploads\/2020\/01\/logo-cercle-de-cultura.png","contentUrl":"https:\/\/www.cercledecultura.org\/wp-content\/uploads\/2020\/01\/logo-cercle-de-cultura.png","width":350,"height":195,"caption":"Cercle de Cultura"},"image":{"@id":"https:\/\/www.cercledecultura.org\/ca\/#\/schema\/logo\/image\/"}},{"@type":"Person","@id":"https:\/\/www.cercledecultura.org\/ca\/#\/schema\/person\/269db25cfadcb4bd2e41781c819942f9","name":"admin","image":{"@type":"ImageObject","inLanguage":"ca","@id":"https:\/\/secure.gravatar.com\/avatar\/e88a8bb50a361c6d45c4709770a3d765016be4b5d85313447b91d0d707434ad9?s=96&d=mm&r=g","url":"https:\/\/secure.gravatar.com\/avatar\/e88a8bb50a361c6d45c4709770a3d765016be4b5d85313447b91d0d707434ad9?s=96&d=mm&r=g","contentUrl":"https:\/\/secure.gravatar.com\/avatar\/e88a8bb50a361c6d45c4709770a3d765016be4b5d85313447b91d0d707434ad9?s=96&d=mm&r=g","caption":"admin"},"url":"https:\/\/www.cercledecultura.org\/ca\/author\/seic_trzh7tdr\/"}]}},"_links":{"self":[{"href":"https:\/\/www.cercledecultura.org\/ca\/wp-json\/wp\/v2\/posts\/864","targetHints":{"allow":["GET"]}}],"collection":[{"href":"https:\/\/www.cercledecultura.org\/ca\/wp-json\/wp\/v2\/posts"}],"about":[{"href":"https:\/\/www.cercledecultura.org\/ca\/wp-json\/wp\/v2\/types\/post"}],"author":[{"embeddable":true,"href":"https:\/\/www.cercledecultura.org\/ca\/wp-json\/wp\/v2\/users\/1"}],"replies":[{"embeddable":true,"href":"https:\/\/www.cercledecultura.org\/ca\/wp-json\/wp\/v2\/comments?post=864"}],"version-history":[{"count":1,"href":"https:\/\/www.cercledecultura.org\/ca\/wp-json\/wp\/v2\/posts\/864\/revisions"}],"predecessor-version":[{"id":1191,"href":"https:\/\/www.cercledecultura.org\/ca\/wp-json\/wp\/v2\/posts\/864\/revisions\/1191"}],"wp:featuredmedia":[{"embeddable":true,"href":"https:\/\/www.cercledecultura.org\/ca\/wp-json\/wp\/v2\/media\/865"}],"wp:attachment":[{"href":"https:\/\/www.cercledecultura.org\/ca\/wp-json\/wp\/v2\/media?parent=864"}],"wp:term":[{"taxonomy":"category","embeddable":true,"href":"https:\/\/www.cercledecultura.org\/ca\/wp-json\/wp\/v2\/categories?post=864"},{"taxonomy":"post_tag","embeddable":true,"href":"https:\/\/www.cercledecultura.org\/ca\/wp-json\/wp\/v2\/tags?post=864"}],"curies":[{"name":"wp","href":"https:\/\/api.w.org\/{rel}","templated":true}]}}