{"id":830,"date":"2018-03-12T08:43:00","date_gmt":"2018-03-12T08:43:00","guid":{"rendered":"https:\/\/pre.cercledecultura.org\/politiques_culturals_ajuntaments_canvi_nicolas_barbieri\/"},"modified":"2021-02-23T09:33:41","modified_gmt":"2021-02-23T09:33:41","slug":"politiques_culturals_ajuntaments_canvi_nicolas_barbieri","status":"publish","type":"post","link":"https:\/\/www.cercledecultura.org\/ca\/politiques_culturals_ajuntaments_canvi_nicolas_barbieri\/","title":{"rendered":"Cap a les pol\u00edtiques culturals del b\u00e9 com\u00fa?"},"content":{"rendered":"<p>Nicol\u00e1s Barbieri, professor de la UAB i investigador a l\u2019Institut de Govern i Pol\u00edtiques P\u00fabliques, analitza les pol\u00edtiques culturals de diversos governs municipals\u00a0 de l\u2019Estat espanyol(Barcelona, Saragossa, Madrid, La Corunya i Santiago de Compostel\u00b7la principalment ) que comparteixen la denominaci\u00f3 \u201cd\u2019ajuntaments del canvi\u201d, aportant un seguit de reflexions sobre dues relacions clau: entre all\u00f2 que \u00e9s de titularitat p\u00fablica i all\u00f2 que forma part del b\u00e9 com\u00fa, i entre la mateixa cultura i la pol\u00edtica a l\u2019article \u201c\u201cPol\u00edticas culturales en los ayuntamientos del cambio. \u00bfHacia unas pol\u00edticas p\u00fablicas de lo com\u00fan\u201d.  A l\u2019hora de presentar l\u2019estat de la q\u00fcesti\u00f3, Barbieri afirma que \u201ca l\u2019agenda de les pol\u00edtiques culturals, l\u2019equitat continua sense ocupar un lloc central\u201d, \u00e9s a dir tot all\u00f2 que afecta \u201cl\u2019acc\u00e9s, la participaci\u00f3, la creaci\u00f3 o la producci\u00f3 cultural\u201d.\u00a0 En aquest sentit, q\u00fcestiona l\u2019escassa vinculaci\u00f3 \u201centre les pol\u00edtiques culturals de intervenci\u00f3 territorial (\u00e9s a dir sobre les mateixes ciutats i els seus barris) i les pol\u00edtiques educatives\u201d, i conclou que \u201cen termes generals, les pol\u00edtiques culturals no ocupen un lloc central a les estrat\u00e8gies de transformaci\u00f3 urbana i econ\u00f2mica del nou municipalisme\u201d.  L\u2019investigador convida a pensar la cultura com a part dels b\u00e9ns comuns de la ciutadania i no nom\u00e9s de la part dels recursos, sin\u00f3 tamb\u00e9 de \u201cles maneres col\u00b7lectives de gestionar-los\u201d. En aquest sentit, diferencia la gesti\u00f3 p\u00fablica \u2013 de l\u2019administraci\u00f3 municipal- de la gesti\u00f3 comunit\u00e0ria, per afirmar que aquesta no s\u2019ha pas generalitzat als equipaments culturals en aquestes ciutats; sin\u00f3 que hi ha hagut nom\u00e9s \u201cprojectes puntuals\u201d.  Pel que fa als actors p\u00fablics i privats que han de participar en la definici\u00f3 d\u2019aquestes pol\u00edtiques, Nicol\u00e1s Barbieri analitza alguns exemples on s\u2019ha incorporat la ciutadania interessada al costat dels agents professionals del sector. Aix\u00ed mateix, apunta la import\u00e0ncia de les mateixes estructures internes de les institucions que intervenen en les pol\u00edtiques culturals com a factors de resist\u00e8ncia al canvi o com a facilitadors d\u2019aquest segons com hi intervinguin. Davant d\u2019aix\u00f2, el professor Barbieri apunta que aquests governs locals han intentat q\u00fcestionar algunes idees fins ara molt establertes: l\u2019assimilaci\u00f3 entre problemes sectorials dels professionals i els problemes culturals p\u00fablics; el vincle entre pol\u00edtiques culturals i pol\u00edtiques de competitivitat urban\u00edstica, o la mateixa visi\u00f3 restringida de l\u2019acc\u00e9s a la cultura.  A tall de conclusions, Barbieri apunta a la necessitat de treballar la \u201chibridaci\u00f3\u201d entre all\u00f2 que el sector p\u00fablic de la cultura i all\u00f2 que \u00e9s com\u00fa, on interv\u00e9 o pot intervenir directament el conjunt de la ciutadania.\u00a0 Una altra conclusi\u00f3 \u00e9s la de la necessitat que \u201crecon\u00e8ixer la centralitat de la pol\u00edtica per a les pol\u00edtiques culturals implica el posar al centre de l\u2019agenda (del govern local) valors com l\u2019equitat o la just\u00edcia social\u201d. Com a tercera q\u00fcesti\u00f3, molt vinculada a aquesta, assenyala que l\u2019objectiu \u00e9s el de desenvolupar pol\u00edtiques p\u00fabliques que concebin la cultura com a part del b\u00e9 com\u00fa\u201d, cosa que implicaria fer efectiu el dret de les comunitats a accedir a la gesti\u00f3 dels recursos implicats i a les mateixes normes que els regulen; cosa que afectaria \u00e0mbits clau com les pol\u00edtiques educatives o la mateixa economia de la cultura.  Finalment, Nicol\u00e1s Barbieri fa una crida a la necessitat d\u2019avaluar de forma rigorosa \u201cel valor p\u00fablic dels programes i accions desplegades\u201d pels ajuntaments, que contribueixi a l\u2019acci\u00f3 de la pol\u00edtica cultural del m\u00f3n local.   Podeu llegir el text \u00edntegre del seu article \u201cPol\u00edticas culturales en los ayuntamientos del cambio. \u00bfHacia unas pol\u00edticas p\u00fablicas de lo com\u00fan\u201d, publicat a la revista Perif\u00e9rica, des d\u2019aquest enlla\u00e7: revistas.uca.es\/index.php\/periferica\/article\/download\/4199\/3873<\/p>\n","protected":false},"excerpt":{"rendered":"<p>Nicol\u00e1s Barbieri analitza les pol\u00edtiques culturals de diversos governs municipals\u00a0 de l\u2019Estat espanyol(Barcelona, Saragossa, Madrid, La Corunya i Santiago de Compostel\u00b7la principalment ) que comparteixen la denominaci\u00f3 \u201cd\u2019ajuntaments del canvi\u201d, aportant un seguit de reflexions sobre dues relacions clau: entre all\u00f2 que \u00e9s de titularitat p\u00fablica i all\u00f2 que forma part del b\u00e9 com\u00fa, i entre la mateixa cultura i la pol\u00edtica.<\/p>\n","protected":false},"author":1,"featured_media":831,"comment_status":"open","ping_status":"closed","sticky":false,"template":"","format":"standard","meta":{"footnotes":""},"categories":[24],"tags":[306,9,426,326,425,4,427],"class_list":["post-830","post","type-post","status-publish","format-standard","has-post-thumbnail","hentry","category-opinio","tag-ajuntament","tag-barcelona","tag-la-corunya","tag-madrid","tag-nicolas-barbieri","tag-politica-cultural","tag-santiago-de-compostella"],"yoast_head":"<!-- This site is optimized with the Yoast SEO plugin v27.5 - https:\/\/yoast.com\/product\/yoast-seo-wordpress\/ -->\n<title>Cap a les pol\u00edtiques culturals del b\u00e9 com\u00fa? - Cercle de Cultura<\/title>\n<meta name=\"robots\" content=\"index, follow, max-snippet:-1, max-image-preview:large, max-video-preview:-1\" \/>\n<link rel=\"canonical\" href=\"https:\/\/www.cercledecultura.org\/ca\/politiques_culturals_ajuntaments_canvi_nicolas_barbieri\/\" \/>\n<meta property=\"og:locale\" content=\"ca_ES\" \/>\n<meta property=\"og:type\" content=\"article\" \/>\n<meta property=\"og:title\" content=\"Cap a les pol\u00edtiques culturals del b\u00e9 com\u00fa? - Cercle de Cultura\" \/>\n<meta property=\"og:description\" content=\"Nicol\u00e1s Barbieri analitza les pol\u00edtiques culturals de diversos governs municipals\u00a0 de l\u2019Estat espanyol(Barcelona, Saragossa, Madrid, La Corunya i Santiago de Compostel\u00b7la principalment ) que comparteixen la denominaci\u00f3 \u201cd\u2019ajuntaments del canvi\u201d, aportant un seguit de reflexions sobre dues relacions clau: entre all\u00f2 que \u00e9s de titularitat p\u00fablica i all\u00f2 que forma part del b\u00e9 com\u00fa, i entre la mateixa cultura i la pol\u00edtica.\" \/>\n<meta property=\"og:url\" content=\"https:\/\/www.cercledecultura.org\/ca\/politiques_culturals_ajuntaments_canvi_nicolas_barbieri\/\" \/>\n<meta property=\"og:site_name\" content=\"Cercle de Cultura\" \/>\n<meta property=\"article:published_time\" content=\"2018-03-12T08:43:00+00:00\" \/>\n<meta property=\"article:modified_time\" content=\"2021-02-23T09:33:41+00:00\" \/>\n<meta property=\"og:image\" content=\"https:\/\/www.cercledecultura.org\/wp-content\/uploads\/2021\/02\/gGrnP5VE80e4dKM0q3ZHMw.png\" \/>\n\t<meta property=\"og:image:width\" content=\"1043\" \/>\n\t<meta property=\"og:image:height\" content=\"695\" \/>\n\t<meta property=\"og:image:type\" content=\"image\/png\" \/>\n<meta name=\"author\" content=\"admin\" \/>\n<meta name=\"twitter:card\" content=\"summary_large_image\" \/>\n<meta name=\"twitter:label1\" content=\"Escrit per\" \/>\n\t<meta name=\"twitter:data1\" content=\"admin\" \/>\n\t<meta name=\"twitter:label2\" content=\"Temps estimat de lectura\" \/>\n\t<meta name=\"twitter:data2\" content=\"3 minuts\" \/>\n<script type=\"application\/ld+json\" class=\"yoast-schema-graph\">{\"@context\":\"https:\\\/\\\/schema.org\",\"@graph\":[{\"@type\":\"Article\",\"@id\":\"https:\\\/\\\/www.cercledecultura.org\\\/ca\\\/politiques_culturals_ajuntaments_canvi_nicolas_barbieri\\\/#article\",\"isPartOf\":{\"@id\":\"https:\\\/\\\/www.cercledecultura.org\\\/ca\\\/politiques_culturals_ajuntaments_canvi_nicolas_barbieri\\\/\"},\"author\":{\"name\":\"admin\",\"@id\":\"https:\\\/\\\/www.cercledecultura.org\\\/ca\\\/#\\\/schema\\\/person\\\/269db25cfadcb4bd2e41781c819942f9\"},\"headline\":\"Cap a les pol\u00edtiques culturals del b\u00e9 com\u00fa?\",\"datePublished\":\"2018-03-12T08:43:00+00:00\",\"dateModified\":\"2021-02-23T09:33:41+00:00\",\"mainEntityOfPage\":{\"@id\":\"https:\\\/\\\/www.cercledecultura.org\\\/ca\\\/politiques_culturals_ajuntaments_canvi_nicolas_barbieri\\\/\"},\"wordCount\":677,\"commentCount\":0,\"publisher\":{\"@id\":\"https:\\\/\\\/www.cercledecultura.org\\\/ca\\\/#organization\"},\"image\":{\"@id\":\"https:\\\/\\\/www.cercledecultura.org\\\/ca\\\/politiques_culturals_ajuntaments_canvi_nicolas_barbieri\\\/#primaryimage\"},\"thumbnailUrl\":\"https:\\\/\\\/www.cercledecultura.org\\\/wp-content\\\/uploads\\\/2021\\\/02\\\/gGrnP5VE80e4dKM0q3ZHMw.png\",\"keywords\":[\"ajuntament\",\"Barcelona\",\"La Corunya\",\"Madrid\",\"Nicol\u00e1s Barbieri\",\"Pol\u00edtica Cultural\",\"Santiago de Compostel\u00b7la\"],\"articleSection\":[\"Opini\u00f3\"],\"inLanguage\":\"ca\",\"potentialAction\":[{\"@type\":\"CommentAction\",\"name\":\"Comment\",\"target\":[\"https:\\\/\\\/www.cercledecultura.org\\\/ca\\\/politiques_culturals_ajuntaments_canvi_nicolas_barbieri\\\/#respond\"]}]},{\"@type\":\"WebPage\",\"@id\":\"https:\\\/\\\/www.cercledecultura.org\\\/ca\\\/politiques_culturals_ajuntaments_canvi_nicolas_barbieri\\\/\",\"url\":\"https:\\\/\\\/www.cercledecultura.org\\\/ca\\\/politiques_culturals_ajuntaments_canvi_nicolas_barbieri\\\/\",\"name\":\"Cap a les pol\u00edtiques culturals del b\u00e9 com\u00fa? - Cercle de Cultura\",\"isPartOf\":{\"@id\":\"https:\\\/\\\/www.cercledecultura.org\\\/ca\\\/#website\"},\"primaryImageOfPage\":{\"@id\":\"https:\\\/\\\/www.cercledecultura.org\\\/ca\\\/politiques_culturals_ajuntaments_canvi_nicolas_barbieri\\\/#primaryimage\"},\"image\":{\"@id\":\"https:\\\/\\\/www.cercledecultura.org\\\/ca\\\/politiques_culturals_ajuntaments_canvi_nicolas_barbieri\\\/#primaryimage\"},\"thumbnailUrl\":\"https:\\\/\\\/www.cercledecultura.org\\\/wp-content\\\/uploads\\\/2021\\\/02\\\/gGrnP5VE80e4dKM0q3ZHMw.png\",\"datePublished\":\"2018-03-12T08:43:00+00:00\",\"dateModified\":\"2021-02-23T09:33:41+00:00\",\"breadcrumb\":{\"@id\":\"https:\\\/\\\/www.cercledecultura.org\\\/ca\\\/politiques_culturals_ajuntaments_canvi_nicolas_barbieri\\\/#breadcrumb\"},\"inLanguage\":\"ca\",\"potentialAction\":[{\"@type\":\"ReadAction\",\"target\":[\"https:\\\/\\\/www.cercledecultura.org\\\/ca\\\/politiques_culturals_ajuntaments_canvi_nicolas_barbieri\\\/\"]}]},{\"@type\":\"ImageObject\",\"inLanguage\":\"ca\",\"@id\":\"https:\\\/\\\/www.cercledecultura.org\\\/ca\\\/politiques_culturals_ajuntaments_canvi_nicolas_barbieri\\\/#primaryimage\",\"url\":\"https:\\\/\\\/www.cercledecultura.org\\\/wp-content\\\/uploads\\\/2021\\\/02\\\/gGrnP5VE80e4dKM0q3ZHMw.png\",\"contentUrl\":\"https:\\\/\\\/www.cercledecultura.org\\\/wp-content\\\/uploads\\\/2021\\\/02\\\/gGrnP5VE80e4dKM0q3ZHMw.png\",\"width\":1043,\"height\":695},{\"@type\":\"BreadcrumbList\",\"@id\":\"https:\\\/\\\/www.cercledecultura.org\\\/ca\\\/politiques_culturals_ajuntaments_canvi_nicolas_barbieri\\\/#breadcrumb\",\"itemListElement\":[{\"@type\":\"ListItem\",\"position\":1,\"name\":\"Portada\",\"item\":\"https:\\\/\\\/www.cercledecultura.org\\\/ca\\\/\"},{\"@type\":\"ListItem\",\"position\":2,\"name\":\"Cap a les pol\u00edtiques culturals del b\u00e9 com\u00fa?\"}]},{\"@type\":\"WebSite\",\"@id\":\"https:\\\/\\\/www.cercledecultura.org\\\/ca\\\/#website\",\"url\":\"https:\\\/\\\/www.cercledecultura.org\\\/ca\\\/\",\"name\":\"Cercle de Cultura\",\"description\":\"Entitat de car\u00e0cter privat i associatiu, independent, amb voluntat de participar en la vida p\u00fablica des de la pluralitat ideol\u00f2gica dels seus membres fundadors i futurs associats\",\"publisher\":{\"@id\":\"https:\\\/\\\/www.cercledecultura.org\\\/ca\\\/#organization\"},\"potentialAction\":[{\"@type\":\"SearchAction\",\"target\":{\"@type\":\"EntryPoint\",\"urlTemplate\":\"https:\\\/\\\/www.cercledecultura.org\\\/ca\\\/?s={search_term_string}\"},\"query-input\":{\"@type\":\"PropertyValueSpecification\",\"valueRequired\":true,\"valueName\":\"search_term_string\"}}],\"inLanguage\":\"ca\"},{\"@type\":\"Organization\",\"@id\":\"https:\\\/\\\/www.cercledecultura.org\\\/ca\\\/#organization\",\"name\":\"Cercle de Cultura\",\"url\":\"https:\\\/\\\/www.cercledecultura.org\\\/ca\\\/\",\"logo\":{\"@type\":\"ImageObject\",\"inLanguage\":\"ca\",\"@id\":\"https:\\\/\\\/www.cercledecultura.org\\\/ca\\\/#\\\/schema\\\/logo\\\/image\\\/\",\"url\":\"https:\\\/\\\/www.cercledecultura.org\\\/wp-content\\\/uploads\\\/2020\\\/01\\\/logo-cercle-de-cultura.png\",\"contentUrl\":\"https:\\\/\\\/www.cercledecultura.org\\\/wp-content\\\/uploads\\\/2020\\\/01\\\/logo-cercle-de-cultura.png\",\"width\":350,\"height\":195,\"caption\":\"Cercle de Cultura\"},\"image\":{\"@id\":\"https:\\\/\\\/www.cercledecultura.org\\\/ca\\\/#\\\/schema\\\/logo\\\/image\\\/\"}},{\"@type\":\"Person\",\"@id\":\"https:\\\/\\\/www.cercledecultura.org\\\/ca\\\/#\\\/schema\\\/person\\\/269db25cfadcb4bd2e41781c819942f9\",\"name\":\"admin\",\"image\":{\"@type\":\"ImageObject\",\"inLanguage\":\"ca\",\"@id\":\"https:\\\/\\\/secure.gravatar.com\\\/avatar\\\/e88a8bb50a361c6d45c4709770a3d765016be4b5d85313447b91d0d707434ad9?s=96&d=mm&r=g\",\"url\":\"https:\\\/\\\/secure.gravatar.com\\\/avatar\\\/e88a8bb50a361c6d45c4709770a3d765016be4b5d85313447b91d0d707434ad9?s=96&d=mm&r=g\",\"contentUrl\":\"https:\\\/\\\/secure.gravatar.com\\\/avatar\\\/e88a8bb50a361c6d45c4709770a3d765016be4b5d85313447b91d0d707434ad9?s=96&d=mm&r=g\",\"caption\":\"admin\"},\"url\":\"https:\\\/\\\/www.cercledecultura.org\\\/ca\\\/author\\\/seic_trzh7tdr\\\/\"}]}<\/script>\n<!-- \/ Yoast SEO plugin. -->","yoast_head_json":{"title":"Cap a les pol\u00edtiques culturals del b\u00e9 com\u00fa? - Cercle de Cultura","robots":{"index":"index","follow":"follow","max-snippet":"max-snippet:-1","max-image-preview":"max-image-preview:large","max-video-preview":"max-video-preview:-1"},"canonical":"https:\/\/www.cercledecultura.org\/ca\/politiques_culturals_ajuntaments_canvi_nicolas_barbieri\/","og_locale":"ca_ES","og_type":"article","og_title":"Cap a les pol\u00edtiques culturals del b\u00e9 com\u00fa? - Cercle de Cultura","og_description":"Nicol\u00e1s Barbieri analitza les pol\u00edtiques culturals de diversos governs municipals\u00a0 de l\u2019Estat espanyol(Barcelona, Saragossa, Madrid, La Corunya i Santiago de Compostel\u00b7la principalment ) que comparteixen la denominaci\u00f3 \u201cd\u2019ajuntaments del canvi\u201d, aportant un seguit de reflexions sobre dues relacions clau: entre all\u00f2 que \u00e9s de titularitat p\u00fablica i all\u00f2 que forma part del b\u00e9 com\u00fa, i entre la mateixa cultura i la pol\u00edtica.","og_url":"https:\/\/www.cercledecultura.org\/ca\/politiques_culturals_ajuntaments_canvi_nicolas_barbieri\/","og_site_name":"Cercle de Cultura","article_published_time":"2018-03-12T08:43:00+00:00","article_modified_time":"2021-02-23T09:33:41+00:00","og_image":[{"width":1043,"height":695,"url":"https:\/\/www.cercledecultura.org\/wp-content\/uploads\/2021\/02\/gGrnP5VE80e4dKM0q3ZHMw.png","type":"image\/png"}],"author":"admin","twitter_card":"summary_large_image","twitter_misc":{"Escrit per":"admin","Temps estimat de lectura":"3 minuts"},"schema":{"@context":"https:\/\/schema.org","@graph":[{"@type":"Article","@id":"https:\/\/www.cercledecultura.org\/ca\/politiques_culturals_ajuntaments_canvi_nicolas_barbieri\/#article","isPartOf":{"@id":"https:\/\/www.cercledecultura.org\/ca\/politiques_culturals_ajuntaments_canvi_nicolas_barbieri\/"},"author":{"name":"admin","@id":"https:\/\/www.cercledecultura.org\/ca\/#\/schema\/person\/269db25cfadcb4bd2e41781c819942f9"},"headline":"Cap a les pol\u00edtiques culturals del b\u00e9 com\u00fa?","datePublished":"2018-03-12T08:43:00+00:00","dateModified":"2021-02-23T09:33:41+00:00","mainEntityOfPage":{"@id":"https:\/\/www.cercledecultura.org\/ca\/politiques_culturals_ajuntaments_canvi_nicolas_barbieri\/"},"wordCount":677,"commentCount":0,"publisher":{"@id":"https:\/\/www.cercledecultura.org\/ca\/#organization"},"image":{"@id":"https:\/\/www.cercledecultura.org\/ca\/politiques_culturals_ajuntaments_canvi_nicolas_barbieri\/#primaryimage"},"thumbnailUrl":"https:\/\/www.cercledecultura.org\/wp-content\/uploads\/2021\/02\/gGrnP5VE80e4dKM0q3ZHMw.png","keywords":["ajuntament","Barcelona","La Corunya","Madrid","Nicol\u00e1s Barbieri","Pol\u00edtica Cultural","Santiago de Compostel\u00b7la"],"articleSection":["Opini\u00f3"],"inLanguage":"ca","potentialAction":[{"@type":"CommentAction","name":"Comment","target":["https:\/\/www.cercledecultura.org\/ca\/politiques_culturals_ajuntaments_canvi_nicolas_barbieri\/#respond"]}]},{"@type":"WebPage","@id":"https:\/\/www.cercledecultura.org\/ca\/politiques_culturals_ajuntaments_canvi_nicolas_barbieri\/","url":"https:\/\/www.cercledecultura.org\/ca\/politiques_culturals_ajuntaments_canvi_nicolas_barbieri\/","name":"Cap a les pol\u00edtiques culturals del b\u00e9 com\u00fa? - Cercle de Cultura","isPartOf":{"@id":"https:\/\/www.cercledecultura.org\/ca\/#website"},"primaryImageOfPage":{"@id":"https:\/\/www.cercledecultura.org\/ca\/politiques_culturals_ajuntaments_canvi_nicolas_barbieri\/#primaryimage"},"image":{"@id":"https:\/\/www.cercledecultura.org\/ca\/politiques_culturals_ajuntaments_canvi_nicolas_barbieri\/#primaryimage"},"thumbnailUrl":"https:\/\/www.cercledecultura.org\/wp-content\/uploads\/2021\/02\/gGrnP5VE80e4dKM0q3ZHMw.png","datePublished":"2018-03-12T08:43:00+00:00","dateModified":"2021-02-23T09:33:41+00:00","breadcrumb":{"@id":"https:\/\/www.cercledecultura.org\/ca\/politiques_culturals_ajuntaments_canvi_nicolas_barbieri\/#breadcrumb"},"inLanguage":"ca","potentialAction":[{"@type":"ReadAction","target":["https:\/\/www.cercledecultura.org\/ca\/politiques_culturals_ajuntaments_canvi_nicolas_barbieri\/"]}]},{"@type":"ImageObject","inLanguage":"ca","@id":"https:\/\/www.cercledecultura.org\/ca\/politiques_culturals_ajuntaments_canvi_nicolas_barbieri\/#primaryimage","url":"https:\/\/www.cercledecultura.org\/wp-content\/uploads\/2021\/02\/gGrnP5VE80e4dKM0q3ZHMw.png","contentUrl":"https:\/\/www.cercledecultura.org\/wp-content\/uploads\/2021\/02\/gGrnP5VE80e4dKM0q3ZHMw.png","width":1043,"height":695},{"@type":"BreadcrumbList","@id":"https:\/\/www.cercledecultura.org\/ca\/politiques_culturals_ajuntaments_canvi_nicolas_barbieri\/#breadcrumb","itemListElement":[{"@type":"ListItem","position":1,"name":"Portada","item":"https:\/\/www.cercledecultura.org\/ca\/"},{"@type":"ListItem","position":2,"name":"Cap a les pol\u00edtiques culturals del b\u00e9 com\u00fa?"}]},{"@type":"WebSite","@id":"https:\/\/www.cercledecultura.org\/ca\/#website","url":"https:\/\/www.cercledecultura.org\/ca\/","name":"Cercle de Cultura","description":"Entitat de car\u00e0cter privat i associatiu, independent, amb voluntat de participar en la vida p\u00fablica des de la pluralitat ideol\u00f2gica dels seus membres fundadors i futurs associats","publisher":{"@id":"https:\/\/www.cercledecultura.org\/ca\/#organization"},"potentialAction":[{"@type":"SearchAction","target":{"@type":"EntryPoint","urlTemplate":"https:\/\/www.cercledecultura.org\/ca\/?s={search_term_string}"},"query-input":{"@type":"PropertyValueSpecification","valueRequired":true,"valueName":"search_term_string"}}],"inLanguage":"ca"},{"@type":"Organization","@id":"https:\/\/www.cercledecultura.org\/ca\/#organization","name":"Cercle de Cultura","url":"https:\/\/www.cercledecultura.org\/ca\/","logo":{"@type":"ImageObject","inLanguage":"ca","@id":"https:\/\/www.cercledecultura.org\/ca\/#\/schema\/logo\/image\/","url":"https:\/\/www.cercledecultura.org\/wp-content\/uploads\/2020\/01\/logo-cercle-de-cultura.png","contentUrl":"https:\/\/www.cercledecultura.org\/wp-content\/uploads\/2020\/01\/logo-cercle-de-cultura.png","width":350,"height":195,"caption":"Cercle de Cultura"},"image":{"@id":"https:\/\/www.cercledecultura.org\/ca\/#\/schema\/logo\/image\/"}},{"@type":"Person","@id":"https:\/\/www.cercledecultura.org\/ca\/#\/schema\/person\/269db25cfadcb4bd2e41781c819942f9","name":"admin","image":{"@type":"ImageObject","inLanguage":"ca","@id":"https:\/\/secure.gravatar.com\/avatar\/e88a8bb50a361c6d45c4709770a3d765016be4b5d85313447b91d0d707434ad9?s=96&d=mm&r=g","url":"https:\/\/secure.gravatar.com\/avatar\/e88a8bb50a361c6d45c4709770a3d765016be4b5d85313447b91d0d707434ad9?s=96&d=mm&r=g","contentUrl":"https:\/\/secure.gravatar.com\/avatar\/e88a8bb50a361c6d45c4709770a3d765016be4b5d85313447b91d0d707434ad9?s=96&d=mm&r=g","caption":"admin"},"url":"https:\/\/www.cercledecultura.org\/ca\/author\/seic_trzh7tdr\/"}]}},"_links":{"self":[{"href":"https:\/\/www.cercledecultura.org\/ca\/wp-json\/wp\/v2\/posts\/830","targetHints":{"allow":["GET"]}}],"collection":[{"href":"https:\/\/www.cercledecultura.org\/ca\/wp-json\/wp\/v2\/posts"}],"about":[{"href":"https:\/\/www.cercledecultura.org\/ca\/wp-json\/wp\/v2\/types\/post"}],"author":[{"embeddable":true,"href":"https:\/\/www.cercledecultura.org\/ca\/wp-json\/wp\/v2\/users\/1"}],"replies":[{"embeddable":true,"href":"https:\/\/www.cercledecultura.org\/ca\/wp-json\/wp\/v2\/comments?post=830"}],"version-history":[{"count":1,"href":"https:\/\/www.cercledecultura.org\/ca\/wp-json\/wp\/v2\/posts\/830\/revisions"}],"predecessor-version":[{"id":1174,"href":"https:\/\/www.cercledecultura.org\/ca\/wp-json\/wp\/v2\/posts\/830\/revisions\/1174"}],"wp:featuredmedia":[{"embeddable":true,"href":"https:\/\/www.cercledecultura.org\/ca\/wp-json\/wp\/v2\/media\/831"}],"wp:attachment":[{"href":"https:\/\/www.cercledecultura.org\/ca\/wp-json\/wp\/v2\/media?parent=830"}],"wp:term":[{"taxonomy":"category","embeddable":true,"href":"https:\/\/www.cercledecultura.org\/ca\/wp-json\/wp\/v2\/categories?post=830"},{"taxonomy":"post_tag","embeddable":true,"href":"https:\/\/www.cercledecultura.org\/ca\/wp-json\/wp\/v2\/tags?post=830"}],"curies":[{"name":"wp","href":"https:\/\/api.w.org\/{rel}","templated":true}]}}