{"id":824,"date":"2018-02-15T02:23:00","date_gmt":"2018-02-15T02:23:00","guid":{"rendered":"https:\/\/pre.cercledecultura.org\/cultura_felicitat_nela_filimon\/"},"modified":"2021-02-23T10:04:09","modified_gmt":"2021-02-23T10:04:09","slug":"cultura_felicitat_nela_filimon","status":"publish","type":"post","link":"https:\/\/www.cercledecultura.org\/ca\/cultura_felicitat_nela_filimon\/","title":{"rendered":"Sobre la cultura i felicitat compartides"},"content":{"rendered":"<p>La Dra. Nela Filimon, autora de &#8220;l\u2019impacte de la cultura i el lleure sobre la felicitat dels espanyols&#8221;, reflexiona sobre la import\u00e0ncia de l&#8217;acc\u00e9s a la cultura &#8220;com a font de felicitat intr\u00ednsecament individual i col\u00b7lectiva&#8221;.  A l&#8217;hora de parlar sobre la felicitat, destacar la seva atemporalitat com a aspiraci\u00f3 de l\u2019esser hum\u00e0, crec que \u00e9s un dels punts de conflu\u00e8ncia de totes les opinions, sigui quin sigui l&#8217;\u00e0mbit d&#8217;estudi. Prova d&#8217;aix\u00f2 \u00e9s que ja des de l&#8217;antiga Gr\u00e8cia, molts fil\u00f2sofs i pensadors han reflexionat i escrit sobre la felicitat. Un exemple molt conegut \u00e9s la trobada entre el rei Cressus de Lidia i el savi Sol\u00f3 d&#8217;Atenes, fet relatat en el Llibre I (XXXI-XXXIII) d\u2019Els Nous Llibres de la Hist\u00f2ria d\u2019Her\u00f2dot, a on Sol\u00f3 deixa molt desconcertat al rei Cressus amb la seva resposta sobre la felicitat; no nom\u00e9s que en Sol\u00f3 no el va considerar, al rei mateix, ni el primer, ni el segon entre els feli\u00e7os, sin\u00f3 que va relativitzar, d&#8217;una banda, la import\u00e0ncia de la riquesa i, d\u2019altra, va dir que per a ell, era important saber tot el recorregut de la vida d&#8217;una persona (fins i tot com acaba la seva vida) per poder jutjar si ha estat feli\u00e7 o no.  Aquest relat hist\u00f2ric ens fa pensar sobre la dificultat que suposa definir la felicitat, mesurar-la i identificar tots els seus determinants. Aix\u00ed, per exemple, en els estudis sobre la felicitat sovint se sol utilitzar tamb\u00e9 el concepte de benestar subjectiu com a sin\u00f2nim. Pel que fa els determinants de la felicitat, encara que el factor material sigui important, especialment en un sistema econ\u00f2micosocial com l\u2019actual on el benestar es mesura generalment en termes de PIB (o renda) per c\u00e0pita, s\u2019ha demostrat que, a partir d&#8217;un cert nivell (com, per exemple, tenir les necessitats b\u00e0siques cobertes), la renda ja no \u00e9s garantia d&#8217;una major felicitat. Aquesta paradoxa, ha intensificat l&#8217;inter\u00e8s dels investigadors per identificar d\u2019altres factors amb un impacte positiu sobre la felicitat i el benestar, com \u00e9s el cas de la cultura i de l&#8217;oci. Anar al cinema i al teatre, veure la televisi\u00f3, escoltar m\u00fasica, llegir llibres, anar a un concert, veure un espectacle esportiu, s\u00f3n algunes de les activitats incloses en l&#8217;enquesta del Bar\u00f2metre d&#8217;Opini\u00f3 del Centre d&#8217;Investigacions Sociol\u00f2giques (2014) que els espanyols valorem amb unes puntuacions mitjanes elevades (entre 7,29 i 7,5) en una escala de felicitat de zero (completament infeli\u00e7) a deu (completament feli\u00e7).  Tot i que la manera m\u00e9s habitual de disposar de dades sobre els h\u00e0bits i pr\u00e0ctiques culturals de les persones sigui a trav\u00e9s d&#8217;enquestes especialment dissenyades, cal mencionar el seu car\u00e0cter retrospectiu, al preguntar-nos sobre un per\u00edode anterior al moment de l&#8217;entrevista. Des d&#8217;aquesta perspectiva, l\u2019\u00fas de les noves tecnologies, es fa cada vegada m\u00e9s patent a trav\u00e9s d&#8217;Apps especialment dissenyades que permeten recollir dades en temps real i mesurar la felicitat tamb\u00e9 en temps real. Un exemple rellevant \u00e9s l&#8217;estudi publicat per l&#8217;Arts Council of England l\u2019any 2015, un estudi que destaca les activitats culturals (el teatre, la dansa i els concerts; cantar i actuar; les exhibicions, els museus i les biblioteques; escoltar m\u00fasica; llegir) entre les que tenen un major impacte sobre la felicitat. L\u2019estudi aporta resultats interessants tamb\u00e9 sobre una dimensi\u00f3 menys analitzada de la cultura i de l\u2018oci, la seva dimensi\u00f3 social o compartida, i el seu impacte sobre la felicitat; els resultats han indicat, que el nivell mitja de felicitat \u00e9s superior quan les activitats culturals s\u00f3n compartides. Aquesta tend\u00e8ncia s&#8217;observa tamb\u00e9 en el cas d&#8217;Espanya, on, les dades han indicat una major proporci\u00f3 de persones que es perceben com m\u00e9s feli\u00e7os quan fan les activitats culturals en companyia.  L&#8217;estudi de l\u2019Observatori \u00e9s una primera incursi\u00f3 i s&#8217;emmarca en la l\u00ednia d&#8217;investigaci\u00f3 oposada a la visi\u00f3 merament individualista del benestar i de la felicitat, reivindicant la import\u00e0ncia de l\u2019acc\u00e9s a la cultura per a tots, de l\u2019art urb\u00e0 i de la cultura popular i de les tradicions locals, tan arrelades a Espanya i a molts pa\u00efsos europeus, com a font de felicitat intr\u00ednsecament individual i col\u00b7lectiva.   Podeu llegir &#8220;L\u2019impacte de la cultura i el lleure sobre la felicitat dels espanyols&#8221; des d&#8217;aquest enlla\u00e7: https:\/\/observatoriosociallacaixa.org\/ca\/indicador\/-\/asset_publisher\/ATai9MyKZiYq\/content\/el-impacto-de-la-cultura-y-el-ocio-en-la-felicidad-de-los-espanoles. L&#8217;article analitza sobre les dimensions individual i social de la felicitat, tot confirmant la import\u00e0ncia de compartir les experi\u00e8ncies de consum cultural amb els altres.<\/p>\n","protected":false},"excerpt":{"rendered":"<p>La Dra. Nela Filimon, autora de &#8220;l\u2019impacte de la cultura i el lleure sobre la felicitat dels espanyols&#8221;, reflexiona sobre la import\u00e0ncia de l&#8217;acc\u00e9s a la cultura &#8220;com a font de felicitat intr\u00ednsecament individual i col\u00b7lectiva&#8221;.<\/p>\n","protected":false},"author":1,"featured_media":825,"comment_status":"open","ping_status":"closed","sticky":false,"template":"","format":"standard","meta":{"footnotes":""},"categories":[26],"tags":[5,410,411,409,412],"class_list":["post-824","post","type-post","status-publish","format-standard","has-post-thumbnail","hentry","category-noticies","tag-cultura","tag-felicitat","tag-lleure","tag-nela-filimon","tag-oci"],"yoast_head":"<!-- This site is optimized with the Yoast SEO plugin v27.4 - https:\/\/yoast.com\/product\/yoast-seo-wordpress\/ -->\n<title>Sobre la cultura i felicitat compartides - Cercle de Cultura<\/title>\n<meta name=\"robots\" content=\"index, follow, max-snippet:-1, max-image-preview:large, max-video-preview:-1\" \/>\n<link rel=\"canonical\" href=\"https:\/\/www.cercledecultura.org\/ca\/cultura_felicitat_nela_filimon\/\" \/>\n<meta property=\"og:locale\" content=\"ca_ES\" \/>\n<meta property=\"og:type\" content=\"article\" \/>\n<meta property=\"og:title\" content=\"Sobre la cultura i felicitat compartides - Cercle de Cultura\" \/>\n<meta property=\"og:description\" content=\"La Dra. Nela Filimon, autora de &quot;l\u2019impacte de la cultura i el lleure sobre la felicitat dels espanyols&quot;, reflexiona sobre la import\u00e0ncia de l&#039;acc\u00e9s a la cultura &quot;com a font de felicitat intr\u00ednsecament individual i col\u00b7lectiva&quot;.\" \/>\n<meta property=\"og:url\" content=\"https:\/\/www.cercledecultura.org\/ca\/cultura_felicitat_nela_filimon\/\" \/>\n<meta property=\"og:site_name\" content=\"Cercle de Cultura\" \/>\n<meta property=\"article:published_time\" content=\"2018-02-15T02:23:00+00:00\" \/>\n<meta property=\"article:modified_time\" content=\"2021-02-23T10:04:09+00:00\" \/>\n<meta property=\"og:image\" content=\"https:\/\/www.cercledecultura.org\/wp-content\/uploads\/2021\/02\/XyMPoP4GNEG8v76t6aBe8Q.jpg\" \/>\n\t<meta property=\"og:image:width\" content=\"400\" \/>\n\t<meta property=\"og:image:height\" content=\"267\" \/>\n\t<meta property=\"og:image:type\" content=\"image\/jpeg\" \/>\n<meta name=\"author\" content=\"admin\" \/>\n<meta name=\"twitter:card\" content=\"summary_large_image\" \/>\n<meta name=\"twitter:label1\" content=\"Escrit per\" \/>\n\t<meta name=\"twitter:data1\" content=\"admin\" \/>\n\t<meta name=\"twitter:label2\" content=\"Temps estimat de lectura\" \/>\n\t<meta name=\"twitter:data2\" content=\"4 minuts\" \/>\n<script type=\"application\/ld+json\" class=\"yoast-schema-graph\">{\"@context\":\"https:\\\/\\\/schema.org\",\"@graph\":[{\"@type\":\"Article\",\"@id\":\"https:\\\/\\\/www.cercledecultura.org\\\/ca\\\/cultura_felicitat_nela_filimon\\\/#article\",\"isPartOf\":{\"@id\":\"https:\\\/\\\/www.cercledecultura.org\\\/ca\\\/cultura_felicitat_nela_filimon\\\/\"},\"author\":{\"name\":\"admin\",\"@id\":\"https:\\\/\\\/www.cercledecultura.org\\\/ca\\\/#\\\/schema\\\/person\\\/269db25cfadcb4bd2e41781c819942f9\"},\"headline\":\"Sobre la cultura i felicitat compartides\",\"datePublished\":\"2018-02-15T02:23:00+00:00\",\"dateModified\":\"2021-02-23T10:04:09+00:00\",\"mainEntityOfPage\":{\"@id\":\"https:\\\/\\\/www.cercledecultura.org\\\/ca\\\/cultura_felicitat_nela_filimon\\\/\"},\"wordCount\":819,\"commentCount\":0,\"publisher\":{\"@id\":\"https:\\\/\\\/www.cercledecultura.org\\\/ca\\\/#organization\"},\"image\":{\"@id\":\"https:\\\/\\\/www.cercledecultura.org\\\/ca\\\/cultura_felicitat_nela_filimon\\\/#primaryimage\"},\"thumbnailUrl\":\"https:\\\/\\\/www.cercledecultura.org\\\/wp-content\\\/uploads\\\/2021\\\/02\\\/XyMPoP4GNEG8v76t6aBe8Q.jpg\",\"keywords\":[\"Cultura\",\"felicitat\",\"lleure\",\"Nela Filimon\",\"oci\"],\"articleSection\":[\"Not\u00edcies\"],\"inLanguage\":\"ca\",\"potentialAction\":[{\"@type\":\"CommentAction\",\"name\":\"Comment\",\"target\":[\"https:\\\/\\\/www.cercledecultura.org\\\/ca\\\/cultura_felicitat_nela_filimon\\\/#respond\"]}]},{\"@type\":\"WebPage\",\"@id\":\"https:\\\/\\\/www.cercledecultura.org\\\/ca\\\/cultura_felicitat_nela_filimon\\\/\",\"url\":\"https:\\\/\\\/www.cercledecultura.org\\\/ca\\\/cultura_felicitat_nela_filimon\\\/\",\"name\":\"Sobre la cultura i felicitat compartides - Cercle de Cultura\",\"isPartOf\":{\"@id\":\"https:\\\/\\\/www.cercledecultura.org\\\/ca\\\/#website\"},\"primaryImageOfPage\":{\"@id\":\"https:\\\/\\\/www.cercledecultura.org\\\/ca\\\/cultura_felicitat_nela_filimon\\\/#primaryimage\"},\"image\":{\"@id\":\"https:\\\/\\\/www.cercledecultura.org\\\/ca\\\/cultura_felicitat_nela_filimon\\\/#primaryimage\"},\"thumbnailUrl\":\"https:\\\/\\\/www.cercledecultura.org\\\/wp-content\\\/uploads\\\/2021\\\/02\\\/XyMPoP4GNEG8v76t6aBe8Q.jpg\",\"datePublished\":\"2018-02-15T02:23:00+00:00\",\"dateModified\":\"2021-02-23T10:04:09+00:00\",\"breadcrumb\":{\"@id\":\"https:\\\/\\\/www.cercledecultura.org\\\/ca\\\/cultura_felicitat_nela_filimon\\\/#breadcrumb\"},\"inLanguage\":\"ca\",\"potentialAction\":[{\"@type\":\"ReadAction\",\"target\":[\"https:\\\/\\\/www.cercledecultura.org\\\/ca\\\/cultura_felicitat_nela_filimon\\\/\"]}]},{\"@type\":\"ImageObject\",\"inLanguage\":\"ca\",\"@id\":\"https:\\\/\\\/www.cercledecultura.org\\\/ca\\\/cultura_felicitat_nela_filimon\\\/#primaryimage\",\"url\":\"https:\\\/\\\/www.cercledecultura.org\\\/wp-content\\\/uploads\\\/2021\\\/02\\\/XyMPoP4GNEG8v76t6aBe8Q.jpg\",\"contentUrl\":\"https:\\\/\\\/www.cercledecultura.org\\\/wp-content\\\/uploads\\\/2021\\\/02\\\/XyMPoP4GNEG8v76t6aBe8Q.jpg\",\"width\":400,\"height\":267},{\"@type\":\"BreadcrumbList\",\"@id\":\"https:\\\/\\\/www.cercledecultura.org\\\/ca\\\/cultura_felicitat_nela_filimon\\\/#breadcrumb\",\"itemListElement\":[{\"@type\":\"ListItem\",\"position\":1,\"name\":\"Portada\",\"item\":\"https:\\\/\\\/www.cercledecultura.org\\\/ca\\\/\"},{\"@type\":\"ListItem\",\"position\":2,\"name\":\"Sobre la cultura i felicitat compartides\"}]},{\"@type\":\"WebSite\",\"@id\":\"https:\\\/\\\/www.cercledecultura.org\\\/ca\\\/#website\",\"url\":\"https:\\\/\\\/www.cercledecultura.org\\\/ca\\\/\",\"name\":\"Cercle de Cultura\",\"description\":\"Entitat de car\u00e0cter privat i associatiu, independent, amb voluntat de participar en la vida p\u00fablica des de la pluralitat ideol\u00f2gica dels seus membres fundadors i futurs associats\",\"publisher\":{\"@id\":\"https:\\\/\\\/www.cercledecultura.org\\\/ca\\\/#organization\"},\"potentialAction\":[{\"@type\":\"SearchAction\",\"target\":{\"@type\":\"EntryPoint\",\"urlTemplate\":\"https:\\\/\\\/www.cercledecultura.org\\\/ca\\\/?s={search_term_string}\"},\"query-input\":{\"@type\":\"PropertyValueSpecification\",\"valueRequired\":true,\"valueName\":\"search_term_string\"}}],\"inLanguage\":\"ca\"},{\"@type\":\"Organization\",\"@id\":\"https:\\\/\\\/www.cercledecultura.org\\\/ca\\\/#organization\",\"name\":\"Cercle de Cultura\",\"url\":\"https:\\\/\\\/www.cercledecultura.org\\\/ca\\\/\",\"logo\":{\"@type\":\"ImageObject\",\"inLanguage\":\"ca\",\"@id\":\"https:\\\/\\\/www.cercledecultura.org\\\/ca\\\/#\\\/schema\\\/logo\\\/image\\\/\",\"url\":\"https:\\\/\\\/www.cercledecultura.org\\\/wp-content\\\/uploads\\\/2020\\\/01\\\/logo-cercle-de-cultura.png\",\"contentUrl\":\"https:\\\/\\\/www.cercledecultura.org\\\/wp-content\\\/uploads\\\/2020\\\/01\\\/logo-cercle-de-cultura.png\",\"width\":350,\"height\":195,\"caption\":\"Cercle de Cultura\"},\"image\":{\"@id\":\"https:\\\/\\\/www.cercledecultura.org\\\/ca\\\/#\\\/schema\\\/logo\\\/image\\\/\"}},{\"@type\":\"Person\",\"@id\":\"https:\\\/\\\/www.cercledecultura.org\\\/ca\\\/#\\\/schema\\\/person\\\/269db25cfadcb4bd2e41781c819942f9\",\"name\":\"admin\",\"image\":{\"@type\":\"ImageObject\",\"inLanguage\":\"ca\",\"@id\":\"https:\\\/\\\/secure.gravatar.com\\\/avatar\\\/e88a8bb50a361c6d45c4709770a3d765016be4b5d85313447b91d0d707434ad9?s=96&d=mm&r=g\",\"url\":\"https:\\\/\\\/secure.gravatar.com\\\/avatar\\\/e88a8bb50a361c6d45c4709770a3d765016be4b5d85313447b91d0d707434ad9?s=96&d=mm&r=g\",\"contentUrl\":\"https:\\\/\\\/secure.gravatar.com\\\/avatar\\\/e88a8bb50a361c6d45c4709770a3d765016be4b5d85313447b91d0d707434ad9?s=96&d=mm&r=g\",\"caption\":\"admin\"},\"url\":\"https:\\\/\\\/www.cercledecultura.org\\\/ca\\\/author\\\/seic_trzh7tdr\\\/\"}]}<\/script>\n<!-- \/ Yoast SEO plugin. -->","yoast_head_json":{"title":"Sobre la cultura i felicitat compartides - Cercle de Cultura","robots":{"index":"index","follow":"follow","max-snippet":"max-snippet:-1","max-image-preview":"max-image-preview:large","max-video-preview":"max-video-preview:-1"},"canonical":"https:\/\/www.cercledecultura.org\/ca\/cultura_felicitat_nela_filimon\/","og_locale":"ca_ES","og_type":"article","og_title":"Sobre la cultura i felicitat compartides - Cercle de Cultura","og_description":"La Dra. Nela Filimon, autora de \"l\u2019impacte de la cultura i el lleure sobre la felicitat dels espanyols\", reflexiona sobre la import\u00e0ncia de l'acc\u00e9s a la cultura \"com a font de felicitat intr\u00ednsecament individual i col\u00b7lectiva\".","og_url":"https:\/\/www.cercledecultura.org\/ca\/cultura_felicitat_nela_filimon\/","og_site_name":"Cercle de Cultura","article_published_time":"2018-02-15T02:23:00+00:00","article_modified_time":"2021-02-23T10:04:09+00:00","og_image":[{"width":400,"height":267,"url":"https:\/\/www.cercledecultura.org\/wp-content\/uploads\/2021\/02\/XyMPoP4GNEG8v76t6aBe8Q.jpg","type":"image\/jpeg"}],"author":"admin","twitter_card":"summary_large_image","twitter_misc":{"Escrit per":"admin","Temps estimat de lectura":"4 minuts"},"schema":{"@context":"https:\/\/schema.org","@graph":[{"@type":"Article","@id":"https:\/\/www.cercledecultura.org\/ca\/cultura_felicitat_nela_filimon\/#article","isPartOf":{"@id":"https:\/\/www.cercledecultura.org\/ca\/cultura_felicitat_nela_filimon\/"},"author":{"name":"admin","@id":"https:\/\/www.cercledecultura.org\/ca\/#\/schema\/person\/269db25cfadcb4bd2e41781c819942f9"},"headline":"Sobre la cultura i felicitat compartides","datePublished":"2018-02-15T02:23:00+00:00","dateModified":"2021-02-23T10:04:09+00:00","mainEntityOfPage":{"@id":"https:\/\/www.cercledecultura.org\/ca\/cultura_felicitat_nela_filimon\/"},"wordCount":819,"commentCount":0,"publisher":{"@id":"https:\/\/www.cercledecultura.org\/ca\/#organization"},"image":{"@id":"https:\/\/www.cercledecultura.org\/ca\/cultura_felicitat_nela_filimon\/#primaryimage"},"thumbnailUrl":"https:\/\/www.cercledecultura.org\/wp-content\/uploads\/2021\/02\/XyMPoP4GNEG8v76t6aBe8Q.jpg","keywords":["Cultura","felicitat","lleure","Nela Filimon","oci"],"articleSection":["Not\u00edcies"],"inLanguage":"ca","potentialAction":[{"@type":"CommentAction","name":"Comment","target":["https:\/\/www.cercledecultura.org\/ca\/cultura_felicitat_nela_filimon\/#respond"]}]},{"@type":"WebPage","@id":"https:\/\/www.cercledecultura.org\/ca\/cultura_felicitat_nela_filimon\/","url":"https:\/\/www.cercledecultura.org\/ca\/cultura_felicitat_nela_filimon\/","name":"Sobre la cultura i felicitat compartides - Cercle de Cultura","isPartOf":{"@id":"https:\/\/www.cercledecultura.org\/ca\/#website"},"primaryImageOfPage":{"@id":"https:\/\/www.cercledecultura.org\/ca\/cultura_felicitat_nela_filimon\/#primaryimage"},"image":{"@id":"https:\/\/www.cercledecultura.org\/ca\/cultura_felicitat_nela_filimon\/#primaryimage"},"thumbnailUrl":"https:\/\/www.cercledecultura.org\/wp-content\/uploads\/2021\/02\/XyMPoP4GNEG8v76t6aBe8Q.jpg","datePublished":"2018-02-15T02:23:00+00:00","dateModified":"2021-02-23T10:04:09+00:00","breadcrumb":{"@id":"https:\/\/www.cercledecultura.org\/ca\/cultura_felicitat_nela_filimon\/#breadcrumb"},"inLanguage":"ca","potentialAction":[{"@type":"ReadAction","target":["https:\/\/www.cercledecultura.org\/ca\/cultura_felicitat_nela_filimon\/"]}]},{"@type":"ImageObject","inLanguage":"ca","@id":"https:\/\/www.cercledecultura.org\/ca\/cultura_felicitat_nela_filimon\/#primaryimage","url":"https:\/\/www.cercledecultura.org\/wp-content\/uploads\/2021\/02\/XyMPoP4GNEG8v76t6aBe8Q.jpg","contentUrl":"https:\/\/www.cercledecultura.org\/wp-content\/uploads\/2021\/02\/XyMPoP4GNEG8v76t6aBe8Q.jpg","width":400,"height":267},{"@type":"BreadcrumbList","@id":"https:\/\/www.cercledecultura.org\/ca\/cultura_felicitat_nela_filimon\/#breadcrumb","itemListElement":[{"@type":"ListItem","position":1,"name":"Portada","item":"https:\/\/www.cercledecultura.org\/ca\/"},{"@type":"ListItem","position":2,"name":"Sobre la cultura i felicitat compartides"}]},{"@type":"WebSite","@id":"https:\/\/www.cercledecultura.org\/ca\/#website","url":"https:\/\/www.cercledecultura.org\/ca\/","name":"Cercle de Cultura","description":"Entitat de car\u00e0cter privat i associatiu, independent, amb voluntat de participar en la vida p\u00fablica des de la pluralitat ideol\u00f2gica dels seus membres fundadors i futurs associats","publisher":{"@id":"https:\/\/www.cercledecultura.org\/ca\/#organization"},"potentialAction":[{"@type":"SearchAction","target":{"@type":"EntryPoint","urlTemplate":"https:\/\/www.cercledecultura.org\/ca\/?s={search_term_string}"},"query-input":{"@type":"PropertyValueSpecification","valueRequired":true,"valueName":"search_term_string"}}],"inLanguage":"ca"},{"@type":"Organization","@id":"https:\/\/www.cercledecultura.org\/ca\/#organization","name":"Cercle de Cultura","url":"https:\/\/www.cercledecultura.org\/ca\/","logo":{"@type":"ImageObject","inLanguage":"ca","@id":"https:\/\/www.cercledecultura.org\/ca\/#\/schema\/logo\/image\/","url":"https:\/\/www.cercledecultura.org\/wp-content\/uploads\/2020\/01\/logo-cercle-de-cultura.png","contentUrl":"https:\/\/www.cercledecultura.org\/wp-content\/uploads\/2020\/01\/logo-cercle-de-cultura.png","width":350,"height":195,"caption":"Cercle de Cultura"},"image":{"@id":"https:\/\/www.cercledecultura.org\/ca\/#\/schema\/logo\/image\/"}},{"@type":"Person","@id":"https:\/\/www.cercledecultura.org\/ca\/#\/schema\/person\/269db25cfadcb4bd2e41781c819942f9","name":"admin","image":{"@type":"ImageObject","inLanguage":"ca","@id":"https:\/\/secure.gravatar.com\/avatar\/e88a8bb50a361c6d45c4709770a3d765016be4b5d85313447b91d0d707434ad9?s=96&d=mm&r=g","url":"https:\/\/secure.gravatar.com\/avatar\/e88a8bb50a361c6d45c4709770a3d765016be4b5d85313447b91d0d707434ad9?s=96&d=mm&r=g","contentUrl":"https:\/\/secure.gravatar.com\/avatar\/e88a8bb50a361c6d45c4709770a3d765016be4b5d85313447b91d0d707434ad9?s=96&d=mm&r=g","caption":"admin"},"url":"https:\/\/www.cercledecultura.org\/ca\/author\/seic_trzh7tdr\/"}]}},"_links":{"self":[{"href":"https:\/\/www.cercledecultura.org\/ca\/wp-json\/wp\/v2\/posts\/824","targetHints":{"allow":["GET"]}}],"collection":[{"href":"https:\/\/www.cercledecultura.org\/ca\/wp-json\/wp\/v2\/posts"}],"about":[{"href":"https:\/\/www.cercledecultura.org\/ca\/wp-json\/wp\/v2\/types\/post"}],"author":[{"embeddable":true,"href":"https:\/\/www.cercledecultura.org\/ca\/wp-json\/wp\/v2\/users\/1"}],"replies":[{"embeddable":true,"href":"https:\/\/www.cercledecultura.org\/ca\/wp-json\/wp\/v2\/comments?post=824"}],"version-history":[{"count":1,"href":"https:\/\/www.cercledecultura.org\/ca\/wp-json\/wp\/v2\/posts\/824\/revisions"}],"predecessor-version":[{"id":1171,"href":"https:\/\/www.cercledecultura.org\/ca\/wp-json\/wp\/v2\/posts\/824\/revisions\/1171"}],"wp:featuredmedia":[{"embeddable":true,"href":"https:\/\/www.cercledecultura.org\/ca\/wp-json\/wp\/v2\/media\/825"}],"wp:attachment":[{"href":"https:\/\/www.cercledecultura.org\/ca\/wp-json\/wp\/v2\/media?parent=824"}],"wp:term":[{"taxonomy":"category","embeddable":true,"href":"https:\/\/www.cercledecultura.org\/ca\/wp-json\/wp\/v2\/categories?post=824"},{"taxonomy":"post_tag","embeddable":true,"href":"https:\/\/www.cercledecultura.org\/ca\/wp-json\/wp\/v2\/tags?post=824"}],"curies":[{"name":"wp","href":"https:\/\/api.w.org\/{rel}","templated":true}]}}