{"id":822,"date":"2018-02-01T06:37:00","date_gmt":"2018-02-01T06:37:00","guid":{"rendered":"https:\/\/pre.cercledecultura.org\/proteccionismes_culturals_xavier_marce\/"},"modified":"2021-02-23T09:39:58","modified_gmt":"2021-02-23T09:39:58","slug":"proteccionismes_culturals_xavier_marce","status":"publish","type":"post","link":"https:\/\/www.cercledecultura.org\/ca\/proteccionismes_culturals_xavier_marce\/","title":{"rendered":"Proteccionismes culturals"},"content":{"rendered":"<p>Xavier Marc\u00e9 subratlla que els grans equipaments culturals del pa\u00eds no disposen de fons patrimonials extraordinaris ni de recursos suficients per esdevenir espais de refer\u00e8ncia internacional. Marc\u00e9 diagnostica que el problema \u00e9s que &#8220;m\u00e9s enll\u00e0 de la reivindicaci\u00f3 d&#8217;un suport estatal, no s&#8217;han pres decisions exemplificadores en mat\u00e8ria cultural&#8221;.  Al debat sobre quina hauria de ser la pol\u00edtica cultural catalana, Xavier Marc\u00e9 argumenta que tot i que la reducci\u00f3 de les aportacions de l&#8217;Estat espanyol als equipaments culturals catalans &#8220;ha estat espectacular&#8221;, per\u00f2 que, &#8220;m\u00e9s enll\u00e0 de la reivindicaci\u00f3 d&#8217;un suport estatal&#8221;, la Generalitat ha redu\u00eft els pressupostos. Per a Marc\u00e9, &#8220;la demanda de fons afegits per gestionar adequadament i ampliar progressivament el potencial cultural dels nostres grans equipaments no ser\u00e0 possible si neguem a l&#8217;Estat les contrapartides pr\u00f2pies d&#8217;aquesta aportaci\u00f3&#8221;.  Aix\u00ed mateix, Marc\u00e9 afirma que &#8220;que existeixi un sistema cultural catal\u00e0 t\u00e9 sentit en la mesura que li correspon a l&#8217;administraci\u00f3 d&#8217;un pa\u00eds establir les xarxes b\u00e0siques de foment a la formaci\u00f3, la creaci\u00f3 i la producci\u00f3 dels continguts, per\u00f2 el perd absolutament si es pret\u00e9n confinar-lo a un mercat redu\u00eft&#8221;.  Podreu llegir l&#8217;article \u00edntegre, publicat al diari ARA des d&#8217;aquest enlla\u00e7: https:\/\/www.ara.cat\/opinio\/xavier-marce-proteccionismes-culturals_0_1937806246.html?print=1<\/p>\n","protected":false},"excerpt":{"rendered":"<p>Xavier Marc\u00e9 subratlla que els grans equipaments culturals del pa\u00eds no disposen de fons patrimonials extraordinaris ni de recursos suficients per esdevenir espais de refer\u00e8ncia internacional. Marc\u00e9 diagnostica que el problema \u00e9s que &#8220;m\u00e9s enll\u00e0 de la reivindicaci\u00f3 d&#8217;un suport estatal, no s&#8217;han pres decisions exemplificadores en mat\u00e8ria cultural&#8221;.<\/p>\n","protected":false},"author":1,"featured_media":823,"comment_status":"open","ping_status":"closed","sticky":false,"template":"","format":"standard","meta":{"footnotes":""},"categories":[24],"tags":[6,213,4,11],"class_list":["post-822","post","type-post","status-publish","format-standard","has-post-thumbnail","hentry","category-opinio","tag-catalunya","tag-estat-espanyol","tag-politica-cultural","tag-xavier-marce"],"yoast_head":"<!-- This site is optimized with the Yoast SEO plugin v27.4 - https:\/\/yoast.com\/product\/yoast-seo-wordpress\/ -->\n<title>Proteccionismes culturals - Cercle de Cultura<\/title>\n<meta name=\"robots\" content=\"index, follow, max-snippet:-1, max-image-preview:large, max-video-preview:-1\" \/>\n<link rel=\"canonical\" href=\"https:\/\/www.cercledecultura.org\/ca\/proteccionismes_culturals_xavier_marce\/\" \/>\n<meta property=\"og:locale\" content=\"ca_ES\" \/>\n<meta property=\"og:type\" content=\"article\" \/>\n<meta property=\"og:title\" content=\"Proteccionismes culturals - Cercle de Cultura\" \/>\n<meta property=\"og:description\" content=\"Xavier Marc\u00e9 subratlla que els grans equipaments culturals del pa\u00eds no disposen de fons patrimonials extraordinaris ni de recursos suficients per esdevenir espais de refer\u00e8ncia internacional. Marc\u00e9 diagnostica que el problema \u00e9s que &quot;m\u00e9s enll\u00e0 de la reivindicaci\u00f3 d&#039;un suport estatal, no s&#039;han pres decisions exemplificadores en mat\u00e8ria cultural&quot;.\" \/>\n<meta property=\"og:url\" content=\"https:\/\/www.cercledecultura.org\/ca\/proteccionismes_culturals_xavier_marce\/\" \/>\n<meta property=\"og:site_name\" content=\"Cercle de Cultura\" \/>\n<meta property=\"article:published_time\" content=\"2018-02-01T06:37:00+00:00\" \/>\n<meta property=\"article:modified_time\" content=\"2021-02-23T09:39:58+00:00\" \/>\n<meta property=\"og:image\" content=\"https:\/\/www.cercledecultura.org\/wp-content\/uploads\/2021\/02\/jk8k3mEmLk2Gyi1E97UnZQ.jpg\" \/>\n\t<meta property=\"og:image:width\" content=\"972\" \/>\n\t<meta property=\"og:image:height\" content=\"648\" \/>\n\t<meta property=\"og:image:type\" content=\"image\/jpeg\" \/>\n<meta name=\"author\" content=\"admin\" \/>\n<meta name=\"twitter:card\" content=\"summary_large_image\" \/>\n<meta name=\"twitter:label1\" content=\"Escrit per\" \/>\n\t<meta name=\"twitter:data1\" content=\"admin\" \/>\n\t<meta name=\"twitter:label2\" content=\"Temps estimat de lectura\" \/>\n\t<meta name=\"twitter:data2\" content=\"1 minut\" \/>\n<script type=\"application\/ld+json\" class=\"yoast-schema-graph\">{\"@context\":\"https:\\\/\\\/schema.org\",\"@graph\":[{\"@type\":\"Article\",\"@id\":\"https:\\\/\\\/www.cercledecultura.org\\\/ca\\\/proteccionismes_culturals_xavier_marce\\\/#article\",\"isPartOf\":{\"@id\":\"https:\\\/\\\/www.cercledecultura.org\\\/ca\\\/proteccionismes_culturals_xavier_marce\\\/\"},\"author\":{\"name\":\"admin\",\"@id\":\"https:\\\/\\\/www.cercledecultura.org\\\/ca\\\/#\\\/schema\\\/person\\\/269db25cfadcb4bd2e41781c819942f9\"},\"headline\":\"Proteccionismes culturals\",\"datePublished\":\"2018-02-01T06:37:00+00:00\",\"dateModified\":\"2021-02-23T09:39:58+00:00\",\"mainEntityOfPage\":{\"@id\":\"https:\\\/\\\/www.cercledecultura.org\\\/ca\\\/proteccionismes_culturals_xavier_marce\\\/\"},\"wordCount\":225,\"commentCount\":0,\"publisher\":{\"@id\":\"https:\\\/\\\/www.cercledecultura.org\\\/ca\\\/#organization\"},\"image\":{\"@id\":\"https:\\\/\\\/www.cercledecultura.org\\\/ca\\\/proteccionismes_culturals_xavier_marce\\\/#primaryimage\"},\"thumbnailUrl\":\"https:\\\/\\\/www.cercledecultura.org\\\/wp-content\\\/uploads\\\/2021\\\/02\\\/jk8k3mEmLk2Gyi1E97UnZQ.jpg\",\"keywords\":[\"Catalunya\",\"Estat espanyol\",\"Pol\u00edtica Cultural\",\"Xavier Marc\u00e9\"],\"articleSection\":[\"Opini\u00f3\"],\"inLanguage\":\"ca\",\"potentialAction\":[{\"@type\":\"CommentAction\",\"name\":\"Comment\",\"target\":[\"https:\\\/\\\/www.cercledecultura.org\\\/ca\\\/proteccionismes_culturals_xavier_marce\\\/#respond\"]}]},{\"@type\":\"WebPage\",\"@id\":\"https:\\\/\\\/www.cercledecultura.org\\\/ca\\\/proteccionismes_culturals_xavier_marce\\\/\",\"url\":\"https:\\\/\\\/www.cercledecultura.org\\\/ca\\\/proteccionismes_culturals_xavier_marce\\\/\",\"name\":\"Proteccionismes culturals - Cercle de Cultura\",\"isPartOf\":{\"@id\":\"https:\\\/\\\/www.cercledecultura.org\\\/ca\\\/#website\"},\"primaryImageOfPage\":{\"@id\":\"https:\\\/\\\/www.cercledecultura.org\\\/ca\\\/proteccionismes_culturals_xavier_marce\\\/#primaryimage\"},\"image\":{\"@id\":\"https:\\\/\\\/www.cercledecultura.org\\\/ca\\\/proteccionismes_culturals_xavier_marce\\\/#primaryimage\"},\"thumbnailUrl\":\"https:\\\/\\\/www.cercledecultura.org\\\/wp-content\\\/uploads\\\/2021\\\/02\\\/jk8k3mEmLk2Gyi1E97UnZQ.jpg\",\"datePublished\":\"2018-02-01T06:37:00+00:00\",\"dateModified\":\"2021-02-23T09:39:58+00:00\",\"breadcrumb\":{\"@id\":\"https:\\\/\\\/www.cercledecultura.org\\\/ca\\\/proteccionismes_culturals_xavier_marce\\\/#breadcrumb\"},\"inLanguage\":\"ca\",\"potentialAction\":[{\"@type\":\"ReadAction\",\"target\":[\"https:\\\/\\\/www.cercledecultura.org\\\/ca\\\/proteccionismes_culturals_xavier_marce\\\/\"]}]},{\"@type\":\"ImageObject\",\"inLanguage\":\"ca\",\"@id\":\"https:\\\/\\\/www.cercledecultura.org\\\/ca\\\/proteccionismes_culturals_xavier_marce\\\/#primaryimage\",\"url\":\"https:\\\/\\\/www.cercledecultura.org\\\/wp-content\\\/uploads\\\/2021\\\/02\\\/jk8k3mEmLk2Gyi1E97UnZQ.jpg\",\"contentUrl\":\"https:\\\/\\\/www.cercledecultura.org\\\/wp-content\\\/uploads\\\/2021\\\/02\\\/jk8k3mEmLk2Gyi1E97UnZQ.jpg\",\"width\":972,\"height\":648},{\"@type\":\"BreadcrumbList\",\"@id\":\"https:\\\/\\\/www.cercledecultura.org\\\/ca\\\/proteccionismes_culturals_xavier_marce\\\/#breadcrumb\",\"itemListElement\":[{\"@type\":\"ListItem\",\"position\":1,\"name\":\"Portada\",\"item\":\"https:\\\/\\\/www.cercledecultura.org\\\/ca\\\/\"},{\"@type\":\"ListItem\",\"position\":2,\"name\":\"Proteccionismes culturals\"}]},{\"@type\":\"WebSite\",\"@id\":\"https:\\\/\\\/www.cercledecultura.org\\\/ca\\\/#website\",\"url\":\"https:\\\/\\\/www.cercledecultura.org\\\/ca\\\/\",\"name\":\"Cercle de Cultura\",\"description\":\"Entitat de car\u00e0cter privat i associatiu, independent, amb voluntat de participar en la vida p\u00fablica des de la pluralitat ideol\u00f2gica dels seus membres fundadors i futurs associats\",\"publisher\":{\"@id\":\"https:\\\/\\\/www.cercledecultura.org\\\/ca\\\/#organization\"},\"potentialAction\":[{\"@type\":\"SearchAction\",\"target\":{\"@type\":\"EntryPoint\",\"urlTemplate\":\"https:\\\/\\\/www.cercledecultura.org\\\/ca\\\/?s={search_term_string}\"},\"query-input\":{\"@type\":\"PropertyValueSpecification\",\"valueRequired\":true,\"valueName\":\"search_term_string\"}}],\"inLanguage\":\"ca\"},{\"@type\":\"Organization\",\"@id\":\"https:\\\/\\\/www.cercledecultura.org\\\/ca\\\/#organization\",\"name\":\"Cercle de Cultura\",\"url\":\"https:\\\/\\\/www.cercledecultura.org\\\/ca\\\/\",\"logo\":{\"@type\":\"ImageObject\",\"inLanguage\":\"ca\",\"@id\":\"https:\\\/\\\/www.cercledecultura.org\\\/ca\\\/#\\\/schema\\\/logo\\\/image\\\/\",\"url\":\"https:\\\/\\\/www.cercledecultura.org\\\/wp-content\\\/uploads\\\/2020\\\/01\\\/logo-cercle-de-cultura.png\",\"contentUrl\":\"https:\\\/\\\/www.cercledecultura.org\\\/wp-content\\\/uploads\\\/2020\\\/01\\\/logo-cercle-de-cultura.png\",\"width\":350,\"height\":195,\"caption\":\"Cercle de Cultura\"},\"image\":{\"@id\":\"https:\\\/\\\/www.cercledecultura.org\\\/ca\\\/#\\\/schema\\\/logo\\\/image\\\/\"}},{\"@type\":\"Person\",\"@id\":\"https:\\\/\\\/www.cercledecultura.org\\\/ca\\\/#\\\/schema\\\/person\\\/269db25cfadcb4bd2e41781c819942f9\",\"name\":\"admin\",\"image\":{\"@type\":\"ImageObject\",\"inLanguage\":\"ca\",\"@id\":\"https:\\\/\\\/secure.gravatar.com\\\/avatar\\\/e88a8bb50a361c6d45c4709770a3d765016be4b5d85313447b91d0d707434ad9?s=96&d=mm&r=g\",\"url\":\"https:\\\/\\\/secure.gravatar.com\\\/avatar\\\/e88a8bb50a361c6d45c4709770a3d765016be4b5d85313447b91d0d707434ad9?s=96&d=mm&r=g\",\"contentUrl\":\"https:\\\/\\\/secure.gravatar.com\\\/avatar\\\/e88a8bb50a361c6d45c4709770a3d765016be4b5d85313447b91d0d707434ad9?s=96&d=mm&r=g\",\"caption\":\"admin\"},\"url\":\"https:\\\/\\\/www.cercledecultura.org\\\/ca\\\/author\\\/seic_trzh7tdr\\\/\"}]}<\/script>\n<!-- \/ Yoast SEO plugin. -->","yoast_head_json":{"title":"Proteccionismes culturals - Cercle de Cultura","robots":{"index":"index","follow":"follow","max-snippet":"max-snippet:-1","max-image-preview":"max-image-preview:large","max-video-preview":"max-video-preview:-1"},"canonical":"https:\/\/www.cercledecultura.org\/ca\/proteccionismes_culturals_xavier_marce\/","og_locale":"ca_ES","og_type":"article","og_title":"Proteccionismes culturals - Cercle de Cultura","og_description":"Xavier Marc\u00e9 subratlla que els grans equipaments culturals del pa\u00eds no disposen de fons patrimonials extraordinaris ni de recursos suficients per esdevenir espais de refer\u00e8ncia internacional. Marc\u00e9 diagnostica que el problema \u00e9s que \"m\u00e9s enll\u00e0 de la reivindicaci\u00f3 d'un suport estatal, no s'han pres decisions exemplificadores en mat\u00e8ria cultural\".","og_url":"https:\/\/www.cercledecultura.org\/ca\/proteccionismes_culturals_xavier_marce\/","og_site_name":"Cercle de Cultura","article_published_time":"2018-02-01T06:37:00+00:00","article_modified_time":"2021-02-23T09:39:58+00:00","og_image":[{"width":972,"height":648,"url":"https:\/\/www.cercledecultura.org\/wp-content\/uploads\/2021\/02\/jk8k3mEmLk2Gyi1E97UnZQ.jpg","type":"image\/jpeg"}],"author":"admin","twitter_card":"summary_large_image","twitter_misc":{"Escrit per":"admin","Temps estimat de lectura":"1 minut"},"schema":{"@context":"https:\/\/schema.org","@graph":[{"@type":"Article","@id":"https:\/\/www.cercledecultura.org\/ca\/proteccionismes_culturals_xavier_marce\/#article","isPartOf":{"@id":"https:\/\/www.cercledecultura.org\/ca\/proteccionismes_culturals_xavier_marce\/"},"author":{"name":"admin","@id":"https:\/\/www.cercledecultura.org\/ca\/#\/schema\/person\/269db25cfadcb4bd2e41781c819942f9"},"headline":"Proteccionismes culturals","datePublished":"2018-02-01T06:37:00+00:00","dateModified":"2021-02-23T09:39:58+00:00","mainEntityOfPage":{"@id":"https:\/\/www.cercledecultura.org\/ca\/proteccionismes_culturals_xavier_marce\/"},"wordCount":225,"commentCount":0,"publisher":{"@id":"https:\/\/www.cercledecultura.org\/ca\/#organization"},"image":{"@id":"https:\/\/www.cercledecultura.org\/ca\/proteccionismes_culturals_xavier_marce\/#primaryimage"},"thumbnailUrl":"https:\/\/www.cercledecultura.org\/wp-content\/uploads\/2021\/02\/jk8k3mEmLk2Gyi1E97UnZQ.jpg","keywords":["Catalunya","Estat espanyol","Pol\u00edtica Cultural","Xavier Marc\u00e9"],"articleSection":["Opini\u00f3"],"inLanguage":"ca","potentialAction":[{"@type":"CommentAction","name":"Comment","target":["https:\/\/www.cercledecultura.org\/ca\/proteccionismes_culturals_xavier_marce\/#respond"]}]},{"@type":"WebPage","@id":"https:\/\/www.cercledecultura.org\/ca\/proteccionismes_culturals_xavier_marce\/","url":"https:\/\/www.cercledecultura.org\/ca\/proteccionismes_culturals_xavier_marce\/","name":"Proteccionismes culturals - Cercle de Cultura","isPartOf":{"@id":"https:\/\/www.cercledecultura.org\/ca\/#website"},"primaryImageOfPage":{"@id":"https:\/\/www.cercledecultura.org\/ca\/proteccionismes_culturals_xavier_marce\/#primaryimage"},"image":{"@id":"https:\/\/www.cercledecultura.org\/ca\/proteccionismes_culturals_xavier_marce\/#primaryimage"},"thumbnailUrl":"https:\/\/www.cercledecultura.org\/wp-content\/uploads\/2021\/02\/jk8k3mEmLk2Gyi1E97UnZQ.jpg","datePublished":"2018-02-01T06:37:00+00:00","dateModified":"2021-02-23T09:39:58+00:00","breadcrumb":{"@id":"https:\/\/www.cercledecultura.org\/ca\/proteccionismes_culturals_xavier_marce\/#breadcrumb"},"inLanguage":"ca","potentialAction":[{"@type":"ReadAction","target":["https:\/\/www.cercledecultura.org\/ca\/proteccionismes_culturals_xavier_marce\/"]}]},{"@type":"ImageObject","inLanguage":"ca","@id":"https:\/\/www.cercledecultura.org\/ca\/proteccionismes_culturals_xavier_marce\/#primaryimage","url":"https:\/\/www.cercledecultura.org\/wp-content\/uploads\/2021\/02\/jk8k3mEmLk2Gyi1E97UnZQ.jpg","contentUrl":"https:\/\/www.cercledecultura.org\/wp-content\/uploads\/2021\/02\/jk8k3mEmLk2Gyi1E97UnZQ.jpg","width":972,"height":648},{"@type":"BreadcrumbList","@id":"https:\/\/www.cercledecultura.org\/ca\/proteccionismes_culturals_xavier_marce\/#breadcrumb","itemListElement":[{"@type":"ListItem","position":1,"name":"Portada","item":"https:\/\/www.cercledecultura.org\/ca\/"},{"@type":"ListItem","position":2,"name":"Proteccionismes culturals"}]},{"@type":"WebSite","@id":"https:\/\/www.cercledecultura.org\/ca\/#website","url":"https:\/\/www.cercledecultura.org\/ca\/","name":"Cercle de Cultura","description":"Entitat de car\u00e0cter privat i associatiu, independent, amb voluntat de participar en la vida p\u00fablica des de la pluralitat ideol\u00f2gica dels seus membres fundadors i futurs associats","publisher":{"@id":"https:\/\/www.cercledecultura.org\/ca\/#organization"},"potentialAction":[{"@type":"SearchAction","target":{"@type":"EntryPoint","urlTemplate":"https:\/\/www.cercledecultura.org\/ca\/?s={search_term_string}"},"query-input":{"@type":"PropertyValueSpecification","valueRequired":true,"valueName":"search_term_string"}}],"inLanguage":"ca"},{"@type":"Organization","@id":"https:\/\/www.cercledecultura.org\/ca\/#organization","name":"Cercle de Cultura","url":"https:\/\/www.cercledecultura.org\/ca\/","logo":{"@type":"ImageObject","inLanguage":"ca","@id":"https:\/\/www.cercledecultura.org\/ca\/#\/schema\/logo\/image\/","url":"https:\/\/www.cercledecultura.org\/wp-content\/uploads\/2020\/01\/logo-cercle-de-cultura.png","contentUrl":"https:\/\/www.cercledecultura.org\/wp-content\/uploads\/2020\/01\/logo-cercle-de-cultura.png","width":350,"height":195,"caption":"Cercle de Cultura"},"image":{"@id":"https:\/\/www.cercledecultura.org\/ca\/#\/schema\/logo\/image\/"}},{"@type":"Person","@id":"https:\/\/www.cercledecultura.org\/ca\/#\/schema\/person\/269db25cfadcb4bd2e41781c819942f9","name":"admin","image":{"@type":"ImageObject","inLanguage":"ca","@id":"https:\/\/secure.gravatar.com\/avatar\/e88a8bb50a361c6d45c4709770a3d765016be4b5d85313447b91d0d707434ad9?s=96&d=mm&r=g","url":"https:\/\/secure.gravatar.com\/avatar\/e88a8bb50a361c6d45c4709770a3d765016be4b5d85313447b91d0d707434ad9?s=96&d=mm&r=g","contentUrl":"https:\/\/secure.gravatar.com\/avatar\/e88a8bb50a361c6d45c4709770a3d765016be4b5d85313447b91d0d707434ad9?s=96&d=mm&r=g","caption":"admin"},"url":"https:\/\/www.cercledecultura.org\/ca\/author\/seic_trzh7tdr\/"}]}},"_links":{"self":[{"href":"https:\/\/www.cercledecultura.org\/ca\/wp-json\/wp\/v2\/posts\/822","targetHints":{"allow":["GET"]}}],"collection":[{"href":"https:\/\/www.cercledecultura.org\/ca\/wp-json\/wp\/v2\/posts"}],"about":[{"href":"https:\/\/www.cercledecultura.org\/ca\/wp-json\/wp\/v2\/types\/post"}],"author":[{"embeddable":true,"href":"https:\/\/www.cercledecultura.org\/ca\/wp-json\/wp\/v2\/users\/1"}],"replies":[{"embeddable":true,"href":"https:\/\/www.cercledecultura.org\/ca\/wp-json\/wp\/v2\/comments?post=822"}],"version-history":[{"count":1,"href":"https:\/\/www.cercledecultura.org\/ca\/wp-json\/wp\/v2\/posts\/822\/revisions"}],"predecessor-version":[{"id":1170,"href":"https:\/\/www.cercledecultura.org\/ca\/wp-json\/wp\/v2\/posts\/822\/revisions\/1170"}],"wp:featuredmedia":[{"embeddable":true,"href":"https:\/\/www.cercledecultura.org\/ca\/wp-json\/wp\/v2\/media\/823"}],"wp:attachment":[{"href":"https:\/\/www.cercledecultura.org\/ca\/wp-json\/wp\/v2\/media?parent=822"}],"wp:term":[{"taxonomy":"category","embeddable":true,"href":"https:\/\/www.cercledecultura.org\/ca\/wp-json\/wp\/v2\/categories?post=822"},{"taxonomy":"post_tag","embeddable":true,"href":"https:\/\/www.cercledecultura.org\/ca\/wp-json\/wp\/v2\/tags?post=822"}],"curies":[{"name":"wp","href":"https:\/\/api.w.org\/{rel}","templated":true}]}}