{"id":803,"date":"2017-11-09T05:58:00","date_gmt":"2017-11-09T05:58:00","guid":{"rendered":"https:\/\/pre.cercledecultura.org\/salvar_cultura_naufragi_xavier_marce\/"},"modified":"2021-02-23T09:39:58","modified_gmt":"2021-02-23T09:39:58","slug":"salvar_cultura_naufragi_xavier_marce","status":"publish","type":"post","link":"https:\/\/www.cercledecultura.org\/ca\/salvar_cultura_naufragi_xavier_marce\/","title":{"rendered":"Salvar la cultura del naufragi"},"content":{"rendered":"<p>Xavier Marc\u00e9 expressa la seva preocupaci\u00f3 per l&#8217;impacte del complex proc\u00e9s pol\u00edtic en la cultura, tot advertint que &#8220;d\u2019aquesta revolta que vivim a Catalunya en pot sortir qualsevol cosa, per\u00f2 n\u2019hi ha una que ens hauria de conjurar a tots plegats, i \u00e9s salvaguardar la cultura&#8221;. Marc\u00e9 defensa la necessitat primordial del &#8220;manteniment dels h\u00e0bits culturals dels catalans&#8221;.  Adre\u00e7ant-se als professionals i creadors del sector,\u00a0 Xavier Marc\u00e9 reclama &#8220;que la cultura, el pensament i l\u2019art hi diguin la seva en aquest proc\u00e9s dur\u00edssim \u00e9s imprescindible. Ha estat aix\u00ed en aquells moments de la hist\u00f2ria en qu\u00e8 els canvis han significat una transformaci\u00f3 valuosa de la societat&#8221;.  Podeu llegir l&#8217;article \u00edntegre publicat al diari ARA des d&#8217;aquest enlla\u00e7: https:\/\/www.ara.cat\/opinio\/Salvar-cultura-del-naufragi_0_1901209873.html<\/p>\n","protected":false},"excerpt":{"rendered":"<p>En un article publicat al diari ARA, Xavier Marc\u00e9 expressa la seva preocupaci\u00f3 per l&#8217;impacte del complex proc\u00e9s pol\u00edtic en la cultura, tot advertint que &#8220;d\u2019aquesta revolta que vivim a Catalunya en pot sortir qualsevol cosa, per\u00f2 n\u2019hi ha una que ens hauria de conjurar a tots plegats, i \u00e9s salvaguardar la cultura&#8221;. Marc\u00e9 defensa la necessitat primordial del &#8220;manteniment dels h\u00e0bits culturals dels catalans&#8221;.<\/p>\n","protected":false},"author":1,"featured_media":804,"comment_status":"open","ping_status":"closed","sticky":false,"template":"","format":"standard","meta":{"footnotes":""},"categories":[24],"tags":[6,110,5,4,11],"class_list":["post-803","post","type-post","status-publish","format-standard","has-post-thumbnail","hentry","category-opinio","tag-catalunya","tag-consum-cultural","tag-cultura","tag-politica-cultural","tag-xavier-marce"],"yoast_head":"<!-- This site is optimized with the Yoast SEO plugin v27.4 - https:\/\/yoast.com\/product\/yoast-seo-wordpress\/ -->\n<title>Salvar la cultura del naufragi - Cercle de Cultura<\/title>\n<meta name=\"robots\" content=\"index, follow, max-snippet:-1, max-image-preview:large, max-video-preview:-1\" \/>\n<link rel=\"canonical\" href=\"https:\/\/www.cercledecultura.org\/ca\/salvar_cultura_naufragi_xavier_marce\/\" \/>\n<meta property=\"og:locale\" content=\"ca_ES\" \/>\n<meta property=\"og:type\" content=\"article\" \/>\n<meta property=\"og:title\" content=\"Salvar la cultura del naufragi - Cercle de Cultura\" \/>\n<meta property=\"og:description\" content=\"En un article publicat al diari ARA, Xavier Marc\u00e9 expressa la seva preocupaci\u00f3 per l&#039;impacte del complex proc\u00e9s pol\u00edtic en la cultura, tot advertint que &quot;d\u2019aquesta revolta que vivim a Catalunya en pot sortir qualsevol cosa, per\u00f2 n\u2019hi ha una que ens hauria de conjurar a tots plegats, i \u00e9s salvaguardar la cultura&quot;. Marc\u00e9 defensa la necessitat primordial del &quot;manteniment dels h\u00e0bits culturals dels catalans&quot;.\" \/>\n<meta property=\"og:url\" content=\"https:\/\/www.cercledecultura.org\/ca\/salvar_cultura_naufragi_xavier_marce\/\" \/>\n<meta property=\"og:site_name\" content=\"Cercle de Cultura\" \/>\n<meta property=\"article:published_time\" content=\"2017-11-09T05:58:00+00:00\" \/>\n<meta property=\"article:modified_time\" content=\"2021-02-23T09:39:58+00:00\" \/>\n<meta property=\"og:image\" content=\"https:\/\/www.cercledecultura.org\/wp-content\/uploads\/2021\/02\/NtluV5kBWkOpRBSKPXh0jQ.jpg\" \/>\n\t<meta property=\"og:image:width\" content=\"1005\" \/>\n\t<meta property=\"og:image:height\" content=\"670\" \/>\n\t<meta property=\"og:image:type\" content=\"image\/jpeg\" \/>\n<meta name=\"author\" content=\"admin\" \/>\n<meta name=\"twitter:card\" content=\"summary_large_image\" \/>\n<meta name=\"twitter:label1\" content=\"Escrit per\" \/>\n\t<meta name=\"twitter:data1\" content=\"admin\" \/>\n\t<meta name=\"twitter:label2\" content=\"Temps estimat de lectura\" \/>\n\t<meta name=\"twitter:data2\" content=\"1 minut\" \/>\n<script type=\"application\/ld+json\" class=\"yoast-schema-graph\">{\"@context\":\"https:\\\/\\\/schema.org\",\"@graph\":[{\"@type\":\"Article\",\"@id\":\"https:\\\/\\\/www.cercledecultura.org\\\/ca\\\/salvar_cultura_naufragi_xavier_marce\\\/#article\",\"isPartOf\":{\"@id\":\"https:\\\/\\\/www.cercledecultura.org\\\/ca\\\/salvar_cultura_naufragi_xavier_marce\\\/\"},\"author\":{\"name\":\"admin\",\"@id\":\"https:\\\/\\\/www.cercledecultura.org\\\/ca\\\/#\\\/schema\\\/person\\\/269db25cfadcb4bd2e41781c819942f9\"},\"headline\":\"Salvar la cultura del naufragi\",\"datePublished\":\"2017-11-09T05:58:00+00:00\",\"dateModified\":\"2021-02-23T09:39:58+00:00\",\"mainEntityOfPage\":{\"@id\":\"https:\\\/\\\/www.cercledecultura.org\\\/ca\\\/salvar_cultura_naufragi_xavier_marce\\\/\"},\"wordCount\":142,\"commentCount\":0,\"publisher\":{\"@id\":\"https:\\\/\\\/www.cercledecultura.org\\\/ca\\\/#organization\"},\"image\":{\"@id\":\"https:\\\/\\\/www.cercledecultura.org\\\/ca\\\/salvar_cultura_naufragi_xavier_marce\\\/#primaryimage\"},\"thumbnailUrl\":\"https:\\\/\\\/www.cercledecultura.org\\\/wp-content\\\/uploads\\\/2021\\\/02\\\/NtluV5kBWkOpRBSKPXh0jQ.jpg\",\"keywords\":[\"Catalunya\",\"consum cultural\",\"Cultura\",\"Pol\u00edtica Cultural\",\"Xavier Marc\u00e9\"],\"articleSection\":[\"Opini\u00f3\"],\"inLanguage\":\"ca\",\"potentialAction\":[{\"@type\":\"CommentAction\",\"name\":\"Comment\",\"target\":[\"https:\\\/\\\/www.cercledecultura.org\\\/ca\\\/salvar_cultura_naufragi_xavier_marce\\\/#respond\"]}]},{\"@type\":\"WebPage\",\"@id\":\"https:\\\/\\\/www.cercledecultura.org\\\/ca\\\/salvar_cultura_naufragi_xavier_marce\\\/\",\"url\":\"https:\\\/\\\/www.cercledecultura.org\\\/ca\\\/salvar_cultura_naufragi_xavier_marce\\\/\",\"name\":\"Salvar la cultura del naufragi - Cercle de Cultura\",\"isPartOf\":{\"@id\":\"https:\\\/\\\/www.cercledecultura.org\\\/ca\\\/#website\"},\"primaryImageOfPage\":{\"@id\":\"https:\\\/\\\/www.cercledecultura.org\\\/ca\\\/salvar_cultura_naufragi_xavier_marce\\\/#primaryimage\"},\"image\":{\"@id\":\"https:\\\/\\\/www.cercledecultura.org\\\/ca\\\/salvar_cultura_naufragi_xavier_marce\\\/#primaryimage\"},\"thumbnailUrl\":\"https:\\\/\\\/www.cercledecultura.org\\\/wp-content\\\/uploads\\\/2021\\\/02\\\/NtluV5kBWkOpRBSKPXh0jQ.jpg\",\"datePublished\":\"2017-11-09T05:58:00+00:00\",\"dateModified\":\"2021-02-23T09:39:58+00:00\",\"breadcrumb\":{\"@id\":\"https:\\\/\\\/www.cercledecultura.org\\\/ca\\\/salvar_cultura_naufragi_xavier_marce\\\/#breadcrumb\"},\"inLanguage\":\"ca\",\"potentialAction\":[{\"@type\":\"ReadAction\",\"target\":[\"https:\\\/\\\/www.cercledecultura.org\\\/ca\\\/salvar_cultura_naufragi_xavier_marce\\\/\"]}]},{\"@type\":\"ImageObject\",\"inLanguage\":\"ca\",\"@id\":\"https:\\\/\\\/www.cercledecultura.org\\\/ca\\\/salvar_cultura_naufragi_xavier_marce\\\/#primaryimage\",\"url\":\"https:\\\/\\\/www.cercledecultura.org\\\/wp-content\\\/uploads\\\/2021\\\/02\\\/NtluV5kBWkOpRBSKPXh0jQ.jpg\",\"contentUrl\":\"https:\\\/\\\/www.cercledecultura.org\\\/wp-content\\\/uploads\\\/2021\\\/02\\\/NtluV5kBWkOpRBSKPXh0jQ.jpg\",\"width\":1005,\"height\":670},{\"@type\":\"BreadcrumbList\",\"@id\":\"https:\\\/\\\/www.cercledecultura.org\\\/ca\\\/salvar_cultura_naufragi_xavier_marce\\\/#breadcrumb\",\"itemListElement\":[{\"@type\":\"ListItem\",\"position\":1,\"name\":\"Portada\",\"item\":\"https:\\\/\\\/www.cercledecultura.org\\\/ca\\\/\"},{\"@type\":\"ListItem\",\"position\":2,\"name\":\"Salvar la cultura del naufragi\"}]},{\"@type\":\"WebSite\",\"@id\":\"https:\\\/\\\/www.cercledecultura.org\\\/ca\\\/#website\",\"url\":\"https:\\\/\\\/www.cercledecultura.org\\\/ca\\\/\",\"name\":\"Cercle de Cultura\",\"description\":\"Entitat de car\u00e0cter privat i associatiu, independent, amb voluntat de participar en la vida p\u00fablica des de la pluralitat ideol\u00f2gica dels seus membres fundadors i futurs associats\",\"publisher\":{\"@id\":\"https:\\\/\\\/www.cercledecultura.org\\\/ca\\\/#organization\"},\"potentialAction\":[{\"@type\":\"SearchAction\",\"target\":{\"@type\":\"EntryPoint\",\"urlTemplate\":\"https:\\\/\\\/www.cercledecultura.org\\\/ca\\\/?s={search_term_string}\"},\"query-input\":{\"@type\":\"PropertyValueSpecification\",\"valueRequired\":true,\"valueName\":\"search_term_string\"}}],\"inLanguage\":\"ca\"},{\"@type\":\"Organization\",\"@id\":\"https:\\\/\\\/www.cercledecultura.org\\\/ca\\\/#organization\",\"name\":\"Cercle de Cultura\",\"url\":\"https:\\\/\\\/www.cercledecultura.org\\\/ca\\\/\",\"logo\":{\"@type\":\"ImageObject\",\"inLanguage\":\"ca\",\"@id\":\"https:\\\/\\\/www.cercledecultura.org\\\/ca\\\/#\\\/schema\\\/logo\\\/image\\\/\",\"url\":\"https:\\\/\\\/www.cercledecultura.org\\\/wp-content\\\/uploads\\\/2020\\\/01\\\/logo-cercle-de-cultura.png\",\"contentUrl\":\"https:\\\/\\\/www.cercledecultura.org\\\/wp-content\\\/uploads\\\/2020\\\/01\\\/logo-cercle-de-cultura.png\",\"width\":350,\"height\":195,\"caption\":\"Cercle de Cultura\"},\"image\":{\"@id\":\"https:\\\/\\\/www.cercledecultura.org\\\/ca\\\/#\\\/schema\\\/logo\\\/image\\\/\"}},{\"@type\":\"Person\",\"@id\":\"https:\\\/\\\/www.cercledecultura.org\\\/ca\\\/#\\\/schema\\\/person\\\/269db25cfadcb4bd2e41781c819942f9\",\"name\":\"admin\",\"image\":{\"@type\":\"ImageObject\",\"inLanguage\":\"ca\",\"@id\":\"https:\\\/\\\/secure.gravatar.com\\\/avatar\\\/e88a8bb50a361c6d45c4709770a3d765016be4b5d85313447b91d0d707434ad9?s=96&d=mm&r=g\",\"url\":\"https:\\\/\\\/secure.gravatar.com\\\/avatar\\\/e88a8bb50a361c6d45c4709770a3d765016be4b5d85313447b91d0d707434ad9?s=96&d=mm&r=g\",\"contentUrl\":\"https:\\\/\\\/secure.gravatar.com\\\/avatar\\\/e88a8bb50a361c6d45c4709770a3d765016be4b5d85313447b91d0d707434ad9?s=96&d=mm&r=g\",\"caption\":\"admin\"},\"url\":\"https:\\\/\\\/www.cercledecultura.org\\\/ca\\\/author\\\/seic_trzh7tdr\\\/\"}]}<\/script>\n<!-- \/ Yoast SEO plugin. -->","yoast_head_json":{"title":"Salvar la cultura del naufragi - Cercle de Cultura","robots":{"index":"index","follow":"follow","max-snippet":"max-snippet:-1","max-image-preview":"max-image-preview:large","max-video-preview":"max-video-preview:-1"},"canonical":"https:\/\/www.cercledecultura.org\/ca\/salvar_cultura_naufragi_xavier_marce\/","og_locale":"ca_ES","og_type":"article","og_title":"Salvar la cultura del naufragi - Cercle de Cultura","og_description":"En un article publicat al diari ARA, Xavier Marc\u00e9 expressa la seva preocupaci\u00f3 per l'impacte del complex proc\u00e9s pol\u00edtic en la cultura, tot advertint que \"d\u2019aquesta revolta que vivim a Catalunya en pot sortir qualsevol cosa, per\u00f2 n\u2019hi ha una que ens hauria de conjurar a tots plegats, i \u00e9s salvaguardar la cultura\". Marc\u00e9 defensa la necessitat primordial del \"manteniment dels h\u00e0bits culturals dels catalans\".","og_url":"https:\/\/www.cercledecultura.org\/ca\/salvar_cultura_naufragi_xavier_marce\/","og_site_name":"Cercle de Cultura","article_published_time":"2017-11-09T05:58:00+00:00","article_modified_time":"2021-02-23T09:39:58+00:00","og_image":[{"width":1005,"height":670,"url":"https:\/\/www.cercledecultura.org\/wp-content\/uploads\/2021\/02\/NtluV5kBWkOpRBSKPXh0jQ.jpg","type":"image\/jpeg"}],"author":"admin","twitter_card":"summary_large_image","twitter_misc":{"Escrit per":"admin","Temps estimat de lectura":"1 minut"},"schema":{"@context":"https:\/\/schema.org","@graph":[{"@type":"Article","@id":"https:\/\/www.cercledecultura.org\/ca\/salvar_cultura_naufragi_xavier_marce\/#article","isPartOf":{"@id":"https:\/\/www.cercledecultura.org\/ca\/salvar_cultura_naufragi_xavier_marce\/"},"author":{"name":"admin","@id":"https:\/\/www.cercledecultura.org\/ca\/#\/schema\/person\/269db25cfadcb4bd2e41781c819942f9"},"headline":"Salvar la cultura del naufragi","datePublished":"2017-11-09T05:58:00+00:00","dateModified":"2021-02-23T09:39:58+00:00","mainEntityOfPage":{"@id":"https:\/\/www.cercledecultura.org\/ca\/salvar_cultura_naufragi_xavier_marce\/"},"wordCount":142,"commentCount":0,"publisher":{"@id":"https:\/\/www.cercledecultura.org\/ca\/#organization"},"image":{"@id":"https:\/\/www.cercledecultura.org\/ca\/salvar_cultura_naufragi_xavier_marce\/#primaryimage"},"thumbnailUrl":"https:\/\/www.cercledecultura.org\/wp-content\/uploads\/2021\/02\/NtluV5kBWkOpRBSKPXh0jQ.jpg","keywords":["Catalunya","consum cultural","Cultura","Pol\u00edtica Cultural","Xavier Marc\u00e9"],"articleSection":["Opini\u00f3"],"inLanguage":"ca","potentialAction":[{"@type":"CommentAction","name":"Comment","target":["https:\/\/www.cercledecultura.org\/ca\/salvar_cultura_naufragi_xavier_marce\/#respond"]}]},{"@type":"WebPage","@id":"https:\/\/www.cercledecultura.org\/ca\/salvar_cultura_naufragi_xavier_marce\/","url":"https:\/\/www.cercledecultura.org\/ca\/salvar_cultura_naufragi_xavier_marce\/","name":"Salvar la cultura del naufragi - Cercle de Cultura","isPartOf":{"@id":"https:\/\/www.cercledecultura.org\/ca\/#website"},"primaryImageOfPage":{"@id":"https:\/\/www.cercledecultura.org\/ca\/salvar_cultura_naufragi_xavier_marce\/#primaryimage"},"image":{"@id":"https:\/\/www.cercledecultura.org\/ca\/salvar_cultura_naufragi_xavier_marce\/#primaryimage"},"thumbnailUrl":"https:\/\/www.cercledecultura.org\/wp-content\/uploads\/2021\/02\/NtluV5kBWkOpRBSKPXh0jQ.jpg","datePublished":"2017-11-09T05:58:00+00:00","dateModified":"2021-02-23T09:39:58+00:00","breadcrumb":{"@id":"https:\/\/www.cercledecultura.org\/ca\/salvar_cultura_naufragi_xavier_marce\/#breadcrumb"},"inLanguage":"ca","potentialAction":[{"@type":"ReadAction","target":["https:\/\/www.cercledecultura.org\/ca\/salvar_cultura_naufragi_xavier_marce\/"]}]},{"@type":"ImageObject","inLanguage":"ca","@id":"https:\/\/www.cercledecultura.org\/ca\/salvar_cultura_naufragi_xavier_marce\/#primaryimage","url":"https:\/\/www.cercledecultura.org\/wp-content\/uploads\/2021\/02\/NtluV5kBWkOpRBSKPXh0jQ.jpg","contentUrl":"https:\/\/www.cercledecultura.org\/wp-content\/uploads\/2021\/02\/NtluV5kBWkOpRBSKPXh0jQ.jpg","width":1005,"height":670},{"@type":"BreadcrumbList","@id":"https:\/\/www.cercledecultura.org\/ca\/salvar_cultura_naufragi_xavier_marce\/#breadcrumb","itemListElement":[{"@type":"ListItem","position":1,"name":"Portada","item":"https:\/\/www.cercledecultura.org\/ca\/"},{"@type":"ListItem","position":2,"name":"Salvar la cultura del naufragi"}]},{"@type":"WebSite","@id":"https:\/\/www.cercledecultura.org\/ca\/#website","url":"https:\/\/www.cercledecultura.org\/ca\/","name":"Cercle de Cultura","description":"Entitat de car\u00e0cter privat i associatiu, independent, amb voluntat de participar en la vida p\u00fablica des de la pluralitat ideol\u00f2gica dels seus membres fundadors i futurs associats","publisher":{"@id":"https:\/\/www.cercledecultura.org\/ca\/#organization"},"potentialAction":[{"@type":"SearchAction","target":{"@type":"EntryPoint","urlTemplate":"https:\/\/www.cercledecultura.org\/ca\/?s={search_term_string}"},"query-input":{"@type":"PropertyValueSpecification","valueRequired":true,"valueName":"search_term_string"}}],"inLanguage":"ca"},{"@type":"Organization","@id":"https:\/\/www.cercledecultura.org\/ca\/#organization","name":"Cercle de Cultura","url":"https:\/\/www.cercledecultura.org\/ca\/","logo":{"@type":"ImageObject","inLanguage":"ca","@id":"https:\/\/www.cercledecultura.org\/ca\/#\/schema\/logo\/image\/","url":"https:\/\/www.cercledecultura.org\/wp-content\/uploads\/2020\/01\/logo-cercle-de-cultura.png","contentUrl":"https:\/\/www.cercledecultura.org\/wp-content\/uploads\/2020\/01\/logo-cercle-de-cultura.png","width":350,"height":195,"caption":"Cercle de Cultura"},"image":{"@id":"https:\/\/www.cercledecultura.org\/ca\/#\/schema\/logo\/image\/"}},{"@type":"Person","@id":"https:\/\/www.cercledecultura.org\/ca\/#\/schema\/person\/269db25cfadcb4bd2e41781c819942f9","name":"admin","image":{"@type":"ImageObject","inLanguage":"ca","@id":"https:\/\/secure.gravatar.com\/avatar\/e88a8bb50a361c6d45c4709770a3d765016be4b5d85313447b91d0d707434ad9?s=96&d=mm&r=g","url":"https:\/\/secure.gravatar.com\/avatar\/e88a8bb50a361c6d45c4709770a3d765016be4b5d85313447b91d0d707434ad9?s=96&d=mm&r=g","contentUrl":"https:\/\/secure.gravatar.com\/avatar\/e88a8bb50a361c6d45c4709770a3d765016be4b5d85313447b91d0d707434ad9?s=96&d=mm&r=g","caption":"admin"},"url":"https:\/\/www.cercledecultura.org\/ca\/author\/seic_trzh7tdr\/"}]}},"_links":{"self":[{"href":"https:\/\/www.cercledecultura.org\/ca\/wp-json\/wp\/v2\/posts\/803","targetHints":{"allow":["GET"]}}],"collection":[{"href":"https:\/\/www.cercledecultura.org\/ca\/wp-json\/wp\/v2\/posts"}],"about":[{"href":"https:\/\/www.cercledecultura.org\/ca\/wp-json\/wp\/v2\/types\/post"}],"author":[{"embeddable":true,"href":"https:\/\/www.cercledecultura.org\/ca\/wp-json\/wp\/v2\/users\/1"}],"replies":[{"embeddable":true,"href":"https:\/\/www.cercledecultura.org\/ca\/wp-json\/wp\/v2\/comments?post=803"}],"version-history":[{"count":1,"href":"https:\/\/www.cercledecultura.org\/ca\/wp-json\/wp\/v2\/posts\/803\/revisions"}],"predecessor-version":[{"id":1160,"href":"https:\/\/www.cercledecultura.org\/ca\/wp-json\/wp\/v2\/posts\/803\/revisions\/1160"}],"wp:featuredmedia":[{"embeddable":true,"href":"https:\/\/www.cercledecultura.org\/ca\/wp-json\/wp\/v2\/media\/804"}],"wp:attachment":[{"href":"https:\/\/www.cercledecultura.org\/ca\/wp-json\/wp\/v2\/media?parent=803"}],"wp:term":[{"taxonomy":"category","embeddable":true,"href":"https:\/\/www.cercledecultura.org\/ca\/wp-json\/wp\/v2\/categories?post=803"},{"taxonomy":"post_tag","embeddable":true,"href":"https:\/\/www.cercledecultura.org\/ca\/wp-json\/wp\/v2\/tags?post=803"}],"curies":[{"name":"wp","href":"https:\/\/api.w.org\/{rel}","templated":true}]}}