{"id":799,"date":"2017-10-24T04:19:00","date_gmt":"2017-10-24T04:19:00","guid":{"rendered":"https:\/\/pre.cercledecultura.org\/consell_cultura_barcelona_contra_155_i_favor_llibertat_jordicuixart_jordisanchez\/"},"modified":"2021-02-23T09:59:29","modified_gmt":"2021-02-23T09:59:29","slug":"consell_cultura_barcelona_contra_155_i_favor_llibertat_jordicuixart_jordisanchez","status":"publish","type":"post","link":"https:\/\/www.cercledecultura.org\/ca\/consell_cultura_barcelona_contra_155_i_favor_llibertat_jordicuixart_jordisanchez\/","title":{"rendered":"El Consell de la Cultura de Barcelona rebutja l&#8217;aplicaci\u00f3 del 155 contra les institucions catalanes, i reclama la llibertat de Jordi Cuixart i Jordi S\u00e1nchez"},"content":{"rendered":"<p>Manifest del Comit\u00e8 Executiu del Consell de la Cultura de Barcelona  Arran de la decisi\u00f3 que el govern del Partit Popular ha pres d\u2019aplicar l\u2019Article 155 de la Constituci\u00f3 Espanyola, amb el suport d\u2019altres formacions pol\u00edtiques, i amb l\u2019objectiu de suspendre l\u2019autonomia de Catalunya i d\u2019intervenir de manera directa les institucions catalanes, els membres del Comit\u00e8 Executiu del Consell de la Cultura de Barcelona volem manifestar el seg\u00fcent:  1. El nostre rebuig a l\u2019aplicaci\u00f3 de l\u2019article 155. Pensem que no ofereix cap soluci\u00f3 al problema pol\u00edtic de Catalunya, ben al contrari: optar per l\u2019autoritarisme i la repressi\u00f3 nom\u00e9s aguditza els conflictes i ens allunya encara m\u00e9s d\u2019una possible soluci\u00f3 dialogada, pactada i democr\u00e0tica. Avan\u00e7ant per aquest cam\u00ed no es defensa la Constituci\u00f3 de 1978, m\u00e9s aviat es posen en perill les llibertats civils i els principis democr\u00e0tics fonamentals no nom\u00e9s a Catalunya, sin\u00f3 tamb\u00e9 en el conjunt de l\u2019Estat Espanyol.  2. Considerem desproporcionada i injusta la pres\u00f3 decretada per a Jordi Cuixart i Jordi S\u00e1nchez. Darrere d\u2019aquest empresonament, nom\u00e9s hi veiem motius pol\u00edtics. La decisi\u00f3 adoptada per la jutgessa de l\u2019Audi\u00e8ncia Nacional evidencia l\u2019exist\u00e8ncia d\u2019un problema de fons molt greu en el funcionament de les institucions espanyoles: l\u2019abs\u00e8ncia d\u2019una veritable separaci\u00f3 de poders i la conseg\u00fcent falta d\u2019independ\u00e8ncia del poder judicial. Els pr\u00f2xims dies i setmanes seran decisius per al nostre pa\u00eds. Est\u00e0 en joc el futur d\u2019una societat plural, lliure i democr\u00e0tica. Condicions necess\u00e0ries per al desenvolupament d\u2019una intensa vida cultural i cient\u00edfica amb la qual estem compromesos i que, malauradament, corre el perill de deteriorar-se d\u2019una manera irreversible.  \u00c9s per aix\u00f2 que reclamem i exigim als diferents partits pol\u00edtics que concentrin les seves forces en:  1. Aconseguir la llibertat immediata de Jordi Cuixart i Jordi S\u00e1nchez. 2. Refusar expl\u00edcitament l\u2019aplicaci\u00f3 de l\u2019Article 155. 3. Exigir respecte i autonomia a les institucions catalanes en el seu conjunt i, en particular, a aquelles que emanen d\u2019una voluntat popular expressada per mitj\u00e0 del dret constitucional de vot. 4. Exigir respecte a l\u2019autonomia dels mitjans de comunicaci\u00f3 p\u00fablics.  Per \u00faltim, exhortem el conjunt de representants electes que en aquest moment crucial facin el paper que han de fer: el de pol\u00edtics. Que la soluci\u00f3 al conflicte es busqui mitjan\u00e7ant el di\u00e0leg pol\u00edtic i mai amb l\u2019\u00fas de la for\u00e7a i la repressi\u00f3.  Exigim als partits pol\u00edtics, a m\u00e9s a m\u00e9s, que responguin al mandat dels ciutadans i assumeixin l\u2019obligaci\u00f3 de treballar pel b\u00e9 com\u00fa. Ara, m\u00e9s que mai, totes les forces pol\u00edtiques democr\u00e0tiques s\u2019han d\u2019oposar de manera ferma a qualsevol possible suspensi\u00f3 dels drets civils, a l\u2019augment de la repressi\u00f3 i a la coacci\u00f3 de les llibertats. Mesures que acompanyaran necess\u00e0riament l\u2019aplicaci\u00f3 de l\u2019Article 155 de la Constituci\u00f3 i que poden ser molt dif\u00edcils de revertir en el futur.  Comit\u00e8 Executiu del Consell de la Cultura de Barcelona Antonio Ram\u00edrez (president), Miquel Cabal, Amadeu Carb\u00f3, Ingrid Guardiola, Martina Mill\u00e0, Cristina Pujades i Victoria Szpunberg. Secretari Executiu: Carles Giner Barcelona, a 23 d\u2019octubre de 2017<\/p>\n","protected":false},"excerpt":{"rendered":"<p>El comit\u00e8 executiu del Consell de la Cultura de Barcelona, del qual en forma part el Cercle de Cultura, ha aprovat un manifest en el que expressa el seu &#8220;rebuig&#8221; a l&#8217;aplicaci\u00f3 de l&#8217;article 155 de la constituci\u00f3 espanyola, que vincula directament a &#8220;la suspensi\u00f3 dels drets civils, a l\u2019augment de la repressi\u00f3 i a la coacci\u00f3 de les llibertats&#8221;. Aix\u00ed mateix, aquesta instituci\u00f3 exigeix la &#8220;llibertat immediata&#8221; de Jordi Cuixart i Jordi S\u00e1nchez, tot reclamant que &#8220;la soluci\u00f3 al conflicte es busqui mitjan\u00e7ant el di\u00e0leg pol\u00edtic, i mai amb l\u2019\u00fas de la for\u00e7a i la repressi\u00f3&#8221;.<\/p>\n","protected":false},"author":1,"featured_media":800,"comment_status":"open","ping_status":"closed","sticky":false,"template":"","format":"standard","meta":{"footnotes":""},"categories":[26],"tags":[379,6,376,378,44,213,101,377,269,146,80],"class_list":["post-799","post","type-post","status-publish","format-standard","has-post-thumbnail","hentry","category-noticies","tag-autonomia","tag-catalunya","tag-consell-de-la-cultura-de-barcelona","tag-constitucio-espanyola","tag-democracia","tag-estat-espanyol","tag-govern","tag-llibertat","tag-mitjans-de-comunicacio","tag-parlament","tag-politica"],"yoast_head":"<!-- This site is optimized with the Yoast SEO plugin v27.5 - https:\/\/yoast.com\/product\/yoast-seo-wordpress\/ -->\n<title>El Consell de la Cultura de Barcelona rebutja l&#039;aplicaci\u00f3 del 155 contra les institucions catalanes, i reclama la llibertat de Jordi Cuixart i Jordi S\u00e1nchez - Cercle de Cultura<\/title>\n<meta name=\"robots\" content=\"index, follow, max-snippet:-1, max-image-preview:large, max-video-preview:-1\" \/>\n<link rel=\"canonical\" href=\"https:\/\/www.cercledecultura.org\/ca\/consell_cultura_barcelona_contra_155_i_favor_llibertat_jordicuixart_jordisanchez\/\" \/>\n<meta property=\"og:locale\" content=\"ca_ES\" \/>\n<meta property=\"og:type\" content=\"article\" \/>\n<meta property=\"og:title\" content=\"El Consell de la Cultura de Barcelona rebutja l&#039;aplicaci\u00f3 del 155 contra les institucions catalanes, i reclama la llibertat de Jordi Cuixart i Jordi S\u00e1nchez - Cercle de Cultura\" \/>\n<meta property=\"og:description\" content=\"El comit\u00e8 executiu del Consell de la Cultura de Barcelona, del qual en forma part el Cercle de Cultura, ha aprovat un manifest en el que expressa el seu &quot;rebuig&quot; a l&#039;aplicaci\u00f3 de l&#039;article 155 de la constituci\u00f3 espanyola, que vincula directament a &quot;la suspensi\u00f3 dels drets civils, a l\u2019augment de la repressi\u00f3 i a la coacci\u00f3 de les llibertats&quot;. Aix\u00ed mateix, aquesta instituci\u00f3 exigeix la &quot;llibertat immediata&quot; de Jordi Cuixart i Jordi S\u00e1nchez, tot reclamant que &quot;la soluci\u00f3 al conflicte es busqui mitjan\u00e7ant el di\u00e0leg pol\u00edtic, i mai amb l\u2019\u00fas de la for\u00e7a i la repressi\u00f3&quot;.\" \/>\n<meta property=\"og:url\" content=\"https:\/\/www.cercledecultura.org\/ca\/consell_cultura_barcelona_contra_155_i_favor_llibertat_jordicuixart_jordisanchez\/\" \/>\n<meta property=\"og:site_name\" content=\"Cercle de Cultura\" \/>\n<meta property=\"article:published_time\" content=\"2017-10-24T04:19:00+00:00\" \/>\n<meta property=\"article:modified_time\" content=\"2021-02-23T09:59:29+00:00\" \/>\n<meta property=\"og:image\" content=\"https:\/\/www.cercledecultura.org\/wp-content\/uploads\/2021\/02\/YGcZKnNWKUmag4CNVE7TqA.jpg\" \/>\n\t<meta property=\"og:image:width\" content=\"1733\" \/>\n\t<meta property=\"og:image:height\" content=\"1155\" \/>\n\t<meta property=\"og:image:type\" content=\"image\/jpeg\" \/>\n<meta name=\"author\" content=\"admin\" \/>\n<meta name=\"twitter:card\" content=\"summary_large_image\" \/>\n<meta name=\"twitter:label1\" content=\"Escrit per\" \/>\n\t<meta name=\"twitter:data1\" content=\"admin\" \/>\n\t<meta name=\"twitter:label2\" content=\"Temps estimat de lectura\" \/>\n\t<meta name=\"twitter:data2\" content=\"3 minuts\" \/>\n<script type=\"application\/ld+json\" class=\"yoast-schema-graph\">{\"@context\":\"https:\\\/\\\/schema.org\",\"@graph\":[{\"@type\":\"Article\",\"@id\":\"https:\\\/\\\/www.cercledecultura.org\\\/ca\\\/consell_cultura_barcelona_contra_155_i_favor_llibertat_jordicuixart_jordisanchez\\\/#article\",\"isPartOf\":{\"@id\":\"https:\\\/\\\/www.cercledecultura.org\\\/ca\\\/consell_cultura_barcelona_contra_155_i_favor_llibertat_jordicuixart_jordisanchez\\\/\"},\"author\":{\"name\":\"admin\",\"@id\":\"https:\\\/\\\/www.cercledecultura.org\\\/ca\\\/#\\\/schema\\\/person\\\/269db25cfadcb4bd2e41781c819942f9\"},\"headline\":\"El Consell de la Cultura de Barcelona rebutja l&#8217;aplicaci\u00f3 del 155 contra les institucions catalanes, i reclama la llibertat de Jordi Cuixart i Jordi S\u00e1nchez\",\"datePublished\":\"2017-10-24T04:19:00+00:00\",\"dateModified\":\"2021-02-23T09:59:29+00:00\",\"mainEntityOfPage\":{\"@id\":\"https:\\\/\\\/www.cercledecultura.org\\\/ca\\\/consell_cultura_barcelona_contra_155_i_favor_llibertat_jordicuixart_jordisanchez\\\/\"},\"wordCount\":579,\"commentCount\":0,\"publisher\":{\"@id\":\"https:\\\/\\\/www.cercledecultura.org\\\/ca\\\/#organization\"},\"image\":{\"@id\":\"https:\\\/\\\/www.cercledecultura.org\\\/ca\\\/consell_cultura_barcelona_contra_155_i_favor_llibertat_jordicuixart_jordisanchez\\\/#primaryimage\"},\"thumbnailUrl\":\"https:\\\/\\\/www.cercledecultura.org\\\/wp-content\\\/uploads\\\/2021\\\/02\\\/YGcZKnNWKUmag4CNVE7TqA.jpg\",\"keywords\":[\"Autonomia\",\"Catalunya\",\"Consell de la Cultura de Barcelona\",\"Constituci\u00f3 espanyola\",\"democr\u00e0cia\",\"Estat espanyol\",\"Govern\",\"llibertat\",\"mitjans de comunicaci\u00f3\",\"Parlament\",\"pol\u00edtica\"],\"articleSection\":[\"Not\u00edcies\"],\"inLanguage\":\"ca\",\"potentialAction\":[{\"@type\":\"CommentAction\",\"name\":\"Comment\",\"target\":[\"https:\\\/\\\/www.cercledecultura.org\\\/ca\\\/consell_cultura_barcelona_contra_155_i_favor_llibertat_jordicuixart_jordisanchez\\\/#respond\"]}]},{\"@type\":\"WebPage\",\"@id\":\"https:\\\/\\\/www.cercledecultura.org\\\/ca\\\/consell_cultura_barcelona_contra_155_i_favor_llibertat_jordicuixart_jordisanchez\\\/\",\"url\":\"https:\\\/\\\/www.cercledecultura.org\\\/ca\\\/consell_cultura_barcelona_contra_155_i_favor_llibertat_jordicuixart_jordisanchez\\\/\",\"name\":\"El Consell de la Cultura de Barcelona rebutja l'aplicaci\u00f3 del 155 contra les institucions catalanes, i reclama la llibertat de Jordi Cuixart i Jordi S\u00e1nchez - Cercle de Cultura\",\"isPartOf\":{\"@id\":\"https:\\\/\\\/www.cercledecultura.org\\\/ca\\\/#website\"},\"primaryImageOfPage\":{\"@id\":\"https:\\\/\\\/www.cercledecultura.org\\\/ca\\\/consell_cultura_barcelona_contra_155_i_favor_llibertat_jordicuixart_jordisanchez\\\/#primaryimage\"},\"image\":{\"@id\":\"https:\\\/\\\/www.cercledecultura.org\\\/ca\\\/consell_cultura_barcelona_contra_155_i_favor_llibertat_jordicuixart_jordisanchez\\\/#primaryimage\"},\"thumbnailUrl\":\"https:\\\/\\\/www.cercledecultura.org\\\/wp-content\\\/uploads\\\/2021\\\/02\\\/YGcZKnNWKUmag4CNVE7TqA.jpg\",\"datePublished\":\"2017-10-24T04:19:00+00:00\",\"dateModified\":\"2021-02-23T09:59:29+00:00\",\"breadcrumb\":{\"@id\":\"https:\\\/\\\/www.cercledecultura.org\\\/ca\\\/consell_cultura_barcelona_contra_155_i_favor_llibertat_jordicuixart_jordisanchez\\\/#breadcrumb\"},\"inLanguage\":\"ca\",\"potentialAction\":[{\"@type\":\"ReadAction\",\"target\":[\"https:\\\/\\\/www.cercledecultura.org\\\/ca\\\/consell_cultura_barcelona_contra_155_i_favor_llibertat_jordicuixart_jordisanchez\\\/\"]}]},{\"@type\":\"ImageObject\",\"inLanguage\":\"ca\",\"@id\":\"https:\\\/\\\/www.cercledecultura.org\\\/ca\\\/consell_cultura_barcelona_contra_155_i_favor_llibertat_jordicuixart_jordisanchez\\\/#primaryimage\",\"url\":\"https:\\\/\\\/www.cercledecultura.org\\\/wp-content\\\/uploads\\\/2021\\\/02\\\/YGcZKnNWKUmag4CNVE7TqA.jpg\",\"contentUrl\":\"https:\\\/\\\/www.cercledecultura.org\\\/wp-content\\\/uploads\\\/2021\\\/02\\\/YGcZKnNWKUmag4CNVE7TqA.jpg\",\"width\":1733,\"height\":1155},{\"@type\":\"BreadcrumbList\",\"@id\":\"https:\\\/\\\/www.cercledecultura.org\\\/ca\\\/consell_cultura_barcelona_contra_155_i_favor_llibertat_jordicuixart_jordisanchez\\\/#breadcrumb\",\"itemListElement\":[{\"@type\":\"ListItem\",\"position\":1,\"name\":\"Portada\",\"item\":\"https:\\\/\\\/www.cercledecultura.org\\\/ca\\\/\"},{\"@type\":\"ListItem\",\"position\":2,\"name\":\"El Consell de la Cultura de Barcelona rebutja l&#8217;aplicaci\u00f3 del 155 contra les institucions catalanes, i reclama la llibertat de Jordi Cuixart i Jordi S\u00e1nchez\"}]},{\"@type\":\"WebSite\",\"@id\":\"https:\\\/\\\/www.cercledecultura.org\\\/ca\\\/#website\",\"url\":\"https:\\\/\\\/www.cercledecultura.org\\\/ca\\\/\",\"name\":\"Cercle de Cultura\",\"description\":\"Entitat de car\u00e0cter privat i associatiu, independent, amb voluntat de participar en la vida p\u00fablica des de la pluralitat ideol\u00f2gica dels seus membres fundadors i futurs associats\",\"publisher\":{\"@id\":\"https:\\\/\\\/www.cercledecultura.org\\\/ca\\\/#organization\"},\"potentialAction\":[{\"@type\":\"SearchAction\",\"target\":{\"@type\":\"EntryPoint\",\"urlTemplate\":\"https:\\\/\\\/www.cercledecultura.org\\\/ca\\\/?s={search_term_string}\"},\"query-input\":{\"@type\":\"PropertyValueSpecification\",\"valueRequired\":true,\"valueName\":\"search_term_string\"}}],\"inLanguage\":\"ca\"},{\"@type\":\"Organization\",\"@id\":\"https:\\\/\\\/www.cercledecultura.org\\\/ca\\\/#organization\",\"name\":\"Cercle de Cultura\",\"url\":\"https:\\\/\\\/www.cercledecultura.org\\\/ca\\\/\",\"logo\":{\"@type\":\"ImageObject\",\"inLanguage\":\"ca\",\"@id\":\"https:\\\/\\\/www.cercledecultura.org\\\/ca\\\/#\\\/schema\\\/logo\\\/image\\\/\",\"url\":\"https:\\\/\\\/www.cercledecultura.org\\\/wp-content\\\/uploads\\\/2020\\\/01\\\/logo-cercle-de-cultura.png\",\"contentUrl\":\"https:\\\/\\\/www.cercledecultura.org\\\/wp-content\\\/uploads\\\/2020\\\/01\\\/logo-cercle-de-cultura.png\",\"width\":350,\"height\":195,\"caption\":\"Cercle de Cultura\"},\"image\":{\"@id\":\"https:\\\/\\\/www.cercledecultura.org\\\/ca\\\/#\\\/schema\\\/logo\\\/image\\\/\"}},{\"@type\":\"Person\",\"@id\":\"https:\\\/\\\/www.cercledecultura.org\\\/ca\\\/#\\\/schema\\\/person\\\/269db25cfadcb4bd2e41781c819942f9\",\"name\":\"admin\",\"image\":{\"@type\":\"ImageObject\",\"inLanguage\":\"ca\",\"@id\":\"https:\\\/\\\/secure.gravatar.com\\\/avatar\\\/e88a8bb50a361c6d45c4709770a3d765016be4b5d85313447b91d0d707434ad9?s=96&d=mm&r=g\",\"url\":\"https:\\\/\\\/secure.gravatar.com\\\/avatar\\\/e88a8bb50a361c6d45c4709770a3d765016be4b5d85313447b91d0d707434ad9?s=96&d=mm&r=g\",\"contentUrl\":\"https:\\\/\\\/secure.gravatar.com\\\/avatar\\\/e88a8bb50a361c6d45c4709770a3d765016be4b5d85313447b91d0d707434ad9?s=96&d=mm&r=g\",\"caption\":\"admin\"},\"url\":\"https:\\\/\\\/www.cercledecultura.org\\\/ca\\\/author\\\/seic_trzh7tdr\\\/\"}]}<\/script>\n<!-- \/ Yoast SEO plugin. -->","yoast_head_json":{"title":"El Consell de la Cultura de Barcelona rebutja l'aplicaci\u00f3 del 155 contra les institucions catalanes, i reclama la llibertat de Jordi Cuixart i Jordi S\u00e1nchez - Cercle de Cultura","robots":{"index":"index","follow":"follow","max-snippet":"max-snippet:-1","max-image-preview":"max-image-preview:large","max-video-preview":"max-video-preview:-1"},"canonical":"https:\/\/www.cercledecultura.org\/ca\/consell_cultura_barcelona_contra_155_i_favor_llibertat_jordicuixart_jordisanchez\/","og_locale":"ca_ES","og_type":"article","og_title":"El Consell de la Cultura de Barcelona rebutja l'aplicaci\u00f3 del 155 contra les institucions catalanes, i reclama la llibertat de Jordi Cuixart i Jordi S\u00e1nchez - Cercle de Cultura","og_description":"El comit\u00e8 executiu del Consell de la Cultura de Barcelona, del qual en forma part el Cercle de Cultura, ha aprovat un manifest en el que expressa el seu \"rebuig\" a l'aplicaci\u00f3 de l'article 155 de la constituci\u00f3 espanyola, que vincula directament a \"la suspensi\u00f3 dels drets civils, a l\u2019augment de la repressi\u00f3 i a la coacci\u00f3 de les llibertats\". Aix\u00ed mateix, aquesta instituci\u00f3 exigeix la \"llibertat immediata\" de Jordi Cuixart i Jordi S\u00e1nchez, tot reclamant que \"la soluci\u00f3 al conflicte es busqui mitjan\u00e7ant el di\u00e0leg pol\u00edtic, i mai amb l\u2019\u00fas de la for\u00e7a i la repressi\u00f3\".","og_url":"https:\/\/www.cercledecultura.org\/ca\/consell_cultura_barcelona_contra_155_i_favor_llibertat_jordicuixart_jordisanchez\/","og_site_name":"Cercle de Cultura","article_published_time":"2017-10-24T04:19:00+00:00","article_modified_time":"2021-02-23T09:59:29+00:00","og_image":[{"width":1733,"height":1155,"url":"https:\/\/www.cercledecultura.org\/wp-content\/uploads\/2021\/02\/YGcZKnNWKUmag4CNVE7TqA.jpg","type":"image\/jpeg"}],"author":"admin","twitter_card":"summary_large_image","twitter_misc":{"Escrit per":"admin","Temps estimat de lectura":"3 minuts"},"schema":{"@context":"https:\/\/schema.org","@graph":[{"@type":"Article","@id":"https:\/\/www.cercledecultura.org\/ca\/consell_cultura_barcelona_contra_155_i_favor_llibertat_jordicuixart_jordisanchez\/#article","isPartOf":{"@id":"https:\/\/www.cercledecultura.org\/ca\/consell_cultura_barcelona_contra_155_i_favor_llibertat_jordicuixart_jordisanchez\/"},"author":{"name":"admin","@id":"https:\/\/www.cercledecultura.org\/ca\/#\/schema\/person\/269db25cfadcb4bd2e41781c819942f9"},"headline":"El Consell de la Cultura de Barcelona rebutja l&#8217;aplicaci\u00f3 del 155 contra les institucions catalanes, i reclama la llibertat de Jordi Cuixart i Jordi S\u00e1nchez","datePublished":"2017-10-24T04:19:00+00:00","dateModified":"2021-02-23T09:59:29+00:00","mainEntityOfPage":{"@id":"https:\/\/www.cercledecultura.org\/ca\/consell_cultura_barcelona_contra_155_i_favor_llibertat_jordicuixart_jordisanchez\/"},"wordCount":579,"commentCount":0,"publisher":{"@id":"https:\/\/www.cercledecultura.org\/ca\/#organization"},"image":{"@id":"https:\/\/www.cercledecultura.org\/ca\/consell_cultura_barcelona_contra_155_i_favor_llibertat_jordicuixart_jordisanchez\/#primaryimage"},"thumbnailUrl":"https:\/\/www.cercledecultura.org\/wp-content\/uploads\/2021\/02\/YGcZKnNWKUmag4CNVE7TqA.jpg","keywords":["Autonomia","Catalunya","Consell de la Cultura de Barcelona","Constituci\u00f3 espanyola","democr\u00e0cia","Estat espanyol","Govern","llibertat","mitjans de comunicaci\u00f3","Parlament","pol\u00edtica"],"articleSection":["Not\u00edcies"],"inLanguage":"ca","potentialAction":[{"@type":"CommentAction","name":"Comment","target":["https:\/\/www.cercledecultura.org\/ca\/consell_cultura_barcelona_contra_155_i_favor_llibertat_jordicuixart_jordisanchez\/#respond"]}]},{"@type":"WebPage","@id":"https:\/\/www.cercledecultura.org\/ca\/consell_cultura_barcelona_contra_155_i_favor_llibertat_jordicuixart_jordisanchez\/","url":"https:\/\/www.cercledecultura.org\/ca\/consell_cultura_barcelona_contra_155_i_favor_llibertat_jordicuixart_jordisanchez\/","name":"El Consell de la Cultura de Barcelona rebutja l'aplicaci\u00f3 del 155 contra les institucions catalanes, i reclama la llibertat de Jordi Cuixart i Jordi S\u00e1nchez - Cercle de Cultura","isPartOf":{"@id":"https:\/\/www.cercledecultura.org\/ca\/#website"},"primaryImageOfPage":{"@id":"https:\/\/www.cercledecultura.org\/ca\/consell_cultura_barcelona_contra_155_i_favor_llibertat_jordicuixart_jordisanchez\/#primaryimage"},"image":{"@id":"https:\/\/www.cercledecultura.org\/ca\/consell_cultura_barcelona_contra_155_i_favor_llibertat_jordicuixart_jordisanchez\/#primaryimage"},"thumbnailUrl":"https:\/\/www.cercledecultura.org\/wp-content\/uploads\/2021\/02\/YGcZKnNWKUmag4CNVE7TqA.jpg","datePublished":"2017-10-24T04:19:00+00:00","dateModified":"2021-02-23T09:59:29+00:00","breadcrumb":{"@id":"https:\/\/www.cercledecultura.org\/ca\/consell_cultura_barcelona_contra_155_i_favor_llibertat_jordicuixart_jordisanchez\/#breadcrumb"},"inLanguage":"ca","potentialAction":[{"@type":"ReadAction","target":["https:\/\/www.cercledecultura.org\/ca\/consell_cultura_barcelona_contra_155_i_favor_llibertat_jordicuixart_jordisanchez\/"]}]},{"@type":"ImageObject","inLanguage":"ca","@id":"https:\/\/www.cercledecultura.org\/ca\/consell_cultura_barcelona_contra_155_i_favor_llibertat_jordicuixart_jordisanchez\/#primaryimage","url":"https:\/\/www.cercledecultura.org\/wp-content\/uploads\/2021\/02\/YGcZKnNWKUmag4CNVE7TqA.jpg","contentUrl":"https:\/\/www.cercledecultura.org\/wp-content\/uploads\/2021\/02\/YGcZKnNWKUmag4CNVE7TqA.jpg","width":1733,"height":1155},{"@type":"BreadcrumbList","@id":"https:\/\/www.cercledecultura.org\/ca\/consell_cultura_barcelona_contra_155_i_favor_llibertat_jordicuixart_jordisanchez\/#breadcrumb","itemListElement":[{"@type":"ListItem","position":1,"name":"Portada","item":"https:\/\/www.cercledecultura.org\/ca\/"},{"@type":"ListItem","position":2,"name":"El Consell de la Cultura de Barcelona rebutja l&#8217;aplicaci\u00f3 del 155 contra les institucions catalanes, i reclama la llibertat de Jordi Cuixart i Jordi S\u00e1nchez"}]},{"@type":"WebSite","@id":"https:\/\/www.cercledecultura.org\/ca\/#website","url":"https:\/\/www.cercledecultura.org\/ca\/","name":"Cercle de Cultura","description":"Entitat de car\u00e0cter privat i associatiu, independent, amb voluntat de participar en la vida p\u00fablica des de la pluralitat ideol\u00f2gica dels seus membres fundadors i futurs associats","publisher":{"@id":"https:\/\/www.cercledecultura.org\/ca\/#organization"},"potentialAction":[{"@type":"SearchAction","target":{"@type":"EntryPoint","urlTemplate":"https:\/\/www.cercledecultura.org\/ca\/?s={search_term_string}"},"query-input":{"@type":"PropertyValueSpecification","valueRequired":true,"valueName":"search_term_string"}}],"inLanguage":"ca"},{"@type":"Organization","@id":"https:\/\/www.cercledecultura.org\/ca\/#organization","name":"Cercle de Cultura","url":"https:\/\/www.cercledecultura.org\/ca\/","logo":{"@type":"ImageObject","inLanguage":"ca","@id":"https:\/\/www.cercledecultura.org\/ca\/#\/schema\/logo\/image\/","url":"https:\/\/www.cercledecultura.org\/wp-content\/uploads\/2020\/01\/logo-cercle-de-cultura.png","contentUrl":"https:\/\/www.cercledecultura.org\/wp-content\/uploads\/2020\/01\/logo-cercle-de-cultura.png","width":350,"height":195,"caption":"Cercle de Cultura"},"image":{"@id":"https:\/\/www.cercledecultura.org\/ca\/#\/schema\/logo\/image\/"}},{"@type":"Person","@id":"https:\/\/www.cercledecultura.org\/ca\/#\/schema\/person\/269db25cfadcb4bd2e41781c819942f9","name":"admin","image":{"@type":"ImageObject","inLanguage":"ca","@id":"https:\/\/secure.gravatar.com\/avatar\/e88a8bb50a361c6d45c4709770a3d765016be4b5d85313447b91d0d707434ad9?s=96&d=mm&r=g","url":"https:\/\/secure.gravatar.com\/avatar\/e88a8bb50a361c6d45c4709770a3d765016be4b5d85313447b91d0d707434ad9?s=96&d=mm&r=g","contentUrl":"https:\/\/secure.gravatar.com\/avatar\/e88a8bb50a361c6d45c4709770a3d765016be4b5d85313447b91d0d707434ad9?s=96&d=mm&r=g","caption":"admin"},"url":"https:\/\/www.cercledecultura.org\/ca\/author\/seic_trzh7tdr\/"}]}},"_links":{"self":[{"href":"https:\/\/www.cercledecultura.org\/ca\/wp-json\/wp\/v2\/posts\/799","targetHints":{"allow":["GET"]}}],"collection":[{"href":"https:\/\/www.cercledecultura.org\/ca\/wp-json\/wp\/v2\/posts"}],"about":[{"href":"https:\/\/www.cercledecultura.org\/ca\/wp-json\/wp\/v2\/types\/post"}],"author":[{"embeddable":true,"href":"https:\/\/www.cercledecultura.org\/ca\/wp-json\/wp\/v2\/users\/1"}],"replies":[{"embeddable":true,"href":"https:\/\/www.cercledecultura.org\/ca\/wp-json\/wp\/v2\/comments?post=799"}],"version-history":[{"count":1,"href":"https:\/\/www.cercledecultura.org\/ca\/wp-json\/wp\/v2\/posts\/799\/revisions"}],"predecessor-version":[{"id":1158,"href":"https:\/\/www.cercledecultura.org\/ca\/wp-json\/wp\/v2\/posts\/799\/revisions\/1158"}],"wp:featuredmedia":[{"embeddable":true,"href":"https:\/\/www.cercledecultura.org\/ca\/wp-json\/wp\/v2\/media\/800"}],"wp:attachment":[{"href":"https:\/\/www.cercledecultura.org\/ca\/wp-json\/wp\/v2\/media?parent=799"}],"wp:term":[{"taxonomy":"category","embeddable":true,"href":"https:\/\/www.cercledecultura.org\/ca\/wp-json\/wp\/v2\/categories?post=799"},{"taxonomy":"post_tag","embeddable":true,"href":"https:\/\/www.cercledecultura.org\/ca\/wp-json\/wp\/v2\/tags?post=799"}],"curies":[{"name":"wp","href":"https:\/\/api.w.org\/{rel}","templated":true}]}}