{"id":791,"date":"2017-09-04T07:08:00","date_gmt":"2017-09-04T07:08:00","guid":{"rendered":"https:\/\/pre.cercledecultura.org\/forum_cultura_2020_centralitat\/"},"modified":"2021-03-07T15:44:59","modified_gmt":"2021-03-07T15:44:59","slug":"forum_cultura_2020_centralitat","status":"publish","type":"post","link":"https:\/\/www.cercledecultura.org\/ca\/forum_cultura_2020_centralitat\/","title":{"rendered":"El F\u00f2rum Cultura 2020, un projecte per reivindicar la centralitat de la cultura a l&#8217;agenda institucional, social i econ\u00f2mica del pa\u00eds"},"content":{"rendered":"<p>El Cercle de Cultura est\u00e0 preparant l\u2019organitzaci\u00f3 del F\u00f2rum Cultura 2020:\u00a0 un proc\u00e9s de reflexi\u00f3 i debat sobre els reptes, les principals prioritats i elements de canvi en el m\u00f3n de la cultura; des de la perspectiva de les pol\u00edtiques culturals p\u00fabliques, les institucions privades, l\u2019acci\u00f3 cultural comunit\u00e0ria i el seu valor en la construcci\u00f3 de ciutadania, l\u2019activitat cultural del m\u00f3n empresarial i les organitzacions del tercer sector.  Els treballs de planificaci\u00f3 d\u2019aquest projecte es van iniciar fa temps, i s\u2019acosta ara l\u2019hora de presentar la primera edici\u00f3 del F\u00f2rum de la Cultura pel proper any 2018  La nova junta del Cercle de Cultura, presidida per Segimon Borr\u00e0s, agafa el relleu a l\u2019impuls i\u00a0 la planificaci\u00f3 inicial que va encap\u00e7alar Francesc Bellmunt, continuant aquest projecte central de l\u2019entitat, amb la voluntat que esdevingui un encontre peri\u00f2dic i un marc independent, plural i estable de debat, reflexi\u00f3 i participaci\u00f3 dels sectors culturals, les institucions i organitzacions p\u00fabliques i privades, el teixit associatiu i professional i el m\u00f3n empresarial, en un di\u00e0leg que situ\u00ef a les persones com a protagonistes i destinataris finals del fet i de l\u2019activitat cultural.  El F\u00f2rum Cultura 2020\u00a0 ha d\u2019esdevenir un punt d\u2019encontre obert a tothom,\u00a0 aprofitant el \u00a0car\u00e0cter independent i plural de l\u2019entitat que l\u2019organitza, comptant especialment amb la participaci\u00f3 del conjunt de les entitats culturals del pa\u00eds.  En uns temps de canvi, la cultura \u00e9s un \u00e0mbit fonamental per a la construcci\u00f3 de ciutadania, cohesi\u00f3 social i conviv\u00e8ncia. La relaci\u00f3 entre la dimensi\u00f3 social i econ\u00f2mica de la cultura \u00a0\u00e9s ara m\u00e9s crucial que mai, at\u00e8s que interactua de forma decisiva en la configuraci\u00f3 dels valors de la democr\u00e0cia, la just\u00edcia i de les noves f\u00f3rmules de creixement econ\u00f2mic.  El F\u00f2rum Cultura 2020 tindr\u00e0 un programa de reunions de debat en el que es tractaran diferents eixos tem\u00e0tics com la creaci\u00f3 art\u00edstica, cultura i educaci\u00f3, equipaments culturals, cultura i economia, Barcelona-Catalunya i la seva relaci\u00f3 territorial i de projecci\u00f3 internacional, el finan\u00e7ament del sistema cultural, els reptes de la cultura digital, i el darrer dedicat a les pol\u00edtiques culturals p\u00fabliques.  Per\u00f2 a m\u00e9s hi haur\u00e0 temes que per la seva import\u00e0ncia i car\u00e0cter transversal estaran presents a tots els guions de discussi\u00f3 dels \u00a0\u00e0mbits de debat: \u00a0desenvolupament democr\u00e0tic, pol\u00edtiques de g\u00e8nere, pol\u00edtiques d\u2019equitat, impacte digital, acc\u00e9s a la cultura i creaci\u00f3 d\u2019audi\u00e8ncies, i el valor de la cultura com a factor principal per a l\u2019acci\u00f3 social comunit\u00e0ria.  Jordi Pardo  Vicepresident del Cercle de Cultura<\/p>\n","protected":false},"excerpt":{"rendered":"<p>Jordi Pardo fa un apunt sobre la preparaci\u00f3 del F\u00f2rum Cultura 2020 per a l&#8217;any vinent. F\u00f2rum que defineix com &#8220;un proc\u00e9s de reflexi\u00f3 i debat sobre els reptes, les principals prioritats i elements de canvi en el m\u00f3n de la cultura; des de la perspectiva de les pol\u00edtiques culturals p\u00fabliques, les institucions privades, l\u2019acci\u00f3 cultural comunit\u00e0ria i el seu valor en la construcci\u00f3 de ciutadania, l\u2019activitat cultural del m\u00f3n empresarial i les organitzacions del tercer sector&#8221;.<\/p>\n","protected":false},"author":1,"featured_media":792,"comment_status":"open","ping_status":"closed","sticky":false,"template":"","format":"standard","meta":{"footnotes":""},"categories":[3],"tags":[15,6,7,5,369,72,17,10,28,134,368,370,13,4,47,367],"class_list":["post-791","post","type-post","status-publish","format-standard","has-post-thumbnail","hentry","category-activitats","tag-art","tag-catalunya","tag-cercle-de-cultura","tag-cultura","tag-cultura-digital","tag-debat","tag-economia","tag-educacio","tag-forum-cultura-2020","tag-francesc-bellmunt","tag-institucional","tag-internacional","tag-jordi-pardo","tag-politica-cultural","tag-segimon-borras","tag-societat"],"yoast_head":"<!-- This site is optimized with the Yoast SEO plugin v27.4 - https:\/\/yoast.com\/product\/yoast-seo-wordpress\/ -->\n<title>El F\u00f2rum Cultura 2020, un projecte per reivindicar la centralitat de la cultura a l&#039;agenda institucional, social i econ\u00f2mica del pa\u00eds - Cercle de Cultura<\/title>\n<meta name=\"robots\" content=\"index, follow, max-snippet:-1, max-image-preview:large, max-video-preview:-1\" \/>\n<link rel=\"canonical\" href=\"https:\/\/www.cercledecultura.org\/ca\/forum_cultura_2020_centralitat\/\" \/>\n<meta property=\"og:locale\" content=\"ca_ES\" \/>\n<meta property=\"og:type\" content=\"article\" \/>\n<meta property=\"og:title\" content=\"El F\u00f2rum Cultura 2020, un projecte per reivindicar la centralitat de la cultura a l&#039;agenda institucional, social i econ\u00f2mica del pa\u00eds - Cercle de Cultura\" \/>\n<meta property=\"og:description\" content=\"Jordi Pardo fa un apunt sobre la preparaci\u00f3 del F\u00f2rum Cultura 2020 per a l&#039;any vinent. F\u00f2rum que defineix com &quot;un proc\u00e9s de reflexi\u00f3 i debat sobre els reptes, les principals prioritats i elements de canvi en el m\u00f3n de la cultura; des de la perspectiva de les pol\u00edtiques culturals p\u00fabliques, les institucions privades, l\u2019acci\u00f3 cultural comunit\u00e0ria i el seu valor en la construcci\u00f3 de ciutadania, l\u2019activitat cultural del m\u00f3n empresarial i les organitzacions del tercer sector&quot;.\" \/>\n<meta property=\"og:url\" content=\"https:\/\/www.cercledecultura.org\/ca\/forum_cultura_2020_centralitat\/\" \/>\n<meta property=\"og:site_name\" content=\"Cercle de Cultura\" \/>\n<meta property=\"article:published_time\" content=\"2017-09-04T07:08:00+00:00\" \/>\n<meta property=\"article:modified_time\" content=\"2021-03-07T15:44:59+00:00\" \/>\n<meta property=\"og:image\" content=\"https:\/\/www.cercledecultura.org\/wp-content\/uploads\/2021\/02\/Otd8hw98XU2ufWBzXitdHw.jpg\" \/>\n\t<meta property=\"og:image:width\" content=\"838\" \/>\n\t<meta property=\"og:image:height\" content=\"559\" \/>\n\t<meta property=\"og:image:type\" content=\"image\/jpeg\" \/>\n<meta name=\"author\" content=\"admin\" \/>\n<meta name=\"twitter:card\" content=\"summary_large_image\" \/>\n<meta name=\"twitter:label1\" content=\"Escrit per\" \/>\n\t<meta name=\"twitter:data1\" content=\"admin\" \/>\n\t<meta name=\"twitter:label2\" content=\"Temps estimat de lectura\" \/>\n\t<meta name=\"twitter:data2\" content=\"2 minuts\" \/>\n<script type=\"application\/ld+json\" class=\"yoast-schema-graph\">{\"@context\":\"https:\\\/\\\/schema.org\",\"@graph\":[{\"@type\":\"Article\",\"@id\":\"https:\\\/\\\/www.cercledecultura.org\\\/ca\\\/forum_cultura_2020_centralitat\\\/#article\",\"isPartOf\":{\"@id\":\"https:\\\/\\\/www.cercledecultura.org\\\/ca\\\/forum_cultura_2020_centralitat\\\/\"},\"author\":{\"name\":\"admin\",\"@id\":\"https:\\\/\\\/www.cercledecultura.org\\\/ca\\\/#\\\/schema\\\/person\\\/269db25cfadcb4bd2e41781c819942f9\"},\"headline\":\"El F\u00f2rum Cultura 2020, un projecte per reivindicar la centralitat de la cultura a l&#8217;agenda institucional, social i econ\u00f2mica del pa\u00eds\",\"datePublished\":\"2017-09-04T07:08:00+00:00\",\"dateModified\":\"2021-03-07T15:44:59+00:00\",\"mainEntityOfPage\":{\"@id\":\"https:\\\/\\\/www.cercledecultura.org\\\/ca\\\/forum_cultura_2020_centralitat\\\/\"},\"wordCount\":486,\"commentCount\":0,\"publisher\":{\"@id\":\"https:\\\/\\\/www.cercledecultura.org\\\/ca\\\/#organization\"},\"image\":{\"@id\":\"https:\\\/\\\/www.cercledecultura.org\\\/ca\\\/forum_cultura_2020_centralitat\\\/#primaryimage\"},\"thumbnailUrl\":\"https:\\\/\\\/www.cercledecultura.org\\\/wp-content\\\/uploads\\\/2021\\\/02\\\/Otd8hw98XU2ufWBzXitdHw.jpg\",\"keywords\":[\"Art\",\"Catalunya\",\"Cercle de Cultura\",\"Cultura\",\"cultura digital\",\"debat\",\"Economia\",\"Educaci\u00f3\",\"F\u00f2rum Cultura 2020\",\"Francesc Bellmunt\",\"institucional\",\"internacional\",\"Jordi Pardo\",\"Pol\u00edtica Cultural\",\"Segimon Borr\u00e0s\",\"societat\"],\"articleSection\":[\"Activitats\"],\"inLanguage\":\"ca\",\"potentialAction\":[{\"@type\":\"CommentAction\",\"name\":\"Comment\",\"target\":[\"https:\\\/\\\/www.cercledecultura.org\\\/ca\\\/forum_cultura_2020_centralitat\\\/#respond\"]}]},{\"@type\":\"WebPage\",\"@id\":\"https:\\\/\\\/www.cercledecultura.org\\\/ca\\\/forum_cultura_2020_centralitat\\\/\",\"url\":\"https:\\\/\\\/www.cercledecultura.org\\\/ca\\\/forum_cultura_2020_centralitat\\\/\",\"name\":\"El F\u00f2rum Cultura 2020, un projecte per reivindicar la centralitat de la cultura a l'agenda institucional, social i econ\u00f2mica del pa\u00eds - Cercle de Cultura\",\"isPartOf\":{\"@id\":\"https:\\\/\\\/www.cercledecultura.org\\\/ca\\\/#website\"},\"primaryImageOfPage\":{\"@id\":\"https:\\\/\\\/www.cercledecultura.org\\\/ca\\\/forum_cultura_2020_centralitat\\\/#primaryimage\"},\"image\":{\"@id\":\"https:\\\/\\\/www.cercledecultura.org\\\/ca\\\/forum_cultura_2020_centralitat\\\/#primaryimage\"},\"thumbnailUrl\":\"https:\\\/\\\/www.cercledecultura.org\\\/wp-content\\\/uploads\\\/2021\\\/02\\\/Otd8hw98XU2ufWBzXitdHw.jpg\",\"datePublished\":\"2017-09-04T07:08:00+00:00\",\"dateModified\":\"2021-03-07T15:44:59+00:00\",\"breadcrumb\":{\"@id\":\"https:\\\/\\\/www.cercledecultura.org\\\/ca\\\/forum_cultura_2020_centralitat\\\/#breadcrumb\"},\"inLanguage\":\"ca\",\"potentialAction\":[{\"@type\":\"ReadAction\",\"target\":[\"https:\\\/\\\/www.cercledecultura.org\\\/ca\\\/forum_cultura_2020_centralitat\\\/\"]}]},{\"@type\":\"ImageObject\",\"inLanguage\":\"ca\",\"@id\":\"https:\\\/\\\/www.cercledecultura.org\\\/ca\\\/forum_cultura_2020_centralitat\\\/#primaryimage\",\"url\":\"https:\\\/\\\/www.cercledecultura.org\\\/wp-content\\\/uploads\\\/2021\\\/02\\\/Otd8hw98XU2ufWBzXitdHw.jpg\",\"contentUrl\":\"https:\\\/\\\/www.cercledecultura.org\\\/wp-content\\\/uploads\\\/2021\\\/02\\\/Otd8hw98XU2ufWBzXitdHw.jpg\",\"width\":838,\"height\":559},{\"@type\":\"BreadcrumbList\",\"@id\":\"https:\\\/\\\/www.cercledecultura.org\\\/ca\\\/forum_cultura_2020_centralitat\\\/#breadcrumb\",\"itemListElement\":[{\"@type\":\"ListItem\",\"position\":1,\"name\":\"Portada\",\"item\":\"https:\\\/\\\/www.cercledecultura.org\\\/ca\\\/\"},{\"@type\":\"ListItem\",\"position\":2,\"name\":\"El F\u00f2rum Cultura 2020, un projecte per reivindicar la centralitat de la cultura a l&#8217;agenda institucional, social i econ\u00f2mica del pa\u00eds\"}]},{\"@type\":\"WebSite\",\"@id\":\"https:\\\/\\\/www.cercledecultura.org\\\/ca\\\/#website\",\"url\":\"https:\\\/\\\/www.cercledecultura.org\\\/ca\\\/\",\"name\":\"Cercle de Cultura\",\"description\":\"Entitat de car\u00e0cter privat i associatiu, independent, amb voluntat de participar en la vida p\u00fablica des de la pluralitat ideol\u00f2gica dels seus membres fundadors i futurs associats\",\"publisher\":{\"@id\":\"https:\\\/\\\/www.cercledecultura.org\\\/ca\\\/#organization\"},\"potentialAction\":[{\"@type\":\"SearchAction\",\"target\":{\"@type\":\"EntryPoint\",\"urlTemplate\":\"https:\\\/\\\/www.cercledecultura.org\\\/ca\\\/?s={search_term_string}\"},\"query-input\":{\"@type\":\"PropertyValueSpecification\",\"valueRequired\":true,\"valueName\":\"search_term_string\"}}],\"inLanguage\":\"ca\"},{\"@type\":\"Organization\",\"@id\":\"https:\\\/\\\/www.cercledecultura.org\\\/ca\\\/#organization\",\"name\":\"Cercle de Cultura\",\"url\":\"https:\\\/\\\/www.cercledecultura.org\\\/ca\\\/\",\"logo\":{\"@type\":\"ImageObject\",\"inLanguage\":\"ca\",\"@id\":\"https:\\\/\\\/www.cercledecultura.org\\\/ca\\\/#\\\/schema\\\/logo\\\/image\\\/\",\"url\":\"https:\\\/\\\/www.cercledecultura.org\\\/wp-content\\\/uploads\\\/2020\\\/01\\\/logo-cercle-de-cultura.png\",\"contentUrl\":\"https:\\\/\\\/www.cercledecultura.org\\\/wp-content\\\/uploads\\\/2020\\\/01\\\/logo-cercle-de-cultura.png\",\"width\":350,\"height\":195,\"caption\":\"Cercle de Cultura\"},\"image\":{\"@id\":\"https:\\\/\\\/www.cercledecultura.org\\\/ca\\\/#\\\/schema\\\/logo\\\/image\\\/\"}},{\"@type\":\"Person\",\"@id\":\"https:\\\/\\\/www.cercledecultura.org\\\/ca\\\/#\\\/schema\\\/person\\\/269db25cfadcb4bd2e41781c819942f9\",\"name\":\"admin\",\"image\":{\"@type\":\"ImageObject\",\"inLanguage\":\"ca\",\"@id\":\"https:\\\/\\\/secure.gravatar.com\\\/avatar\\\/e88a8bb50a361c6d45c4709770a3d765016be4b5d85313447b91d0d707434ad9?s=96&d=mm&r=g\",\"url\":\"https:\\\/\\\/secure.gravatar.com\\\/avatar\\\/e88a8bb50a361c6d45c4709770a3d765016be4b5d85313447b91d0d707434ad9?s=96&d=mm&r=g\",\"contentUrl\":\"https:\\\/\\\/secure.gravatar.com\\\/avatar\\\/e88a8bb50a361c6d45c4709770a3d765016be4b5d85313447b91d0d707434ad9?s=96&d=mm&r=g\",\"caption\":\"admin\"},\"url\":\"https:\\\/\\\/www.cercledecultura.org\\\/ca\\\/author\\\/seic_trzh7tdr\\\/\"}]}<\/script>\n<!-- \/ Yoast SEO plugin. -->","yoast_head_json":{"title":"El F\u00f2rum Cultura 2020, un projecte per reivindicar la centralitat de la cultura a l'agenda institucional, social i econ\u00f2mica del pa\u00eds - Cercle de Cultura","robots":{"index":"index","follow":"follow","max-snippet":"max-snippet:-1","max-image-preview":"max-image-preview:large","max-video-preview":"max-video-preview:-1"},"canonical":"https:\/\/www.cercledecultura.org\/ca\/forum_cultura_2020_centralitat\/","og_locale":"ca_ES","og_type":"article","og_title":"El F\u00f2rum Cultura 2020, un projecte per reivindicar la centralitat de la cultura a l'agenda institucional, social i econ\u00f2mica del pa\u00eds - Cercle de Cultura","og_description":"Jordi Pardo fa un apunt sobre la preparaci\u00f3 del F\u00f2rum Cultura 2020 per a l'any vinent. F\u00f2rum que defineix com \"un proc\u00e9s de reflexi\u00f3 i debat sobre els reptes, les principals prioritats i elements de canvi en el m\u00f3n de la cultura; des de la perspectiva de les pol\u00edtiques culturals p\u00fabliques, les institucions privades, l\u2019acci\u00f3 cultural comunit\u00e0ria i el seu valor en la construcci\u00f3 de ciutadania, l\u2019activitat cultural del m\u00f3n empresarial i les organitzacions del tercer sector\".","og_url":"https:\/\/www.cercledecultura.org\/ca\/forum_cultura_2020_centralitat\/","og_site_name":"Cercle de Cultura","article_published_time":"2017-09-04T07:08:00+00:00","article_modified_time":"2021-03-07T15:44:59+00:00","og_image":[{"width":838,"height":559,"url":"https:\/\/www.cercledecultura.org\/wp-content\/uploads\/2021\/02\/Otd8hw98XU2ufWBzXitdHw.jpg","type":"image\/jpeg"}],"author":"admin","twitter_card":"summary_large_image","twitter_misc":{"Escrit per":"admin","Temps estimat de lectura":"2 minuts"},"schema":{"@context":"https:\/\/schema.org","@graph":[{"@type":"Article","@id":"https:\/\/www.cercledecultura.org\/ca\/forum_cultura_2020_centralitat\/#article","isPartOf":{"@id":"https:\/\/www.cercledecultura.org\/ca\/forum_cultura_2020_centralitat\/"},"author":{"name":"admin","@id":"https:\/\/www.cercledecultura.org\/ca\/#\/schema\/person\/269db25cfadcb4bd2e41781c819942f9"},"headline":"El F\u00f2rum Cultura 2020, un projecte per reivindicar la centralitat de la cultura a l&#8217;agenda institucional, social i econ\u00f2mica del pa\u00eds","datePublished":"2017-09-04T07:08:00+00:00","dateModified":"2021-03-07T15:44:59+00:00","mainEntityOfPage":{"@id":"https:\/\/www.cercledecultura.org\/ca\/forum_cultura_2020_centralitat\/"},"wordCount":486,"commentCount":0,"publisher":{"@id":"https:\/\/www.cercledecultura.org\/ca\/#organization"},"image":{"@id":"https:\/\/www.cercledecultura.org\/ca\/forum_cultura_2020_centralitat\/#primaryimage"},"thumbnailUrl":"https:\/\/www.cercledecultura.org\/wp-content\/uploads\/2021\/02\/Otd8hw98XU2ufWBzXitdHw.jpg","keywords":["Art","Catalunya","Cercle de Cultura","Cultura","cultura digital","debat","Economia","Educaci\u00f3","F\u00f2rum Cultura 2020","Francesc Bellmunt","institucional","internacional","Jordi Pardo","Pol\u00edtica Cultural","Segimon Borr\u00e0s","societat"],"articleSection":["Activitats"],"inLanguage":"ca","potentialAction":[{"@type":"CommentAction","name":"Comment","target":["https:\/\/www.cercledecultura.org\/ca\/forum_cultura_2020_centralitat\/#respond"]}]},{"@type":"WebPage","@id":"https:\/\/www.cercledecultura.org\/ca\/forum_cultura_2020_centralitat\/","url":"https:\/\/www.cercledecultura.org\/ca\/forum_cultura_2020_centralitat\/","name":"El F\u00f2rum Cultura 2020, un projecte per reivindicar la centralitat de la cultura a l'agenda institucional, social i econ\u00f2mica del pa\u00eds - Cercle de Cultura","isPartOf":{"@id":"https:\/\/www.cercledecultura.org\/ca\/#website"},"primaryImageOfPage":{"@id":"https:\/\/www.cercledecultura.org\/ca\/forum_cultura_2020_centralitat\/#primaryimage"},"image":{"@id":"https:\/\/www.cercledecultura.org\/ca\/forum_cultura_2020_centralitat\/#primaryimage"},"thumbnailUrl":"https:\/\/www.cercledecultura.org\/wp-content\/uploads\/2021\/02\/Otd8hw98XU2ufWBzXitdHw.jpg","datePublished":"2017-09-04T07:08:00+00:00","dateModified":"2021-03-07T15:44:59+00:00","breadcrumb":{"@id":"https:\/\/www.cercledecultura.org\/ca\/forum_cultura_2020_centralitat\/#breadcrumb"},"inLanguage":"ca","potentialAction":[{"@type":"ReadAction","target":["https:\/\/www.cercledecultura.org\/ca\/forum_cultura_2020_centralitat\/"]}]},{"@type":"ImageObject","inLanguage":"ca","@id":"https:\/\/www.cercledecultura.org\/ca\/forum_cultura_2020_centralitat\/#primaryimage","url":"https:\/\/www.cercledecultura.org\/wp-content\/uploads\/2021\/02\/Otd8hw98XU2ufWBzXitdHw.jpg","contentUrl":"https:\/\/www.cercledecultura.org\/wp-content\/uploads\/2021\/02\/Otd8hw98XU2ufWBzXitdHw.jpg","width":838,"height":559},{"@type":"BreadcrumbList","@id":"https:\/\/www.cercledecultura.org\/ca\/forum_cultura_2020_centralitat\/#breadcrumb","itemListElement":[{"@type":"ListItem","position":1,"name":"Portada","item":"https:\/\/www.cercledecultura.org\/ca\/"},{"@type":"ListItem","position":2,"name":"El F\u00f2rum Cultura 2020, un projecte per reivindicar la centralitat de la cultura a l&#8217;agenda institucional, social i econ\u00f2mica del pa\u00eds"}]},{"@type":"WebSite","@id":"https:\/\/www.cercledecultura.org\/ca\/#website","url":"https:\/\/www.cercledecultura.org\/ca\/","name":"Cercle de Cultura","description":"Entitat de car\u00e0cter privat i associatiu, independent, amb voluntat de participar en la vida p\u00fablica des de la pluralitat ideol\u00f2gica dels seus membres fundadors i futurs associats","publisher":{"@id":"https:\/\/www.cercledecultura.org\/ca\/#organization"},"potentialAction":[{"@type":"SearchAction","target":{"@type":"EntryPoint","urlTemplate":"https:\/\/www.cercledecultura.org\/ca\/?s={search_term_string}"},"query-input":{"@type":"PropertyValueSpecification","valueRequired":true,"valueName":"search_term_string"}}],"inLanguage":"ca"},{"@type":"Organization","@id":"https:\/\/www.cercledecultura.org\/ca\/#organization","name":"Cercle de Cultura","url":"https:\/\/www.cercledecultura.org\/ca\/","logo":{"@type":"ImageObject","inLanguage":"ca","@id":"https:\/\/www.cercledecultura.org\/ca\/#\/schema\/logo\/image\/","url":"https:\/\/www.cercledecultura.org\/wp-content\/uploads\/2020\/01\/logo-cercle-de-cultura.png","contentUrl":"https:\/\/www.cercledecultura.org\/wp-content\/uploads\/2020\/01\/logo-cercle-de-cultura.png","width":350,"height":195,"caption":"Cercle de Cultura"},"image":{"@id":"https:\/\/www.cercledecultura.org\/ca\/#\/schema\/logo\/image\/"}},{"@type":"Person","@id":"https:\/\/www.cercledecultura.org\/ca\/#\/schema\/person\/269db25cfadcb4bd2e41781c819942f9","name":"admin","image":{"@type":"ImageObject","inLanguage":"ca","@id":"https:\/\/secure.gravatar.com\/avatar\/e88a8bb50a361c6d45c4709770a3d765016be4b5d85313447b91d0d707434ad9?s=96&d=mm&r=g","url":"https:\/\/secure.gravatar.com\/avatar\/e88a8bb50a361c6d45c4709770a3d765016be4b5d85313447b91d0d707434ad9?s=96&d=mm&r=g","contentUrl":"https:\/\/secure.gravatar.com\/avatar\/e88a8bb50a361c6d45c4709770a3d765016be4b5d85313447b91d0d707434ad9?s=96&d=mm&r=g","caption":"admin"},"url":"https:\/\/www.cercledecultura.org\/ca\/author\/seic_trzh7tdr\/"}]}},"_links":{"self":[{"href":"https:\/\/www.cercledecultura.org\/ca\/wp-json\/wp\/v2\/posts\/791","targetHints":{"allow":["GET"]}}],"collection":[{"href":"https:\/\/www.cercledecultura.org\/ca\/wp-json\/wp\/v2\/posts"}],"about":[{"href":"https:\/\/www.cercledecultura.org\/ca\/wp-json\/wp\/v2\/types\/post"}],"author":[{"embeddable":true,"href":"https:\/\/www.cercledecultura.org\/ca\/wp-json\/wp\/v2\/users\/1"}],"replies":[{"embeddable":true,"href":"https:\/\/www.cercledecultura.org\/ca\/wp-json\/wp\/v2\/comments?post=791"}],"version-history":[{"count":1,"href":"https:\/\/www.cercledecultura.org\/ca\/wp-json\/wp\/v2\/posts\/791\/revisions"}],"predecessor-version":[{"id":1154,"href":"https:\/\/www.cercledecultura.org\/ca\/wp-json\/wp\/v2\/posts\/791\/revisions\/1154"}],"wp:featuredmedia":[{"embeddable":true,"href":"https:\/\/www.cercledecultura.org\/ca\/wp-json\/wp\/v2\/media\/792"}],"wp:attachment":[{"href":"https:\/\/www.cercledecultura.org\/ca\/wp-json\/wp\/v2\/media?parent=791"}],"wp:term":[{"taxonomy":"category","embeddable":true,"href":"https:\/\/www.cercledecultura.org\/ca\/wp-json\/wp\/v2\/categories?post=791"},{"taxonomy":"post_tag","embeddable":true,"href":"https:\/\/www.cercledecultura.org\/ca\/wp-json\/wp\/v2\/tags?post=791"}],"curies":[{"name":"wp","href":"https:\/\/api.w.org\/{rel}","templated":true}]}}