{"id":775,"date":"2017-06-01T05:41:00","date_gmt":"2017-06-01T05:41:00","guid":{"rendered":"https:\/\/pre.cercledecultura.org\/critica_cultural_xavier_marce\/"},"modified":"2021-02-23T09:39:58","modified_gmt":"2021-02-23T09:39:58","slug":"critica_cultural_xavier_marce","status":"publish","type":"post","link":"https:\/\/www.cercledecultura.org\/ca\/critica_cultural_xavier_marce\/","title":{"rendered":"Sobre l\u2019exercici de la cr\u00edtica cultural"},"content":{"rendered":"<p>De tant en tant es publiquen articles que alerten sobre el baix nivell del debat cultural a Barcelona, i es tracta d\u2019una q\u00fcesti\u00f3 rellevant sobre la qual conv\u00e9 reflexionar tranquil\u00b7lament. Si ens fixem en la quantitat i diversitat de les propostes art\u00edstiques, en la proliferaci\u00f3 de nous agents que obren i mantenen espais d\u2019activitat en tota mena d\u2019\u00e0mbits de la cultura i en la intensitat que despleguen els diversos operadors de la ciutat per cercar p\u00fablics i elaborar projectes dotats de capacitat objectiva per esdevenir socialment rellevants, el debat existeix, \u00e9s viu i t\u00e9 inter\u00e8s. Si el que volem \u00e9s un di\u00e0leg fluid entre intel\u00b7lectuals de pes, entre institucions d\u2019estructura ferma i arrelada dotades de legitimitat cultural i art\u00edstica per sobre de vel\u00b7le\u00eftats i posicionaments pol\u00edtics de conjuntura, el debat \u00e9s, posats a ser generosos, de baix nivell o simplement inexistent.  De tot plegat en sorgeix una curiosa paradoxa. A Barcelona hi ha diversitat i quantitat, per\u00f2 ens manquen els instruments propis d\u2019una massa cr\u00edtica estable i independent per destriar-ne, de tot plegat, el que genera qualitat. La qualitat, per cert, rarament \u00e9s una qualificaci\u00f3 objectiva, \u00e9s simplement la conseq\u00fc\u00e8ncia d\u2019un ordenament hegem\u00f2nic, i aquest \u00e9s el principal d\u00e8ficit del sector cultural barcelon\u00ed. Per\u00f2 tal fet no \u00e9s del tot casual, perqu\u00e8 Catalunya ha tingut en els darrers 40 anys una estranya relaci\u00f3 amb la cultura.  La cultura ha estat un territori especialment f\u00e8rtil per als practicants de la doble moral: una societat civil sense cap pudor per fer negocis amb el r\u00e8gim franquista, uns intel\u00b7lectuals sedu\u00efts pels altaveus d\u2019una institucionalitat regalada, d\u2019altres que no han volgut arriscar-s\u2019hi per no perdre els altaveus medi\u00e0tics igualment regalats i sovint uns gestors p\u00fablics atrinxerats sota les estructures d\u2019un funcionariat que mai hauria hagut d\u2019arribar a la cultura. \u00bfHi ha, doncs, debat cultural a Barcelona? \u00c9s clar que s\u00ed, i molt intens. El que no t\u00e9 \u00e9s un altaveu seri\u00f3s que li faci cr\u00f2nica sense que el cronista en vulgui escriure la hist\u00f2ria.  Barcelona no est\u00e0 mancada d\u2019inter\u00e8s cultural; el que li falta \u00e9s una intel\u00b7lectualitat realment compromesa amb la llibertat cultural.  Podeu llegir l&#8217;article \u00edntegre, publicat al diari ARA des d&#8217;aquest enlla\u00e7: http:\/\/www.ara.cat\/opinio\/Xavier-Marce-sobre-exercici-critica-cultural_0_1796820317.html  \u00a0<\/p>\n","protected":false},"excerpt":{"rendered":"<p>Xavier Marc\u00e9 reflexiona sobre el nivell de debat cultural a Barcelona i a la resta del pa\u00eds, i considera que &#8220;ens manquen els instruments propis d\u2019una massa cr\u00edtica estable i independent per destriar-ne, de tot plegat, el que genera qualitat&#8221; a nivell art\u00edstic i cultural<\/p>\n","protected":false},"author":1,"featured_media":776,"comment_status":"open","ping_status":"closed","sticky":false,"template":"","format":"standard","meta":{"footnotes":""},"categories":[24],"tags":[15,9,6,5,72,95,4,11],"class_list":["post-775","post","type-post","status-publish","format-standard","has-post-thumbnail","hentry","category-opinio","tag-art","tag-barcelona","tag-catalunya","tag-cultura","tag-debat","tag-macba","tag-politica-cultural","tag-xavier-marce"],"yoast_head":"<!-- This site is optimized with the Yoast SEO plugin v27.4 - https:\/\/yoast.com\/product\/yoast-seo-wordpress\/ -->\n<title>Sobre l\u2019exercici de la cr\u00edtica cultural - Cercle de Cultura<\/title>\n<meta name=\"robots\" content=\"index, follow, max-snippet:-1, max-image-preview:large, max-video-preview:-1\" \/>\n<link rel=\"canonical\" href=\"https:\/\/www.cercledecultura.org\/ca\/critica_cultural_xavier_marce\/\" \/>\n<meta property=\"og:locale\" content=\"ca_ES\" \/>\n<meta property=\"og:type\" content=\"article\" \/>\n<meta property=\"og:title\" content=\"Sobre l\u2019exercici de la cr\u00edtica cultural - Cercle de Cultura\" \/>\n<meta property=\"og:description\" content=\"Xavier Marc\u00e9 reflexiona sobre el nivell de debat cultural a Barcelona i a la resta del pa\u00eds, i considera que &quot;ens manquen els instruments propis d\u2019una massa cr\u00edtica estable i independent per destriar-ne, de tot plegat, el que genera qualitat&quot; a nivell art\u00edstic i cultural\" \/>\n<meta property=\"og:url\" content=\"https:\/\/www.cercledecultura.org\/ca\/critica_cultural_xavier_marce\/\" \/>\n<meta property=\"og:site_name\" content=\"Cercle de Cultura\" \/>\n<meta property=\"article:published_time\" content=\"2017-06-01T05:41:00+00:00\" \/>\n<meta property=\"article:modified_time\" content=\"2021-02-23T09:39:58+00:00\" \/>\n<meta property=\"og:image\" content=\"https:\/\/www.cercledecultura.org\/wp-content\/uploads\/2021\/02\/JN6lUu2ZLEOyIw7EJctHKA.jpg\" \/>\n\t<meta property=\"og:image:width\" content=\"600\" \/>\n\t<meta property=\"og:image:height\" content=\"400\" \/>\n\t<meta property=\"og:image:type\" content=\"image\/jpeg\" \/>\n<meta name=\"author\" content=\"admin\" \/>\n<meta name=\"twitter:card\" content=\"summary_large_image\" \/>\n<meta name=\"twitter:label1\" content=\"Escrit per\" \/>\n\t<meta name=\"twitter:data1\" content=\"admin\" \/>\n\t<meta name=\"twitter:label2\" content=\"Temps estimat de lectura\" \/>\n\t<meta name=\"twitter:data2\" content=\"2 minuts\" \/>\n<script type=\"application\/ld+json\" class=\"yoast-schema-graph\">{\"@context\":\"https:\\\/\\\/schema.org\",\"@graph\":[{\"@type\":\"Article\",\"@id\":\"https:\\\/\\\/www.cercledecultura.org\\\/ca\\\/critica_cultural_xavier_marce\\\/#article\",\"isPartOf\":{\"@id\":\"https:\\\/\\\/www.cercledecultura.org\\\/ca\\\/critica_cultural_xavier_marce\\\/\"},\"author\":{\"name\":\"admin\",\"@id\":\"https:\\\/\\\/www.cercledecultura.org\\\/ca\\\/#\\\/schema\\\/person\\\/269db25cfadcb4bd2e41781c819942f9\"},\"headline\":\"Sobre l\u2019exercici de la cr\u00edtica cultural\",\"datePublished\":\"2017-06-01T05:41:00+00:00\",\"dateModified\":\"2021-02-23T09:39:58+00:00\",\"mainEntityOfPage\":{\"@id\":\"https:\\\/\\\/www.cercledecultura.org\\\/ca\\\/critica_cultural_xavier_marce\\\/\"},\"wordCount\":414,\"commentCount\":0,\"publisher\":{\"@id\":\"https:\\\/\\\/www.cercledecultura.org\\\/ca\\\/#organization\"},\"image\":{\"@id\":\"https:\\\/\\\/www.cercledecultura.org\\\/ca\\\/critica_cultural_xavier_marce\\\/#primaryimage\"},\"thumbnailUrl\":\"https:\\\/\\\/www.cercledecultura.org\\\/wp-content\\\/uploads\\\/2021\\\/02\\\/JN6lUu2ZLEOyIw7EJctHKA.jpg\",\"keywords\":[\"Art\",\"Barcelona\",\"Catalunya\",\"Cultura\",\"debat\",\"Macba\",\"Pol\u00edtica Cultural\",\"Xavier Marc\u00e9\"],\"articleSection\":[\"Opini\u00f3\"],\"inLanguage\":\"ca\",\"potentialAction\":[{\"@type\":\"CommentAction\",\"name\":\"Comment\",\"target\":[\"https:\\\/\\\/www.cercledecultura.org\\\/ca\\\/critica_cultural_xavier_marce\\\/#respond\"]}]},{\"@type\":\"WebPage\",\"@id\":\"https:\\\/\\\/www.cercledecultura.org\\\/ca\\\/critica_cultural_xavier_marce\\\/\",\"url\":\"https:\\\/\\\/www.cercledecultura.org\\\/ca\\\/critica_cultural_xavier_marce\\\/\",\"name\":\"Sobre l\u2019exercici de la cr\u00edtica cultural - Cercle de Cultura\",\"isPartOf\":{\"@id\":\"https:\\\/\\\/www.cercledecultura.org\\\/ca\\\/#website\"},\"primaryImageOfPage\":{\"@id\":\"https:\\\/\\\/www.cercledecultura.org\\\/ca\\\/critica_cultural_xavier_marce\\\/#primaryimage\"},\"image\":{\"@id\":\"https:\\\/\\\/www.cercledecultura.org\\\/ca\\\/critica_cultural_xavier_marce\\\/#primaryimage\"},\"thumbnailUrl\":\"https:\\\/\\\/www.cercledecultura.org\\\/wp-content\\\/uploads\\\/2021\\\/02\\\/JN6lUu2ZLEOyIw7EJctHKA.jpg\",\"datePublished\":\"2017-06-01T05:41:00+00:00\",\"dateModified\":\"2021-02-23T09:39:58+00:00\",\"breadcrumb\":{\"@id\":\"https:\\\/\\\/www.cercledecultura.org\\\/ca\\\/critica_cultural_xavier_marce\\\/#breadcrumb\"},\"inLanguage\":\"ca\",\"potentialAction\":[{\"@type\":\"ReadAction\",\"target\":[\"https:\\\/\\\/www.cercledecultura.org\\\/ca\\\/critica_cultural_xavier_marce\\\/\"]}]},{\"@type\":\"ImageObject\",\"inLanguage\":\"ca\",\"@id\":\"https:\\\/\\\/www.cercledecultura.org\\\/ca\\\/critica_cultural_xavier_marce\\\/#primaryimage\",\"url\":\"https:\\\/\\\/www.cercledecultura.org\\\/wp-content\\\/uploads\\\/2021\\\/02\\\/JN6lUu2ZLEOyIw7EJctHKA.jpg\",\"contentUrl\":\"https:\\\/\\\/www.cercledecultura.org\\\/wp-content\\\/uploads\\\/2021\\\/02\\\/JN6lUu2ZLEOyIw7EJctHKA.jpg\",\"width\":600,\"height\":400},{\"@type\":\"BreadcrumbList\",\"@id\":\"https:\\\/\\\/www.cercledecultura.org\\\/ca\\\/critica_cultural_xavier_marce\\\/#breadcrumb\",\"itemListElement\":[{\"@type\":\"ListItem\",\"position\":1,\"name\":\"Portada\",\"item\":\"https:\\\/\\\/www.cercledecultura.org\\\/ca\\\/\"},{\"@type\":\"ListItem\",\"position\":2,\"name\":\"Sobre l\u2019exercici de la cr\u00edtica cultural\"}]},{\"@type\":\"WebSite\",\"@id\":\"https:\\\/\\\/www.cercledecultura.org\\\/ca\\\/#website\",\"url\":\"https:\\\/\\\/www.cercledecultura.org\\\/ca\\\/\",\"name\":\"Cercle de Cultura\",\"description\":\"Entitat de car\u00e0cter privat i associatiu, independent, amb voluntat de participar en la vida p\u00fablica des de la pluralitat ideol\u00f2gica dels seus membres fundadors i futurs associats\",\"publisher\":{\"@id\":\"https:\\\/\\\/www.cercledecultura.org\\\/ca\\\/#organization\"},\"potentialAction\":[{\"@type\":\"SearchAction\",\"target\":{\"@type\":\"EntryPoint\",\"urlTemplate\":\"https:\\\/\\\/www.cercledecultura.org\\\/ca\\\/?s={search_term_string}\"},\"query-input\":{\"@type\":\"PropertyValueSpecification\",\"valueRequired\":true,\"valueName\":\"search_term_string\"}}],\"inLanguage\":\"ca\"},{\"@type\":\"Organization\",\"@id\":\"https:\\\/\\\/www.cercledecultura.org\\\/ca\\\/#organization\",\"name\":\"Cercle de Cultura\",\"url\":\"https:\\\/\\\/www.cercledecultura.org\\\/ca\\\/\",\"logo\":{\"@type\":\"ImageObject\",\"inLanguage\":\"ca\",\"@id\":\"https:\\\/\\\/www.cercledecultura.org\\\/ca\\\/#\\\/schema\\\/logo\\\/image\\\/\",\"url\":\"https:\\\/\\\/www.cercledecultura.org\\\/wp-content\\\/uploads\\\/2020\\\/01\\\/logo-cercle-de-cultura.png\",\"contentUrl\":\"https:\\\/\\\/www.cercledecultura.org\\\/wp-content\\\/uploads\\\/2020\\\/01\\\/logo-cercle-de-cultura.png\",\"width\":350,\"height\":195,\"caption\":\"Cercle de Cultura\"},\"image\":{\"@id\":\"https:\\\/\\\/www.cercledecultura.org\\\/ca\\\/#\\\/schema\\\/logo\\\/image\\\/\"}},{\"@type\":\"Person\",\"@id\":\"https:\\\/\\\/www.cercledecultura.org\\\/ca\\\/#\\\/schema\\\/person\\\/269db25cfadcb4bd2e41781c819942f9\",\"name\":\"admin\",\"image\":{\"@type\":\"ImageObject\",\"inLanguage\":\"ca\",\"@id\":\"https:\\\/\\\/secure.gravatar.com\\\/avatar\\\/e88a8bb50a361c6d45c4709770a3d765016be4b5d85313447b91d0d707434ad9?s=96&d=mm&r=g\",\"url\":\"https:\\\/\\\/secure.gravatar.com\\\/avatar\\\/e88a8bb50a361c6d45c4709770a3d765016be4b5d85313447b91d0d707434ad9?s=96&d=mm&r=g\",\"contentUrl\":\"https:\\\/\\\/secure.gravatar.com\\\/avatar\\\/e88a8bb50a361c6d45c4709770a3d765016be4b5d85313447b91d0d707434ad9?s=96&d=mm&r=g\",\"caption\":\"admin\"},\"url\":\"https:\\\/\\\/www.cercledecultura.org\\\/ca\\\/author\\\/seic_trzh7tdr\\\/\"}]}<\/script>\n<!-- \/ Yoast SEO plugin. -->","yoast_head_json":{"title":"Sobre l\u2019exercici de la cr\u00edtica cultural - Cercle de Cultura","robots":{"index":"index","follow":"follow","max-snippet":"max-snippet:-1","max-image-preview":"max-image-preview:large","max-video-preview":"max-video-preview:-1"},"canonical":"https:\/\/www.cercledecultura.org\/ca\/critica_cultural_xavier_marce\/","og_locale":"ca_ES","og_type":"article","og_title":"Sobre l\u2019exercici de la cr\u00edtica cultural - Cercle de Cultura","og_description":"Xavier Marc\u00e9 reflexiona sobre el nivell de debat cultural a Barcelona i a la resta del pa\u00eds, i considera que \"ens manquen els instruments propis d\u2019una massa cr\u00edtica estable i independent per destriar-ne, de tot plegat, el que genera qualitat\" a nivell art\u00edstic i cultural","og_url":"https:\/\/www.cercledecultura.org\/ca\/critica_cultural_xavier_marce\/","og_site_name":"Cercle de Cultura","article_published_time":"2017-06-01T05:41:00+00:00","article_modified_time":"2021-02-23T09:39:58+00:00","og_image":[{"width":600,"height":400,"url":"https:\/\/www.cercledecultura.org\/wp-content\/uploads\/2021\/02\/JN6lUu2ZLEOyIw7EJctHKA.jpg","type":"image\/jpeg"}],"author":"admin","twitter_card":"summary_large_image","twitter_misc":{"Escrit per":"admin","Temps estimat de lectura":"2 minuts"},"schema":{"@context":"https:\/\/schema.org","@graph":[{"@type":"Article","@id":"https:\/\/www.cercledecultura.org\/ca\/critica_cultural_xavier_marce\/#article","isPartOf":{"@id":"https:\/\/www.cercledecultura.org\/ca\/critica_cultural_xavier_marce\/"},"author":{"name":"admin","@id":"https:\/\/www.cercledecultura.org\/ca\/#\/schema\/person\/269db25cfadcb4bd2e41781c819942f9"},"headline":"Sobre l\u2019exercici de la cr\u00edtica cultural","datePublished":"2017-06-01T05:41:00+00:00","dateModified":"2021-02-23T09:39:58+00:00","mainEntityOfPage":{"@id":"https:\/\/www.cercledecultura.org\/ca\/critica_cultural_xavier_marce\/"},"wordCount":414,"commentCount":0,"publisher":{"@id":"https:\/\/www.cercledecultura.org\/ca\/#organization"},"image":{"@id":"https:\/\/www.cercledecultura.org\/ca\/critica_cultural_xavier_marce\/#primaryimage"},"thumbnailUrl":"https:\/\/www.cercledecultura.org\/wp-content\/uploads\/2021\/02\/JN6lUu2ZLEOyIw7EJctHKA.jpg","keywords":["Art","Barcelona","Catalunya","Cultura","debat","Macba","Pol\u00edtica Cultural","Xavier Marc\u00e9"],"articleSection":["Opini\u00f3"],"inLanguage":"ca","potentialAction":[{"@type":"CommentAction","name":"Comment","target":["https:\/\/www.cercledecultura.org\/ca\/critica_cultural_xavier_marce\/#respond"]}]},{"@type":"WebPage","@id":"https:\/\/www.cercledecultura.org\/ca\/critica_cultural_xavier_marce\/","url":"https:\/\/www.cercledecultura.org\/ca\/critica_cultural_xavier_marce\/","name":"Sobre l\u2019exercici de la cr\u00edtica cultural - Cercle de Cultura","isPartOf":{"@id":"https:\/\/www.cercledecultura.org\/ca\/#website"},"primaryImageOfPage":{"@id":"https:\/\/www.cercledecultura.org\/ca\/critica_cultural_xavier_marce\/#primaryimage"},"image":{"@id":"https:\/\/www.cercledecultura.org\/ca\/critica_cultural_xavier_marce\/#primaryimage"},"thumbnailUrl":"https:\/\/www.cercledecultura.org\/wp-content\/uploads\/2021\/02\/JN6lUu2ZLEOyIw7EJctHKA.jpg","datePublished":"2017-06-01T05:41:00+00:00","dateModified":"2021-02-23T09:39:58+00:00","breadcrumb":{"@id":"https:\/\/www.cercledecultura.org\/ca\/critica_cultural_xavier_marce\/#breadcrumb"},"inLanguage":"ca","potentialAction":[{"@type":"ReadAction","target":["https:\/\/www.cercledecultura.org\/ca\/critica_cultural_xavier_marce\/"]}]},{"@type":"ImageObject","inLanguage":"ca","@id":"https:\/\/www.cercledecultura.org\/ca\/critica_cultural_xavier_marce\/#primaryimage","url":"https:\/\/www.cercledecultura.org\/wp-content\/uploads\/2021\/02\/JN6lUu2ZLEOyIw7EJctHKA.jpg","contentUrl":"https:\/\/www.cercledecultura.org\/wp-content\/uploads\/2021\/02\/JN6lUu2ZLEOyIw7EJctHKA.jpg","width":600,"height":400},{"@type":"BreadcrumbList","@id":"https:\/\/www.cercledecultura.org\/ca\/critica_cultural_xavier_marce\/#breadcrumb","itemListElement":[{"@type":"ListItem","position":1,"name":"Portada","item":"https:\/\/www.cercledecultura.org\/ca\/"},{"@type":"ListItem","position":2,"name":"Sobre l\u2019exercici de la cr\u00edtica cultural"}]},{"@type":"WebSite","@id":"https:\/\/www.cercledecultura.org\/ca\/#website","url":"https:\/\/www.cercledecultura.org\/ca\/","name":"Cercle de Cultura","description":"Entitat de car\u00e0cter privat i associatiu, independent, amb voluntat de participar en la vida p\u00fablica des de la pluralitat ideol\u00f2gica dels seus membres fundadors i futurs associats","publisher":{"@id":"https:\/\/www.cercledecultura.org\/ca\/#organization"},"potentialAction":[{"@type":"SearchAction","target":{"@type":"EntryPoint","urlTemplate":"https:\/\/www.cercledecultura.org\/ca\/?s={search_term_string}"},"query-input":{"@type":"PropertyValueSpecification","valueRequired":true,"valueName":"search_term_string"}}],"inLanguage":"ca"},{"@type":"Organization","@id":"https:\/\/www.cercledecultura.org\/ca\/#organization","name":"Cercle de Cultura","url":"https:\/\/www.cercledecultura.org\/ca\/","logo":{"@type":"ImageObject","inLanguage":"ca","@id":"https:\/\/www.cercledecultura.org\/ca\/#\/schema\/logo\/image\/","url":"https:\/\/www.cercledecultura.org\/wp-content\/uploads\/2020\/01\/logo-cercle-de-cultura.png","contentUrl":"https:\/\/www.cercledecultura.org\/wp-content\/uploads\/2020\/01\/logo-cercle-de-cultura.png","width":350,"height":195,"caption":"Cercle de Cultura"},"image":{"@id":"https:\/\/www.cercledecultura.org\/ca\/#\/schema\/logo\/image\/"}},{"@type":"Person","@id":"https:\/\/www.cercledecultura.org\/ca\/#\/schema\/person\/269db25cfadcb4bd2e41781c819942f9","name":"admin","image":{"@type":"ImageObject","inLanguage":"ca","@id":"https:\/\/secure.gravatar.com\/avatar\/e88a8bb50a361c6d45c4709770a3d765016be4b5d85313447b91d0d707434ad9?s=96&d=mm&r=g","url":"https:\/\/secure.gravatar.com\/avatar\/e88a8bb50a361c6d45c4709770a3d765016be4b5d85313447b91d0d707434ad9?s=96&d=mm&r=g","contentUrl":"https:\/\/secure.gravatar.com\/avatar\/e88a8bb50a361c6d45c4709770a3d765016be4b5d85313447b91d0d707434ad9?s=96&d=mm&r=g","caption":"admin"},"url":"https:\/\/www.cercledecultura.org\/ca\/author\/seic_trzh7tdr\/"}]}},"_links":{"self":[{"href":"https:\/\/www.cercledecultura.org\/ca\/wp-json\/wp\/v2\/posts\/775","targetHints":{"allow":["GET"]}}],"collection":[{"href":"https:\/\/www.cercledecultura.org\/ca\/wp-json\/wp\/v2\/posts"}],"about":[{"href":"https:\/\/www.cercledecultura.org\/ca\/wp-json\/wp\/v2\/types\/post"}],"author":[{"embeddable":true,"href":"https:\/\/www.cercledecultura.org\/ca\/wp-json\/wp\/v2\/users\/1"}],"replies":[{"embeddable":true,"href":"https:\/\/www.cercledecultura.org\/ca\/wp-json\/wp\/v2\/comments?post=775"}],"version-history":[{"count":1,"href":"https:\/\/www.cercledecultura.org\/ca\/wp-json\/wp\/v2\/posts\/775\/revisions"}],"predecessor-version":[{"id":1146,"href":"https:\/\/www.cercledecultura.org\/ca\/wp-json\/wp\/v2\/posts\/775\/revisions\/1146"}],"wp:featuredmedia":[{"embeddable":true,"href":"https:\/\/www.cercledecultura.org\/ca\/wp-json\/wp\/v2\/media\/776"}],"wp:attachment":[{"href":"https:\/\/www.cercledecultura.org\/ca\/wp-json\/wp\/v2\/media?parent=775"}],"wp:term":[{"taxonomy":"category","embeddable":true,"href":"https:\/\/www.cercledecultura.org\/ca\/wp-json\/wp\/v2\/categories?post=775"},{"taxonomy":"post_tag","embeddable":true,"href":"https:\/\/www.cercledecultura.org\/ca\/wp-json\/wp\/v2\/tags?post=775"}],"curies":[{"name":"wp","href":"https:\/\/api.w.org\/{rel}","templated":true}]}}