{"id":773,"date":"2017-05-09T09:29:00","date_gmt":"2017-05-09T09:29:00","guid":{"rendered":"https:\/\/pre.cercledecultura.org\/teatre_cultura_barcelona\/"},"modified":"2021-02-23T09:37:42","modified_gmt":"2021-02-23T09:37:42","slug":"teatre_cultura_barcelona","status":"publish","type":"post","link":"https:\/\/www.cercledecultura.org\/ca\/teatre_cultura_barcelona\/","title":{"rendered":"Els teatres com a infraestructura cultural estrat\u00e8gica per a les ciutats"},"content":{"rendered":"<p>A l&#8217;article &#8220;Sense teatre no som res&#8221;, el professor universitari i periodista cultural Toni Vall fa una emotiva i argumentada defensa de la xarxa de teatres de Barcelona com a infraestructura b\u00e0sica de la ciutat. Vall afirma que amb aquesta xarxa &#8220;Barcelona resisteix l\u2019envestida dels temps foscos, del menyspreu creixent per la cultura, el pensament i la civilitzaci\u00f3. Els teatres en si mateixos, m\u00e9s enll\u00e0 de la programaci\u00f3 que s\u2019hi faci, de si l\u2019espectacle en q\u00fcesti\u00f3 et torna boig o t\u2019avorreix a morir fan gran una ciutat, millor, m\u00e9s bona i m\u00e9s bonica, m\u00e9s oberta, c\u00e0lida, acollidora i llesta. Tot aix\u00f2 Barcelona ho necessita, i molt. Cada vegada m\u00e9s&#8221;.  L&#8217;article fa un rep\u00e0s vivencial dels teatres de Barcelona, des del TNC i el Lliure a d&#8217;altres de petit format com l&#8217;Almeria, la sala Hiroshima o la Flyhard, destacant de tots ells les experi\u00e8ncies sensorials de tota mena que envolten l&#8217;acte social i cultural d&#8217;anar al teatre.  Pel que fa a les novetats d&#8217;aquesta xarxa teatral, Toni Vall qualifica l&#8217;obertura de la nova sala Beckett de &#8220;not\u00edcia excel\u00b7lent&#8221; i que &#8220;Aquesta hauria de ser, en una ciutat amb cara i ulls, una pr\u00e0ctica no s\u00e9 si habitual per\u00f2 s\u00ed completament l\u00f2gica&#8221;. Una pr\u00e0ctica en la que aposta que s&#8217;hauria estendre a les sales de cinema, davant la necessitat de &#8220;protegir infraestructures culturals, impedir que desapareguin, reconvertir-les, explotar-les de manera diferent amb imaginaci\u00f3 i talent&#8221;.  Podeu llegir \u00edntegre aquest article des d&#8217;aquest enlla\u00e7: http:\/\/www.naciodigital.cat\/noticia\/130432\/sense\/teatres\/no\/som\/res<\/p>\n","protected":false},"excerpt":{"rendered":"<p>El professor i periodista cultural Toni Vall defensa que la xarxa de teatres de Barcelona \u00e9s una pe\u00e7a clau per tenir &#8220;gran una ciutat, m\u00e9s oberta, c\u00e0lida, acollidora i llesta&#8221;, i aposta per la protecci\u00f3 i reconversi\u00f3 de les infraestructures culturals en perill, siguin sales de teatre o de cinema.<\/p>\n","protected":false},"author":1,"featured_media":774,"comment_status":"open","ping_status":"closed","sticky":false,"template":"","format":"standard","meta":{"footnotes":""},"categories":[24],"tags":[9,22,5,209,347],"class_list":["post-773","post","type-post","status-publish","format-standard","has-post-thumbnail","hentry","category-opinio","tag-barcelona","tag-cinema","tag-cultura","tag-teatre","tag-toni-vall"],"yoast_head":"<!-- This site is optimized with the Yoast SEO plugin v27.5 - https:\/\/yoast.com\/product\/yoast-seo-wordpress\/ -->\n<title>Els teatres com a infraestructura cultural estrat\u00e8gica per a les ciutats - Cercle de Cultura<\/title>\n<meta name=\"robots\" content=\"index, follow, max-snippet:-1, max-image-preview:large, max-video-preview:-1\" \/>\n<link rel=\"canonical\" href=\"https:\/\/www.cercledecultura.org\/ca\/teatre_cultura_barcelona\/\" \/>\n<meta property=\"og:locale\" content=\"ca_ES\" \/>\n<meta property=\"og:type\" content=\"article\" \/>\n<meta property=\"og:title\" content=\"Els teatres com a infraestructura cultural estrat\u00e8gica per a les ciutats - Cercle de Cultura\" \/>\n<meta property=\"og:description\" content=\"El professor i periodista cultural Toni Vall defensa que la xarxa de teatres de Barcelona \u00e9s una pe\u00e7a clau per tenir &quot;gran una ciutat, m\u00e9s oberta, c\u00e0lida, acollidora i llesta&quot;, i aposta per la protecci\u00f3 i reconversi\u00f3 de les infraestructures culturals en perill, siguin sales de teatre o de cinema.\" \/>\n<meta property=\"og:url\" content=\"https:\/\/www.cercledecultura.org\/ca\/teatre_cultura_barcelona\/\" \/>\n<meta property=\"og:site_name\" content=\"Cercle de Cultura\" \/>\n<meta property=\"article:published_time\" content=\"2017-05-09T09:29:00+00:00\" \/>\n<meta property=\"article:modified_time\" content=\"2021-02-23T09:37:42+00:00\" \/>\n<meta property=\"og:image\" content=\"https:\/\/www.cercledecultura.org\/wp-content\/uploads\/2021\/02\/ZOOoe2QGUK5XNObqU9srA.jpg\" \/>\n\t<meta property=\"og:image:width\" content=\"1013\" \/>\n\t<meta property=\"og:image:height\" content=\"675\" \/>\n\t<meta property=\"og:image:type\" content=\"image\/jpeg\" \/>\n<meta name=\"author\" content=\"admin\" \/>\n<meta name=\"twitter:card\" content=\"summary_large_image\" \/>\n<meta name=\"twitter:label1\" content=\"Escrit per\" \/>\n\t<meta name=\"twitter:data1\" content=\"admin\" \/>\n\t<meta name=\"twitter:label2\" content=\"Temps estimat de lectura\" \/>\n\t<meta name=\"twitter:data2\" content=\"1 minut\" \/>\n<script type=\"application\/ld+json\" class=\"yoast-schema-graph\">{\"@context\":\"https:\\\/\\\/schema.org\",\"@graph\":[{\"@type\":\"Article\",\"@id\":\"https:\\\/\\\/www.cercledecultura.org\\\/ca\\\/teatre_cultura_barcelona\\\/#article\",\"isPartOf\":{\"@id\":\"https:\\\/\\\/www.cercledecultura.org\\\/ca\\\/teatre_cultura_barcelona\\\/\"},\"author\":{\"name\":\"admin\",\"@id\":\"https:\\\/\\\/www.cercledecultura.org\\\/ca\\\/#\\\/schema\\\/person\\\/269db25cfadcb4bd2e41781c819942f9\"},\"headline\":\"Els teatres com a infraestructura cultural estrat\u00e8gica per a les ciutats\",\"datePublished\":\"2017-05-09T09:29:00+00:00\",\"dateModified\":\"2021-02-23T09:37:42+00:00\",\"mainEntityOfPage\":{\"@id\":\"https:\\\/\\\/www.cercledecultura.org\\\/ca\\\/teatre_cultura_barcelona\\\/\"},\"wordCount\":292,\"commentCount\":0,\"publisher\":{\"@id\":\"https:\\\/\\\/www.cercledecultura.org\\\/ca\\\/#organization\"},\"image\":{\"@id\":\"https:\\\/\\\/www.cercledecultura.org\\\/ca\\\/teatre_cultura_barcelona\\\/#primaryimage\"},\"thumbnailUrl\":\"https:\\\/\\\/www.cercledecultura.org\\\/wp-content\\\/uploads\\\/2021\\\/02\\\/ZOOoe2QGUK5XNObqU9srA.jpg\",\"keywords\":[\"Barcelona\",\"Cinema\",\"Cultura\",\"teatre\",\"Toni Vall\"],\"articleSection\":[\"Opini\u00f3\"],\"inLanguage\":\"ca\",\"potentialAction\":[{\"@type\":\"CommentAction\",\"name\":\"Comment\",\"target\":[\"https:\\\/\\\/www.cercledecultura.org\\\/ca\\\/teatre_cultura_barcelona\\\/#respond\"]}]},{\"@type\":\"WebPage\",\"@id\":\"https:\\\/\\\/www.cercledecultura.org\\\/ca\\\/teatre_cultura_barcelona\\\/\",\"url\":\"https:\\\/\\\/www.cercledecultura.org\\\/ca\\\/teatre_cultura_barcelona\\\/\",\"name\":\"Els teatres com a infraestructura cultural estrat\u00e8gica per a les ciutats - Cercle de Cultura\",\"isPartOf\":{\"@id\":\"https:\\\/\\\/www.cercledecultura.org\\\/ca\\\/#website\"},\"primaryImageOfPage\":{\"@id\":\"https:\\\/\\\/www.cercledecultura.org\\\/ca\\\/teatre_cultura_barcelona\\\/#primaryimage\"},\"image\":{\"@id\":\"https:\\\/\\\/www.cercledecultura.org\\\/ca\\\/teatre_cultura_barcelona\\\/#primaryimage\"},\"thumbnailUrl\":\"https:\\\/\\\/www.cercledecultura.org\\\/wp-content\\\/uploads\\\/2021\\\/02\\\/ZOOoe2QGUK5XNObqU9srA.jpg\",\"datePublished\":\"2017-05-09T09:29:00+00:00\",\"dateModified\":\"2021-02-23T09:37:42+00:00\",\"breadcrumb\":{\"@id\":\"https:\\\/\\\/www.cercledecultura.org\\\/ca\\\/teatre_cultura_barcelona\\\/#breadcrumb\"},\"inLanguage\":\"ca\",\"potentialAction\":[{\"@type\":\"ReadAction\",\"target\":[\"https:\\\/\\\/www.cercledecultura.org\\\/ca\\\/teatre_cultura_barcelona\\\/\"]}]},{\"@type\":\"ImageObject\",\"inLanguage\":\"ca\",\"@id\":\"https:\\\/\\\/www.cercledecultura.org\\\/ca\\\/teatre_cultura_barcelona\\\/#primaryimage\",\"url\":\"https:\\\/\\\/www.cercledecultura.org\\\/wp-content\\\/uploads\\\/2021\\\/02\\\/ZOOoe2QGUK5XNObqU9srA.jpg\",\"contentUrl\":\"https:\\\/\\\/www.cercledecultura.org\\\/wp-content\\\/uploads\\\/2021\\\/02\\\/ZOOoe2QGUK5XNObqU9srA.jpg\",\"width\":1013,\"height\":675},{\"@type\":\"BreadcrumbList\",\"@id\":\"https:\\\/\\\/www.cercledecultura.org\\\/ca\\\/teatre_cultura_barcelona\\\/#breadcrumb\",\"itemListElement\":[{\"@type\":\"ListItem\",\"position\":1,\"name\":\"Portada\",\"item\":\"https:\\\/\\\/www.cercledecultura.org\\\/ca\\\/\"},{\"@type\":\"ListItem\",\"position\":2,\"name\":\"Els teatres com a infraestructura cultural estrat\u00e8gica per a les ciutats\"}]},{\"@type\":\"WebSite\",\"@id\":\"https:\\\/\\\/www.cercledecultura.org\\\/ca\\\/#website\",\"url\":\"https:\\\/\\\/www.cercledecultura.org\\\/ca\\\/\",\"name\":\"Cercle de Cultura\",\"description\":\"Entitat de car\u00e0cter privat i associatiu, independent, amb voluntat de participar en la vida p\u00fablica des de la pluralitat ideol\u00f2gica dels seus membres fundadors i futurs associats\",\"publisher\":{\"@id\":\"https:\\\/\\\/www.cercledecultura.org\\\/ca\\\/#organization\"},\"potentialAction\":[{\"@type\":\"SearchAction\",\"target\":{\"@type\":\"EntryPoint\",\"urlTemplate\":\"https:\\\/\\\/www.cercledecultura.org\\\/ca\\\/?s={search_term_string}\"},\"query-input\":{\"@type\":\"PropertyValueSpecification\",\"valueRequired\":true,\"valueName\":\"search_term_string\"}}],\"inLanguage\":\"ca\"},{\"@type\":\"Organization\",\"@id\":\"https:\\\/\\\/www.cercledecultura.org\\\/ca\\\/#organization\",\"name\":\"Cercle de Cultura\",\"url\":\"https:\\\/\\\/www.cercledecultura.org\\\/ca\\\/\",\"logo\":{\"@type\":\"ImageObject\",\"inLanguage\":\"ca\",\"@id\":\"https:\\\/\\\/www.cercledecultura.org\\\/ca\\\/#\\\/schema\\\/logo\\\/image\\\/\",\"url\":\"https:\\\/\\\/www.cercledecultura.org\\\/wp-content\\\/uploads\\\/2020\\\/01\\\/logo-cercle-de-cultura.png\",\"contentUrl\":\"https:\\\/\\\/www.cercledecultura.org\\\/wp-content\\\/uploads\\\/2020\\\/01\\\/logo-cercle-de-cultura.png\",\"width\":350,\"height\":195,\"caption\":\"Cercle de Cultura\"},\"image\":{\"@id\":\"https:\\\/\\\/www.cercledecultura.org\\\/ca\\\/#\\\/schema\\\/logo\\\/image\\\/\"}},{\"@type\":\"Person\",\"@id\":\"https:\\\/\\\/www.cercledecultura.org\\\/ca\\\/#\\\/schema\\\/person\\\/269db25cfadcb4bd2e41781c819942f9\",\"name\":\"admin\",\"image\":{\"@type\":\"ImageObject\",\"inLanguage\":\"ca\",\"@id\":\"https:\\\/\\\/secure.gravatar.com\\\/avatar\\\/e88a8bb50a361c6d45c4709770a3d765016be4b5d85313447b91d0d707434ad9?s=96&d=mm&r=g\",\"url\":\"https:\\\/\\\/secure.gravatar.com\\\/avatar\\\/e88a8bb50a361c6d45c4709770a3d765016be4b5d85313447b91d0d707434ad9?s=96&d=mm&r=g\",\"contentUrl\":\"https:\\\/\\\/secure.gravatar.com\\\/avatar\\\/e88a8bb50a361c6d45c4709770a3d765016be4b5d85313447b91d0d707434ad9?s=96&d=mm&r=g\",\"caption\":\"admin\"},\"url\":\"https:\\\/\\\/www.cercledecultura.org\\\/ca\\\/author\\\/seic_trzh7tdr\\\/\"}]}<\/script>\n<!-- \/ Yoast SEO plugin. -->","yoast_head_json":{"title":"Els teatres com a infraestructura cultural estrat\u00e8gica per a les ciutats - Cercle de Cultura","robots":{"index":"index","follow":"follow","max-snippet":"max-snippet:-1","max-image-preview":"max-image-preview:large","max-video-preview":"max-video-preview:-1"},"canonical":"https:\/\/www.cercledecultura.org\/ca\/teatre_cultura_barcelona\/","og_locale":"ca_ES","og_type":"article","og_title":"Els teatres com a infraestructura cultural estrat\u00e8gica per a les ciutats - Cercle de Cultura","og_description":"El professor i periodista cultural Toni Vall defensa que la xarxa de teatres de Barcelona \u00e9s una pe\u00e7a clau per tenir \"gran una ciutat, m\u00e9s oberta, c\u00e0lida, acollidora i llesta\", i aposta per la protecci\u00f3 i reconversi\u00f3 de les infraestructures culturals en perill, siguin sales de teatre o de cinema.","og_url":"https:\/\/www.cercledecultura.org\/ca\/teatre_cultura_barcelona\/","og_site_name":"Cercle de Cultura","article_published_time":"2017-05-09T09:29:00+00:00","article_modified_time":"2021-02-23T09:37:42+00:00","og_image":[{"width":1013,"height":675,"url":"https:\/\/www.cercledecultura.org\/wp-content\/uploads\/2021\/02\/ZOOoe2QGUK5XNObqU9srA.jpg","type":"image\/jpeg"}],"author":"admin","twitter_card":"summary_large_image","twitter_misc":{"Escrit per":"admin","Temps estimat de lectura":"1 minut"},"schema":{"@context":"https:\/\/schema.org","@graph":[{"@type":"Article","@id":"https:\/\/www.cercledecultura.org\/ca\/teatre_cultura_barcelona\/#article","isPartOf":{"@id":"https:\/\/www.cercledecultura.org\/ca\/teatre_cultura_barcelona\/"},"author":{"name":"admin","@id":"https:\/\/www.cercledecultura.org\/ca\/#\/schema\/person\/269db25cfadcb4bd2e41781c819942f9"},"headline":"Els teatres com a infraestructura cultural estrat\u00e8gica per a les ciutats","datePublished":"2017-05-09T09:29:00+00:00","dateModified":"2021-02-23T09:37:42+00:00","mainEntityOfPage":{"@id":"https:\/\/www.cercledecultura.org\/ca\/teatre_cultura_barcelona\/"},"wordCount":292,"commentCount":0,"publisher":{"@id":"https:\/\/www.cercledecultura.org\/ca\/#organization"},"image":{"@id":"https:\/\/www.cercledecultura.org\/ca\/teatre_cultura_barcelona\/#primaryimage"},"thumbnailUrl":"https:\/\/www.cercledecultura.org\/wp-content\/uploads\/2021\/02\/ZOOoe2QGUK5XNObqU9srA.jpg","keywords":["Barcelona","Cinema","Cultura","teatre","Toni Vall"],"articleSection":["Opini\u00f3"],"inLanguage":"ca","potentialAction":[{"@type":"CommentAction","name":"Comment","target":["https:\/\/www.cercledecultura.org\/ca\/teatre_cultura_barcelona\/#respond"]}]},{"@type":"WebPage","@id":"https:\/\/www.cercledecultura.org\/ca\/teatre_cultura_barcelona\/","url":"https:\/\/www.cercledecultura.org\/ca\/teatre_cultura_barcelona\/","name":"Els teatres com a infraestructura cultural estrat\u00e8gica per a les ciutats - Cercle de Cultura","isPartOf":{"@id":"https:\/\/www.cercledecultura.org\/ca\/#website"},"primaryImageOfPage":{"@id":"https:\/\/www.cercledecultura.org\/ca\/teatre_cultura_barcelona\/#primaryimage"},"image":{"@id":"https:\/\/www.cercledecultura.org\/ca\/teatre_cultura_barcelona\/#primaryimage"},"thumbnailUrl":"https:\/\/www.cercledecultura.org\/wp-content\/uploads\/2021\/02\/ZOOoe2QGUK5XNObqU9srA.jpg","datePublished":"2017-05-09T09:29:00+00:00","dateModified":"2021-02-23T09:37:42+00:00","breadcrumb":{"@id":"https:\/\/www.cercledecultura.org\/ca\/teatre_cultura_barcelona\/#breadcrumb"},"inLanguage":"ca","potentialAction":[{"@type":"ReadAction","target":["https:\/\/www.cercledecultura.org\/ca\/teatre_cultura_barcelona\/"]}]},{"@type":"ImageObject","inLanguage":"ca","@id":"https:\/\/www.cercledecultura.org\/ca\/teatre_cultura_barcelona\/#primaryimage","url":"https:\/\/www.cercledecultura.org\/wp-content\/uploads\/2021\/02\/ZOOoe2QGUK5XNObqU9srA.jpg","contentUrl":"https:\/\/www.cercledecultura.org\/wp-content\/uploads\/2021\/02\/ZOOoe2QGUK5XNObqU9srA.jpg","width":1013,"height":675},{"@type":"BreadcrumbList","@id":"https:\/\/www.cercledecultura.org\/ca\/teatre_cultura_barcelona\/#breadcrumb","itemListElement":[{"@type":"ListItem","position":1,"name":"Portada","item":"https:\/\/www.cercledecultura.org\/ca\/"},{"@type":"ListItem","position":2,"name":"Els teatres com a infraestructura cultural estrat\u00e8gica per a les ciutats"}]},{"@type":"WebSite","@id":"https:\/\/www.cercledecultura.org\/ca\/#website","url":"https:\/\/www.cercledecultura.org\/ca\/","name":"Cercle de Cultura","description":"Entitat de car\u00e0cter privat i associatiu, independent, amb voluntat de participar en la vida p\u00fablica des de la pluralitat ideol\u00f2gica dels seus membres fundadors i futurs associats","publisher":{"@id":"https:\/\/www.cercledecultura.org\/ca\/#organization"},"potentialAction":[{"@type":"SearchAction","target":{"@type":"EntryPoint","urlTemplate":"https:\/\/www.cercledecultura.org\/ca\/?s={search_term_string}"},"query-input":{"@type":"PropertyValueSpecification","valueRequired":true,"valueName":"search_term_string"}}],"inLanguage":"ca"},{"@type":"Organization","@id":"https:\/\/www.cercledecultura.org\/ca\/#organization","name":"Cercle de Cultura","url":"https:\/\/www.cercledecultura.org\/ca\/","logo":{"@type":"ImageObject","inLanguage":"ca","@id":"https:\/\/www.cercledecultura.org\/ca\/#\/schema\/logo\/image\/","url":"https:\/\/www.cercledecultura.org\/wp-content\/uploads\/2020\/01\/logo-cercle-de-cultura.png","contentUrl":"https:\/\/www.cercledecultura.org\/wp-content\/uploads\/2020\/01\/logo-cercle-de-cultura.png","width":350,"height":195,"caption":"Cercle de Cultura"},"image":{"@id":"https:\/\/www.cercledecultura.org\/ca\/#\/schema\/logo\/image\/"}},{"@type":"Person","@id":"https:\/\/www.cercledecultura.org\/ca\/#\/schema\/person\/269db25cfadcb4bd2e41781c819942f9","name":"admin","image":{"@type":"ImageObject","inLanguage":"ca","@id":"https:\/\/secure.gravatar.com\/avatar\/e88a8bb50a361c6d45c4709770a3d765016be4b5d85313447b91d0d707434ad9?s=96&d=mm&r=g","url":"https:\/\/secure.gravatar.com\/avatar\/e88a8bb50a361c6d45c4709770a3d765016be4b5d85313447b91d0d707434ad9?s=96&d=mm&r=g","contentUrl":"https:\/\/secure.gravatar.com\/avatar\/e88a8bb50a361c6d45c4709770a3d765016be4b5d85313447b91d0d707434ad9?s=96&d=mm&r=g","caption":"admin"},"url":"https:\/\/www.cercledecultura.org\/ca\/author\/seic_trzh7tdr\/"}]}},"_links":{"self":[{"href":"https:\/\/www.cercledecultura.org\/ca\/wp-json\/wp\/v2\/posts\/773","targetHints":{"allow":["GET"]}}],"collection":[{"href":"https:\/\/www.cercledecultura.org\/ca\/wp-json\/wp\/v2\/posts"}],"about":[{"href":"https:\/\/www.cercledecultura.org\/ca\/wp-json\/wp\/v2\/types\/post"}],"author":[{"embeddable":true,"href":"https:\/\/www.cercledecultura.org\/ca\/wp-json\/wp\/v2\/users\/1"}],"replies":[{"embeddable":true,"href":"https:\/\/www.cercledecultura.org\/ca\/wp-json\/wp\/v2\/comments?post=773"}],"version-history":[{"count":1,"href":"https:\/\/www.cercledecultura.org\/ca\/wp-json\/wp\/v2\/posts\/773\/revisions"}],"predecessor-version":[{"id":1145,"href":"https:\/\/www.cercledecultura.org\/ca\/wp-json\/wp\/v2\/posts\/773\/revisions\/1145"}],"wp:featuredmedia":[{"embeddable":true,"href":"https:\/\/www.cercledecultura.org\/ca\/wp-json\/wp\/v2\/media\/774"}],"wp:attachment":[{"href":"https:\/\/www.cercledecultura.org\/ca\/wp-json\/wp\/v2\/media?parent=773"}],"wp:term":[{"taxonomy":"category","embeddable":true,"href":"https:\/\/www.cercledecultura.org\/ca\/wp-json\/wp\/v2\/categories?post=773"},{"taxonomy":"post_tag","embeddable":true,"href":"https:\/\/www.cercledecultura.org\/ca\/wp-json\/wp\/v2\/tags?post=773"}],"curies":[{"name":"wp","href":"https:\/\/api.w.org\/{rel}","templated":true}]}}