{"id":753,"date":"2017-02-02T00:29:00","date_gmt":"2017-02-02T00:29:00","guid":{"rendered":"https:\/\/pre.cercledecultura.org\/invertir_cultura\/"},"modified":"2021-02-23T09:59:30","modified_gmt":"2021-02-23T09:59:30","slug":"invertir_cultura","status":"publish","type":"post","link":"https:\/\/www.cercledecultura.org\/ca\/invertir_cultura\/","title":{"rendered":"Invertir en cultura sense un marc legal adequat"},"content":{"rendered":"<p>Organitzat per la Fundaci\u00f3 Cercle d\u2019Economia, el mecenatge cultural va tornar a ser protagonista d\u2019una taula rodona on fundacions i l\u2019Institut Catal\u00e0 de Finances van palesar les dificultats que les empreses inverteixin m\u00e9s en cultura, i la necessitat de poder comptar amb una llei de mecenatge adequada, com ja ens va analitzar Carlos Cuatrecasas a l\u2019entrevista que vam publicar recentment en aquest portal.  El president de la Fundaci\u00f3 Catalunya Cultura, Enric Crous, va definir-la com a \u201cllotja\u201d on empreses i creadors es troben per explorar vies de finan\u00e7ament per a materialitzar els projectes culturals presentats, i va anunciar que el proper 9 de mar\u00e7 se celebrar\u00e0 una trobada oberta al m\u00f3n empresarial a IESE.  Des de la Fundaci\u00f3 Banc\u00e0ria La Caixa, el seu director general Jaume Gir\u00f3 va denunciar que amb l\u2019actual legislaci\u00f3 espanyola \u201cel retorn econ\u00f2mic en cultura no compensa la inversi\u00f3\u201d de les empreses, tot defensant la destinaci\u00f3 de m\u00e9s recursos en cultura \u201cperqu\u00e8 la societat s\u00e0piga resoldre m\u00e9s justament, necessita gent sensible, pensament cr\u00edtic i un poble culte\u201d.  L\u2019apunt del sector p\u00fablic el va aportar el conseller delegat de l\u2019ICF, Josep Ramon Sanrom\u00e0, qui pos\u00e0 sobre la taula la necessitat \u201cde buscar (nous) models col\u00b7laboratius\u201d entre empreses i fundacions que serveixin per mobilitzar m\u00e9s recursos cap a la cultura.  A nivell de xifres, l\u2019acte celebrat el 26 de gener va servir per recordar que el 2015 la cultura catalana va generar uns 3.757 milions d\u2019euros en total, situant-se en el 2% del PIB. A nivell d\u2019empreses implicades en accions de mecenatge, la xifra ja arriba a les 450. I pel que fa als primers resultats de la Fundaci\u00f3 Catalunya Cultura, aquesta ha aconseguit impulsar 95 projectes culturals en aquests dos darrers anys; augmentant de les 8 empreses inicialment implicades a la fundaci\u00f3 a les actuals 13.<\/p>\n","protected":false},"excerpt":{"rendered":"<p>Organitzat per la Fundaci\u00f3 Cercle d\u2019Economia, el mecenatge cultural va tornar a ser protagonista d\u2019una taula rodona on fundacions i l\u2019Institut Catal\u00e0 de Finances van palesar les dificultats que les empreses inverteixin m\u00e9s en cultura, i la necessitat de poder comptar amb una llei de mecenatge adequada.<\/p>\n","protected":false},"author":1,"featured_media":754,"comment_status":"open","ping_status":"closed","sticky":false,"template":"","format":"standard","meta":{"footnotes":""},"categories":[26],"tags":[250,247,323,320,157,251,325,321,322,324,19,133],"class_list":["post-753","post","type-post","status-publish","format-standard","has-post-thumbnail","hentry","category-noticies","tag-carlos-cuatrecasas","tag-empresa","tag-enric-crous","tag-fundacio-bancaria-la-caixa","tag-fundacio-catalunya-cultura","tag-fundacio-cercle-deconomia","tag-icf","tag-institut-catala-de-finances","tag-jaume-giro","tag-josep-ramon-sanroma","tag-mecenatge","tag-patrocini"],"yoast_head":"<!-- This site is optimized with the Yoast SEO plugin v27.5 - https:\/\/yoast.com\/product\/yoast-seo-wordpress\/ -->\n<title>Invertir en cultura sense un marc legal adequat - Cercle de Cultura<\/title>\n<meta name=\"robots\" content=\"index, follow, max-snippet:-1, max-image-preview:large, max-video-preview:-1\" \/>\n<link rel=\"canonical\" href=\"https:\/\/www.cercledecultura.org\/ca\/invertir_cultura\/\" \/>\n<meta property=\"og:locale\" content=\"ca_ES\" \/>\n<meta property=\"og:type\" content=\"article\" \/>\n<meta property=\"og:title\" content=\"Invertir en cultura sense un marc legal adequat - Cercle de Cultura\" \/>\n<meta property=\"og:description\" content=\"Organitzat per la Fundaci\u00f3 Cercle d\u2019Economia, el mecenatge cultural va tornar a ser protagonista d\u2019una taula rodona on fundacions i l\u2019Institut Catal\u00e0 de Finances van palesar les dificultats que les empreses inverteixin m\u00e9s en cultura, i la necessitat de poder comptar amb una llei de mecenatge adequada.\" \/>\n<meta property=\"og:url\" content=\"https:\/\/www.cercledecultura.org\/ca\/invertir_cultura\/\" \/>\n<meta property=\"og:site_name\" content=\"Cercle de Cultura\" \/>\n<meta property=\"article:published_time\" content=\"2017-02-02T00:29:00+00:00\" \/>\n<meta property=\"article:modified_time\" content=\"2021-02-23T09:59:30+00:00\" \/>\n<meta property=\"og:image\" content=\"https:\/\/www.cercledecultura.org\/wp-content\/uploads\/2021\/02\/xEGRKfq1sEmXqqDYuoeZ6Q.jpg\" \/>\n\t<meta property=\"og:image:width\" content=\"510\" \/>\n\t<meta property=\"og:image:height\" content=\"340\" \/>\n\t<meta property=\"og:image:type\" content=\"image\/jpeg\" \/>\n<meta name=\"author\" content=\"admin\" \/>\n<meta name=\"twitter:card\" content=\"summary_large_image\" \/>\n<meta name=\"twitter:label1\" content=\"Escrit per\" \/>\n\t<meta name=\"twitter:data1\" content=\"admin\" \/>\n\t<meta name=\"twitter:label2\" content=\"Temps estimat de lectura\" \/>\n\t<meta name=\"twitter:data2\" content=\"2 minuts\" \/>\n<script type=\"application\/ld+json\" class=\"yoast-schema-graph\">{\"@context\":\"https:\\\/\\\/schema.org\",\"@graph\":[{\"@type\":\"Article\",\"@id\":\"https:\\\/\\\/www.cercledecultura.org\\\/ca\\\/invertir_cultura\\\/#article\",\"isPartOf\":{\"@id\":\"https:\\\/\\\/www.cercledecultura.org\\\/ca\\\/invertir_cultura\\\/\"},\"author\":{\"name\":\"admin\",\"@id\":\"https:\\\/\\\/www.cercledecultura.org\\\/ca\\\/#\\\/schema\\\/person\\\/269db25cfadcb4bd2e41781c819942f9\"},\"headline\":\"Invertir en cultura sense un marc legal adequat\",\"datePublished\":\"2017-02-02T00:29:00+00:00\",\"dateModified\":\"2021-02-23T09:59:30+00:00\",\"mainEntityOfPage\":{\"@id\":\"https:\\\/\\\/www.cercledecultura.org\\\/ca\\\/invertir_cultura\\\/\"},\"wordCount\":320,\"commentCount\":0,\"publisher\":{\"@id\":\"https:\\\/\\\/www.cercledecultura.org\\\/ca\\\/#organization\"},\"image\":{\"@id\":\"https:\\\/\\\/www.cercledecultura.org\\\/ca\\\/invertir_cultura\\\/#primaryimage\"},\"thumbnailUrl\":\"https:\\\/\\\/www.cercledecultura.org\\\/wp-content\\\/uploads\\\/2021\\\/02\\\/xEGRKfq1sEmXqqDYuoeZ6Q.jpg\",\"keywords\":[\"Carlos Cuatrecasas\",\"empresa\",\"Enric Crous\",\"Fundaci\u00f3 Banc\u00e0ria La Caixa\",\"Fundaci\u00f3 Catalunya Cultura\",\"Fundaci\u00f3 Cercle d'Economia\",\"ICF\",\"Institut Catal\u00e0 de Finances\",\"Jaume Gir\u00f3\",\"Josep Ramon Sanrom\u00e0\",\"Mecenatge\",\"patrocini\"],\"articleSection\":[\"Not\u00edcies\"],\"inLanguage\":\"ca\",\"potentialAction\":[{\"@type\":\"CommentAction\",\"name\":\"Comment\",\"target\":[\"https:\\\/\\\/www.cercledecultura.org\\\/ca\\\/invertir_cultura\\\/#respond\"]}]},{\"@type\":\"WebPage\",\"@id\":\"https:\\\/\\\/www.cercledecultura.org\\\/ca\\\/invertir_cultura\\\/\",\"url\":\"https:\\\/\\\/www.cercledecultura.org\\\/ca\\\/invertir_cultura\\\/\",\"name\":\"Invertir en cultura sense un marc legal adequat - Cercle de Cultura\",\"isPartOf\":{\"@id\":\"https:\\\/\\\/www.cercledecultura.org\\\/ca\\\/#website\"},\"primaryImageOfPage\":{\"@id\":\"https:\\\/\\\/www.cercledecultura.org\\\/ca\\\/invertir_cultura\\\/#primaryimage\"},\"image\":{\"@id\":\"https:\\\/\\\/www.cercledecultura.org\\\/ca\\\/invertir_cultura\\\/#primaryimage\"},\"thumbnailUrl\":\"https:\\\/\\\/www.cercledecultura.org\\\/wp-content\\\/uploads\\\/2021\\\/02\\\/xEGRKfq1sEmXqqDYuoeZ6Q.jpg\",\"datePublished\":\"2017-02-02T00:29:00+00:00\",\"dateModified\":\"2021-02-23T09:59:30+00:00\",\"breadcrumb\":{\"@id\":\"https:\\\/\\\/www.cercledecultura.org\\\/ca\\\/invertir_cultura\\\/#breadcrumb\"},\"inLanguage\":\"ca\",\"potentialAction\":[{\"@type\":\"ReadAction\",\"target\":[\"https:\\\/\\\/www.cercledecultura.org\\\/ca\\\/invertir_cultura\\\/\"]}]},{\"@type\":\"ImageObject\",\"inLanguage\":\"ca\",\"@id\":\"https:\\\/\\\/www.cercledecultura.org\\\/ca\\\/invertir_cultura\\\/#primaryimage\",\"url\":\"https:\\\/\\\/www.cercledecultura.org\\\/wp-content\\\/uploads\\\/2021\\\/02\\\/xEGRKfq1sEmXqqDYuoeZ6Q.jpg\",\"contentUrl\":\"https:\\\/\\\/www.cercledecultura.org\\\/wp-content\\\/uploads\\\/2021\\\/02\\\/xEGRKfq1sEmXqqDYuoeZ6Q.jpg\",\"width\":510,\"height\":340},{\"@type\":\"BreadcrumbList\",\"@id\":\"https:\\\/\\\/www.cercledecultura.org\\\/ca\\\/invertir_cultura\\\/#breadcrumb\",\"itemListElement\":[{\"@type\":\"ListItem\",\"position\":1,\"name\":\"Portada\",\"item\":\"https:\\\/\\\/www.cercledecultura.org\\\/ca\\\/\"},{\"@type\":\"ListItem\",\"position\":2,\"name\":\"Invertir en cultura sense un marc legal adequat\"}]},{\"@type\":\"WebSite\",\"@id\":\"https:\\\/\\\/www.cercledecultura.org\\\/ca\\\/#website\",\"url\":\"https:\\\/\\\/www.cercledecultura.org\\\/ca\\\/\",\"name\":\"Cercle de Cultura\",\"description\":\"Entitat de car\u00e0cter privat i associatiu, independent, amb voluntat de participar en la vida p\u00fablica des de la pluralitat ideol\u00f2gica dels seus membres fundadors i futurs associats\",\"publisher\":{\"@id\":\"https:\\\/\\\/www.cercledecultura.org\\\/ca\\\/#organization\"},\"potentialAction\":[{\"@type\":\"SearchAction\",\"target\":{\"@type\":\"EntryPoint\",\"urlTemplate\":\"https:\\\/\\\/www.cercledecultura.org\\\/ca\\\/?s={search_term_string}\"},\"query-input\":{\"@type\":\"PropertyValueSpecification\",\"valueRequired\":true,\"valueName\":\"search_term_string\"}}],\"inLanguage\":\"ca\"},{\"@type\":\"Organization\",\"@id\":\"https:\\\/\\\/www.cercledecultura.org\\\/ca\\\/#organization\",\"name\":\"Cercle de Cultura\",\"url\":\"https:\\\/\\\/www.cercledecultura.org\\\/ca\\\/\",\"logo\":{\"@type\":\"ImageObject\",\"inLanguage\":\"ca\",\"@id\":\"https:\\\/\\\/www.cercledecultura.org\\\/ca\\\/#\\\/schema\\\/logo\\\/image\\\/\",\"url\":\"https:\\\/\\\/www.cercledecultura.org\\\/wp-content\\\/uploads\\\/2020\\\/01\\\/logo-cercle-de-cultura.png\",\"contentUrl\":\"https:\\\/\\\/www.cercledecultura.org\\\/wp-content\\\/uploads\\\/2020\\\/01\\\/logo-cercle-de-cultura.png\",\"width\":350,\"height\":195,\"caption\":\"Cercle de Cultura\"},\"image\":{\"@id\":\"https:\\\/\\\/www.cercledecultura.org\\\/ca\\\/#\\\/schema\\\/logo\\\/image\\\/\"}},{\"@type\":\"Person\",\"@id\":\"https:\\\/\\\/www.cercledecultura.org\\\/ca\\\/#\\\/schema\\\/person\\\/269db25cfadcb4bd2e41781c819942f9\",\"name\":\"admin\",\"image\":{\"@type\":\"ImageObject\",\"inLanguage\":\"ca\",\"@id\":\"https:\\\/\\\/secure.gravatar.com\\\/avatar\\\/e88a8bb50a361c6d45c4709770a3d765016be4b5d85313447b91d0d707434ad9?s=96&d=mm&r=g\",\"url\":\"https:\\\/\\\/secure.gravatar.com\\\/avatar\\\/e88a8bb50a361c6d45c4709770a3d765016be4b5d85313447b91d0d707434ad9?s=96&d=mm&r=g\",\"contentUrl\":\"https:\\\/\\\/secure.gravatar.com\\\/avatar\\\/e88a8bb50a361c6d45c4709770a3d765016be4b5d85313447b91d0d707434ad9?s=96&d=mm&r=g\",\"caption\":\"admin\"},\"url\":\"https:\\\/\\\/www.cercledecultura.org\\\/ca\\\/author\\\/seic_trzh7tdr\\\/\"}]}<\/script>\n<!-- \/ Yoast SEO plugin. -->","yoast_head_json":{"title":"Invertir en cultura sense un marc legal adequat - Cercle de Cultura","robots":{"index":"index","follow":"follow","max-snippet":"max-snippet:-1","max-image-preview":"max-image-preview:large","max-video-preview":"max-video-preview:-1"},"canonical":"https:\/\/www.cercledecultura.org\/ca\/invertir_cultura\/","og_locale":"ca_ES","og_type":"article","og_title":"Invertir en cultura sense un marc legal adequat - Cercle de Cultura","og_description":"Organitzat per la Fundaci\u00f3 Cercle d\u2019Economia, el mecenatge cultural va tornar a ser protagonista d\u2019una taula rodona on fundacions i l\u2019Institut Catal\u00e0 de Finances van palesar les dificultats que les empreses inverteixin m\u00e9s en cultura, i la necessitat de poder comptar amb una llei de mecenatge adequada.","og_url":"https:\/\/www.cercledecultura.org\/ca\/invertir_cultura\/","og_site_name":"Cercle de Cultura","article_published_time":"2017-02-02T00:29:00+00:00","article_modified_time":"2021-02-23T09:59:30+00:00","og_image":[{"width":510,"height":340,"url":"https:\/\/www.cercledecultura.org\/wp-content\/uploads\/2021\/02\/xEGRKfq1sEmXqqDYuoeZ6Q.jpg","type":"image\/jpeg"}],"author":"admin","twitter_card":"summary_large_image","twitter_misc":{"Escrit per":"admin","Temps estimat de lectura":"2 minuts"},"schema":{"@context":"https:\/\/schema.org","@graph":[{"@type":"Article","@id":"https:\/\/www.cercledecultura.org\/ca\/invertir_cultura\/#article","isPartOf":{"@id":"https:\/\/www.cercledecultura.org\/ca\/invertir_cultura\/"},"author":{"name":"admin","@id":"https:\/\/www.cercledecultura.org\/ca\/#\/schema\/person\/269db25cfadcb4bd2e41781c819942f9"},"headline":"Invertir en cultura sense un marc legal adequat","datePublished":"2017-02-02T00:29:00+00:00","dateModified":"2021-02-23T09:59:30+00:00","mainEntityOfPage":{"@id":"https:\/\/www.cercledecultura.org\/ca\/invertir_cultura\/"},"wordCount":320,"commentCount":0,"publisher":{"@id":"https:\/\/www.cercledecultura.org\/ca\/#organization"},"image":{"@id":"https:\/\/www.cercledecultura.org\/ca\/invertir_cultura\/#primaryimage"},"thumbnailUrl":"https:\/\/www.cercledecultura.org\/wp-content\/uploads\/2021\/02\/xEGRKfq1sEmXqqDYuoeZ6Q.jpg","keywords":["Carlos Cuatrecasas","empresa","Enric Crous","Fundaci\u00f3 Banc\u00e0ria La Caixa","Fundaci\u00f3 Catalunya Cultura","Fundaci\u00f3 Cercle d'Economia","ICF","Institut Catal\u00e0 de Finances","Jaume Gir\u00f3","Josep Ramon Sanrom\u00e0","Mecenatge","patrocini"],"articleSection":["Not\u00edcies"],"inLanguage":"ca","potentialAction":[{"@type":"CommentAction","name":"Comment","target":["https:\/\/www.cercledecultura.org\/ca\/invertir_cultura\/#respond"]}]},{"@type":"WebPage","@id":"https:\/\/www.cercledecultura.org\/ca\/invertir_cultura\/","url":"https:\/\/www.cercledecultura.org\/ca\/invertir_cultura\/","name":"Invertir en cultura sense un marc legal adequat - Cercle de Cultura","isPartOf":{"@id":"https:\/\/www.cercledecultura.org\/ca\/#website"},"primaryImageOfPage":{"@id":"https:\/\/www.cercledecultura.org\/ca\/invertir_cultura\/#primaryimage"},"image":{"@id":"https:\/\/www.cercledecultura.org\/ca\/invertir_cultura\/#primaryimage"},"thumbnailUrl":"https:\/\/www.cercledecultura.org\/wp-content\/uploads\/2021\/02\/xEGRKfq1sEmXqqDYuoeZ6Q.jpg","datePublished":"2017-02-02T00:29:00+00:00","dateModified":"2021-02-23T09:59:30+00:00","breadcrumb":{"@id":"https:\/\/www.cercledecultura.org\/ca\/invertir_cultura\/#breadcrumb"},"inLanguage":"ca","potentialAction":[{"@type":"ReadAction","target":["https:\/\/www.cercledecultura.org\/ca\/invertir_cultura\/"]}]},{"@type":"ImageObject","inLanguage":"ca","@id":"https:\/\/www.cercledecultura.org\/ca\/invertir_cultura\/#primaryimage","url":"https:\/\/www.cercledecultura.org\/wp-content\/uploads\/2021\/02\/xEGRKfq1sEmXqqDYuoeZ6Q.jpg","contentUrl":"https:\/\/www.cercledecultura.org\/wp-content\/uploads\/2021\/02\/xEGRKfq1sEmXqqDYuoeZ6Q.jpg","width":510,"height":340},{"@type":"BreadcrumbList","@id":"https:\/\/www.cercledecultura.org\/ca\/invertir_cultura\/#breadcrumb","itemListElement":[{"@type":"ListItem","position":1,"name":"Portada","item":"https:\/\/www.cercledecultura.org\/ca\/"},{"@type":"ListItem","position":2,"name":"Invertir en cultura sense un marc legal adequat"}]},{"@type":"WebSite","@id":"https:\/\/www.cercledecultura.org\/ca\/#website","url":"https:\/\/www.cercledecultura.org\/ca\/","name":"Cercle de Cultura","description":"Entitat de car\u00e0cter privat i associatiu, independent, amb voluntat de participar en la vida p\u00fablica des de la pluralitat ideol\u00f2gica dels seus membres fundadors i futurs associats","publisher":{"@id":"https:\/\/www.cercledecultura.org\/ca\/#organization"},"potentialAction":[{"@type":"SearchAction","target":{"@type":"EntryPoint","urlTemplate":"https:\/\/www.cercledecultura.org\/ca\/?s={search_term_string}"},"query-input":{"@type":"PropertyValueSpecification","valueRequired":true,"valueName":"search_term_string"}}],"inLanguage":"ca"},{"@type":"Organization","@id":"https:\/\/www.cercledecultura.org\/ca\/#organization","name":"Cercle de Cultura","url":"https:\/\/www.cercledecultura.org\/ca\/","logo":{"@type":"ImageObject","inLanguage":"ca","@id":"https:\/\/www.cercledecultura.org\/ca\/#\/schema\/logo\/image\/","url":"https:\/\/www.cercledecultura.org\/wp-content\/uploads\/2020\/01\/logo-cercle-de-cultura.png","contentUrl":"https:\/\/www.cercledecultura.org\/wp-content\/uploads\/2020\/01\/logo-cercle-de-cultura.png","width":350,"height":195,"caption":"Cercle de Cultura"},"image":{"@id":"https:\/\/www.cercledecultura.org\/ca\/#\/schema\/logo\/image\/"}},{"@type":"Person","@id":"https:\/\/www.cercledecultura.org\/ca\/#\/schema\/person\/269db25cfadcb4bd2e41781c819942f9","name":"admin","image":{"@type":"ImageObject","inLanguage":"ca","@id":"https:\/\/secure.gravatar.com\/avatar\/e88a8bb50a361c6d45c4709770a3d765016be4b5d85313447b91d0d707434ad9?s=96&d=mm&r=g","url":"https:\/\/secure.gravatar.com\/avatar\/e88a8bb50a361c6d45c4709770a3d765016be4b5d85313447b91d0d707434ad9?s=96&d=mm&r=g","contentUrl":"https:\/\/secure.gravatar.com\/avatar\/e88a8bb50a361c6d45c4709770a3d765016be4b5d85313447b91d0d707434ad9?s=96&d=mm&r=g","caption":"admin"},"url":"https:\/\/www.cercledecultura.org\/ca\/author\/seic_trzh7tdr\/"}]}},"_links":{"self":[{"href":"https:\/\/www.cercledecultura.org\/ca\/wp-json\/wp\/v2\/posts\/753","targetHints":{"allow":["GET"]}}],"collection":[{"href":"https:\/\/www.cercledecultura.org\/ca\/wp-json\/wp\/v2\/posts"}],"about":[{"href":"https:\/\/www.cercledecultura.org\/ca\/wp-json\/wp\/v2\/types\/post"}],"author":[{"embeddable":true,"href":"https:\/\/www.cercledecultura.org\/ca\/wp-json\/wp\/v2\/users\/1"}],"replies":[{"embeddable":true,"href":"https:\/\/www.cercledecultura.org\/ca\/wp-json\/wp\/v2\/comments?post=753"}],"version-history":[{"count":1,"href":"https:\/\/www.cercledecultura.org\/ca\/wp-json\/wp\/v2\/posts\/753\/revisions"}],"predecessor-version":[{"id":1135,"href":"https:\/\/www.cercledecultura.org\/ca\/wp-json\/wp\/v2\/posts\/753\/revisions\/1135"}],"wp:featuredmedia":[{"embeddable":true,"href":"https:\/\/www.cercledecultura.org\/ca\/wp-json\/wp\/v2\/media\/754"}],"wp:attachment":[{"href":"https:\/\/www.cercledecultura.org\/ca\/wp-json\/wp\/v2\/media?parent=753"}],"wp:term":[{"taxonomy":"category","embeddable":true,"href":"https:\/\/www.cercledecultura.org\/ca\/wp-json\/wp\/v2\/categories?post=753"},{"taxonomy":"post_tag","embeddable":true,"href":"https:\/\/www.cercledecultura.org\/ca\/wp-json\/wp\/v2\/tags?post=753"}],"curies":[{"name":"wp","href":"https:\/\/api.w.org\/{rel}","templated":true}]}}