{"id":741,"date":"2016-12-19T04:26:00","date_gmt":"2016-12-19T04:26:00","guid":{"rendered":"https:\/\/pre.cercledecultura.org\/autoescoles_idioma_brudesala\/"},"modified":"2021-02-23T09:33:41","modified_gmt":"2021-02-23T09:33:41","slug":"autoescoles_idioma_brudesala","status":"publish","type":"post","link":"https:\/\/www.cercledecultura.org\/ca\/autoescoles_idioma_brudesala\/","title":{"rendered":"Autoescoles d&#8217;idioma"},"content":{"rendered":"<p>A difer\u00e8ncia del passat que va de la Renaixen\u00e7a a la Transici\u00f3, els aven\u00e7os cap a la definici\u00f3 pol\u00edtica de Catalunya han anat sempre lligats a la recuperaci\u00f3 del catal\u00e0. I no, o no de manera principal, en un sentit expansiu sin\u00f3 intensiu. Mestre Fabra era un mite en el seu temps. El gruix de la societat participava en l\u2019esfor\u00e7 per polir l\u2019idioma durant els anys 60 i 70. Per\u00f2 als nostres dies som una minoria, un residu, i m\u00e9s valdria que ens convertim en secta, els que considerem que amb una llengua tan desafinada com la llengua catalana no es pot anar gaire lluny com a pa\u00eds.  Nom\u00e9s la tercera part dels catalans t\u00e9 la llengua pr\u00f2pia com a habitual. Si sabessin fer-la servir-la amb propietat, o si fossin conscients que el futur dep\u00e8n sobretot del coneixement que en tinguin i de l\u2019\u00fas que en facin. Si en comptes d\u2019empobrir-la l\u2019enriquissin, no caldria patir. Per\u00f2 no \u00e9s el cas. Les escoles p\u00fabliques, que s\u00f3n els m\u00e8dia, contribueixen a desaprendre. De privades no n\u2019hi ha. Per tant, no hi ha m\u00e9s remei per millorar que convertir-se en autodidacte. \u00bfOn s\u00f3n els manuals? En alguns autors, pocs. En un bon nombre de traduccions. Sovint en el teatre. Tamb\u00e9 en algunes escasses excepcions d\u2019expressi\u00f3 verbal p\u00fablica, com \u00e9s el cas de Joaquim Maria Puyal, Jordi Bast\u00e9 o Josep Cun\u00ed. Els altres, quasi tots, no paren de passar el ribot, d\u2019aprimar i d\u2019agrisar.  Invertir en la pr\u00f2pia llengua, en el nostre cas en les pr\u00f2pies perqu\u00e8 tant es poden enriquir com envair-se i embastardir-se, \u00e9s m\u00e9s productiu per a la societat que apuntar-se a una associaci\u00f3 nacionalista o d\u2019esquerres. Per\u00f2 pels parlants que se l\u2019han deixat depauperar, costa m\u00e9s. Afinar el gust, exigir-se i exigir propietat, vivacitat i color en l\u2019expressi\u00f3 de cadasc\u00fa i en la dels altres \u00e9s imprescindible. Fer una bona frase no \u00e9s senzill. Fer una bona frase clara i pertinent \u00e9s el resultat d\u2019anys d\u2019autoaprenentatge. No hi ha al m\u00f3n cap pa\u00eds competitiu format per gent amb escassa compet\u00e8ncia ling\u00fc\u00edstica.  Article de Xavier Bru de Sala publicat al diari El Peri\u00f3dico.  \u00a0  \u00a0  \u00a0<\/p>\n","protected":false},"excerpt":{"rendered":"<p>Xavier Bru de Sala defensa la necessitat d&#8217;un \u00fas acurat del catal\u00e0 per part dels seus parlants, tan per a la salut de la llengua, com element de qualitat del pa\u00eds. Destaca la funci\u00f3 &#8220;d&#8217;escola p\u00fablica&#8221; que exerceixen els mitjans alhora de promoure els usos ling\u00fc\u00edstics, i critica la mala qualitat del catal\u00e0 emprada per la majoria de periodistes i mitjans.<\/p>\n","protected":false},"author":1,"featured_media":742,"comment_status":"open","ping_status":"closed","sticky":false,"template":"","format":"standard","meta":{"footnotes":""},"categories":[24],"tags":[89,88,269,286,256],"class_list":["post-741","post","type-post","status-publish","format-standard","has-post-thumbnail","hentry","category-opinio","tag-catala","tag-llengua","tag-mitjans-de-comunicacio","tag-radio","tag-televisio"],"yoast_head":"<!-- This site is optimized with the Yoast SEO plugin v27.5 - https:\/\/yoast.com\/product\/yoast-seo-wordpress\/ -->\n<title>Autoescoles d&#039;idioma - Cercle de Cultura<\/title>\n<meta name=\"robots\" content=\"index, follow, max-snippet:-1, max-image-preview:large, max-video-preview:-1\" \/>\n<link rel=\"canonical\" href=\"https:\/\/www.cercledecultura.org\/ca\/autoescoles_idioma_brudesala\/\" \/>\n<meta property=\"og:locale\" content=\"ca_ES\" \/>\n<meta property=\"og:type\" content=\"article\" \/>\n<meta property=\"og:title\" content=\"Autoescoles d&#039;idioma - Cercle de Cultura\" \/>\n<meta property=\"og:description\" content=\"Xavier Bru de Sala defensa la necessitat d&#039;un \u00fas acurat del catal\u00e0 per part dels seus parlants, tan per a la salut de la llengua, com element de qualitat del pa\u00eds. Destaca la funci\u00f3 &quot;d&#039;escola p\u00fablica&quot; que exerceixen els mitjans alhora de promoure els usos ling\u00fc\u00edstics, i critica la mala qualitat del catal\u00e0 emprada per la majoria de periodistes i mitjans.\" \/>\n<meta property=\"og:url\" content=\"https:\/\/www.cercledecultura.org\/ca\/autoescoles_idioma_brudesala\/\" \/>\n<meta property=\"og:site_name\" content=\"Cercle de Cultura\" \/>\n<meta property=\"article:published_time\" content=\"2016-12-19T04:26:00+00:00\" \/>\n<meta property=\"article:modified_time\" content=\"2021-02-23T09:33:41+00:00\" \/>\n<meta property=\"og:image\" content=\"https:\/\/www.cercledecultura.org\/wp-content\/uploads\/2021\/02\/bXdNpt78Z0ePQe4XvqyN4w.jpg\" \/>\n\t<meta property=\"og:image:width\" content=\"1022\" \/>\n\t<meta property=\"og:image:height\" content=\"681\" \/>\n\t<meta property=\"og:image:type\" content=\"image\/jpeg\" \/>\n<meta name=\"author\" content=\"admin\" \/>\n<meta name=\"twitter:card\" content=\"summary_large_image\" \/>\n<meta name=\"twitter:label1\" content=\"Escrit per\" \/>\n\t<meta name=\"twitter:data1\" content=\"admin\" \/>\n\t<meta name=\"twitter:label2\" content=\"Temps estimat de lectura\" \/>\n\t<meta name=\"twitter:data2\" content=\"2 minuts\" \/>\n<script type=\"application\/ld+json\" class=\"yoast-schema-graph\">{\"@context\":\"https:\\\/\\\/schema.org\",\"@graph\":[{\"@type\":\"Article\",\"@id\":\"https:\\\/\\\/www.cercledecultura.org\\\/ca\\\/autoescoles_idioma_brudesala\\\/#article\",\"isPartOf\":{\"@id\":\"https:\\\/\\\/www.cercledecultura.org\\\/ca\\\/autoescoles_idioma_brudesala\\\/\"},\"author\":{\"name\":\"admin\",\"@id\":\"https:\\\/\\\/www.cercledecultura.org\\\/ca\\\/#\\\/schema\\\/person\\\/269db25cfadcb4bd2e41781c819942f9\"},\"headline\":\"Autoescoles d&#8217;idioma\",\"datePublished\":\"2016-12-19T04:26:00+00:00\",\"dateModified\":\"2021-02-23T09:33:41+00:00\",\"mainEntityOfPage\":{\"@id\":\"https:\\\/\\\/www.cercledecultura.org\\\/ca\\\/autoescoles_idioma_brudesala\\\/\"},\"wordCount\":391,\"commentCount\":0,\"publisher\":{\"@id\":\"https:\\\/\\\/www.cercledecultura.org\\\/ca\\\/#organization\"},\"image\":{\"@id\":\"https:\\\/\\\/www.cercledecultura.org\\\/ca\\\/autoescoles_idioma_brudesala\\\/#primaryimage\"},\"thumbnailUrl\":\"https:\\\/\\\/www.cercledecultura.org\\\/wp-content\\\/uploads\\\/2021\\\/02\\\/bXdNpt78Z0ePQe4XvqyN4w.jpg\",\"keywords\":[\"catal\u00e0\",\"llengua\",\"mitjans de comunicaci\u00f3\",\"r\u00e0dio\",\"televisi\u00f3\"],\"articleSection\":[\"Opini\u00f3\"],\"inLanguage\":\"ca\",\"potentialAction\":[{\"@type\":\"CommentAction\",\"name\":\"Comment\",\"target\":[\"https:\\\/\\\/www.cercledecultura.org\\\/ca\\\/autoescoles_idioma_brudesala\\\/#respond\"]}]},{\"@type\":\"WebPage\",\"@id\":\"https:\\\/\\\/www.cercledecultura.org\\\/ca\\\/autoescoles_idioma_brudesala\\\/\",\"url\":\"https:\\\/\\\/www.cercledecultura.org\\\/ca\\\/autoescoles_idioma_brudesala\\\/\",\"name\":\"Autoescoles d'idioma - Cercle de Cultura\",\"isPartOf\":{\"@id\":\"https:\\\/\\\/www.cercledecultura.org\\\/ca\\\/#website\"},\"primaryImageOfPage\":{\"@id\":\"https:\\\/\\\/www.cercledecultura.org\\\/ca\\\/autoescoles_idioma_brudesala\\\/#primaryimage\"},\"image\":{\"@id\":\"https:\\\/\\\/www.cercledecultura.org\\\/ca\\\/autoescoles_idioma_brudesala\\\/#primaryimage\"},\"thumbnailUrl\":\"https:\\\/\\\/www.cercledecultura.org\\\/wp-content\\\/uploads\\\/2021\\\/02\\\/bXdNpt78Z0ePQe4XvqyN4w.jpg\",\"datePublished\":\"2016-12-19T04:26:00+00:00\",\"dateModified\":\"2021-02-23T09:33:41+00:00\",\"breadcrumb\":{\"@id\":\"https:\\\/\\\/www.cercledecultura.org\\\/ca\\\/autoescoles_idioma_brudesala\\\/#breadcrumb\"},\"inLanguage\":\"ca\",\"potentialAction\":[{\"@type\":\"ReadAction\",\"target\":[\"https:\\\/\\\/www.cercledecultura.org\\\/ca\\\/autoescoles_idioma_brudesala\\\/\"]}]},{\"@type\":\"ImageObject\",\"inLanguage\":\"ca\",\"@id\":\"https:\\\/\\\/www.cercledecultura.org\\\/ca\\\/autoescoles_idioma_brudesala\\\/#primaryimage\",\"url\":\"https:\\\/\\\/www.cercledecultura.org\\\/wp-content\\\/uploads\\\/2021\\\/02\\\/bXdNpt78Z0ePQe4XvqyN4w.jpg\",\"contentUrl\":\"https:\\\/\\\/www.cercledecultura.org\\\/wp-content\\\/uploads\\\/2021\\\/02\\\/bXdNpt78Z0ePQe4XvqyN4w.jpg\",\"width\":1022,\"height\":681},{\"@type\":\"BreadcrumbList\",\"@id\":\"https:\\\/\\\/www.cercledecultura.org\\\/ca\\\/autoescoles_idioma_brudesala\\\/#breadcrumb\",\"itemListElement\":[{\"@type\":\"ListItem\",\"position\":1,\"name\":\"Portada\",\"item\":\"https:\\\/\\\/www.cercledecultura.org\\\/ca\\\/\"},{\"@type\":\"ListItem\",\"position\":2,\"name\":\"Autoescoles d&#8217;idioma\"}]},{\"@type\":\"WebSite\",\"@id\":\"https:\\\/\\\/www.cercledecultura.org\\\/ca\\\/#website\",\"url\":\"https:\\\/\\\/www.cercledecultura.org\\\/ca\\\/\",\"name\":\"Cercle de Cultura\",\"description\":\"Entitat de car\u00e0cter privat i associatiu, independent, amb voluntat de participar en la vida p\u00fablica des de la pluralitat ideol\u00f2gica dels seus membres fundadors i futurs associats\",\"publisher\":{\"@id\":\"https:\\\/\\\/www.cercledecultura.org\\\/ca\\\/#organization\"},\"potentialAction\":[{\"@type\":\"SearchAction\",\"target\":{\"@type\":\"EntryPoint\",\"urlTemplate\":\"https:\\\/\\\/www.cercledecultura.org\\\/ca\\\/?s={search_term_string}\"},\"query-input\":{\"@type\":\"PropertyValueSpecification\",\"valueRequired\":true,\"valueName\":\"search_term_string\"}}],\"inLanguage\":\"ca\"},{\"@type\":\"Organization\",\"@id\":\"https:\\\/\\\/www.cercledecultura.org\\\/ca\\\/#organization\",\"name\":\"Cercle de Cultura\",\"url\":\"https:\\\/\\\/www.cercledecultura.org\\\/ca\\\/\",\"logo\":{\"@type\":\"ImageObject\",\"inLanguage\":\"ca\",\"@id\":\"https:\\\/\\\/www.cercledecultura.org\\\/ca\\\/#\\\/schema\\\/logo\\\/image\\\/\",\"url\":\"https:\\\/\\\/www.cercledecultura.org\\\/wp-content\\\/uploads\\\/2020\\\/01\\\/logo-cercle-de-cultura.png\",\"contentUrl\":\"https:\\\/\\\/www.cercledecultura.org\\\/wp-content\\\/uploads\\\/2020\\\/01\\\/logo-cercle-de-cultura.png\",\"width\":350,\"height\":195,\"caption\":\"Cercle de Cultura\"},\"image\":{\"@id\":\"https:\\\/\\\/www.cercledecultura.org\\\/ca\\\/#\\\/schema\\\/logo\\\/image\\\/\"}},{\"@type\":\"Person\",\"@id\":\"https:\\\/\\\/www.cercledecultura.org\\\/ca\\\/#\\\/schema\\\/person\\\/269db25cfadcb4bd2e41781c819942f9\",\"name\":\"admin\",\"image\":{\"@type\":\"ImageObject\",\"inLanguage\":\"ca\",\"@id\":\"https:\\\/\\\/secure.gravatar.com\\\/avatar\\\/e88a8bb50a361c6d45c4709770a3d765016be4b5d85313447b91d0d707434ad9?s=96&d=mm&r=g\",\"url\":\"https:\\\/\\\/secure.gravatar.com\\\/avatar\\\/e88a8bb50a361c6d45c4709770a3d765016be4b5d85313447b91d0d707434ad9?s=96&d=mm&r=g\",\"contentUrl\":\"https:\\\/\\\/secure.gravatar.com\\\/avatar\\\/e88a8bb50a361c6d45c4709770a3d765016be4b5d85313447b91d0d707434ad9?s=96&d=mm&r=g\",\"caption\":\"admin\"},\"url\":\"https:\\\/\\\/www.cercledecultura.org\\\/ca\\\/author\\\/seic_trzh7tdr\\\/\"}]}<\/script>\n<!-- \/ Yoast SEO plugin. -->","yoast_head_json":{"title":"Autoescoles d'idioma - Cercle de Cultura","robots":{"index":"index","follow":"follow","max-snippet":"max-snippet:-1","max-image-preview":"max-image-preview:large","max-video-preview":"max-video-preview:-1"},"canonical":"https:\/\/www.cercledecultura.org\/ca\/autoescoles_idioma_brudesala\/","og_locale":"ca_ES","og_type":"article","og_title":"Autoescoles d'idioma - Cercle de Cultura","og_description":"Xavier Bru de Sala defensa la necessitat d'un \u00fas acurat del catal\u00e0 per part dels seus parlants, tan per a la salut de la llengua, com element de qualitat del pa\u00eds. Destaca la funci\u00f3 \"d'escola p\u00fablica\" que exerceixen els mitjans alhora de promoure els usos ling\u00fc\u00edstics, i critica la mala qualitat del catal\u00e0 emprada per la majoria de periodistes i mitjans.","og_url":"https:\/\/www.cercledecultura.org\/ca\/autoescoles_idioma_brudesala\/","og_site_name":"Cercle de Cultura","article_published_time":"2016-12-19T04:26:00+00:00","article_modified_time":"2021-02-23T09:33:41+00:00","og_image":[{"width":1022,"height":681,"url":"https:\/\/www.cercledecultura.org\/wp-content\/uploads\/2021\/02\/bXdNpt78Z0ePQe4XvqyN4w.jpg","type":"image\/jpeg"}],"author":"admin","twitter_card":"summary_large_image","twitter_misc":{"Escrit per":"admin","Temps estimat de lectura":"2 minuts"},"schema":{"@context":"https:\/\/schema.org","@graph":[{"@type":"Article","@id":"https:\/\/www.cercledecultura.org\/ca\/autoescoles_idioma_brudesala\/#article","isPartOf":{"@id":"https:\/\/www.cercledecultura.org\/ca\/autoescoles_idioma_brudesala\/"},"author":{"name":"admin","@id":"https:\/\/www.cercledecultura.org\/ca\/#\/schema\/person\/269db25cfadcb4bd2e41781c819942f9"},"headline":"Autoescoles d&#8217;idioma","datePublished":"2016-12-19T04:26:00+00:00","dateModified":"2021-02-23T09:33:41+00:00","mainEntityOfPage":{"@id":"https:\/\/www.cercledecultura.org\/ca\/autoescoles_idioma_brudesala\/"},"wordCount":391,"commentCount":0,"publisher":{"@id":"https:\/\/www.cercledecultura.org\/ca\/#organization"},"image":{"@id":"https:\/\/www.cercledecultura.org\/ca\/autoescoles_idioma_brudesala\/#primaryimage"},"thumbnailUrl":"https:\/\/www.cercledecultura.org\/wp-content\/uploads\/2021\/02\/bXdNpt78Z0ePQe4XvqyN4w.jpg","keywords":["catal\u00e0","llengua","mitjans de comunicaci\u00f3","r\u00e0dio","televisi\u00f3"],"articleSection":["Opini\u00f3"],"inLanguage":"ca","potentialAction":[{"@type":"CommentAction","name":"Comment","target":["https:\/\/www.cercledecultura.org\/ca\/autoescoles_idioma_brudesala\/#respond"]}]},{"@type":"WebPage","@id":"https:\/\/www.cercledecultura.org\/ca\/autoescoles_idioma_brudesala\/","url":"https:\/\/www.cercledecultura.org\/ca\/autoescoles_idioma_brudesala\/","name":"Autoescoles d'idioma - Cercle de Cultura","isPartOf":{"@id":"https:\/\/www.cercledecultura.org\/ca\/#website"},"primaryImageOfPage":{"@id":"https:\/\/www.cercledecultura.org\/ca\/autoescoles_idioma_brudesala\/#primaryimage"},"image":{"@id":"https:\/\/www.cercledecultura.org\/ca\/autoescoles_idioma_brudesala\/#primaryimage"},"thumbnailUrl":"https:\/\/www.cercledecultura.org\/wp-content\/uploads\/2021\/02\/bXdNpt78Z0ePQe4XvqyN4w.jpg","datePublished":"2016-12-19T04:26:00+00:00","dateModified":"2021-02-23T09:33:41+00:00","breadcrumb":{"@id":"https:\/\/www.cercledecultura.org\/ca\/autoescoles_idioma_brudesala\/#breadcrumb"},"inLanguage":"ca","potentialAction":[{"@type":"ReadAction","target":["https:\/\/www.cercledecultura.org\/ca\/autoescoles_idioma_brudesala\/"]}]},{"@type":"ImageObject","inLanguage":"ca","@id":"https:\/\/www.cercledecultura.org\/ca\/autoescoles_idioma_brudesala\/#primaryimage","url":"https:\/\/www.cercledecultura.org\/wp-content\/uploads\/2021\/02\/bXdNpt78Z0ePQe4XvqyN4w.jpg","contentUrl":"https:\/\/www.cercledecultura.org\/wp-content\/uploads\/2021\/02\/bXdNpt78Z0ePQe4XvqyN4w.jpg","width":1022,"height":681},{"@type":"BreadcrumbList","@id":"https:\/\/www.cercledecultura.org\/ca\/autoescoles_idioma_brudesala\/#breadcrumb","itemListElement":[{"@type":"ListItem","position":1,"name":"Portada","item":"https:\/\/www.cercledecultura.org\/ca\/"},{"@type":"ListItem","position":2,"name":"Autoescoles d&#8217;idioma"}]},{"@type":"WebSite","@id":"https:\/\/www.cercledecultura.org\/ca\/#website","url":"https:\/\/www.cercledecultura.org\/ca\/","name":"Cercle de Cultura","description":"Entitat de car\u00e0cter privat i associatiu, independent, amb voluntat de participar en la vida p\u00fablica des de la pluralitat ideol\u00f2gica dels seus membres fundadors i futurs associats","publisher":{"@id":"https:\/\/www.cercledecultura.org\/ca\/#organization"},"potentialAction":[{"@type":"SearchAction","target":{"@type":"EntryPoint","urlTemplate":"https:\/\/www.cercledecultura.org\/ca\/?s={search_term_string}"},"query-input":{"@type":"PropertyValueSpecification","valueRequired":true,"valueName":"search_term_string"}}],"inLanguage":"ca"},{"@type":"Organization","@id":"https:\/\/www.cercledecultura.org\/ca\/#organization","name":"Cercle de Cultura","url":"https:\/\/www.cercledecultura.org\/ca\/","logo":{"@type":"ImageObject","inLanguage":"ca","@id":"https:\/\/www.cercledecultura.org\/ca\/#\/schema\/logo\/image\/","url":"https:\/\/www.cercledecultura.org\/wp-content\/uploads\/2020\/01\/logo-cercle-de-cultura.png","contentUrl":"https:\/\/www.cercledecultura.org\/wp-content\/uploads\/2020\/01\/logo-cercle-de-cultura.png","width":350,"height":195,"caption":"Cercle de Cultura"},"image":{"@id":"https:\/\/www.cercledecultura.org\/ca\/#\/schema\/logo\/image\/"}},{"@type":"Person","@id":"https:\/\/www.cercledecultura.org\/ca\/#\/schema\/person\/269db25cfadcb4bd2e41781c819942f9","name":"admin","image":{"@type":"ImageObject","inLanguage":"ca","@id":"https:\/\/secure.gravatar.com\/avatar\/e88a8bb50a361c6d45c4709770a3d765016be4b5d85313447b91d0d707434ad9?s=96&d=mm&r=g","url":"https:\/\/secure.gravatar.com\/avatar\/e88a8bb50a361c6d45c4709770a3d765016be4b5d85313447b91d0d707434ad9?s=96&d=mm&r=g","contentUrl":"https:\/\/secure.gravatar.com\/avatar\/e88a8bb50a361c6d45c4709770a3d765016be4b5d85313447b91d0d707434ad9?s=96&d=mm&r=g","caption":"admin"},"url":"https:\/\/www.cercledecultura.org\/ca\/author\/seic_trzh7tdr\/"}]}},"_links":{"self":[{"href":"https:\/\/www.cercledecultura.org\/ca\/wp-json\/wp\/v2\/posts\/741","targetHints":{"allow":["GET"]}}],"collection":[{"href":"https:\/\/www.cercledecultura.org\/ca\/wp-json\/wp\/v2\/posts"}],"about":[{"href":"https:\/\/www.cercledecultura.org\/ca\/wp-json\/wp\/v2\/types\/post"}],"author":[{"embeddable":true,"href":"https:\/\/www.cercledecultura.org\/ca\/wp-json\/wp\/v2\/users\/1"}],"replies":[{"embeddable":true,"href":"https:\/\/www.cercledecultura.org\/ca\/wp-json\/wp\/v2\/comments?post=741"}],"version-history":[{"count":1,"href":"https:\/\/www.cercledecultura.org\/ca\/wp-json\/wp\/v2\/posts\/741\/revisions"}],"predecessor-version":[{"id":1129,"href":"https:\/\/www.cercledecultura.org\/ca\/wp-json\/wp\/v2\/posts\/741\/revisions\/1129"}],"wp:featuredmedia":[{"embeddable":true,"href":"https:\/\/www.cercledecultura.org\/ca\/wp-json\/wp\/v2\/media\/742"}],"wp:attachment":[{"href":"https:\/\/www.cercledecultura.org\/ca\/wp-json\/wp\/v2\/media?parent=741"}],"wp:term":[{"taxonomy":"category","embeddable":true,"href":"https:\/\/www.cercledecultura.org\/ca\/wp-json\/wp\/v2\/categories?post=741"},{"taxonomy":"post_tag","embeddable":true,"href":"https:\/\/www.cercledecultura.org\/ca\/wp-json\/wp\/v2\/tags?post=741"}],"curies":[{"name":"wp","href":"https:\/\/api.w.org\/{rel}","templated":true}]}}