{"id":728,"date":"2016-10-13T02:13:00","date_gmt":"2016-10-13T02:13:00","guid":{"rendered":"https:\/\/pre.cercledecultura.org\/futur_llibre_era_digital\/"},"modified":"2021-02-23T09:59:29","modified_gmt":"2021-02-23T09:59:29","slug":"futur_llibre_era_digital","status":"publish","type":"post","link":"https:\/\/www.cercledecultura.org\/ca\/futur_llibre_era_digital\/","title":{"rendered":"El futur del llibre a l&#8217;era digital"},"content":{"rendered":"<p>Barcelona acull la fira internacional Liber 2016. Coincidint amb aquest gran esdeveniment del m\u00f3n editorial catal\u00e0, espanyol i llatinoameric\u00e0, destaquem dos recents reflexions sobre el present i futur del m\u00f3n de llibre a l&#8217;era digital, que incideixen en temes clau com la propietat intel\u00b7lectual o el debat entre el llibre impr\u00e8s i l&#8217;electr\u00f2nic.  El primer article, signat per dos dels principals responsables de la Uni\u00f3 Internacional d&#8217;Editors, Jos\u00e9 Borguino i Ben Steward, defensa que el dret d&#8217;autor constitueix alhora el fonament i el motor de un ecosistema mundial, social, cultural i econ\u00f2mic, que impregna el conjunt de l&#8217;esfera humana. En aquest sentit, els autors adverteixen de canvis legislatius sobre la propietat intel\u00b7lectual (PI) alhora d&#8217;adaptar-se a l&#8217;entorn digital que han comportat efectes molt negatius a la ind\u00fastria editorial, com \u00e9s el cas dels canvis normatius del dret d&#8217;autor adoptats pel Canad\u00e0 el 2012. A m\u00e9s de fer una defensa aferrissada de la PI, l&#8217;article analitza 6 iniciatives exitoses dins el m\u00f3n digital que obren noves perspectives a la ind\u00fastria editorial i de connexi\u00f3 m\u00e9s estreta entre lectors i autors. El podreu llegir \u00edntegre en aquest enlla\u00e7 (p\u00e0gines 34 a 38): http:\/\/www.wipo.int\/export\/sites\/www\/wipo_magazine\/es\/pdf\/2016\/wipo_pub_121_2016_03.pdf  El segon article, de la soci\u00f2loga Brenda Navarro, reflexiona sobre la sostenibilitat de la creaci\u00f3 liter\u00e0ria, entenent que aquesta dep\u00e8n de des diverses formes de relacionar-nos amb les noves tecnologies i el mercat editorial, i no del suport que la contingui. En aquest sentit, l&#8217;autora afirma que la discussi\u00f3 entre les editorials en paper i les digitals amaga el que \u00e9s realment important que \u00e9s adre\u00e7ar-se al lector i preguntar-se qui \u00e9s, i com i perqu\u00e8 llegeix una obra escrita. En aquest sentit, Navarro apunta noves formes de consum dl llibre, tot afirmant que el nou ecosistema digital obliga a creadors i editorials a ser m\u00e9s creatius, tant des d&#8217;una \u00f2ptica liter\u00e0ria com empresarial. Podreu llegir el text d&#8217;aquest article en aquest enlla\u00e7: https:\/\/telos.fundaciontelefonica.com\/url-direct\/pdf-generator?tipoContenido=articuloTelos&#038;idContenido=2016071314520001&#038;idioma=es  \u00a0<\/p>\n","protected":false},"excerpt":{"rendered":"<p>Barcelona acull la fira internacional Liber 2016. Coincidint amb aquest gran esdeveniment del m\u00f3n editorial catal\u00e0, espanyol i llatinoameric\u00e0, destaquem dos recents reflexions sobre el present i futur del m\u00f3n de llibre a l&#8217;era digital, que incideixen en temes clau com la propietat intel\u00b7lectual o el debat entre el llibre impr\u00e8s i l&#8217;electr\u00f2nic.<\/p>\n","protected":false},"author":1,"featured_media":729,"comment_status":"open","ping_status":"closed","sticky":false,"template":"","format":"standard","meta":{"footnotes":""},"categories":[26],"tags":[266,17,296,295,117],"class_list":["post-728","post","type-post","status-publish","format-standard","has-post-thumbnail","hentry","category-noticies","tag-autor","tag-economia","tag-editorial","tag-liber-llibre","tag-propietat-intellectual"],"yoast_head":"<!-- This site is optimized with the Yoast SEO plugin v27.4 - https:\/\/yoast.com\/product\/yoast-seo-wordpress\/ -->\n<title>El futur del llibre a l&#039;era digital - Cercle de Cultura<\/title>\n<meta name=\"robots\" content=\"index, follow, max-snippet:-1, max-image-preview:large, max-video-preview:-1\" \/>\n<link rel=\"canonical\" href=\"https:\/\/www.cercledecultura.org\/ca\/futur_llibre_era_digital\/\" \/>\n<meta property=\"og:locale\" content=\"ca_ES\" \/>\n<meta property=\"og:type\" content=\"article\" \/>\n<meta property=\"og:title\" content=\"El futur del llibre a l&#039;era digital - Cercle de Cultura\" \/>\n<meta property=\"og:description\" content=\"Barcelona acull la fira internacional Liber 2016. Coincidint amb aquest gran esdeveniment del m\u00f3n editorial catal\u00e0, espanyol i llatinoameric\u00e0, destaquem dos recents reflexions sobre el present i futur del m\u00f3n de llibre a l&#039;era digital, que incideixen en temes clau com la propietat intel\u00b7lectual o el debat entre el llibre impr\u00e8s i l&#039;electr\u00f2nic.\" \/>\n<meta property=\"og:url\" content=\"https:\/\/www.cercledecultura.org\/ca\/futur_llibre_era_digital\/\" \/>\n<meta property=\"og:site_name\" content=\"Cercle de Cultura\" \/>\n<meta property=\"article:published_time\" content=\"2016-10-13T02:13:00+00:00\" \/>\n<meta property=\"article:modified_time\" content=\"2021-02-23T09:59:29+00:00\" \/>\n<meta property=\"og:image\" content=\"https:\/\/www.cercledecultura.org\/wp-content\/uploads\/2021\/02\/7iOX3nUzEyO3XPytyPOiA.jpg\" \/>\n\t<meta property=\"og:image:width\" content=\"291\" \/>\n\t<meta property=\"og:image:height\" content=\"194\" \/>\n\t<meta property=\"og:image:type\" content=\"image\/jpeg\" \/>\n<meta name=\"author\" content=\"admin\" \/>\n<meta name=\"twitter:card\" content=\"summary_large_image\" \/>\n<meta name=\"twitter:label1\" content=\"Escrit per\" \/>\n\t<meta name=\"twitter:data1\" content=\"admin\" \/>\n\t<meta name=\"twitter:label2\" content=\"Temps estimat de lectura\" \/>\n\t<meta name=\"twitter:data2\" content=\"2 minuts\" \/>\n<script type=\"application\/ld+json\" class=\"yoast-schema-graph\">{\"@context\":\"https:\\\/\\\/schema.org\",\"@graph\":[{\"@type\":\"Article\",\"@id\":\"https:\\\/\\\/www.cercledecultura.org\\\/ca\\\/futur_llibre_era_digital\\\/#article\",\"isPartOf\":{\"@id\":\"https:\\\/\\\/www.cercledecultura.org\\\/ca\\\/futur_llibre_era_digital\\\/\"},\"author\":{\"name\":\"admin\",\"@id\":\"https:\\\/\\\/www.cercledecultura.org\\\/ca\\\/#\\\/schema\\\/person\\\/269db25cfadcb4bd2e41781c819942f9\"},\"headline\":\"El futur del llibre a l&#8217;era digital\",\"datePublished\":\"2016-10-13T02:13:00+00:00\",\"dateModified\":\"2021-02-23T09:59:29+00:00\",\"mainEntityOfPage\":{\"@id\":\"https:\\\/\\\/www.cercledecultura.org\\\/ca\\\/futur_llibre_era_digital\\\/\"},\"wordCount\":372,\"commentCount\":0,\"publisher\":{\"@id\":\"https:\\\/\\\/www.cercledecultura.org\\\/ca\\\/#organization\"},\"image\":{\"@id\":\"https:\\\/\\\/www.cercledecultura.org\\\/ca\\\/futur_llibre_era_digital\\\/#primaryimage\"},\"thumbnailUrl\":\"https:\\\/\\\/www.cercledecultura.org\\\/wp-content\\\/uploads\\\/2021\\\/02\\\/7iOX3nUzEyO3XPytyPOiA.jpg\",\"keywords\":[\"autor\",\"Economia\",\"editorial\",\"Liber. llibre\",\"propietat intel\u00b7lectual\"],\"articleSection\":[\"Not\u00edcies\"],\"inLanguage\":\"ca\",\"potentialAction\":[{\"@type\":\"CommentAction\",\"name\":\"Comment\",\"target\":[\"https:\\\/\\\/www.cercledecultura.org\\\/ca\\\/futur_llibre_era_digital\\\/#respond\"]}]},{\"@type\":\"WebPage\",\"@id\":\"https:\\\/\\\/www.cercledecultura.org\\\/ca\\\/futur_llibre_era_digital\\\/\",\"url\":\"https:\\\/\\\/www.cercledecultura.org\\\/ca\\\/futur_llibre_era_digital\\\/\",\"name\":\"El futur del llibre a l'era digital - Cercle de Cultura\",\"isPartOf\":{\"@id\":\"https:\\\/\\\/www.cercledecultura.org\\\/ca\\\/#website\"},\"primaryImageOfPage\":{\"@id\":\"https:\\\/\\\/www.cercledecultura.org\\\/ca\\\/futur_llibre_era_digital\\\/#primaryimage\"},\"image\":{\"@id\":\"https:\\\/\\\/www.cercledecultura.org\\\/ca\\\/futur_llibre_era_digital\\\/#primaryimage\"},\"thumbnailUrl\":\"https:\\\/\\\/www.cercledecultura.org\\\/wp-content\\\/uploads\\\/2021\\\/02\\\/7iOX3nUzEyO3XPytyPOiA.jpg\",\"datePublished\":\"2016-10-13T02:13:00+00:00\",\"dateModified\":\"2021-02-23T09:59:29+00:00\",\"breadcrumb\":{\"@id\":\"https:\\\/\\\/www.cercledecultura.org\\\/ca\\\/futur_llibre_era_digital\\\/#breadcrumb\"},\"inLanguage\":\"ca\",\"potentialAction\":[{\"@type\":\"ReadAction\",\"target\":[\"https:\\\/\\\/www.cercledecultura.org\\\/ca\\\/futur_llibre_era_digital\\\/\"]}]},{\"@type\":\"ImageObject\",\"inLanguage\":\"ca\",\"@id\":\"https:\\\/\\\/www.cercledecultura.org\\\/ca\\\/futur_llibre_era_digital\\\/#primaryimage\",\"url\":\"https:\\\/\\\/www.cercledecultura.org\\\/wp-content\\\/uploads\\\/2021\\\/02\\\/7iOX3nUzEyO3XPytyPOiA.jpg\",\"contentUrl\":\"https:\\\/\\\/www.cercledecultura.org\\\/wp-content\\\/uploads\\\/2021\\\/02\\\/7iOX3nUzEyO3XPytyPOiA.jpg\",\"width\":291,\"height\":194},{\"@type\":\"BreadcrumbList\",\"@id\":\"https:\\\/\\\/www.cercledecultura.org\\\/ca\\\/futur_llibre_era_digital\\\/#breadcrumb\",\"itemListElement\":[{\"@type\":\"ListItem\",\"position\":1,\"name\":\"Portada\",\"item\":\"https:\\\/\\\/www.cercledecultura.org\\\/ca\\\/\"},{\"@type\":\"ListItem\",\"position\":2,\"name\":\"El futur del llibre a l&#8217;era digital\"}]},{\"@type\":\"WebSite\",\"@id\":\"https:\\\/\\\/www.cercledecultura.org\\\/ca\\\/#website\",\"url\":\"https:\\\/\\\/www.cercledecultura.org\\\/ca\\\/\",\"name\":\"Cercle de Cultura\",\"description\":\"Entitat de car\u00e0cter privat i associatiu, independent, amb voluntat de participar en la vida p\u00fablica des de la pluralitat ideol\u00f2gica dels seus membres fundadors i futurs associats\",\"publisher\":{\"@id\":\"https:\\\/\\\/www.cercledecultura.org\\\/ca\\\/#organization\"},\"potentialAction\":[{\"@type\":\"SearchAction\",\"target\":{\"@type\":\"EntryPoint\",\"urlTemplate\":\"https:\\\/\\\/www.cercledecultura.org\\\/ca\\\/?s={search_term_string}\"},\"query-input\":{\"@type\":\"PropertyValueSpecification\",\"valueRequired\":true,\"valueName\":\"search_term_string\"}}],\"inLanguage\":\"ca\"},{\"@type\":\"Organization\",\"@id\":\"https:\\\/\\\/www.cercledecultura.org\\\/ca\\\/#organization\",\"name\":\"Cercle de Cultura\",\"url\":\"https:\\\/\\\/www.cercledecultura.org\\\/ca\\\/\",\"logo\":{\"@type\":\"ImageObject\",\"inLanguage\":\"ca\",\"@id\":\"https:\\\/\\\/www.cercledecultura.org\\\/ca\\\/#\\\/schema\\\/logo\\\/image\\\/\",\"url\":\"https:\\\/\\\/www.cercledecultura.org\\\/wp-content\\\/uploads\\\/2020\\\/01\\\/logo-cercle-de-cultura.png\",\"contentUrl\":\"https:\\\/\\\/www.cercledecultura.org\\\/wp-content\\\/uploads\\\/2020\\\/01\\\/logo-cercle-de-cultura.png\",\"width\":350,\"height\":195,\"caption\":\"Cercle de Cultura\"},\"image\":{\"@id\":\"https:\\\/\\\/www.cercledecultura.org\\\/ca\\\/#\\\/schema\\\/logo\\\/image\\\/\"}},{\"@type\":\"Person\",\"@id\":\"https:\\\/\\\/www.cercledecultura.org\\\/ca\\\/#\\\/schema\\\/person\\\/269db25cfadcb4bd2e41781c819942f9\",\"name\":\"admin\",\"image\":{\"@type\":\"ImageObject\",\"inLanguage\":\"ca\",\"@id\":\"https:\\\/\\\/secure.gravatar.com\\\/avatar\\\/e88a8bb50a361c6d45c4709770a3d765016be4b5d85313447b91d0d707434ad9?s=96&d=mm&r=g\",\"url\":\"https:\\\/\\\/secure.gravatar.com\\\/avatar\\\/e88a8bb50a361c6d45c4709770a3d765016be4b5d85313447b91d0d707434ad9?s=96&d=mm&r=g\",\"contentUrl\":\"https:\\\/\\\/secure.gravatar.com\\\/avatar\\\/e88a8bb50a361c6d45c4709770a3d765016be4b5d85313447b91d0d707434ad9?s=96&d=mm&r=g\",\"caption\":\"admin\"},\"url\":\"https:\\\/\\\/www.cercledecultura.org\\\/ca\\\/author\\\/seic_trzh7tdr\\\/\"}]}<\/script>\n<!-- \/ Yoast SEO plugin. -->","yoast_head_json":{"title":"El futur del llibre a l'era digital - Cercle de Cultura","robots":{"index":"index","follow":"follow","max-snippet":"max-snippet:-1","max-image-preview":"max-image-preview:large","max-video-preview":"max-video-preview:-1"},"canonical":"https:\/\/www.cercledecultura.org\/ca\/futur_llibre_era_digital\/","og_locale":"ca_ES","og_type":"article","og_title":"El futur del llibre a l'era digital - Cercle de Cultura","og_description":"Barcelona acull la fira internacional Liber 2016. Coincidint amb aquest gran esdeveniment del m\u00f3n editorial catal\u00e0, espanyol i llatinoameric\u00e0, destaquem dos recents reflexions sobre el present i futur del m\u00f3n de llibre a l'era digital, que incideixen en temes clau com la propietat intel\u00b7lectual o el debat entre el llibre impr\u00e8s i l'electr\u00f2nic.","og_url":"https:\/\/www.cercledecultura.org\/ca\/futur_llibre_era_digital\/","og_site_name":"Cercle de Cultura","article_published_time":"2016-10-13T02:13:00+00:00","article_modified_time":"2021-02-23T09:59:29+00:00","og_image":[{"width":291,"height":194,"url":"https:\/\/www.cercledecultura.org\/wp-content\/uploads\/2021\/02\/7iOX3nUzEyO3XPytyPOiA.jpg","type":"image\/jpeg"}],"author":"admin","twitter_card":"summary_large_image","twitter_misc":{"Escrit per":"admin","Temps estimat de lectura":"2 minuts"},"schema":{"@context":"https:\/\/schema.org","@graph":[{"@type":"Article","@id":"https:\/\/www.cercledecultura.org\/ca\/futur_llibre_era_digital\/#article","isPartOf":{"@id":"https:\/\/www.cercledecultura.org\/ca\/futur_llibre_era_digital\/"},"author":{"name":"admin","@id":"https:\/\/www.cercledecultura.org\/ca\/#\/schema\/person\/269db25cfadcb4bd2e41781c819942f9"},"headline":"El futur del llibre a l&#8217;era digital","datePublished":"2016-10-13T02:13:00+00:00","dateModified":"2021-02-23T09:59:29+00:00","mainEntityOfPage":{"@id":"https:\/\/www.cercledecultura.org\/ca\/futur_llibre_era_digital\/"},"wordCount":372,"commentCount":0,"publisher":{"@id":"https:\/\/www.cercledecultura.org\/ca\/#organization"},"image":{"@id":"https:\/\/www.cercledecultura.org\/ca\/futur_llibre_era_digital\/#primaryimage"},"thumbnailUrl":"https:\/\/www.cercledecultura.org\/wp-content\/uploads\/2021\/02\/7iOX3nUzEyO3XPytyPOiA.jpg","keywords":["autor","Economia","editorial","Liber. llibre","propietat intel\u00b7lectual"],"articleSection":["Not\u00edcies"],"inLanguage":"ca","potentialAction":[{"@type":"CommentAction","name":"Comment","target":["https:\/\/www.cercledecultura.org\/ca\/futur_llibre_era_digital\/#respond"]}]},{"@type":"WebPage","@id":"https:\/\/www.cercledecultura.org\/ca\/futur_llibre_era_digital\/","url":"https:\/\/www.cercledecultura.org\/ca\/futur_llibre_era_digital\/","name":"El futur del llibre a l'era digital - Cercle de Cultura","isPartOf":{"@id":"https:\/\/www.cercledecultura.org\/ca\/#website"},"primaryImageOfPage":{"@id":"https:\/\/www.cercledecultura.org\/ca\/futur_llibre_era_digital\/#primaryimage"},"image":{"@id":"https:\/\/www.cercledecultura.org\/ca\/futur_llibre_era_digital\/#primaryimage"},"thumbnailUrl":"https:\/\/www.cercledecultura.org\/wp-content\/uploads\/2021\/02\/7iOX3nUzEyO3XPytyPOiA.jpg","datePublished":"2016-10-13T02:13:00+00:00","dateModified":"2021-02-23T09:59:29+00:00","breadcrumb":{"@id":"https:\/\/www.cercledecultura.org\/ca\/futur_llibre_era_digital\/#breadcrumb"},"inLanguage":"ca","potentialAction":[{"@type":"ReadAction","target":["https:\/\/www.cercledecultura.org\/ca\/futur_llibre_era_digital\/"]}]},{"@type":"ImageObject","inLanguage":"ca","@id":"https:\/\/www.cercledecultura.org\/ca\/futur_llibre_era_digital\/#primaryimage","url":"https:\/\/www.cercledecultura.org\/wp-content\/uploads\/2021\/02\/7iOX3nUzEyO3XPytyPOiA.jpg","contentUrl":"https:\/\/www.cercledecultura.org\/wp-content\/uploads\/2021\/02\/7iOX3nUzEyO3XPytyPOiA.jpg","width":291,"height":194},{"@type":"BreadcrumbList","@id":"https:\/\/www.cercledecultura.org\/ca\/futur_llibre_era_digital\/#breadcrumb","itemListElement":[{"@type":"ListItem","position":1,"name":"Portada","item":"https:\/\/www.cercledecultura.org\/ca\/"},{"@type":"ListItem","position":2,"name":"El futur del llibre a l&#8217;era digital"}]},{"@type":"WebSite","@id":"https:\/\/www.cercledecultura.org\/ca\/#website","url":"https:\/\/www.cercledecultura.org\/ca\/","name":"Cercle de Cultura","description":"Entitat de car\u00e0cter privat i associatiu, independent, amb voluntat de participar en la vida p\u00fablica des de la pluralitat ideol\u00f2gica dels seus membres fundadors i futurs associats","publisher":{"@id":"https:\/\/www.cercledecultura.org\/ca\/#organization"},"potentialAction":[{"@type":"SearchAction","target":{"@type":"EntryPoint","urlTemplate":"https:\/\/www.cercledecultura.org\/ca\/?s={search_term_string}"},"query-input":{"@type":"PropertyValueSpecification","valueRequired":true,"valueName":"search_term_string"}}],"inLanguage":"ca"},{"@type":"Organization","@id":"https:\/\/www.cercledecultura.org\/ca\/#organization","name":"Cercle de Cultura","url":"https:\/\/www.cercledecultura.org\/ca\/","logo":{"@type":"ImageObject","inLanguage":"ca","@id":"https:\/\/www.cercledecultura.org\/ca\/#\/schema\/logo\/image\/","url":"https:\/\/www.cercledecultura.org\/wp-content\/uploads\/2020\/01\/logo-cercle-de-cultura.png","contentUrl":"https:\/\/www.cercledecultura.org\/wp-content\/uploads\/2020\/01\/logo-cercle-de-cultura.png","width":350,"height":195,"caption":"Cercle de Cultura"},"image":{"@id":"https:\/\/www.cercledecultura.org\/ca\/#\/schema\/logo\/image\/"}},{"@type":"Person","@id":"https:\/\/www.cercledecultura.org\/ca\/#\/schema\/person\/269db25cfadcb4bd2e41781c819942f9","name":"admin","image":{"@type":"ImageObject","inLanguage":"ca","@id":"https:\/\/secure.gravatar.com\/avatar\/e88a8bb50a361c6d45c4709770a3d765016be4b5d85313447b91d0d707434ad9?s=96&d=mm&r=g","url":"https:\/\/secure.gravatar.com\/avatar\/e88a8bb50a361c6d45c4709770a3d765016be4b5d85313447b91d0d707434ad9?s=96&d=mm&r=g","contentUrl":"https:\/\/secure.gravatar.com\/avatar\/e88a8bb50a361c6d45c4709770a3d765016be4b5d85313447b91d0d707434ad9?s=96&d=mm&r=g","caption":"admin"},"url":"https:\/\/www.cercledecultura.org\/ca\/author\/seic_trzh7tdr\/"}]}},"_links":{"self":[{"href":"https:\/\/www.cercledecultura.org\/ca\/wp-json\/wp\/v2\/posts\/728","targetHints":{"allow":["GET"]}}],"collection":[{"href":"https:\/\/www.cercledecultura.org\/ca\/wp-json\/wp\/v2\/posts"}],"about":[{"href":"https:\/\/www.cercledecultura.org\/ca\/wp-json\/wp\/v2\/types\/post"}],"author":[{"embeddable":true,"href":"https:\/\/www.cercledecultura.org\/ca\/wp-json\/wp\/v2\/users\/1"}],"replies":[{"embeddable":true,"href":"https:\/\/www.cercledecultura.org\/ca\/wp-json\/wp\/v2\/comments?post=728"}],"version-history":[{"count":1,"href":"https:\/\/www.cercledecultura.org\/ca\/wp-json\/wp\/v2\/posts\/728\/revisions"}],"predecessor-version":[{"id":1122,"href":"https:\/\/www.cercledecultura.org\/ca\/wp-json\/wp\/v2\/posts\/728\/revisions\/1122"}],"wp:featuredmedia":[{"embeddable":true,"href":"https:\/\/www.cercledecultura.org\/ca\/wp-json\/wp\/v2\/media\/729"}],"wp:attachment":[{"href":"https:\/\/www.cercledecultura.org\/ca\/wp-json\/wp\/v2\/media?parent=728"}],"wp:term":[{"taxonomy":"category","embeddable":true,"href":"https:\/\/www.cercledecultura.org\/ca\/wp-json\/wp\/v2\/categories?post=728"},{"taxonomy":"post_tag","embeddable":true,"href":"https:\/\/www.cercledecultura.org\/ca\/wp-json\/wp\/v2\/tags?post=728"}],"curies":[{"name":"wp","href":"https:\/\/api.w.org\/{rel}","templated":true}]}}