{"id":722,"date":"2016-09-15T08:31:00","date_gmt":"2016-09-15T08:31:00","guid":{"rendered":"https:\/\/pre.cercledecultura.org\/exit_continguts_culturals_saul_gordillo\/"},"modified":"2021-02-23T09:33:41","modified_gmt":"2021-02-23T09:33:41","slug":"exit_continguts_culturals_saul_gordillo","status":"publish","type":"post","link":"https:\/\/www.cercledecultura.org\/ca\/exit_continguts_culturals_saul_gordillo\/","title":{"rendered":"Aposta per l&#8217;\u00e8xit dels continguts culturals"},"content":{"rendered":"<p>La nova temporada de Catalunya R\u00e0dio ha generat un debat a l&#8217;entorn dels seus continguts culturals. Des de l&#8217;arribada de la nova direcci\u00f3, a mitjans del passat gener, l&#8217;emissora ja no disposa d&#8217;un cap de Programes sin\u00f3 que ho \u00e9s de Continguts. Aquesta decisi\u00f3 respon a la voluntat, des del primer moment, de tractar els continguts audiovisuals m\u00e9s enll\u00e0 de la rigidesa de la graella tradicional de r\u00e0dio.  \u00c9s un bon s\u00edmptoma que la proposta de la r\u00e0dio p\u00fablica susciti debat perqu\u00e8 demostra que l\u2019emissora est\u00e0 sent capa\u00e7 de traslladar la il\u00b7lusi\u00f3 interna que marca aquesta nova etapa, que hem considerat renovadora, innovadora, rejovenidora i arriscada. Catalunya R\u00e0dio \u00e9s la generalista del grup d\u2019emissores, i com a tal t\u00e9 l\u2019obligaci\u00f3 d\u2019oferir continguts que interessin el m\u00e0xim d\u2019audi\u00e8ncia possible acomplint l\u2019enc\u00e0rrec de servei p\u00fablic que, des del 20 de juny de 1983, satisf\u00e0 la ciutadania amb qualitat i amb una acceptaci\u00f3 social molt alta.   \u00a0Una de les conquestes dels \u00faltims anys a Catalunya R\u00e0dio \u00e9s que la cultura formi part dels continguts transversals de la programaci\u00f3. La cultura hi \u00e9s a pertot, no queda limitada a espais concrets, tot i que, a m\u00e9s, l\u2019emissora ofereix programes culturals espec\u00edfics i de refer\u00e8ncia. Catalunya R\u00e0dio aposta per la informaci\u00f3, l&#8217;esport i la cultura, inserida aquesta \u00faltima en programes de m\u00e0xima audi\u00e8ncia i vinculada a un entreteniment de qualitat. Aix\u00f2 \u00e9s m\u00e8rit de totes les direccions i de tots els professionals de la casa, i no esdev\u00e9 cap novetat com tampoc \u00e9s revolucionari que l\u2019emissora generalista tingui programes informatius o esportius. En l\u2019etapa actual, hem posat l\u2019\u00e8mfasi en la import\u00e0ncia de concebre la nostra oferta com una bona proposta de continguts al marge de les franges hor\u00e0ries o del format r\u00edgid dels programes cl\u00e0ssics. \u00c9s per aix\u00f2 que la distribuci\u00f3 de seccions i espais culturals destaca actualment m\u00e9s enll\u00e0 de formar part o no d\u2019un programa monogr\u00e0fic.  \u00a0  El debat sobre la conveni\u00e8ncia de programes culturals espec\u00edfics o sobre la distribuci\u00f3 transversal dels continguts culturals en el conjunt de la programaci\u00f3 no \u00e9s nou ni exclusiu dels nostres mitjans p\u00fablics. Ning\u00fa no ha acabat de trobar una f\u00f3rmula definitiva, i en un context d&#8217;innovaci\u00f3, de distribuci\u00f3 de continguts digitals, encapsulats i per xarxes socials, l&#8217;aposta per un model d&#8217;\u00e8xit basat en la cultura dins de la programaci\u00f3 de m\u00e0xima audi\u00e8ncia sembla encertada.   \u00a0  Els mitjans p\u00fablics tenen sentit si hi ha p\u00fablic, i el p\u00fablic es capta amb propostes atractives que generin audi\u00e8ncia. A Catalunya R\u00e0dio, els programes m\u00e9s escoltats al mat\u00ed i a les tardes incorporen amb normalitat i desacomplexament els continguts culturals que des d&#8217;alguns \u00e0mbits del sector es reclamen tancats en programes espec\u00edfics. Catalunya R\u00e0dio t\u00e9 programes culturals de refer\u00e8ncia, per\u00f2 el seu contingut sovint est\u00e0 vinculat a continguts que dif\u00edcilment es poden oferir en programes l\u00edders. Sense renunciar a marques i programes de culte, Catalunya R\u00e0dio mant\u00e9 fermament l&#8217;aposta per col\u00b7laboradors, seccions, c\u00e0psules i entrevistes vinculades a la cultura i les lletres en el conjunt de la seva graella. Creiem que \u00e9s el millor per al sector i per al mitj\u00e0. I ho creiem pensant en l&#8217;audi\u00e8ncia i en el mandat de servei p\u00fablic que tenim assumit.  Sa\u00fcl Gordillo, director de Catalunya R\u00e0dio  \u00a0<\/p>\n","protected":false},"excerpt":{"rendered":"<p>Sa\u00fcl Gordillo, director de Catalunya R\u00e0dio, entra de nou en el debat sobre quina ha de ser la pres\u00e8ncia de la creaci\u00f3 cultural i art\u00edstica a la r\u00e0dio nacional i, per extensi\u00f3, al conjunt dels mitjans de comunicaci\u00f3 p\u00fablics. En aquest article, que publiquem en exclusiva, Gordillo defensa que la cultura sigui un contingut transversal als mitjans p\u00fablics, especialment als programes de m\u00e0xima audi\u00e8ncia, com a millor estrat\u00e8gia per fer-los arribar al conjunt de la societat.<\/p>\n","protected":false},"author":1,"featured_media":723,"comment_status":"open","ping_status":"closed","sticky":false,"template":"","format":"standard","meta":{"footnotes":""},"categories":[24],"tags":[289,288,5,269,23,286,287,290],"class_list":["post-722","post","type-post","status-publish","format-standard","has-post-thumbnail","hentry","category-opinio","tag-audiencies","tag-catalunya-radio","tag-cultura","tag-mitjans-de-comunicacio","tag-public","tag-radio","tag-saul-gordillo","tag-servei-public"],"yoast_head":"<!-- This site is optimized with the Yoast SEO plugin v27.5 - https:\/\/yoast.com\/product\/yoast-seo-wordpress\/ -->\n<title>Aposta per l&#039;\u00e8xit dels continguts culturals - Cercle de Cultura<\/title>\n<meta name=\"robots\" content=\"index, follow, max-snippet:-1, max-image-preview:large, max-video-preview:-1\" \/>\n<link rel=\"canonical\" href=\"https:\/\/www.cercledecultura.org\/ca\/exit_continguts_culturals_saul_gordillo\/\" \/>\n<meta property=\"og:locale\" content=\"ca_ES\" \/>\n<meta property=\"og:type\" content=\"article\" \/>\n<meta property=\"og:title\" content=\"Aposta per l&#039;\u00e8xit dels continguts culturals - Cercle de Cultura\" \/>\n<meta property=\"og:description\" content=\"Sa\u00fcl Gordillo, director de Catalunya R\u00e0dio, entra de nou en el debat sobre quina ha de ser la pres\u00e8ncia de la creaci\u00f3 cultural i art\u00edstica a la r\u00e0dio nacional i, per extensi\u00f3, al conjunt dels mitjans de comunicaci\u00f3 p\u00fablics. En aquest article, que publiquem en exclusiva, Gordillo defensa que la cultura sigui un contingut transversal als mitjans p\u00fablics, especialment als programes de m\u00e0xima audi\u00e8ncia, com a millor estrat\u00e8gia per fer-los arribar al conjunt de la societat.\" \/>\n<meta property=\"og:url\" content=\"https:\/\/www.cercledecultura.org\/ca\/exit_continguts_culturals_saul_gordillo\/\" \/>\n<meta property=\"og:site_name\" content=\"Cercle de Cultura\" \/>\n<meta property=\"article:published_time\" content=\"2016-09-15T08:31:00+00:00\" \/>\n<meta property=\"article:modified_time\" content=\"2021-02-23T09:33:41+00:00\" \/>\n<meta property=\"og:image\" content=\"https:\/\/www.cercledecultura.org\/wp-content\/uploads\/2021\/02\/Eh4wMgrmEWGqvwBaiqDVw.jpg\" \/>\n\t<meta property=\"og:image:width\" content=\"788\" \/>\n\t<meta property=\"og:image:height\" content=\"525\" \/>\n\t<meta property=\"og:image:type\" content=\"image\/jpeg\" \/>\n<meta name=\"author\" content=\"admin\" \/>\n<meta name=\"twitter:card\" content=\"summary_large_image\" \/>\n<meta name=\"twitter:label1\" content=\"Escrit per\" \/>\n\t<meta name=\"twitter:data1\" content=\"admin\" \/>\n\t<meta name=\"twitter:label2\" content=\"Temps estimat de lectura\" \/>\n\t<meta name=\"twitter:data2\" content=\"3 minuts\" \/>\n<script type=\"application\/ld+json\" class=\"yoast-schema-graph\">{\"@context\":\"https:\\\/\\\/schema.org\",\"@graph\":[{\"@type\":\"Article\",\"@id\":\"https:\\\/\\\/www.cercledecultura.org\\\/ca\\\/exit_continguts_culturals_saul_gordillo\\\/#article\",\"isPartOf\":{\"@id\":\"https:\\\/\\\/www.cercledecultura.org\\\/ca\\\/exit_continguts_culturals_saul_gordillo\\\/\"},\"author\":{\"name\":\"admin\",\"@id\":\"https:\\\/\\\/www.cercledecultura.org\\\/ca\\\/#\\\/schema\\\/person\\\/269db25cfadcb4bd2e41781c819942f9\"},\"headline\":\"Aposta per l&#8217;\u00e8xit dels continguts culturals\",\"datePublished\":\"2016-09-15T08:31:00+00:00\",\"dateModified\":\"2021-02-23T09:33:41+00:00\",\"mainEntityOfPage\":{\"@id\":\"https:\\\/\\\/www.cercledecultura.org\\\/ca\\\/exit_continguts_culturals_saul_gordillo\\\/\"},\"wordCount\":608,\"commentCount\":0,\"publisher\":{\"@id\":\"https:\\\/\\\/www.cercledecultura.org\\\/ca\\\/#organization\"},\"image\":{\"@id\":\"https:\\\/\\\/www.cercledecultura.org\\\/ca\\\/exit_continguts_culturals_saul_gordillo\\\/#primaryimage\"},\"thumbnailUrl\":\"https:\\\/\\\/www.cercledecultura.org\\\/wp-content\\\/uploads\\\/2021\\\/02\\\/Eh4wMgrmEWGqvwBaiqDVw.jpg\",\"keywords\":[\"audi\u00e8ncies\",\"Catalunya R\u00e0dio\",\"Cultura\",\"mitjans de comunicaci\u00f3\",\"P\u00fablic\",\"r\u00e0dio\",\"Sa\u00fcl Gordillo\",\"servei p\u00fablic\"],\"articleSection\":[\"Opini\u00f3\"],\"inLanguage\":\"ca\",\"potentialAction\":[{\"@type\":\"CommentAction\",\"name\":\"Comment\",\"target\":[\"https:\\\/\\\/www.cercledecultura.org\\\/ca\\\/exit_continguts_culturals_saul_gordillo\\\/#respond\"]}]},{\"@type\":\"WebPage\",\"@id\":\"https:\\\/\\\/www.cercledecultura.org\\\/ca\\\/exit_continguts_culturals_saul_gordillo\\\/\",\"url\":\"https:\\\/\\\/www.cercledecultura.org\\\/ca\\\/exit_continguts_culturals_saul_gordillo\\\/\",\"name\":\"Aposta per l'\u00e8xit dels continguts culturals - Cercle de Cultura\",\"isPartOf\":{\"@id\":\"https:\\\/\\\/www.cercledecultura.org\\\/ca\\\/#website\"},\"primaryImageOfPage\":{\"@id\":\"https:\\\/\\\/www.cercledecultura.org\\\/ca\\\/exit_continguts_culturals_saul_gordillo\\\/#primaryimage\"},\"image\":{\"@id\":\"https:\\\/\\\/www.cercledecultura.org\\\/ca\\\/exit_continguts_culturals_saul_gordillo\\\/#primaryimage\"},\"thumbnailUrl\":\"https:\\\/\\\/www.cercledecultura.org\\\/wp-content\\\/uploads\\\/2021\\\/02\\\/Eh4wMgrmEWGqvwBaiqDVw.jpg\",\"datePublished\":\"2016-09-15T08:31:00+00:00\",\"dateModified\":\"2021-02-23T09:33:41+00:00\",\"breadcrumb\":{\"@id\":\"https:\\\/\\\/www.cercledecultura.org\\\/ca\\\/exit_continguts_culturals_saul_gordillo\\\/#breadcrumb\"},\"inLanguage\":\"ca\",\"potentialAction\":[{\"@type\":\"ReadAction\",\"target\":[\"https:\\\/\\\/www.cercledecultura.org\\\/ca\\\/exit_continguts_culturals_saul_gordillo\\\/\"]}]},{\"@type\":\"ImageObject\",\"inLanguage\":\"ca\",\"@id\":\"https:\\\/\\\/www.cercledecultura.org\\\/ca\\\/exit_continguts_culturals_saul_gordillo\\\/#primaryimage\",\"url\":\"https:\\\/\\\/www.cercledecultura.org\\\/wp-content\\\/uploads\\\/2021\\\/02\\\/Eh4wMgrmEWGqvwBaiqDVw.jpg\",\"contentUrl\":\"https:\\\/\\\/www.cercledecultura.org\\\/wp-content\\\/uploads\\\/2021\\\/02\\\/Eh4wMgrmEWGqvwBaiqDVw.jpg\",\"width\":788,\"height\":525},{\"@type\":\"BreadcrumbList\",\"@id\":\"https:\\\/\\\/www.cercledecultura.org\\\/ca\\\/exit_continguts_culturals_saul_gordillo\\\/#breadcrumb\",\"itemListElement\":[{\"@type\":\"ListItem\",\"position\":1,\"name\":\"Portada\",\"item\":\"https:\\\/\\\/www.cercledecultura.org\\\/ca\\\/\"},{\"@type\":\"ListItem\",\"position\":2,\"name\":\"Aposta per l&#8217;\u00e8xit dels continguts culturals\"}]},{\"@type\":\"WebSite\",\"@id\":\"https:\\\/\\\/www.cercledecultura.org\\\/ca\\\/#website\",\"url\":\"https:\\\/\\\/www.cercledecultura.org\\\/ca\\\/\",\"name\":\"Cercle de Cultura\",\"description\":\"Entitat de car\u00e0cter privat i associatiu, independent, amb voluntat de participar en la vida p\u00fablica des de la pluralitat ideol\u00f2gica dels seus membres fundadors i futurs associats\",\"publisher\":{\"@id\":\"https:\\\/\\\/www.cercledecultura.org\\\/ca\\\/#organization\"},\"potentialAction\":[{\"@type\":\"SearchAction\",\"target\":{\"@type\":\"EntryPoint\",\"urlTemplate\":\"https:\\\/\\\/www.cercledecultura.org\\\/ca\\\/?s={search_term_string}\"},\"query-input\":{\"@type\":\"PropertyValueSpecification\",\"valueRequired\":true,\"valueName\":\"search_term_string\"}}],\"inLanguage\":\"ca\"},{\"@type\":\"Organization\",\"@id\":\"https:\\\/\\\/www.cercledecultura.org\\\/ca\\\/#organization\",\"name\":\"Cercle de Cultura\",\"url\":\"https:\\\/\\\/www.cercledecultura.org\\\/ca\\\/\",\"logo\":{\"@type\":\"ImageObject\",\"inLanguage\":\"ca\",\"@id\":\"https:\\\/\\\/www.cercledecultura.org\\\/ca\\\/#\\\/schema\\\/logo\\\/image\\\/\",\"url\":\"https:\\\/\\\/www.cercledecultura.org\\\/wp-content\\\/uploads\\\/2020\\\/01\\\/logo-cercle-de-cultura.png\",\"contentUrl\":\"https:\\\/\\\/www.cercledecultura.org\\\/wp-content\\\/uploads\\\/2020\\\/01\\\/logo-cercle-de-cultura.png\",\"width\":350,\"height\":195,\"caption\":\"Cercle de Cultura\"},\"image\":{\"@id\":\"https:\\\/\\\/www.cercledecultura.org\\\/ca\\\/#\\\/schema\\\/logo\\\/image\\\/\"}},{\"@type\":\"Person\",\"@id\":\"https:\\\/\\\/www.cercledecultura.org\\\/ca\\\/#\\\/schema\\\/person\\\/269db25cfadcb4bd2e41781c819942f9\",\"name\":\"admin\",\"image\":{\"@type\":\"ImageObject\",\"inLanguage\":\"ca\",\"@id\":\"https:\\\/\\\/secure.gravatar.com\\\/avatar\\\/e88a8bb50a361c6d45c4709770a3d765016be4b5d85313447b91d0d707434ad9?s=96&d=mm&r=g\",\"url\":\"https:\\\/\\\/secure.gravatar.com\\\/avatar\\\/e88a8bb50a361c6d45c4709770a3d765016be4b5d85313447b91d0d707434ad9?s=96&d=mm&r=g\",\"contentUrl\":\"https:\\\/\\\/secure.gravatar.com\\\/avatar\\\/e88a8bb50a361c6d45c4709770a3d765016be4b5d85313447b91d0d707434ad9?s=96&d=mm&r=g\",\"caption\":\"admin\"},\"url\":\"https:\\\/\\\/www.cercledecultura.org\\\/ca\\\/author\\\/seic_trzh7tdr\\\/\"}]}<\/script>\n<!-- \/ Yoast SEO plugin. -->","yoast_head_json":{"title":"Aposta per l'\u00e8xit dels continguts culturals - Cercle de Cultura","robots":{"index":"index","follow":"follow","max-snippet":"max-snippet:-1","max-image-preview":"max-image-preview:large","max-video-preview":"max-video-preview:-1"},"canonical":"https:\/\/www.cercledecultura.org\/ca\/exit_continguts_culturals_saul_gordillo\/","og_locale":"ca_ES","og_type":"article","og_title":"Aposta per l'\u00e8xit dels continguts culturals - Cercle de Cultura","og_description":"Sa\u00fcl Gordillo, director de Catalunya R\u00e0dio, entra de nou en el debat sobre quina ha de ser la pres\u00e8ncia de la creaci\u00f3 cultural i art\u00edstica a la r\u00e0dio nacional i, per extensi\u00f3, al conjunt dels mitjans de comunicaci\u00f3 p\u00fablics. En aquest article, que publiquem en exclusiva, Gordillo defensa que la cultura sigui un contingut transversal als mitjans p\u00fablics, especialment als programes de m\u00e0xima audi\u00e8ncia, com a millor estrat\u00e8gia per fer-los arribar al conjunt de la societat.","og_url":"https:\/\/www.cercledecultura.org\/ca\/exit_continguts_culturals_saul_gordillo\/","og_site_name":"Cercle de Cultura","article_published_time":"2016-09-15T08:31:00+00:00","article_modified_time":"2021-02-23T09:33:41+00:00","og_image":[{"width":788,"height":525,"url":"https:\/\/www.cercledecultura.org\/wp-content\/uploads\/2021\/02\/Eh4wMgrmEWGqvwBaiqDVw.jpg","type":"image\/jpeg"}],"author":"admin","twitter_card":"summary_large_image","twitter_misc":{"Escrit per":"admin","Temps estimat de lectura":"3 minuts"},"schema":{"@context":"https:\/\/schema.org","@graph":[{"@type":"Article","@id":"https:\/\/www.cercledecultura.org\/ca\/exit_continguts_culturals_saul_gordillo\/#article","isPartOf":{"@id":"https:\/\/www.cercledecultura.org\/ca\/exit_continguts_culturals_saul_gordillo\/"},"author":{"name":"admin","@id":"https:\/\/www.cercledecultura.org\/ca\/#\/schema\/person\/269db25cfadcb4bd2e41781c819942f9"},"headline":"Aposta per l&#8217;\u00e8xit dels continguts culturals","datePublished":"2016-09-15T08:31:00+00:00","dateModified":"2021-02-23T09:33:41+00:00","mainEntityOfPage":{"@id":"https:\/\/www.cercledecultura.org\/ca\/exit_continguts_culturals_saul_gordillo\/"},"wordCount":608,"commentCount":0,"publisher":{"@id":"https:\/\/www.cercledecultura.org\/ca\/#organization"},"image":{"@id":"https:\/\/www.cercledecultura.org\/ca\/exit_continguts_culturals_saul_gordillo\/#primaryimage"},"thumbnailUrl":"https:\/\/www.cercledecultura.org\/wp-content\/uploads\/2021\/02\/Eh4wMgrmEWGqvwBaiqDVw.jpg","keywords":["audi\u00e8ncies","Catalunya R\u00e0dio","Cultura","mitjans de comunicaci\u00f3","P\u00fablic","r\u00e0dio","Sa\u00fcl Gordillo","servei p\u00fablic"],"articleSection":["Opini\u00f3"],"inLanguage":"ca","potentialAction":[{"@type":"CommentAction","name":"Comment","target":["https:\/\/www.cercledecultura.org\/ca\/exit_continguts_culturals_saul_gordillo\/#respond"]}]},{"@type":"WebPage","@id":"https:\/\/www.cercledecultura.org\/ca\/exit_continguts_culturals_saul_gordillo\/","url":"https:\/\/www.cercledecultura.org\/ca\/exit_continguts_culturals_saul_gordillo\/","name":"Aposta per l'\u00e8xit dels continguts culturals - Cercle de Cultura","isPartOf":{"@id":"https:\/\/www.cercledecultura.org\/ca\/#website"},"primaryImageOfPage":{"@id":"https:\/\/www.cercledecultura.org\/ca\/exit_continguts_culturals_saul_gordillo\/#primaryimage"},"image":{"@id":"https:\/\/www.cercledecultura.org\/ca\/exit_continguts_culturals_saul_gordillo\/#primaryimage"},"thumbnailUrl":"https:\/\/www.cercledecultura.org\/wp-content\/uploads\/2021\/02\/Eh4wMgrmEWGqvwBaiqDVw.jpg","datePublished":"2016-09-15T08:31:00+00:00","dateModified":"2021-02-23T09:33:41+00:00","breadcrumb":{"@id":"https:\/\/www.cercledecultura.org\/ca\/exit_continguts_culturals_saul_gordillo\/#breadcrumb"},"inLanguage":"ca","potentialAction":[{"@type":"ReadAction","target":["https:\/\/www.cercledecultura.org\/ca\/exit_continguts_culturals_saul_gordillo\/"]}]},{"@type":"ImageObject","inLanguage":"ca","@id":"https:\/\/www.cercledecultura.org\/ca\/exit_continguts_culturals_saul_gordillo\/#primaryimage","url":"https:\/\/www.cercledecultura.org\/wp-content\/uploads\/2021\/02\/Eh4wMgrmEWGqvwBaiqDVw.jpg","contentUrl":"https:\/\/www.cercledecultura.org\/wp-content\/uploads\/2021\/02\/Eh4wMgrmEWGqvwBaiqDVw.jpg","width":788,"height":525},{"@type":"BreadcrumbList","@id":"https:\/\/www.cercledecultura.org\/ca\/exit_continguts_culturals_saul_gordillo\/#breadcrumb","itemListElement":[{"@type":"ListItem","position":1,"name":"Portada","item":"https:\/\/www.cercledecultura.org\/ca\/"},{"@type":"ListItem","position":2,"name":"Aposta per l&#8217;\u00e8xit dels continguts culturals"}]},{"@type":"WebSite","@id":"https:\/\/www.cercledecultura.org\/ca\/#website","url":"https:\/\/www.cercledecultura.org\/ca\/","name":"Cercle de Cultura","description":"Entitat de car\u00e0cter privat i associatiu, independent, amb voluntat de participar en la vida p\u00fablica des de la pluralitat ideol\u00f2gica dels seus membres fundadors i futurs associats","publisher":{"@id":"https:\/\/www.cercledecultura.org\/ca\/#organization"},"potentialAction":[{"@type":"SearchAction","target":{"@type":"EntryPoint","urlTemplate":"https:\/\/www.cercledecultura.org\/ca\/?s={search_term_string}"},"query-input":{"@type":"PropertyValueSpecification","valueRequired":true,"valueName":"search_term_string"}}],"inLanguage":"ca"},{"@type":"Organization","@id":"https:\/\/www.cercledecultura.org\/ca\/#organization","name":"Cercle de Cultura","url":"https:\/\/www.cercledecultura.org\/ca\/","logo":{"@type":"ImageObject","inLanguage":"ca","@id":"https:\/\/www.cercledecultura.org\/ca\/#\/schema\/logo\/image\/","url":"https:\/\/www.cercledecultura.org\/wp-content\/uploads\/2020\/01\/logo-cercle-de-cultura.png","contentUrl":"https:\/\/www.cercledecultura.org\/wp-content\/uploads\/2020\/01\/logo-cercle-de-cultura.png","width":350,"height":195,"caption":"Cercle de Cultura"},"image":{"@id":"https:\/\/www.cercledecultura.org\/ca\/#\/schema\/logo\/image\/"}},{"@type":"Person","@id":"https:\/\/www.cercledecultura.org\/ca\/#\/schema\/person\/269db25cfadcb4bd2e41781c819942f9","name":"admin","image":{"@type":"ImageObject","inLanguage":"ca","@id":"https:\/\/secure.gravatar.com\/avatar\/e88a8bb50a361c6d45c4709770a3d765016be4b5d85313447b91d0d707434ad9?s=96&d=mm&r=g","url":"https:\/\/secure.gravatar.com\/avatar\/e88a8bb50a361c6d45c4709770a3d765016be4b5d85313447b91d0d707434ad9?s=96&d=mm&r=g","contentUrl":"https:\/\/secure.gravatar.com\/avatar\/e88a8bb50a361c6d45c4709770a3d765016be4b5d85313447b91d0d707434ad9?s=96&d=mm&r=g","caption":"admin"},"url":"https:\/\/www.cercledecultura.org\/ca\/author\/seic_trzh7tdr\/"}]}},"_links":{"self":[{"href":"https:\/\/www.cercledecultura.org\/ca\/wp-json\/wp\/v2\/posts\/722","targetHints":{"allow":["GET"]}}],"collection":[{"href":"https:\/\/www.cercledecultura.org\/ca\/wp-json\/wp\/v2\/posts"}],"about":[{"href":"https:\/\/www.cercledecultura.org\/ca\/wp-json\/wp\/v2\/types\/post"}],"author":[{"embeddable":true,"href":"https:\/\/www.cercledecultura.org\/ca\/wp-json\/wp\/v2\/users\/1"}],"replies":[{"embeddable":true,"href":"https:\/\/www.cercledecultura.org\/ca\/wp-json\/wp\/v2\/comments?post=722"}],"version-history":[{"count":1,"href":"https:\/\/www.cercledecultura.org\/ca\/wp-json\/wp\/v2\/posts\/722\/revisions"}],"predecessor-version":[{"id":1119,"href":"https:\/\/www.cercledecultura.org\/ca\/wp-json\/wp\/v2\/posts\/722\/revisions\/1119"}],"wp:featuredmedia":[{"embeddable":true,"href":"https:\/\/www.cercledecultura.org\/ca\/wp-json\/wp\/v2\/media\/723"}],"wp:attachment":[{"href":"https:\/\/www.cercledecultura.org\/ca\/wp-json\/wp\/v2\/media?parent=722"}],"wp:term":[{"taxonomy":"category","embeddable":true,"href":"https:\/\/www.cercledecultura.org\/ca\/wp-json\/wp\/v2\/categories?post=722"},{"taxonomy":"post_tag","embeddable":true,"href":"https:\/\/www.cercledecultura.org\/ca\/wp-json\/wp\/v2\/tags?post=722"}],"curies":[{"name":"wp","href":"https:\/\/api.w.org\/{rel}","templated":true}]}}