{"id":720,"date":"2016-09-07T10:43:00","date_gmt":"2016-09-07T10:43:00","guid":{"rendered":"https:\/\/pre.cercledecultura.org\/politica_cultural\/"},"modified":"2021-02-23T09:39:58","modified_gmt":"2021-02-23T09:39:58","slug":"politica_cultural","status":"publish","type":"post","link":"https:\/\/www.cercledecultura.org\/ca\/politica_cultural\/","title":{"rendered":"Pol\u00edtica cultural: per un debat operatiu."},"content":{"rendered":"<p>Malgrat algunes declaracions ret\u00f2riques, el paper de la cultura en la societat, i el de la pol\u00edtica cultural en el marc de les pol\u00edtiques p\u00fabliques, continua sent molt limitat al nostre pa\u00eds, en molts casos gaireb\u00e9 marginal. I la crisi dels darrers anys, ha agreujat la situaci\u00f3 amb la reducci\u00f3 del consum i del recursos p\u00fablics i algunes regulacions desfavorables.  Per altra banda, diversos factors han contribu\u00eft a la modificaci\u00f3 de certes percepcions sobre el model cultural: entre d\u2019altres, la pr\u00f2pia crisi de legitimitat de la pol\u00edtica que impacta sobre el govern de les institucions culturals; la diverg\u00e8ncia (real o aparent) del mercat (o les ind\u00fastries culturals) i la creaci\u00f3 (o les arts); la contraposici\u00f3 de la cultura comunit\u00e0ria i la cultura professional, l\u2019abast i virtualitat del proteccionisme cultural davant una globalitzaci\u00f3 cada vegada m\u00e9s banal, l\u2019encaix de la diversitat en entorns altament multiculturals i, sovint, conflictius&#8230; \u00a0\u00a0\u00a0  I la major part d\u2019aquestes q\u00fcestions no s\u00f3n cap singularitat catalana o espanyola sin\u00f3 que formen part de l\u2019agenda de molts pa\u00efsos i organitzacions internacionals. Els models de pol\u00edtica cultural m\u00e9s avan\u00e7ats, que han estat la refer\u00e8ncia dels darrers trenta anys, evidencien les seves limitacions, el seu esgotament i un munt de dubtes.  \u00c9s per aix\u00f2 que estats com Irlanda, per esmentar-ne un de dimensions i caracter\u00edstiques similars a Catalunya, s\u2019han plantejat, des de finals de 2015, una revisi\u00f3 integral de la seva pol\u00edtica cultural apel\u00b7lant directament els experts i els artistes o, per citar un esdeveniment encara m\u00e9s recent, nom\u00e9s cal veure el programa de debat de la Confer\u00e8ncia Internacional de Recerca sobre pol\u00edtica cultural celebrada el passat mes de juliol a Se\u00fcl.  En el nostre cas, cal tenir en compte que els darrers cinc anys s\u2019han produ\u00eft algunes iniciatives d\u2019an\u00e0lisi, debat i temptativa de consens, sota el format de pla estrat\u00e8gic global o d\u2019acord nacional per a la cultura, que han implicat taules de debat amb la participaci\u00f3 de centenars de persones o la participaci\u00f3 de la Comissi\u00f3 de Cultura del Parlament de Catalunya.  En aquest context, plantejar ara mateix un debat global sobre el sector cultural catal\u00e0 \u00e9s redundant o innecessari? I, si la resposta \u00e9s que, amb uns objectius acotats i precisos, val la pena abordar-ho, es planteja una altra q\u00fcesti\u00f3: a qui li correspon fer-ho?  La proposta de que el debat pivoti preferentment sobre els professionals de la cultura \u2013creadors, emprenedors, investigadors i gestors- t\u00e9 diverses avantatges: garanteix la consideraci\u00f3 priorit\u00e0ria dels problemes reals generals i sectorials, la independ\u00e8ncia d\u2019una reflexi\u00f3 sense cotilles, la recerca d\u2019opcions factibles i el comprom\u00eds de la societat cultural.  Cultura 2025 \u2013 el nom del document irland\u00e8s- ho expressa de forma sint\u00e8tica: \u201caspira a proveir una base cultural s\u00f2lida i inclusiva a la societat i el reconeixement que la cultura crea valors socials tangibles, promou el benestar i suposa directament i indirecta un impacte econ\u00f2mic; tamb\u00e9 assolir un increment de la participaci\u00f3 individual i comunit\u00e0ria..\u201d  Esteve Le\u00f3n, coordinador general del F\u00f2rum Cultura 2020 impulsat pel Cercle de Cultura<\/p>\n","protected":false},"excerpt":{"rendered":"<p>Esteve Le\u00f3n, coordinador general del F\u00f2rum Cultura 2020 que est\u00e0 impulsant el Cercle de Cultura, argumenta sobre la necessitat que el debat sobre els nous models de pol\u00edtiques culturals sigui protagonitzat pels professionals de la cultura per garantir l&#8217;efectivitat de les seves conclusions, i posa com a exemple la iniciativa Cultura 2025 irlandesa.<\/p>\n","protected":false},"author":1,"featured_media":721,"comment_status":"open","ping_status":"closed","sticky":false,"template":"","format":"standard","meta":{"footnotes":""},"categories":[24],"tags":[15,5,203,284,65,283,109,4,285],"class_list":["post-720","post","type-post","status-publish","format-standard","has-post-thumbnail","hentry","category-opinio","tag-art","tag-cultura","tag-cultura-2020","tag-cultura-2025","tag-esteve-leon","tag-irlanda","tag-parlament-de-catalunya","tag-politica-cultural","tag-seul"],"yoast_head":"<!-- This site is optimized with the Yoast SEO plugin v27.5 - https:\/\/yoast.com\/product\/yoast-seo-wordpress\/ -->\n<title>Pol\u00edtica cultural: per un debat operatiu. - Cercle de Cultura<\/title>\n<meta name=\"robots\" content=\"index, follow, max-snippet:-1, max-image-preview:large, max-video-preview:-1\" \/>\n<link rel=\"canonical\" href=\"https:\/\/www.cercledecultura.org\/ca\/politica_cultural\/\" \/>\n<meta property=\"og:locale\" content=\"ca_ES\" \/>\n<meta property=\"og:type\" content=\"article\" \/>\n<meta property=\"og:title\" content=\"Pol\u00edtica cultural: per un debat operatiu. - Cercle de Cultura\" \/>\n<meta property=\"og:description\" content=\"Esteve Le\u00f3n, coordinador general del F\u00f2rum Cultura 2020 que est\u00e0 impulsant el Cercle de Cultura, argumenta sobre la necessitat que el debat sobre els nous models de pol\u00edtiques culturals sigui protagonitzat pels professionals de la cultura per garantir l&#039;efectivitat de les seves conclusions, i posa com a exemple la iniciativa Cultura 2025 irlandesa.\" \/>\n<meta property=\"og:url\" content=\"https:\/\/www.cercledecultura.org\/ca\/politica_cultural\/\" \/>\n<meta property=\"og:site_name\" content=\"Cercle de Cultura\" \/>\n<meta property=\"article:published_time\" content=\"2016-09-07T10:43:00+00:00\" \/>\n<meta property=\"article:modified_time\" content=\"2021-02-23T09:39:58+00:00\" \/>\n<meta property=\"og:image\" content=\"https:\/\/www.cercledecultura.org\/wp-content\/uploads\/2021\/02\/Px3FtCxyoESlDcxnClqztw.jpg\" \/>\n\t<meta property=\"og:image:width\" content=\"1600\" \/>\n\t<meta property=\"og:image:height\" content=\"1067\" \/>\n\t<meta property=\"og:image:type\" content=\"image\/jpeg\" \/>\n<meta name=\"author\" content=\"admin\" \/>\n<meta name=\"twitter:card\" content=\"summary_large_image\" \/>\n<meta name=\"twitter:label1\" content=\"Escrit per\" \/>\n\t<meta name=\"twitter:data1\" content=\"admin\" \/>\n\t<meta name=\"twitter:label2\" content=\"Temps estimat de lectura\" \/>\n\t<meta name=\"twitter:data2\" content=\"3 minuts\" \/>\n<script type=\"application\/ld+json\" class=\"yoast-schema-graph\">{\"@context\":\"https:\\\/\\\/schema.org\",\"@graph\":[{\"@type\":\"Article\",\"@id\":\"https:\\\/\\\/www.cercledecultura.org\\\/ca\\\/politica_cultural\\\/#article\",\"isPartOf\":{\"@id\":\"https:\\\/\\\/www.cercledecultura.org\\\/ca\\\/politica_cultural\\\/\"},\"author\":{\"name\":\"admin\",\"@id\":\"https:\\\/\\\/www.cercledecultura.org\\\/ca\\\/#\\\/schema\\\/person\\\/269db25cfadcb4bd2e41781c819942f9\"},\"headline\":\"Pol\u00edtica cultural: per un debat operatiu.\",\"datePublished\":\"2016-09-07T10:43:00+00:00\",\"dateModified\":\"2021-02-23T09:39:58+00:00\",\"mainEntityOfPage\":{\"@id\":\"https:\\\/\\\/www.cercledecultura.org\\\/ca\\\/politica_cultural\\\/\"},\"wordCount\":551,\"commentCount\":0,\"publisher\":{\"@id\":\"https:\\\/\\\/www.cercledecultura.org\\\/ca\\\/#organization\"},\"image\":{\"@id\":\"https:\\\/\\\/www.cercledecultura.org\\\/ca\\\/politica_cultural\\\/#primaryimage\"},\"thumbnailUrl\":\"https:\\\/\\\/www.cercledecultura.org\\\/wp-content\\\/uploads\\\/2021\\\/02\\\/Px3FtCxyoESlDcxnClqztw.jpg\",\"keywords\":[\"Art\",\"Cultura\",\"CULTURA 2020\",\"Cultura 2025\",\"Esteve Le\u00f3n\",\"Irlanda\",\"Parlament de Catalunya\",\"Pol\u00edtica Cultural\",\"Se\u00fcl\"],\"articleSection\":[\"Opini\u00f3\"],\"inLanguage\":\"ca\",\"potentialAction\":[{\"@type\":\"CommentAction\",\"name\":\"Comment\",\"target\":[\"https:\\\/\\\/www.cercledecultura.org\\\/ca\\\/politica_cultural\\\/#respond\"]}]},{\"@type\":\"WebPage\",\"@id\":\"https:\\\/\\\/www.cercledecultura.org\\\/ca\\\/politica_cultural\\\/\",\"url\":\"https:\\\/\\\/www.cercledecultura.org\\\/ca\\\/politica_cultural\\\/\",\"name\":\"Pol\u00edtica cultural: per un debat operatiu. - Cercle de Cultura\",\"isPartOf\":{\"@id\":\"https:\\\/\\\/www.cercledecultura.org\\\/ca\\\/#website\"},\"primaryImageOfPage\":{\"@id\":\"https:\\\/\\\/www.cercledecultura.org\\\/ca\\\/politica_cultural\\\/#primaryimage\"},\"image\":{\"@id\":\"https:\\\/\\\/www.cercledecultura.org\\\/ca\\\/politica_cultural\\\/#primaryimage\"},\"thumbnailUrl\":\"https:\\\/\\\/www.cercledecultura.org\\\/wp-content\\\/uploads\\\/2021\\\/02\\\/Px3FtCxyoESlDcxnClqztw.jpg\",\"datePublished\":\"2016-09-07T10:43:00+00:00\",\"dateModified\":\"2021-02-23T09:39:58+00:00\",\"breadcrumb\":{\"@id\":\"https:\\\/\\\/www.cercledecultura.org\\\/ca\\\/politica_cultural\\\/#breadcrumb\"},\"inLanguage\":\"ca\",\"potentialAction\":[{\"@type\":\"ReadAction\",\"target\":[\"https:\\\/\\\/www.cercledecultura.org\\\/ca\\\/politica_cultural\\\/\"]}]},{\"@type\":\"ImageObject\",\"inLanguage\":\"ca\",\"@id\":\"https:\\\/\\\/www.cercledecultura.org\\\/ca\\\/politica_cultural\\\/#primaryimage\",\"url\":\"https:\\\/\\\/www.cercledecultura.org\\\/wp-content\\\/uploads\\\/2021\\\/02\\\/Px3FtCxyoESlDcxnClqztw.jpg\",\"contentUrl\":\"https:\\\/\\\/www.cercledecultura.org\\\/wp-content\\\/uploads\\\/2021\\\/02\\\/Px3FtCxyoESlDcxnClqztw.jpg\",\"width\":1600,\"height\":1067},{\"@type\":\"BreadcrumbList\",\"@id\":\"https:\\\/\\\/www.cercledecultura.org\\\/ca\\\/politica_cultural\\\/#breadcrumb\",\"itemListElement\":[{\"@type\":\"ListItem\",\"position\":1,\"name\":\"Portada\",\"item\":\"https:\\\/\\\/www.cercledecultura.org\\\/ca\\\/\"},{\"@type\":\"ListItem\",\"position\":2,\"name\":\"Pol\u00edtica cultural: per un debat operatiu.\"}]},{\"@type\":\"WebSite\",\"@id\":\"https:\\\/\\\/www.cercledecultura.org\\\/ca\\\/#website\",\"url\":\"https:\\\/\\\/www.cercledecultura.org\\\/ca\\\/\",\"name\":\"Cercle de Cultura\",\"description\":\"Entitat de car\u00e0cter privat i associatiu, independent, amb voluntat de participar en la vida p\u00fablica des de la pluralitat ideol\u00f2gica dels seus membres fundadors i futurs associats\",\"publisher\":{\"@id\":\"https:\\\/\\\/www.cercledecultura.org\\\/ca\\\/#organization\"},\"potentialAction\":[{\"@type\":\"SearchAction\",\"target\":{\"@type\":\"EntryPoint\",\"urlTemplate\":\"https:\\\/\\\/www.cercledecultura.org\\\/ca\\\/?s={search_term_string}\"},\"query-input\":{\"@type\":\"PropertyValueSpecification\",\"valueRequired\":true,\"valueName\":\"search_term_string\"}}],\"inLanguage\":\"ca\"},{\"@type\":\"Organization\",\"@id\":\"https:\\\/\\\/www.cercledecultura.org\\\/ca\\\/#organization\",\"name\":\"Cercle de Cultura\",\"url\":\"https:\\\/\\\/www.cercledecultura.org\\\/ca\\\/\",\"logo\":{\"@type\":\"ImageObject\",\"inLanguage\":\"ca\",\"@id\":\"https:\\\/\\\/www.cercledecultura.org\\\/ca\\\/#\\\/schema\\\/logo\\\/image\\\/\",\"url\":\"https:\\\/\\\/www.cercledecultura.org\\\/wp-content\\\/uploads\\\/2020\\\/01\\\/logo-cercle-de-cultura.png\",\"contentUrl\":\"https:\\\/\\\/www.cercledecultura.org\\\/wp-content\\\/uploads\\\/2020\\\/01\\\/logo-cercle-de-cultura.png\",\"width\":350,\"height\":195,\"caption\":\"Cercle de Cultura\"},\"image\":{\"@id\":\"https:\\\/\\\/www.cercledecultura.org\\\/ca\\\/#\\\/schema\\\/logo\\\/image\\\/\"}},{\"@type\":\"Person\",\"@id\":\"https:\\\/\\\/www.cercledecultura.org\\\/ca\\\/#\\\/schema\\\/person\\\/269db25cfadcb4bd2e41781c819942f9\",\"name\":\"admin\",\"image\":{\"@type\":\"ImageObject\",\"inLanguage\":\"ca\",\"@id\":\"https:\\\/\\\/secure.gravatar.com\\\/avatar\\\/e88a8bb50a361c6d45c4709770a3d765016be4b5d85313447b91d0d707434ad9?s=96&d=mm&r=g\",\"url\":\"https:\\\/\\\/secure.gravatar.com\\\/avatar\\\/e88a8bb50a361c6d45c4709770a3d765016be4b5d85313447b91d0d707434ad9?s=96&d=mm&r=g\",\"contentUrl\":\"https:\\\/\\\/secure.gravatar.com\\\/avatar\\\/e88a8bb50a361c6d45c4709770a3d765016be4b5d85313447b91d0d707434ad9?s=96&d=mm&r=g\",\"caption\":\"admin\"},\"url\":\"https:\\\/\\\/www.cercledecultura.org\\\/ca\\\/author\\\/seic_trzh7tdr\\\/\"}]}<\/script>\n<!-- \/ Yoast SEO plugin. -->","yoast_head_json":{"title":"Pol\u00edtica cultural: per un debat operatiu. - Cercle de Cultura","robots":{"index":"index","follow":"follow","max-snippet":"max-snippet:-1","max-image-preview":"max-image-preview:large","max-video-preview":"max-video-preview:-1"},"canonical":"https:\/\/www.cercledecultura.org\/ca\/politica_cultural\/","og_locale":"ca_ES","og_type":"article","og_title":"Pol\u00edtica cultural: per un debat operatiu. - Cercle de Cultura","og_description":"Esteve Le\u00f3n, coordinador general del F\u00f2rum Cultura 2020 que est\u00e0 impulsant el Cercle de Cultura, argumenta sobre la necessitat que el debat sobre els nous models de pol\u00edtiques culturals sigui protagonitzat pels professionals de la cultura per garantir l'efectivitat de les seves conclusions, i posa com a exemple la iniciativa Cultura 2025 irlandesa.","og_url":"https:\/\/www.cercledecultura.org\/ca\/politica_cultural\/","og_site_name":"Cercle de Cultura","article_published_time":"2016-09-07T10:43:00+00:00","article_modified_time":"2021-02-23T09:39:58+00:00","og_image":[{"width":1600,"height":1067,"url":"https:\/\/www.cercledecultura.org\/wp-content\/uploads\/2021\/02\/Px3FtCxyoESlDcxnClqztw.jpg","type":"image\/jpeg"}],"author":"admin","twitter_card":"summary_large_image","twitter_misc":{"Escrit per":"admin","Temps estimat de lectura":"3 minuts"},"schema":{"@context":"https:\/\/schema.org","@graph":[{"@type":"Article","@id":"https:\/\/www.cercledecultura.org\/ca\/politica_cultural\/#article","isPartOf":{"@id":"https:\/\/www.cercledecultura.org\/ca\/politica_cultural\/"},"author":{"name":"admin","@id":"https:\/\/www.cercledecultura.org\/ca\/#\/schema\/person\/269db25cfadcb4bd2e41781c819942f9"},"headline":"Pol\u00edtica cultural: per un debat operatiu.","datePublished":"2016-09-07T10:43:00+00:00","dateModified":"2021-02-23T09:39:58+00:00","mainEntityOfPage":{"@id":"https:\/\/www.cercledecultura.org\/ca\/politica_cultural\/"},"wordCount":551,"commentCount":0,"publisher":{"@id":"https:\/\/www.cercledecultura.org\/ca\/#organization"},"image":{"@id":"https:\/\/www.cercledecultura.org\/ca\/politica_cultural\/#primaryimage"},"thumbnailUrl":"https:\/\/www.cercledecultura.org\/wp-content\/uploads\/2021\/02\/Px3FtCxyoESlDcxnClqztw.jpg","keywords":["Art","Cultura","CULTURA 2020","Cultura 2025","Esteve Le\u00f3n","Irlanda","Parlament de Catalunya","Pol\u00edtica Cultural","Se\u00fcl"],"articleSection":["Opini\u00f3"],"inLanguage":"ca","potentialAction":[{"@type":"CommentAction","name":"Comment","target":["https:\/\/www.cercledecultura.org\/ca\/politica_cultural\/#respond"]}]},{"@type":"WebPage","@id":"https:\/\/www.cercledecultura.org\/ca\/politica_cultural\/","url":"https:\/\/www.cercledecultura.org\/ca\/politica_cultural\/","name":"Pol\u00edtica cultural: per un debat operatiu. - Cercle de Cultura","isPartOf":{"@id":"https:\/\/www.cercledecultura.org\/ca\/#website"},"primaryImageOfPage":{"@id":"https:\/\/www.cercledecultura.org\/ca\/politica_cultural\/#primaryimage"},"image":{"@id":"https:\/\/www.cercledecultura.org\/ca\/politica_cultural\/#primaryimage"},"thumbnailUrl":"https:\/\/www.cercledecultura.org\/wp-content\/uploads\/2021\/02\/Px3FtCxyoESlDcxnClqztw.jpg","datePublished":"2016-09-07T10:43:00+00:00","dateModified":"2021-02-23T09:39:58+00:00","breadcrumb":{"@id":"https:\/\/www.cercledecultura.org\/ca\/politica_cultural\/#breadcrumb"},"inLanguage":"ca","potentialAction":[{"@type":"ReadAction","target":["https:\/\/www.cercledecultura.org\/ca\/politica_cultural\/"]}]},{"@type":"ImageObject","inLanguage":"ca","@id":"https:\/\/www.cercledecultura.org\/ca\/politica_cultural\/#primaryimage","url":"https:\/\/www.cercledecultura.org\/wp-content\/uploads\/2021\/02\/Px3FtCxyoESlDcxnClqztw.jpg","contentUrl":"https:\/\/www.cercledecultura.org\/wp-content\/uploads\/2021\/02\/Px3FtCxyoESlDcxnClqztw.jpg","width":1600,"height":1067},{"@type":"BreadcrumbList","@id":"https:\/\/www.cercledecultura.org\/ca\/politica_cultural\/#breadcrumb","itemListElement":[{"@type":"ListItem","position":1,"name":"Portada","item":"https:\/\/www.cercledecultura.org\/ca\/"},{"@type":"ListItem","position":2,"name":"Pol\u00edtica cultural: per un debat operatiu."}]},{"@type":"WebSite","@id":"https:\/\/www.cercledecultura.org\/ca\/#website","url":"https:\/\/www.cercledecultura.org\/ca\/","name":"Cercle de Cultura","description":"Entitat de car\u00e0cter privat i associatiu, independent, amb voluntat de participar en la vida p\u00fablica des de la pluralitat ideol\u00f2gica dels seus membres fundadors i futurs associats","publisher":{"@id":"https:\/\/www.cercledecultura.org\/ca\/#organization"},"potentialAction":[{"@type":"SearchAction","target":{"@type":"EntryPoint","urlTemplate":"https:\/\/www.cercledecultura.org\/ca\/?s={search_term_string}"},"query-input":{"@type":"PropertyValueSpecification","valueRequired":true,"valueName":"search_term_string"}}],"inLanguage":"ca"},{"@type":"Organization","@id":"https:\/\/www.cercledecultura.org\/ca\/#organization","name":"Cercle de Cultura","url":"https:\/\/www.cercledecultura.org\/ca\/","logo":{"@type":"ImageObject","inLanguage":"ca","@id":"https:\/\/www.cercledecultura.org\/ca\/#\/schema\/logo\/image\/","url":"https:\/\/www.cercledecultura.org\/wp-content\/uploads\/2020\/01\/logo-cercle-de-cultura.png","contentUrl":"https:\/\/www.cercledecultura.org\/wp-content\/uploads\/2020\/01\/logo-cercle-de-cultura.png","width":350,"height":195,"caption":"Cercle de Cultura"},"image":{"@id":"https:\/\/www.cercledecultura.org\/ca\/#\/schema\/logo\/image\/"}},{"@type":"Person","@id":"https:\/\/www.cercledecultura.org\/ca\/#\/schema\/person\/269db25cfadcb4bd2e41781c819942f9","name":"admin","image":{"@type":"ImageObject","inLanguage":"ca","@id":"https:\/\/secure.gravatar.com\/avatar\/e88a8bb50a361c6d45c4709770a3d765016be4b5d85313447b91d0d707434ad9?s=96&d=mm&r=g","url":"https:\/\/secure.gravatar.com\/avatar\/e88a8bb50a361c6d45c4709770a3d765016be4b5d85313447b91d0d707434ad9?s=96&d=mm&r=g","contentUrl":"https:\/\/secure.gravatar.com\/avatar\/e88a8bb50a361c6d45c4709770a3d765016be4b5d85313447b91d0d707434ad9?s=96&d=mm&r=g","caption":"admin"},"url":"https:\/\/www.cercledecultura.org\/ca\/author\/seic_trzh7tdr\/"}]}},"_links":{"self":[{"href":"https:\/\/www.cercledecultura.org\/ca\/wp-json\/wp\/v2\/posts\/720","targetHints":{"allow":["GET"]}}],"collection":[{"href":"https:\/\/www.cercledecultura.org\/ca\/wp-json\/wp\/v2\/posts"}],"about":[{"href":"https:\/\/www.cercledecultura.org\/ca\/wp-json\/wp\/v2\/types\/post"}],"author":[{"embeddable":true,"href":"https:\/\/www.cercledecultura.org\/ca\/wp-json\/wp\/v2\/users\/1"}],"replies":[{"embeddable":true,"href":"https:\/\/www.cercledecultura.org\/ca\/wp-json\/wp\/v2\/comments?post=720"}],"version-history":[{"count":1,"href":"https:\/\/www.cercledecultura.org\/ca\/wp-json\/wp\/v2\/posts\/720\/revisions"}],"predecessor-version":[{"id":1118,"href":"https:\/\/www.cercledecultura.org\/ca\/wp-json\/wp\/v2\/posts\/720\/revisions\/1118"}],"wp:featuredmedia":[{"embeddable":true,"href":"https:\/\/www.cercledecultura.org\/ca\/wp-json\/wp\/v2\/media\/721"}],"wp:attachment":[{"href":"https:\/\/www.cercledecultura.org\/ca\/wp-json\/wp\/v2\/media?parent=720"}],"wp:term":[{"taxonomy":"category","embeddable":true,"href":"https:\/\/www.cercledecultura.org\/ca\/wp-json\/wp\/v2\/categories?post=720"},{"taxonomy":"post_tag","embeddable":true,"href":"https:\/\/www.cercledecultura.org\/ca\/wp-json\/wp\/v2\/tags?post=720"}],"curies":[{"name":"wp","href":"https:\/\/api.w.org\/{rel}","templated":true}]}}