{"id":718,"date":"2016-08-16T02:48:00","date_gmt":"2016-08-16T02:48:00","guid":{"rendered":"https:\/\/pre.cercledecultura.org\/casos_exit_pols_culturals\/"},"modified":"2021-02-23T09:59:28","modified_gmt":"2021-02-23T09:59:28","slug":"casos_exit_pols_culturals","status":"publish","type":"post","link":"https:\/\/www.cercledecultura.org\/ca\/casos_exit_pols_culturals\/","title":{"rendered":"22@ i Parc Audiovisual de Catalunya: 2 casos d&#8217;\u00e8xit de pols culturals"},"content":{"rendered":"<p>La paraula cl\u00faster ha esdevingut un terme habitual alhora de definir estrat\u00e8gies sectorials a mig i llarg termini del m\u00f3n de les ind\u00fastries. El sector cultural no n&#8217;ha quedat pas al marge i la mateixa UE porta varis anys centrant els seus esfor\u00e7os en dinamitzar el desenvolupament de les seves ind\u00fastries arreu de la geografia europea, a partir de les conclusions del Llibre Verd de les Ind\u00fastries Culturals, aprovat al principi de l&#8217;actual d\u00e8cada.  La Dra. Natalia Abu\u00edn ha publicat un interessant article en el que analitza els principals pols de desenvolupament cultural nascuts els darrers anys a l&#8217;Estat espanyol, tant aquells en els que el sector cultural -o una part espec\u00edfica d&#8217;ell- s\u00f3n l&#8217;element nuclear, com aquells en que les ind\u00fastries culturals en s\u00f3n una part m\u00e9s o menys destacada: la Ciudad de la Imagen de Madrid, la Ciutat de la Llum a Alacant, el PI@ al Pa\u00eds Basc, la Cidade da Cultura a Gal\u00edcia, i dos de catalans: el 22@ i el Parc Audiovisual de Catalunya. Els sis casos d&#8217;estudi s\u00f3n for\u00e7a diversos, pel que fa a la seva naturalesa com pel que fa al seu paper en la creaci\u00f3 d&#8217;innovaci\u00f3 i en la potenciaci\u00f3 dels sectors culturals implicats.  A grans trets, l&#8217;estudi diferencia aquells pols que han quedat lluny dels seus objectius i fins i tot han hagut de tancar, d&#8217;aquells que estan funcionant adequadament, tot i que dins d&#8217;aquest grup en destaquen els pols barcelon\u00ed i terrassenc, pel fet que aquests dos han aconseguit generar unes importants sinergies entre les tres potes b\u00e0siques dels tecnopols d&#8217;\u00e8xit existents a nivell internacional: la investigaci\u00f3 aplicada (I+D+I), la formaci\u00f3 universit\u00e0ria i el mateix desenvolupament industrial. Pel que fa als pols culturals fallits, tots dos coincideixen en no haver articulat cap estrat\u00e8gia d&#8217;I+D+I al seu interior. L&#8217;autora analitza el projecte de la Cidade da Cultura, com un cas de model globalment cultural, no pas especialitzat, que tenia com a objectiu l&#8217;impuls del conjunt de la cultura a Gal\u00edcia. Un ambici\u00f3 projecte arquitect\u00f2nic a Santiago de Compostela que, despr\u00e9s que la Xunta de Gal\u00edcia ja hagu\u00e9s invertit 300 milions \u20ac en obres, va haver de paralitzar els edificis pendents fa tres anys, sense haver assolit el paper de punt de connexi\u00f3 entre aquest pa\u00eds i les xarxes internacionals de creativitat i coneixement culturals. Un cas similar, pel que fa a la ambici\u00f3 constructiva i els magres resultats obtinguts \u00e9s la fracassada Ciutat de la Llum a Alacant, pr\u00e0cticament tancada des del 2011 i, for\u00e7ada per la Comissi\u00f3 Europea ha protagonitzat un proc\u00e9s de subhasta sense \u00e8xit.  Pel que als pols culturals reeixits, el m\u00e9s antic \u00e9s el la Ciudad de la Imagen de Madrid, on s&#8217;han concentrat empreses audiovisuals p\u00fabliques i privades, tant dels sectors de la producci\u00f3 com la postproducci\u00f3, juntament amb la Filmoteca Nacional i l&#8217;Escuela de Cine; per\u00f2 malgrat aquest centre formatiu, no s&#8217;ha generat cap din\u00e0mica d&#8217;investigaci\u00f3 i recerca. Un altre cas \u00e9s el del PI@, dins el Parc Empresarial de Zuatzu, creat amb l&#8217;objectiu de concentrar la fins llavors dispersa ind\u00fastria audiovisual basca, cosa que ha aconseguit, per\u00f2 sense arrossegar institucions de formaci\u00f3 acad\u00e8mica ni d&#8217;investigaci\u00f3 rellevants. Davant d&#8217;aquests dos tecnopols audiovisuals, es destaca que, en canvi, el Parc Audiovisual de Catalunya i el 22@Barcelona s\u00ed compten amb &#8220;els tres elements necessaris per a l`&#8217;\u00e8xit d&#8217;un pol de desenvolupament: formaci\u00f3, investigaci\u00f3 i ind\u00fastria&#8221; i que, gr\u00e0cies a aix\u00f2 &#8220;estan obtenint resultats o han aconseguit revitalitzar econ\u00f2micament&#8221; les zones on s&#8217;hi han ubicat.  Com assenyala Natalia Abu\u00edn, &#8220;als pa\u00efsos amb major potencia econ\u00f2mica del m\u00f3n, la base de la investigaci\u00f3 aplicada \u00e9s la universitat. Les empreses encarreguen els seus desenvolupaments tecnol\u00f2gics a les institucions d&#8217;educaci\u00f3 superior, cosa que genera sinergies altament positives: la ind\u00fastria es beneficia de la tecnologia de la universitat a preus m\u00e9s competitius y la universitat obt\u00e9 ingressos per a la formaci\u00f3 dels seus alumnes que, a m\u00e9s, reben una educaci\u00f3 superior adaptada a les necessitats del mercat, i per tant millora la seva inserci\u00f3 laboral&#8221;.  Podeu llegir l&#8217;article \u00edntegre, publicat al n\u00famero 103 de la revista Telos, en aquest enlla\u00e7: https:\/\/telos.fundaciontelefonica.com\/url-direct\/pdf-generator?tipoContenido=articuloTelos&#038;idContenido=2016030812080001&#038;idioma=es<\/p>\n","protected":false},"excerpt":{"rendered":"<p>Un recent estudi sobre els pols culturals a l&#8217;Estat espanyol, assenyala que dels 6 m\u00e9s destacats, nom\u00e9s dos responen a un model de sinergia entre els tres elements claus de tot cl\u00faster amb projecci\u00f3 de futur: investigaci\u00f3 aplicada, formaci\u00f3 universit\u00e0ria i sector industrial: el 22@Barcelona i el Parc Audiovisual de Catalunya de Terrassa.<\/p>\n","protected":false},"author":1,"featured_media":719,"comment_status":"open","ping_status":"closed","sticky":false,"template":"","format":"standard","meta":{"footnotes":""},"categories":[26],"tags":[279,6,5,213,281,280,282,34],"class_list":["post-718","post","type-post","status-publish","format-standard","has-post-thumbnail","hentry","category-noticies","tag-279","tag-catalunya","tag-cultura","tag-estat-espanyol","tag-idi","tag-parc-audivisual-de-catalunya","tag-pol-cultural","tag-universitat"],"yoast_head":"<!-- This site is optimized with the Yoast SEO plugin v27.5 - https:\/\/yoast.com\/product\/yoast-seo-wordpress\/ -->\n<title>22@ i Parc Audiovisual de Catalunya: 2 casos d&#039;\u00e8xit de pols culturals - Cercle de Cultura<\/title>\n<meta name=\"robots\" content=\"index, follow, max-snippet:-1, max-image-preview:large, max-video-preview:-1\" \/>\n<link rel=\"canonical\" href=\"https:\/\/www.cercledecultura.org\/ca\/casos_exit_pols_culturals\/\" \/>\n<meta property=\"og:locale\" content=\"ca_ES\" \/>\n<meta property=\"og:type\" content=\"article\" \/>\n<meta property=\"og:title\" content=\"22@ i Parc Audiovisual de Catalunya: 2 casos d&#039;\u00e8xit de pols culturals - Cercle de Cultura\" \/>\n<meta property=\"og:description\" content=\"Un recent estudi sobre els pols culturals a l&#039;Estat espanyol, assenyala que dels 6 m\u00e9s destacats, nom\u00e9s dos responen a un model de sinergia entre els tres elements claus de tot cl\u00faster amb projecci\u00f3 de futur: investigaci\u00f3 aplicada, formaci\u00f3 universit\u00e0ria i sector industrial: el 22@Barcelona i el Parc Audiovisual de Catalunya de Terrassa.\" \/>\n<meta property=\"og:url\" content=\"https:\/\/www.cercledecultura.org\/ca\/casos_exit_pols_culturals\/\" \/>\n<meta property=\"og:site_name\" content=\"Cercle de Cultura\" \/>\n<meta property=\"article:published_time\" content=\"2016-08-16T02:48:00+00:00\" \/>\n<meta property=\"article:modified_time\" content=\"2021-02-23T09:59:28+00:00\" \/>\n<meta property=\"og:image\" content=\"https:\/\/www.cercledecultura.org\/wp-content\/uploads\/2021\/02\/mzX2PBBuBEy2i5cTbDDPQ.jpg\" \/>\n\t<meta property=\"og:image:width\" content=\"525\" \/>\n\t<meta property=\"og:image:height\" content=\"350\" \/>\n\t<meta property=\"og:image:type\" content=\"image\/jpeg\" \/>\n<meta name=\"author\" content=\"admin\" \/>\n<meta name=\"twitter:card\" content=\"summary_large_image\" \/>\n<meta name=\"twitter:label1\" content=\"Escrit per\" \/>\n\t<meta name=\"twitter:data1\" content=\"admin\" \/>\n\t<meta name=\"twitter:label2\" content=\"Temps estimat de lectura\" \/>\n\t<meta name=\"twitter:data2\" content=\"4 minuts\" \/>\n<script type=\"application\/ld+json\" class=\"yoast-schema-graph\">{\"@context\":\"https:\\\/\\\/schema.org\",\"@graph\":[{\"@type\":\"Article\",\"@id\":\"https:\\\/\\\/www.cercledecultura.org\\\/ca\\\/casos_exit_pols_culturals\\\/#article\",\"isPartOf\":{\"@id\":\"https:\\\/\\\/www.cercledecultura.org\\\/ca\\\/casos_exit_pols_culturals\\\/\"},\"author\":{\"name\":\"admin\",\"@id\":\"https:\\\/\\\/www.cercledecultura.org\\\/ca\\\/#\\\/schema\\\/person\\\/269db25cfadcb4bd2e41781c819942f9\"},\"headline\":\"22@ i Parc Audiovisual de Catalunya: 2 casos d&#8217;\u00e8xit de pols culturals\",\"datePublished\":\"2016-08-16T02:48:00+00:00\",\"dateModified\":\"2021-02-23T09:59:28+00:00\",\"mainEntityOfPage\":{\"@id\":\"https:\\\/\\\/www.cercledecultura.org\\\/ca\\\/casos_exit_pols_culturals\\\/\"},\"wordCount\":771,\"commentCount\":0,\"publisher\":{\"@id\":\"https:\\\/\\\/www.cercledecultura.org\\\/ca\\\/#organization\"},\"image\":{\"@id\":\"https:\\\/\\\/www.cercledecultura.org\\\/ca\\\/casos_exit_pols_culturals\\\/#primaryimage\"},\"thumbnailUrl\":\"https:\\\/\\\/www.cercledecultura.org\\\/wp-content\\\/uploads\\\/2021\\\/02\\\/mzX2PBBuBEy2i5cTbDDPQ.jpg\",\"keywords\":[\"22@\",\"Catalunya\",\"Cultura\",\"Estat espanyol\",\"I+D+I\",\"Parc Audivisual de Catalunya\",\"pol cultural\",\"universitat\"],\"articleSection\":[\"Not\u00edcies\"],\"inLanguage\":\"ca\",\"potentialAction\":[{\"@type\":\"CommentAction\",\"name\":\"Comment\",\"target\":[\"https:\\\/\\\/www.cercledecultura.org\\\/ca\\\/casos_exit_pols_culturals\\\/#respond\"]}]},{\"@type\":\"WebPage\",\"@id\":\"https:\\\/\\\/www.cercledecultura.org\\\/ca\\\/casos_exit_pols_culturals\\\/\",\"url\":\"https:\\\/\\\/www.cercledecultura.org\\\/ca\\\/casos_exit_pols_culturals\\\/\",\"name\":\"22@ i Parc Audiovisual de Catalunya: 2 casos d'\u00e8xit de pols culturals - Cercle de Cultura\",\"isPartOf\":{\"@id\":\"https:\\\/\\\/www.cercledecultura.org\\\/ca\\\/#website\"},\"primaryImageOfPage\":{\"@id\":\"https:\\\/\\\/www.cercledecultura.org\\\/ca\\\/casos_exit_pols_culturals\\\/#primaryimage\"},\"image\":{\"@id\":\"https:\\\/\\\/www.cercledecultura.org\\\/ca\\\/casos_exit_pols_culturals\\\/#primaryimage\"},\"thumbnailUrl\":\"https:\\\/\\\/www.cercledecultura.org\\\/wp-content\\\/uploads\\\/2021\\\/02\\\/mzX2PBBuBEy2i5cTbDDPQ.jpg\",\"datePublished\":\"2016-08-16T02:48:00+00:00\",\"dateModified\":\"2021-02-23T09:59:28+00:00\",\"breadcrumb\":{\"@id\":\"https:\\\/\\\/www.cercledecultura.org\\\/ca\\\/casos_exit_pols_culturals\\\/#breadcrumb\"},\"inLanguage\":\"ca\",\"potentialAction\":[{\"@type\":\"ReadAction\",\"target\":[\"https:\\\/\\\/www.cercledecultura.org\\\/ca\\\/casos_exit_pols_culturals\\\/\"]}]},{\"@type\":\"ImageObject\",\"inLanguage\":\"ca\",\"@id\":\"https:\\\/\\\/www.cercledecultura.org\\\/ca\\\/casos_exit_pols_culturals\\\/#primaryimage\",\"url\":\"https:\\\/\\\/www.cercledecultura.org\\\/wp-content\\\/uploads\\\/2021\\\/02\\\/mzX2PBBuBEy2i5cTbDDPQ.jpg\",\"contentUrl\":\"https:\\\/\\\/www.cercledecultura.org\\\/wp-content\\\/uploads\\\/2021\\\/02\\\/mzX2PBBuBEy2i5cTbDDPQ.jpg\",\"width\":525,\"height\":350},{\"@type\":\"BreadcrumbList\",\"@id\":\"https:\\\/\\\/www.cercledecultura.org\\\/ca\\\/casos_exit_pols_culturals\\\/#breadcrumb\",\"itemListElement\":[{\"@type\":\"ListItem\",\"position\":1,\"name\":\"Portada\",\"item\":\"https:\\\/\\\/www.cercledecultura.org\\\/ca\\\/\"},{\"@type\":\"ListItem\",\"position\":2,\"name\":\"22@ i Parc Audiovisual de Catalunya: 2 casos d&#8217;\u00e8xit de pols culturals\"}]},{\"@type\":\"WebSite\",\"@id\":\"https:\\\/\\\/www.cercledecultura.org\\\/ca\\\/#website\",\"url\":\"https:\\\/\\\/www.cercledecultura.org\\\/ca\\\/\",\"name\":\"Cercle de Cultura\",\"description\":\"Entitat de car\u00e0cter privat i associatiu, independent, amb voluntat de participar en la vida p\u00fablica des de la pluralitat ideol\u00f2gica dels seus membres fundadors i futurs associats\",\"publisher\":{\"@id\":\"https:\\\/\\\/www.cercledecultura.org\\\/ca\\\/#organization\"},\"potentialAction\":[{\"@type\":\"SearchAction\",\"target\":{\"@type\":\"EntryPoint\",\"urlTemplate\":\"https:\\\/\\\/www.cercledecultura.org\\\/ca\\\/?s={search_term_string}\"},\"query-input\":{\"@type\":\"PropertyValueSpecification\",\"valueRequired\":true,\"valueName\":\"search_term_string\"}}],\"inLanguage\":\"ca\"},{\"@type\":\"Organization\",\"@id\":\"https:\\\/\\\/www.cercledecultura.org\\\/ca\\\/#organization\",\"name\":\"Cercle de Cultura\",\"url\":\"https:\\\/\\\/www.cercledecultura.org\\\/ca\\\/\",\"logo\":{\"@type\":\"ImageObject\",\"inLanguage\":\"ca\",\"@id\":\"https:\\\/\\\/www.cercledecultura.org\\\/ca\\\/#\\\/schema\\\/logo\\\/image\\\/\",\"url\":\"https:\\\/\\\/www.cercledecultura.org\\\/wp-content\\\/uploads\\\/2020\\\/01\\\/logo-cercle-de-cultura.png\",\"contentUrl\":\"https:\\\/\\\/www.cercledecultura.org\\\/wp-content\\\/uploads\\\/2020\\\/01\\\/logo-cercle-de-cultura.png\",\"width\":350,\"height\":195,\"caption\":\"Cercle de Cultura\"},\"image\":{\"@id\":\"https:\\\/\\\/www.cercledecultura.org\\\/ca\\\/#\\\/schema\\\/logo\\\/image\\\/\"}},{\"@type\":\"Person\",\"@id\":\"https:\\\/\\\/www.cercledecultura.org\\\/ca\\\/#\\\/schema\\\/person\\\/269db25cfadcb4bd2e41781c819942f9\",\"name\":\"admin\",\"image\":{\"@type\":\"ImageObject\",\"inLanguage\":\"ca\",\"@id\":\"https:\\\/\\\/secure.gravatar.com\\\/avatar\\\/e88a8bb50a361c6d45c4709770a3d765016be4b5d85313447b91d0d707434ad9?s=96&d=mm&r=g\",\"url\":\"https:\\\/\\\/secure.gravatar.com\\\/avatar\\\/e88a8bb50a361c6d45c4709770a3d765016be4b5d85313447b91d0d707434ad9?s=96&d=mm&r=g\",\"contentUrl\":\"https:\\\/\\\/secure.gravatar.com\\\/avatar\\\/e88a8bb50a361c6d45c4709770a3d765016be4b5d85313447b91d0d707434ad9?s=96&d=mm&r=g\",\"caption\":\"admin\"},\"url\":\"https:\\\/\\\/www.cercledecultura.org\\\/ca\\\/author\\\/seic_trzh7tdr\\\/\"}]}<\/script>\n<!-- \/ Yoast SEO plugin. -->","yoast_head_json":{"title":"22@ i Parc Audiovisual de Catalunya: 2 casos d'\u00e8xit de pols culturals - Cercle de Cultura","robots":{"index":"index","follow":"follow","max-snippet":"max-snippet:-1","max-image-preview":"max-image-preview:large","max-video-preview":"max-video-preview:-1"},"canonical":"https:\/\/www.cercledecultura.org\/ca\/casos_exit_pols_culturals\/","og_locale":"ca_ES","og_type":"article","og_title":"22@ i Parc Audiovisual de Catalunya: 2 casos d'\u00e8xit de pols culturals - Cercle de Cultura","og_description":"Un recent estudi sobre els pols culturals a l'Estat espanyol, assenyala que dels 6 m\u00e9s destacats, nom\u00e9s dos responen a un model de sinergia entre els tres elements claus de tot cl\u00faster amb projecci\u00f3 de futur: investigaci\u00f3 aplicada, formaci\u00f3 universit\u00e0ria i sector industrial: el 22@Barcelona i el Parc Audiovisual de Catalunya de Terrassa.","og_url":"https:\/\/www.cercledecultura.org\/ca\/casos_exit_pols_culturals\/","og_site_name":"Cercle de Cultura","article_published_time":"2016-08-16T02:48:00+00:00","article_modified_time":"2021-02-23T09:59:28+00:00","og_image":[{"width":525,"height":350,"url":"https:\/\/www.cercledecultura.org\/wp-content\/uploads\/2021\/02\/mzX2PBBuBEy2i5cTbDDPQ.jpg","type":"image\/jpeg"}],"author":"admin","twitter_card":"summary_large_image","twitter_misc":{"Escrit per":"admin","Temps estimat de lectura":"4 minuts"},"schema":{"@context":"https:\/\/schema.org","@graph":[{"@type":"Article","@id":"https:\/\/www.cercledecultura.org\/ca\/casos_exit_pols_culturals\/#article","isPartOf":{"@id":"https:\/\/www.cercledecultura.org\/ca\/casos_exit_pols_culturals\/"},"author":{"name":"admin","@id":"https:\/\/www.cercledecultura.org\/ca\/#\/schema\/person\/269db25cfadcb4bd2e41781c819942f9"},"headline":"22@ i Parc Audiovisual de Catalunya: 2 casos d&#8217;\u00e8xit de pols culturals","datePublished":"2016-08-16T02:48:00+00:00","dateModified":"2021-02-23T09:59:28+00:00","mainEntityOfPage":{"@id":"https:\/\/www.cercledecultura.org\/ca\/casos_exit_pols_culturals\/"},"wordCount":771,"commentCount":0,"publisher":{"@id":"https:\/\/www.cercledecultura.org\/ca\/#organization"},"image":{"@id":"https:\/\/www.cercledecultura.org\/ca\/casos_exit_pols_culturals\/#primaryimage"},"thumbnailUrl":"https:\/\/www.cercledecultura.org\/wp-content\/uploads\/2021\/02\/mzX2PBBuBEy2i5cTbDDPQ.jpg","keywords":["22@","Catalunya","Cultura","Estat espanyol","I+D+I","Parc Audivisual de Catalunya","pol cultural","universitat"],"articleSection":["Not\u00edcies"],"inLanguage":"ca","potentialAction":[{"@type":"CommentAction","name":"Comment","target":["https:\/\/www.cercledecultura.org\/ca\/casos_exit_pols_culturals\/#respond"]}]},{"@type":"WebPage","@id":"https:\/\/www.cercledecultura.org\/ca\/casos_exit_pols_culturals\/","url":"https:\/\/www.cercledecultura.org\/ca\/casos_exit_pols_culturals\/","name":"22@ i Parc Audiovisual de Catalunya: 2 casos d'\u00e8xit de pols culturals - Cercle de Cultura","isPartOf":{"@id":"https:\/\/www.cercledecultura.org\/ca\/#website"},"primaryImageOfPage":{"@id":"https:\/\/www.cercledecultura.org\/ca\/casos_exit_pols_culturals\/#primaryimage"},"image":{"@id":"https:\/\/www.cercledecultura.org\/ca\/casos_exit_pols_culturals\/#primaryimage"},"thumbnailUrl":"https:\/\/www.cercledecultura.org\/wp-content\/uploads\/2021\/02\/mzX2PBBuBEy2i5cTbDDPQ.jpg","datePublished":"2016-08-16T02:48:00+00:00","dateModified":"2021-02-23T09:59:28+00:00","breadcrumb":{"@id":"https:\/\/www.cercledecultura.org\/ca\/casos_exit_pols_culturals\/#breadcrumb"},"inLanguage":"ca","potentialAction":[{"@type":"ReadAction","target":["https:\/\/www.cercledecultura.org\/ca\/casos_exit_pols_culturals\/"]}]},{"@type":"ImageObject","inLanguage":"ca","@id":"https:\/\/www.cercledecultura.org\/ca\/casos_exit_pols_culturals\/#primaryimage","url":"https:\/\/www.cercledecultura.org\/wp-content\/uploads\/2021\/02\/mzX2PBBuBEy2i5cTbDDPQ.jpg","contentUrl":"https:\/\/www.cercledecultura.org\/wp-content\/uploads\/2021\/02\/mzX2PBBuBEy2i5cTbDDPQ.jpg","width":525,"height":350},{"@type":"BreadcrumbList","@id":"https:\/\/www.cercledecultura.org\/ca\/casos_exit_pols_culturals\/#breadcrumb","itemListElement":[{"@type":"ListItem","position":1,"name":"Portada","item":"https:\/\/www.cercledecultura.org\/ca\/"},{"@type":"ListItem","position":2,"name":"22@ i Parc Audiovisual de Catalunya: 2 casos d&#8217;\u00e8xit de pols culturals"}]},{"@type":"WebSite","@id":"https:\/\/www.cercledecultura.org\/ca\/#website","url":"https:\/\/www.cercledecultura.org\/ca\/","name":"Cercle de Cultura","description":"Entitat de car\u00e0cter privat i associatiu, independent, amb voluntat de participar en la vida p\u00fablica des de la pluralitat ideol\u00f2gica dels seus membres fundadors i futurs associats","publisher":{"@id":"https:\/\/www.cercledecultura.org\/ca\/#organization"},"potentialAction":[{"@type":"SearchAction","target":{"@type":"EntryPoint","urlTemplate":"https:\/\/www.cercledecultura.org\/ca\/?s={search_term_string}"},"query-input":{"@type":"PropertyValueSpecification","valueRequired":true,"valueName":"search_term_string"}}],"inLanguage":"ca"},{"@type":"Organization","@id":"https:\/\/www.cercledecultura.org\/ca\/#organization","name":"Cercle de Cultura","url":"https:\/\/www.cercledecultura.org\/ca\/","logo":{"@type":"ImageObject","inLanguage":"ca","@id":"https:\/\/www.cercledecultura.org\/ca\/#\/schema\/logo\/image\/","url":"https:\/\/www.cercledecultura.org\/wp-content\/uploads\/2020\/01\/logo-cercle-de-cultura.png","contentUrl":"https:\/\/www.cercledecultura.org\/wp-content\/uploads\/2020\/01\/logo-cercle-de-cultura.png","width":350,"height":195,"caption":"Cercle de Cultura"},"image":{"@id":"https:\/\/www.cercledecultura.org\/ca\/#\/schema\/logo\/image\/"}},{"@type":"Person","@id":"https:\/\/www.cercledecultura.org\/ca\/#\/schema\/person\/269db25cfadcb4bd2e41781c819942f9","name":"admin","image":{"@type":"ImageObject","inLanguage":"ca","@id":"https:\/\/secure.gravatar.com\/avatar\/e88a8bb50a361c6d45c4709770a3d765016be4b5d85313447b91d0d707434ad9?s=96&d=mm&r=g","url":"https:\/\/secure.gravatar.com\/avatar\/e88a8bb50a361c6d45c4709770a3d765016be4b5d85313447b91d0d707434ad9?s=96&d=mm&r=g","contentUrl":"https:\/\/secure.gravatar.com\/avatar\/e88a8bb50a361c6d45c4709770a3d765016be4b5d85313447b91d0d707434ad9?s=96&d=mm&r=g","caption":"admin"},"url":"https:\/\/www.cercledecultura.org\/ca\/author\/seic_trzh7tdr\/"}]}},"_links":{"self":[{"href":"https:\/\/www.cercledecultura.org\/ca\/wp-json\/wp\/v2\/posts\/718","targetHints":{"allow":["GET"]}}],"collection":[{"href":"https:\/\/www.cercledecultura.org\/ca\/wp-json\/wp\/v2\/posts"}],"about":[{"href":"https:\/\/www.cercledecultura.org\/ca\/wp-json\/wp\/v2\/types\/post"}],"author":[{"embeddable":true,"href":"https:\/\/www.cercledecultura.org\/ca\/wp-json\/wp\/v2\/users\/1"}],"replies":[{"embeddable":true,"href":"https:\/\/www.cercledecultura.org\/ca\/wp-json\/wp\/v2\/comments?post=718"}],"version-history":[{"count":1,"href":"https:\/\/www.cercledecultura.org\/ca\/wp-json\/wp\/v2\/posts\/718\/revisions"}],"predecessor-version":[{"id":1117,"href":"https:\/\/www.cercledecultura.org\/ca\/wp-json\/wp\/v2\/posts\/718\/revisions\/1117"}],"wp:featuredmedia":[{"embeddable":true,"href":"https:\/\/www.cercledecultura.org\/ca\/wp-json\/wp\/v2\/media\/719"}],"wp:attachment":[{"href":"https:\/\/www.cercledecultura.org\/ca\/wp-json\/wp\/v2\/media?parent=718"}],"wp:term":[{"taxonomy":"category","embeddable":true,"href":"https:\/\/www.cercledecultura.org\/ca\/wp-json\/wp\/v2\/categories?post=718"},{"taxonomy":"post_tag","embeddable":true,"href":"https:\/\/www.cercledecultura.org\/ca\/wp-json\/wp\/v2\/tags?post=718"}],"curies":[{"name":"wp","href":"https:\/\/api.w.org\/{rel}","templated":true}]}}