{"id":710,"date":"2016-07-13T11:17:00","date_gmt":"2016-07-13T11:17:00","guid":{"rendered":"https:\/\/pre.cercledecultura.org\/protegir_propietat_intellectual_cultura_ue\/"},"modified":"2021-02-23T10:04:08","modified_gmt":"2021-02-23T10:04:08","slug":"protegir_propietat_intellectual_cultura_ue","status":"publish","type":"post","link":"https:\/\/www.cercledecultura.org\/ca\/protegir_propietat_intellectual_cultura_ue\/","title":{"rendered":"M\u00e9s de 1.100 autors i creadors reclamen a la UE protegir l&#8217;obra cultural a internet"},"content":{"rendered":"<p>La pol\u00e8mica sobre la retribuci\u00f3 de les grans corporacions que lideren el tr\u00e0nsit i difusi\u00f3 dels continguts digitals i les ind\u00fastries culturals i els seus creadors i autors \u00e9s lluny d&#8217;arribar a la seva fi. Aquesta setmana, la carta &#8220;un internet just per als creadors&#8221;, signada per m\u00e9s d&#8217;un miler d&#8217;autors i creadors europeus, reclama al president de la Comissi\u00f3 Europea Jean-Claude Juncker que la UE es doti d&#8217;una legislaci\u00f3 efica\u00e7 sobre els drets d&#8217;autor &#8220;per aconseguir un tracte just a canvi de l&#8217;\u00fas de les seves obres online&#8221;.  La carta adverteix que &#8220;els actors dominants del mercat, com YouTube, s\u00f3n plataformes creades a partir de contingut penjat o agregat pels usuaris, i quasi no ofereixen cap remuneraci\u00f3 per les nostres obres. Pitjor encara, el fet que aquestes plataformes aconsegueixen aix\u00f2 sense restriccions, suposa un retroc\u00e9s sens fi del valor de mercat de les obres creatives&#8221;. En aquest sentit, els seus signants aposten perqu\u00e8 &#8220;es garanteixi una reforma adequada de la legislaci\u00f3 relativa als drets d&#8217;autor, una reforma que no toleri les escletxes legals per als qui se n&#8217;aprofiten, o la perpetuaci\u00f3 d&#8217;un dany inacceptable a la creativitat i el creixement econ\u00f2mic d&#8217;Europa&#8221;.  La carta ha estat impulsada per l&#8217;associaci\u00f3 GESAC, integrada per per m\u00e9s d&#8217;una trentena d&#8217;entitats de gesti\u00f3 de drets d&#8217;autor de la UE, Isl\u00e0ndia, Noruega i Su\u00efssa, i posa de manifest la gran preocupaci\u00f3 del sector davant les grans corporacions que lideren la difusi\u00f3 de continguts a internet, per part d&#8217;un sector cultural que a Europa genera m\u00e9s d&#8217;un 4% del seu PIB i genera entre 6 i m\u00e9s de 8 milions de llocs de treball (segons les diferents estad\u00edstiques disponibles). Entre els signants, figuren autors com Charles Aznavour, Ennio Morricone, Albert Uderzo o Pedro Almod\u00f3var, i hi destaquen tamb\u00e9 grans noms del nostre panorama musical com Joan Manuel Serrat, Maria del Mar Bonet, Llu\u00eds Llach, Marina Rossell o Max Sunyer.  A finals de setembre, Bratislava acollir\u00e0 la trobada &#8220;Assemblea Digital&#8221;, organitzada conjuntament per la Comissi\u00f3 Europea i la presid\u00e8ncia del Consell d&#8217;Europa que analitzar\u00e0, entre d&#8217;altres q\u00fcestions la difusi\u00f3 de continguts dins el mercat \u00fanic digital, promogut per la Comissi\u00f3 Europea. Una reuni\u00f3 que podria servir per estudiar solucions a la problem\u00e0tica plantejada, un cop haur\u00e0 passat m\u00e9s d&#8217;un any del proc\u00e9s de posada en marxa del mercat \u00fanic digital a la UE.<\/p>\n","protected":false},"excerpt":{"rendered":"<p>El president de la Comissi\u00f3 Europea ha rebut una carta, signada per m\u00e9s de 1.100 autors i creadors culturals, en la que se li reclama que es reguli adequadament el m\u00f3n d&#8217;internet per a la justa remuneraci\u00f3 dels autors i obres que es difonen online.<\/p>\n","protected":false},"author":1,"featured_media":711,"comment_status":"open","ping_status":"closed","sticky":false,"template":"","format":"standard","meta":{"footnotes":""},"categories":[26],"tags":[266,226,187,5,12,18,264,265,117,200,267],"class_list":["post-710","post","type-post","status-publish","format-standard","has-post-thumbnail","hentry","category-noticies","tag-autor","tag-comissio-europea","tag-creador","tag-cultura","tag-industries-culturals","tag-internet","tag-legislacio","tag-mercat-unic-digital","tag-propietat-intellectual","tag-ue","tag-youtube"],"yoast_head":"<!-- This site is optimized with the Yoast SEO plugin v27.5 - https:\/\/yoast.com\/product\/yoast-seo-wordpress\/ -->\n<title>M\u00e9s de 1.100 autors i creadors reclamen a la UE protegir l&#039;obra cultural a internet - Cercle de Cultura<\/title>\n<meta name=\"robots\" content=\"index, follow, max-snippet:-1, max-image-preview:large, max-video-preview:-1\" \/>\n<link rel=\"canonical\" href=\"https:\/\/www.cercledecultura.org\/ca\/protegir_propietat_intellectual_cultura_ue\/\" \/>\n<meta property=\"og:locale\" content=\"ca_ES\" \/>\n<meta property=\"og:type\" content=\"article\" \/>\n<meta property=\"og:title\" content=\"M\u00e9s de 1.100 autors i creadors reclamen a la UE protegir l&#039;obra cultural a internet - Cercle de Cultura\" \/>\n<meta property=\"og:description\" content=\"El president de la Comissi\u00f3 Europea ha rebut una carta, signada per m\u00e9s de 1.100 autors i creadors culturals, en la que se li reclama que es reguli adequadament el m\u00f3n d&#039;internet per a la justa remuneraci\u00f3 dels autors i obres que es difonen online.\" \/>\n<meta property=\"og:url\" content=\"https:\/\/www.cercledecultura.org\/ca\/protegir_propietat_intellectual_cultura_ue\/\" \/>\n<meta property=\"og:site_name\" content=\"Cercle de Cultura\" \/>\n<meta property=\"article:published_time\" content=\"2016-07-13T11:17:00+00:00\" \/>\n<meta property=\"article:modified_time\" content=\"2021-02-23T10:04:08+00:00\" \/>\n<meta property=\"og:image\" content=\"https:\/\/www.cercledecultura.org\/wp-content\/uploads\/2021\/02\/dDhHvj6G60qwTrp1W938cw.jpg\" \/>\n\t<meta property=\"og:image:width\" content=\"441\" \/>\n\t<meta property=\"og:image:height\" content=\"294\" \/>\n\t<meta property=\"og:image:type\" content=\"image\/jpeg\" \/>\n<meta name=\"author\" content=\"admin\" \/>\n<meta name=\"twitter:card\" content=\"summary_large_image\" \/>\n<meta name=\"twitter:label1\" content=\"Escrit per\" \/>\n\t<meta name=\"twitter:data1\" content=\"admin\" \/>\n\t<meta name=\"twitter:label2\" content=\"Temps estimat de lectura\" \/>\n\t<meta name=\"twitter:data2\" content=\"2 minuts\" \/>\n<script type=\"application\/ld+json\" class=\"yoast-schema-graph\">{\"@context\":\"https:\\\/\\\/schema.org\",\"@graph\":[{\"@type\":\"Article\",\"@id\":\"https:\\\/\\\/www.cercledecultura.org\\\/ca\\\/protegir_propietat_intellectual_cultura_ue\\\/#article\",\"isPartOf\":{\"@id\":\"https:\\\/\\\/www.cercledecultura.org\\\/ca\\\/protegir_propietat_intellectual_cultura_ue\\\/\"},\"author\":{\"name\":\"admin\",\"@id\":\"https:\\\/\\\/www.cercledecultura.org\\\/ca\\\/#\\\/schema\\\/person\\\/269db25cfadcb4bd2e41781c819942f9\"},\"headline\":\"M\u00e9s de 1.100 autors i creadors reclamen a la UE protegir l&#8217;obra cultural a internet\",\"datePublished\":\"2016-07-13T11:17:00+00:00\",\"dateModified\":\"2021-02-23T10:04:08+00:00\",\"mainEntityOfPage\":{\"@id\":\"https:\\\/\\\/www.cercledecultura.org\\\/ca\\\/protegir_propietat_intellectual_cultura_ue\\\/\"},\"wordCount\":439,\"commentCount\":0,\"publisher\":{\"@id\":\"https:\\\/\\\/www.cercledecultura.org\\\/ca\\\/#organization\"},\"image\":{\"@id\":\"https:\\\/\\\/www.cercledecultura.org\\\/ca\\\/protegir_propietat_intellectual_cultura_ue\\\/#primaryimage\"},\"thumbnailUrl\":\"https:\\\/\\\/www.cercledecultura.org\\\/wp-content\\\/uploads\\\/2021\\\/02\\\/dDhHvj6G60qwTrp1W938cw.jpg\",\"keywords\":[\"autor\",\"Comissi\u00f3 Europea\",\"creador\",\"Cultura\",\"Industries Culturals\",\"Internet\",\"legislaci\u00f3\",\"mercat \u00fanic digital\",\"propietat intel\u00b7lectual\",\"UE\",\"YouTube\"],\"articleSection\":[\"Not\u00edcies\"],\"inLanguage\":\"ca\",\"potentialAction\":[{\"@type\":\"CommentAction\",\"name\":\"Comment\",\"target\":[\"https:\\\/\\\/www.cercledecultura.org\\\/ca\\\/protegir_propietat_intellectual_cultura_ue\\\/#respond\"]}]},{\"@type\":\"WebPage\",\"@id\":\"https:\\\/\\\/www.cercledecultura.org\\\/ca\\\/protegir_propietat_intellectual_cultura_ue\\\/\",\"url\":\"https:\\\/\\\/www.cercledecultura.org\\\/ca\\\/protegir_propietat_intellectual_cultura_ue\\\/\",\"name\":\"M\u00e9s de 1.100 autors i creadors reclamen a la UE protegir l'obra cultural a internet - Cercle de Cultura\",\"isPartOf\":{\"@id\":\"https:\\\/\\\/www.cercledecultura.org\\\/ca\\\/#website\"},\"primaryImageOfPage\":{\"@id\":\"https:\\\/\\\/www.cercledecultura.org\\\/ca\\\/protegir_propietat_intellectual_cultura_ue\\\/#primaryimage\"},\"image\":{\"@id\":\"https:\\\/\\\/www.cercledecultura.org\\\/ca\\\/protegir_propietat_intellectual_cultura_ue\\\/#primaryimage\"},\"thumbnailUrl\":\"https:\\\/\\\/www.cercledecultura.org\\\/wp-content\\\/uploads\\\/2021\\\/02\\\/dDhHvj6G60qwTrp1W938cw.jpg\",\"datePublished\":\"2016-07-13T11:17:00+00:00\",\"dateModified\":\"2021-02-23T10:04:08+00:00\",\"breadcrumb\":{\"@id\":\"https:\\\/\\\/www.cercledecultura.org\\\/ca\\\/protegir_propietat_intellectual_cultura_ue\\\/#breadcrumb\"},\"inLanguage\":\"ca\",\"potentialAction\":[{\"@type\":\"ReadAction\",\"target\":[\"https:\\\/\\\/www.cercledecultura.org\\\/ca\\\/protegir_propietat_intellectual_cultura_ue\\\/\"]}]},{\"@type\":\"ImageObject\",\"inLanguage\":\"ca\",\"@id\":\"https:\\\/\\\/www.cercledecultura.org\\\/ca\\\/protegir_propietat_intellectual_cultura_ue\\\/#primaryimage\",\"url\":\"https:\\\/\\\/www.cercledecultura.org\\\/wp-content\\\/uploads\\\/2021\\\/02\\\/dDhHvj6G60qwTrp1W938cw.jpg\",\"contentUrl\":\"https:\\\/\\\/www.cercledecultura.org\\\/wp-content\\\/uploads\\\/2021\\\/02\\\/dDhHvj6G60qwTrp1W938cw.jpg\",\"width\":441,\"height\":294},{\"@type\":\"BreadcrumbList\",\"@id\":\"https:\\\/\\\/www.cercledecultura.org\\\/ca\\\/protegir_propietat_intellectual_cultura_ue\\\/#breadcrumb\",\"itemListElement\":[{\"@type\":\"ListItem\",\"position\":1,\"name\":\"Portada\",\"item\":\"https:\\\/\\\/www.cercledecultura.org\\\/ca\\\/\"},{\"@type\":\"ListItem\",\"position\":2,\"name\":\"M\u00e9s de 1.100 autors i creadors reclamen a la UE protegir l&#8217;obra cultural a internet\"}]},{\"@type\":\"WebSite\",\"@id\":\"https:\\\/\\\/www.cercledecultura.org\\\/ca\\\/#website\",\"url\":\"https:\\\/\\\/www.cercledecultura.org\\\/ca\\\/\",\"name\":\"Cercle de Cultura\",\"description\":\"Entitat de car\u00e0cter privat i associatiu, independent, amb voluntat de participar en la vida p\u00fablica des de la pluralitat ideol\u00f2gica dels seus membres fundadors i futurs associats\",\"publisher\":{\"@id\":\"https:\\\/\\\/www.cercledecultura.org\\\/ca\\\/#organization\"},\"potentialAction\":[{\"@type\":\"SearchAction\",\"target\":{\"@type\":\"EntryPoint\",\"urlTemplate\":\"https:\\\/\\\/www.cercledecultura.org\\\/ca\\\/?s={search_term_string}\"},\"query-input\":{\"@type\":\"PropertyValueSpecification\",\"valueRequired\":true,\"valueName\":\"search_term_string\"}}],\"inLanguage\":\"ca\"},{\"@type\":\"Organization\",\"@id\":\"https:\\\/\\\/www.cercledecultura.org\\\/ca\\\/#organization\",\"name\":\"Cercle de Cultura\",\"url\":\"https:\\\/\\\/www.cercledecultura.org\\\/ca\\\/\",\"logo\":{\"@type\":\"ImageObject\",\"inLanguage\":\"ca\",\"@id\":\"https:\\\/\\\/www.cercledecultura.org\\\/ca\\\/#\\\/schema\\\/logo\\\/image\\\/\",\"url\":\"https:\\\/\\\/www.cercledecultura.org\\\/wp-content\\\/uploads\\\/2020\\\/01\\\/logo-cercle-de-cultura.png\",\"contentUrl\":\"https:\\\/\\\/www.cercledecultura.org\\\/wp-content\\\/uploads\\\/2020\\\/01\\\/logo-cercle-de-cultura.png\",\"width\":350,\"height\":195,\"caption\":\"Cercle de Cultura\"},\"image\":{\"@id\":\"https:\\\/\\\/www.cercledecultura.org\\\/ca\\\/#\\\/schema\\\/logo\\\/image\\\/\"}},{\"@type\":\"Person\",\"@id\":\"https:\\\/\\\/www.cercledecultura.org\\\/ca\\\/#\\\/schema\\\/person\\\/269db25cfadcb4bd2e41781c819942f9\",\"name\":\"admin\",\"image\":{\"@type\":\"ImageObject\",\"inLanguage\":\"ca\",\"@id\":\"https:\\\/\\\/secure.gravatar.com\\\/avatar\\\/e88a8bb50a361c6d45c4709770a3d765016be4b5d85313447b91d0d707434ad9?s=96&d=mm&r=g\",\"url\":\"https:\\\/\\\/secure.gravatar.com\\\/avatar\\\/e88a8bb50a361c6d45c4709770a3d765016be4b5d85313447b91d0d707434ad9?s=96&d=mm&r=g\",\"contentUrl\":\"https:\\\/\\\/secure.gravatar.com\\\/avatar\\\/e88a8bb50a361c6d45c4709770a3d765016be4b5d85313447b91d0d707434ad9?s=96&d=mm&r=g\",\"caption\":\"admin\"},\"url\":\"https:\\\/\\\/www.cercledecultura.org\\\/ca\\\/author\\\/seic_trzh7tdr\\\/\"}]}<\/script>\n<!-- \/ Yoast SEO plugin. -->","yoast_head_json":{"title":"M\u00e9s de 1.100 autors i creadors reclamen a la UE protegir l'obra cultural a internet - Cercle de Cultura","robots":{"index":"index","follow":"follow","max-snippet":"max-snippet:-1","max-image-preview":"max-image-preview:large","max-video-preview":"max-video-preview:-1"},"canonical":"https:\/\/www.cercledecultura.org\/ca\/protegir_propietat_intellectual_cultura_ue\/","og_locale":"ca_ES","og_type":"article","og_title":"M\u00e9s de 1.100 autors i creadors reclamen a la UE protegir l'obra cultural a internet - Cercle de Cultura","og_description":"El president de la Comissi\u00f3 Europea ha rebut una carta, signada per m\u00e9s de 1.100 autors i creadors culturals, en la que se li reclama que es reguli adequadament el m\u00f3n d'internet per a la justa remuneraci\u00f3 dels autors i obres que es difonen online.","og_url":"https:\/\/www.cercledecultura.org\/ca\/protegir_propietat_intellectual_cultura_ue\/","og_site_name":"Cercle de Cultura","article_published_time":"2016-07-13T11:17:00+00:00","article_modified_time":"2021-02-23T10:04:08+00:00","og_image":[{"width":441,"height":294,"url":"https:\/\/www.cercledecultura.org\/wp-content\/uploads\/2021\/02\/dDhHvj6G60qwTrp1W938cw.jpg","type":"image\/jpeg"}],"author":"admin","twitter_card":"summary_large_image","twitter_misc":{"Escrit per":"admin","Temps estimat de lectura":"2 minuts"},"schema":{"@context":"https:\/\/schema.org","@graph":[{"@type":"Article","@id":"https:\/\/www.cercledecultura.org\/ca\/protegir_propietat_intellectual_cultura_ue\/#article","isPartOf":{"@id":"https:\/\/www.cercledecultura.org\/ca\/protegir_propietat_intellectual_cultura_ue\/"},"author":{"name":"admin","@id":"https:\/\/www.cercledecultura.org\/ca\/#\/schema\/person\/269db25cfadcb4bd2e41781c819942f9"},"headline":"M\u00e9s de 1.100 autors i creadors reclamen a la UE protegir l&#8217;obra cultural a internet","datePublished":"2016-07-13T11:17:00+00:00","dateModified":"2021-02-23T10:04:08+00:00","mainEntityOfPage":{"@id":"https:\/\/www.cercledecultura.org\/ca\/protegir_propietat_intellectual_cultura_ue\/"},"wordCount":439,"commentCount":0,"publisher":{"@id":"https:\/\/www.cercledecultura.org\/ca\/#organization"},"image":{"@id":"https:\/\/www.cercledecultura.org\/ca\/protegir_propietat_intellectual_cultura_ue\/#primaryimage"},"thumbnailUrl":"https:\/\/www.cercledecultura.org\/wp-content\/uploads\/2021\/02\/dDhHvj6G60qwTrp1W938cw.jpg","keywords":["autor","Comissi\u00f3 Europea","creador","Cultura","Industries Culturals","Internet","legislaci\u00f3","mercat \u00fanic digital","propietat intel\u00b7lectual","UE","YouTube"],"articleSection":["Not\u00edcies"],"inLanguage":"ca","potentialAction":[{"@type":"CommentAction","name":"Comment","target":["https:\/\/www.cercledecultura.org\/ca\/protegir_propietat_intellectual_cultura_ue\/#respond"]}]},{"@type":"WebPage","@id":"https:\/\/www.cercledecultura.org\/ca\/protegir_propietat_intellectual_cultura_ue\/","url":"https:\/\/www.cercledecultura.org\/ca\/protegir_propietat_intellectual_cultura_ue\/","name":"M\u00e9s de 1.100 autors i creadors reclamen a la UE protegir l'obra cultural a internet - Cercle de Cultura","isPartOf":{"@id":"https:\/\/www.cercledecultura.org\/ca\/#website"},"primaryImageOfPage":{"@id":"https:\/\/www.cercledecultura.org\/ca\/protegir_propietat_intellectual_cultura_ue\/#primaryimage"},"image":{"@id":"https:\/\/www.cercledecultura.org\/ca\/protegir_propietat_intellectual_cultura_ue\/#primaryimage"},"thumbnailUrl":"https:\/\/www.cercledecultura.org\/wp-content\/uploads\/2021\/02\/dDhHvj6G60qwTrp1W938cw.jpg","datePublished":"2016-07-13T11:17:00+00:00","dateModified":"2021-02-23T10:04:08+00:00","breadcrumb":{"@id":"https:\/\/www.cercledecultura.org\/ca\/protegir_propietat_intellectual_cultura_ue\/#breadcrumb"},"inLanguage":"ca","potentialAction":[{"@type":"ReadAction","target":["https:\/\/www.cercledecultura.org\/ca\/protegir_propietat_intellectual_cultura_ue\/"]}]},{"@type":"ImageObject","inLanguage":"ca","@id":"https:\/\/www.cercledecultura.org\/ca\/protegir_propietat_intellectual_cultura_ue\/#primaryimage","url":"https:\/\/www.cercledecultura.org\/wp-content\/uploads\/2021\/02\/dDhHvj6G60qwTrp1W938cw.jpg","contentUrl":"https:\/\/www.cercledecultura.org\/wp-content\/uploads\/2021\/02\/dDhHvj6G60qwTrp1W938cw.jpg","width":441,"height":294},{"@type":"BreadcrumbList","@id":"https:\/\/www.cercledecultura.org\/ca\/protegir_propietat_intellectual_cultura_ue\/#breadcrumb","itemListElement":[{"@type":"ListItem","position":1,"name":"Portada","item":"https:\/\/www.cercledecultura.org\/ca\/"},{"@type":"ListItem","position":2,"name":"M\u00e9s de 1.100 autors i creadors reclamen a la UE protegir l&#8217;obra cultural a internet"}]},{"@type":"WebSite","@id":"https:\/\/www.cercledecultura.org\/ca\/#website","url":"https:\/\/www.cercledecultura.org\/ca\/","name":"Cercle de Cultura","description":"Entitat de car\u00e0cter privat i associatiu, independent, amb voluntat de participar en la vida p\u00fablica des de la pluralitat ideol\u00f2gica dels seus membres fundadors i futurs associats","publisher":{"@id":"https:\/\/www.cercledecultura.org\/ca\/#organization"},"potentialAction":[{"@type":"SearchAction","target":{"@type":"EntryPoint","urlTemplate":"https:\/\/www.cercledecultura.org\/ca\/?s={search_term_string}"},"query-input":{"@type":"PropertyValueSpecification","valueRequired":true,"valueName":"search_term_string"}}],"inLanguage":"ca"},{"@type":"Organization","@id":"https:\/\/www.cercledecultura.org\/ca\/#organization","name":"Cercle de Cultura","url":"https:\/\/www.cercledecultura.org\/ca\/","logo":{"@type":"ImageObject","inLanguage":"ca","@id":"https:\/\/www.cercledecultura.org\/ca\/#\/schema\/logo\/image\/","url":"https:\/\/www.cercledecultura.org\/wp-content\/uploads\/2020\/01\/logo-cercle-de-cultura.png","contentUrl":"https:\/\/www.cercledecultura.org\/wp-content\/uploads\/2020\/01\/logo-cercle-de-cultura.png","width":350,"height":195,"caption":"Cercle de Cultura"},"image":{"@id":"https:\/\/www.cercledecultura.org\/ca\/#\/schema\/logo\/image\/"}},{"@type":"Person","@id":"https:\/\/www.cercledecultura.org\/ca\/#\/schema\/person\/269db25cfadcb4bd2e41781c819942f9","name":"admin","image":{"@type":"ImageObject","inLanguage":"ca","@id":"https:\/\/secure.gravatar.com\/avatar\/e88a8bb50a361c6d45c4709770a3d765016be4b5d85313447b91d0d707434ad9?s=96&d=mm&r=g","url":"https:\/\/secure.gravatar.com\/avatar\/e88a8bb50a361c6d45c4709770a3d765016be4b5d85313447b91d0d707434ad9?s=96&d=mm&r=g","contentUrl":"https:\/\/secure.gravatar.com\/avatar\/e88a8bb50a361c6d45c4709770a3d765016be4b5d85313447b91d0d707434ad9?s=96&d=mm&r=g","caption":"admin"},"url":"https:\/\/www.cercledecultura.org\/ca\/author\/seic_trzh7tdr\/"}]}},"_links":{"self":[{"href":"https:\/\/www.cercledecultura.org\/ca\/wp-json\/wp\/v2\/posts\/710","targetHints":{"allow":["GET"]}}],"collection":[{"href":"https:\/\/www.cercledecultura.org\/ca\/wp-json\/wp\/v2\/posts"}],"about":[{"href":"https:\/\/www.cercledecultura.org\/ca\/wp-json\/wp\/v2\/types\/post"}],"author":[{"embeddable":true,"href":"https:\/\/www.cercledecultura.org\/ca\/wp-json\/wp\/v2\/users\/1"}],"replies":[{"embeddable":true,"href":"https:\/\/www.cercledecultura.org\/ca\/wp-json\/wp\/v2\/comments?post=710"}],"version-history":[{"count":1,"href":"https:\/\/www.cercledecultura.org\/ca\/wp-json\/wp\/v2\/posts\/710\/revisions"}],"predecessor-version":[{"id":1113,"href":"https:\/\/www.cercledecultura.org\/ca\/wp-json\/wp\/v2\/posts\/710\/revisions\/1113"}],"wp:featuredmedia":[{"embeddable":true,"href":"https:\/\/www.cercledecultura.org\/ca\/wp-json\/wp\/v2\/media\/711"}],"wp:attachment":[{"href":"https:\/\/www.cercledecultura.org\/ca\/wp-json\/wp\/v2\/media?parent=710"}],"wp:term":[{"taxonomy":"category","embeddable":true,"href":"https:\/\/www.cercledecultura.org\/ca\/wp-json\/wp\/v2\/categories?post=710"},{"taxonomy":"post_tag","embeddable":true,"href":"https:\/\/www.cercledecultura.org\/ca\/wp-json\/wp\/v2\/tags?post=710"}],"curies":[{"name":"wp","href":"https:\/\/api.w.org\/{rel}","templated":true}]}}