{"id":698,"date":"2016-06-08T06:17:00","date_gmt":"2016-06-08T06:17:00","guid":{"rendered":"https:\/\/pre.cercledecultura.org\/manifest_crucial_brudesala\/"},"modified":"2021-02-23T09:37:43","modified_gmt":"2021-02-23T09:37:43","slug":"manifest_crucial_brudesala","status":"publish","type":"post","link":"https:\/\/www.cercledecultura.org\/ca\/manifest_crucial_brudesala\/","title":{"rendered":"Manifest crucial"},"content":{"rendered":"<p>Mentre segueix la campanya dels antiespanyols a favor de la llengua \u00fanica, adornada amb argumentaris pseudocient\u00edfics de matriu visceral, el col\u00b7lectiu que adopta el nom de Pere Quart \u2013un c\u00ednic antic i aut\u00e8ntic, \u00e9s a dir amb creences i principis\u2013 ha fet p\u00fablic un manifest tan transcendent, tant, que ning\u00fa en far\u00e0 cas, i aix\u00f2 sol ja demostra quina mena de pa\u00eds ens disposem a engendrar.  Diu el document en q\u00fcesti\u00f3: \u00ab&#8230;\u00e9s de c\u00ednics plorar, pl\u00e0nyer-se i omplir-se la boca dient que es defensa la llengua pr\u00f2pia mentre es redueix a gaireb\u00e9 no res la seva literatura, que \u00e9s la forma de cultura viva que fa possible la vitalitat d\u2019un idioma&#8230;\u00bb.  En efecte, els signants de SOS. Literatura a l\u2019ensenyament denuncien com, mentre s\u2019omplien la boca amb ret\u00f2riques o inn\u00f2cues desobedi\u00e8ncies, les nostres autoritats s\u2019han servit de la llei Wert per acabar d\u2019arraconar la literatura, comen\u00e7ant per la pr\u00f2pia, a l\u2019ensenyament. L\u2019escola catalana la va menysprear, infravalorar i infantilitzar des del primer dia. D\u2019aqu\u00ed prov\u00e9, d\u2019haver estat excl\u00f2s del di\u00e0leg amb un mateix a trav\u00e9s de les seves expressions m\u00e9s altes, l\u2019escassa adhesi\u00f3 a l\u2019idioma de les generacions de la immersi\u00f3.  Per acabar d\u2019assassinar la cultura des de la barb\u00e0rie i d\u2019idiotitzar el catal\u00e0, nom\u00e9s faltava banalitzar l\u2019\u00faltim reducte, la filosofia, que \u00e9s la maquineta de fer punta als idiomes. Els que s\u2019hi presten no s\u00f3n sin\u00f3 tra\u00efdors als seus estudis i a la seva vocaci\u00f3 juvenil, hem de suposar que sincera per\u00f2 infinitament voluble.  Com diu una pintada an\u00f2nima a Sabadell i recorda el col\u00b7lectiu Pere Quart, \u00abNom\u00e9s la cultura ens far\u00e0 lliures\u00bb. Per aix\u00f2 els que pretenen manipular la societat catalana des del quil\u00f2metre zero s\u2019esmercen tant a seguir l\u2019exemple de Jordi Pujol, que va dedicar bona part dels seus esfor\u00e7os a arraconar la cultura, sobretot la cr\u00edtica, amb la intenci\u00f3 de no ser q\u00fcestionat, \u00e9s a dir, descobert.  Article de Xavier Bru de Sala publicat al Peri\u00f3dico de Catalunya<\/p>\n","protected":false},"excerpt":{"rendered":"<p>Article de Xavier Bru de Sala en el que expressa el seu suport al manifest de den\u00fancia de la desaparici\u00f3 de la literatura a les escoles &#8220;SOS. Literatura a l&#8217;ensenyament&#8221;<\/p>\n","protected":false},"author":1,"featured_media":699,"comment_status":"open","ping_status":"closed","sticky":false,"template":"","format":"standard","meta":{"footnotes":""},"categories":[24],"tags":[249,20,87],"class_list":["post-698","post","type-post","status-publish","format-standard","has-post-thumbnail","hentry","category-opinio","tag-escola","tag-literatura","tag-xavier-bru-de-sala"],"yoast_head":"<!-- This site is optimized with the Yoast SEO plugin v27.5 - https:\/\/yoast.com\/product\/yoast-seo-wordpress\/ -->\n<title>Manifest crucial - Cercle de Cultura<\/title>\n<meta name=\"robots\" content=\"index, follow, max-snippet:-1, max-image-preview:large, max-video-preview:-1\" \/>\n<link rel=\"canonical\" href=\"https:\/\/www.cercledecultura.org\/ca\/manifest_crucial_brudesala\/\" \/>\n<meta property=\"og:locale\" content=\"ca_ES\" \/>\n<meta property=\"og:type\" content=\"article\" \/>\n<meta property=\"og:title\" content=\"Manifest crucial - Cercle de Cultura\" \/>\n<meta property=\"og:description\" content=\"Article de Xavier Bru de Sala en el que expressa el seu suport al manifest de den\u00fancia de la desaparici\u00f3 de la literatura a les escoles &quot;SOS. Literatura a l&#039;ensenyament&quot;\" \/>\n<meta property=\"og:url\" content=\"https:\/\/www.cercledecultura.org\/ca\/manifest_crucial_brudesala\/\" \/>\n<meta property=\"og:site_name\" content=\"Cercle de Cultura\" \/>\n<meta property=\"article:published_time\" content=\"2016-06-08T06:17:00+00:00\" \/>\n<meta property=\"article:modified_time\" content=\"2021-02-23T09:37:43+00:00\" \/>\n<meta property=\"og:image\" content=\"https:\/\/www.cercledecultura.org\/wp-content\/uploads\/2021\/02\/AMgEmOu0mPj75AmgxnJw.jpg\" \/>\n\t<meta property=\"og:image:width\" content=\"732\" \/>\n\t<meta property=\"og:image:height\" content=\"488\" \/>\n\t<meta property=\"og:image:type\" content=\"image\/jpeg\" \/>\n<meta name=\"author\" content=\"admin\" \/>\n<meta name=\"twitter:card\" content=\"summary_large_image\" \/>\n<meta name=\"twitter:label1\" content=\"Escrit per\" \/>\n\t<meta name=\"twitter:data1\" content=\"admin\" \/>\n\t<meta name=\"twitter:label2\" content=\"Temps estimat de lectura\" \/>\n\t<meta name=\"twitter:data2\" content=\"2 minuts\" \/>\n<script type=\"application\/ld+json\" class=\"yoast-schema-graph\">{\"@context\":\"https:\\\/\\\/schema.org\",\"@graph\":[{\"@type\":\"Article\",\"@id\":\"https:\\\/\\\/www.cercledecultura.org\\\/ca\\\/manifest_crucial_brudesala\\\/#article\",\"isPartOf\":{\"@id\":\"https:\\\/\\\/www.cercledecultura.org\\\/ca\\\/manifest_crucial_brudesala\\\/\"},\"author\":{\"name\":\"admin\",\"@id\":\"https:\\\/\\\/www.cercledecultura.org\\\/ca\\\/#\\\/schema\\\/person\\\/269db25cfadcb4bd2e41781c819942f9\"},\"headline\":\"Manifest crucial\",\"datePublished\":\"2016-06-08T06:17:00+00:00\",\"dateModified\":\"2021-02-23T09:37:43+00:00\",\"mainEntityOfPage\":{\"@id\":\"https:\\\/\\\/www.cercledecultura.org\\\/ca\\\/manifest_crucial_brudesala\\\/\"},\"wordCount\":372,\"commentCount\":0,\"publisher\":{\"@id\":\"https:\\\/\\\/www.cercledecultura.org\\\/ca\\\/#organization\"},\"image\":{\"@id\":\"https:\\\/\\\/www.cercledecultura.org\\\/ca\\\/manifest_crucial_brudesala\\\/#primaryimage\"},\"thumbnailUrl\":\"https:\\\/\\\/www.cercledecultura.org\\\/wp-content\\\/uploads\\\/2021\\\/02\\\/AMgEmOu0mPj75AmgxnJw.jpg\",\"keywords\":[\"escola\",\"Literatura\",\"Xavier Bru de Sala\"],\"articleSection\":[\"Opini\u00f3\"],\"inLanguage\":\"ca\",\"potentialAction\":[{\"@type\":\"CommentAction\",\"name\":\"Comment\",\"target\":[\"https:\\\/\\\/www.cercledecultura.org\\\/ca\\\/manifest_crucial_brudesala\\\/#respond\"]}]},{\"@type\":\"WebPage\",\"@id\":\"https:\\\/\\\/www.cercledecultura.org\\\/ca\\\/manifest_crucial_brudesala\\\/\",\"url\":\"https:\\\/\\\/www.cercledecultura.org\\\/ca\\\/manifest_crucial_brudesala\\\/\",\"name\":\"Manifest crucial - Cercle de Cultura\",\"isPartOf\":{\"@id\":\"https:\\\/\\\/www.cercledecultura.org\\\/ca\\\/#website\"},\"primaryImageOfPage\":{\"@id\":\"https:\\\/\\\/www.cercledecultura.org\\\/ca\\\/manifest_crucial_brudesala\\\/#primaryimage\"},\"image\":{\"@id\":\"https:\\\/\\\/www.cercledecultura.org\\\/ca\\\/manifest_crucial_brudesala\\\/#primaryimage\"},\"thumbnailUrl\":\"https:\\\/\\\/www.cercledecultura.org\\\/wp-content\\\/uploads\\\/2021\\\/02\\\/AMgEmOu0mPj75AmgxnJw.jpg\",\"datePublished\":\"2016-06-08T06:17:00+00:00\",\"dateModified\":\"2021-02-23T09:37:43+00:00\",\"breadcrumb\":{\"@id\":\"https:\\\/\\\/www.cercledecultura.org\\\/ca\\\/manifest_crucial_brudesala\\\/#breadcrumb\"},\"inLanguage\":\"ca\",\"potentialAction\":[{\"@type\":\"ReadAction\",\"target\":[\"https:\\\/\\\/www.cercledecultura.org\\\/ca\\\/manifest_crucial_brudesala\\\/\"]}]},{\"@type\":\"ImageObject\",\"inLanguage\":\"ca\",\"@id\":\"https:\\\/\\\/www.cercledecultura.org\\\/ca\\\/manifest_crucial_brudesala\\\/#primaryimage\",\"url\":\"https:\\\/\\\/www.cercledecultura.org\\\/wp-content\\\/uploads\\\/2021\\\/02\\\/AMgEmOu0mPj75AmgxnJw.jpg\",\"contentUrl\":\"https:\\\/\\\/www.cercledecultura.org\\\/wp-content\\\/uploads\\\/2021\\\/02\\\/AMgEmOu0mPj75AmgxnJw.jpg\",\"width\":732,\"height\":488},{\"@type\":\"BreadcrumbList\",\"@id\":\"https:\\\/\\\/www.cercledecultura.org\\\/ca\\\/manifest_crucial_brudesala\\\/#breadcrumb\",\"itemListElement\":[{\"@type\":\"ListItem\",\"position\":1,\"name\":\"Portada\",\"item\":\"https:\\\/\\\/www.cercledecultura.org\\\/ca\\\/\"},{\"@type\":\"ListItem\",\"position\":2,\"name\":\"Manifest crucial\"}]},{\"@type\":\"WebSite\",\"@id\":\"https:\\\/\\\/www.cercledecultura.org\\\/ca\\\/#website\",\"url\":\"https:\\\/\\\/www.cercledecultura.org\\\/ca\\\/\",\"name\":\"Cercle de Cultura\",\"description\":\"Entitat de car\u00e0cter privat i associatiu, independent, amb voluntat de participar en la vida p\u00fablica des de la pluralitat ideol\u00f2gica dels seus membres fundadors i futurs associats\",\"publisher\":{\"@id\":\"https:\\\/\\\/www.cercledecultura.org\\\/ca\\\/#organization\"},\"potentialAction\":[{\"@type\":\"SearchAction\",\"target\":{\"@type\":\"EntryPoint\",\"urlTemplate\":\"https:\\\/\\\/www.cercledecultura.org\\\/ca\\\/?s={search_term_string}\"},\"query-input\":{\"@type\":\"PropertyValueSpecification\",\"valueRequired\":true,\"valueName\":\"search_term_string\"}}],\"inLanguage\":\"ca\"},{\"@type\":\"Organization\",\"@id\":\"https:\\\/\\\/www.cercledecultura.org\\\/ca\\\/#organization\",\"name\":\"Cercle de Cultura\",\"url\":\"https:\\\/\\\/www.cercledecultura.org\\\/ca\\\/\",\"logo\":{\"@type\":\"ImageObject\",\"inLanguage\":\"ca\",\"@id\":\"https:\\\/\\\/www.cercledecultura.org\\\/ca\\\/#\\\/schema\\\/logo\\\/image\\\/\",\"url\":\"https:\\\/\\\/www.cercledecultura.org\\\/wp-content\\\/uploads\\\/2020\\\/01\\\/logo-cercle-de-cultura.png\",\"contentUrl\":\"https:\\\/\\\/www.cercledecultura.org\\\/wp-content\\\/uploads\\\/2020\\\/01\\\/logo-cercle-de-cultura.png\",\"width\":350,\"height\":195,\"caption\":\"Cercle de Cultura\"},\"image\":{\"@id\":\"https:\\\/\\\/www.cercledecultura.org\\\/ca\\\/#\\\/schema\\\/logo\\\/image\\\/\"}},{\"@type\":\"Person\",\"@id\":\"https:\\\/\\\/www.cercledecultura.org\\\/ca\\\/#\\\/schema\\\/person\\\/269db25cfadcb4bd2e41781c819942f9\",\"name\":\"admin\",\"image\":{\"@type\":\"ImageObject\",\"inLanguage\":\"ca\",\"@id\":\"https:\\\/\\\/secure.gravatar.com\\\/avatar\\\/e88a8bb50a361c6d45c4709770a3d765016be4b5d85313447b91d0d707434ad9?s=96&d=mm&r=g\",\"url\":\"https:\\\/\\\/secure.gravatar.com\\\/avatar\\\/e88a8bb50a361c6d45c4709770a3d765016be4b5d85313447b91d0d707434ad9?s=96&d=mm&r=g\",\"contentUrl\":\"https:\\\/\\\/secure.gravatar.com\\\/avatar\\\/e88a8bb50a361c6d45c4709770a3d765016be4b5d85313447b91d0d707434ad9?s=96&d=mm&r=g\",\"caption\":\"admin\"},\"url\":\"https:\\\/\\\/www.cercledecultura.org\\\/ca\\\/author\\\/seic_trzh7tdr\\\/\"}]}<\/script>\n<!-- \/ Yoast SEO plugin. -->","yoast_head_json":{"title":"Manifest crucial - Cercle de Cultura","robots":{"index":"index","follow":"follow","max-snippet":"max-snippet:-1","max-image-preview":"max-image-preview:large","max-video-preview":"max-video-preview:-1"},"canonical":"https:\/\/www.cercledecultura.org\/ca\/manifest_crucial_brudesala\/","og_locale":"ca_ES","og_type":"article","og_title":"Manifest crucial - Cercle de Cultura","og_description":"Article de Xavier Bru de Sala en el que expressa el seu suport al manifest de den\u00fancia de la desaparici\u00f3 de la literatura a les escoles \"SOS. Literatura a l'ensenyament\"","og_url":"https:\/\/www.cercledecultura.org\/ca\/manifest_crucial_brudesala\/","og_site_name":"Cercle de Cultura","article_published_time":"2016-06-08T06:17:00+00:00","article_modified_time":"2021-02-23T09:37:43+00:00","og_image":[{"width":732,"height":488,"url":"https:\/\/www.cercledecultura.org\/wp-content\/uploads\/2021\/02\/AMgEmOu0mPj75AmgxnJw.jpg","type":"image\/jpeg"}],"author":"admin","twitter_card":"summary_large_image","twitter_misc":{"Escrit per":"admin","Temps estimat de lectura":"2 minuts"},"schema":{"@context":"https:\/\/schema.org","@graph":[{"@type":"Article","@id":"https:\/\/www.cercledecultura.org\/ca\/manifest_crucial_brudesala\/#article","isPartOf":{"@id":"https:\/\/www.cercledecultura.org\/ca\/manifest_crucial_brudesala\/"},"author":{"name":"admin","@id":"https:\/\/www.cercledecultura.org\/ca\/#\/schema\/person\/269db25cfadcb4bd2e41781c819942f9"},"headline":"Manifest crucial","datePublished":"2016-06-08T06:17:00+00:00","dateModified":"2021-02-23T09:37:43+00:00","mainEntityOfPage":{"@id":"https:\/\/www.cercledecultura.org\/ca\/manifest_crucial_brudesala\/"},"wordCount":372,"commentCount":0,"publisher":{"@id":"https:\/\/www.cercledecultura.org\/ca\/#organization"},"image":{"@id":"https:\/\/www.cercledecultura.org\/ca\/manifest_crucial_brudesala\/#primaryimage"},"thumbnailUrl":"https:\/\/www.cercledecultura.org\/wp-content\/uploads\/2021\/02\/AMgEmOu0mPj75AmgxnJw.jpg","keywords":["escola","Literatura","Xavier Bru de Sala"],"articleSection":["Opini\u00f3"],"inLanguage":"ca","potentialAction":[{"@type":"CommentAction","name":"Comment","target":["https:\/\/www.cercledecultura.org\/ca\/manifest_crucial_brudesala\/#respond"]}]},{"@type":"WebPage","@id":"https:\/\/www.cercledecultura.org\/ca\/manifest_crucial_brudesala\/","url":"https:\/\/www.cercledecultura.org\/ca\/manifest_crucial_brudesala\/","name":"Manifest crucial - Cercle de Cultura","isPartOf":{"@id":"https:\/\/www.cercledecultura.org\/ca\/#website"},"primaryImageOfPage":{"@id":"https:\/\/www.cercledecultura.org\/ca\/manifest_crucial_brudesala\/#primaryimage"},"image":{"@id":"https:\/\/www.cercledecultura.org\/ca\/manifest_crucial_brudesala\/#primaryimage"},"thumbnailUrl":"https:\/\/www.cercledecultura.org\/wp-content\/uploads\/2021\/02\/AMgEmOu0mPj75AmgxnJw.jpg","datePublished":"2016-06-08T06:17:00+00:00","dateModified":"2021-02-23T09:37:43+00:00","breadcrumb":{"@id":"https:\/\/www.cercledecultura.org\/ca\/manifest_crucial_brudesala\/#breadcrumb"},"inLanguage":"ca","potentialAction":[{"@type":"ReadAction","target":["https:\/\/www.cercledecultura.org\/ca\/manifest_crucial_brudesala\/"]}]},{"@type":"ImageObject","inLanguage":"ca","@id":"https:\/\/www.cercledecultura.org\/ca\/manifest_crucial_brudesala\/#primaryimage","url":"https:\/\/www.cercledecultura.org\/wp-content\/uploads\/2021\/02\/AMgEmOu0mPj75AmgxnJw.jpg","contentUrl":"https:\/\/www.cercledecultura.org\/wp-content\/uploads\/2021\/02\/AMgEmOu0mPj75AmgxnJw.jpg","width":732,"height":488},{"@type":"BreadcrumbList","@id":"https:\/\/www.cercledecultura.org\/ca\/manifest_crucial_brudesala\/#breadcrumb","itemListElement":[{"@type":"ListItem","position":1,"name":"Portada","item":"https:\/\/www.cercledecultura.org\/ca\/"},{"@type":"ListItem","position":2,"name":"Manifest crucial"}]},{"@type":"WebSite","@id":"https:\/\/www.cercledecultura.org\/ca\/#website","url":"https:\/\/www.cercledecultura.org\/ca\/","name":"Cercle de Cultura","description":"Entitat de car\u00e0cter privat i associatiu, independent, amb voluntat de participar en la vida p\u00fablica des de la pluralitat ideol\u00f2gica dels seus membres fundadors i futurs associats","publisher":{"@id":"https:\/\/www.cercledecultura.org\/ca\/#organization"},"potentialAction":[{"@type":"SearchAction","target":{"@type":"EntryPoint","urlTemplate":"https:\/\/www.cercledecultura.org\/ca\/?s={search_term_string}"},"query-input":{"@type":"PropertyValueSpecification","valueRequired":true,"valueName":"search_term_string"}}],"inLanguage":"ca"},{"@type":"Organization","@id":"https:\/\/www.cercledecultura.org\/ca\/#organization","name":"Cercle de Cultura","url":"https:\/\/www.cercledecultura.org\/ca\/","logo":{"@type":"ImageObject","inLanguage":"ca","@id":"https:\/\/www.cercledecultura.org\/ca\/#\/schema\/logo\/image\/","url":"https:\/\/www.cercledecultura.org\/wp-content\/uploads\/2020\/01\/logo-cercle-de-cultura.png","contentUrl":"https:\/\/www.cercledecultura.org\/wp-content\/uploads\/2020\/01\/logo-cercle-de-cultura.png","width":350,"height":195,"caption":"Cercle de Cultura"},"image":{"@id":"https:\/\/www.cercledecultura.org\/ca\/#\/schema\/logo\/image\/"}},{"@type":"Person","@id":"https:\/\/www.cercledecultura.org\/ca\/#\/schema\/person\/269db25cfadcb4bd2e41781c819942f9","name":"admin","image":{"@type":"ImageObject","inLanguage":"ca","@id":"https:\/\/secure.gravatar.com\/avatar\/e88a8bb50a361c6d45c4709770a3d765016be4b5d85313447b91d0d707434ad9?s=96&d=mm&r=g","url":"https:\/\/secure.gravatar.com\/avatar\/e88a8bb50a361c6d45c4709770a3d765016be4b5d85313447b91d0d707434ad9?s=96&d=mm&r=g","contentUrl":"https:\/\/secure.gravatar.com\/avatar\/e88a8bb50a361c6d45c4709770a3d765016be4b5d85313447b91d0d707434ad9?s=96&d=mm&r=g","caption":"admin"},"url":"https:\/\/www.cercledecultura.org\/ca\/author\/seic_trzh7tdr\/"}]}},"_links":{"self":[{"href":"https:\/\/www.cercledecultura.org\/ca\/wp-json\/wp\/v2\/posts\/698","targetHints":{"allow":["GET"]}}],"collection":[{"href":"https:\/\/www.cercledecultura.org\/ca\/wp-json\/wp\/v2\/posts"}],"about":[{"href":"https:\/\/www.cercledecultura.org\/ca\/wp-json\/wp\/v2\/types\/post"}],"author":[{"embeddable":true,"href":"https:\/\/www.cercledecultura.org\/ca\/wp-json\/wp\/v2\/users\/1"}],"replies":[{"embeddable":true,"href":"https:\/\/www.cercledecultura.org\/ca\/wp-json\/wp\/v2\/comments?post=698"}],"version-history":[{"count":1,"href":"https:\/\/www.cercledecultura.org\/ca\/wp-json\/wp\/v2\/posts\/698\/revisions"}],"predecessor-version":[{"id":1107,"href":"https:\/\/www.cercledecultura.org\/ca\/wp-json\/wp\/v2\/posts\/698\/revisions\/1107"}],"wp:featuredmedia":[{"embeddable":true,"href":"https:\/\/www.cercledecultura.org\/ca\/wp-json\/wp\/v2\/media\/699"}],"wp:attachment":[{"href":"https:\/\/www.cercledecultura.org\/ca\/wp-json\/wp\/v2\/media?parent=698"}],"wp:term":[{"taxonomy":"category","embeddable":true,"href":"https:\/\/www.cercledecultura.org\/ca\/wp-json\/wp\/v2\/categories?post=698"},{"taxonomy":"post_tag","embeddable":true,"href":"https:\/\/www.cercledecultura.org\/ca\/wp-json\/wp\/v2\/tags?post=698"}],"curies":[{"name":"wp","href":"https:\/\/api.w.org\/{rel}","templated":true}]}}