{"id":692,"date":"2016-05-12T08:28:00","date_gmt":"2016-05-12T08:28:00","guid":{"rendered":"https:\/\/pre.cercledecultura.org\/cultura_empresa_fundacio\/"},"modified":"2021-02-23T09:59:30","modified_gmt":"2021-02-23T09:59:30","slug":"cultura_empresa_fundacio","status":"publish","type":"post","link":"https:\/\/www.cercledecultura.org\/ca\/cultura_empresa_fundacio\/","title":{"rendered":"Jornada sobre les oportunitats de col\u00b7laboraci\u00f3 entre l&#8217;empresa i la cultura"},"content":{"rendered":"<p>Organitzat per la Fundaci\u00f3 Catalunya Cultura i amb la col\u00b7laboraci\u00f3 del Cercle de Cultura, el proper 24 de maig se celebrar\u00e0 a l&#8217;auditori de la Pedrera una jornada de debat, que portar\u00e0 com a t\u00edtol &#8220;Col\u00b7laboraci\u00f3 entre la cultura i l&#8217;empresa. Un espai a conquerir&#8221;.  A la convocat\u00f2ria d&#8217;aquesta jornada s&#8217;afirma que &#8220;\u00e9s el moment de sumar, col\u00b7laborar, de trobar objectius compartits i d\u2019identificar els valors de la cultura a l\u2019empresa i a la societat&#8221;, tant socials, educatius i de cohesi\u00f3 territorial, juntament amb &#8220;el valor que aix\u00f2 pot tenir per l\u2019empresa convertint-la en un vehicle per crear comunitat i cohesi\u00f3 dins de les organitzacions, com a estrat\u00e8gia de posicionament i aposta empresarial&#8221;.  La jornada de debat, que s&#8217;iniciar\u00e0 a les 9 del mat\u00ed i finalitzar\u00e0 a les dues del migdia, tindr\u00e0 5 taules rodones, dedicades al comprom\u00eds social i educatiu de la cultura; com la cultura pot ajudar a un major comprom\u00eds dels treballadors amb l&#8217;empresa; l&#8217;estrat\u00e8gia de negoci i el seu comprom\u00eds amb la cultura; cultura i territori; i la gran q\u00fcesti\u00f3 del mecenatge com a aposta de l&#8217;empresa amb la cultura. Aquestes taules comptaran amb una vintena d&#8217;especialistes de molt diversos \u00e0mbits de les empreses culturals, institucions, festivals i entitats financeres.  La inscripci\u00f3 \u00e9s gratu\u00efta i es pot formalitzar en aquest enlla\u00e7 del web de la Fundaci\u00f3 Catalunya Cultura<\/p>\n","protected":false},"excerpt":{"rendered":"<p>El proper 24 de maig se celebrar\u00e0 a l&#8217;auditori de la Pedrera una jornada de debat que, amb el t\u00edtol de &#8220;col\u00b7laboraci\u00f3 entre la cultura i l&#8217;empresa&#8221;, vol explorar noves oportunitats per a construir sinergies entre els dos sectors, en aspectes com el social, l&#8217;educatiu, el territorial o la mateixa cohesi\u00f3 interna de les empreses. Una jornada on el mecenatge tornar\u00e0 a ser un dels grans temes a tractar.<\/p>\n","protected":false},"author":1,"featured_media":693,"comment_status":"open","ping_status":"closed","sticky":false,"template":"","format":"standard","meta":{"footnotes":""},"categories":[26],"tags":[9,5,247,157,19],"class_list":["post-692","post","type-post","status-publish","format-standard","has-post-thumbnail","hentry","category-noticies","tag-barcelona","tag-cultura","tag-empresa","tag-fundacio-catalunya-cultura","tag-mecenatge"],"yoast_head":"<!-- This site is optimized with the Yoast SEO plugin v27.5 - https:\/\/yoast.com\/product\/yoast-seo-wordpress\/ -->\n<title>Jornada sobre les oportunitats de col\u00b7laboraci\u00f3 entre l&#039;empresa i la cultura - Cercle de Cultura<\/title>\n<meta name=\"robots\" content=\"index, follow, max-snippet:-1, max-image-preview:large, max-video-preview:-1\" \/>\n<link rel=\"canonical\" href=\"https:\/\/www.cercledecultura.org\/ca\/cultura_empresa_fundacio\/\" \/>\n<meta property=\"og:locale\" content=\"ca_ES\" \/>\n<meta property=\"og:type\" content=\"article\" \/>\n<meta property=\"og:title\" content=\"Jornada sobre les oportunitats de col\u00b7laboraci\u00f3 entre l&#039;empresa i la cultura - Cercle de Cultura\" \/>\n<meta property=\"og:description\" content=\"El proper 24 de maig se celebrar\u00e0 a l&#039;auditori de la Pedrera una jornada de debat que, amb el t\u00edtol de &quot;col\u00b7laboraci\u00f3 entre la cultura i l&#039;empresa&quot;, vol explorar noves oportunitats per a construir sinergies entre els dos sectors, en aspectes com el social, l&#039;educatiu, el territorial o la mateixa cohesi\u00f3 interna de les empreses. Una jornada on el mecenatge tornar\u00e0 a ser un dels grans temes a tractar.\" \/>\n<meta property=\"og:url\" content=\"https:\/\/www.cercledecultura.org\/ca\/cultura_empresa_fundacio\/\" \/>\n<meta property=\"og:site_name\" content=\"Cercle de Cultura\" \/>\n<meta property=\"article:published_time\" content=\"2016-05-12T08:28:00+00:00\" \/>\n<meta property=\"article:modified_time\" content=\"2021-02-23T09:59:30+00:00\" \/>\n<meta property=\"og:image\" content=\"https:\/\/www.cercledecultura.org\/wp-content\/uploads\/2021\/02\/2kRGiv1uYUG6nAJ9ATtG5Q.jpg\" \/>\n\t<meta property=\"og:image:width\" content=\"573\" \/>\n\t<meta property=\"og:image:height\" content=\"382\" \/>\n\t<meta property=\"og:image:type\" content=\"image\/jpeg\" \/>\n<meta name=\"author\" content=\"admin\" \/>\n<meta name=\"twitter:card\" content=\"summary_large_image\" \/>\n<meta name=\"twitter:label1\" content=\"Escrit per\" \/>\n\t<meta name=\"twitter:data1\" content=\"admin\" \/>\n\t<meta name=\"twitter:label2\" content=\"Temps estimat de lectura\" \/>\n\t<meta name=\"twitter:data2\" content=\"1 minut\" \/>\n<script type=\"application\/ld+json\" class=\"yoast-schema-graph\">{\"@context\":\"https:\\\/\\\/schema.org\",\"@graph\":[{\"@type\":\"Article\",\"@id\":\"https:\\\/\\\/www.cercledecultura.org\\\/ca\\\/cultura_empresa_fundacio\\\/#article\",\"isPartOf\":{\"@id\":\"https:\\\/\\\/www.cercledecultura.org\\\/ca\\\/cultura_empresa_fundacio\\\/\"},\"author\":{\"name\":\"admin\",\"@id\":\"https:\\\/\\\/www.cercledecultura.org\\\/ca\\\/#\\\/schema\\\/person\\\/269db25cfadcb4bd2e41781c819942f9\"},\"headline\":\"Jornada sobre les oportunitats de col\u00b7laboraci\u00f3 entre l&#8217;empresa i la cultura\",\"datePublished\":\"2016-05-12T08:28:00+00:00\",\"dateModified\":\"2021-02-23T09:59:30+00:00\",\"mainEntityOfPage\":{\"@id\":\"https:\\\/\\\/www.cercledecultura.org\\\/ca\\\/cultura_empresa_fundacio\\\/\"},\"wordCount\":256,\"commentCount\":0,\"publisher\":{\"@id\":\"https:\\\/\\\/www.cercledecultura.org\\\/ca\\\/#organization\"},\"image\":{\"@id\":\"https:\\\/\\\/www.cercledecultura.org\\\/ca\\\/cultura_empresa_fundacio\\\/#primaryimage\"},\"thumbnailUrl\":\"https:\\\/\\\/www.cercledecultura.org\\\/wp-content\\\/uploads\\\/2021\\\/02\\\/2kRGiv1uYUG6nAJ9ATtG5Q.jpg\",\"keywords\":[\"Barcelona\",\"Cultura\",\"empresa\",\"Fundaci\u00f3 Catalunya Cultura\",\"Mecenatge\"],\"articleSection\":[\"Not\u00edcies\"],\"inLanguage\":\"ca\",\"potentialAction\":[{\"@type\":\"CommentAction\",\"name\":\"Comment\",\"target\":[\"https:\\\/\\\/www.cercledecultura.org\\\/ca\\\/cultura_empresa_fundacio\\\/#respond\"]}]},{\"@type\":\"WebPage\",\"@id\":\"https:\\\/\\\/www.cercledecultura.org\\\/ca\\\/cultura_empresa_fundacio\\\/\",\"url\":\"https:\\\/\\\/www.cercledecultura.org\\\/ca\\\/cultura_empresa_fundacio\\\/\",\"name\":\"Jornada sobre les oportunitats de col\u00b7laboraci\u00f3 entre l'empresa i la cultura - Cercle de Cultura\",\"isPartOf\":{\"@id\":\"https:\\\/\\\/www.cercledecultura.org\\\/ca\\\/#website\"},\"primaryImageOfPage\":{\"@id\":\"https:\\\/\\\/www.cercledecultura.org\\\/ca\\\/cultura_empresa_fundacio\\\/#primaryimage\"},\"image\":{\"@id\":\"https:\\\/\\\/www.cercledecultura.org\\\/ca\\\/cultura_empresa_fundacio\\\/#primaryimage\"},\"thumbnailUrl\":\"https:\\\/\\\/www.cercledecultura.org\\\/wp-content\\\/uploads\\\/2021\\\/02\\\/2kRGiv1uYUG6nAJ9ATtG5Q.jpg\",\"datePublished\":\"2016-05-12T08:28:00+00:00\",\"dateModified\":\"2021-02-23T09:59:30+00:00\",\"breadcrumb\":{\"@id\":\"https:\\\/\\\/www.cercledecultura.org\\\/ca\\\/cultura_empresa_fundacio\\\/#breadcrumb\"},\"inLanguage\":\"ca\",\"potentialAction\":[{\"@type\":\"ReadAction\",\"target\":[\"https:\\\/\\\/www.cercledecultura.org\\\/ca\\\/cultura_empresa_fundacio\\\/\"]}]},{\"@type\":\"ImageObject\",\"inLanguage\":\"ca\",\"@id\":\"https:\\\/\\\/www.cercledecultura.org\\\/ca\\\/cultura_empresa_fundacio\\\/#primaryimage\",\"url\":\"https:\\\/\\\/www.cercledecultura.org\\\/wp-content\\\/uploads\\\/2021\\\/02\\\/2kRGiv1uYUG6nAJ9ATtG5Q.jpg\",\"contentUrl\":\"https:\\\/\\\/www.cercledecultura.org\\\/wp-content\\\/uploads\\\/2021\\\/02\\\/2kRGiv1uYUG6nAJ9ATtG5Q.jpg\",\"width\":573,\"height\":382},{\"@type\":\"BreadcrumbList\",\"@id\":\"https:\\\/\\\/www.cercledecultura.org\\\/ca\\\/cultura_empresa_fundacio\\\/#breadcrumb\",\"itemListElement\":[{\"@type\":\"ListItem\",\"position\":1,\"name\":\"Portada\",\"item\":\"https:\\\/\\\/www.cercledecultura.org\\\/ca\\\/\"},{\"@type\":\"ListItem\",\"position\":2,\"name\":\"Jornada sobre les oportunitats de col\u00b7laboraci\u00f3 entre l&#8217;empresa i la cultura\"}]},{\"@type\":\"WebSite\",\"@id\":\"https:\\\/\\\/www.cercledecultura.org\\\/ca\\\/#website\",\"url\":\"https:\\\/\\\/www.cercledecultura.org\\\/ca\\\/\",\"name\":\"Cercle de Cultura\",\"description\":\"Entitat de car\u00e0cter privat i associatiu, independent, amb voluntat de participar en la vida p\u00fablica des de la pluralitat ideol\u00f2gica dels seus membres fundadors i futurs associats\",\"publisher\":{\"@id\":\"https:\\\/\\\/www.cercledecultura.org\\\/ca\\\/#organization\"},\"potentialAction\":[{\"@type\":\"SearchAction\",\"target\":{\"@type\":\"EntryPoint\",\"urlTemplate\":\"https:\\\/\\\/www.cercledecultura.org\\\/ca\\\/?s={search_term_string}\"},\"query-input\":{\"@type\":\"PropertyValueSpecification\",\"valueRequired\":true,\"valueName\":\"search_term_string\"}}],\"inLanguage\":\"ca\"},{\"@type\":\"Organization\",\"@id\":\"https:\\\/\\\/www.cercledecultura.org\\\/ca\\\/#organization\",\"name\":\"Cercle de Cultura\",\"url\":\"https:\\\/\\\/www.cercledecultura.org\\\/ca\\\/\",\"logo\":{\"@type\":\"ImageObject\",\"inLanguage\":\"ca\",\"@id\":\"https:\\\/\\\/www.cercledecultura.org\\\/ca\\\/#\\\/schema\\\/logo\\\/image\\\/\",\"url\":\"https:\\\/\\\/www.cercledecultura.org\\\/wp-content\\\/uploads\\\/2020\\\/01\\\/logo-cercle-de-cultura.png\",\"contentUrl\":\"https:\\\/\\\/www.cercledecultura.org\\\/wp-content\\\/uploads\\\/2020\\\/01\\\/logo-cercle-de-cultura.png\",\"width\":350,\"height\":195,\"caption\":\"Cercle de Cultura\"},\"image\":{\"@id\":\"https:\\\/\\\/www.cercledecultura.org\\\/ca\\\/#\\\/schema\\\/logo\\\/image\\\/\"}},{\"@type\":\"Person\",\"@id\":\"https:\\\/\\\/www.cercledecultura.org\\\/ca\\\/#\\\/schema\\\/person\\\/269db25cfadcb4bd2e41781c819942f9\",\"name\":\"admin\",\"image\":{\"@type\":\"ImageObject\",\"inLanguage\":\"ca\",\"@id\":\"https:\\\/\\\/secure.gravatar.com\\\/avatar\\\/e88a8bb50a361c6d45c4709770a3d765016be4b5d85313447b91d0d707434ad9?s=96&d=mm&r=g\",\"url\":\"https:\\\/\\\/secure.gravatar.com\\\/avatar\\\/e88a8bb50a361c6d45c4709770a3d765016be4b5d85313447b91d0d707434ad9?s=96&d=mm&r=g\",\"contentUrl\":\"https:\\\/\\\/secure.gravatar.com\\\/avatar\\\/e88a8bb50a361c6d45c4709770a3d765016be4b5d85313447b91d0d707434ad9?s=96&d=mm&r=g\",\"caption\":\"admin\"},\"url\":\"https:\\\/\\\/www.cercledecultura.org\\\/ca\\\/author\\\/seic_trzh7tdr\\\/\"}]}<\/script>\n<!-- \/ Yoast SEO plugin. -->","yoast_head_json":{"title":"Jornada sobre les oportunitats de col\u00b7laboraci\u00f3 entre l'empresa i la cultura - Cercle de Cultura","robots":{"index":"index","follow":"follow","max-snippet":"max-snippet:-1","max-image-preview":"max-image-preview:large","max-video-preview":"max-video-preview:-1"},"canonical":"https:\/\/www.cercledecultura.org\/ca\/cultura_empresa_fundacio\/","og_locale":"ca_ES","og_type":"article","og_title":"Jornada sobre les oportunitats de col\u00b7laboraci\u00f3 entre l'empresa i la cultura - Cercle de Cultura","og_description":"El proper 24 de maig se celebrar\u00e0 a l'auditori de la Pedrera una jornada de debat que, amb el t\u00edtol de \"col\u00b7laboraci\u00f3 entre la cultura i l'empresa\", vol explorar noves oportunitats per a construir sinergies entre els dos sectors, en aspectes com el social, l'educatiu, el territorial o la mateixa cohesi\u00f3 interna de les empreses. Una jornada on el mecenatge tornar\u00e0 a ser un dels grans temes a tractar.","og_url":"https:\/\/www.cercledecultura.org\/ca\/cultura_empresa_fundacio\/","og_site_name":"Cercle de Cultura","article_published_time":"2016-05-12T08:28:00+00:00","article_modified_time":"2021-02-23T09:59:30+00:00","og_image":[{"width":573,"height":382,"url":"https:\/\/www.cercledecultura.org\/wp-content\/uploads\/2021\/02\/2kRGiv1uYUG6nAJ9ATtG5Q.jpg","type":"image\/jpeg"}],"author":"admin","twitter_card":"summary_large_image","twitter_misc":{"Escrit per":"admin","Temps estimat de lectura":"1 minut"},"schema":{"@context":"https:\/\/schema.org","@graph":[{"@type":"Article","@id":"https:\/\/www.cercledecultura.org\/ca\/cultura_empresa_fundacio\/#article","isPartOf":{"@id":"https:\/\/www.cercledecultura.org\/ca\/cultura_empresa_fundacio\/"},"author":{"name":"admin","@id":"https:\/\/www.cercledecultura.org\/ca\/#\/schema\/person\/269db25cfadcb4bd2e41781c819942f9"},"headline":"Jornada sobre les oportunitats de col\u00b7laboraci\u00f3 entre l&#8217;empresa i la cultura","datePublished":"2016-05-12T08:28:00+00:00","dateModified":"2021-02-23T09:59:30+00:00","mainEntityOfPage":{"@id":"https:\/\/www.cercledecultura.org\/ca\/cultura_empresa_fundacio\/"},"wordCount":256,"commentCount":0,"publisher":{"@id":"https:\/\/www.cercledecultura.org\/ca\/#organization"},"image":{"@id":"https:\/\/www.cercledecultura.org\/ca\/cultura_empresa_fundacio\/#primaryimage"},"thumbnailUrl":"https:\/\/www.cercledecultura.org\/wp-content\/uploads\/2021\/02\/2kRGiv1uYUG6nAJ9ATtG5Q.jpg","keywords":["Barcelona","Cultura","empresa","Fundaci\u00f3 Catalunya Cultura","Mecenatge"],"articleSection":["Not\u00edcies"],"inLanguage":"ca","potentialAction":[{"@type":"CommentAction","name":"Comment","target":["https:\/\/www.cercledecultura.org\/ca\/cultura_empresa_fundacio\/#respond"]}]},{"@type":"WebPage","@id":"https:\/\/www.cercledecultura.org\/ca\/cultura_empresa_fundacio\/","url":"https:\/\/www.cercledecultura.org\/ca\/cultura_empresa_fundacio\/","name":"Jornada sobre les oportunitats de col\u00b7laboraci\u00f3 entre l'empresa i la cultura - Cercle de Cultura","isPartOf":{"@id":"https:\/\/www.cercledecultura.org\/ca\/#website"},"primaryImageOfPage":{"@id":"https:\/\/www.cercledecultura.org\/ca\/cultura_empresa_fundacio\/#primaryimage"},"image":{"@id":"https:\/\/www.cercledecultura.org\/ca\/cultura_empresa_fundacio\/#primaryimage"},"thumbnailUrl":"https:\/\/www.cercledecultura.org\/wp-content\/uploads\/2021\/02\/2kRGiv1uYUG6nAJ9ATtG5Q.jpg","datePublished":"2016-05-12T08:28:00+00:00","dateModified":"2021-02-23T09:59:30+00:00","breadcrumb":{"@id":"https:\/\/www.cercledecultura.org\/ca\/cultura_empresa_fundacio\/#breadcrumb"},"inLanguage":"ca","potentialAction":[{"@type":"ReadAction","target":["https:\/\/www.cercledecultura.org\/ca\/cultura_empresa_fundacio\/"]}]},{"@type":"ImageObject","inLanguage":"ca","@id":"https:\/\/www.cercledecultura.org\/ca\/cultura_empresa_fundacio\/#primaryimage","url":"https:\/\/www.cercledecultura.org\/wp-content\/uploads\/2021\/02\/2kRGiv1uYUG6nAJ9ATtG5Q.jpg","contentUrl":"https:\/\/www.cercledecultura.org\/wp-content\/uploads\/2021\/02\/2kRGiv1uYUG6nAJ9ATtG5Q.jpg","width":573,"height":382},{"@type":"BreadcrumbList","@id":"https:\/\/www.cercledecultura.org\/ca\/cultura_empresa_fundacio\/#breadcrumb","itemListElement":[{"@type":"ListItem","position":1,"name":"Portada","item":"https:\/\/www.cercledecultura.org\/ca\/"},{"@type":"ListItem","position":2,"name":"Jornada sobre les oportunitats de col\u00b7laboraci\u00f3 entre l&#8217;empresa i la cultura"}]},{"@type":"WebSite","@id":"https:\/\/www.cercledecultura.org\/ca\/#website","url":"https:\/\/www.cercledecultura.org\/ca\/","name":"Cercle de Cultura","description":"Entitat de car\u00e0cter privat i associatiu, independent, amb voluntat de participar en la vida p\u00fablica des de la pluralitat ideol\u00f2gica dels seus membres fundadors i futurs associats","publisher":{"@id":"https:\/\/www.cercledecultura.org\/ca\/#organization"},"potentialAction":[{"@type":"SearchAction","target":{"@type":"EntryPoint","urlTemplate":"https:\/\/www.cercledecultura.org\/ca\/?s={search_term_string}"},"query-input":{"@type":"PropertyValueSpecification","valueRequired":true,"valueName":"search_term_string"}}],"inLanguage":"ca"},{"@type":"Organization","@id":"https:\/\/www.cercledecultura.org\/ca\/#organization","name":"Cercle de Cultura","url":"https:\/\/www.cercledecultura.org\/ca\/","logo":{"@type":"ImageObject","inLanguage":"ca","@id":"https:\/\/www.cercledecultura.org\/ca\/#\/schema\/logo\/image\/","url":"https:\/\/www.cercledecultura.org\/wp-content\/uploads\/2020\/01\/logo-cercle-de-cultura.png","contentUrl":"https:\/\/www.cercledecultura.org\/wp-content\/uploads\/2020\/01\/logo-cercle-de-cultura.png","width":350,"height":195,"caption":"Cercle de Cultura"},"image":{"@id":"https:\/\/www.cercledecultura.org\/ca\/#\/schema\/logo\/image\/"}},{"@type":"Person","@id":"https:\/\/www.cercledecultura.org\/ca\/#\/schema\/person\/269db25cfadcb4bd2e41781c819942f9","name":"admin","image":{"@type":"ImageObject","inLanguage":"ca","@id":"https:\/\/secure.gravatar.com\/avatar\/e88a8bb50a361c6d45c4709770a3d765016be4b5d85313447b91d0d707434ad9?s=96&d=mm&r=g","url":"https:\/\/secure.gravatar.com\/avatar\/e88a8bb50a361c6d45c4709770a3d765016be4b5d85313447b91d0d707434ad9?s=96&d=mm&r=g","contentUrl":"https:\/\/secure.gravatar.com\/avatar\/e88a8bb50a361c6d45c4709770a3d765016be4b5d85313447b91d0d707434ad9?s=96&d=mm&r=g","caption":"admin"},"url":"https:\/\/www.cercledecultura.org\/ca\/author\/seic_trzh7tdr\/"}]}},"_links":{"self":[{"href":"https:\/\/www.cercledecultura.org\/ca\/wp-json\/wp\/v2\/posts\/692","targetHints":{"allow":["GET"]}}],"collection":[{"href":"https:\/\/www.cercledecultura.org\/ca\/wp-json\/wp\/v2\/posts"}],"about":[{"href":"https:\/\/www.cercledecultura.org\/ca\/wp-json\/wp\/v2\/types\/post"}],"author":[{"embeddable":true,"href":"https:\/\/www.cercledecultura.org\/ca\/wp-json\/wp\/v2\/users\/1"}],"replies":[{"embeddable":true,"href":"https:\/\/www.cercledecultura.org\/ca\/wp-json\/wp\/v2\/comments?post=692"}],"version-history":[{"count":1,"href":"https:\/\/www.cercledecultura.org\/ca\/wp-json\/wp\/v2\/posts\/692\/revisions"}],"predecessor-version":[{"id":1104,"href":"https:\/\/www.cercledecultura.org\/ca\/wp-json\/wp\/v2\/posts\/692\/revisions\/1104"}],"wp:featuredmedia":[{"embeddable":true,"href":"https:\/\/www.cercledecultura.org\/ca\/wp-json\/wp\/v2\/media\/693"}],"wp:attachment":[{"href":"https:\/\/www.cercledecultura.org\/ca\/wp-json\/wp\/v2\/media?parent=692"}],"wp:term":[{"taxonomy":"category","embeddable":true,"href":"https:\/\/www.cercledecultura.org\/ca\/wp-json\/wp\/v2\/categories?post=692"},{"taxonomy":"post_tag","embeddable":true,"href":"https:\/\/www.cercledecultura.org\/ca\/wp-json\/wp\/v2\/tags?post=692"}],"curies":[{"name":"wp","href":"https:\/\/api.w.org\/{rel}","templated":true}]}}